{"id":174854,"date":"2022-09-05T13:05:19","date_gmt":"2022-09-05T16:05:19","guid":{"rendered":"https:\/\/experienciadevida.com.ar\/portalurbano\/?p=174854"},"modified":"2022-09-05T13:05:19","modified_gmt":"2022-09-05T16:05:19","slug":"continua-abierta-la-inscripcion-para-participar-del-2o-fondo-reactivo-cultural","status":"publish","type":"post","link":"https:\/\/experienciadevida.com.ar\/portalurbano\/continua-abierta-la-inscripcion-para-participar-del-2o-fondo-reactivo-cultural\/","title":{"rendered":"Contin\u00faa abierta la inscripci\u00f3n para participar del 2\u00ba\u00a0Fondo\u00a0Reactivo\u00a0Cultural"},"content":{"rendered":"<p>Hasta el 12 de septiembre inclusive se encuentra abierta la inscripci\u00f3n para participar de la segunda edici\u00f3n del\u00a0Fondo\u00a0Reactivo\u00a0Cultural, convocatoria que apunta a acompa\u00f1ar proyectos art\u00edsticos mediante un Apoyo Econ\u00f3mico Extraordinario.<\/p>\n<p>Esta l\u00ednea se crea con el prop\u00f3sito de apoyar la realizaci\u00f3n de proyectos art\u00edsticos vigentes o nuevos, a desarrollarse en el \u00e1mbito de Olavarr\u00eda, con el fin de promover las iniciativas art\u00edsticas y potenciar proyectos de diferentes disciplinas en su instancia de creaci\u00f3n y producci\u00f3n.<\/p>\n<p>En total se seleccionar\u00e1n ocho proyectos art\u00edsticos, cada uno de los cuales recibir\u00e1 un monto total de 50 mil pesos \u2013 400.000 pesos monto total -; sujetos a su valoraci\u00f3n, sustentabilidad y validez.<\/p>\n<p>La propuesta se enmarca en Programa EMERGER de la Universidad Nacional del Centro de la Provincia de Buenos Aires (UNICEN), mediante el cual se firm\u00f3 un convenio de cooperaci\u00f3n entre el Municipio y la casa de estudios, bajo la premisa de fortalecer instancias de di\u00e1logo y generar estrategias de acci\u00f3n conjunta en favor de la comunidad.<\/p>\n<p>Entre los requisitos para postularse al\u00a0Fondo\u00a0Reactivo, se destaca que los proyectos deber\u00e1n ser desarrollados en nuestra ciudad y podr\u00e1n encuadrarse en artes esc\u00e9nicas, artes audiovisuales y multimediales, artes sonoras, literatura, artes visuales o interdisciplinarios, etc.<\/p>\n<p>Los interesados pueden consultar formularios, bases y condiciones en Facebook del Centro Cultural Universitario @CCUOlavarr\u00eda o o al correo electr\u00f3nico:\u00a0<a href=\"mailto:reactivocultural2022@gmail.com\">reactivocultural2022@gmail.com<\/a><\/p>\n<p>Inscripci\u00f3n:\u00a0<a href=\"https:\/\/docs.google.com\/forms\/d\/e\/1FAIpQLSdO84Syy2Mr_bxDij4vwMSBCYEEGLWsLNZ0G0eRZFOPWr56mQ\/viewform\"><strong>clic aqu\u00ed.\u00a0<\/strong><\/a><\/p>\n","protected":false},"excerpt":{"rendered":"<p>Hasta el 12 de septiembre inclusive se encuentra abierta la inscripci\u00f3n para participar de la&#8230;<\/p>\n","protected":false},"author":1,"featured_media":174855,"comment_status":"closed","ping_status":"closed","sticky":false,"template":"","format":"standard","meta":{"content-type":""},"categories":[27],"tags":[],"nelio_content":{"isAutoShareEnabled":false,"autoShareEndMode":"default","automationSources":{"useContentSentences":true,"useSocialTemplates":true,"useCustomSentences":false,"customSentences":[]},"followers":[1],"suggestedReferences":[],"includedReferences":[],"efiUrl":"","efiAlt":"","highlights":[]},"yoast_head":"<!-- This site is optimized with the Yoast SEO plugin v20.7 - https:\/\/yoast.com\/wordpress\/plugins\/seo\/ -->\n<title>Contin\u00faa abierta la inscripci\u00f3n para participar del 2\u00ba\u00a0Fondo\u00a0Reactivo\u00a0Cultural -<\/title>\n<meta name=\"robots\" content=\"index, follow, max-snippet:-1, max-image-preview:large, max-video-preview:-1\" \/>\n<link rel=\"canonical\" href=\"https:\/\/experienciadevida.com.ar\/portalurbano\/continua-abierta-la-inscripcion-para-participar-del-2o-fondo-reactivo-cultural\/\" \/>\n<meta property=\"og:locale\" content=\"es_ES\" \/>\n<meta property=\"og:type\" content=\"article\" \/>\n<meta property=\"og:title\" content=\"Contin\u00faa abierta la inscripci\u00f3n para participar del 2\u00ba\u00a0Fondo\u00a0Reactivo\u00a0Cultural -\" \/>\n<meta property=\"og:description\" content=\"Hasta el 12 de septiembre inclusive se encuentra abierta la inscripci\u00f3n para participar de la...\" \/>\n<meta property=\"og:url\" content=\"https:\/\/experienciadevida.com.ar\/portalurbano\/continua-abierta-la-inscripcion-para-participar-del-2o-fondo-reactivo-cultural\/\" \/>\n<meta property=\"article:publisher\" content=\"https:\/\/www.facebook.com\/Portal-Urbano-171542830093757\/\" \/>\n<meta property=\"article:published_time\" content=\"2022-09-05T16:05:19+00:00\" \/>\n<meta property=\"og:image\" content=\"https:\/\/experienciadevida.com.ar\/portalurbano\/wp-content\/uploads\/2022\/09\/Firma-Convenio-Fondo-Reactivo-Cultural-1-1024x685-1-e1662393906886.jpg\" \/>\n\t<meta property=\"og:image:width\" content=\"800\" \/>\n\t<meta property=\"og:image:height\" content=\"535\" \/>\n\t<meta property=\"og:image:type\" content=\"image\/jpeg\" \/>\n<meta name=\"author\" content=\"admpu17wp\" \/>\n<meta name=\"twitter:card\" content=\"summary_large_image\" \/>\n<meta name=\"twitter:creator\" content=\"@portalurbanook\" \/>\n<meta name=\"twitter:site\" content=\"@portalurbanook\" \/>\n<meta name=\"twitter:label1\" content=\"Escrito por\" \/>\n\t<meta name=\"twitter:data1\" content=\"admpu17wp\" \/>\n\t<meta name=\"twitter:label2\" content=\"Tiempo de lectura\" \/>\n\t<meta name=\"twitter:data2\" content=\"2 minutos\" \/>\n<script type=\"application\/ld+json\" class=\"yoast-schema-graph\">{\"@context\":\"https:\/\/schema.org\",\"@graph\":[{\"@type\":\"Article\",\"@id\":\"https:\/\/experienciadevida.com.ar\/portalurbano\/continua-abierta-la-inscripcion-para-participar-del-2o-fondo-reactivo-cultural\/#article\",\"isPartOf\":{\"@id\":\"https:\/\/experienciadevida.com.ar\/portalurbano\/continua-abierta-la-inscripcion-para-participar-del-2o-fondo-reactivo-cultural\/\"},\"author\":{\"name\":\"admpu17wp\",\"@id\":\"https:\/\/experienciadevida.com.ar\/portalurbano\/#\/schema\/person\/02dd326b1c4b056e9cc972486934a3a7\"},\"headline\":\"Contin\u00faa abierta la inscripci\u00f3n para participar del 2\u00ba\u00a0Fondo\u00a0Reactivo\u00a0Cultural\",\"datePublished\":\"2022-09-05T16:05:19+00:00\",\"dateModified\":\"2022-09-05T16:05:19+00:00\",\"mainEntityOfPage\":{\"@id\":\"https:\/\/experienciadevida.com.ar\/portalurbano\/continua-abierta-la-inscripcion-para-participar-del-2o-fondo-reactivo-cultural\/\"},\"wordCount\":263,\"publisher\":{\"@id\":\"https:\/\/experienciadevida.com.ar\/portalurbano\/#organization\"},\"articleSection\":[\"Ciudad\"],\"inLanguage\":\"es\"},{\"@type\":\"WebPage\",\"@id\":\"https:\/\/experienciadevida.com.ar\/portalurbano\/continua-abierta-la-inscripcion-para-participar-del-2o-fondo-reactivo-cultural\/\",\"url\":\"https:\/\/experienciadevida.com.ar\/portalurbano\/continua-abierta-la-inscripcion-para-participar-del-2o-fondo-reactivo-cultural\/\",\"name\":\"Contin\u00faa abierta la inscripci\u00f3n para participar del 2\u00ba\u00a0Fondo\u00a0Reactivo\u00a0Cultural -\",\"isPartOf\":{\"@id\":\"https:\/\/experienciadevida.com.ar\/portalurbano\/#website\"},\"datePublished\":\"2022-09-05T16:05:19+00:00\",\"dateModified\":\"2022-09-05T16:05:19+00:00\",\"breadcrumb\":{\"@id\":\"https:\/\/experienciadevida.com.ar\/portalurbano\/continua-abierta-la-inscripcion-para-participar-del-2o-fondo-reactivo-cultural\/#breadcrumb\"},\"inLanguage\":\"es\",\"potentialAction\":[{\"@type\":\"ReadAction\",\"target\":[\"https:\/\/experienciadevida.com.ar\/portalurbano\/continua-abierta-la-inscripcion-para-participar-del-2o-fondo-reactivo-cultural\/\"]}]},{\"@type\":\"BreadcrumbList\",\"@id\":\"https:\/\/experienciadevida.com.ar\/portalurbano\/continua-abierta-la-inscripcion-para-participar-del-2o-fondo-reactivo-cultural\/#breadcrumb\",\"itemListElement\":[{\"@type\":\"ListItem\",\"position\":1,\"name\":\"Portada\",\"item\":\"https:\/\/experienciadevida.com.ar\/portalurbano\/\"},{\"@type\":\"ListItem\",\"position\":2,\"name\":\"Contin\u00faa abierta la inscripci\u00f3n para participar del 2\u00ba\u00a0Fondo\u00a0Reactivo\u00a0Cultural\"}]},{\"@type\":\"WebSite\",\"@id\":\"https:\/\/experienciadevida.com.ar\/portalurbano\/#website\",\"url\":\"https:\/\/experienciadevida.com.ar\/portalurbano\/\",\"name\":\"\",\"description\":\"\",\"publisher\":{\"@id\":\"https:\/\/experienciadevida.com.ar\/portalurbano\/#organization\"},\"potentialAction\":[{\"@type\":\"SearchAction\",\"target\":{\"@type\":\"EntryPoint\",\"urlTemplate\":\"https:\/\/experienciadevida.com.ar\/portalurbano\/?s={search_term_string}\"},\"query-input\":\"required name=search_term_string\"}],\"inLanguage\":\"es\"},{\"@type\":\"Organization\",\"@id\":\"https:\/\/experienciadevida.com.ar\/portalurbano\/#organization\",\"name\":\"Portal Urbano\",\"url\":\"https:\/\/experienciadevida.com.ar\/portalurbano\/\",\"logo\":{\"@type\":\"ImageObject\",\"inLanguage\":\"es\",\"@id\":\"https:\/\/experienciadevida.com.ar\/portalurbano\/#\/schema\/logo\/image\/\",\"url\":\"https:\/\/experienciadevida.com.ar\/portalurbano\/wp-content\/uploads\/2019\/09\/Logo-Original.png\",\"contentUrl\":\"https:\/\/experienciadevida.com.ar\/portalurbano\/wp-content\/uploads\/2019\/09\/Logo-Original.png\",\"width\":2236,\"height\":1216,\"caption\":\"Portal Urbano\"},\"image\":{\"@id\":\"https:\/\/experienciadevida.com.ar\/portalurbano\/#\/schema\/logo\/image\/\"},\"sameAs\":[\"https:\/\/www.facebook.com\/Portal-Urbano-171542830093757\/\",\"https:\/\/twitter.com\/portalurbanook\",\"https:\/\/www.instagram.com\/_portalurbano\/\",\"https:\/\/www.youtube.com\/channel\/UCXhagIfszH8KxFiOok79zbA?view_as=subscriber\"]},{\"@type\":\"Person\",\"@id\":\"https:\/\/experienciadevida.com.ar\/portalurbano\/#\/schema\/person\/02dd326b1c4b056e9cc972486934a3a7\",\"name\":\"admpu17wp\",\"image\":{\"@type\":\"ImageObject\",\"inLanguage\":\"es\",\"@id\":\"https:\/\/experienciadevida.com.ar\/portalurbano\/#\/schema\/person\/image\/\",\"url\":\"https:\/\/secure.gravatar.com\/avatar\/830d4c57adaae6630765e449a6908047?s=96&d=mm&r=g\",\"contentUrl\":\"https:\/\/secure.gravatar.com\/avatar\/830d4c57adaae6630765e449a6908047?s=96&d=mm&r=g\",\"caption\":\"admpu17wp\"}}]}<\/script>\n<!-- \/ Yoast SEO plugin. -->","yoast_head_json":{"title":"Contin\u00faa abierta la inscripci\u00f3n para participar del 2\u00ba\u00a0Fondo\u00a0Reactivo\u00a0Cultural -","robots":{"index":"index","follow":"follow","max-snippet":"max-snippet:-1","max-image-preview":"max-image-preview:large","max-video-preview":"max-video-preview:-1"},"canonical":"https:\/\/experienciadevida.com.ar\/portalurbano\/continua-abierta-la-inscripcion-para-participar-del-2o-fondo-reactivo-cultural\/","og_locale":"es_ES","og_type":"article","og_title":"Contin\u00faa abierta la inscripci\u00f3n para participar del 2\u00ba\u00a0Fondo\u00a0Reactivo\u00a0Cultural -","og_description":"Hasta el 12 de septiembre inclusive se encuentra abierta la inscripci\u00f3n para participar de la...","og_url":"https:\/\/experienciadevida.com.ar\/portalurbano\/continua-abierta-la-inscripcion-para-participar-del-2o-fondo-reactivo-cultural\/","article_publisher":"https:\/\/www.facebook.com\/Portal-Urbano-171542830093757\/","article_published_time":"2022-09-05T16:05:19+00:00","og_image":[{"width":800,"height":535,"url":"https:\/\/experienciadevida.com.ar\/portalurbano\/wp-content\/uploads\/2022\/09\/Firma-Convenio-Fondo-Reactivo-Cultural-1-1024x685-1-e1662393906886.jpg","type":"image\/jpeg"}],"author":"admpu17wp","twitter_card":"summary_large_image","twitter_creator":"@portalurbanook","twitter_site":"@portalurbanook","twitter_misc":{"Escrito por":"admpu17wp","Tiempo de lectura":"2 minutos"},"schema":{"@context":"https:\/\/schema.org","@graph":[{"@type":"Article","@id":"https:\/\/experienciadevida.com.ar\/portalurbano\/continua-abierta-la-inscripcion-para-participar-del-2o-fondo-reactivo-cultural\/#article","isPartOf":{"@id":"https:\/\/experienciadevida.com.ar\/portalurbano\/continua-abierta-la-inscripcion-para-participar-del-2o-fondo-reactivo-cultural\/"},"author":{"name":"admpu17wp","@id":"https:\/\/experienciadevida.com.ar\/portalurbano\/#\/schema\/person\/02dd326b1c4b056e9cc972486934a3a7"},"headline":"Contin\u00faa abierta la inscripci\u00f3n para participar del 2\u00ba\u00a0Fondo\u00a0Reactivo\u00a0Cultural","datePublished":"2022-09-05T16:05:19+00:00","dateModified":"2022-09-05T16:05:19+00:00","mainEntityOfPage":{"@id":"https:\/\/experienciadevida.com.ar\/portalurbano\/continua-abierta-la-inscripcion-para-participar-del-2o-fondo-reactivo-cultural\/"},"wordCount":263,"publisher":{"@id":"https:\/\/experienciadevida.com.ar\/portalurbano\/#organization"},"articleSection":["Ciudad"],"inLanguage":"es"},{"@type":"WebPage","@id":"https:\/\/experienciadevida.com.ar\/portalurbano\/continua-abierta-la-inscripcion-para-participar-del-2o-fondo-reactivo-cultural\/","url":"https:\/\/experienciadevida.com.ar\/portalurbano\/continua-abierta-la-inscripcion-para-participar-del-2o-fondo-reactivo-cultural\/","name":"Contin\u00faa abierta la inscripci\u00f3n para participar del 2\u00ba\u00a0Fondo\u00a0Reactivo\u00a0Cultural -","isPartOf":{"@id":"https:\/\/experienciadevida.com.ar\/portalurbano\/#website"},"datePublished":"2022-09-05T16:05:19+00:00","dateModified":"2022-09-05T16:05:19+00:00","breadcrumb":{"@id":"https:\/\/experienciadevida.com.ar\/portalurbano\/continua-abierta-la-inscripcion-para-participar-del-2o-fondo-reactivo-cultural\/#breadcrumb"},"inLanguage":"es","potentialAction":[{"@type":"ReadAction","target":["https:\/\/experienciadevida.com.ar\/portalurbano\/continua-abierta-la-inscripcion-para-participar-del-2o-fondo-reactivo-cultural\/"]}]},{"@type":"BreadcrumbList","@id":"https:\/\/experienciadevida.com.ar\/portalurbano\/continua-abierta-la-inscripcion-para-participar-del-2o-fondo-reactivo-cultural\/#breadcrumb","itemListElement":[{"@type":"ListItem","position":1,"name":"Portada","item":"https:\/\/experienciadevida.com.ar\/portalurbano\/"},{"@type":"ListItem","position":2,"name":"Contin\u00faa abierta la inscripci\u00f3n para participar del 2\u00ba\u00a0Fondo\u00a0Reactivo\u00a0Cultural"}]},{"@type":"WebSite","@id":"https:\/\/experienciadevida.com.ar\/portalurbano\/#website","url":"https:\/\/experienciadevida.com.ar\/portalurbano\/","name":"","description":"","publisher":{"@id":"https:\/\/experienciadevida.com.ar\/portalurbano\/#organization"},"potentialAction":[{"@type":"SearchAction","target":{"@type":"EntryPoint","urlTemplate":"https:\/\/experienciadevida.com.ar\/portalurbano\/?s={search_term_string}"},"query-input":"required name=search_term_string"}],"inLanguage":"es"},{"@type":"Organization","@id":"https:\/\/experienciadevida.com.ar\/portalurbano\/#organization","name":"Portal Urbano","url":"https:\/\/experienciadevida.com.ar\/portalurbano\/","logo":{"@type":"ImageObject","inLanguage":"es","@id":"https:\/\/experienciadevida.com.ar\/portalurbano\/#\/schema\/logo\/image\/","url":"https:\/\/experienciadevida.com.ar\/portalurbano\/wp-content\/uploads\/2019\/09\/Logo-Original.png","contentUrl":"https:\/\/experienciadevida.com.ar\/portalurbano\/wp-content\/uploads\/2019\/09\/Logo-Original.png","width":2236,"height":1216,"caption":"Portal Urbano"},"image":{"@id":"https:\/\/experienciadevida.com.ar\/portalurbano\/#\/schema\/logo\/image\/"},"sameAs":["https:\/\/www.facebook.com\/Portal-Urbano-171542830093757\/","https:\/\/twitter.com\/portalurbanook","https:\/\/www.instagram.com\/_portalurbano\/","https:\/\/www.youtube.com\/channel\/UCXhagIfszH8KxFiOok79zbA?view_as=subscriber"]},{"@type":"Person","@id":"https:\/\/experienciadevida.com.ar\/portalurbano\/#\/schema\/person\/02dd326b1c4b056e9cc972486934a3a7","name":"admpu17wp","image":{"@type":"ImageObject","inLanguage":"es","@id":"https:\/\/experienciadevida.com.ar\/portalurbano\/#\/schema\/person\/image\/","url":"https:\/\/secure.gravatar.com\/avatar\/830d4c57adaae6630765e449a6908047?s=96&d=mm&r=g","contentUrl":"https:\/\/secure.gravatar.com\/avatar\/830d4c57adaae6630765e449a6908047?s=96&d=mm&r=g","caption":"admpu17wp"}}]}},"featured_image_urls":{"full":["https:\/\/experienciadevida.com.ar\/portalurbano\/wp-content\/uploads\/2022\/09\/Firma-Convenio-Fondo-Reactivo-Cultural-1-1024x685-1-e1662393906886.jpg",800,535,false],"thumbnail":["https:\/\/experienciadevida.com.ar\/portalurbano\/wp-content\/uploads\/2022\/09\/Firma-Convenio-Fondo-Reactivo-Cultural-1-1024x685-1-e1662393906886-150x150.jpg",150,150,true],"medium":["https:\/\/experienciadevida.com.ar\/portalurbano\/wp-content\/uploads\/2022\/09\/Firma-Convenio-Fondo-Reactivo-Cultural-1-1024x685-1-e1662393906886-300x201.jpg",300,201,true],"medium_large":["https:\/\/experienciadevida.com.ar\/portalurbano\/wp-content\/uploads\/2022\/09\/Firma-Convenio-Fondo-Reactivo-Cultural-1-1024x685-1-e1662393906886-768x514.jpg",640,428,true],"large":["https:\/\/experienciadevida.com.ar\/portalurbano\/wp-content\/uploads\/2022\/09\/Firma-Convenio-Fondo-Reactivo-Cultural-1-1024x685-1-e1662393906886.jpg",640,428,false],"ug_big":["https:\/\/experienciadevida.com.ar\/portalurbano\/wp-content\/uploads\/2022\/09\/Firma-Convenio-Fondo-Reactivo-Cultural-1-1024x685-1-e1662393906886-768x514.jpg",768,514,true],"1536x1536":["https:\/\/experienciadevida.com.ar\/portalurbano\/wp-content\/uploads\/2022\/09\/Firma-Convenio-Fondo-Reactivo-Cultural-1-1024x685-1-e1662393906886.jpg",800,535,false],"2048x2048":["https:\/\/experienciadevida.com.ar\/portalurbano\/wp-content\/uploads\/2022\/09\/Firma-Convenio-Fondo-Reactivo-Cultural-1-1024x685-1-e1662393906886.jpg",800,535,false],"newsever-slider-full":["https:\/\/experienciadevida.com.ar\/portalurbano\/wp-content\/uploads\/2022\/09\/Firma-Convenio-Fondo-Reactivo-Cultural-1-1024x685-1-e1662393906886.jpg",800,535,false],"newsever-featured":["https:\/\/experienciadevida.com.ar\/portalurbano\/wp-content\/uploads\/2022\/09\/Firma-Convenio-Fondo-Reactivo-Cultural-1-1024x685-1-e1662393906886.jpg",800,535,false],"newsever-medium":["https:\/\/experienciadevida.com.ar\/portalurbano\/wp-content\/uploads\/2022\/09\/Firma-Convenio-Fondo-Reactivo-Cultural-1-1024x685-1-e1662393906886.jpg",710,475,false],"web-stories-poster-portrait":["https:\/\/experienciadevida.com.ar\/portalurbano\/wp-content\/uploads\/2022\/09\/Firma-Convenio-Fondo-Reactivo-Cultural-1-1024x685-1-e1662393906886-640x535.jpg",640,535,true],"web-stories-publisher-logo":["https:\/\/experienciadevida.com.ar\/portalurbano\/wp-content\/uploads\/2022\/09\/Firma-Convenio-Fondo-Reactivo-Cultural-1-1024x685-1-e1662393906886-96x96.jpg",96,96,true],"web-stories-thumbnail":["https:\/\/experienciadevida.com.ar\/portalurbano\/wp-content\/uploads\/2022\/09\/Firma-Convenio-Fondo-Reactivo-Cultural-1-1024x685-1-e1662393906886-150x100.jpg",150,100,true]},"author_info":{"display_name":"admpu17wp","author_link":"https:\/\/experienciadevida.com.ar\/portalurbano\/author\/admpu17wp\/"},"category_info":"<a href=\"https:\/\/experienciadevida.com.ar\/portalurbano\/category\/ciudad\/\" rel=\"category tag\">Ciudad<\/a>","tag_info":"Ciudad","comment_count":"0","amp_enabled":true,"_links":{"self":[{"href":"https:\/\/experienciadevida.com.ar\/portalurbano\/wp-json\/wp\/v2\/posts\/174854"}],"collection":[{"href":"https:\/\/experienciadevida.com.ar\/portalurbano\/wp-json\/wp\/v2\/posts"}],"about":[{"href":"https:\/\/experienciadevida.com.ar\/portalurbano\/wp-json\/wp\/v2\/types\/post"}],"author":[{"embeddable":true,"href":"https:\/\/experienciadevida.com.ar\/portalurbano\/wp-json\/wp\/v2\/users\/1"}],"replies":[{"embeddable":true,"href":"https:\/\/experienciadevida.com.ar\/portalurbano\/wp-json\/wp\/v2\/comments?post=174854"}],"version-history":[{"count":1,"href":"https:\/\/experienciadevida.com.ar\/portalurbano\/wp-json\/wp\/v2\/posts\/174854\/revisions"}],"predecessor-version":[{"id":174856,"href":"https:\/\/experienciadevida.com.ar\/portalurbano\/wp-json\/wp\/v2\/posts\/174854\/revisions\/174856"}],"wp:featuredmedia":[{"embeddable":true,"href":"https:\/\/experienciadevida.com.ar\/portalurbano\/wp-json\/wp\/v2\/media\/174855"}],"wp:attachment":[{"href":"https:\/\/experienciadevida.com.ar\/portalurbano\/wp-json\/wp\/v2\/media?parent=174854"}],"wp:term":[{"taxonomy":"category","embeddable":true,"href":"https:\/\/experienciadevida.com.ar\/portalurbano\/wp-json\/wp\/v2\/categories?post=174854"},{"taxonomy":"post_tag","embeddable":true,"href":"https:\/\/experienciadevida.com.ar\/portalurbano\/wp-json\/wp\/v2\/tags?post=174854"}],"curies":[{"name":"wp","href":"https:\/\/api.w.org\/{rel}","templated":true}]}}