{"id":174755,"date":"2022-09-03T12:58:50","date_gmt":"2022-09-03T15:58:50","guid":{"rendered":"https:\/\/experienciadevida.com.ar\/portalurbano\/?p=174755"},"modified":"2022-09-03T12:59:13","modified_gmt":"2022-09-03T15:59:13","slug":"debemos-estar-orgullosos-del-cuartel-que-tenemos-en-la-ciudad","status":"publish","type":"post","link":"https:\/\/experienciadevida.com.ar\/portalurbano\/debemos-estar-orgullosos-del-cuartel-que-tenemos-en-la-ciudad\/","title":{"rendered":"&#8220;Debemos estar orgullosos del cuartel que tenemos en la ciudad&#8221;"},"content":{"rendered":"<p>&#8220;Debemos estar orgullosos del cuartel que tenemos en la ciudad&#8221;, continuando con el segmento de entrevistas a Bomberos de Olavarr\u00eda, dialogamos con Cristian Cancina. Oficial de Dotaci\u00f3n, y parte de la Reserva Activa, Cristian habl\u00f3 sobre la experiencia de ser bombero, que va mucho m\u00e1s all\u00e1 de asistir a siniestros y servicios.<\/p>\n<p><a href=\"https:\/\/experienciadevida.com.ar\/portalurbano\/debemos-estar-orgullosos-del-cuartel-que-tenemos-en-la-ciudad\/debemos\/\" rel=\"attachment wp-att-174757\"><img decoding=\"async\" class=\"alignnone size-large wp-image-174757\" src=\"https:\/\/experienciadevida.com.ar\/portalurbano\/wp-content\/uploads\/2022\/09\/Debemos-1024x788.jpg\" alt=\"Debemos \" width=\"900\" height=\"693\" srcset=\"https:\/\/experienciadevida.com.ar\/portalurbano\/wp-content\/uploads\/2022\/09\/Debemos-1024x788.jpg 1024w, https:\/\/experienciadevida.com.ar\/portalurbano\/wp-content\/uploads\/2022\/09\/Debemos-300x231.jpg 300w, https:\/\/experienciadevida.com.ar\/portalurbano\/wp-content\/uploads\/2022\/09\/Debemos-768x591.jpg 768w, https:\/\/experienciadevida.com.ar\/portalurbano\/wp-content\/uploads\/2022\/09\/Debemos-1536x1182.jpg 1536w, https:\/\/experienciadevida.com.ar\/portalurbano\/wp-content\/uploads\/2022\/09\/Debemos-150x115.jpg 150w, https:\/\/experienciadevida.com.ar\/portalurbano\/wp-content\/uploads\/2022\/09\/Debemos.jpg 1600w\" sizes=\"(max-width: 900px) 100vw, 900px\" \/><\/a><\/p>\n<p><strong>\u00bfCu\u00e1l fu\u00e9 tu primer contacto con la instituci\u00f3n?<\/strong><\/p>\n<p>Mi entrada al cuartel fu\u00e9 un poco particular. Me inscrib\u00ed para cadete sin contarle a nadie. Cuando llegu\u00e9 a mi casa y le coment\u00e9 a mi padre lo que hab\u00eda hecho, automaticamente me hizo darme de baja, porque ten\u00eda mucho miedo de que me pasara algo en alguna salida o servicio. Tuve que pedir que me borraran de la inscripci\u00f3n minutos despu\u00e9s de que me hab\u00edan anotado.<\/p>\n<p>En ese mismo momento mi hermana Patricia interfiri\u00f3 para que \u00e9l me dejara inscribirme. Ella sab\u00eda que lo que m\u00e1s deseaba yo era ser bombero. Lo convenci\u00f3 y al otro d\u00eda me volv\u00ed a anotar despu\u00e9s de que me hab\u00edan borrado. &#8220;Ahora si me dejan anotarme&#8221; le dije al cuartelero. Gracias a mi hermana es que yo pude lograr ser parte del cuartel.<\/p>\n<p><strong>\u00bfTen\u00e9s alg\u00fan referente dentro de la asociaci\u00f3n?<\/strong><\/p>\n<p>Creo que dos grandes responsables de que el cuartel sea lo que hoy es, y que posea el prestigio que posee, son Ra\u00fal Ferreira y Marcelo Menchaca. Han tenido una visi\u00f3n muy grande de esto.<\/p>\n<p>Ra\u00fal por ejemplo, fue el que impuls\u00f3 la iniciativa de que los choferes tengan una capacitaci\u00f3n especializada, una ense\u00f1anza extra. \u00c9l form\u00f3 la escuela de choferes ac\u00e1 en el cuartel de Olavarr\u00eda. Yo fu\u00ed parte de esa escuela hasta que luego pas\u00e9 a ser instructor.<\/p>\n<p>El ser chofer te d\u00e1 un extra, te d\u00e1 una visi\u00f3n de los siniestros que no tiene aquel que est\u00e1 combatiendo el incendio desde adentro. Pasas a tener m\u00e1s conciencia de la responsabilidad que llevas en tus manos cuando vas manejando las autobombas. Ser chofer me ayud\u00f3 muchisimo.<\/p>\n<p><a href=\"https:\/\/experienciadevida.com.ar\/portalurbano\/debemos-estar-orgullosos-del-cuartel-que-tenemos-en-la-ciudad\/estar\/\" rel=\"attachment wp-att-174758\"><img decoding=\"async\" class=\"alignnone size-large wp-image-174758\" src=\"https:\/\/experienciadevida.com.ar\/portalurbano\/wp-content\/uploads\/2022\/09\/estar-1024x768.jpg\" alt=\"estar \" width=\"900\" height=\"675\" srcset=\"https:\/\/experienciadevida.com.ar\/portalurbano\/wp-content\/uploads\/2022\/09\/estar-1024x768.jpg 1024w, https:\/\/experienciadevida.com.ar\/portalurbano\/wp-content\/uploads\/2022\/09\/estar-300x225.jpg 300w, https:\/\/experienciadevida.com.ar\/portalurbano\/wp-content\/uploads\/2022\/09\/estar-768x576.jpg 768w, https:\/\/experienciadevida.com.ar\/portalurbano\/wp-content\/uploads\/2022\/09\/estar-1536x1152.jpg 1536w, https:\/\/experienciadevida.com.ar\/portalurbano\/wp-content\/uploads\/2022\/09\/estar-150x113.jpg 150w, https:\/\/experienciadevida.com.ar\/portalurbano\/wp-content\/uploads\/2022\/09\/estar.jpg 1600w\" sizes=\"(max-width: 900px) 100vw, 900px\" \/><\/a><\/p>\n<p><strong>\u00bfCu\u00e1les son las experiencias que te dej\u00f3 el ser bombero?<\/strong><\/p>\n<p>&#8220;Debemos estar orgullosos del cuartel que tenemos en la ciudad&#8221;, en 2008 siendo bombero represent\u00e9 al Rotary Club de Olavarr\u00eda para viajar a Brasil y compartir nuestra metodolog\u00eda de trabajo a nivel internacional. Qued\u00e9 seleccionado junto a un policia de La Pampa y un enfermero de Dolores. Conoc\u00ed destacamentos de bomberos de all\u00e1 y habl\u00e1bamos sobre las din\u00e1micas del trabajo de las asociaciones en Argentina y ellos contaron su experiencia.<\/p>\n<p>Tambi\u00e9n viaj\u00e9 a EE.UU para buscar la escalera que ahora se usa en los servicios. Antes cont\u00e1bamos con una unidad que era muy poco precisa, as\u00ed que la vendimos y con esa plata, m\u00e1s otros fondos recaudados, compramos la nueva. Fue un viaje que compart\u00ed con Ferreira y Menchaca. No me lo olvido m\u00e1s, fue una experiencia muy linda de vivir.<\/p>\n<p>Le estoy super agradecido a la instituci\u00f3n. Le aseguro a toda la gente de Olavarr\u00eda que tiene que estar m\u00e1s que tranquila y orgullosa del nivel que tiene este cuartel.<\/p>\n<p><a href=\"https:\/\/experienciadevida.com.ar\/portalurbano\/debemos-estar-orgullosos-del-cuartel-que-tenemos-en-la-ciudad\/orgullosos\/\" rel=\"attachment wp-att-174759\"><img decoding=\"async\" class=\"alignnone size-large wp-image-174759\" src=\"https:\/\/experienciadevida.com.ar\/portalurbano\/wp-content\/uploads\/2022\/09\/orgullosos-1024x860.jpg\" alt=\"orgullosos \" width=\"900\" height=\"756\" srcset=\"https:\/\/experienciadevida.com.ar\/portalurbano\/wp-content\/uploads\/2022\/09\/orgullosos-1024x860.jpg 1024w, https:\/\/experienciadevida.com.ar\/portalurbano\/wp-content\/uploads\/2022\/09\/orgullosos-300x252.jpg 300w, https:\/\/experienciadevida.com.ar\/portalurbano\/wp-content\/uploads\/2022\/09\/orgullosos-768x645.jpg 768w, https:\/\/experienciadevida.com.ar\/portalurbano\/wp-content\/uploads\/2022\/09\/orgullosos-150x126.jpg 150w, https:\/\/experienciadevida.com.ar\/portalurbano\/wp-content\/uploads\/2022\/09\/orgullosos.jpg 1280w\" sizes=\"(max-width: 900px) 100vw, 900px\" \/><\/a><\/p>\n","protected":false},"excerpt":{"rendered":"<p>&#8220;Debemos estar orgullosos del cuartel que tenemos en la ciudad&#8221;, continuando con el segmento de&#8230;<\/p>\n","protected":false},"author":1,"featured_media":174756,"comment_status":"closed","ping_status":"closed","sticky":false,"template":"","format":"standard","meta":{"content-type":""},"categories":[27],"tags":[],"nelio_content":{"isAutoShareEnabled":false,"autoShareEndMode":"default","automationSources":{"useContentSentences":true,"useSocialTemplates":true,"useCustomSentences":false,"customSentences":[]},"followers":[1],"suggestedReferences":[],"includedReferences":[],"efiUrl":"","efiAlt":"","highlights":[]},"yoast_head":"<!-- This site is optimized with the Yoast SEO plugin v20.7 - https:\/\/yoast.com\/wordpress\/plugins\/seo\/ -->\n<title>&quot;Debemos estar orgullosos del cuartel que tenemos en la ciudad&quot;<\/title>\n<meta name=\"description\" content=\"&quot;Debemos estar orgullosos del cuartel que tenemos en la ciudad&quot;, continuando con el segmento de entrevistas a Bomberos de Olavarr\u00eda,\" \/>\n<meta name=\"robots\" content=\"index, follow, max-snippet:-1, max-image-preview:large, max-video-preview:-1\" \/>\n<link rel=\"canonical\" href=\"https:\/\/experienciadevida.com.ar\/portalurbano\/debemos-estar-orgullosos-del-cuartel-que-tenemos-en-la-ciudad\/\" \/>\n<meta property=\"og:locale\" content=\"es_ES\" \/>\n<meta property=\"og:type\" content=\"article\" \/>\n<meta property=\"og:title\" content=\"&quot;Debemos estar orgullosos del cuartel que tenemos en la ciudad&quot;\" \/>\n<meta property=\"og:description\" content=\"&quot;Debemos estar orgullosos del cuartel que tenemos en la ciudad&quot;, continuando con el segmento de entrevistas a Bomberos de Olavarr\u00eda,\" \/>\n<meta property=\"og:url\" content=\"https:\/\/experienciadevida.com.ar\/portalurbano\/debemos-estar-orgullosos-del-cuartel-que-tenemos-en-la-ciudad\/\" \/>\n<meta property=\"article:publisher\" content=\"https:\/\/www.facebook.com\/Portal-Urbano-171542830093757\/\" \/>\n<meta property=\"article:published_time\" content=\"2022-09-03T15:58:50+00:00\" \/>\n<meta property=\"article:modified_time\" content=\"2022-09-03T15:59:13+00:00\" \/>\n<meta property=\"og:image\" content=\"https:\/\/experienciadevida.com.ar\/portalurbano\/wp-content\/uploads\/2022\/09\/Debemos-estar-orgullosos-del.jpg\" \/>\n\t<meta property=\"og:image:width\" content=\"1201\" \/>\n\t<meta property=\"og:image:height\" content=\"646\" \/>\n\t<meta property=\"og:image:type\" content=\"image\/jpeg\" \/>\n<meta name=\"author\" content=\"admpu17wp\" \/>\n<meta name=\"twitter:card\" content=\"summary_large_image\" \/>\n<meta name=\"twitter:creator\" content=\"@portalurbanook\" \/>\n<meta name=\"twitter:site\" content=\"@portalurbanook\" \/>\n<meta name=\"twitter:label1\" content=\"Escrito por\" \/>\n\t<meta name=\"twitter:data1\" content=\"admpu17wp\" \/>\n\t<meta name=\"twitter:label2\" content=\"Tiempo de lectura\" \/>\n\t<meta name=\"twitter:data2\" content=\"3 minutos\" \/>\n<script type=\"application\/ld+json\" class=\"yoast-schema-graph\">{\"@context\":\"https:\/\/schema.org\",\"@graph\":[{\"@type\":\"Article\",\"@id\":\"https:\/\/experienciadevida.com.ar\/portalurbano\/debemos-estar-orgullosos-del-cuartel-que-tenemos-en-la-ciudad\/#article\",\"isPartOf\":{\"@id\":\"https:\/\/experienciadevida.com.ar\/portalurbano\/debemos-estar-orgullosos-del-cuartel-que-tenemos-en-la-ciudad\/\"},\"author\":{\"name\":\"admpu17wp\",\"@id\":\"https:\/\/experienciadevida.com.ar\/portalurbano\/#\/schema\/person\/02dd326b1c4b056e9cc972486934a3a7\"},\"headline\":\"&#8220;Debemos estar orgullosos del cuartel que tenemos en la ciudad&#8221;\",\"datePublished\":\"2022-09-03T15:58:50+00:00\",\"dateModified\":\"2022-09-03T15:59:13+00:00\",\"mainEntityOfPage\":{\"@id\":\"https:\/\/experienciadevida.com.ar\/portalurbano\/debemos-estar-orgullosos-del-cuartel-que-tenemos-en-la-ciudad\/\"},\"wordCount\":544,\"publisher\":{\"@id\":\"https:\/\/experienciadevida.com.ar\/portalurbano\/#organization\"},\"articleSection\":[\"Ciudad\"],\"inLanguage\":\"es\"},{\"@type\":\"WebPage\",\"@id\":\"https:\/\/experienciadevida.com.ar\/portalurbano\/debemos-estar-orgullosos-del-cuartel-que-tenemos-en-la-ciudad\/\",\"url\":\"https:\/\/experienciadevida.com.ar\/portalurbano\/debemos-estar-orgullosos-del-cuartel-que-tenemos-en-la-ciudad\/\",\"name\":\"\\\"Debemos estar orgullosos del cuartel que tenemos en la ciudad\\\"\",\"isPartOf\":{\"@id\":\"https:\/\/experienciadevida.com.ar\/portalurbano\/#website\"},\"datePublished\":\"2022-09-03T15:58:50+00:00\",\"dateModified\":\"2022-09-03T15:59:13+00:00\",\"description\":\"\\\"Debemos estar orgullosos del cuartel que tenemos en la ciudad\\\", continuando con el segmento de entrevistas a Bomberos de Olavarr\u00eda,\",\"breadcrumb\":{\"@id\":\"https:\/\/experienciadevida.com.ar\/portalurbano\/debemos-estar-orgullosos-del-cuartel-que-tenemos-en-la-ciudad\/#breadcrumb\"},\"inLanguage\":\"es\",\"potentialAction\":[{\"@type\":\"ReadAction\",\"target\":[\"https:\/\/experienciadevida.com.ar\/portalurbano\/debemos-estar-orgullosos-del-cuartel-que-tenemos-en-la-ciudad\/\"]}]},{\"@type\":\"BreadcrumbList\",\"@id\":\"https:\/\/experienciadevida.com.ar\/portalurbano\/debemos-estar-orgullosos-del-cuartel-que-tenemos-en-la-ciudad\/#breadcrumb\",\"itemListElement\":[{\"@type\":\"ListItem\",\"position\":1,\"name\":\"Portada\",\"item\":\"https:\/\/experienciadevida.com.ar\/portalurbano\/\"},{\"@type\":\"ListItem\",\"position\":2,\"name\":\"\u00abDebemos estar orgullosos del cuartel que tenemos en la ciudad\u00bb\"}]},{\"@type\":\"WebSite\",\"@id\":\"https:\/\/experienciadevida.com.ar\/portalurbano\/#website\",\"url\":\"https:\/\/experienciadevida.com.ar\/portalurbano\/\",\"name\":\"\",\"description\":\"\",\"publisher\":{\"@id\":\"https:\/\/experienciadevida.com.ar\/portalurbano\/#organization\"},\"potentialAction\":[{\"@type\":\"SearchAction\",\"target\":{\"@type\":\"EntryPoint\",\"urlTemplate\":\"https:\/\/experienciadevida.com.ar\/portalurbano\/?s={search_term_string}\"},\"query-input\":\"required name=search_term_string\"}],\"inLanguage\":\"es\"},{\"@type\":\"Organization\",\"@id\":\"https:\/\/experienciadevida.com.ar\/portalurbano\/#organization\",\"name\":\"Portal Urbano\",\"url\":\"https:\/\/experienciadevida.com.ar\/portalurbano\/\",\"logo\":{\"@type\":\"ImageObject\",\"inLanguage\":\"es\",\"@id\":\"https:\/\/experienciadevida.com.ar\/portalurbano\/#\/schema\/logo\/image\/\",\"url\":\"https:\/\/experienciadevida.com.ar\/portalurbano\/wp-content\/uploads\/2019\/09\/Logo-Original.png\",\"contentUrl\":\"https:\/\/experienciadevida.com.ar\/portalurbano\/wp-content\/uploads\/2019\/09\/Logo-Original.png\",\"width\":2236,\"height\":1216,\"caption\":\"Portal Urbano\"},\"image\":{\"@id\":\"https:\/\/experienciadevida.com.ar\/portalurbano\/#\/schema\/logo\/image\/\"},\"sameAs\":[\"https:\/\/www.facebook.com\/Portal-Urbano-171542830093757\/\",\"https:\/\/twitter.com\/portalurbanook\",\"https:\/\/www.instagram.com\/_portalurbano\/\",\"https:\/\/www.youtube.com\/channel\/UCXhagIfszH8KxFiOok79zbA?view_as=subscriber\"]},{\"@type\":\"Person\",\"@id\":\"https:\/\/experienciadevida.com.ar\/portalurbano\/#\/schema\/person\/02dd326b1c4b056e9cc972486934a3a7\",\"name\":\"admpu17wp\",\"image\":{\"@type\":\"ImageObject\",\"inLanguage\":\"es\",\"@id\":\"https:\/\/experienciadevida.com.ar\/portalurbano\/#\/schema\/person\/image\/\",\"url\":\"https:\/\/secure.gravatar.com\/avatar\/830d4c57adaae6630765e449a6908047?s=96&d=mm&r=g\",\"contentUrl\":\"https:\/\/secure.gravatar.com\/avatar\/830d4c57adaae6630765e449a6908047?s=96&d=mm&r=g\",\"caption\":\"admpu17wp\"}}]}<\/script>\n<!-- \/ Yoast SEO plugin. -->","yoast_head_json":{"title":"\"Debemos estar orgullosos del cuartel que tenemos en la ciudad\"","description":"\"Debemos estar orgullosos del cuartel que tenemos en la ciudad\", continuando con el segmento de entrevistas a Bomberos de Olavarr\u00eda,","robots":{"index":"index","follow":"follow","max-snippet":"max-snippet:-1","max-image-preview":"max-image-preview:large","max-video-preview":"max-video-preview:-1"},"canonical":"https:\/\/experienciadevida.com.ar\/portalurbano\/debemos-estar-orgullosos-del-cuartel-que-tenemos-en-la-ciudad\/","og_locale":"es_ES","og_type":"article","og_title":"\"Debemos estar orgullosos del cuartel que tenemos en la ciudad\"","og_description":"\"Debemos estar orgullosos del cuartel que tenemos en la ciudad\", continuando con el segmento de entrevistas a Bomberos de Olavarr\u00eda,","og_url":"https:\/\/experienciadevida.com.ar\/portalurbano\/debemos-estar-orgullosos-del-cuartel-que-tenemos-en-la-ciudad\/","article_publisher":"https:\/\/www.facebook.com\/Portal-Urbano-171542830093757\/","article_published_time":"2022-09-03T15:58:50+00:00","article_modified_time":"2022-09-03T15:59:13+00:00","og_image":[{"width":1201,"height":646,"url":"https:\/\/experienciadevida.com.ar\/portalurbano\/wp-content\/uploads\/2022\/09\/Debemos-estar-orgullosos-del.jpg","type":"image\/jpeg"}],"author":"admpu17wp","twitter_card":"summary_large_image","twitter_creator":"@portalurbanook","twitter_site":"@portalurbanook","twitter_misc":{"Escrito por":"admpu17wp","Tiempo de lectura":"3 minutos"},"schema":{"@context":"https:\/\/schema.org","@graph":[{"@type":"Article","@id":"https:\/\/experienciadevida.com.ar\/portalurbano\/debemos-estar-orgullosos-del-cuartel-que-tenemos-en-la-ciudad\/#article","isPartOf":{"@id":"https:\/\/experienciadevida.com.ar\/portalurbano\/debemos-estar-orgullosos-del-cuartel-que-tenemos-en-la-ciudad\/"},"author":{"name":"admpu17wp","@id":"https:\/\/experienciadevida.com.ar\/portalurbano\/#\/schema\/person\/02dd326b1c4b056e9cc972486934a3a7"},"headline":"&#8220;Debemos estar orgullosos del cuartel que tenemos en la ciudad&#8221;","datePublished":"2022-09-03T15:58:50+00:00","dateModified":"2022-09-03T15:59:13+00:00","mainEntityOfPage":{"@id":"https:\/\/experienciadevida.com.ar\/portalurbano\/debemos-estar-orgullosos-del-cuartel-que-tenemos-en-la-ciudad\/"},"wordCount":544,"publisher":{"@id":"https:\/\/experienciadevida.com.ar\/portalurbano\/#organization"},"articleSection":["Ciudad"],"inLanguage":"es"},{"@type":"WebPage","@id":"https:\/\/experienciadevida.com.ar\/portalurbano\/debemos-estar-orgullosos-del-cuartel-que-tenemos-en-la-ciudad\/","url":"https:\/\/experienciadevida.com.ar\/portalurbano\/debemos-estar-orgullosos-del-cuartel-que-tenemos-en-la-ciudad\/","name":"\"Debemos estar orgullosos del cuartel que tenemos en la ciudad\"","isPartOf":{"@id":"https:\/\/experienciadevida.com.ar\/portalurbano\/#website"},"datePublished":"2022-09-03T15:58:50+00:00","dateModified":"2022-09-03T15:59:13+00:00","description":"\"Debemos estar orgullosos del cuartel que tenemos en la ciudad\", continuando con el segmento de entrevistas a Bomberos de Olavarr\u00eda,","breadcrumb":{"@id":"https:\/\/experienciadevida.com.ar\/portalurbano\/debemos-estar-orgullosos-del-cuartel-que-tenemos-en-la-ciudad\/#breadcrumb"},"inLanguage":"es","potentialAction":[{"@type":"ReadAction","target":["https:\/\/experienciadevida.com.ar\/portalurbano\/debemos-estar-orgullosos-del-cuartel-que-tenemos-en-la-ciudad\/"]}]},{"@type":"BreadcrumbList","@id":"https:\/\/experienciadevida.com.ar\/portalurbano\/debemos-estar-orgullosos-del-cuartel-que-tenemos-en-la-ciudad\/#breadcrumb","itemListElement":[{"@type":"ListItem","position":1,"name":"Portada","item":"https:\/\/experienciadevida.com.ar\/portalurbano\/"},{"@type":"ListItem","position":2,"name":"\u00abDebemos estar orgullosos del cuartel que tenemos en la ciudad\u00bb"}]},{"@type":"WebSite","@id":"https:\/\/experienciadevida.com.ar\/portalurbano\/#website","url":"https:\/\/experienciadevida.com.ar\/portalurbano\/","name":"","description":"","publisher":{"@id":"https:\/\/experienciadevida.com.ar\/portalurbano\/#organization"},"potentialAction":[{"@type":"SearchAction","target":{"@type":"EntryPoint","urlTemplate":"https:\/\/experienciadevida.com.ar\/portalurbano\/?s={search_term_string}"},"query-input":"required name=search_term_string"}],"inLanguage":"es"},{"@type":"Organization","@id":"https:\/\/experienciadevida.com.ar\/portalurbano\/#organization","name":"Portal Urbano","url":"https:\/\/experienciadevida.com.ar\/portalurbano\/","logo":{"@type":"ImageObject","inLanguage":"es","@id":"https:\/\/experienciadevida.com.ar\/portalurbano\/#\/schema\/logo\/image\/","url":"https:\/\/experienciadevida.com.ar\/portalurbano\/wp-content\/uploads\/2019\/09\/Logo-Original.png","contentUrl":"https:\/\/experienciadevida.com.ar\/portalurbano\/wp-content\/uploads\/2019\/09\/Logo-Original.png","width":2236,"height":1216,"caption":"Portal Urbano"},"image":{"@id":"https:\/\/experienciadevida.com.ar\/portalurbano\/#\/schema\/logo\/image\/"},"sameAs":["https:\/\/www.facebook.com\/Portal-Urbano-171542830093757\/","https:\/\/twitter.com\/portalurbanook","https:\/\/www.instagram.com\/_portalurbano\/","https:\/\/www.youtube.com\/channel\/UCXhagIfszH8KxFiOok79zbA?view_as=subscriber"]},{"@type":"Person","@id":"https:\/\/experienciadevida.com.ar\/portalurbano\/#\/schema\/person\/02dd326b1c4b056e9cc972486934a3a7","name":"admpu17wp","image":{"@type":"ImageObject","inLanguage":"es","@id":"https:\/\/experienciadevida.com.ar\/portalurbano\/#\/schema\/person\/image\/","url":"https:\/\/secure.gravatar.com\/avatar\/830d4c57adaae6630765e449a6908047?s=96&d=mm&r=g","contentUrl":"https:\/\/secure.gravatar.com\/avatar\/830d4c57adaae6630765e449a6908047?s=96&d=mm&r=g","caption":"admpu17wp"}}]}},"featured_image_urls":{"full":["https:\/\/experienciadevida.com.ar\/portalurbano\/wp-content\/uploads\/2022\/09\/Debemos-estar-orgullosos-del.jpg",1201,646,false],"thumbnail":["https:\/\/experienciadevida.com.ar\/portalurbano\/wp-content\/uploads\/2022\/09\/Debemos-estar-orgullosos-del-150x150.jpg",150,150,true],"medium":["https:\/\/experienciadevida.com.ar\/portalurbano\/wp-content\/uploads\/2022\/09\/Debemos-estar-orgullosos-del-300x161.jpg",300,161,true],"medium_large":["https:\/\/experienciadevida.com.ar\/portalurbano\/wp-content\/uploads\/2022\/09\/Debemos-estar-orgullosos-del-768x413.jpg",640,344,true],"large":["https:\/\/experienciadevida.com.ar\/portalurbano\/wp-content\/uploads\/2022\/09\/Debemos-estar-orgullosos-del-1024x551.jpg",640,344,true],"ug_big":["https:\/\/experienciadevida.com.ar\/portalurbano\/wp-content\/uploads\/2022\/09\/Debemos-estar-orgullosos-del-768x413.jpg",768,413,true],"1536x1536":["https:\/\/experienciadevida.com.ar\/portalurbano\/wp-content\/uploads\/2022\/09\/Debemos-estar-orgullosos-del.jpg",1201,646,false],"2048x2048":["https:\/\/experienciadevida.com.ar\/portalurbano\/wp-content\/uploads\/2022\/09\/Debemos-estar-orgullosos-del.jpg",1201,646,false],"newsever-slider-full":["https:\/\/experienciadevida.com.ar\/portalurbano\/wp-content\/uploads\/2022\/09\/Debemos-estar-orgullosos-del.jpg",1201,646,false],"newsever-featured":["https:\/\/experienciadevida.com.ar\/portalurbano\/wp-content\/uploads\/2022\/09\/Debemos-estar-orgullosos-del.jpg",1024,551,false],"newsever-medium":["https:\/\/experienciadevida.com.ar\/portalurbano\/wp-content\/uploads\/2022\/09\/Debemos-estar-orgullosos-del.jpg",720,387,false],"web-stories-poster-portrait":["https:\/\/experienciadevida.com.ar\/portalurbano\/wp-content\/uploads\/2022\/09\/Debemos-estar-orgullosos-del-640x646.jpg",640,646,true],"web-stories-publisher-logo":["https:\/\/experienciadevida.com.ar\/portalurbano\/wp-content\/uploads\/2022\/09\/Debemos-estar-orgullosos-del-96x96.jpg",96,96,true],"web-stories-thumbnail":["https:\/\/experienciadevida.com.ar\/portalurbano\/wp-content\/uploads\/2022\/09\/Debemos-estar-orgullosos-del-150x81.jpg",150,81,true]},"author_info":{"display_name":"admpu17wp","author_link":"https:\/\/experienciadevida.com.ar\/portalurbano\/author\/admpu17wp\/"},"category_info":"<a href=\"https:\/\/experienciadevida.com.ar\/portalurbano\/category\/ciudad\/\" rel=\"category tag\">Ciudad<\/a>","tag_info":"Ciudad","comment_count":"0","amp_enabled":true,"_links":{"self":[{"href":"https:\/\/experienciadevida.com.ar\/portalurbano\/wp-json\/wp\/v2\/posts\/174755"}],"collection":[{"href":"https:\/\/experienciadevida.com.ar\/portalurbano\/wp-json\/wp\/v2\/posts"}],"about":[{"href":"https:\/\/experienciadevida.com.ar\/portalurbano\/wp-json\/wp\/v2\/types\/post"}],"author":[{"embeddable":true,"href":"https:\/\/experienciadevida.com.ar\/portalurbano\/wp-json\/wp\/v2\/users\/1"}],"replies":[{"embeddable":true,"href":"https:\/\/experienciadevida.com.ar\/portalurbano\/wp-json\/wp\/v2\/comments?post=174755"}],"version-history":[{"count":2,"href":"https:\/\/experienciadevida.com.ar\/portalurbano\/wp-json\/wp\/v2\/posts\/174755\/revisions"}],"predecessor-version":[{"id":174761,"href":"https:\/\/experienciadevida.com.ar\/portalurbano\/wp-json\/wp\/v2\/posts\/174755\/revisions\/174761"}],"wp:featuredmedia":[{"embeddable":true,"href":"https:\/\/experienciadevida.com.ar\/portalurbano\/wp-json\/wp\/v2\/media\/174756"}],"wp:attachment":[{"href":"https:\/\/experienciadevida.com.ar\/portalurbano\/wp-json\/wp\/v2\/media?parent=174755"}],"wp:term":[{"taxonomy":"category","embeddable":true,"href":"https:\/\/experienciadevida.com.ar\/portalurbano\/wp-json\/wp\/v2\/categories?post=174755"},{"taxonomy":"post_tag","embeddable":true,"href":"https:\/\/experienciadevida.com.ar\/portalurbano\/wp-json\/wp\/v2\/tags?post=174755"}],"curies":[{"name":"wp","href":"https:\/\/api.w.org\/{rel}","templated":true}]}}