{"id":174688,"date":"2022-09-02T18:11:13","date_gmt":"2022-09-02T21:11:13","guid":{"rendered":"https:\/\/experienciadevida.com.ar\/portalurbano\/?p=174688"},"modified":"2022-09-02T19:09:39","modified_gmt":"2022-09-02T22:09:39","slug":"masiva-movilizacion-repudiando-la-tentativa-de-magnicidio-contra-cristina-fernandez","status":"publish","type":"post","link":"https:\/\/experienciadevida.com.ar\/portalurbano\/masiva-movilizacion-repudiando-la-tentativa-de-magnicidio-contra-cristina-fernandez\/","title":{"rendered":"Masiva movilizaci\u00f3n repudiando la tentativa de magnicidio contra Cristina Fernandez"},"content":{"rendered":"<p>Desde el mediod\u00eda los referentes de las distintas organizaciones justicialistas de la ciudad, se concentraron en el paseo Jes\u00fas Mend\u00eda y luego marcharon por el centro de la ciudad, para finalizar con discursos de las organizaciones presentes.<\/p>\n<p>Se convoc\u00f3 desde el Frente de Todos al paseo <a href=\"https:\/\/experienciadevida.com.ar\/portalurbano\/convocan-a-una-concentracion-en-la-plaza-central-a-la-hora-12\/\">Jes\u00fas Mend\u00eda<\/a>. &#8220;Se pasaron todos los l\u00edmites&#8221;, sostuvieron.<\/p>\n<hr \/>\n<p>Inmediatamente despu\u00e9s, esos sectores, junto a vecinos, generaron una importante movilizaci\u00f3n que march\u00f3 por las calles c\u00e9ntricas de nuestra ciudad\u00a0 en defensa de la Democracia, a partir de la tentativa de magnicidio de la vicepresidenta de la Naci\u00f3n Cristina Fern\u00e1ndez de Kirchner.<\/p>\n<p><a href=\"https:\/\/experienciadevida.com.ar\/portalurbano\/masiva-movilizacion-repudiando-la-tentativa-de-magnicidio-contra-cristina-fernandez\/d20d820f-8964-49e8-b2a3-f3d7488da086\/\" rel=\"attachment wp-att-174691\"><img decoding=\"async\" class=\"alignnone wp-image-174691 size-large\" src=\"https:\/\/experienciadevida.com.ar\/portalurbano\/wp-content\/uploads\/2022\/09\/d20d820f-8964-49e8-b2a3-f3d7488da086-1024x685.jpg\" alt=\"\" width=\"900\" height=\"602\" srcset=\"https:\/\/experienciadevida.com.ar\/portalurbano\/wp-content\/uploads\/2022\/09\/d20d820f-8964-49e8-b2a3-f3d7488da086-1024x685.jpg 1024w, https:\/\/experienciadevida.com.ar\/portalurbano\/wp-content\/uploads\/2022\/09\/d20d820f-8964-49e8-b2a3-f3d7488da086-300x201.jpg 300w, https:\/\/experienciadevida.com.ar\/portalurbano\/wp-content\/uploads\/2022\/09\/d20d820f-8964-49e8-b2a3-f3d7488da086-768x514.jpg 768w, https:\/\/experienciadevida.com.ar\/portalurbano\/wp-content\/uploads\/2022\/09\/d20d820f-8964-49e8-b2a3-f3d7488da086-150x100.jpg 150w, https:\/\/experienciadevida.com.ar\/portalurbano\/wp-content\/uploads\/2022\/09\/d20d820f-8964-49e8-b2a3-f3d7488da086.jpg 1303w\" sizes=\"(max-width: 900px) 100vw, 900px\" \/><\/a><\/p>\n<p>Luego, regresaron a las puertas del Palacio Municipal, sobre el Paseo Jesus Mendia, los referentes de cada uno de los sectores presentes fueron hablando y repudiando el intento de asesinar a la dos veces primera mandataria de la Argentina.<\/p>\n<p>Hubo micr\u00f3fono abierto donde el primero en expresarse fue el secretario del sindicato de trabajadores municipales ( STMO) posteriormente hablo Hosanna Casola, Carmelo Vinci, cerrando el acto el dirigente Ariel Rodriguez del Movimiento Evita.<\/p>\n<p>\u00abDesde\u00a0<strong>hace tiempo advertimos que las incitaciones al odio vertidas desde distintos \u00e1mbitos<\/strong>\u00a0de poder pol\u00edtico,\u00a0medi\u00e1tico y judicial contra la ex Presidenta, s\u00f3lo provocan un clima de violencia extrema\u00bb, expresaron.<\/p>\n<p>Instaron \u00aba la sociedad en su conjunto a\u00a0<strong>sumarse a este repudio, como tambi\u00e9n a comprometerse con la b\u00fasqueda de la Paz Social<\/strong>\u00a0por encima de cualquier\u00a0diferencia\u00bb<\/p>\n<p>&#8220;Es una responsabilidad de los dirigentes, no solo pol\u00edticos, sino sociales, empresariales y eclesi\u00e1sticos.\u00a0<strong>Todos tienen que estar respaldando esto porque es un da\u00f1o para la democracia&#8221;<\/strong>, a\u00f1adieron los dirigentes<\/p>\n<p>Adem\u00e1s, remarcaron que se debe mantener la &#8220;prudencia&#8221; y apuntaron contra la grieta que, seg\u00fan su visi\u00f3n, desencaden\u00f3 &#8220;un espiral de irracionalidad en donde todo consiste en agredir al otro y nadie propone nada&#8221;.<\/p>\n<p>Tambi\u00e9n hizo declaraciones una mujer mayor que calific\u00f3 lo sucedido como &#8220;un atentado a la democracia, no a Cristina&#8221;. &#8220;Los que tenemos una edad avanzada pensamos que no lo \u00edbamos a vivir m\u00e1s. Los que defienden esto son los odiadores de siempre&#8221;, se\u00f1al\u00f3 y concluy\u00f3: &#8220;el que no entiende esto es porque no tiene cultura hist\u00f3rica&#8221;<\/p>\n<div style=\"width: 640px;\" class=\"wp-video\"><!--[if lt IE 9]><script>document.createElement('video');<\/script><![endif]-->\n<video class=\"wp-video-shortcode\" id=\"video-174688-1\" width=\"640\" height=\"352\" preload=\"metadata\" controls=\"controls\"><source type=\"video\/mp4\" src=\"https:\/\/experienciadevida.com.ar\/portalurbano\/wp-content\/uploads\/2022\/09\/WhatsApp-Video-2022-09-02-at-2.48.11-PM.mp4?_=1\" \/><a href=\"https:\/\/experienciadevida.com.ar\/portalurbano\/wp-content\/uploads\/2022\/09\/WhatsApp-Video-2022-09-02-at-2.48.11-PM.mp4\">https:\/\/experienciadevida.com.ar\/portalurbano\/wp-content\/uploads\/2022\/09\/WhatsApp-Video-2022-09-02-at-2.48.11-PM.mp4<\/a><\/video><\/div>\n","protected":false},"excerpt":{"rendered":"<p>Desde el mediod\u00eda los referentes de las distintas organizaciones justicialistas de la ciudad, se concentraron&#8230;<\/p>\n","protected":false},"author":1,"featured_media":174690,"comment_status":"closed","ping_status":"closed","sticky":false,"template":"","format":"standard","meta":{"content-type":""},"categories":[27,51],"tags":[708],"nelio_content":{"isAutoShareEnabled":false,"autoShareEndMode":"default","automationSources":{"useContentSentences":true,"useSocialTemplates":true,"useCustomSentences":false,"customSentences":[]},"followers":[1],"suggestedReferences":[],"includedReferences":[],"efiUrl":"","efiAlt":"","highlights":[]},"yoast_head":"<!-- This site is optimized with the Yoast SEO plugin v20.7 - https:\/\/yoast.com\/wordpress\/plugins\/seo\/ -->\n<title>Masiva movilizaci\u00f3n repudiando la tentativa de magnicidio<\/title>\n<meta name=\"description\" content=\"Desde el mediod\u00eda los referentes de las distintas organizaciones justicialistas de la ciudad, se concentraron en el paseo Jes\u00fas Mend\u00eda y luego\" \/>\n<meta name=\"robots\" content=\"index, follow, max-snippet:-1, max-image-preview:large, max-video-preview:-1\" \/>\n<link rel=\"canonical\" href=\"https:\/\/experienciadevida.com.ar\/portalurbano\/masiva-movilizacion-repudiando-la-tentativa-de-magnicidio-contra-cristina-fernandez\/\" \/>\n<meta property=\"og:locale\" content=\"es_ES\" \/>\n<meta property=\"og:type\" content=\"article\" \/>\n<meta property=\"og:title\" content=\"Masiva movilizaci\u00f3n repudiando la tentativa de magnicidio\" \/>\n<meta property=\"og:description\" content=\"Desde el mediod\u00eda los referentes de las distintas organizaciones justicialistas de la ciudad, se concentraron en el paseo Jes\u00fas Mend\u00eda y luego\" \/>\n<meta property=\"og:url\" content=\"https:\/\/experienciadevida.com.ar\/portalurbano\/masiva-movilizacion-repudiando-la-tentativa-de-magnicidio-contra-cristina-fernandez\/\" \/>\n<meta property=\"article:publisher\" content=\"https:\/\/www.facebook.com\/Portal-Urbano-171542830093757\/\" \/>\n<meta property=\"article:published_time\" content=\"2022-09-02T21:11:13+00:00\" \/>\n<meta property=\"article:modified_time\" content=\"2022-09-02T22:09:39+00:00\" \/>\n<meta property=\"og:image\" content=\"https:\/\/experienciadevida.com.ar\/portalurbano\/wp-content\/uploads\/2022\/09\/77eeb743-acf7-4502-94af-ae71de3078d1.jpg\" \/>\n\t<meta property=\"og:image:width\" content=\"1325\" \/>\n\t<meta property=\"og:image:height\" content=\"1116\" \/>\n\t<meta property=\"og:image:type\" content=\"image\/jpeg\" \/>\n<meta name=\"author\" content=\"admpu17wp\" \/>\n<meta name=\"twitter:card\" content=\"summary_large_image\" \/>\n<meta name=\"twitter:creator\" content=\"@portalurbanook\" \/>\n<meta name=\"twitter:site\" content=\"@portalurbanook\" \/>\n<meta name=\"twitter:label1\" content=\"Escrito por\" \/>\n\t<meta name=\"twitter:data1\" content=\"admpu17wp\" \/>\n\t<meta name=\"twitter:label2\" content=\"Tiempo de lectura\" \/>\n\t<meta name=\"twitter:data2\" content=\"2 minutos\" \/>\n<script type=\"application\/ld+json\" class=\"yoast-schema-graph\">{\"@context\":\"https:\/\/schema.org\",\"@graph\":[{\"@type\":\"Article\",\"@id\":\"https:\/\/experienciadevida.com.ar\/portalurbano\/masiva-movilizacion-repudiando-la-tentativa-de-magnicidio-contra-cristina-fernandez\/#article\",\"isPartOf\":{\"@id\":\"https:\/\/experienciadevida.com.ar\/portalurbano\/masiva-movilizacion-repudiando-la-tentativa-de-magnicidio-contra-cristina-fernandez\/\"},\"author\":{\"name\":\"admpu17wp\",\"@id\":\"https:\/\/experienciadevida.com.ar\/portalurbano\/#\/schema\/person\/02dd326b1c4b056e9cc972486934a3a7\"},\"headline\":\"Masiva movilizaci\u00f3n repudiando la tentativa de magnicidio contra Cristina Fernandez\",\"datePublished\":\"2022-09-02T21:11:13+00:00\",\"dateModified\":\"2022-09-02T22:09:39+00:00\",\"mainEntityOfPage\":{\"@id\":\"https:\/\/experienciadevida.com.ar\/portalurbano\/masiva-movilizacion-repudiando-la-tentativa-de-magnicidio-contra-cristina-fernandez\/\"},\"wordCount\":404,\"publisher\":{\"@id\":\"https:\/\/experienciadevida.com.ar\/portalurbano\/#organization\"},\"keywords\":[\"magnicidio\"],\"articleSection\":[\"Ciudad\",\"Destacadas\"],\"inLanguage\":\"es\"},{\"@type\":\"WebPage\",\"@id\":\"https:\/\/experienciadevida.com.ar\/portalurbano\/masiva-movilizacion-repudiando-la-tentativa-de-magnicidio-contra-cristina-fernandez\/\",\"url\":\"https:\/\/experienciadevida.com.ar\/portalurbano\/masiva-movilizacion-repudiando-la-tentativa-de-magnicidio-contra-cristina-fernandez\/\",\"name\":\"Masiva movilizaci\u00f3n repudiando la tentativa de magnicidio\",\"isPartOf\":{\"@id\":\"https:\/\/experienciadevida.com.ar\/portalurbano\/#website\"},\"datePublished\":\"2022-09-02T21:11:13+00:00\",\"dateModified\":\"2022-09-02T22:09:39+00:00\",\"description\":\"Desde el mediod\u00eda los referentes de las distintas organizaciones justicialistas de la ciudad, se concentraron en el paseo Jes\u00fas Mend\u00eda y luego\",\"breadcrumb\":{\"@id\":\"https:\/\/experienciadevida.com.ar\/portalurbano\/masiva-movilizacion-repudiando-la-tentativa-de-magnicidio-contra-cristina-fernandez\/#breadcrumb\"},\"inLanguage\":\"es\",\"potentialAction\":[{\"@type\":\"ReadAction\",\"target\":[\"https:\/\/experienciadevida.com.ar\/portalurbano\/masiva-movilizacion-repudiando-la-tentativa-de-magnicidio-contra-cristina-fernandez\/\"]}]},{\"@type\":\"BreadcrumbList\",\"@id\":\"https:\/\/experienciadevida.com.ar\/portalurbano\/masiva-movilizacion-repudiando-la-tentativa-de-magnicidio-contra-cristina-fernandez\/#breadcrumb\",\"itemListElement\":[{\"@type\":\"ListItem\",\"position\":1,\"name\":\"Portada\",\"item\":\"https:\/\/experienciadevida.com.ar\/portalurbano\/\"},{\"@type\":\"ListItem\",\"position\":2,\"name\":\"Masiva movilizaci\u00f3n repudiando la tentativa de magnicidio contra Cristina Fernandez\"}]},{\"@type\":\"WebSite\",\"@id\":\"https:\/\/experienciadevida.com.ar\/portalurbano\/#website\",\"url\":\"https:\/\/experienciadevida.com.ar\/portalurbano\/\",\"name\":\"\",\"description\":\"\",\"publisher\":{\"@id\":\"https:\/\/experienciadevida.com.ar\/portalurbano\/#organization\"},\"potentialAction\":[{\"@type\":\"SearchAction\",\"target\":{\"@type\":\"EntryPoint\",\"urlTemplate\":\"https:\/\/experienciadevida.com.ar\/portalurbano\/?s={search_term_string}\"},\"query-input\":\"required name=search_term_string\"}],\"inLanguage\":\"es\"},{\"@type\":\"Organization\",\"@id\":\"https:\/\/experienciadevida.com.ar\/portalurbano\/#organization\",\"name\":\"Portal Urbano\",\"url\":\"https:\/\/experienciadevida.com.ar\/portalurbano\/\",\"logo\":{\"@type\":\"ImageObject\",\"inLanguage\":\"es\",\"@id\":\"https:\/\/experienciadevida.com.ar\/portalurbano\/#\/schema\/logo\/image\/\",\"url\":\"https:\/\/experienciadevida.com.ar\/portalurbano\/wp-content\/uploads\/2019\/09\/Logo-Original.png\",\"contentUrl\":\"https:\/\/experienciadevida.com.ar\/portalurbano\/wp-content\/uploads\/2019\/09\/Logo-Original.png\",\"width\":2236,\"height\":1216,\"caption\":\"Portal Urbano\"},\"image\":{\"@id\":\"https:\/\/experienciadevida.com.ar\/portalurbano\/#\/schema\/logo\/image\/\"},\"sameAs\":[\"https:\/\/www.facebook.com\/Portal-Urbano-171542830093757\/\",\"https:\/\/twitter.com\/portalurbanook\",\"https:\/\/www.instagram.com\/_portalurbano\/\",\"https:\/\/www.youtube.com\/channel\/UCXhagIfszH8KxFiOok79zbA?view_as=subscriber\"]},{\"@type\":\"Person\",\"@id\":\"https:\/\/experienciadevida.com.ar\/portalurbano\/#\/schema\/person\/02dd326b1c4b056e9cc972486934a3a7\",\"name\":\"admpu17wp\",\"image\":{\"@type\":\"ImageObject\",\"inLanguage\":\"es\",\"@id\":\"https:\/\/experienciadevida.com.ar\/portalurbano\/#\/schema\/person\/image\/\",\"url\":\"https:\/\/secure.gravatar.com\/avatar\/830d4c57adaae6630765e449a6908047?s=96&d=mm&r=g\",\"contentUrl\":\"https:\/\/secure.gravatar.com\/avatar\/830d4c57adaae6630765e449a6908047?s=96&d=mm&r=g\",\"caption\":\"admpu17wp\"}}]}<\/script>\n<!-- \/ Yoast SEO plugin. -->","yoast_head_json":{"title":"Masiva movilizaci\u00f3n repudiando la tentativa de magnicidio","description":"Desde el mediod\u00eda los referentes de las distintas organizaciones justicialistas de la ciudad, se concentraron en el paseo Jes\u00fas Mend\u00eda y luego","robots":{"index":"index","follow":"follow","max-snippet":"max-snippet:-1","max-image-preview":"max-image-preview:large","max-video-preview":"max-video-preview:-1"},"canonical":"https:\/\/experienciadevida.com.ar\/portalurbano\/masiva-movilizacion-repudiando-la-tentativa-de-magnicidio-contra-cristina-fernandez\/","og_locale":"es_ES","og_type":"article","og_title":"Masiva movilizaci\u00f3n repudiando la tentativa de magnicidio","og_description":"Desde el mediod\u00eda los referentes de las distintas organizaciones justicialistas de la ciudad, se concentraron en el paseo Jes\u00fas Mend\u00eda y luego","og_url":"https:\/\/experienciadevida.com.ar\/portalurbano\/masiva-movilizacion-repudiando-la-tentativa-de-magnicidio-contra-cristina-fernandez\/","article_publisher":"https:\/\/www.facebook.com\/Portal-Urbano-171542830093757\/","article_published_time":"2022-09-02T21:11:13+00:00","article_modified_time":"2022-09-02T22:09:39+00:00","og_image":[{"width":1325,"height":1116,"url":"https:\/\/experienciadevida.com.ar\/portalurbano\/wp-content\/uploads\/2022\/09\/77eeb743-acf7-4502-94af-ae71de3078d1.jpg","type":"image\/jpeg"}],"author":"admpu17wp","twitter_card":"summary_large_image","twitter_creator":"@portalurbanook","twitter_site":"@portalurbanook","twitter_misc":{"Escrito por":"admpu17wp","Tiempo de lectura":"2 minutos"},"schema":{"@context":"https:\/\/schema.org","@graph":[{"@type":"Article","@id":"https:\/\/experienciadevida.com.ar\/portalurbano\/masiva-movilizacion-repudiando-la-tentativa-de-magnicidio-contra-cristina-fernandez\/#article","isPartOf":{"@id":"https:\/\/experienciadevida.com.ar\/portalurbano\/masiva-movilizacion-repudiando-la-tentativa-de-magnicidio-contra-cristina-fernandez\/"},"author":{"name":"admpu17wp","@id":"https:\/\/experienciadevida.com.ar\/portalurbano\/#\/schema\/person\/02dd326b1c4b056e9cc972486934a3a7"},"headline":"Masiva movilizaci\u00f3n repudiando la tentativa de magnicidio contra Cristina Fernandez","datePublished":"2022-09-02T21:11:13+00:00","dateModified":"2022-09-02T22:09:39+00:00","mainEntityOfPage":{"@id":"https:\/\/experienciadevida.com.ar\/portalurbano\/masiva-movilizacion-repudiando-la-tentativa-de-magnicidio-contra-cristina-fernandez\/"},"wordCount":404,"publisher":{"@id":"https:\/\/experienciadevida.com.ar\/portalurbano\/#organization"},"keywords":["magnicidio"],"articleSection":["Ciudad","Destacadas"],"inLanguage":"es"},{"@type":"WebPage","@id":"https:\/\/experienciadevida.com.ar\/portalurbano\/masiva-movilizacion-repudiando-la-tentativa-de-magnicidio-contra-cristina-fernandez\/","url":"https:\/\/experienciadevida.com.ar\/portalurbano\/masiva-movilizacion-repudiando-la-tentativa-de-magnicidio-contra-cristina-fernandez\/","name":"Masiva movilizaci\u00f3n repudiando la tentativa de magnicidio","isPartOf":{"@id":"https:\/\/experienciadevida.com.ar\/portalurbano\/#website"},"datePublished":"2022-09-02T21:11:13+00:00","dateModified":"2022-09-02T22:09:39+00:00","description":"Desde el mediod\u00eda los referentes de las distintas organizaciones justicialistas de la ciudad, se concentraron en el paseo Jes\u00fas Mend\u00eda y luego","breadcrumb":{"@id":"https:\/\/experienciadevida.com.ar\/portalurbano\/masiva-movilizacion-repudiando-la-tentativa-de-magnicidio-contra-cristina-fernandez\/#breadcrumb"},"inLanguage":"es","potentialAction":[{"@type":"ReadAction","target":["https:\/\/experienciadevida.com.ar\/portalurbano\/masiva-movilizacion-repudiando-la-tentativa-de-magnicidio-contra-cristina-fernandez\/"]}]},{"@type":"BreadcrumbList","@id":"https:\/\/experienciadevida.com.ar\/portalurbano\/masiva-movilizacion-repudiando-la-tentativa-de-magnicidio-contra-cristina-fernandez\/#breadcrumb","itemListElement":[{"@type":"ListItem","position":1,"name":"Portada","item":"https:\/\/experienciadevida.com.ar\/portalurbano\/"},{"@type":"ListItem","position":2,"name":"Masiva movilizaci\u00f3n repudiando la tentativa de magnicidio contra Cristina Fernandez"}]},{"@type":"WebSite","@id":"https:\/\/experienciadevida.com.ar\/portalurbano\/#website","url":"https:\/\/experienciadevida.com.ar\/portalurbano\/","name":"","description":"","publisher":{"@id":"https:\/\/experienciadevida.com.ar\/portalurbano\/#organization"},"potentialAction":[{"@type":"SearchAction","target":{"@type":"EntryPoint","urlTemplate":"https:\/\/experienciadevida.com.ar\/portalurbano\/?s={search_term_string}"},"query-input":"required name=search_term_string"}],"inLanguage":"es"},{"@type":"Organization","@id":"https:\/\/experienciadevida.com.ar\/portalurbano\/#organization","name":"Portal Urbano","url":"https:\/\/experienciadevida.com.ar\/portalurbano\/","logo":{"@type":"ImageObject","inLanguage":"es","@id":"https:\/\/experienciadevida.com.ar\/portalurbano\/#\/schema\/logo\/image\/","url":"https:\/\/experienciadevida.com.ar\/portalurbano\/wp-content\/uploads\/2019\/09\/Logo-Original.png","contentUrl":"https:\/\/experienciadevida.com.ar\/portalurbano\/wp-content\/uploads\/2019\/09\/Logo-Original.png","width":2236,"height":1216,"caption":"Portal Urbano"},"image":{"@id":"https:\/\/experienciadevida.com.ar\/portalurbano\/#\/schema\/logo\/image\/"},"sameAs":["https:\/\/www.facebook.com\/Portal-Urbano-171542830093757\/","https:\/\/twitter.com\/portalurbanook","https:\/\/www.instagram.com\/_portalurbano\/","https:\/\/www.youtube.com\/channel\/UCXhagIfszH8KxFiOok79zbA?view_as=subscriber"]},{"@type":"Person","@id":"https:\/\/experienciadevida.com.ar\/portalurbano\/#\/schema\/person\/02dd326b1c4b056e9cc972486934a3a7","name":"admpu17wp","image":{"@type":"ImageObject","inLanguage":"es","@id":"https:\/\/experienciadevida.com.ar\/portalurbano\/#\/schema\/person\/image\/","url":"https:\/\/secure.gravatar.com\/avatar\/830d4c57adaae6630765e449a6908047?s=96&d=mm&r=g","contentUrl":"https:\/\/secure.gravatar.com\/avatar\/830d4c57adaae6630765e449a6908047?s=96&d=mm&r=g","caption":"admpu17wp"}}]}},"featured_image_urls":{"full":["https:\/\/experienciadevida.com.ar\/portalurbano\/wp-content\/uploads\/2022\/09\/77eeb743-acf7-4502-94af-ae71de3078d1.jpg",1325,1116,false],"thumbnail":["https:\/\/experienciadevida.com.ar\/portalurbano\/wp-content\/uploads\/2022\/09\/77eeb743-acf7-4502-94af-ae71de3078d1-150x150.jpg",150,150,true],"medium":["https:\/\/experienciadevida.com.ar\/portalurbano\/wp-content\/uploads\/2022\/09\/77eeb743-acf7-4502-94af-ae71de3078d1-300x253.jpg",300,253,true],"medium_large":["https:\/\/experienciadevida.com.ar\/portalurbano\/wp-content\/uploads\/2022\/09\/77eeb743-acf7-4502-94af-ae71de3078d1-768x647.jpg",640,539,true],"large":["https:\/\/experienciadevida.com.ar\/portalurbano\/wp-content\/uploads\/2022\/09\/77eeb743-acf7-4502-94af-ae71de3078d1-1024x862.jpg",640,539,true],"ug_big":["https:\/\/experienciadevida.com.ar\/portalurbano\/wp-content\/uploads\/2022\/09\/77eeb743-acf7-4502-94af-ae71de3078d1-768x647.jpg",768,647,true],"1536x1536":["https:\/\/experienciadevida.com.ar\/portalurbano\/wp-content\/uploads\/2022\/09\/77eeb743-acf7-4502-94af-ae71de3078d1.jpg",1325,1116,false],"2048x2048":["https:\/\/experienciadevida.com.ar\/portalurbano\/wp-content\/uploads\/2022\/09\/77eeb743-acf7-4502-94af-ae71de3078d1.jpg",1325,1116,false],"newsever-slider-full":["https:\/\/experienciadevida.com.ar\/portalurbano\/wp-content\/uploads\/2022\/09\/77eeb743-acf7-4502-94af-ae71de3078d1.jpg",1003,845,false],"newsever-featured":["https:\/\/experienciadevida.com.ar\/portalurbano\/wp-content\/uploads\/2022\/09\/77eeb743-acf7-4502-94af-ae71de3078d1.jpg",1024,862,false],"newsever-medium":["https:\/\/experienciadevida.com.ar\/portalurbano\/wp-content\/uploads\/2022\/09\/77eeb743-acf7-4502-94af-ae71de3078d1.jpg",564,475,false],"web-stories-poster-portrait":["https:\/\/experienciadevida.com.ar\/portalurbano\/wp-content\/uploads\/2022\/09\/77eeb743-acf7-4502-94af-ae71de3078d1-640x853.jpg",640,853,true],"web-stories-publisher-logo":["https:\/\/experienciadevida.com.ar\/portalurbano\/wp-content\/uploads\/2022\/09\/77eeb743-acf7-4502-94af-ae71de3078d1-96x96.jpg",96,96,true],"web-stories-thumbnail":["https:\/\/experienciadevida.com.ar\/portalurbano\/wp-content\/uploads\/2022\/09\/77eeb743-acf7-4502-94af-ae71de3078d1-150x126.jpg",150,126,true]},"author_info":{"display_name":"admpu17wp","author_link":"https:\/\/experienciadevida.com.ar\/portalurbano\/author\/admpu17wp\/"},"category_info":"<a href=\"https:\/\/experienciadevida.com.ar\/portalurbano\/category\/ciudad\/\" rel=\"category tag\">Ciudad<\/a> <a href=\"https:\/\/experienciadevida.com.ar\/portalurbano\/category\/destacadas\/\" rel=\"category tag\">Destacadas<\/a>","tag_info":"Destacadas","comment_count":"0","amp_enabled":true,"_links":{"self":[{"href":"https:\/\/experienciadevida.com.ar\/portalurbano\/wp-json\/wp\/v2\/posts\/174688"}],"collection":[{"href":"https:\/\/experienciadevida.com.ar\/portalurbano\/wp-json\/wp\/v2\/posts"}],"about":[{"href":"https:\/\/experienciadevida.com.ar\/portalurbano\/wp-json\/wp\/v2\/types\/post"}],"author":[{"embeddable":true,"href":"https:\/\/experienciadevida.com.ar\/portalurbano\/wp-json\/wp\/v2\/users\/1"}],"replies":[{"embeddable":true,"href":"https:\/\/experienciadevida.com.ar\/portalurbano\/wp-json\/wp\/v2\/comments?post=174688"}],"version-history":[{"count":5,"href":"https:\/\/experienciadevida.com.ar\/portalurbano\/wp-json\/wp\/v2\/posts\/174688\/revisions"}],"predecessor-version":[{"id":174702,"href":"https:\/\/experienciadevida.com.ar\/portalurbano\/wp-json\/wp\/v2\/posts\/174688\/revisions\/174702"}],"wp:featuredmedia":[{"embeddable":true,"href":"https:\/\/experienciadevida.com.ar\/portalurbano\/wp-json\/wp\/v2\/media\/174690"}],"wp:attachment":[{"href":"https:\/\/experienciadevida.com.ar\/portalurbano\/wp-json\/wp\/v2\/media?parent=174688"}],"wp:term":[{"taxonomy":"category","embeddable":true,"href":"https:\/\/experienciadevida.com.ar\/portalurbano\/wp-json\/wp\/v2\/categories?post=174688"},{"taxonomy":"post_tag","embeddable":true,"href":"https:\/\/experienciadevida.com.ar\/portalurbano\/wp-json\/wp\/v2\/tags?post=174688"}],"curies":[{"name":"wp","href":"https:\/\/api.w.org\/{rel}","templated":true}]}}