{"id":174671,"date":"2022-09-02T10:19:24","date_gmt":"2022-09-02T13:19:24","guid":{"rendered":"https:\/\/experienciadevida.com.ar\/portalurbano\/?p=174671"},"modified":"2022-09-02T10:27:06","modified_gmt":"2022-09-02T13:27:06","slug":"convocan-a-una-concentracion-en-la-plaza-central-a-la-hora-12","status":"publish","type":"post","link":"https:\/\/experienciadevida.com.ar\/portalurbano\/convocan-a-una-concentracion-en-la-plaza-central-a-la-hora-12\/","title":{"rendered":"Convocan a una concentraci\u00f3n en la Plaza central a la hora 12"},"content":{"rendered":"<p><a href=\"https:\/\/experienciadevida.com.ar\/portalurbano\/sindicatos-convocan-a-una-marcha-en-olavarria-para-este-viernes\/\">El Frente Sindical y Gremial de Olavarr\u00eda<\/a>, convocan a las organizaciones, a concentrar <strong>ESTE VIERNES A LAS 12 HS. EN LA PLAZA CENTRAL<\/strong>, para manifestar por la paz y la convivencia democr\u00e1tica y en contra de acciones y discursos que instigan el odio y la intolerancia pol\u00edtica.<\/p>\n<p>Asimismo, invitan a todas las agrupaciones del movimiento obrero organizado, organizaciones sociales y pol\u00edticas de nuestro medio, a sumarse a esta expresi\u00f3n generalizada de repudio al atentado a la compa\u00f1era vicepresidenta <a href=\"https:\/\/experienciadevida.com.ar\/portalurbano\/un-hombre-quiso-matar-a-cristina-kirchner-en-la-puerta-de-su-casa-mientras-saludaba-a-la-militancia\/\">Cristina Fern\u00e1ndez de Kirchner<\/a><\/p>\n","protected":false},"excerpt":{"rendered":"<p>El Frente Sindical y Gremial de Olavarr\u00eda, convocan a las organizaciones, a concentrar ESTE VIERNES&#8230;<\/p>\n","protected":false},"author":1,"featured_media":82687,"comment_status":"closed","ping_status":"closed","sticky":false,"template":"","format":"standard","meta":{"content-type":""},"categories":[27,51],"tags":[],"nelio_content":{"isAutoShareEnabled":false,"autoShareEndMode":"default","automationSources":{"useContentSentences":true,"useSocialTemplates":true,"useCustomSentences":false,"customSentences":[]},"followers":[1],"suggestedReferences":[],"includedReferences":[],"efiUrl":"","efiAlt":"","highlights":[]},"yoast_head":"<!-- This site is optimized with the Yoast SEO plugin v20.7 - https:\/\/yoast.com\/wordpress\/plugins\/seo\/ -->\n<title>Convocan a una concentraci\u00f3n en la Plaza central a la hora 12<\/title>\n<meta name=\"description\" content=\"El Frente Sindical y Gremial de Olavarr\u00eda, convoca a las organizaciones, a concentrar ESTE VIERNES A LAS 12 HS. EN LA PLAZA CENTRAL,\" \/>\n<meta name=\"robots\" content=\"index, follow, max-snippet:-1, max-image-preview:large, max-video-preview:-1\" \/>\n<link rel=\"canonical\" href=\"https:\/\/experienciadevida.com.ar\/portalurbano\/convocan-a-una-concentracion-en-la-plaza-central-a-la-hora-12\/\" \/>\n<meta property=\"og:locale\" content=\"es_ES\" \/>\n<meta property=\"og:type\" content=\"article\" \/>\n<meta property=\"og:title\" content=\"Convocan a una concentraci\u00f3n en la Plaza central a la hora 12\" \/>\n<meta property=\"og:description\" content=\"El Frente Sindical y Gremial de Olavarr\u00eda, convoca a las organizaciones, a concentrar ESTE VIERNES A LAS 12 HS. EN LA PLAZA CENTRAL,\" \/>\n<meta property=\"og:url\" content=\"https:\/\/experienciadevida.com.ar\/portalurbano\/convocan-a-una-concentracion-en-la-plaza-central-a-la-hora-12\/\" \/>\n<meta property=\"article:publisher\" content=\"https:\/\/www.facebook.com\/Portal-Urbano-171542830093757\/\" \/>\n<meta property=\"article:published_time\" content=\"2022-09-02T13:19:24+00:00\" \/>\n<meta property=\"article:modified_time\" content=\"2022-09-02T13:27:06+00:00\" \/>\n<meta property=\"og:image\" content=\"https:\/\/experienciadevida.com.ar\/portalurbano\/wp-content\/uploads\/2019\/08\/Plaza-Coronel-Olavarria2-1.jpg\" \/>\n\t<meta property=\"og:image:width\" content=\"750\" \/>\n\t<meta property=\"og:image:height\" content=\"501\" \/>\n\t<meta property=\"og:image:type\" content=\"image\/jpeg\" \/>\n<meta name=\"author\" content=\"admpu17wp\" \/>\n<meta name=\"twitter:card\" content=\"summary_large_image\" \/>\n<meta name=\"twitter:creator\" content=\"@portalurbanook\" \/>\n<meta name=\"twitter:site\" content=\"@portalurbanook\" \/>\n<meta name=\"twitter:label1\" content=\"Escrito por\" \/>\n\t<meta name=\"twitter:data1\" content=\"admpu17wp\" \/>\n\t<meta name=\"twitter:label2\" content=\"Tiempo de lectura\" \/>\n\t<meta name=\"twitter:data2\" content=\"1 minuto\" \/>\n<script type=\"application\/ld+json\" class=\"yoast-schema-graph\">{\"@context\":\"https:\/\/schema.org\",\"@graph\":[{\"@type\":\"Article\",\"@id\":\"https:\/\/experienciadevida.com.ar\/portalurbano\/convocan-a-una-concentracion-en-la-plaza-central-a-la-hora-12\/#article\",\"isPartOf\":{\"@id\":\"https:\/\/experienciadevida.com.ar\/portalurbano\/convocan-a-una-concentracion-en-la-plaza-central-a-la-hora-12\/\"},\"author\":{\"name\":\"admpu17wp\",\"@id\":\"https:\/\/experienciadevida.com.ar\/portalurbano\/#\/schema\/person\/02dd326b1c4b056e9cc972486934a3a7\"},\"headline\":\"Convocan a una concentraci\u00f3n en la Plaza central a la hora 12\",\"datePublished\":\"2022-09-02T13:19:24+00:00\",\"dateModified\":\"2022-09-02T13:27:06+00:00\",\"mainEntityOfPage\":{\"@id\":\"https:\/\/experienciadevida.com.ar\/portalurbano\/convocan-a-una-concentracion-en-la-plaza-central-a-la-hora-12\/\"},\"wordCount\":100,\"publisher\":{\"@id\":\"https:\/\/experienciadevida.com.ar\/portalurbano\/#organization\"},\"articleSection\":[\"Ciudad\",\"Destacadas\"],\"inLanguage\":\"es\"},{\"@type\":\"WebPage\",\"@id\":\"https:\/\/experienciadevida.com.ar\/portalurbano\/convocan-a-una-concentracion-en-la-plaza-central-a-la-hora-12\/\",\"url\":\"https:\/\/experienciadevida.com.ar\/portalurbano\/convocan-a-una-concentracion-en-la-plaza-central-a-la-hora-12\/\",\"name\":\"Convocan a una concentraci\u00f3n en la Plaza central a la hora 12\",\"isPartOf\":{\"@id\":\"https:\/\/experienciadevida.com.ar\/portalurbano\/#website\"},\"datePublished\":\"2022-09-02T13:19:24+00:00\",\"dateModified\":\"2022-09-02T13:27:06+00:00\",\"description\":\"El Frente Sindical y Gremial de Olavarr\u00eda, convoca a las organizaciones, a concentrar ESTE VIERNES A LAS 12 HS. EN LA PLAZA CENTRAL,\",\"breadcrumb\":{\"@id\":\"https:\/\/experienciadevida.com.ar\/portalurbano\/convocan-a-una-concentracion-en-la-plaza-central-a-la-hora-12\/#breadcrumb\"},\"inLanguage\":\"es\",\"potentialAction\":[{\"@type\":\"ReadAction\",\"target\":[\"https:\/\/experienciadevida.com.ar\/portalurbano\/convocan-a-una-concentracion-en-la-plaza-central-a-la-hora-12\/\"]}]},{\"@type\":\"BreadcrumbList\",\"@id\":\"https:\/\/experienciadevida.com.ar\/portalurbano\/convocan-a-una-concentracion-en-la-plaza-central-a-la-hora-12\/#breadcrumb\",\"itemListElement\":[{\"@type\":\"ListItem\",\"position\":1,\"name\":\"Portada\",\"item\":\"https:\/\/experienciadevida.com.ar\/portalurbano\/\"},{\"@type\":\"ListItem\",\"position\":2,\"name\":\"Convocan a una concentraci\u00f3n en la Plaza central a la hora 12\"}]},{\"@type\":\"WebSite\",\"@id\":\"https:\/\/experienciadevida.com.ar\/portalurbano\/#website\",\"url\":\"https:\/\/experienciadevida.com.ar\/portalurbano\/\",\"name\":\"\",\"description\":\"\",\"publisher\":{\"@id\":\"https:\/\/experienciadevida.com.ar\/portalurbano\/#organization\"},\"potentialAction\":[{\"@type\":\"SearchAction\",\"target\":{\"@type\":\"EntryPoint\",\"urlTemplate\":\"https:\/\/experienciadevida.com.ar\/portalurbano\/?s={search_term_string}\"},\"query-input\":\"required name=search_term_string\"}],\"inLanguage\":\"es\"},{\"@type\":\"Organization\",\"@id\":\"https:\/\/experienciadevida.com.ar\/portalurbano\/#organization\",\"name\":\"Portal Urbano\",\"url\":\"https:\/\/experienciadevida.com.ar\/portalurbano\/\",\"logo\":{\"@type\":\"ImageObject\",\"inLanguage\":\"es\",\"@id\":\"https:\/\/experienciadevida.com.ar\/portalurbano\/#\/schema\/logo\/image\/\",\"url\":\"https:\/\/experienciadevida.com.ar\/portalurbano\/wp-content\/uploads\/2019\/09\/Logo-Original.png\",\"contentUrl\":\"https:\/\/experienciadevida.com.ar\/portalurbano\/wp-content\/uploads\/2019\/09\/Logo-Original.png\",\"width\":2236,\"height\":1216,\"caption\":\"Portal Urbano\"},\"image\":{\"@id\":\"https:\/\/experienciadevida.com.ar\/portalurbano\/#\/schema\/logo\/image\/\"},\"sameAs\":[\"https:\/\/www.facebook.com\/Portal-Urbano-171542830093757\/\",\"https:\/\/twitter.com\/portalurbanook\",\"https:\/\/www.instagram.com\/_portalurbano\/\",\"https:\/\/www.youtube.com\/channel\/UCXhagIfszH8KxFiOok79zbA?view_as=subscriber\"]},{\"@type\":\"Person\",\"@id\":\"https:\/\/experienciadevida.com.ar\/portalurbano\/#\/schema\/person\/02dd326b1c4b056e9cc972486934a3a7\",\"name\":\"admpu17wp\",\"image\":{\"@type\":\"ImageObject\",\"inLanguage\":\"es\",\"@id\":\"https:\/\/experienciadevida.com.ar\/portalurbano\/#\/schema\/person\/image\/\",\"url\":\"https:\/\/secure.gravatar.com\/avatar\/830d4c57adaae6630765e449a6908047?s=96&d=mm&r=g\",\"contentUrl\":\"https:\/\/secure.gravatar.com\/avatar\/830d4c57adaae6630765e449a6908047?s=96&d=mm&r=g\",\"caption\":\"admpu17wp\"}}]}<\/script>\n<!-- \/ Yoast SEO plugin. -->","yoast_head_json":{"title":"Convocan a una concentraci\u00f3n en la Plaza central a la hora 12","description":"El Frente Sindical y Gremial de Olavarr\u00eda, convoca a las organizaciones, a concentrar ESTE VIERNES A LAS 12 HS. EN LA PLAZA CENTRAL,","robots":{"index":"index","follow":"follow","max-snippet":"max-snippet:-1","max-image-preview":"max-image-preview:large","max-video-preview":"max-video-preview:-1"},"canonical":"https:\/\/experienciadevida.com.ar\/portalurbano\/convocan-a-una-concentracion-en-la-plaza-central-a-la-hora-12\/","og_locale":"es_ES","og_type":"article","og_title":"Convocan a una concentraci\u00f3n en la Plaza central a la hora 12","og_description":"El Frente Sindical y Gremial de Olavarr\u00eda, convoca a las organizaciones, a concentrar ESTE VIERNES A LAS 12 HS. EN LA PLAZA CENTRAL,","og_url":"https:\/\/experienciadevida.com.ar\/portalurbano\/convocan-a-una-concentracion-en-la-plaza-central-a-la-hora-12\/","article_publisher":"https:\/\/www.facebook.com\/Portal-Urbano-171542830093757\/","article_published_time":"2022-09-02T13:19:24+00:00","article_modified_time":"2022-09-02T13:27:06+00:00","og_image":[{"width":750,"height":501,"url":"https:\/\/experienciadevida.com.ar\/portalurbano\/wp-content\/uploads\/2019\/08\/Plaza-Coronel-Olavarria2-1.jpg","type":"image\/jpeg"}],"author":"admpu17wp","twitter_card":"summary_large_image","twitter_creator":"@portalurbanook","twitter_site":"@portalurbanook","twitter_misc":{"Escrito por":"admpu17wp","Tiempo de lectura":"1 minuto"},"schema":{"@context":"https:\/\/schema.org","@graph":[{"@type":"Article","@id":"https:\/\/experienciadevida.com.ar\/portalurbano\/convocan-a-una-concentracion-en-la-plaza-central-a-la-hora-12\/#article","isPartOf":{"@id":"https:\/\/experienciadevida.com.ar\/portalurbano\/convocan-a-una-concentracion-en-la-plaza-central-a-la-hora-12\/"},"author":{"name":"admpu17wp","@id":"https:\/\/experienciadevida.com.ar\/portalurbano\/#\/schema\/person\/02dd326b1c4b056e9cc972486934a3a7"},"headline":"Convocan a una concentraci\u00f3n en la Plaza central a la hora 12","datePublished":"2022-09-02T13:19:24+00:00","dateModified":"2022-09-02T13:27:06+00:00","mainEntityOfPage":{"@id":"https:\/\/experienciadevida.com.ar\/portalurbano\/convocan-a-una-concentracion-en-la-plaza-central-a-la-hora-12\/"},"wordCount":100,"publisher":{"@id":"https:\/\/experienciadevida.com.ar\/portalurbano\/#organization"},"articleSection":["Ciudad","Destacadas"],"inLanguage":"es"},{"@type":"WebPage","@id":"https:\/\/experienciadevida.com.ar\/portalurbano\/convocan-a-una-concentracion-en-la-plaza-central-a-la-hora-12\/","url":"https:\/\/experienciadevida.com.ar\/portalurbano\/convocan-a-una-concentracion-en-la-plaza-central-a-la-hora-12\/","name":"Convocan a una concentraci\u00f3n en la Plaza central a la hora 12","isPartOf":{"@id":"https:\/\/experienciadevida.com.ar\/portalurbano\/#website"},"datePublished":"2022-09-02T13:19:24+00:00","dateModified":"2022-09-02T13:27:06+00:00","description":"El Frente Sindical y Gremial de Olavarr\u00eda, convoca a las organizaciones, a concentrar ESTE VIERNES A LAS 12 HS. EN LA PLAZA CENTRAL,","breadcrumb":{"@id":"https:\/\/experienciadevida.com.ar\/portalurbano\/convocan-a-una-concentracion-en-la-plaza-central-a-la-hora-12\/#breadcrumb"},"inLanguage":"es","potentialAction":[{"@type":"ReadAction","target":["https:\/\/experienciadevida.com.ar\/portalurbano\/convocan-a-una-concentracion-en-la-plaza-central-a-la-hora-12\/"]}]},{"@type":"BreadcrumbList","@id":"https:\/\/experienciadevida.com.ar\/portalurbano\/convocan-a-una-concentracion-en-la-plaza-central-a-la-hora-12\/#breadcrumb","itemListElement":[{"@type":"ListItem","position":1,"name":"Portada","item":"https:\/\/experienciadevida.com.ar\/portalurbano\/"},{"@type":"ListItem","position":2,"name":"Convocan a una concentraci\u00f3n en la Plaza central a la hora 12"}]},{"@type":"WebSite","@id":"https:\/\/experienciadevida.com.ar\/portalurbano\/#website","url":"https:\/\/experienciadevida.com.ar\/portalurbano\/","name":"","description":"","publisher":{"@id":"https:\/\/experienciadevida.com.ar\/portalurbano\/#organization"},"potentialAction":[{"@type":"SearchAction","target":{"@type":"EntryPoint","urlTemplate":"https:\/\/experienciadevida.com.ar\/portalurbano\/?s={search_term_string}"},"query-input":"required name=search_term_string"}],"inLanguage":"es"},{"@type":"Organization","@id":"https:\/\/experienciadevida.com.ar\/portalurbano\/#organization","name":"Portal Urbano","url":"https:\/\/experienciadevida.com.ar\/portalurbano\/","logo":{"@type":"ImageObject","inLanguage":"es","@id":"https:\/\/experienciadevida.com.ar\/portalurbano\/#\/schema\/logo\/image\/","url":"https:\/\/experienciadevida.com.ar\/portalurbano\/wp-content\/uploads\/2019\/09\/Logo-Original.png","contentUrl":"https:\/\/experienciadevida.com.ar\/portalurbano\/wp-content\/uploads\/2019\/09\/Logo-Original.png","width":2236,"height":1216,"caption":"Portal Urbano"},"image":{"@id":"https:\/\/experienciadevida.com.ar\/portalurbano\/#\/schema\/logo\/image\/"},"sameAs":["https:\/\/www.facebook.com\/Portal-Urbano-171542830093757\/","https:\/\/twitter.com\/portalurbanook","https:\/\/www.instagram.com\/_portalurbano\/","https:\/\/www.youtube.com\/channel\/UCXhagIfszH8KxFiOok79zbA?view_as=subscriber"]},{"@type":"Person","@id":"https:\/\/experienciadevida.com.ar\/portalurbano\/#\/schema\/person\/02dd326b1c4b056e9cc972486934a3a7","name":"admpu17wp","image":{"@type":"ImageObject","inLanguage":"es","@id":"https:\/\/experienciadevida.com.ar\/portalurbano\/#\/schema\/person\/image\/","url":"https:\/\/secure.gravatar.com\/avatar\/830d4c57adaae6630765e449a6908047?s=96&d=mm&r=g","contentUrl":"https:\/\/secure.gravatar.com\/avatar\/830d4c57adaae6630765e449a6908047?s=96&d=mm&r=g","caption":"admpu17wp"}}]}},"featured_image_urls":{"full":["https:\/\/experienciadevida.com.ar\/portalurbano\/wp-content\/uploads\/2019\/08\/Plaza-Coronel-Olavarria2-1.jpg",750,501,false],"thumbnail":["https:\/\/experienciadevida.com.ar\/portalurbano\/wp-content\/uploads\/2019\/08\/Plaza-Coronel-Olavarria2-1-150x150.jpg",150,150,true],"medium":["https:\/\/experienciadevida.com.ar\/portalurbano\/wp-content\/uploads\/2019\/08\/Plaza-Coronel-Olavarria2-1-300x200.jpg",300,200,true],"medium_large":["https:\/\/experienciadevida.com.ar\/portalurbano\/wp-content\/uploads\/2019\/08\/Plaza-Coronel-Olavarria2-1.jpg",640,428,false],"large":["https:\/\/experienciadevida.com.ar\/portalurbano\/wp-content\/uploads\/2019\/08\/Plaza-Coronel-Olavarria2-1.jpg",640,428,false],"ug_big":["https:\/\/experienciadevida.com.ar\/portalurbano\/wp-content\/uploads\/2019\/08\/Plaza-Coronel-Olavarria2-1.jpg",750,501,false],"1536x1536":["https:\/\/experienciadevida.com.ar\/portalurbano\/wp-content\/uploads\/2019\/08\/Plaza-Coronel-Olavarria2-1.jpg",750,501,false],"2048x2048":["https:\/\/experienciadevida.com.ar\/portalurbano\/wp-content\/uploads\/2019\/08\/Plaza-Coronel-Olavarria2-1.jpg",750,501,false],"newsever-slider-full":["https:\/\/experienciadevida.com.ar\/portalurbano\/wp-content\/uploads\/2019\/08\/Plaza-Coronel-Olavarria2-1.jpg",750,501,false],"newsever-featured":["https:\/\/experienciadevida.com.ar\/portalurbano\/wp-content\/uploads\/2019\/08\/Plaza-Coronel-Olavarria2-1.jpg",750,501,false],"newsever-medium":["https:\/\/experienciadevida.com.ar\/portalurbano\/wp-content\/uploads\/2019\/08\/Plaza-Coronel-Olavarria2-1.jpg",711,475,false],"web-stories-poster-portrait":["https:\/\/experienciadevida.com.ar\/portalurbano\/wp-content\/uploads\/2019\/08\/Plaza-Coronel-Olavarria2-1.jpg",640,428,false],"web-stories-publisher-logo":["https:\/\/experienciadevida.com.ar\/portalurbano\/wp-content\/uploads\/2019\/08\/Plaza-Coronel-Olavarria2-1.jpg",96,64,false],"web-stories-thumbnail":["https:\/\/experienciadevida.com.ar\/portalurbano\/wp-content\/uploads\/2019\/08\/Plaza-Coronel-Olavarria2-1.jpg",150,100,false]},"author_info":{"display_name":"admpu17wp","author_link":"https:\/\/experienciadevida.com.ar\/portalurbano\/author\/admpu17wp\/"},"category_info":"<a href=\"https:\/\/experienciadevida.com.ar\/portalurbano\/category\/ciudad\/\" rel=\"category tag\">Ciudad<\/a> <a href=\"https:\/\/experienciadevida.com.ar\/portalurbano\/category\/destacadas\/\" rel=\"category tag\">Destacadas<\/a>","tag_info":"Destacadas","comment_count":"0","amp_enabled":true,"_links":{"self":[{"href":"https:\/\/experienciadevida.com.ar\/portalurbano\/wp-json\/wp\/v2\/posts\/174671"}],"collection":[{"href":"https:\/\/experienciadevida.com.ar\/portalurbano\/wp-json\/wp\/v2\/posts"}],"about":[{"href":"https:\/\/experienciadevida.com.ar\/portalurbano\/wp-json\/wp\/v2\/types\/post"}],"author":[{"embeddable":true,"href":"https:\/\/experienciadevida.com.ar\/portalurbano\/wp-json\/wp\/v2\/users\/1"}],"replies":[{"embeddable":true,"href":"https:\/\/experienciadevida.com.ar\/portalurbano\/wp-json\/wp\/v2\/comments?post=174671"}],"version-history":[{"count":4,"href":"https:\/\/experienciadevida.com.ar\/portalurbano\/wp-json\/wp\/v2\/posts\/174671\/revisions"}],"predecessor-version":[{"id":174675,"href":"https:\/\/experienciadevida.com.ar\/portalurbano\/wp-json\/wp\/v2\/posts\/174671\/revisions\/174675"}],"wp:featuredmedia":[{"embeddable":true,"href":"https:\/\/experienciadevida.com.ar\/portalurbano\/wp-json\/wp\/v2\/media\/82687"}],"wp:attachment":[{"href":"https:\/\/experienciadevida.com.ar\/portalurbano\/wp-json\/wp\/v2\/media?parent=174671"}],"wp:term":[{"taxonomy":"category","embeddable":true,"href":"https:\/\/experienciadevida.com.ar\/portalurbano\/wp-json\/wp\/v2\/categories?post=174671"},{"taxonomy":"post_tag","embeddable":true,"href":"https:\/\/experienciadevida.com.ar\/portalurbano\/wp-json\/wp\/v2\/tags?post=174671"}],"curies":[{"name":"wp","href":"https:\/\/api.w.org\/{rel}","templated":true}]}}