{"id":174635,"date":"2022-09-02T09:05:20","date_gmt":"2022-09-02T12:05:20","guid":{"rendered":"https:\/\/experienciadevida.com.ar\/portalurbano\/?p=174635"},"modified":"2022-09-02T09:05:20","modified_gmt":"2022-09-02T12:05:20","slug":"concejales-recibieron-a-las-autoras-del-proyecto-de-modificacion-de-la-ordenanza-sobre-contaminacion-acustica","status":"publish","type":"post","link":"https:\/\/experienciadevida.com.ar\/portalurbano\/concejales-recibieron-a-las-autoras-del-proyecto-de-modificacion-de-la-ordenanza-sobre-contaminacion-acustica\/","title":{"rendered":"Concejales recibieron a las autoras del proyecto de modificaci\u00f3n de la Ordenanza sobre contaminaci\u00f3n ac\u00fastica"},"content":{"rendered":"<p>Presidida por la concejal de la UCR-Juntos, Bel\u00e9n Vergel se reuni\u00f3 este jueves la comisi\u00f3n de Medio Ambiente del Concejo Deliberante de Olavarr\u00eda donde se continu\u00f3 con el tratamiento del expediente presentado por un<br \/>\nimportante grupo de vecinos que tiene como objetivo modificar una Ordenanza del a\u00f1o 2016 en materia de control y no contaminaci\u00f3n ac\u00fastica.<\/p>\n<p>A la comisi\u00f3n de Medio Ambiente fueron convocados integrantes de otras comisiones que componen el HCD con el objetivo de llevar adelante una escucha integral del proyecto. Participaron de la reuni\u00f3n tres de las autoras de la iniciativa:\u00a0 Romina Garc\u00eda Mart\u00ed, Carmen Mart\u00ednez y Amparo Lazcano.<\/p>\n<p>Bel\u00e9n Vergel destac\u00f3 que el proyecto en tratamiento tiene un importante respaldo de vecinos y vecinas que adhirieron con su firma.<\/p>\n<p>La concejal Vergel manifest\u00f3: \u201ces muy importante poder trabajar estos temas y sobretodo hacerlo con los vecinos que se sienten afectados por la contaminaci\u00f3n ac\u00fastica. Seguiremos trabajando y enriqueciendo el proyecto<br \/>\nescuchando a distintos actores para lograr una ordenanza de consenso y que atienda a todas las realidades\u201d.<\/p>\n<p>Este expediente hab\u00eda tomado estado parlamentario en la D\u00e9cima Sesi\u00f3n Ordinaria del HCD y tras eso se inici\u00f3 el an\u00e1lisis en la comisi\u00f3n de Medio Ambiente.<\/p>\n","protected":false},"excerpt":{"rendered":"<p>Presidida por la concejal de la UCR-Juntos, Bel\u00e9n Vergel se reuni\u00f3 este jueves la comisi\u00f3n&#8230;<\/p>\n","protected":false},"author":1,"featured_media":174636,"comment_status":"closed","ping_status":"closed","sticky":false,"template":"","format":"standard","meta":{"content-type":""},"categories":[27,51],"tags":[],"nelio_content":{"isAutoShareEnabled":false,"autoShareEndMode":"default","automationSources":{"useContentSentences":true,"useSocialTemplates":true,"useCustomSentences":false,"customSentences":[]},"followers":[1],"suggestedReferences":[],"includedReferences":[],"efiUrl":"","efiAlt":"","highlights":[]},"yoast_head":"<!-- This site is optimized with the Yoast SEO plugin v20.7 - https:\/\/yoast.com\/wordpress\/plugins\/seo\/ -->\n<title>Concejales recibieron a las autoras del proyecto de modificaci\u00f3n de la Ordenanza sobre contaminaci\u00f3n ac\u00fastica -<\/title>\n<meta name=\"robots\" content=\"index, follow, max-snippet:-1, max-image-preview:large, max-video-preview:-1\" \/>\n<link rel=\"canonical\" href=\"https:\/\/experienciadevida.com.ar\/portalurbano\/concejales-recibieron-a-las-autoras-del-proyecto-de-modificacion-de-la-ordenanza-sobre-contaminacion-acustica\/\" \/>\n<meta property=\"og:locale\" content=\"es_ES\" \/>\n<meta property=\"og:type\" content=\"article\" \/>\n<meta property=\"og:title\" content=\"Concejales recibieron a las autoras del proyecto de modificaci\u00f3n de la Ordenanza sobre contaminaci\u00f3n ac\u00fastica -\" \/>\n<meta property=\"og:description\" content=\"Presidida por la concejal de la UCR-Juntos, Bel\u00e9n Vergel se reuni\u00f3 este jueves la comisi\u00f3n...\" \/>\n<meta property=\"og:url\" content=\"https:\/\/experienciadevida.com.ar\/portalurbano\/concejales-recibieron-a-las-autoras-del-proyecto-de-modificacion-de-la-ordenanza-sobre-contaminacion-acustica\/\" \/>\n<meta property=\"article:publisher\" content=\"https:\/\/www.facebook.com\/Portal-Urbano-171542830093757\/\" \/>\n<meta property=\"article:published_time\" content=\"2022-09-02T12:05:20+00:00\" \/>\n<meta property=\"og:image\" content=\"https:\/\/experienciadevida.com.ar\/portalurbano\/wp-content\/uploads\/2022\/09\/RuidosMolestos_Comisiones-e1662120296689.jpeg\" \/>\n\t<meta property=\"og:image:width\" content=\"800\" \/>\n\t<meta property=\"og:image:height\" content=\"469\" \/>\n\t<meta property=\"og:image:type\" content=\"image\/jpeg\" \/>\n<meta name=\"author\" content=\"admpu17wp\" \/>\n<meta name=\"twitter:card\" content=\"summary_large_image\" \/>\n<meta name=\"twitter:creator\" content=\"@portalurbanook\" \/>\n<meta name=\"twitter:site\" content=\"@portalurbanook\" \/>\n<meta name=\"twitter:label1\" content=\"Escrito por\" \/>\n\t<meta name=\"twitter:data1\" content=\"admpu17wp\" \/>\n\t<meta name=\"twitter:label2\" content=\"Tiempo de lectura\" \/>\n\t<meta name=\"twitter:data2\" content=\"1 minuto\" \/>\n<script type=\"application\/ld+json\" class=\"yoast-schema-graph\">{\"@context\":\"https:\/\/schema.org\",\"@graph\":[{\"@type\":\"Article\",\"@id\":\"https:\/\/experienciadevida.com.ar\/portalurbano\/concejales-recibieron-a-las-autoras-del-proyecto-de-modificacion-de-la-ordenanza-sobre-contaminacion-acustica\/#article\",\"isPartOf\":{\"@id\":\"https:\/\/experienciadevida.com.ar\/portalurbano\/concejales-recibieron-a-las-autoras-del-proyecto-de-modificacion-de-la-ordenanza-sobre-contaminacion-acustica\/\"},\"author\":{\"name\":\"admpu17wp\",\"@id\":\"https:\/\/experienciadevida.com.ar\/portalurbano\/#\/schema\/person\/02dd326b1c4b056e9cc972486934a3a7\"},\"headline\":\"Concejales recibieron a las autoras del proyecto de modificaci\u00f3n de la Ordenanza sobre contaminaci\u00f3n ac\u00fastica\",\"datePublished\":\"2022-09-02T12:05:20+00:00\",\"dateModified\":\"2022-09-02T12:05:20+00:00\",\"mainEntityOfPage\":{\"@id\":\"https:\/\/experienciadevida.com.ar\/portalurbano\/concejales-recibieron-a-las-autoras-del-proyecto-de-modificacion-de-la-ordenanza-sobre-contaminacion-acustica\/\"},\"wordCount\":232,\"publisher\":{\"@id\":\"https:\/\/experienciadevida.com.ar\/portalurbano\/#organization\"},\"articleSection\":[\"Ciudad\",\"Destacadas\"],\"inLanguage\":\"es\"},{\"@type\":\"WebPage\",\"@id\":\"https:\/\/experienciadevida.com.ar\/portalurbano\/concejales-recibieron-a-las-autoras-del-proyecto-de-modificacion-de-la-ordenanza-sobre-contaminacion-acustica\/\",\"url\":\"https:\/\/experienciadevida.com.ar\/portalurbano\/concejales-recibieron-a-las-autoras-del-proyecto-de-modificacion-de-la-ordenanza-sobre-contaminacion-acustica\/\",\"name\":\"Concejales recibieron a las autoras del proyecto de modificaci\u00f3n de la Ordenanza sobre contaminaci\u00f3n ac\u00fastica -\",\"isPartOf\":{\"@id\":\"https:\/\/experienciadevida.com.ar\/portalurbano\/#website\"},\"datePublished\":\"2022-09-02T12:05:20+00:00\",\"dateModified\":\"2022-09-02T12:05:20+00:00\",\"breadcrumb\":{\"@id\":\"https:\/\/experienciadevida.com.ar\/portalurbano\/concejales-recibieron-a-las-autoras-del-proyecto-de-modificacion-de-la-ordenanza-sobre-contaminacion-acustica\/#breadcrumb\"},\"inLanguage\":\"es\",\"potentialAction\":[{\"@type\":\"ReadAction\",\"target\":[\"https:\/\/experienciadevida.com.ar\/portalurbano\/concejales-recibieron-a-las-autoras-del-proyecto-de-modificacion-de-la-ordenanza-sobre-contaminacion-acustica\/\"]}]},{\"@type\":\"BreadcrumbList\",\"@id\":\"https:\/\/experienciadevida.com.ar\/portalurbano\/concejales-recibieron-a-las-autoras-del-proyecto-de-modificacion-de-la-ordenanza-sobre-contaminacion-acustica\/#breadcrumb\",\"itemListElement\":[{\"@type\":\"ListItem\",\"position\":1,\"name\":\"Portada\",\"item\":\"https:\/\/experienciadevida.com.ar\/portalurbano\/\"},{\"@type\":\"ListItem\",\"position\":2,\"name\":\"Concejales recibieron a las autoras del proyecto de modificaci\u00f3n de la Ordenanza sobre contaminaci\u00f3n ac\u00fastica\"}]},{\"@type\":\"WebSite\",\"@id\":\"https:\/\/experienciadevida.com.ar\/portalurbano\/#website\",\"url\":\"https:\/\/experienciadevida.com.ar\/portalurbano\/\",\"name\":\"\",\"description\":\"\",\"publisher\":{\"@id\":\"https:\/\/experienciadevida.com.ar\/portalurbano\/#organization\"},\"potentialAction\":[{\"@type\":\"SearchAction\",\"target\":{\"@type\":\"EntryPoint\",\"urlTemplate\":\"https:\/\/experienciadevida.com.ar\/portalurbano\/?s={search_term_string}\"},\"query-input\":\"required name=search_term_string\"}],\"inLanguage\":\"es\"},{\"@type\":\"Organization\",\"@id\":\"https:\/\/experienciadevida.com.ar\/portalurbano\/#organization\",\"name\":\"Portal Urbano\",\"url\":\"https:\/\/experienciadevida.com.ar\/portalurbano\/\",\"logo\":{\"@type\":\"ImageObject\",\"inLanguage\":\"es\",\"@id\":\"https:\/\/experienciadevida.com.ar\/portalurbano\/#\/schema\/logo\/image\/\",\"url\":\"https:\/\/experienciadevida.com.ar\/portalurbano\/wp-content\/uploads\/2019\/09\/Logo-Original.png\",\"contentUrl\":\"https:\/\/experienciadevida.com.ar\/portalurbano\/wp-content\/uploads\/2019\/09\/Logo-Original.png\",\"width\":2236,\"height\":1216,\"caption\":\"Portal Urbano\"},\"image\":{\"@id\":\"https:\/\/experienciadevida.com.ar\/portalurbano\/#\/schema\/logo\/image\/\"},\"sameAs\":[\"https:\/\/www.facebook.com\/Portal-Urbano-171542830093757\/\",\"https:\/\/twitter.com\/portalurbanook\",\"https:\/\/www.instagram.com\/_portalurbano\/\",\"https:\/\/www.youtube.com\/channel\/UCXhagIfszH8KxFiOok79zbA?view_as=subscriber\"]},{\"@type\":\"Person\",\"@id\":\"https:\/\/experienciadevida.com.ar\/portalurbano\/#\/schema\/person\/02dd326b1c4b056e9cc972486934a3a7\",\"name\":\"admpu17wp\",\"image\":{\"@type\":\"ImageObject\",\"inLanguage\":\"es\",\"@id\":\"https:\/\/experienciadevida.com.ar\/portalurbano\/#\/schema\/person\/image\/\",\"url\":\"https:\/\/secure.gravatar.com\/avatar\/830d4c57adaae6630765e449a6908047?s=96&d=mm&r=g\",\"contentUrl\":\"https:\/\/secure.gravatar.com\/avatar\/830d4c57adaae6630765e449a6908047?s=96&d=mm&r=g\",\"caption\":\"admpu17wp\"}}]}<\/script>\n<!-- \/ Yoast SEO plugin. -->","yoast_head_json":{"title":"Concejales recibieron a las autoras del proyecto de modificaci\u00f3n de la Ordenanza sobre contaminaci\u00f3n ac\u00fastica -","robots":{"index":"index","follow":"follow","max-snippet":"max-snippet:-1","max-image-preview":"max-image-preview:large","max-video-preview":"max-video-preview:-1"},"canonical":"https:\/\/experienciadevida.com.ar\/portalurbano\/concejales-recibieron-a-las-autoras-del-proyecto-de-modificacion-de-la-ordenanza-sobre-contaminacion-acustica\/","og_locale":"es_ES","og_type":"article","og_title":"Concejales recibieron a las autoras del proyecto de modificaci\u00f3n de la Ordenanza sobre contaminaci\u00f3n ac\u00fastica -","og_description":"Presidida por la concejal de la UCR-Juntos, Bel\u00e9n Vergel se reuni\u00f3 este jueves la comisi\u00f3n...","og_url":"https:\/\/experienciadevida.com.ar\/portalurbano\/concejales-recibieron-a-las-autoras-del-proyecto-de-modificacion-de-la-ordenanza-sobre-contaminacion-acustica\/","article_publisher":"https:\/\/www.facebook.com\/Portal-Urbano-171542830093757\/","article_published_time":"2022-09-02T12:05:20+00:00","og_image":[{"width":800,"height":469,"url":"https:\/\/experienciadevida.com.ar\/portalurbano\/wp-content\/uploads\/2022\/09\/RuidosMolestos_Comisiones-e1662120296689.jpeg","type":"image\/jpeg"}],"author":"admpu17wp","twitter_card":"summary_large_image","twitter_creator":"@portalurbanook","twitter_site":"@portalurbanook","twitter_misc":{"Escrito por":"admpu17wp","Tiempo de lectura":"1 minuto"},"schema":{"@context":"https:\/\/schema.org","@graph":[{"@type":"Article","@id":"https:\/\/experienciadevida.com.ar\/portalurbano\/concejales-recibieron-a-las-autoras-del-proyecto-de-modificacion-de-la-ordenanza-sobre-contaminacion-acustica\/#article","isPartOf":{"@id":"https:\/\/experienciadevida.com.ar\/portalurbano\/concejales-recibieron-a-las-autoras-del-proyecto-de-modificacion-de-la-ordenanza-sobre-contaminacion-acustica\/"},"author":{"name":"admpu17wp","@id":"https:\/\/experienciadevida.com.ar\/portalurbano\/#\/schema\/person\/02dd326b1c4b056e9cc972486934a3a7"},"headline":"Concejales recibieron a las autoras del proyecto de modificaci\u00f3n de la Ordenanza sobre contaminaci\u00f3n ac\u00fastica","datePublished":"2022-09-02T12:05:20+00:00","dateModified":"2022-09-02T12:05:20+00:00","mainEntityOfPage":{"@id":"https:\/\/experienciadevida.com.ar\/portalurbano\/concejales-recibieron-a-las-autoras-del-proyecto-de-modificacion-de-la-ordenanza-sobre-contaminacion-acustica\/"},"wordCount":232,"publisher":{"@id":"https:\/\/experienciadevida.com.ar\/portalurbano\/#organization"},"articleSection":["Ciudad","Destacadas"],"inLanguage":"es"},{"@type":"WebPage","@id":"https:\/\/experienciadevida.com.ar\/portalurbano\/concejales-recibieron-a-las-autoras-del-proyecto-de-modificacion-de-la-ordenanza-sobre-contaminacion-acustica\/","url":"https:\/\/experienciadevida.com.ar\/portalurbano\/concejales-recibieron-a-las-autoras-del-proyecto-de-modificacion-de-la-ordenanza-sobre-contaminacion-acustica\/","name":"Concejales recibieron a las autoras del proyecto de modificaci\u00f3n de la Ordenanza sobre contaminaci\u00f3n ac\u00fastica -","isPartOf":{"@id":"https:\/\/experienciadevida.com.ar\/portalurbano\/#website"},"datePublished":"2022-09-02T12:05:20+00:00","dateModified":"2022-09-02T12:05:20+00:00","breadcrumb":{"@id":"https:\/\/experienciadevida.com.ar\/portalurbano\/concejales-recibieron-a-las-autoras-del-proyecto-de-modificacion-de-la-ordenanza-sobre-contaminacion-acustica\/#breadcrumb"},"inLanguage":"es","potentialAction":[{"@type":"ReadAction","target":["https:\/\/experienciadevida.com.ar\/portalurbano\/concejales-recibieron-a-las-autoras-del-proyecto-de-modificacion-de-la-ordenanza-sobre-contaminacion-acustica\/"]}]},{"@type":"BreadcrumbList","@id":"https:\/\/experienciadevida.com.ar\/portalurbano\/concejales-recibieron-a-las-autoras-del-proyecto-de-modificacion-de-la-ordenanza-sobre-contaminacion-acustica\/#breadcrumb","itemListElement":[{"@type":"ListItem","position":1,"name":"Portada","item":"https:\/\/experienciadevida.com.ar\/portalurbano\/"},{"@type":"ListItem","position":2,"name":"Concejales recibieron a las autoras del proyecto de modificaci\u00f3n de la Ordenanza sobre contaminaci\u00f3n ac\u00fastica"}]},{"@type":"WebSite","@id":"https:\/\/experienciadevida.com.ar\/portalurbano\/#website","url":"https:\/\/experienciadevida.com.ar\/portalurbano\/","name":"","description":"","publisher":{"@id":"https:\/\/experienciadevida.com.ar\/portalurbano\/#organization"},"potentialAction":[{"@type":"SearchAction","target":{"@type":"EntryPoint","urlTemplate":"https:\/\/experienciadevida.com.ar\/portalurbano\/?s={search_term_string}"},"query-input":"required name=search_term_string"}],"inLanguage":"es"},{"@type":"Organization","@id":"https:\/\/experienciadevida.com.ar\/portalurbano\/#organization","name":"Portal Urbano","url":"https:\/\/experienciadevida.com.ar\/portalurbano\/","logo":{"@type":"ImageObject","inLanguage":"es","@id":"https:\/\/experienciadevida.com.ar\/portalurbano\/#\/schema\/logo\/image\/","url":"https:\/\/experienciadevida.com.ar\/portalurbano\/wp-content\/uploads\/2019\/09\/Logo-Original.png","contentUrl":"https:\/\/experienciadevida.com.ar\/portalurbano\/wp-content\/uploads\/2019\/09\/Logo-Original.png","width":2236,"height":1216,"caption":"Portal Urbano"},"image":{"@id":"https:\/\/experienciadevida.com.ar\/portalurbano\/#\/schema\/logo\/image\/"},"sameAs":["https:\/\/www.facebook.com\/Portal-Urbano-171542830093757\/","https:\/\/twitter.com\/portalurbanook","https:\/\/www.instagram.com\/_portalurbano\/","https:\/\/www.youtube.com\/channel\/UCXhagIfszH8KxFiOok79zbA?view_as=subscriber"]},{"@type":"Person","@id":"https:\/\/experienciadevida.com.ar\/portalurbano\/#\/schema\/person\/02dd326b1c4b056e9cc972486934a3a7","name":"admpu17wp","image":{"@type":"ImageObject","inLanguage":"es","@id":"https:\/\/experienciadevida.com.ar\/portalurbano\/#\/schema\/person\/image\/","url":"https:\/\/secure.gravatar.com\/avatar\/830d4c57adaae6630765e449a6908047?s=96&d=mm&r=g","contentUrl":"https:\/\/secure.gravatar.com\/avatar\/830d4c57adaae6630765e449a6908047?s=96&d=mm&r=g","caption":"admpu17wp"}}]}},"featured_image_urls":{"full":["https:\/\/experienciadevida.com.ar\/portalurbano\/wp-content\/uploads\/2022\/09\/RuidosMolestos_Comisiones-e1662120296689.jpeg",800,469,false],"thumbnail":["https:\/\/experienciadevida.com.ar\/portalurbano\/wp-content\/uploads\/2022\/09\/RuidosMolestos_Comisiones-e1662120296689-150x150.jpeg",150,150,true],"medium":["https:\/\/experienciadevida.com.ar\/portalurbano\/wp-content\/uploads\/2022\/09\/RuidosMolestos_Comisiones-e1662120296689-300x176.jpeg",300,176,true],"medium_large":["https:\/\/experienciadevida.com.ar\/portalurbano\/wp-content\/uploads\/2022\/09\/RuidosMolestos_Comisiones-e1662120296689-768x450.jpeg",640,375,true],"large":["https:\/\/experienciadevida.com.ar\/portalurbano\/wp-content\/uploads\/2022\/09\/RuidosMolestos_Comisiones-1024x600.jpeg",640,375,true],"ug_big":["https:\/\/experienciadevida.com.ar\/portalurbano\/wp-content\/uploads\/2022\/09\/RuidosMolestos_Comisiones-e1662120296689-768x450.jpeg",768,450,true],"1536x1536":["https:\/\/experienciadevida.com.ar\/portalurbano\/wp-content\/uploads\/2022\/09\/RuidosMolestos_Comisiones-1536x900.jpeg",1536,900,true],"2048x2048":["https:\/\/experienciadevida.com.ar\/portalurbano\/wp-content\/uploads\/2022\/09\/RuidosMolestos_Comisiones-e1662120296689.jpeg",800,469,false],"newsever-slider-full":["https:\/\/experienciadevida.com.ar\/portalurbano\/wp-content\/uploads\/2022\/09\/RuidosMolestos_Comisiones-e1662120296689.jpeg",800,469,false],"newsever-featured":["https:\/\/experienciadevida.com.ar\/portalurbano\/wp-content\/uploads\/2022\/09\/RuidosMolestos_Comisiones-e1662120296689.jpeg",800,469,false],"newsever-medium":["https:\/\/experienciadevida.com.ar\/portalurbano\/wp-content\/uploads\/2022\/09\/RuidosMolestos_Comisiones-e1662120296689.jpeg",720,422,false],"web-stories-poster-portrait":["https:\/\/experienciadevida.com.ar\/portalurbano\/wp-content\/uploads\/2022\/09\/RuidosMolestos_Comisiones-e1662120296689-640x469.jpeg",640,469,true],"web-stories-publisher-logo":["https:\/\/experienciadevida.com.ar\/portalurbano\/wp-content\/uploads\/2022\/09\/RuidosMolestos_Comisiones-e1662120296689-96x96.jpeg",96,96,true],"web-stories-thumbnail":["https:\/\/experienciadevida.com.ar\/portalurbano\/wp-content\/uploads\/2022\/09\/RuidosMolestos_Comisiones-e1662120296689-150x88.jpeg",150,88,true]},"author_info":{"display_name":"admpu17wp","author_link":"https:\/\/experienciadevida.com.ar\/portalurbano\/author\/admpu17wp\/"},"category_info":"<a href=\"https:\/\/experienciadevida.com.ar\/portalurbano\/category\/ciudad\/\" rel=\"category tag\">Ciudad<\/a> <a href=\"https:\/\/experienciadevida.com.ar\/portalurbano\/category\/destacadas\/\" rel=\"category tag\">Destacadas<\/a>","tag_info":"Destacadas","comment_count":"0","amp_enabled":true,"_links":{"self":[{"href":"https:\/\/experienciadevida.com.ar\/portalurbano\/wp-json\/wp\/v2\/posts\/174635"}],"collection":[{"href":"https:\/\/experienciadevida.com.ar\/portalurbano\/wp-json\/wp\/v2\/posts"}],"about":[{"href":"https:\/\/experienciadevida.com.ar\/portalurbano\/wp-json\/wp\/v2\/types\/post"}],"author":[{"embeddable":true,"href":"https:\/\/experienciadevida.com.ar\/portalurbano\/wp-json\/wp\/v2\/users\/1"}],"replies":[{"embeddable":true,"href":"https:\/\/experienciadevida.com.ar\/portalurbano\/wp-json\/wp\/v2\/comments?post=174635"}],"version-history":[{"count":1,"href":"https:\/\/experienciadevida.com.ar\/portalurbano\/wp-json\/wp\/v2\/posts\/174635\/revisions"}],"predecessor-version":[{"id":174637,"href":"https:\/\/experienciadevida.com.ar\/portalurbano\/wp-json\/wp\/v2\/posts\/174635\/revisions\/174637"}],"wp:featuredmedia":[{"embeddable":true,"href":"https:\/\/experienciadevida.com.ar\/portalurbano\/wp-json\/wp\/v2\/media\/174636"}],"wp:attachment":[{"href":"https:\/\/experienciadevida.com.ar\/portalurbano\/wp-json\/wp\/v2\/media?parent=174635"}],"wp:term":[{"taxonomy":"category","embeddable":true,"href":"https:\/\/experienciadevida.com.ar\/portalurbano\/wp-json\/wp\/v2\/categories?post=174635"},{"taxonomy":"post_tag","embeddable":true,"href":"https:\/\/experienciadevida.com.ar\/portalurbano\/wp-json\/wp\/v2\/tags?post=174635"}],"curies":[{"name":"wp","href":"https:\/\/api.w.org\/{rel}","templated":true}]}}