{"id":174582,"date":"2022-09-01T13:03:02","date_gmt":"2022-09-01T16:03:02","guid":{"rendered":"https:\/\/experienciadevida.com.ar\/portalurbano\/?p=174582"},"modified":"2022-09-01T13:03:02","modified_gmt":"2022-09-01T16:03:02","slug":"en-agosto-fueron-inspeccionados-mas-de-200-comercios","status":"publish","type":"post","link":"https:\/\/experienciadevida.com.ar\/portalurbano\/en-agosto-fueron-inspeccionados-mas-de-200-comercios\/","title":{"rendered":"En agosto fueron inspeccionados m\u00e1s de 200 comercios"},"content":{"rendered":"<p>Desde la Subsecretar\u00eda de Seguridad Municipal se emiti\u00f3 un informe acerca de las inspecciones a comercios realizadas durante el pasado mes de agosto, en tareas llevadas a cabo por personal de la Direcci\u00f3n de Control Urbano.<\/p>\n<p>Se expres\u00f3 que en total se realizaron 202 inspecciones, marco en el que se detectaron 23 habilitaciones vencidas. A la par, fueron 61 los casos de comercios que no pose\u00edan habilitaci\u00f3n.<\/p>\n<p>En las tareas tambi\u00e9n se solicit\u00f3 el REBA, es decir el certificado de estar en el registro bonaerense para el expendio de bebidas alcoh\u00f3licas, situaci\u00f3n en la que se constat\u00f3 que 4 comercios lo ten\u00edan vencido, mientras que otros 3 directamente no lo pose\u00edan.<\/p>\n<p>Se agreg\u00f3 que a todas las personas infracciones se les dio un plazo para regularizar su situaci\u00f3n.<\/p>\n<p>A la par, desde la Direcci\u00f3n de Habilitaciones Municipal se record\u00f3 c\u00f3mo es el tr\u00e1mite y requisitos tanto para la habilitaci\u00f3n de comercios para la posterior renovaci\u00f3n.<\/p>\n<p><em><strong>Documentaci\u00f3n a presentar para habilitar comercio<\/strong><\/em><\/p>\n<p><em><strong>Expediente Digital<\/strong><\/em><\/p>\n<p>Formulario \u00fanico de solicitud de habilitaci\u00f3n (se encuentra en p\u00e1gina\u00a0<a href=\"https:\/\/www.olavarria.gov.ar\/en-agosto-fueron-inspeccionados-mas-de-200-comercios\/olavarria.gov.ar\" target=\"_blank\" rel=\"noopener\">olavarria.gov.ar<\/a>)<\/p>\n<p>Formulario de ubicaci\u00f3n (se encuentra en p\u00e1gina<a href=\"https:\/\/www.olavarria.gov.ar\/en-agosto-fueron-inspeccionados-mas-de-200-comercios\/olavarria.gov.ar\" target=\"_blank\" rel=\"noopener\">\u00a0olavarria.gov.ar<\/a>)<\/p>\n<p>Declaraci\u00f3n jurada (se encuentra en la p\u00e1gina\u00a0<a href=\"https:\/\/www.olavarria.gov.ar\/en-agosto-fueron-inspeccionados-mas-de-200-comercios\/olavarria.gov.ar\" target=\"_blank\" rel=\"noopener\">olavarria.gov.ar<\/a>)<\/p>\n<p>Declaraci\u00f3n jurada domicilio electr\u00f3nico (se encuentra en la p\u00e1gina\u00a0<a href=\"https:\/\/www.olavarria.gov.ar\/en-agosto-fueron-inspeccionados-mas-de-200-comercios\/olavarria.gov.ar\" target=\"_blank\" rel=\"noopener\">olavarria.gov.ar<\/a>)<\/p>\n<p>Copia DNI del titular que pretende habilitar para el caso de ser persona f\u00edsica<\/p>\n<p>Copia Contrato social y copia DNI del representante (en caso de ser sociedad quien pretende habilitar)<\/p>\n<p>Copia Poder (en caso de corresponder)<\/p>\n<p>Constancia inscripci\u00f3n AFIP a nombre del titular que pretende habilitar<\/p>\n<p>Contrato de alquiler, comodato (con firma certificada)<\/p>\n<p>Copia escritura del inmueble para el caso quien pretenda habilitar resulte ser propietario<\/p>\n<p><em><strong>Documentaci\u00f3n a presentar para renovar habilitaci\u00f3n<\/strong><\/em><\/p>\n<p>Formulario \u00fanico de solicitud de habilitaci\u00f3n (se encuentra en la p\u00e1gina\u00a0<a href=\"https:\/\/www.olavarria.gov.ar\/en-agosto-fueron-inspeccionados-mas-de-200-comercios\/olavarria.gov.ar\" target=\"_blank\" rel=\"noopener\">olavarria.gov.ar<\/a>)<\/p>\n<p>Declaraci\u00f3n jurada (se encuentra en la p\u00e1gina\u00a0<a href=\"https:\/\/www.olavarria.gov.ar\/en-agosto-fueron-inspeccionados-mas-de-200-comercios\/olavarria.gov.ar\" target=\"_blank\" rel=\"noopener\">olavarria.gov.ar<\/a>)<\/p>\n<p>Declaraci\u00f3n jurada domicilio electr\u00f3nico (se encuentra en la p\u00e1gina\u00a0<a href=\"https:\/\/www.olavarria.gov.ar\/en-agosto-fueron-inspeccionados-mas-de-200-comercios\/olavarria.gov.ar\" target=\"_blank\" rel=\"noopener\">olavarria.gov.ar<\/a>)<\/p>\n<p>Copia DNI del titular que pretende habilitar para el caso de ser persona f\u00edsica<\/p>\n<p>Copia Ultima acta de asamblea y copia DNI del representante (en caso de ser sociedad quien pretende habilitar )<\/p>\n<p>Copia Poder (en caso de corresponder)<\/p>\n<p>Constancia inscripci\u00f3n AFIP a nombre del titular que pretende habilitar<\/p>\n<p>Contrato de alquiler, comodato vigente (con firma certificada)<\/p>\n<p>Libre deuda Tasa de Seguridad e Higiene<\/p>\n<p>En tanto desde la Secretar\u00eda de Hacienda se explic\u00f3 c\u00f3mo es el tr\u00e1mite para solicitar el REBA, el Registro Provincial para la comercializaci\u00f3n de bebidas alcoh\u00f3licas<\/p>\n<p><em><strong>Tr\u00e1mite Inicial:<\/strong><\/em><\/p>\n<p><em><strong>Personas F\u00edsicas<\/strong><\/em><\/p>\n<p>\u2013 Habilitaci\u00f3n Municipal vigente y sin deuda en la Tasa por Inspecci\u00f3n de Seguridad e Higiene.<\/p>\n<p>\u2013 Original y Fotocopia de DNI.<\/p>\n<p>\u2013 Copia de Inscripci\u00f3n en Ingresos Brutos o Monotributo Simplificado de corresponder.<\/p>\n<p>&nbsp;<\/p>\n<p><em><strong>Personas Jur\u00eddicas<\/strong><\/em><\/p>\n<p>\u2013 Habilitaci\u00f3n Municipal vigente y sin deuda en la Tasa por Inspecci\u00f3n de Seguridad e Higiene.<\/p>\n<p>\u2013 Acta de \u00faltima designaci\u00f3n de autoridades (Entidades) o Contrato Social (Sociedades).<\/p>\n<p>\u2013 Original y Fotocopia de DNI del firmante.<\/p>\n<p>\u2013 Copia de Inscripci\u00f3n en Ingresos Brutos.<\/p>\n<p><em><strong>Renovaci\u00f3n:<\/strong><\/em><\/p>\n<p>\u2013 Habilitaci\u00f3n Municipal vigente y sin deuda en la Tasa por Inspecci\u00f3n de Seguridad e Higiene.<\/p>\n<p>\u2013 Licencia a renovar original o, en caso de extrav\u00edo, denuncia en Registro Civil.<\/p>\n<p>\u2013 \u00daltima Declaraci\u00f3n Jurada Anual vencida de Ingresos Brutos.<\/p>\n","protected":false},"excerpt":{"rendered":"<p>Desde la Subsecretar\u00eda de Seguridad Municipal se emiti\u00f3 un informe acerca de las inspecciones a&#8230;<\/p>\n","protected":false},"author":1,"featured_media":92505,"comment_status":"closed","ping_status":"closed","sticky":false,"template":"","format":"standard","meta":{"content-type":""},"categories":[27,64],"tags":[],"nelio_content":{"isAutoShareEnabled":false,"autoShareEndMode":"default","automationSources":{"useContentSentences":true,"useSocialTemplates":true,"useCustomSentences":false,"customSentences":[]},"followers":[1],"suggestedReferences":[],"includedReferences":["https:\/\/www.olavarria.gov.ar\/en-agosto-fueron-inspeccionados-mas-de-200-comercios\/olavarria.gov.ar"],"efiUrl":"","efiAlt":"","highlights":[]},"yoast_head":"<!-- This site is optimized with the Yoast SEO plugin v20.7 - https:\/\/yoast.com\/wordpress\/plugins\/seo\/ -->\n<title>En agosto fueron inspeccionados m\u00e1s de 200 comercios -<\/title>\n<meta name=\"robots\" content=\"index, follow, max-snippet:-1, max-image-preview:large, max-video-preview:-1\" \/>\n<link rel=\"canonical\" href=\"https:\/\/experienciadevida.com.ar\/portalurbano\/en-agosto-fueron-inspeccionados-mas-de-200-comercios\/\" \/>\n<meta property=\"og:locale\" content=\"es_ES\" \/>\n<meta property=\"og:type\" content=\"article\" \/>\n<meta property=\"og:title\" content=\"En agosto fueron inspeccionados m\u00e1s de 200 comercios -\" \/>\n<meta property=\"og:description\" content=\"Desde la Subsecretar\u00eda de Seguridad Municipal se emiti\u00f3 un informe acerca de las inspecciones a...\" \/>\n<meta property=\"og:url\" content=\"https:\/\/experienciadevida.com.ar\/portalurbano\/en-agosto-fueron-inspeccionados-mas-de-200-comercios\/\" \/>\n<meta property=\"article:publisher\" content=\"https:\/\/www.facebook.com\/Portal-Urbano-171542830093757\/\" \/>\n<meta property=\"article:published_time\" content=\"2022-09-01T16:03:02+00:00\" \/>\n<meta property=\"og:image\" content=\"https:\/\/experienciadevida.com.ar\/portalurbano\/wp-content\/uploads\/2019\/11\/Fachada-Municipalidad-1-1024x682-e1573085296277.jpg\" \/>\n\t<meta property=\"og:image:width\" content=\"750\" \/>\n\t<meta property=\"og:image:height\" content=\"500\" \/>\n\t<meta property=\"og:image:type\" content=\"image\/jpeg\" \/>\n<meta name=\"author\" content=\"admpu17wp\" \/>\n<meta name=\"twitter:card\" content=\"summary_large_image\" \/>\n<meta name=\"twitter:creator\" content=\"@portalurbanook\" \/>\n<meta name=\"twitter:site\" content=\"@portalurbanook\" \/>\n<meta name=\"twitter:label1\" content=\"Escrito por\" \/>\n\t<meta name=\"twitter:data1\" content=\"admpu17wp\" \/>\n\t<meta name=\"twitter:label2\" content=\"Tiempo de lectura\" \/>\n\t<meta name=\"twitter:data2\" content=\"3 minutos\" \/>\n<script type=\"application\/ld+json\" class=\"yoast-schema-graph\">{\"@context\":\"https:\/\/schema.org\",\"@graph\":[{\"@type\":\"Article\",\"@id\":\"https:\/\/experienciadevida.com.ar\/portalurbano\/en-agosto-fueron-inspeccionados-mas-de-200-comercios\/#article\",\"isPartOf\":{\"@id\":\"https:\/\/experienciadevida.com.ar\/portalurbano\/en-agosto-fueron-inspeccionados-mas-de-200-comercios\/\"},\"author\":{\"name\":\"admpu17wp\",\"@id\":\"https:\/\/experienciadevida.com.ar\/portalurbano\/#\/schema\/person\/02dd326b1c4b056e9cc972486934a3a7\"},\"headline\":\"En agosto fueron inspeccionados m\u00e1s de 200 comercios\",\"datePublished\":\"2022-09-01T16:03:02+00:00\",\"dateModified\":\"2022-09-01T16:03:02+00:00\",\"mainEntityOfPage\":{\"@id\":\"https:\/\/experienciadevida.com.ar\/portalurbano\/en-agosto-fueron-inspeccionados-mas-de-200-comercios\/\"},\"wordCount\":580,\"publisher\":{\"@id\":\"https:\/\/experienciadevida.com.ar\/portalurbano\/#organization\"},\"articleSection\":[\"Ciudad\",\"Destacadas 2\"],\"inLanguage\":\"es\"},{\"@type\":\"WebPage\",\"@id\":\"https:\/\/experienciadevida.com.ar\/portalurbano\/en-agosto-fueron-inspeccionados-mas-de-200-comercios\/\",\"url\":\"https:\/\/experienciadevida.com.ar\/portalurbano\/en-agosto-fueron-inspeccionados-mas-de-200-comercios\/\",\"name\":\"En agosto fueron inspeccionados m\u00e1s de 200 comercios -\",\"isPartOf\":{\"@id\":\"https:\/\/experienciadevida.com.ar\/portalurbano\/#website\"},\"datePublished\":\"2022-09-01T16:03:02+00:00\",\"dateModified\":\"2022-09-01T16:03:02+00:00\",\"breadcrumb\":{\"@id\":\"https:\/\/experienciadevida.com.ar\/portalurbano\/en-agosto-fueron-inspeccionados-mas-de-200-comercios\/#breadcrumb\"},\"inLanguage\":\"es\",\"potentialAction\":[{\"@type\":\"ReadAction\",\"target\":[\"https:\/\/experienciadevida.com.ar\/portalurbano\/en-agosto-fueron-inspeccionados-mas-de-200-comercios\/\"]}]},{\"@type\":\"BreadcrumbList\",\"@id\":\"https:\/\/experienciadevida.com.ar\/portalurbano\/en-agosto-fueron-inspeccionados-mas-de-200-comercios\/#breadcrumb\",\"itemListElement\":[{\"@type\":\"ListItem\",\"position\":1,\"name\":\"Portada\",\"item\":\"https:\/\/experienciadevida.com.ar\/portalurbano\/\"},{\"@type\":\"ListItem\",\"position\":2,\"name\":\"En agosto fueron inspeccionados m\u00e1s de 200 comercios\"}]},{\"@type\":\"WebSite\",\"@id\":\"https:\/\/experienciadevida.com.ar\/portalurbano\/#website\",\"url\":\"https:\/\/experienciadevida.com.ar\/portalurbano\/\",\"name\":\"\",\"description\":\"\",\"publisher\":{\"@id\":\"https:\/\/experienciadevida.com.ar\/portalurbano\/#organization\"},\"potentialAction\":[{\"@type\":\"SearchAction\",\"target\":{\"@type\":\"EntryPoint\",\"urlTemplate\":\"https:\/\/experienciadevida.com.ar\/portalurbano\/?s={search_term_string}\"},\"query-input\":\"required name=search_term_string\"}],\"inLanguage\":\"es\"},{\"@type\":\"Organization\",\"@id\":\"https:\/\/experienciadevida.com.ar\/portalurbano\/#organization\",\"name\":\"Portal Urbano\",\"url\":\"https:\/\/experienciadevida.com.ar\/portalurbano\/\",\"logo\":{\"@type\":\"ImageObject\",\"inLanguage\":\"es\",\"@id\":\"https:\/\/experienciadevida.com.ar\/portalurbano\/#\/schema\/logo\/image\/\",\"url\":\"https:\/\/experienciadevida.com.ar\/portalurbano\/wp-content\/uploads\/2019\/09\/Logo-Original.png\",\"contentUrl\":\"https:\/\/experienciadevida.com.ar\/portalurbano\/wp-content\/uploads\/2019\/09\/Logo-Original.png\",\"width\":2236,\"height\":1216,\"caption\":\"Portal Urbano\"},\"image\":{\"@id\":\"https:\/\/experienciadevida.com.ar\/portalurbano\/#\/schema\/logo\/image\/\"},\"sameAs\":[\"https:\/\/www.facebook.com\/Portal-Urbano-171542830093757\/\",\"https:\/\/twitter.com\/portalurbanook\",\"https:\/\/www.instagram.com\/_portalurbano\/\",\"https:\/\/www.youtube.com\/channel\/UCXhagIfszH8KxFiOok79zbA?view_as=subscriber\"]},{\"@type\":\"Person\",\"@id\":\"https:\/\/experienciadevida.com.ar\/portalurbano\/#\/schema\/person\/02dd326b1c4b056e9cc972486934a3a7\",\"name\":\"admpu17wp\",\"image\":{\"@type\":\"ImageObject\",\"inLanguage\":\"es\",\"@id\":\"https:\/\/experienciadevida.com.ar\/portalurbano\/#\/schema\/person\/image\/\",\"url\":\"https:\/\/secure.gravatar.com\/avatar\/830d4c57adaae6630765e449a6908047?s=96&d=mm&r=g\",\"contentUrl\":\"https:\/\/secure.gravatar.com\/avatar\/830d4c57adaae6630765e449a6908047?s=96&d=mm&r=g\",\"caption\":\"admpu17wp\"}}]}<\/script>\n<!-- \/ Yoast SEO plugin. -->","yoast_head_json":{"title":"En agosto fueron inspeccionados m\u00e1s de 200 comercios -","robots":{"index":"index","follow":"follow","max-snippet":"max-snippet:-1","max-image-preview":"max-image-preview:large","max-video-preview":"max-video-preview:-1"},"canonical":"https:\/\/experienciadevida.com.ar\/portalurbano\/en-agosto-fueron-inspeccionados-mas-de-200-comercios\/","og_locale":"es_ES","og_type":"article","og_title":"En agosto fueron inspeccionados m\u00e1s de 200 comercios -","og_description":"Desde la Subsecretar\u00eda de Seguridad Municipal se emiti\u00f3 un informe acerca de las inspecciones a...","og_url":"https:\/\/experienciadevida.com.ar\/portalurbano\/en-agosto-fueron-inspeccionados-mas-de-200-comercios\/","article_publisher":"https:\/\/www.facebook.com\/Portal-Urbano-171542830093757\/","article_published_time":"2022-09-01T16:03:02+00:00","og_image":[{"width":750,"height":500,"url":"https:\/\/experienciadevida.com.ar\/portalurbano\/wp-content\/uploads\/2019\/11\/Fachada-Municipalidad-1-1024x682-e1573085296277.jpg","type":"image\/jpeg"}],"author":"admpu17wp","twitter_card":"summary_large_image","twitter_creator":"@portalurbanook","twitter_site":"@portalurbanook","twitter_misc":{"Escrito por":"admpu17wp","Tiempo de lectura":"3 minutos"},"schema":{"@context":"https:\/\/schema.org","@graph":[{"@type":"Article","@id":"https:\/\/experienciadevida.com.ar\/portalurbano\/en-agosto-fueron-inspeccionados-mas-de-200-comercios\/#article","isPartOf":{"@id":"https:\/\/experienciadevida.com.ar\/portalurbano\/en-agosto-fueron-inspeccionados-mas-de-200-comercios\/"},"author":{"name":"admpu17wp","@id":"https:\/\/experienciadevida.com.ar\/portalurbano\/#\/schema\/person\/02dd326b1c4b056e9cc972486934a3a7"},"headline":"En agosto fueron inspeccionados m\u00e1s de 200 comercios","datePublished":"2022-09-01T16:03:02+00:00","dateModified":"2022-09-01T16:03:02+00:00","mainEntityOfPage":{"@id":"https:\/\/experienciadevida.com.ar\/portalurbano\/en-agosto-fueron-inspeccionados-mas-de-200-comercios\/"},"wordCount":580,"publisher":{"@id":"https:\/\/experienciadevida.com.ar\/portalurbano\/#organization"},"articleSection":["Ciudad","Destacadas 2"],"inLanguage":"es"},{"@type":"WebPage","@id":"https:\/\/experienciadevida.com.ar\/portalurbano\/en-agosto-fueron-inspeccionados-mas-de-200-comercios\/","url":"https:\/\/experienciadevida.com.ar\/portalurbano\/en-agosto-fueron-inspeccionados-mas-de-200-comercios\/","name":"En agosto fueron inspeccionados m\u00e1s de 200 comercios -","isPartOf":{"@id":"https:\/\/experienciadevida.com.ar\/portalurbano\/#website"},"datePublished":"2022-09-01T16:03:02+00:00","dateModified":"2022-09-01T16:03:02+00:00","breadcrumb":{"@id":"https:\/\/experienciadevida.com.ar\/portalurbano\/en-agosto-fueron-inspeccionados-mas-de-200-comercios\/#breadcrumb"},"inLanguage":"es","potentialAction":[{"@type":"ReadAction","target":["https:\/\/experienciadevida.com.ar\/portalurbano\/en-agosto-fueron-inspeccionados-mas-de-200-comercios\/"]}]},{"@type":"BreadcrumbList","@id":"https:\/\/experienciadevida.com.ar\/portalurbano\/en-agosto-fueron-inspeccionados-mas-de-200-comercios\/#breadcrumb","itemListElement":[{"@type":"ListItem","position":1,"name":"Portada","item":"https:\/\/experienciadevida.com.ar\/portalurbano\/"},{"@type":"ListItem","position":2,"name":"En agosto fueron inspeccionados m\u00e1s de 200 comercios"}]},{"@type":"WebSite","@id":"https:\/\/experienciadevida.com.ar\/portalurbano\/#website","url":"https:\/\/experienciadevida.com.ar\/portalurbano\/","name":"","description":"","publisher":{"@id":"https:\/\/experienciadevida.com.ar\/portalurbano\/#organization"},"potentialAction":[{"@type":"SearchAction","target":{"@type":"EntryPoint","urlTemplate":"https:\/\/experienciadevida.com.ar\/portalurbano\/?s={search_term_string}"},"query-input":"required name=search_term_string"}],"inLanguage":"es"},{"@type":"Organization","@id":"https:\/\/experienciadevida.com.ar\/portalurbano\/#organization","name":"Portal Urbano","url":"https:\/\/experienciadevida.com.ar\/portalurbano\/","logo":{"@type":"ImageObject","inLanguage":"es","@id":"https:\/\/experienciadevida.com.ar\/portalurbano\/#\/schema\/logo\/image\/","url":"https:\/\/experienciadevida.com.ar\/portalurbano\/wp-content\/uploads\/2019\/09\/Logo-Original.png","contentUrl":"https:\/\/experienciadevida.com.ar\/portalurbano\/wp-content\/uploads\/2019\/09\/Logo-Original.png","width":2236,"height":1216,"caption":"Portal Urbano"},"image":{"@id":"https:\/\/experienciadevida.com.ar\/portalurbano\/#\/schema\/logo\/image\/"},"sameAs":["https:\/\/www.facebook.com\/Portal-Urbano-171542830093757\/","https:\/\/twitter.com\/portalurbanook","https:\/\/www.instagram.com\/_portalurbano\/","https:\/\/www.youtube.com\/channel\/UCXhagIfszH8KxFiOok79zbA?view_as=subscriber"]},{"@type":"Person","@id":"https:\/\/experienciadevida.com.ar\/portalurbano\/#\/schema\/person\/02dd326b1c4b056e9cc972486934a3a7","name":"admpu17wp","image":{"@type":"ImageObject","inLanguage":"es","@id":"https:\/\/experienciadevida.com.ar\/portalurbano\/#\/schema\/person\/image\/","url":"https:\/\/secure.gravatar.com\/avatar\/830d4c57adaae6630765e449a6908047?s=96&d=mm&r=g","contentUrl":"https:\/\/secure.gravatar.com\/avatar\/830d4c57adaae6630765e449a6908047?s=96&d=mm&r=g","caption":"admpu17wp"}}]}},"featured_image_urls":{"full":["https:\/\/experienciadevida.com.ar\/portalurbano\/wp-content\/uploads\/2019\/11\/Fachada-Municipalidad-1-1024x682-e1573085296277.jpg",750,500,false],"thumbnail":["https:\/\/experienciadevida.com.ar\/portalurbano\/wp-content\/uploads\/2019\/11\/Fachada-Municipalidad-1-1024x682-150x150.jpg",150,150,true],"medium":["https:\/\/experienciadevida.com.ar\/portalurbano\/wp-content\/uploads\/2019\/11\/Fachada-Municipalidad-1-1024x682-300x200.jpg",300,200,true],"medium_large":["https:\/\/experienciadevida.com.ar\/portalurbano\/wp-content\/uploads\/2019\/11\/Fachada-Municipalidad-1-1024x682-768x512.jpg",640,427,true],"large":["https:\/\/experienciadevida.com.ar\/portalurbano\/wp-content\/uploads\/2019\/11\/Fachada-Municipalidad-1-1024x682-1024x682.jpg",640,426,true],"ug_big":["https:\/\/experienciadevida.com.ar\/portalurbano\/wp-content\/uploads\/2019\/11\/Fachada-Municipalidad-1-1024x682-768x512.jpg",768,512,true],"1536x1536":["https:\/\/experienciadevida.com.ar\/portalurbano\/wp-content\/uploads\/2019\/11\/Fachada-Municipalidad-1-1024x682-e1573085296277.jpg",750,500,false],"2048x2048":["https:\/\/experienciadevida.com.ar\/portalurbano\/wp-content\/uploads\/2019\/11\/Fachada-Municipalidad-1-1024x682-e1573085296277.jpg",750,500,false],"newsever-slider-full":["https:\/\/experienciadevida.com.ar\/portalurbano\/wp-content\/uploads\/2019\/11\/Fachada-Municipalidad-1-1024x682-e1573085296277.jpg",750,500,false],"newsever-featured":["https:\/\/experienciadevida.com.ar\/portalurbano\/wp-content\/uploads\/2019\/11\/Fachada-Municipalidad-1-1024x682-e1573085296277.jpg",750,500,false],"newsever-medium":["https:\/\/experienciadevida.com.ar\/portalurbano\/wp-content\/uploads\/2019\/11\/Fachada-Municipalidad-1-1024x682-e1573085296277.jpg",713,475,false],"web-stories-poster-portrait":["https:\/\/experienciadevida.com.ar\/portalurbano\/wp-content\/uploads\/2019\/11\/Fachada-Municipalidad-1-1024x682-e1573085296277.jpg",640,427,false],"web-stories-publisher-logo":["https:\/\/experienciadevida.com.ar\/portalurbano\/wp-content\/uploads\/2019\/11\/Fachada-Municipalidad-1-1024x682-e1573085296277.jpg",96,64,false],"web-stories-thumbnail":["https:\/\/experienciadevida.com.ar\/portalurbano\/wp-content\/uploads\/2019\/11\/Fachada-Municipalidad-1-1024x682-e1573085296277.jpg",150,100,false]},"author_info":{"display_name":"admpu17wp","author_link":"https:\/\/experienciadevida.com.ar\/portalurbano\/author\/admpu17wp\/"},"category_info":"<a href=\"https:\/\/experienciadevida.com.ar\/portalurbano\/category\/ciudad\/\" rel=\"category tag\">Ciudad<\/a> <a href=\"https:\/\/experienciadevida.com.ar\/portalurbano\/category\/destacadas-2\/\" rel=\"category tag\">Destacadas 2<\/a>","tag_info":"Destacadas 2","comment_count":"0","amp_enabled":true,"_links":{"self":[{"href":"https:\/\/experienciadevida.com.ar\/portalurbano\/wp-json\/wp\/v2\/posts\/174582"}],"collection":[{"href":"https:\/\/experienciadevida.com.ar\/portalurbano\/wp-json\/wp\/v2\/posts"}],"about":[{"href":"https:\/\/experienciadevida.com.ar\/portalurbano\/wp-json\/wp\/v2\/types\/post"}],"author":[{"embeddable":true,"href":"https:\/\/experienciadevida.com.ar\/portalurbano\/wp-json\/wp\/v2\/users\/1"}],"replies":[{"embeddable":true,"href":"https:\/\/experienciadevida.com.ar\/portalurbano\/wp-json\/wp\/v2\/comments?post=174582"}],"version-history":[{"count":1,"href":"https:\/\/experienciadevida.com.ar\/portalurbano\/wp-json\/wp\/v2\/posts\/174582\/revisions"}],"predecessor-version":[{"id":174583,"href":"https:\/\/experienciadevida.com.ar\/portalurbano\/wp-json\/wp\/v2\/posts\/174582\/revisions\/174583"}],"wp:featuredmedia":[{"embeddable":true,"href":"https:\/\/experienciadevida.com.ar\/portalurbano\/wp-json\/wp\/v2\/media\/92505"}],"wp:attachment":[{"href":"https:\/\/experienciadevida.com.ar\/portalurbano\/wp-json\/wp\/v2\/media?parent=174582"}],"wp:term":[{"taxonomy":"category","embeddable":true,"href":"https:\/\/experienciadevida.com.ar\/portalurbano\/wp-json\/wp\/v2\/categories?post=174582"},{"taxonomy":"post_tag","embeddable":true,"href":"https:\/\/experienciadevida.com.ar\/portalurbano\/wp-json\/wp\/v2\/tags?post=174582"}],"curies":[{"name":"wp","href":"https:\/\/api.w.org\/{rel}","templated":true}]}}