{"id":174568,"date":"2022-09-01T12:00:22","date_gmt":"2022-09-01T15:00:22","guid":{"rendered":"https:\/\/experienciadevida.com.ar\/portalurbano\/?p=174568"},"modified":"2022-09-01T12:02:15","modified_gmt":"2022-09-01T15:02:15","slug":"internos-de-la-unidad-38-tradujeron-al-braille-el-libro-de-una-escritora-local-no-vidente","status":"publish","type":"post","link":"https:\/\/experienciadevida.com.ar\/portalurbano\/internos-de-la-unidad-38-tradujeron-al-braille-el-libro-de-una-escritora-local-no-vidente\/","title":{"rendered":"Internos de la Unidad 38 tradujeron al  braille el libro de una escritora local no vidente"},"content":{"rendered":"<p>Tan a la par como la historia de la Unidad 38, el taller de traducci\u00f3n al Sistema Braille dependiente del CENS N\u00ba 455 coordinado por la docente Silvia Millia, es un claro ejemplo de inclusi\u00f3n e integraci\u00f3n a trav\u00e9s del lenguaje y la comunicaci\u00f3n.<\/p>\n<p>Agustina Brisa es una escritora olavarriense no vidente que decidi\u00f3 plasmar en su libro \u201cDesde mis manos, otra forma de ver la vida\u201d sus experiencias personales, retazos de su historia y mensajes esperanzadores. Aunque todav\u00eda no hay fecha oficial de la presentaci\u00f3n de la obra, Brisa ya tiene en sus manos, el libro original y la traducci\u00f3n confeccionada por Andr\u00e9s R. y Luis D., alumnos del Taller de Braille del establecimiento carcelario.<\/p>\n<figure id=\"attachment_174569\" aria-describedby=\"caption-attachment-174569\" style=\"width: 959px\" class=\"wp-caption alignnone\"><a href=\"https:\/\/experienciadevida.com.ar\/portalurbano\/internos-de-la-unidad-38-tradujeron-al-braille-el-libro-de-una-escritora-local-no-vidente\/u38-internos-tradujeron-al-braille-libro-de-escritora-local-no-vidente-agosto-2022b\/\" rel=\"attachment wp-att-174569\"><img decoding=\"async\" class=\"wp-image-174569 size-full\" src=\"https:\/\/experienciadevida.com.ar\/portalurbano\/wp-content\/uploads\/2022\/09\/U38-Internos-tradujeron-al-braille-libro-de-escritora-local-no-vidente-Agosto-2022b.jpg\" alt=\"braille\" width=\"959\" height=\"907\" srcset=\"https:\/\/experienciadevida.com.ar\/portalurbano\/wp-content\/uploads\/2022\/09\/U38-Internos-tradujeron-al-braille-libro-de-escritora-local-no-vidente-Agosto-2022b.jpg 959w, https:\/\/experienciadevida.com.ar\/portalurbano\/wp-content\/uploads\/2022\/09\/U38-Internos-tradujeron-al-braille-libro-de-escritora-local-no-vidente-Agosto-2022b-300x284.jpg 300w, https:\/\/experienciadevida.com.ar\/portalurbano\/wp-content\/uploads\/2022\/09\/U38-Internos-tradujeron-al-braille-libro-de-escritora-local-no-vidente-Agosto-2022b-768x726.jpg 768w, https:\/\/experienciadevida.com.ar\/portalurbano\/wp-content\/uploads\/2022\/09\/U38-Internos-tradujeron-al-braille-libro-de-escritora-local-no-vidente-Agosto-2022b-150x142.jpg 150w\" sizes=\"(max-width: 959px) 100vw, 959px\" \/><\/a><figcaption id=\"caption-attachment-174569\" class=\"wp-caption-text\">braille<\/figcaption><\/figure>\n<p>\u201cPara nosotros es una satisfacci\u00f3n muy grande cada vez que traducimos un texto, porque sabemos que a un sector de la sociedad que no posee todos los recursos lo va a beneficiar\u201d dijo Andr\u00e9s.<\/p>\n<p><a href=\"https:\/\/experienciadevida.com.ar\/portalurbano\/internos-de-la-unidad-38-tradujeron-al-braille-el-libro-de-una-escritora-local-no-vidente\/u38-internos-tradujeron-al-braille-libro-de-escritora-local-no-vidente-agosto-2022a\/\" rel=\"attachment wp-att-174571\"><img decoding=\"async\" class=\"alignnone wp-image-174571\" src=\"https:\/\/experienciadevida.com.ar\/portalurbano\/wp-content\/uploads\/2022\/09\/U38-Internos-tradujeron-al-braille-libro-de-escritora-local-no-vidente-Agosto-2022a-rotated.jpg\" alt=\"\" width=\"792\" height=\"1056\" srcset=\"https:\/\/experienciadevida.com.ar\/portalurbano\/wp-content\/uploads\/2022\/09\/U38-Internos-tradujeron-al-braille-libro-de-escritora-local-no-vidente-Agosto-2022a-rotated.jpg 480w, https:\/\/experienciadevida.com.ar\/portalurbano\/wp-content\/uploads\/2022\/09\/U38-Internos-tradujeron-al-braille-libro-de-escritora-local-no-vidente-Agosto-2022a-225x300.jpg 225w, https:\/\/experienciadevida.com.ar\/portalurbano\/wp-content\/uploads\/2022\/09\/U38-Internos-tradujeron-al-braille-libro-de-escritora-local-no-vidente-Agosto-2022a-150x200.jpg 150w\" sizes=\"(max-width: 792px) 100vw, 792px\" \/><\/a><\/p>\n<p>Como anticipo, la autora cont\u00f3 que el libro se divide en tres cap\u00edtulos: \u201cMis ra\u00edces\u201d un modo de dedicatoria a los integrantes de su familia; \u201cVida\u201d con historias y relatos propios y un tercer cap\u00edtulo que se llama \u201cAmor\u201d con historias del coraz\u00f3n.<\/p>\n<p>\u201cYo quiero dejar un mensaje de que se puede y que tambi\u00e9n el lector se sienta identificado con mis escritos\u201d cont\u00f3 Agustina Brisa y agreg\u00f3 \u201cquiero agradecer a los alumnos de la Unidad 38 por el trabajo realizado porque sin dudas va a enriquecer.<\/p>\n","protected":false},"excerpt":{"rendered":"<p>Tan a la par como la historia de la Unidad 38, el taller de traducci\u00f3n&#8230;<\/p>\n","protected":false},"author":1,"featured_media":174570,"comment_status":"closed","ping_status":"closed","sticky":false,"template":"","format":"standard","meta":{"content-type":""},"categories":[27,51],"tags":[706],"nelio_content":{"isAutoShareEnabled":false,"autoShareEndMode":"default","automationSources":{"useContentSentences":true,"useSocialTemplates":true,"useCustomSentences":false,"customSentences":[]},"followers":[1],"suggestedReferences":[],"includedReferences":[],"efiUrl":"","efiAlt":"","highlights":[]},"yoast_head":"<!-- This site is optimized with the Yoast SEO plugin v20.7 - https:\/\/yoast.com\/wordpress\/plugins\/seo\/ -->\n<title>Int. de la Unidad 38 tradujeron al braille el libro de una escritora<\/title>\n<meta name=\"description\" content=\"Tan a la par como la historia de la Unidad 38, el taller de traducci\u00f3n al Sistema Braille dependiente del CENS N\u00ba 455 coordinado por la docente Silvia Millia,\" \/>\n<meta name=\"robots\" content=\"index, follow, max-snippet:-1, max-image-preview:large, max-video-preview:-1\" \/>\n<link rel=\"canonical\" href=\"https:\/\/experienciadevida.com.ar\/portalurbano\/internos-de-la-unidad-38-tradujeron-al-braille-el-libro-de-una-escritora-local-no-vidente\/\" \/>\n<meta property=\"og:locale\" content=\"es_ES\" \/>\n<meta property=\"og:type\" content=\"article\" \/>\n<meta property=\"og:title\" content=\"Int. de la Unidad 38 tradujeron al braille el libro de una escritora\" \/>\n<meta property=\"og:description\" content=\"Tan a la par como la historia de la Unidad 38, el taller de traducci\u00f3n al Sistema Braille dependiente del CENS N\u00ba 455 coordinado por la docente Silvia Millia,\" \/>\n<meta property=\"og:url\" content=\"https:\/\/experienciadevida.com.ar\/portalurbano\/internos-de-la-unidad-38-tradujeron-al-braille-el-libro-de-una-escritora-local-no-vidente\/\" \/>\n<meta property=\"article:publisher\" content=\"https:\/\/www.facebook.com\/Portal-Urbano-171542830093757\/\" \/>\n<meta property=\"article:published_time\" content=\"2022-09-01T15:00:22+00:00\" \/>\n<meta property=\"article:modified_time\" content=\"2022-09-01T15:02:15+00:00\" \/>\n<meta property=\"og:image\" content=\"https:\/\/experienciadevida.com.ar\/portalurbano\/wp-content\/uploads\/2022\/09\/U38-Internos-tradujeron-al-braille-libro-de-escritora-local-no-vidente-Agosto-2022.jpg\" \/>\n\t<meta property=\"og:image:width\" content=\"780\" \/>\n\t<meta property=\"og:image:height\" content=\"1040\" \/>\n\t<meta property=\"og:image:type\" content=\"image\/jpeg\" \/>\n<meta name=\"author\" content=\"admpu17wp\" \/>\n<meta name=\"twitter:card\" content=\"summary_large_image\" \/>\n<meta name=\"twitter:creator\" content=\"@portalurbanook\" \/>\n<meta name=\"twitter:site\" content=\"@portalurbanook\" \/>\n<meta name=\"twitter:label1\" content=\"Escrito por\" \/>\n\t<meta name=\"twitter:data1\" content=\"admpu17wp\" \/>\n\t<meta name=\"twitter:label2\" content=\"Tiempo de lectura\" \/>\n\t<meta name=\"twitter:data2\" content=\"2 minutos\" \/>\n<script type=\"application\/ld+json\" class=\"yoast-schema-graph\">{\"@context\":\"https:\/\/schema.org\",\"@graph\":[{\"@type\":\"Article\",\"@id\":\"https:\/\/experienciadevida.com.ar\/portalurbano\/internos-de-la-unidad-38-tradujeron-al-braille-el-libro-de-una-escritora-local-no-vidente\/#article\",\"isPartOf\":{\"@id\":\"https:\/\/experienciadevida.com.ar\/portalurbano\/internos-de-la-unidad-38-tradujeron-al-braille-el-libro-de-una-escritora-local-no-vidente\/\"},\"author\":{\"name\":\"admpu17wp\",\"@id\":\"https:\/\/experienciadevida.com.ar\/portalurbano\/#\/schema\/person\/02dd326b1c4b056e9cc972486934a3a7\"},\"headline\":\"Internos de la Unidad 38 tradujeron al braille el libro de una escritora local no vidente\",\"datePublished\":\"2022-09-01T15:00:22+00:00\",\"dateModified\":\"2022-09-01T15:02:15+00:00\",\"mainEntityOfPage\":{\"@id\":\"https:\/\/experienciadevida.com.ar\/portalurbano\/internos-de-la-unidad-38-tradujeron-al-braille-el-libro-de-una-escritora-local-no-vidente\/\"},\"wordCount\":273,\"publisher\":{\"@id\":\"https:\/\/experienciadevida.com.ar\/portalurbano\/#organization\"},\"keywords\":[\"braille\"],\"articleSection\":[\"Ciudad\",\"Destacadas\"],\"inLanguage\":\"es\"},{\"@type\":\"WebPage\",\"@id\":\"https:\/\/experienciadevida.com.ar\/portalurbano\/internos-de-la-unidad-38-tradujeron-al-braille-el-libro-de-una-escritora-local-no-vidente\/\",\"url\":\"https:\/\/experienciadevida.com.ar\/portalurbano\/internos-de-la-unidad-38-tradujeron-al-braille-el-libro-de-una-escritora-local-no-vidente\/\",\"name\":\"Int. de la Unidad 38 tradujeron al braille el libro de una escritora\",\"isPartOf\":{\"@id\":\"https:\/\/experienciadevida.com.ar\/portalurbano\/#website\"},\"datePublished\":\"2022-09-01T15:00:22+00:00\",\"dateModified\":\"2022-09-01T15:02:15+00:00\",\"description\":\"Tan a la par como la historia de la Unidad 38, el taller de traducci\u00f3n al Sistema Braille dependiente del CENS N\u00ba 455 coordinado por la docente Silvia Millia,\",\"breadcrumb\":{\"@id\":\"https:\/\/experienciadevida.com.ar\/portalurbano\/internos-de-la-unidad-38-tradujeron-al-braille-el-libro-de-una-escritora-local-no-vidente\/#breadcrumb\"},\"inLanguage\":\"es\",\"potentialAction\":[{\"@type\":\"ReadAction\",\"target\":[\"https:\/\/experienciadevida.com.ar\/portalurbano\/internos-de-la-unidad-38-tradujeron-al-braille-el-libro-de-una-escritora-local-no-vidente\/\"]}]},{\"@type\":\"BreadcrumbList\",\"@id\":\"https:\/\/experienciadevida.com.ar\/portalurbano\/internos-de-la-unidad-38-tradujeron-al-braille-el-libro-de-una-escritora-local-no-vidente\/#breadcrumb\",\"itemListElement\":[{\"@type\":\"ListItem\",\"position\":1,\"name\":\"Portada\",\"item\":\"https:\/\/experienciadevida.com.ar\/portalurbano\/\"},{\"@type\":\"ListItem\",\"position\":2,\"name\":\"Internos de la Unidad 38 tradujeron al braille el libro de una escritora local no vidente\"}]},{\"@type\":\"WebSite\",\"@id\":\"https:\/\/experienciadevida.com.ar\/portalurbano\/#website\",\"url\":\"https:\/\/experienciadevida.com.ar\/portalurbano\/\",\"name\":\"\",\"description\":\"\",\"publisher\":{\"@id\":\"https:\/\/experienciadevida.com.ar\/portalurbano\/#organization\"},\"potentialAction\":[{\"@type\":\"SearchAction\",\"target\":{\"@type\":\"EntryPoint\",\"urlTemplate\":\"https:\/\/experienciadevida.com.ar\/portalurbano\/?s={search_term_string}\"},\"query-input\":\"required name=search_term_string\"}],\"inLanguage\":\"es\"},{\"@type\":\"Organization\",\"@id\":\"https:\/\/experienciadevida.com.ar\/portalurbano\/#organization\",\"name\":\"Portal Urbano\",\"url\":\"https:\/\/experienciadevida.com.ar\/portalurbano\/\",\"logo\":{\"@type\":\"ImageObject\",\"inLanguage\":\"es\",\"@id\":\"https:\/\/experienciadevida.com.ar\/portalurbano\/#\/schema\/logo\/image\/\",\"url\":\"https:\/\/experienciadevida.com.ar\/portalurbano\/wp-content\/uploads\/2019\/09\/Logo-Original.png\",\"contentUrl\":\"https:\/\/experienciadevida.com.ar\/portalurbano\/wp-content\/uploads\/2019\/09\/Logo-Original.png\",\"width\":2236,\"height\":1216,\"caption\":\"Portal Urbano\"},\"image\":{\"@id\":\"https:\/\/experienciadevida.com.ar\/portalurbano\/#\/schema\/logo\/image\/\"},\"sameAs\":[\"https:\/\/www.facebook.com\/Portal-Urbano-171542830093757\/\",\"https:\/\/twitter.com\/portalurbanook\",\"https:\/\/www.instagram.com\/_portalurbano\/\",\"https:\/\/www.youtube.com\/channel\/UCXhagIfszH8KxFiOok79zbA?view_as=subscriber\"]},{\"@type\":\"Person\",\"@id\":\"https:\/\/experienciadevida.com.ar\/portalurbano\/#\/schema\/person\/02dd326b1c4b056e9cc972486934a3a7\",\"name\":\"admpu17wp\",\"image\":{\"@type\":\"ImageObject\",\"inLanguage\":\"es\",\"@id\":\"https:\/\/experienciadevida.com.ar\/portalurbano\/#\/schema\/person\/image\/\",\"url\":\"https:\/\/secure.gravatar.com\/avatar\/830d4c57adaae6630765e449a6908047?s=96&d=mm&r=g\",\"contentUrl\":\"https:\/\/secure.gravatar.com\/avatar\/830d4c57adaae6630765e449a6908047?s=96&d=mm&r=g\",\"caption\":\"admpu17wp\"}}]}<\/script>\n<!-- \/ Yoast SEO plugin. -->","yoast_head_json":{"title":"Int. de la Unidad 38 tradujeron al braille el libro de una escritora","description":"Tan a la par como la historia de la Unidad 38, el taller de traducci\u00f3n al Sistema Braille dependiente del CENS N\u00ba 455 coordinado por la docente Silvia Millia,","robots":{"index":"index","follow":"follow","max-snippet":"max-snippet:-1","max-image-preview":"max-image-preview:large","max-video-preview":"max-video-preview:-1"},"canonical":"https:\/\/experienciadevida.com.ar\/portalurbano\/internos-de-la-unidad-38-tradujeron-al-braille-el-libro-de-una-escritora-local-no-vidente\/","og_locale":"es_ES","og_type":"article","og_title":"Int. de la Unidad 38 tradujeron al braille el libro de una escritora","og_description":"Tan a la par como la historia de la Unidad 38, el taller de traducci\u00f3n al Sistema Braille dependiente del CENS N\u00ba 455 coordinado por la docente Silvia Millia,","og_url":"https:\/\/experienciadevida.com.ar\/portalurbano\/internos-de-la-unidad-38-tradujeron-al-braille-el-libro-de-una-escritora-local-no-vidente\/","article_publisher":"https:\/\/www.facebook.com\/Portal-Urbano-171542830093757\/","article_published_time":"2022-09-01T15:00:22+00:00","article_modified_time":"2022-09-01T15:02:15+00:00","og_image":[{"width":780,"height":1040,"url":"https:\/\/experienciadevida.com.ar\/portalurbano\/wp-content\/uploads\/2022\/09\/U38-Internos-tradujeron-al-braille-libro-de-escritora-local-no-vidente-Agosto-2022.jpg","type":"image\/jpeg"}],"author":"admpu17wp","twitter_card":"summary_large_image","twitter_creator":"@portalurbanook","twitter_site":"@portalurbanook","twitter_misc":{"Escrito por":"admpu17wp","Tiempo de lectura":"2 minutos"},"schema":{"@context":"https:\/\/schema.org","@graph":[{"@type":"Article","@id":"https:\/\/experienciadevida.com.ar\/portalurbano\/internos-de-la-unidad-38-tradujeron-al-braille-el-libro-de-una-escritora-local-no-vidente\/#article","isPartOf":{"@id":"https:\/\/experienciadevida.com.ar\/portalurbano\/internos-de-la-unidad-38-tradujeron-al-braille-el-libro-de-una-escritora-local-no-vidente\/"},"author":{"name":"admpu17wp","@id":"https:\/\/experienciadevida.com.ar\/portalurbano\/#\/schema\/person\/02dd326b1c4b056e9cc972486934a3a7"},"headline":"Internos de la Unidad 38 tradujeron al braille el libro de una escritora local no vidente","datePublished":"2022-09-01T15:00:22+00:00","dateModified":"2022-09-01T15:02:15+00:00","mainEntityOfPage":{"@id":"https:\/\/experienciadevida.com.ar\/portalurbano\/internos-de-la-unidad-38-tradujeron-al-braille-el-libro-de-una-escritora-local-no-vidente\/"},"wordCount":273,"publisher":{"@id":"https:\/\/experienciadevida.com.ar\/portalurbano\/#organization"},"keywords":["braille"],"articleSection":["Ciudad","Destacadas"],"inLanguage":"es"},{"@type":"WebPage","@id":"https:\/\/experienciadevida.com.ar\/portalurbano\/internos-de-la-unidad-38-tradujeron-al-braille-el-libro-de-una-escritora-local-no-vidente\/","url":"https:\/\/experienciadevida.com.ar\/portalurbano\/internos-de-la-unidad-38-tradujeron-al-braille-el-libro-de-una-escritora-local-no-vidente\/","name":"Int. de la Unidad 38 tradujeron al braille el libro de una escritora","isPartOf":{"@id":"https:\/\/experienciadevida.com.ar\/portalurbano\/#website"},"datePublished":"2022-09-01T15:00:22+00:00","dateModified":"2022-09-01T15:02:15+00:00","description":"Tan a la par como la historia de la Unidad 38, el taller de traducci\u00f3n al Sistema Braille dependiente del CENS N\u00ba 455 coordinado por la docente Silvia Millia,","breadcrumb":{"@id":"https:\/\/experienciadevida.com.ar\/portalurbano\/internos-de-la-unidad-38-tradujeron-al-braille-el-libro-de-una-escritora-local-no-vidente\/#breadcrumb"},"inLanguage":"es","potentialAction":[{"@type":"ReadAction","target":["https:\/\/experienciadevida.com.ar\/portalurbano\/internos-de-la-unidad-38-tradujeron-al-braille-el-libro-de-una-escritora-local-no-vidente\/"]}]},{"@type":"BreadcrumbList","@id":"https:\/\/experienciadevida.com.ar\/portalurbano\/internos-de-la-unidad-38-tradujeron-al-braille-el-libro-de-una-escritora-local-no-vidente\/#breadcrumb","itemListElement":[{"@type":"ListItem","position":1,"name":"Portada","item":"https:\/\/experienciadevida.com.ar\/portalurbano\/"},{"@type":"ListItem","position":2,"name":"Internos de la Unidad 38 tradujeron al braille el libro de una escritora local no vidente"}]},{"@type":"WebSite","@id":"https:\/\/experienciadevida.com.ar\/portalurbano\/#website","url":"https:\/\/experienciadevida.com.ar\/portalurbano\/","name":"","description":"","publisher":{"@id":"https:\/\/experienciadevida.com.ar\/portalurbano\/#organization"},"potentialAction":[{"@type":"SearchAction","target":{"@type":"EntryPoint","urlTemplate":"https:\/\/experienciadevida.com.ar\/portalurbano\/?s={search_term_string}"},"query-input":"required name=search_term_string"}],"inLanguage":"es"},{"@type":"Organization","@id":"https:\/\/experienciadevida.com.ar\/portalurbano\/#organization","name":"Portal Urbano","url":"https:\/\/experienciadevida.com.ar\/portalurbano\/","logo":{"@type":"ImageObject","inLanguage":"es","@id":"https:\/\/experienciadevida.com.ar\/portalurbano\/#\/schema\/logo\/image\/","url":"https:\/\/experienciadevida.com.ar\/portalurbano\/wp-content\/uploads\/2019\/09\/Logo-Original.png","contentUrl":"https:\/\/experienciadevida.com.ar\/portalurbano\/wp-content\/uploads\/2019\/09\/Logo-Original.png","width":2236,"height":1216,"caption":"Portal Urbano"},"image":{"@id":"https:\/\/experienciadevida.com.ar\/portalurbano\/#\/schema\/logo\/image\/"},"sameAs":["https:\/\/www.facebook.com\/Portal-Urbano-171542830093757\/","https:\/\/twitter.com\/portalurbanook","https:\/\/www.instagram.com\/_portalurbano\/","https:\/\/www.youtube.com\/channel\/UCXhagIfszH8KxFiOok79zbA?view_as=subscriber"]},{"@type":"Person","@id":"https:\/\/experienciadevida.com.ar\/portalurbano\/#\/schema\/person\/02dd326b1c4b056e9cc972486934a3a7","name":"admpu17wp","image":{"@type":"ImageObject","inLanguage":"es","@id":"https:\/\/experienciadevida.com.ar\/portalurbano\/#\/schema\/person\/image\/","url":"https:\/\/secure.gravatar.com\/avatar\/830d4c57adaae6630765e449a6908047?s=96&d=mm&r=g","contentUrl":"https:\/\/secure.gravatar.com\/avatar\/830d4c57adaae6630765e449a6908047?s=96&d=mm&r=g","caption":"admpu17wp"}}]}},"featured_image_urls":{"full":["https:\/\/experienciadevida.com.ar\/portalurbano\/wp-content\/uploads\/2022\/09\/U38-Internos-tradujeron-al-braille-libro-de-escritora-local-no-vidente-Agosto-2022.jpg",780,1040,false],"thumbnail":["https:\/\/experienciadevida.com.ar\/portalurbano\/wp-content\/uploads\/2022\/09\/U38-Internos-tradujeron-al-braille-libro-de-escritora-local-no-vidente-Agosto-2022-150x150.jpg",150,150,true],"medium":["https:\/\/experienciadevida.com.ar\/portalurbano\/wp-content\/uploads\/2022\/09\/U38-Internos-tradujeron-al-braille-libro-de-escritora-local-no-vidente-Agosto-2022-225x300.jpg",225,300,true],"medium_large":["https:\/\/experienciadevida.com.ar\/portalurbano\/wp-content\/uploads\/2022\/09\/U38-Internos-tradujeron-al-braille-libro-de-escritora-local-no-vidente-Agosto-2022-768x1024.jpg",640,853,true],"large":["https:\/\/experienciadevida.com.ar\/portalurbano\/wp-content\/uploads\/2022\/09\/U38-Internos-tradujeron-al-braille-libro-de-escritora-local-no-vidente-Agosto-2022-768x1024.jpg",640,853,true],"ug_big":["https:\/\/experienciadevida.com.ar\/portalurbano\/wp-content\/uploads\/2022\/09\/U38-Internos-tradujeron-al-braille-libro-de-escritora-local-no-vidente-Agosto-2022-576x768.jpg",576,768,true],"1536x1536":["https:\/\/experienciadevida.com.ar\/portalurbano\/wp-content\/uploads\/2022\/09\/U38-Internos-tradujeron-al-braille-libro-de-escritora-local-no-vidente-Agosto-2022.jpg",780,1040,false],"2048x2048":["https:\/\/experienciadevida.com.ar\/portalurbano\/wp-content\/uploads\/2022\/09\/U38-Internos-tradujeron-al-braille-libro-de-escritora-local-no-vidente-Agosto-2022.jpg",780,1040,false],"newsever-slider-full":["https:\/\/experienciadevida.com.ar\/portalurbano\/wp-content\/uploads\/2022\/09\/U38-Internos-tradujeron-al-braille-libro-de-escritora-local-no-vidente-Agosto-2022.jpg",634,845,false],"newsever-featured":["https:\/\/experienciadevida.com.ar\/portalurbano\/wp-content\/uploads\/2022\/09\/U38-Internos-tradujeron-al-braille-libro-de-escritora-local-no-vidente-Agosto-2022.jpg",780,1040,false],"newsever-medium":["https:\/\/experienciadevida.com.ar\/portalurbano\/wp-content\/uploads\/2022\/09\/U38-Internos-tradujeron-al-braille-libro-de-escritora-local-no-vidente-Agosto-2022.jpg",356,475,false],"web-stories-poster-portrait":["https:\/\/experienciadevida.com.ar\/portalurbano\/wp-content\/uploads\/2022\/09\/U38-Internos-tradujeron-al-braille-libro-de-escritora-local-no-vidente-Agosto-2022-640x853.jpg",640,853,true],"web-stories-publisher-logo":["https:\/\/experienciadevida.com.ar\/portalurbano\/wp-content\/uploads\/2022\/09\/U38-Internos-tradujeron-al-braille-libro-de-escritora-local-no-vidente-Agosto-2022-96x96.jpg",96,96,true],"web-stories-thumbnail":["https:\/\/experienciadevida.com.ar\/portalurbano\/wp-content\/uploads\/2022\/09\/U38-Internos-tradujeron-al-braille-libro-de-escritora-local-no-vidente-Agosto-2022-150x200.jpg",150,200,true]},"author_info":{"display_name":"admpu17wp","author_link":"https:\/\/experienciadevida.com.ar\/portalurbano\/author\/admpu17wp\/"},"category_info":"<a href=\"https:\/\/experienciadevida.com.ar\/portalurbano\/category\/ciudad\/\" rel=\"category tag\">Ciudad<\/a> <a href=\"https:\/\/experienciadevida.com.ar\/portalurbano\/category\/destacadas\/\" rel=\"category tag\">Destacadas<\/a>","tag_info":"Destacadas","comment_count":"0","amp_enabled":true,"_links":{"self":[{"href":"https:\/\/experienciadevida.com.ar\/portalurbano\/wp-json\/wp\/v2\/posts\/174568"}],"collection":[{"href":"https:\/\/experienciadevida.com.ar\/portalurbano\/wp-json\/wp\/v2\/posts"}],"about":[{"href":"https:\/\/experienciadevida.com.ar\/portalurbano\/wp-json\/wp\/v2\/types\/post"}],"author":[{"embeddable":true,"href":"https:\/\/experienciadevida.com.ar\/portalurbano\/wp-json\/wp\/v2\/users\/1"}],"replies":[{"embeddable":true,"href":"https:\/\/experienciadevida.com.ar\/portalurbano\/wp-json\/wp\/v2\/comments?post=174568"}],"version-history":[{"count":4,"href":"https:\/\/experienciadevida.com.ar\/portalurbano\/wp-json\/wp\/v2\/posts\/174568\/revisions"}],"predecessor-version":[{"id":174575,"href":"https:\/\/experienciadevida.com.ar\/portalurbano\/wp-json\/wp\/v2\/posts\/174568\/revisions\/174575"}],"wp:featuredmedia":[{"embeddable":true,"href":"https:\/\/experienciadevida.com.ar\/portalurbano\/wp-json\/wp\/v2\/media\/174570"}],"wp:attachment":[{"href":"https:\/\/experienciadevida.com.ar\/portalurbano\/wp-json\/wp\/v2\/media?parent=174568"}],"wp:term":[{"taxonomy":"category","embeddable":true,"href":"https:\/\/experienciadevida.com.ar\/portalurbano\/wp-json\/wp\/v2\/categories?post=174568"},{"taxonomy":"post_tag","embeddable":true,"href":"https:\/\/experienciadevida.com.ar\/portalurbano\/wp-json\/wp\/v2\/tags?post=174568"}],"curies":[{"name":"wp","href":"https:\/\/api.w.org\/{rel}","templated":true}]}}