{"id":174541,"date":"2022-09-01T09:04:45","date_gmt":"2022-09-01T12:04:45","guid":{"rendered":"https:\/\/experienciadevida.com.ar\/portalurbano\/?p=174541"},"modified":"2022-09-01T09:04:45","modified_gmt":"2022-09-01T12:04:45","slug":"los-antibioticos-y-antimicrobianos-comienzan-a-comercializarse-con-receta-archivada","status":"publish","type":"post","link":"https:\/\/experienciadevida.com.ar\/portalurbano\/los-antibioticos-y-antimicrobianos-comienzan-a-comercializarse-con-receta-archivada\/","title":{"rendered":"Los antibi\u00f3ticos y antimicrobianos comienzan a comercializarse con receta archivada"},"content":{"rendered":"<p><strong>Desde este jueves los m\u00e9dicos deber\u00e1n recetar estos medicamentos con la receta original y una copia o duplicado.<\/strong><\/p>\n<hr \/>\n<p>En cumplimiento con la Ley 27.680 de Prevenci\u00f3n y Control de la Resistencia a los Antimicrobianos, promulgada el 24 de agosto,\u00a0<strong>desde el 1\u00b0 de septiembre la dispensa de los mismos ser\u00e1 \u201cbajo receta archivada\u201d.<\/strong>\u00a0Esto significa que quien prescriba un antimicrobiano (antibi\u00f3tico, antiviral, antif\u00fangico, antiparasitario)\u00a0<strong>deber\u00e1 entregar al paciente la receta original y una copia o duplicado<\/strong>\u00a0para que una de ellas quede archivada en la farmacia en la que ser\u00e1 dispensado. Adem\u00e1s, se deber\u00e1 incorporar en la prescripci\u00f3n el diagn\u00f3stico por el cual se indica su uso.<\/p>\n<p>En la receta \u2013ya sea manuscrita, electr\u00f3nica o digital\u2013 debe constar la siguiente informaci\u00f3n: nombre, apellido, profesi\u00f3n, n\u00famero de matr\u00edcula, domicilio, n\u00famero telef\u00f3nico y correo electr\u00f3nico, seg\u00fan corresponda, del prescriptor.<\/p>\n<p>La Ley 27.680 tiene el enfoque integral de<strong>\u00a0\u201cUna Salud\u201d<\/strong>, que implica el abordaje de la Resistencia Antimicrobiana (RAM) como problema de salud p\u00fablica desde las diferentes disciplinas de las ciencias m\u00e9dicas, veterinarias y medioambientales con la participaci\u00f3n de todos los sectores y actores involucrados, con un enfoque multidisciplinario como es la g\u00e9nesis de su problem\u00e1tica y a partir de la necesidad de alcanzar un mejor manejo y control.<\/p>\n<div class=\"teads-inread teads-display sm-screen\">\n<div>\n<div id=\"teads0\" class=\"teads-player\">El objeto de la normativa es establecer desde una ley de orden p\u00fablico los mecanismos necesarios para promover la prevenci\u00f3n y el control de la RAM en el territorio nacional. Asimismo, le otorga fuerza de ley a la creaci\u00f3n del Plan Nacional de Acci\u00f3n para la Prevenci\u00f3n y Control de la Resistencia Antimicrobiana y a la Comisi\u00f3n Nacional de Control de la Resistencia Antimicrobiana (CONACRA) como organismo interdisciplinario e interministerial de asesoramiento t\u00e9cnico a los fines de brindar recomendaciones sobre estrategias para promover la prevenci\u00f3n y el control de esta problem\u00e1tica. (DIB) ACR<\/div>\n<\/div>\n<\/div>\n","protected":false},"excerpt":{"rendered":"<p>Desde este jueves los m\u00e9dicos deber\u00e1n recetar estos medicamentos con la receta original y una&#8230;<\/p>\n","protected":false},"author":1,"featured_media":174542,"comment_status":"closed","ping_status":"closed","sticky":false,"template":"","format":"standard","meta":{"content-type":""},"categories":[27],"tags":[],"nelio_content":{"isAutoShareEnabled":false,"autoShareEndMode":"default","automationSources":{"useContentSentences":true,"useSocialTemplates":true,"useCustomSentences":false,"customSentences":[]},"followers":[1],"suggestedReferences":[],"includedReferences":[],"efiUrl":"","efiAlt":"","highlights":[]},"yoast_head":"<!-- This site is optimized with the Yoast SEO plugin v20.7 - https:\/\/yoast.com\/wordpress\/plugins\/seo\/ -->\n<title>Los antibi\u00f3ticos y antimicrobianos comienzan a comercializarse con receta archivada -<\/title>\n<meta name=\"robots\" content=\"index, follow, max-snippet:-1, max-image-preview:large, max-video-preview:-1\" \/>\n<link rel=\"canonical\" href=\"https:\/\/experienciadevida.com.ar\/portalurbano\/los-antibioticos-y-antimicrobianos-comienzan-a-comercializarse-con-receta-archivada\/\" \/>\n<meta property=\"og:locale\" content=\"es_ES\" \/>\n<meta property=\"og:type\" content=\"article\" \/>\n<meta property=\"og:title\" content=\"Los antibi\u00f3ticos y antimicrobianos comienzan a comercializarse con receta archivada -\" \/>\n<meta property=\"og:description\" content=\"Desde este jueves los m\u00e9dicos deber\u00e1n recetar estos medicamentos con la receta original y una...\" \/>\n<meta property=\"og:url\" content=\"https:\/\/experienciadevida.com.ar\/portalurbano\/los-antibioticos-y-antimicrobianos-comienzan-a-comercializarse-con-receta-archivada\/\" \/>\n<meta property=\"article:publisher\" content=\"https:\/\/www.facebook.com\/Portal-Urbano-171542830093757\/\" \/>\n<meta property=\"article:published_time\" content=\"2022-09-01T12:04:45+00:00\" \/>\n<meta property=\"og:image\" content=\"https:\/\/experienciadevida.com.ar\/portalurbano\/wp-content\/uploads\/2022\/09\/antibioticos-696x372-1.jpg\" \/>\n\t<meta property=\"og:image:width\" content=\"696\" \/>\n\t<meta property=\"og:image:height\" content=\"372\" \/>\n\t<meta property=\"og:image:type\" content=\"image\/jpeg\" \/>\n<meta name=\"author\" content=\"admpu17wp\" \/>\n<meta name=\"twitter:card\" content=\"summary_large_image\" \/>\n<meta name=\"twitter:creator\" content=\"@portalurbanook\" \/>\n<meta name=\"twitter:site\" content=\"@portalurbanook\" \/>\n<meta name=\"twitter:label1\" content=\"Escrito por\" \/>\n\t<meta name=\"twitter:data1\" content=\"admpu17wp\" \/>\n\t<meta name=\"twitter:label2\" content=\"Tiempo de lectura\" \/>\n\t<meta name=\"twitter:data2\" content=\"2 minutos\" \/>\n<script type=\"application\/ld+json\" class=\"yoast-schema-graph\">{\"@context\":\"https:\/\/schema.org\",\"@graph\":[{\"@type\":\"Article\",\"@id\":\"https:\/\/experienciadevida.com.ar\/portalurbano\/los-antibioticos-y-antimicrobianos-comienzan-a-comercializarse-con-receta-archivada\/#article\",\"isPartOf\":{\"@id\":\"https:\/\/experienciadevida.com.ar\/portalurbano\/los-antibioticos-y-antimicrobianos-comienzan-a-comercializarse-con-receta-archivada\/\"},\"author\":{\"name\":\"admpu17wp\",\"@id\":\"https:\/\/experienciadevida.com.ar\/portalurbano\/#\/schema\/person\/02dd326b1c4b056e9cc972486934a3a7\"},\"headline\":\"Los antibi\u00f3ticos y antimicrobianos comienzan a comercializarse con receta archivada\",\"datePublished\":\"2022-09-01T12:04:45+00:00\",\"dateModified\":\"2022-09-01T12:04:45+00:00\",\"mainEntityOfPage\":{\"@id\":\"https:\/\/experienciadevida.com.ar\/portalurbano\/los-antibioticos-y-antimicrobianos-comienzan-a-comercializarse-con-receta-archivada\/\"},\"wordCount\":337,\"publisher\":{\"@id\":\"https:\/\/experienciadevida.com.ar\/portalurbano\/#organization\"},\"articleSection\":[\"Ciudad\"],\"inLanguage\":\"es\"},{\"@type\":\"WebPage\",\"@id\":\"https:\/\/experienciadevida.com.ar\/portalurbano\/los-antibioticos-y-antimicrobianos-comienzan-a-comercializarse-con-receta-archivada\/\",\"url\":\"https:\/\/experienciadevida.com.ar\/portalurbano\/los-antibioticos-y-antimicrobianos-comienzan-a-comercializarse-con-receta-archivada\/\",\"name\":\"Los antibi\u00f3ticos y antimicrobianos comienzan a comercializarse con receta archivada -\",\"isPartOf\":{\"@id\":\"https:\/\/experienciadevida.com.ar\/portalurbano\/#website\"},\"datePublished\":\"2022-09-01T12:04:45+00:00\",\"dateModified\":\"2022-09-01T12:04:45+00:00\",\"breadcrumb\":{\"@id\":\"https:\/\/experienciadevida.com.ar\/portalurbano\/los-antibioticos-y-antimicrobianos-comienzan-a-comercializarse-con-receta-archivada\/#breadcrumb\"},\"inLanguage\":\"es\",\"potentialAction\":[{\"@type\":\"ReadAction\",\"target\":[\"https:\/\/experienciadevida.com.ar\/portalurbano\/los-antibioticos-y-antimicrobianos-comienzan-a-comercializarse-con-receta-archivada\/\"]}]},{\"@type\":\"BreadcrumbList\",\"@id\":\"https:\/\/experienciadevida.com.ar\/portalurbano\/los-antibioticos-y-antimicrobianos-comienzan-a-comercializarse-con-receta-archivada\/#breadcrumb\",\"itemListElement\":[{\"@type\":\"ListItem\",\"position\":1,\"name\":\"Portada\",\"item\":\"https:\/\/experienciadevida.com.ar\/portalurbano\/\"},{\"@type\":\"ListItem\",\"position\":2,\"name\":\"Los antibi\u00f3ticos y antimicrobianos comienzan a comercializarse con receta archivada\"}]},{\"@type\":\"WebSite\",\"@id\":\"https:\/\/experienciadevida.com.ar\/portalurbano\/#website\",\"url\":\"https:\/\/experienciadevida.com.ar\/portalurbano\/\",\"name\":\"\",\"description\":\"\",\"publisher\":{\"@id\":\"https:\/\/experienciadevida.com.ar\/portalurbano\/#organization\"},\"potentialAction\":[{\"@type\":\"SearchAction\",\"target\":{\"@type\":\"EntryPoint\",\"urlTemplate\":\"https:\/\/experienciadevida.com.ar\/portalurbano\/?s={search_term_string}\"},\"query-input\":\"required name=search_term_string\"}],\"inLanguage\":\"es\"},{\"@type\":\"Organization\",\"@id\":\"https:\/\/experienciadevida.com.ar\/portalurbano\/#organization\",\"name\":\"Portal Urbano\",\"url\":\"https:\/\/experienciadevida.com.ar\/portalurbano\/\",\"logo\":{\"@type\":\"ImageObject\",\"inLanguage\":\"es\",\"@id\":\"https:\/\/experienciadevida.com.ar\/portalurbano\/#\/schema\/logo\/image\/\",\"url\":\"https:\/\/experienciadevida.com.ar\/portalurbano\/wp-content\/uploads\/2019\/09\/Logo-Original.png\",\"contentUrl\":\"https:\/\/experienciadevida.com.ar\/portalurbano\/wp-content\/uploads\/2019\/09\/Logo-Original.png\",\"width\":2236,\"height\":1216,\"caption\":\"Portal Urbano\"},\"image\":{\"@id\":\"https:\/\/experienciadevida.com.ar\/portalurbano\/#\/schema\/logo\/image\/\"},\"sameAs\":[\"https:\/\/www.facebook.com\/Portal-Urbano-171542830093757\/\",\"https:\/\/twitter.com\/portalurbanook\",\"https:\/\/www.instagram.com\/_portalurbano\/\",\"https:\/\/www.youtube.com\/channel\/UCXhagIfszH8KxFiOok79zbA?view_as=subscriber\"]},{\"@type\":\"Person\",\"@id\":\"https:\/\/experienciadevida.com.ar\/portalurbano\/#\/schema\/person\/02dd326b1c4b056e9cc972486934a3a7\",\"name\":\"admpu17wp\",\"image\":{\"@type\":\"ImageObject\",\"inLanguage\":\"es\",\"@id\":\"https:\/\/experienciadevida.com.ar\/portalurbano\/#\/schema\/person\/image\/\",\"url\":\"https:\/\/secure.gravatar.com\/avatar\/830d4c57adaae6630765e449a6908047?s=96&d=mm&r=g\",\"contentUrl\":\"https:\/\/secure.gravatar.com\/avatar\/830d4c57adaae6630765e449a6908047?s=96&d=mm&r=g\",\"caption\":\"admpu17wp\"}}]}<\/script>\n<!-- \/ Yoast SEO plugin. -->","yoast_head_json":{"title":"Los antibi\u00f3ticos y antimicrobianos comienzan a comercializarse con receta archivada -","robots":{"index":"index","follow":"follow","max-snippet":"max-snippet:-1","max-image-preview":"max-image-preview:large","max-video-preview":"max-video-preview:-1"},"canonical":"https:\/\/experienciadevida.com.ar\/portalurbano\/los-antibioticos-y-antimicrobianos-comienzan-a-comercializarse-con-receta-archivada\/","og_locale":"es_ES","og_type":"article","og_title":"Los antibi\u00f3ticos y antimicrobianos comienzan a comercializarse con receta archivada -","og_description":"Desde este jueves los m\u00e9dicos deber\u00e1n recetar estos medicamentos con la receta original y una...","og_url":"https:\/\/experienciadevida.com.ar\/portalurbano\/los-antibioticos-y-antimicrobianos-comienzan-a-comercializarse-con-receta-archivada\/","article_publisher":"https:\/\/www.facebook.com\/Portal-Urbano-171542830093757\/","article_published_time":"2022-09-01T12:04:45+00:00","og_image":[{"width":696,"height":372,"url":"https:\/\/experienciadevida.com.ar\/portalurbano\/wp-content\/uploads\/2022\/09\/antibioticos-696x372-1.jpg","type":"image\/jpeg"}],"author":"admpu17wp","twitter_card":"summary_large_image","twitter_creator":"@portalurbanook","twitter_site":"@portalurbanook","twitter_misc":{"Escrito por":"admpu17wp","Tiempo de lectura":"2 minutos"},"schema":{"@context":"https:\/\/schema.org","@graph":[{"@type":"Article","@id":"https:\/\/experienciadevida.com.ar\/portalurbano\/los-antibioticos-y-antimicrobianos-comienzan-a-comercializarse-con-receta-archivada\/#article","isPartOf":{"@id":"https:\/\/experienciadevida.com.ar\/portalurbano\/los-antibioticos-y-antimicrobianos-comienzan-a-comercializarse-con-receta-archivada\/"},"author":{"name":"admpu17wp","@id":"https:\/\/experienciadevida.com.ar\/portalurbano\/#\/schema\/person\/02dd326b1c4b056e9cc972486934a3a7"},"headline":"Los antibi\u00f3ticos y antimicrobianos comienzan a comercializarse con receta archivada","datePublished":"2022-09-01T12:04:45+00:00","dateModified":"2022-09-01T12:04:45+00:00","mainEntityOfPage":{"@id":"https:\/\/experienciadevida.com.ar\/portalurbano\/los-antibioticos-y-antimicrobianos-comienzan-a-comercializarse-con-receta-archivada\/"},"wordCount":337,"publisher":{"@id":"https:\/\/experienciadevida.com.ar\/portalurbano\/#organization"},"articleSection":["Ciudad"],"inLanguage":"es"},{"@type":"WebPage","@id":"https:\/\/experienciadevida.com.ar\/portalurbano\/los-antibioticos-y-antimicrobianos-comienzan-a-comercializarse-con-receta-archivada\/","url":"https:\/\/experienciadevida.com.ar\/portalurbano\/los-antibioticos-y-antimicrobianos-comienzan-a-comercializarse-con-receta-archivada\/","name":"Los antibi\u00f3ticos y antimicrobianos comienzan a comercializarse con receta archivada -","isPartOf":{"@id":"https:\/\/experienciadevida.com.ar\/portalurbano\/#website"},"datePublished":"2022-09-01T12:04:45+00:00","dateModified":"2022-09-01T12:04:45+00:00","breadcrumb":{"@id":"https:\/\/experienciadevida.com.ar\/portalurbano\/los-antibioticos-y-antimicrobianos-comienzan-a-comercializarse-con-receta-archivada\/#breadcrumb"},"inLanguage":"es","potentialAction":[{"@type":"ReadAction","target":["https:\/\/experienciadevida.com.ar\/portalurbano\/los-antibioticos-y-antimicrobianos-comienzan-a-comercializarse-con-receta-archivada\/"]}]},{"@type":"BreadcrumbList","@id":"https:\/\/experienciadevida.com.ar\/portalurbano\/los-antibioticos-y-antimicrobianos-comienzan-a-comercializarse-con-receta-archivada\/#breadcrumb","itemListElement":[{"@type":"ListItem","position":1,"name":"Portada","item":"https:\/\/experienciadevida.com.ar\/portalurbano\/"},{"@type":"ListItem","position":2,"name":"Los antibi\u00f3ticos y antimicrobianos comienzan a comercializarse con receta archivada"}]},{"@type":"WebSite","@id":"https:\/\/experienciadevida.com.ar\/portalurbano\/#website","url":"https:\/\/experienciadevida.com.ar\/portalurbano\/","name":"","description":"","publisher":{"@id":"https:\/\/experienciadevida.com.ar\/portalurbano\/#organization"},"potentialAction":[{"@type":"SearchAction","target":{"@type":"EntryPoint","urlTemplate":"https:\/\/experienciadevida.com.ar\/portalurbano\/?s={search_term_string}"},"query-input":"required name=search_term_string"}],"inLanguage":"es"},{"@type":"Organization","@id":"https:\/\/experienciadevida.com.ar\/portalurbano\/#organization","name":"Portal Urbano","url":"https:\/\/experienciadevida.com.ar\/portalurbano\/","logo":{"@type":"ImageObject","inLanguage":"es","@id":"https:\/\/experienciadevida.com.ar\/portalurbano\/#\/schema\/logo\/image\/","url":"https:\/\/experienciadevida.com.ar\/portalurbano\/wp-content\/uploads\/2019\/09\/Logo-Original.png","contentUrl":"https:\/\/experienciadevida.com.ar\/portalurbano\/wp-content\/uploads\/2019\/09\/Logo-Original.png","width":2236,"height":1216,"caption":"Portal Urbano"},"image":{"@id":"https:\/\/experienciadevida.com.ar\/portalurbano\/#\/schema\/logo\/image\/"},"sameAs":["https:\/\/www.facebook.com\/Portal-Urbano-171542830093757\/","https:\/\/twitter.com\/portalurbanook","https:\/\/www.instagram.com\/_portalurbano\/","https:\/\/www.youtube.com\/channel\/UCXhagIfszH8KxFiOok79zbA?view_as=subscriber"]},{"@type":"Person","@id":"https:\/\/experienciadevida.com.ar\/portalurbano\/#\/schema\/person\/02dd326b1c4b056e9cc972486934a3a7","name":"admpu17wp","image":{"@type":"ImageObject","inLanguage":"es","@id":"https:\/\/experienciadevida.com.ar\/portalurbano\/#\/schema\/person\/image\/","url":"https:\/\/secure.gravatar.com\/avatar\/830d4c57adaae6630765e449a6908047?s=96&d=mm&r=g","contentUrl":"https:\/\/secure.gravatar.com\/avatar\/830d4c57adaae6630765e449a6908047?s=96&d=mm&r=g","caption":"admpu17wp"}}]}},"featured_image_urls":{"full":["https:\/\/experienciadevida.com.ar\/portalurbano\/wp-content\/uploads\/2022\/09\/antibioticos-696x372-1.jpg",696,372,false],"thumbnail":["https:\/\/experienciadevida.com.ar\/portalurbano\/wp-content\/uploads\/2022\/09\/antibioticos-696x372-1-150x150.jpg",150,150,true],"medium":["https:\/\/experienciadevida.com.ar\/portalurbano\/wp-content\/uploads\/2022\/09\/antibioticos-696x372-1-300x160.jpg",300,160,true],"medium_large":["https:\/\/experienciadevida.com.ar\/portalurbano\/wp-content\/uploads\/2022\/09\/antibioticos-696x372-1.jpg",640,342,false],"large":["https:\/\/experienciadevida.com.ar\/portalurbano\/wp-content\/uploads\/2022\/09\/antibioticos-696x372-1.jpg",640,342,false],"ug_big":["https:\/\/experienciadevida.com.ar\/portalurbano\/wp-content\/uploads\/2022\/09\/antibioticos-696x372-1.jpg",696,372,false],"1536x1536":["https:\/\/experienciadevida.com.ar\/portalurbano\/wp-content\/uploads\/2022\/09\/antibioticos-696x372-1.jpg",696,372,false],"2048x2048":["https:\/\/experienciadevida.com.ar\/portalurbano\/wp-content\/uploads\/2022\/09\/antibioticos-696x372-1.jpg",696,372,false],"newsever-slider-full":["https:\/\/experienciadevida.com.ar\/portalurbano\/wp-content\/uploads\/2022\/09\/antibioticos-696x372-1.jpg",696,372,false],"newsever-featured":["https:\/\/experienciadevida.com.ar\/portalurbano\/wp-content\/uploads\/2022\/09\/antibioticos-696x372-1.jpg",696,372,false],"newsever-medium":["https:\/\/experienciadevida.com.ar\/portalurbano\/wp-content\/uploads\/2022\/09\/antibioticos-696x372-1.jpg",696,372,false],"web-stories-poster-portrait":["https:\/\/experienciadevida.com.ar\/portalurbano\/wp-content\/uploads\/2022\/09\/antibioticos-696x372-1-640x372.jpg",640,372,true],"web-stories-publisher-logo":["https:\/\/experienciadevida.com.ar\/portalurbano\/wp-content\/uploads\/2022\/09\/antibioticos-696x372-1-96x96.jpg",96,96,true],"web-stories-thumbnail":["https:\/\/experienciadevida.com.ar\/portalurbano\/wp-content\/uploads\/2022\/09\/antibioticos-696x372-1-150x80.jpg",150,80,true]},"author_info":{"display_name":"admpu17wp","author_link":"https:\/\/experienciadevida.com.ar\/portalurbano\/author\/admpu17wp\/"},"category_info":"<a href=\"https:\/\/experienciadevida.com.ar\/portalurbano\/category\/ciudad\/\" rel=\"category tag\">Ciudad<\/a>","tag_info":"Ciudad","comment_count":"0","amp_enabled":true,"_links":{"self":[{"href":"https:\/\/experienciadevida.com.ar\/portalurbano\/wp-json\/wp\/v2\/posts\/174541"}],"collection":[{"href":"https:\/\/experienciadevida.com.ar\/portalurbano\/wp-json\/wp\/v2\/posts"}],"about":[{"href":"https:\/\/experienciadevida.com.ar\/portalurbano\/wp-json\/wp\/v2\/types\/post"}],"author":[{"embeddable":true,"href":"https:\/\/experienciadevida.com.ar\/portalurbano\/wp-json\/wp\/v2\/users\/1"}],"replies":[{"embeddable":true,"href":"https:\/\/experienciadevida.com.ar\/portalurbano\/wp-json\/wp\/v2\/comments?post=174541"}],"version-history":[{"count":1,"href":"https:\/\/experienciadevida.com.ar\/portalurbano\/wp-json\/wp\/v2\/posts\/174541\/revisions"}],"predecessor-version":[{"id":174543,"href":"https:\/\/experienciadevida.com.ar\/portalurbano\/wp-json\/wp\/v2\/posts\/174541\/revisions\/174543"}],"wp:featuredmedia":[{"embeddable":true,"href":"https:\/\/experienciadevida.com.ar\/portalurbano\/wp-json\/wp\/v2\/media\/174542"}],"wp:attachment":[{"href":"https:\/\/experienciadevida.com.ar\/portalurbano\/wp-json\/wp\/v2\/media?parent=174541"}],"wp:term":[{"taxonomy":"category","embeddable":true,"href":"https:\/\/experienciadevida.com.ar\/portalurbano\/wp-json\/wp\/v2\/categories?post=174541"},{"taxonomy":"post_tag","embeddable":true,"href":"https:\/\/experienciadevida.com.ar\/portalurbano\/wp-json\/wp\/v2\/tags?post=174541"}],"curies":[{"name":"wp","href":"https:\/\/api.w.org\/{rel}","templated":true}]}}