{"id":174518,"date":"2022-08-31T23:57:07","date_gmt":"2022-09-01T02:57:07","guid":{"rendered":"https:\/\/experienciadevida.com.ar\/portalurbano\/?p=174518"},"modified":"2022-08-31T23:58:30","modified_gmt":"2022-09-01T02:58:30","slug":"clima-en-olavarria-cual-es-el-pronostico-del-tiempo-para-el-1-de-septiembre","status":"publish","type":"post","link":"https:\/\/experienciadevida.com.ar\/portalurbano\/clima-en-olavarria-cual-es-el-pronostico-del-tiempo-para-el-1-de-septiembre\/","title":{"rendered":"Clima en Olavarr\u00eda : cu\u00e1l es el pron\u00f3stico del tiempo para el 1 de septiembre"},"content":{"rendered":"<h2 class=\"com-subhead --bajada --m-xs\">El Servicio Meteorol\u00f3gico Nacional anticipa que este jueves 1 de septiembre, la temperatura rondar\u00e1 entre 6 y 22; descartan lluvias durante la jornada en Olavarr\u00eda.<\/h2>\n<hr \/>\n<p class=\"com-paragraph --capital --s\"><strong>El pron\u00f3stico del tiempo para la ciudad de\u00a0<\/strong><b>Olavarr\u00eda<\/b>, indica que hoy\u00a0<strong>1 de septiembre<\/strong>\u00a0el cielo estar\u00e1 parcialmente nublado por la madrugada y la temperatura rondar\u00e1 entre\u00a0<strong>6 grados de m\u00ednima y los 22 de m\u00e1xima.<\/strong><\/p>\n<p class=\"com-paragraph --s\">De acuerdo al parte Servicio Meteorol\u00f3gico Nacional, el\u00a0<strong>clima<\/strong>\u00a0se presentar\u00eda sin lluvias , y los vientos del oeste correr\u00e1n a una velocidad de entre 7 y 12 kil\u00f3metros por hora. La humedad ser\u00eda del 40 por ciento.<\/p>\n<div class=\"mod-banner --middle_1_dsk\">\n<div class=\"AV62015a4e5cce552dd73c0f49\">\n<div id=\"aniBox\">\n<div id=\"aniplayer_AV62015a4e5cce552dd73c0f49-1661997024137\">\n<div id=\"aniplayer_AV62015a4e5cce552dd73c0f49-1661997024137gui\">\n<div id=\"av-caption\">\n<div id=\"av-close-btn-overlay\" class=\"av-pos-top-left\">\n<div id=\"av-close-btn\"><\/div>\n<\/div>\n<\/div>\n<\/div>\n<\/div>\n<\/div>\n<\/div>\n<div id=\"middle_1_dsk\" class=\"com-banner\" data-slot-group=\"nota\" data-device=\"desktop\" data-subscription=\"true\" data-ad-unit-path=\"\/133919216\/la_nacion_desktop\/Nota\/middle_1_dsk\" data-targeting=\"{&quot;sitio&quot;:&quot;lanacion&quot;,&quot;seccion&quot;:&quot;nota&quot;}\" data-without-hide=\"true\" data-size=\"[[1,1],[640,360],[640,480],[728,90]]\" data-sizemap=\"[]\" data-prebid-enabled=\"true\" data-google-query-id=\"CML9_6m98vkCFRqDlQIdKIgJvQ\">\n<div id=\"google_ads_iframe_\/133919216\/la_nacion_desktop\/Nota\/middle_1_dsk_0__container__\"><strong>Por la ma\u00f1ana<\/strong>, el cielo estar\u00e1 parcialmente nublado, con vientos del sur entre 13 y 22 kil\u00f3metros y la visibilidad ser\u00eda buena. La probabilidad de lluvia estar\u00eda en el orden del 0 por ciento para esta franja del d\u00eda.<\/div>\n<\/div>\n<\/div>\n<p class=\"com-paragraph --s\"><span class=\"today-list__item-name font-weight-bold\">\u00a0 \u00a0 \u00a0 \u00a0 \u00a0 \u00a0 \u00a0 \u00a0 \u00a0 \u00a0 \u00a0 \u00a0 \u00a0 \u00a0 \u00a0 \u00a0 \u00a0 \u00a0 \u00a0 \u00a0 \u00a0 \u00a0 \u00a0 \u00a0 \u00a0 \u00a0 \u00a0 \u00a0 \u00a0 \u00a0 \u00a0 \u00a0 \u00a0 \u00a0 \u00a0 \u00a0 \u00a0Salida del sol <\/span><strong><span class=\"today-list__item-value\" data-name=\"sunrise\" data-timestamp=\"1661941506\">07:25:06<\/span><\/strong><\/p>\n<p><span class=\"today-list__item-name font-weight-bold\">\u00a0 \u00a0 \u00a0 \u00a0 \u00a0 \u00a0 \u00a0 \u00a0 \u00a0 \u00a0 \u00a0 \u00a0 \u00a0 \u00a0 \u00a0 \u00a0 \u00a0 \u00a0 \u00a0 \u00a0 \u00a0 \u00a0 \u00a0 \u00a0 \u00a0 \u00a0 \u00a0 \u00a0 \u00a0 \u00a0 \u00a0 \u00a0 \u00a0 \u00a0 \u00a0 \u00a0 \u00a0Puesta del sol <\/span><span class=\"today-list__item-value\" data-name=\"sunset\" data-timestamp=\"1661982073\">1<strong>8:41:13<\/strong><\/span><\/p>\n<p class=\"com-paragraph --s\"><b>Pron\u00f3stico del tiempo en Olavarr\u00eda para la tarde y la noche<\/b><\/p>\n<div class=\"mod-banner --middle_2_dsk\">\n<div id=\"middle_2_dsk\" class=\"com-banner\" data-slot-group=\"nota\" data-device=\"desktop\" data-subscription=\"true\" data-ad-unit-path=\"\/133919216\/la_nacion_desktop\/Nota\/middle_2_dsk\" data-targeting=\"{&quot;sitio&quot;:&quot;lanacion&quot;,&quot;seccion&quot;:&quot;nota&quot;}\" data-without-hide=\"true\" data-size=\"[[1,1],[728,90]]\" data-sizemap=\"[]\" data-prebid-enabled=\"true\" data-google-query-id=\"CMP9_6m98vkCFRqDlQIdKIgJvQ\">\n<div id=\"google_ads_iframe_\/133919216\/la_nacion_desktop\/Nota\/middle_2_dsk_0__container__\">El parte del servicio meteorol\u00f3gico prev\u00e9 que para despu\u00e9s del mediod\u00eda el cielo estar\u00e1 parcialmente nublado y los vientos del sector sudeste tendr\u00e1n velocidades estimadas entre 13 y 22 km\/h. La temperatura pronosticada ser\u00eda de <strong>22\u00a0grados.<\/strong><\/div>\n<\/div>\n<\/div>\n<p class=\"com-paragraph --s\">A la noche, el clima rondar\u00e1 los 10 grados, mientras que los vientos ser\u00e1n del sur a una velocidad de 23 y 31 kil\u00f3metros por hora. No se esperan lluvias para esta franja del d\u00eda.<\/p>\n<p><strong>Se esperan r\u00e1fagas de viento en la tarde \/\u00a0 Noche entre 42 y 50 Km\/hs.<\/strong><\/p>\n","protected":false},"excerpt":{"rendered":"<p>El Servicio Meteorol\u00f3gico Nacional anticipa que este jueves 1 de septiembre, la temperatura rondar\u00e1 entre&#8230;<\/p>\n","protected":false},"author":1,"featured_media":173916,"comment_status":"closed","ping_status":"closed","sticky":false,"template":"","format":"standard","meta":{"content-type":""},"categories":[27],"tags":[],"nelio_content":{"isAutoShareEnabled":false,"autoShareEndMode":"default","automationSources":{"useContentSentences":true,"useSocialTemplates":true,"useCustomSentences":false,"customSentences":[]},"followers":[1],"suggestedReferences":[],"includedReferences":[],"efiUrl":"","efiAlt":"","highlights":[]},"yoast_head":"<!-- This site is optimized with the Yoast SEO plugin v20.7 - https:\/\/yoast.com\/wordpress\/plugins\/seo\/ -->\n<title>Clima en Olavarr\u00eda : cu\u00e1l es el pron\u00f3stico del tiempo para el 1 de septiembre -<\/title>\n<meta name=\"robots\" content=\"index, follow, max-snippet:-1, max-image-preview:large, max-video-preview:-1\" \/>\n<link rel=\"canonical\" href=\"https:\/\/experienciadevida.com.ar\/portalurbano\/clima-en-olavarria-cual-es-el-pronostico-del-tiempo-para-el-1-de-septiembre\/\" \/>\n<meta property=\"og:locale\" content=\"es_ES\" \/>\n<meta property=\"og:type\" content=\"article\" \/>\n<meta property=\"og:title\" content=\"Clima en Olavarr\u00eda : cu\u00e1l es el pron\u00f3stico del tiempo para el 1 de septiembre -\" \/>\n<meta property=\"og:description\" content=\"El Servicio Meteorol\u00f3gico Nacional anticipa que este jueves 1 de septiembre, la temperatura rondar\u00e1 entre...\" \/>\n<meta property=\"og:url\" content=\"https:\/\/experienciadevida.com.ar\/portalurbano\/clima-en-olavarria-cual-es-el-pronostico-del-tiempo-para-el-1-de-septiembre\/\" \/>\n<meta property=\"article:publisher\" content=\"https:\/\/www.facebook.com\/Portal-Urbano-171542830093757\/\" \/>\n<meta property=\"article:published_time\" content=\"2022-09-01T02:57:07+00:00\" \/>\n<meta property=\"article:modified_time\" content=\"2022-09-01T02:58:30+00:00\" \/>\n<meta property=\"og:image\" content=\"https:\/\/experienciadevida.com.ar\/portalurbano\/wp-content\/uploads\/2022\/08\/Clima-en-Olavarria-e1661215283191.jpg\" \/>\n\t<meta property=\"og:image:width\" content=\"800\" \/>\n\t<meta property=\"og:image:height\" content=\"600\" \/>\n\t<meta property=\"og:image:type\" content=\"image\/jpeg\" \/>\n<meta name=\"author\" content=\"admpu17wp\" \/>\n<meta name=\"twitter:card\" content=\"summary_large_image\" \/>\n<meta name=\"twitter:creator\" content=\"@portalurbanook\" \/>\n<meta name=\"twitter:site\" content=\"@portalurbanook\" \/>\n<meta name=\"twitter:label1\" content=\"Escrito por\" \/>\n\t<meta name=\"twitter:data1\" content=\"admpu17wp\" \/>\n\t<meta name=\"twitter:label2\" content=\"Tiempo de lectura\" \/>\n\t<meta name=\"twitter:data2\" content=\"2 minutos\" \/>\n<script type=\"application\/ld+json\" class=\"yoast-schema-graph\">{\"@context\":\"https:\/\/schema.org\",\"@graph\":[{\"@type\":\"Article\",\"@id\":\"https:\/\/experienciadevida.com.ar\/portalurbano\/clima-en-olavarria-cual-es-el-pronostico-del-tiempo-para-el-1-de-septiembre\/#article\",\"isPartOf\":{\"@id\":\"https:\/\/experienciadevida.com.ar\/portalurbano\/clima-en-olavarria-cual-es-el-pronostico-del-tiempo-para-el-1-de-septiembre\/\"},\"author\":{\"name\":\"admpu17wp\",\"@id\":\"https:\/\/experienciadevida.com.ar\/portalurbano\/#\/schema\/person\/02dd326b1c4b056e9cc972486934a3a7\"},\"headline\":\"Clima en Olavarr\u00eda : cu\u00e1l es el pron\u00f3stico del tiempo para el 1 de septiembre\",\"datePublished\":\"2022-09-01T02:57:07+00:00\",\"dateModified\":\"2022-09-01T02:58:30+00:00\",\"mainEntityOfPage\":{\"@id\":\"https:\/\/experienciadevida.com.ar\/portalurbano\/clima-en-olavarria-cual-es-el-pronostico-del-tiempo-para-el-1-de-septiembre\/\"},\"wordCount\":266,\"publisher\":{\"@id\":\"https:\/\/experienciadevida.com.ar\/portalurbano\/#organization\"},\"articleSection\":[\"Ciudad\"],\"inLanguage\":\"es\"},{\"@type\":\"WebPage\",\"@id\":\"https:\/\/experienciadevida.com.ar\/portalurbano\/clima-en-olavarria-cual-es-el-pronostico-del-tiempo-para-el-1-de-septiembre\/\",\"url\":\"https:\/\/experienciadevida.com.ar\/portalurbano\/clima-en-olavarria-cual-es-el-pronostico-del-tiempo-para-el-1-de-septiembre\/\",\"name\":\"Clima en Olavarr\u00eda : cu\u00e1l es el pron\u00f3stico del tiempo para el 1 de septiembre -\",\"isPartOf\":{\"@id\":\"https:\/\/experienciadevida.com.ar\/portalurbano\/#website\"},\"datePublished\":\"2022-09-01T02:57:07+00:00\",\"dateModified\":\"2022-09-01T02:58:30+00:00\",\"breadcrumb\":{\"@id\":\"https:\/\/experienciadevida.com.ar\/portalurbano\/clima-en-olavarria-cual-es-el-pronostico-del-tiempo-para-el-1-de-septiembre\/#breadcrumb\"},\"inLanguage\":\"es\",\"potentialAction\":[{\"@type\":\"ReadAction\",\"target\":[\"https:\/\/experienciadevida.com.ar\/portalurbano\/clima-en-olavarria-cual-es-el-pronostico-del-tiempo-para-el-1-de-septiembre\/\"]}]},{\"@type\":\"BreadcrumbList\",\"@id\":\"https:\/\/experienciadevida.com.ar\/portalurbano\/clima-en-olavarria-cual-es-el-pronostico-del-tiempo-para-el-1-de-septiembre\/#breadcrumb\",\"itemListElement\":[{\"@type\":\"ListItem\",\"position\":1,\"name\":\"Portada\",\"item\":\"https:\/\/experienciadevida.com.ar\/portalurbano\/\"},{\"@type\":\"ListItem\",\"position\":2,\"name\":\"Clima en Olavarr\u00eda : cu\u00e1l es el pron\u00f3stico del tiempo para el 1 de septiembre\"}]},{\"@type\":\"WebSite\",\"@id\":\"https:\/\/experienciadevida.com.ar\/portalurbano\/#website\",\"url\":\"https:\/\/experienciadevida.com.ar\/portalurbano\/\",\"name\":\"\",\"description\":\"\",\"publisher\":{\"@id\":\"https:\/\/experienciadevida.com.ar\/portalurbano\/#organization\"},\"potentialAction\":[{\"@type\":\"SearchAction\",\"target\":{\"@type\":\"EntryPoint\",\"urlTemplate\":\"https:\/\/experienciadevida.com.ar\/portalurbano\/?s={search_term_string}\"},\"query-input\":\"required name=search_term_string\"}],\"inLanguage\":\"es\"},{\"@type\":\"Organization\",\"@id\":\"https:\/\/experienciadevida.com.ar\/portalurbano\/#organization\",\"name\":\"Portal Urbano\",\"url\":\"https:\/\/experienciadevida.com.ar\/portalurbano\/\",\"logo\":{\"@type\":\"ImageObject\",\"inLanguage\":\"es\",\"@id\":\"https:\/\/experienciadevida.com.ar\/portalurbano\/#\/schema\/logo\/image\/\",\"url\":\"https:\/\/experienciadevida.com.ar\/portalurbano\/wp-content\/uploads\/2019\/09\/Logo-Original.png\",\"contentUrl\":\"https:\/\/experienciadevida.com.ar\/portalurbano\/wp-content\/uploads\/2019\/09\/Logo-Original.png\",\"width\":2236,\"height\":1216,\"caption\":\"Portal Urbano\"},\"image\":{\"@id\":\"https:\/\/experienciadevida.com.ar\/portalurbano\/#\/schema\/logo\/image\/\"},\"sameAs\":[\"https:\/\/www.facebook.com\/Portal-Urbano-171542830093757\/\",\"https:\/\/twitter.com\/portalurbanook\",\"https:\/\/www.instagram.com\/_portalurbano\/\",\"https:\/\/www.youtube.com\/channel\/UCXhagIfszH8KxFiOok79zbA?view_as=subscriber\"]},{\"@type\":\"Person\",\"@id\":\"https:\/\/experienciadevida.com.ar\/portalurbano\/#\/schema\/person\/02dd326b1c4b056e9cc972486934a3a7\",\"name\":\"admpu17wp\",\"image\":{\"@type\":\"ImageObject\",\"inLanguage\":\"es\",\"@id\":\"https:\/\/experienciadevida.com.ar\/portalurbano\/#\/schema\/person\/image\/\",\"url\":\"https:\/\/secure.gravatar.com\/avatar\/830d4c57adaae6630765e449a6908047?s=96&d=mm&r=g\",\"contentUrl\":\"https:\/\/secure.gravatar.com\/avatar\/830d4c57adaae6630765e449a6908047?s=96&d=mm&r=g\",\"caption\":\"admpu17wp\"}}]}<\/script>\n<!-- \/ Yoast SEO plugin. -->","yoast_head_json":{"title":"Clima en Olavarr\u00eda : cu\u00e1l es el pron\u00f3stico del tiempo para el 1 de septiembre -","robots":{"index":"index","follow":"follow","max-snippet":"max-snippet:-1","max-image-preview":"max-image-preview:large","max-video-preview":"max-video-preview:-1"},"canonical":"https:\/\/experienciadevida.com.ar\/portalurbano\/clima-en-olavarria-cual-es-el-pronostico-del-tiempo-para-el-1-de-septiembre\/","og_locale":"es_ES","og_type":"article","og_title":"Clima en Olavarr\u00eda : cu\u00e1l es el pron\u00f3stico del tiempo para el 1 de septiembre -","og_description":"El Servicio Meteorol\u00f3gico Nacional anticipa que este jueves 1 de septiembre, la temperatura rondar\u00e1 entre...","og_url":"https:\/\/experienciadevida.com.ar\/portalurbano\/clima-en-olavarria-cual-es-el-pronostico-del-tiempo-para-el-1-de-septiembre\/","article_publisher":"https:\/\/www.facebook.com\/Portal-Urbano-171542830093757\/","article_published_time":"2022-09-01T02:57:07+00:00","article_modified_time":"2022-09-01T02:58:30+00:00","og_image":[{"width":800,"height":600,"url":"https:\/\/experienciadevida.com.ar\/portalurbano\/wp-content\/uploads\/2022\/08\/Clima-en-Olavarria-e1661215283191.jpg","type":"image\/jpeg"}],"author":"admpu17wp","twitter_card":"summary_large_image","twitter_creator":"@portalurbanook","twitter_site":"@portalurbanook","twitter_misc":{"Escrito por":"admpu17wp","Tiempo de lectura":"2 minutos"},"schema":{"@context":"https:\/\/schema.org","@graph":[{"@type":"Article","@id":"https:\/\/experienciadevida.com.ar\/portalurbano\/clima-en-olavarria-cual-es-el-pronostico-del-tiempo-para-el-1-de-septiembre\/#article","isPartOf":{"@id":"https:\/\/experienciadevida.com.ar\/portalurbano\/clima-en-olavarria-cual-es-el-pronostico-del-tiempo-para-el-1-de-septiembre\/"},"author":{"name":"admpu17wp","@id":"https:\/\/experienciadevida.com.ar\/portalurbano\/#\/schema\/person\/02dd326b1c4b056e9cc972486934a3a7"},"headline":"Clima en Olavarr\u00eda : cu\u00e1l es el pron\u00f3stico del tiempo para el 1 de septiembre","datePublished":"2022-09-01T02:57:07+00:00","dateModified":"2022-09-01T02:58:30+00:00","mainEntityOfPage":{"@id":"https:\/\/experienciadevida.com.ar\/portalurbano\/clima-en-olavarria-cual-es-el-pronostico-del-tiempo-para-el-1-de-septiembre\/"},"wordCount":266,"publisher":{"@id":"https:\/\/experienciadevida.com.ar\/portalurbano\/#organization"},"articleSection":["Ciudad"],"inLanguage":"es"},{"@type":"WebPage","@id":"https:\/\/experienciadevida.com.ar\/portalurbano\/clima-en-olavarria-cual-es-el-pronostico-del-tiempo-para-el-1-de-septiembre\/","url":"https:\/\/experienciadevida.com.ar\/portalurbano\/clima-en-olavarria-cual-es-el-pronostico-del-tiempo-para-el-1-de-septiembre\/","name":"Clima en Olavarr\u00eda : cu\u00e1l es el pron\u00f3stico del tiempo para el 1 de septiembre -","isPartOf":{"@id":"https:\/\/experienciadevida.com.ar\/portalurbano\/#website"},"datePublished":"2022-09-01T02:57:07+00:00","dateModified":"2022-09-01T02:58:30+00:00","breadcrumb":{"@id":"https:\/\/experienciadevida.com.ar\/portalurbano\/clima-en-olavarria-cual-es-el-pronostico-del-tiempo-para-el-1-de-septiembre\/#breadcrumb"},"inLanguage":"es","potentialAction":[{"@type":"ReadAction","target":["https:\/\/experienciadevida.com.ar\/portalurbano\/clima-en-olavarria-cual-es-el-pronostico-del-tiempo-para-el-1-de-septiembre\/"]}]},{"@type":"BreadcrumbList","@id":"https:\/\/experienciadevida.com.ar\/portalurbano\/clima-en-olavarria-cual-es-el-pronostico-del-tiempo-para-el-1-de-septiembre\/#breadcrumb","itemListElement":[{"@type":"ListItem","position":1,"name":"Portada","item":"https:\/\/experienciadevida.com.ar\/portalurbano\/"},{"@type":"ListItem","position":2,"name":"Clima en Olavarr\u00eda : cu\u00e1l es el pron\u00f3stico del tiempo para el 1 de septiembre"}]},{"@type":"WebSite","@id":"https:\/\/experienciadevida.com.ar\/portalurbano\/#website","url":"https:\/\/experienciadevida.com.ar\/portalurbano\/","name":"","description":"","publisher":{"@id":"https:\/\/experienciadevida.com.ar\/portalurbano\/#organization"},"potentialAction":[{"@type":"SearchAction","target":{"@type":"EntryPoint","urlTemplate":"https:\/\/experienciadevida.com.ar\/portalurbano\/?s={search_term_string}"},"query-input":"required name=search_term_string"}],"inLanguage":"es"},{"@type":"Organization","@id":"https:\/\/experienciadevida.com.ar\/portalurbano\/#organization","name":"Portal Urbano","url":"https:\/\/experienciadevida.com.ar\/portalurbano\/","logo":{"@type":"ImageObject","inLanguage":"es","@id":"https:\/\/experienciadevida.com.ar\/portalurbano\/#\/schema\/logo\/image\/","url":"https:\/\/experienciadevida.com.ar\/portalurbano\/wp-content\/uploads\/2019\/09\/Logo-Original.png","contentUrl":"https:\/\/experienciadevida.com.ar\/portalurbano\/wp-content\/uploads\/2019\/09\/Logo-Original.png","width":2236,"height":1216,"caption":"Portal Urbano"},"image":{"@id":"https:\/\/experienciadevida.com.ar\/portalurbano\/#\/schema\/logo\/image\/"},"sameAs":["https:\/\/www.facebook.com\/Portal-Urbano-171542830093757\/","https:\/\/twitter.com\/portalurbanook","https:\/\/www.instagram.com\/_portalurbano\/","https:\/\/www.youtube.com\/channel\/UCXhagIfszH8KxFiOok79zbA?view_as=subscriber"]},{"@type":"Person","@id":"https:\/\/experienciadevida.com.ar\/portalurbano\/#\/schema\/person\/02dd326b1c4b056e9cc972486934a3a7","name":"admpu17wp","image":{"@type":"ImageObject","inLanguage":"es","@id":"https:\/\/experienciadevida.com.ar\/portalurbano\/#\/schema\/person\/image\/","url":"https:\/\/secure.gravatar.com\/avatar\/830d4c57adaae6630765e449a6908047?s=96&d=mm&r=g","contentUrl":"https:\/\/secure.gravatar.com\/avatar\/830d4c57adaae6630765e449a6908047?s=96&d=mm&r=g","caption":"admpu17wp"}}]}},"featured_image_urls":{"full":["https:\/\/experienciadevida.com.ar\/portalurbano\/wp-content\/uploads\/2022\/08\/Clima-en-Olavarria-e1661215283191.jpg",800,600,false],"thumbnail":["https:\/\/experienciadevida.com.ar\/portalurbano\/wp-content\/uploads\/2022\/08\/Clima-en-Olavarria-e1661215283191-150x150.jpg",150,150,true],"medium":["https:\/\/experienciadevida.com.ar\/portalurbano\/wp-content\/uploads\/2022\/08\/Clima-en-Olavarria-e1661215283191-300x225.jpg",300,225,true],"medium_large":["https:\/\/experienciadevida.com.ar\/portalurbano\/wp-content\/uploads\/2022\/08\/Clima-en-Olavarria-e1661215283191-768x576.jpg",640,480,true],"large":["https:\/\/experienciadevida.com.ar\/portalurbano\/wp-content\/uploads\/2022\/08\/Clima-en-Olavarria-e1661215283191.jpg",640,480,false],"ug_big":["https:\/\/experienciadevida.com.ar\/portalurbano\/wp-content\/uploads\/2022\/08\/Clima-en-Olavarria-e1661215283191-768x576.jpg",768,576,true],"1536x1536":["https:\/\/experienciadevida.com.ar\/portalurbano\/wp-content\/uploads\/2022\/08\/Clima-en-Olavarria-e1661215283191.jpg",800,600,false],"2048x2048":["https:\/\/experienciadevida.com.ar\/portalurbano\/wp-content\/uploads\/2022\/08\/Clima-en-Olavarria-e1661215283191.jpg",800,600,false],"newsever-slider-full":["https:\/\/experienciadevida.com.ar\/portalurbano\/wp-content\/uploads\/2022\/08\/Clima-en-Olavarria-e1661215283191.jpg",800,600,false],"newsever-featured":["https:\/\/experienciadevida.com.ar\/portalurbano\/wp-content\/uploads\/2022\/08\/Clima-en-Olavarria-e1661215283191.jpg",800,600,false],"newsever-medium":["https:\/\/experienciadevida.com.ar\/portalurbano\/wp-content\/uploads\/2022\/08\/Clima-en-Olavarria-e1661215283191.jpg",633,475,false],"web-stories-poster-portrait":["https:\/\/experienciadevida.com.ar\/portalurbano\/wp-content\/uploads\/2022\/08\/Clima-en-Olavarria-e1661215283191-640x600.jpg",640,600,true],"web-stories-publisher-logo":["https:\/\/experienciadevida.com.ar\/portalurbano\/wp-content\/uploads\/2022\/08\/Clima-en-Olavarria-e1661215283191-96x96.jpg",96,96,true],"web-stories-thumbnail":["https:\/\/experienciadevida.com.ar\/portalurbano\/wp-content\/uploads\/2022\/08\/Clima-en-Olavarria-e1661215283191-150x113.jpg",150,113,true]},"author_info":{"display_name":"admpu17wp","author_link":"https:\/\/experienciadevida.com.ar\/portalurbano\/author\/admpu17wp\/"},"category_info":"<a href=\"https:\/\/experienciadevida.com.ar\/portalurbano\/category\/ciudad\/\" rel=\"category tag\">Ciudad<\/a>","tag_info":"Ciudad","comment_count":"0","amp_enabled":true,"_links":{"self":[{"href":"https:\/\/experienciadevida.com.ar\/portalurbano\/wp-json\/wp\/v2\/posts\/174518"}],"collection":[{"href":"https:\/\/experienciadevida.com.ar\/portalurbano\/wp-json\/wp\/v2\/posts"}],"about":[{"href":"https:\/\/experienciadevida.com.ar\/portalurbano\/wp-json\/wp\/v2\/types\/post"}],"author":[{"embeddable":true,"href":"https:\/\/experienciadevida.com.ar\/portalurbano\/wp-json\/wp\/v2\/users\/1"}],"replies":[{"embeddable":true,"href":"https:\/\/experienciadevida.com.ar\/portalurbano\/wp-json\/wp\/v2\/comments?post=174518"}],"version-history":[{"count":3,"href":"https:\/\/experienciadevida.com.ar\/portalurbano\/wp-json\/wp\/v2\/posts\/174518\/revisions"}],"predecessor-version":[{"id":174521,"href":"https:\/\/experienciadevida.com.ar\/portalurbano\/wp-json\/wp\/v2\/posts\/174518\/revisions\/174521"}],"wp:featuredmedia":[{"embeddable":true,"href":"https:\/\/experienciadevida.com.ar\/portalurbano\/wp-json\/wp\/v2\/media\/173916"}],"wp:attachment":[{"href":"https:\/\/experienciadevida.com.ar\/portalurbano\/wp-json\/wp\/v2\/media?parent=174518"}],"wp:term":[{"taxonomy":"category","embeddable":true,"href":"https:\/\/experienciadevida.com.ar\/portalurbano\/wp-json\/wp\/v2\/categories?post=174518"},{"taxonomy":"post_tag","embeddable":true,"href":"https:\/\/experienciadevida.com.ar\/portalurbano\/wp-json\/wp\/v2\/tags?post=174518"}],"curies":[{"name":"wp","href":"https:\/\/api.w.org\/{rel}","templated":true}]}}