{"id":174510,"date":"2022-08-31T17:03:08","date_gmt":"2022-08-31T20:03:08","guid":{"rendered":"https:\/\/experienciadevida.com.ar\/portalurbano\/?p=174510"},"modified":"2022-08-31T17:06:15","modified_gmt":"2022-08-31T20:06:15","slug":"comunicacion-efectiva-en-el-taller-crear-presente-del-centro-de-estudios-de-coopelectric","status":"publish","type":"post","link":"https:\/\/experienciadevida.com.ar\/portalurbano\/comunicacion-efectiva-en-el-taller-crear-presente-del-centro-de-estudios-de-coopelectric\/","title":{"rendered":"Comunicaci\u00f3n efectiva en el taller crear presente del centro de estudios de Coopelectric"},"content":{"rendered":"<p>Comunicaci\u00f3n efectiva en el taller crear presente del centro de estudios de Coopelectric, en el marco del Taller Crear Presente dictado por la Mar\u00eda Celia Larraburu, el jueves 8 de septiembre se llevar\u00e1 a cabo el tercer encuentro donde se abordar\u00e1 la tem\u00e1tica \u201cComunicaci\u00f3n efectiva\u201d. El mismo, tendr\u00e1 lugar en las instalaciones del Centro de Estudios Universitarios (CEU) de Coopelectric de 17:30 a 19:30 hs.<\/p>\n<p>Se trabajar\u00e1 la comunicaci\u00f3n ontol\u00f3gica, diferentes miradas que impactan sobre el qu\u00e9, el c\u00f3mo y para qu\u00e9 nos comunicamos; la comunicaci\u00f3n entre los seres y los v\u00ednculos; tipos de comunicaci\u00f3n asertiva, se brindar\u00e1n ejemplos<br \/>\na trav\u00e9s de juegos y ejercicios, entre otros temas.<\/p>\n<p>Para consultar por disponibilidad, arancel del taller o para ampliar la informaci\u00f3n, los interesados podr\u00e1n contactarse al tel. 2284-636951, e-mail celiaolavarria@hotmail.com &lt;mailto:celiaolavarria@hotmail.com&gt; , Instagram: uncambio_en tu ser<\/p>\n<p>&nbsp;<\/p>\n","protected":false},"excerpt":{"rendered":"<p>Comunicaci\u00f3n efectiva en el taller crear presente del centro de estudios de Coopelectric, en el&#8230;<\/p>\n","protected":false},"author":1,"featured_media":172698,"comment_status":"closed","ping_status":"closed","sticky":false,"template":"","format":"standard","meta":{"content-type":""},"categories":[27],"tags":[],"nelio_content":{"isAutoShareEnabled":false,"autoShareEndMode":"default","automationSources":{"useContentSentences":true,"useSocialTemplates":true,"useCustomSentences":false,"customSentences":[]},"followers":[1],"suggestedReferences":[],"includedReferences":[],"efiUrl":"","efiAlt":"","highlights":[]},"yoast_head":"<!-- This site is optimized with the Yoast SEO plugin v20.7 - https:\/\/yoast.com\/wordpress\/plugins\/seo\/ -->\n<title>Comunicaci\u00f3n efectiva en el taller crear presente del centro<\/title>\n<meta name=\"description\" content=\"Comunicaci\u00f3n efectiva en el taller crear presente del centro de estudios de Coopelectric, en el marco del Taller Crear Presente dictado\" \/>\n<meta name=\"robots\" content=\"index, follow, max-snippet:-1, max-image-preview:large, max-video-preview:-1\" \/>\n<link rel=\"canonical\" href=\"https:\/\/experienciadevida.com.ar\/portalurbano\/comunicacion-efectiva-en-el-taller-crear-presente-del-centro-de-estudios-de-coopelectric\/\" \/>\n<meta property=\"og:locale\" content=\"es_ES\" \/>\n<meta property=\"og:type\" content=\"article\" \/>\n<meta property=\"og:title\" content=\"Comunicaci\u00f3n efectiva en el taller crear presente del centro\" \/>\n<meta property=\"og:description\" content=\"Comunicaci\u00f3n efectiva en el taller crear presente del centro de estudios de Coopelectric, en el marco del Taller Crear Presente dictado\" \/>\n<meta property=\"og:url\" content=\"https:\/\/experienciadevida.com.ar\/portalurbano\/comunicacion-efectiva-en-el-taller-crear-presente-del-centro-de-estudios-de-coopelectric\/\" \/>\n<meta property=\"article:publisher\" content=\"https:\/\/www.facebook.com\/Portal-Urbano-171542830093757\/\" \/>\n<meta property=\"article:published_time\" content=\"2022-08-31T20:03:08+00:00\" \/>\n<meta property=\"article:modified_time\" content=\"2022-08-31T20:06:15+00:00\" \/>\n<meta property=\"og:image\" content=\"https:\/\/experienciadevida.com.ar\/portalurbano\/wp-content\/uploads\/2022\/08\/El-Centro-de-estudios.png\" \/>\n\t<meta property=\"og:image:width\" content=\"679\" \/>\n\t<meta property=\"og:image:height\" content=\"393\" \/>\n\t<meta property=\"og:image:type\" content=\"image\/png\" \/>\n<meta name=\"author\" content=\"admpu17wp\" \/>\n<meta name=\"twitter:card\" content=\"summary_large_image\" \/>\n<meta name=\"twitter:creator\" content=\"@portalurbanook\" \/>\n<meta name=\"twitter:site\" content=\"@portalurbanook\" \/>\n<meta name=\"twitter:label1\" content=\"Escrito por\" \/>\n\t<meta name=\"twitter:data1\" content=\"admpu17wp\" \/>\n\t<meta name=\"twitter:label2\" content=\"Tiempo de lectura\" \/>\n\t<meta name=\"twitter:data2\" content=\"1 minuto\" \/>\n<script type=\"application\/ld+json\" class=\"yoast-schema-graph\">{\"@context\":\"https:\/\/schema.org\",\"@graph\":[{\"@type\":\"Article\",\"@id\":\"https:\/\/experienciadevida.com.ar\/portalurbano\/comunicacion-efectiva-en-el-taller-crear-presente-del-centro-de-estudios-de-coopelectric\/#article\",\"isPartOf\":{\"@id\":\"https:\/\/experienciadevida.com.ar\/portalurbano\/comunicacion-efectiva-en-el-taller-crear-presente-del-centro-de-estudios-de-coopelectric\/\"},\"author\":{\"name\":\"admpu17wp\",\"@id\":\"https:\/\/experienciadevida.com.ar\/portalurbano\/#\/schema\/person\/02dd326b1c4b056e9cc972486934a3a7\"},\"headline\":\"Comunicaci\u00f3n efectiva en el taller crear presente del centro de estudios de Coopelectric\",\"datePublished\":\"2022-08-31T20:03:08+00:00\",\"dateModified\":\"2022-08-31T20:06:15+00:00\",\"mainEntityOfPage\":{\"@id\":\"https:\/\/experienciadevida.com.ar\/portalurbano\/comunicacion-efectiva-en-el-taller-crear-presente-del-centro-de-estudios-de-coopelectric\/\"},\"wordCount\":168,\"publisher\":{\"@id\":\"https:\/\/experienciadevida.com.ar\/portalurbano\/#organization\"},\"articleSection\":[\"Ciudad\"],\"inLanguage\":\"es\"},{\"@type\":\"WebPage\",\"@id\":\"https:\/\/experienciadevida.com.ar\/portalurbano\/comunicacion-efectiva-en-el-taller-crear-presente-del-centro-de-estudios-de-coopelectric\/\",\"url\":\"https:\/\/experienciadevida.com.ar\/portalurbano\/comunicacion-efectiva-en-el-taller-crear-presente-del-centro-de-estudios-de-coopelectric\/\",\"name\":\"Comunicaci\u00f3n efectiva en el taller crear presente del centro\",\"isPartOf\":{\"@id\":\"https:\/\/experienciadevida.com.ar\/portalurbano\/#website\"},\"datePublished\":\"2022-08-31T20:03:08+00:00\",\"dateModified\":\"2022-08-31T20:06:15+00:00\",\"description\":\"Comunicaci\u00f3n efectiva en el taller crear presente del centro de estudios de Coopelectric, en el marco del Taller Crear Presente dictado\",\"breadcrumb\":{\"@id\":\"https:\/\/experienciadevida.com.ar\/portalurbano\/comunicacion-efectiva-en-el-taller-crear-presente-del-centro-de-estudios-de-coopelectric\/#breadcrumb\"},\"inLanguage\":\"es\",\"potentialAction\":[{\"@type\":\"ReadAction\",\"target\":[\"https:\/\/experienciadevida.com.ar\/portalurbano\/comunicacion-efectiva-en-el-taller-crear-presente-del-centro-de-estudios-de-coopelectric\/\"]}]},{\"@type\":\"BreadcrumbList\",\"@id\":\"https:\/\/experienciadevida.com.ar\/portalurbano\/comunicacion-efectiva-en-el-taller-crear-presente-del-centro-de-estudios-de-coopelectric\/#breadcrumb\",\"itemListElement\":[{\"@type\":\"ListItem\",\"position\":1,\"name\":\"Portada\",\"item\":\"https:\/\/experienciadevida.com.ar\/portalurbano\/\"},{\"@type\":\"ListItem\",\"position\":2,\"name\":\"Comunicaci\u00f3n efectiva en el taller crear presente del centro de estudios de Coopelectric\"}]},{\"@type\":\"WebSite\",\"@id\":\"https:\/\/experienciadevida.com.ar\/portalurbano\/#website\",\"url\":\"https:\/\/experienciadevida.com.ar\/portalurbano\/\",\"name\":\"\",\"description\":\"\",\"publisher\":{\"@id\":\"https:\/\/experienciadevida.com.ar\/portalurbano\/#organization\"},\"potentialAction\":[{\"@type\":\"SearchAction\",\"target\":{\"@type\":\"EntryPoint\",\"urlTemplate\":\"https:\/\/experienciadevida.com.ar\/portalurbano\/?s={search_term_string}\"},\"query-input\":\"required name=search_term_string\"}],\"inLanguage\":\"es\"},{\"@type\":\"Organization\",\"@id\":\"https:\/\/experienciadevida.com.ar\/portalurbano\/#organization\",\"name\":\"Portal Urbano\",\"url\":\"https:\/\/experienciadevida.com.ar\/portalurbano\/\",\"logo\":{\"@type\":\"ImageObject\",\"inLanguage\":\"es\",\"@id\":\"https:\/\/experienciadevida.com.ar\/portalurbano\/#\/schema\/logo\/image\/\",\"url\":\"https:\/\/experienciadevida.com.ar\/portalurbano\/wp-content\/uploads\/2019\/09\/Logo-Original.png\",\"contentUrl\":\"https:\/\/experienciadevida.com.ar\/portalurbano\/wp-content\/uploads\/2019\/09\/Logo-Original.png\",\"width\":2236,\"height\":1216,\"caption\":\"Portal Urbano\"},\"image\":{\"@id\":\"https:\/\/experienciadevida.com.ar\/portalurbano\/#\/schema\/logo\/image\/\"},\"sameAs\":[\"https:\/\/www.facebook.com\/Portal-Urbano-171542830093757\/\",\"https:\/\/twitter.com\/portalurbanook\",\"https:\/\/www.instagram.com\/_portalurbano\/\",\"https:\/\/www.youtube.com\/channel\/UCXhagIfszH8KxFiOok79zbA?view_as=subscriber\"]},{\"@type\":\"Person\",\"@id\":\"https:\/\/experienciadevida.com.ar\/portalurbano\/#\/schema\/person\/02dd326b1c4b056e9cc972486934a3a7\",\"name\":\"admpu17wp\",\"image\":{\"@type\":\"ImageObject\",\"inLanguage\":\"es\",\"@id\":\"https:\/\/experienciadevida.com.ar\/portalurbano\/#\/schema\/person\/image\/\",\"url\":\"https:\/\/secure.gravatar.com\/avatar\/830d4c57adaae6630765e449a6908047?s=96&d=mm&r=g\",\"contentUrl\":\"https:\/\/secure.gravatar.com\/avatar\/830d4c57adaae6630765e449a6908047?s=96&d=mm&r=g\",\"caption\":\"admpu17wp\"}}]}<\/script>\n<!-- \/ Yoast SEO plugin. -->","yoast_head_json":{"title":"Comunicaci\u00f3n efectiva en el taller crear presente del centro","description":"Comunicaci\u00f3n efectiva en el taller crear presente del centro de estudios de Coopelectric, en el marco del Taller Crear Presente dictado","robots":{"index":"index","follow":"follow","max-snippet":"max-snippet:-1","max-image-preview":"max-image-preview:large","max-video-preview":"max-video-preview:-1"},"canonical":"https:\/\/experienciadevida.com.ar\/portalurbano\/comunicacion-efectiva-en-el-taller-crear-presente-del-centro-de-estudios-de-coopelectric\/","og_locale":"es_ES","og_type":"article","og_title":"Comunicaci\u00f3n efectiva en el taller crear presente del centro","og_description":"Comunicaci\u00f3n efectiva en el taller crear presente del centro de estudios de Coopelectric, en el marco del Taller Crear Presente dictado","og_url":"https:\/\/experienciadevida.com.ar\/portalurbano\/comunicacion-efectiva-en-el-taller-crear-presente-del-centro-de-estudios-de-coopelectric\/","article_publisher":"https:\/\/www.facebook.com\/Portal-Urbano-171542830093757\/","article_published_time":"2022-08-31T20:03:08+00:00","article_modified_time":"2022-08-31T20:06:15+00:00","og_image":[{"width":679,"height":393,"url":"https:\/\/experienciadevida.com.ar\/portalurbano\/wp-content\/uploads\/2022\/08\/El-Centro-de-estudios.png","type":"image\/png"}],"author":"admpu17wp","twitter_card":"summary_large_image","twitter_creator":"@portalurbanook","twitter_site":"@portalurbanook","twitter_misc":{"Escrito por":"admpu17wp","Tiempo de lectura":"1 minuto"},"schema":{"@context":"https:\/\/schema.org","@graph":[{"@type":"Article","@id":"https:\/\/experienciadevida.com.ar\/portalurbano\/comunicacion-efectiva-en-el-taller-crear-presente-del-centro-de-estudios-de-coopelectric\/#article","isPartOf":{"@id":"https:\/\/experienciadevida.com.ar\/portalurbano\/comunicacion-efectiva-en-el-taller-crear-presente-del-centro-de-estudios-de-coopelectric\/"},"author":{"name":"admpu17wp","@id":"https:\/\/experienciadevida.com.ar\/portalurbano\/#\/schema\/person\/02dd326b1c4b056e9cc972486934a3a7"},"headline":"Comunicaci\u00f3n efectiva en el taller crear presente del centro de estudios de Coopelectric","datePublished":"2022-08-31T20:03:08+00:00","dateModified":"2022-08-31T20:06:15+00:00","mainEntityOfPage":{"@id":"https:\/\/experienciadevida.com.ar\/portalurbano\/comunicacion-efectiva-en-el-taller-crear-presente-del-centro-de-estudios-de-coopelectric\/"},"wordCount":168,"publisher":{"@id":"https:\/\/experienciadevida.com.ar\/portalurbano\/#organization"},"articleSection":["Ciudad"],"inLanguage":"es"},{"@type":"WebPage","@id":"https:\/\/experienciadevida.com.ar\/portalurbano\/comunicacion-efectiva-en-el-taller-crear-presente-del-centro-de-estudios-de-coopelectric\/","url":"https:\/\/experienciadevida.com.ar\/portalurbano\/comunicacion-efectiva-en-el-taller-crear-presente-del-centro-de-estudios-de-coopelectric\/","name":"Comunicaci\u00f3n efectiva en el taller crear presente del centro","isPartOf":{"@id":"https:\/\/experienciadevida.com.ar\/portalurbano\/#website"},"datePublished":"2022-08-31T20:03:08+00:00","dateModified":"2022-08-31T20:06:15+00:00","description":"Comunicaci\u00f3n efectiva en el taller crear presente del centro de estudios de Coopelectric, en el marco del Taller Crear Presente dictado","breadcrumb":{"@id":"https:\/\/experienciadevida.com.ar\/portalurbano\/comunicacion-efectiva-en-el-taller-crear-presente-del-centro-de-estudios-de-coopelectric\/#breadcrumb"},"inLanguage":"es","potentialAction":[{"@type":"ReadAction","target":["https:\/\/experienciadevida.com.ar\/portalurbano\/comunicacion-efectiva-en-el-taller-crear-presente-del-centro-de-estudios-de-coopelectric\/"]}]},{"@type":"BreadcrumbList","@id":"https:\/\/experienciadevida.com.ar\/portalurbano\/comunicacion-efectiva-en-el-taller-crear-presente-del-centro-de-estudios-de-coopelectric\/#breadcrumb","itemListElement":[{"@type":"ListItem","position":1,"name":"Portada","item":"https:\/\/experienciadevida.com.ar\/portalurbano\/"},{"@type":"ListItem","position":2,"name":"Comunicaci\u00f3n efectiva en el taller crear presente del centro de estudios de Coopelectric"}]},{"@type":"WebSite","@id":"https:\/\/experienciadevida.com.ar\/portalurbano\/#website","url":"https:\/\/experienciadevida.com.ar\/portalurbano\/","name":"","description":"","publisher":{"@id":"https:\/\/experienciadevida.com.ar\/portalurbano\/#organization"},"potentialAction":[{"@type":"SearchAction","target":{"@type":"EntryPoint","urlTemplate":"https:\/\/experienciadevida.com.ar\/portalurbano\/?s={search_term_string}"},"query-input":"required name=search_term_string"}],"inLanguage":"es"},{"@type":"Organization","@id":"https:\/\/experienciadevida.com.ar\/portalurbano\/#organization","name":"Portal Urbano","url":"https:\/\/experienciadevida.com.ar\/portalurbano\/","logo":{"@type":"ImageObject","inLanguage":"es","@id":"https:\/\/experienciadevida.com.ar\/portalurbano\/#\/schema\/logo\/image\/","url":"https:\/\/experienciadevida.com.ar\/portalurbano\/wp-content\/uploads\/2019\/09\/Logo-Original.png","contentUrl":"https:\/\/experienciadevida.com.ar\/portalurbano\/wp-content\/uploads\/2019\/09\/Logo-Original.png","width":2236,"height":1216,"caption":"Portal Urbano"},"image":{"@id":"https:\/\/experienciadevida.com.ar\/portalurbano\/#\/schema\/logo\/image\/"},"sameAs":["https:\/\/www.facebook.com\/Portal-Urbano-171542830093757\/","https:\/\/twitter.com\/portalurbanook","https:\/\/www.instagram.com\/_portalurbano\/","https:\/\/www.youtube.com\/channel\/UCXhagIfszH8KxFiOok79zbA?view_as=subscriber"]},{"@type":"Person","@id":"https:\/\/experienciadevida.com.ar\/portalurbano\/#\/schema\/person\/02dd326b1c4b056e9cc972486934a3a7","name":"admpu17wp","image":{"@type":"ImageObject","inLanguage":"es","@id":"https:\/\/experienciadevida.com.ar\/portalurbano\/#\/schema\/person\/image\/","url":"https:\/\/secure.gravatar.com\/avatar\/830d4c57adaae6630765e449a6908047?s=96&d=mm&r=g","contentUrl":"https:\/\/secure.gravatar.com\/avatar\/830d4c57adaae6630765e449a6908047?s=96&d=mm&r=g","caption":"admpu17wp"}}]}},"featured_image_urls":{"full":["https:\/\/experienciadevida.com.ar\/portalurbano\/wp-content\/uploads\/2022\/08\/El-Centro-de-estudios.png",679,393,false],"thumbnail":["https:\/\/experienciadevida.com.ar\/portalurbano\/wp-content\/uploads\/2022\/08\/El-Centro-de-estudios-150x150.png",150,150,true],"medium":["https:\/\/experienciadevida.com.ar\/portalurbano\/wp-content\/uploads\/2022\/08\/El-Centro-de-estudios-300x174.png",300,174,true],"medium_large":["https:\/\/experienciadevida.com.ar\/portalurbano\/wp-content\/uploads\/2022\/08\/El-Centro-de-estudios.png",640,370,false],"large":["https:\/\/experienciadevida.com.ar\/portalurbano\/wp-content\/uploads\/2022\/08\/El-Centro-de-estudios.png",640,370,false],"ug_big":["https:\/\/experienciadevida.com.ar\/portalurbano\/wp-content\/uploads\/2022\/08\/El-Centro-de-estudios.png",679,393,false],"1536x1536":["https:\/\/experienciadevida.com.ar\/portalurbano\/wp-content\/uploads\/2022\/08\/El-Centro-de-estudios.png",679,393,false],"2048x2048":["https:\/\/experienciadevida.com.ar\/portalurbano\/wp-content\/uploads\/2022\/08\/El-Centro-de-estudios.png",679,393,false],"newsever-slider-full":["https:\/\/experienciadevida.com.ar\/portalurbano\/wp-content\/uploads\/2022\/08\/El-Centro-de-estudios.png",679,393,false],"newsever-featured":["https:\/\/experienciadevida.com.ar\/portalurbano\/wp-content\/uploads\/2022\/08\/El-Centro-de-estudios.png",679,393,false],"newsever-medium":["https:\/\/experienciadevida.com.ar\/portalurbano\/wp-content\/uploads\/2022\/08\/El-Centro-de-estudios.png",679,393,false],"web-stories-poster-portrait":["https:\/\/experienciadevida.com.ar\/portalurbano\/wp-content\/uploads\/2022\/08\/El-Centro-de-estudios-640x393.png",640,393,true],"web-stories-publisher-logo":["https:\/\/experienciadevida.com.ar\/portalurbano\/wp-content\/uploads\/2022\/08\/El-Centro-de-estudios-96x96.png",96,96,true],"web-stories-thumbnail":["https:\/\/experienciadevida.com.ar\/portalurbano\/wp-content\/uploads\/2022\/08\/El-Centro-de-estudios-150x87.png",150,87,true]},"author_info":{"display_name":"admpu17wp","author_link":"https:\/\/experienciadevida.com.ar\/portalurbano\/author\/admpu17wp\/"},"category_info":"<a href=\"https:\/\/experienciadevida.com.ar\/portalurbano\/category\/ciudad\/\" rel=\"category tag\">Ciudad<\/a>","tag_info":"Ciudad","comment_count":"0","amp_enabled":true,"_links":{"self":[{"href":"https:\/\/experienciadevida.com.ar\/portalurbano\/wp-json\/wp\/v2\/posts\/174510"}],"collection":[{"href":"https:\/\/experienciadevida.com.ar\/portalurbano\/wp-json\/wp\/v2\/posts"}],"about":[{"href":"https:\/\/experienciadevida.com.ar\/portalurbano\/wp-json\/wp\/v2\/types\/post"}],"author":[{"embeddable":true,"href":"https:\/\/experienciadevida.com.ar\/portalurbano\/wp-json\/wp\/v2\/users\/1"}],"replies":[{"embeddable":true,"href":"https:\/\/experienciadevida.com.ar\/portalurbano\/wp-json\/wp\/v2\/comments?post=174510"}],"version-history":[{"count":1,"href":"https:\/\/experienciadevida.com.ar\/portalurbano\/wp-json\/wp\/v2\/posts\/174510\/revisions"}],"predecessor-version":[{"id":174511,"href":"https:\/\/experienciadevida.com.ar\/portalurbano\/wp-json\/wp\/v2\/posts\/174510\/revisions\/174511"}],"wp:featuredmedia":[{"embeddable":true,"href":"https:\/\/experienciadevida.com.ar\/portalurbano\/wp-json\/wp\/v2\/media\/172698"}],"wp:attachment":[{"href":"https:\/\/experienciadevida.com.ar\/portalurbano\/wp-json\/wp\/v2\/media?parent=174510"}],"wp:term":[{"taxonomy":"category","embeddable":true,"href":"https:\/\/experienciadevida.com.ar\/portalurbano\/wp-json\/wp\/v2\/categories?post=174510"},{"taxonomy":"post_tag","embeddable":true,"href":"https:\/\/experienciadevida.com.ar\/portalurbano\/wp-json\/wp\/v2\/tags?post=174510"}],"curies":[{"name":"wp","href":"https:\/\/api.w.org\/{rel}","templated":true}]}}