{"id":174487,"date":"2022-08-31T12:59:08","date_gmt":"2022-08-31T15:59:08","guid":{"rendered":"https:\/\/experienciadevida.com.ar\/portalurbano\/?p=174487"},"modified":"2022-08-31T13:00:53","modified_gmt":"2022-08-31T16:00:53","slug":"la-fiesta-de-las-colectividades-se-realizara-este-domingo-en-la-sociedad-espanola","status":"publish","type":"post","link":"https:\/\/experienciadevida.com.ar\/portalurbano\/la-fiesta-de-las-colectividades-se-realizara-este-domingo-en-la-sociedad-espanola\/","title":{"rendered":"La fiesta de las colectividades se realizar\u00e1 este domingo en la Sociedad Espa\u00f1ola"},"content":{"rendered":"<p>La fiesta de las colectividades se realizar\u00e1 este domingo en la Sociedad Espa\u00f1ola, la Uni\u00f3n de de Colectividades de Olavarr\u00eda organiza la Fiesta de las Colectividades, en conmemoraci\u00f3n del D\u00eda del Inmigrante y nucleando la presencia de instituciones olavarrienses que representan a los diferentes grupos migratorios hacia Argentina.<\/p>\n<p>El encuentro se llevar\u00e1 a cabo el domingo 4 de septiembre, en instalaciones de la Sociedad Espa\u00f1ola de Socorros Mutuos, y presentar\u00e1 las expresiones propias de cada colectividad, como son las comidas y las danzas tradicionales, as\u00ed como otras manifestaciones del legado que los antepasados transmitieron a la comunidad. Para ello, se montar\u00e1n puestos de venta, un escenario para m\u00fasicos y bailes y un espacio de consulta para \u00e1rboles geneal\u00f3gicos. El evento se realizar\u00e1 desde las 16 horas y es de entrada libre y gratuita.<\/p>\n<p>Se pretende con esto reinstalar anualmente el \u00e1mbito local que muestra las ra\u00edces que Italianos, Espa\u00f1oles, Libaneses, Portugueses, Franceses, Bolivianos, Alemanes, Vascos y otras nacionalidades sumaron al territorio y permitieron la construcci\u00f3n de un patrimonio cultural diverso, al que se le siguen sumando aportes.<\/p>\n<p>La Fiesta de las Colectividades ha sido para los olavarrienses una instancia tradicional de construcci\u00f3n ciudadana, con la consigna de reunir a las instituciones en pos de un objetivo en com\u00fan: reivindicar los or\u00edgenes culturales y poner en valor las manifestaciones que han permanecido en el tiempo gracias a las acciones de sus descendientes.<\/p>\n<p>La Uni\u00f3n de Colectividades naci\u00f3 en marzo del 2020 con el objetivo de construir un lugar de confluencia de voces, de proyectos y acciones tendientes a sostener las identidades del pasado y del presente de los procesos migratorios. Tambi\u00e9n, para dar a Olavarr\u00eda muestras de un compromiso social con su propia historia. Por ello, invita a toda la comunidad a acompa\u00f1ar la iniciativa y a disfrutar de la celebraci\u00f3n.<\/p>\n","protected":false},"excerpt":{"rendered":"<p>La fiesta de las colectividades se realizar\u00e1 este domingo en la Sociedad Espa\u00f1ola, la Uni\u00f3n&#8230;<\/p>\n","protected":false},"author":1,"featured_media":174488,"comment_status":"closed","ping_status":"closed","sticky":false,"template":"","format":"standard","meta":{"content-type":""},"categories":[27],"tags":[],"nelio_content":{"isAutoShareEnabled":false,"autoShareEndMode":"default","automationSources":{"useContentSentences":true,"useSocialTemplates":true,"useCustomSentences":false,"customSentences":[]},"followers":[1],"suggestedReferences":[],"includedReferences":[],"efiUrl":"","efiAlt":"","highlights":[]},"yoast_head":"<!-- This site is optimized with the Yoast SEO plugin v20.7 - https:\/\/yoast.com\/wordpress\/plugins\/seo\/ -->\n<title>La fiesta de las colectividades se realizar\u00e1 este domingo<\/title>\n<meta name=\"description\" content=\"La fiesta de las colectividades se realizar\u00e1 este domingo en la Sociedad Espa\u00f1ola, la Uni\u00f3n de de Colectividades de Olavarr\u00eda organiza\" \/>\n<meta name=\"robots\" content=\"index, follow, max-snippet:-1, max-image-preview:large, max-video-preview:-1\" \/>\n<link rel=\"canonical\" href=\"https:\/\/experienciadevida.com.ar\/portalurbano\/la-fiesta-de-las-colectividades-se-realizara-este-domingo-en-la-sociedad-espanola\/\" \/>\n<meta property=\"og:locale\" content=\"es_ES\" \/>\n<meta property=\"og:type\" content=\"article\" \/>\n<meta property=\"og:title\" content=\"La fiesta de las colectividades se realizar\u00e1 este domingo\" \/>\n<meta property=\"og:description\" content=\"La fiesta de las colectividades se realizar\u00e1 este domingo en la Sociedad Espa\u00f1ola, la Uni\u00f3n de de Colectividades de Olavarr\u00eda organiza\" \/>\n<meta property=\"og:url\" content=\"https:\/\/experienciadevida.com.ar\/portalurbano\/la-fiesta-de-las-colectividades-se-realizara-este-domingo-en-la-sociedad-espanola\/\" \/>\n<meta property=\"article:publisher\" content=\"https:\/\/www.facebook.com\/Portal-Urbano-171542830093757\/\" \/>\n<meta property=\"article:published_time\" content=\"2022-08-31T15:59:08+00:00\" \/>\n<meta property=\"article:modified_time\" content=\"2022-08-31T16:00:53+00:00\" \/>\n<meta property=\"og:image\" content=\"https:\/\/experienciadevida.com.ar\/portalurbano\/wp-content\/uploads\/2022\/08\/La-fiesta-de-las-768x768.jpeg\" \/>\n\t<meta property=\"og:image:width\" content=\"768\" \/>\n\t<meta property=\"og:image:height\" content=\"768\" \/>\n\t<meta property=\"og:image:type\" content=\"image\/jpeg\" \/>\n<meta name=\"author\" content=\"admpu17wp\" \/>\n<meta name=\"twitter:card\" content=\"summary_large_image\" \/>\n<meta name=\"twitter:creator\" content=\"@portalurbanook\" \/>\n<meta name=\"twitter:site\" content=\"@portalurbanook\" \/>\n<meta name=\"twitter:label1\" content=\"Escrito por\" \/>\n\t<meta name=\"twitter:data1\" content=\"admpu17wp\" \/>\n\t<meta name=\"twitter:label2\" content=\"Tiempo de lectura\" \/>\n\t<meta name=\"twitter:data2\" content=\"2 minutos\" \/>\n<script type=\"application\/ld+json\" class=\"yoast-schema-graph\">{\"@context\":\"https:\/\/schema.org\",\"@graph\":[{\"@type\":\"Article\",\"@id\":\"https:\/\/experienciadevida.com.ar\/portalurbano\/la-fiesta-de-las-colectividades-se-realizara-este-domingo-en-la-sociedad-espanola\/#article\",\"isPartOf\":{\"@id\":\"https:\/\/experienciadevida.com.ar\/portalurbano\/la-fiesta-de-las-colectividades-se-realizara-este-domingo-en-la-sociedad-espanola\/\"},\"author\":{\"name\":\"admpu17wp\",\"@id\":\"https:\/\/experienciadevida.com.ar\/portalurbano\/#\/schema\/person\/02dd326b1c4b056e9cc972486934a3a7\"},\"headline\":\"La fiesta de las colectividades se realizar\u00e1 este domingo en la Sociedad Espa\u00f1ola\",\"datePublished\":\"2022-08-31T15:59:08+00:00\",\"dateModified\":\"2022-08-31T16:00:53+00:00\",\"mainEntityOfPage\":{\"@id\":\"https:\/\/experienciadevida.com.ar\/portalurbano\/la-fiesta-de-las-colectividades-se-realizara-este-domingo-en-la-sociedad-espanola\/\"},\"wordCount\":331,\"publisher\":{\"@id\":\"https:\/\/experienciadevida.com.ar\/portalurbano\/#organization\"},\"articleSection\":[\"Ciudad\"],\"inLanguage\":\"es\"},{\"@type\":\"WebPage\",\"@id\":\"https:\/\/experienciadevida.com.ar\/portalurbano\/la-fiesta-de-las-colectividades-se-realizara-este-domingo-en-la-sociedad-espanola\/\",\"url\":\"https:\/\/experienciadevida.com.ar\/portalurbano\/la-fiesta-de-las-colectividades-se-realizara-este-domingo-en-la-sociedad-espanola\/\",\"name\":\"La fiesta de las colectividades se realizar\u00e1 este domingo\",\"isPartOf\":{\"@id\":\"https:\/\/experienciadevida.com.ar\/portalurbano\/#website\"},\"datePublished\":\"2022-08-31T15:59:08+00:00\",\"dateModified\":\"2022-08-31T16:00:53+00:00\",\"description\":\"La fiesta de las colectividades se realizar\u00e1 este domingo en la Sociedad Espa\u00f1ola, la Uni\u00f3n de de Colectividades de Olavarr\u00eda organiza\",\"breadcrumb\":{\"@id\":\"https:\/\/experienciadevida.com.ar\/portalurbano\/la-fiesta-de-las-colectividades-se-realizara-este-domingo-en-la-sociedad-espanola\/#breadcrumb\"},\"inLanguage\":\"es\",\"potentialAction\":[{\"@type\":\"ReadAction\",\"target\":[\"https:\/\/experienciadevida.com.ar\/portalurbano\/la-fiesta-de-las-colectividades-se-realizara-este-domingo-en-la-sociedad-espanola\/\"]}]},{\"@type\":\"BreadcrumbList\",\"@id\":\"https:\/\/experienciadevida.com.ar\/portalurbano\/la-fiesta-de-las-colectividades-se-realizara-este-domingo-en-la-sociedad-espanola\/#breadcrumb\",\"itemListElement\":[{\"@type\":\"ListItem\",\"position\":1,\"name\":\"Portada\",\"item\":\"https:\/\/experienciadevida.com.ar\/portalurbano\/\"},{\"@type\":\"ListItem\",\"position\":2,\"name\":\"La fiesta de las colectividades se realizar\u00e1 este domingo en la Sociedad Espa\u00f1ola\"}]},{\"@type\":\"WebSite\",\"@id\":\"https:\/\/experienciadevida.com.ar\/portalurbano\/#website\",\"url\":\"https:\/\/experienciadevida.com.ar\/portalurbano\/\",\"name\":\"\",\"description\":\"\",\"publisher\":{\"@id\":\"https:\/\/experienciadevida.com.ar\/portalurbano\/#organization\"},\"potentialAction\":[{\"@type\":\"SearchAction\",\"target\":{\"@type\":\"EntryPoint\",\"urlTemplate\":\"https:\/\/experienciadevida.com.ar\/portalurbano\/?s={search_term_string}\"},\"query-input\":\"required name=search_term_string\"}],\"inLanguage\":\"es\"},{\"@type\":\"Organization\",\"@id\":\"https:\/\/experienciadevida.com.ar\/portalurbano\/#organization\",\"name\":\"Portal Urbano\",\"url\":\"https:\/\/experienciadevida.com.ar\/portalurbano\/\",\"logo\":{\"@type\":\"ImageObject\",\"inLanguage\":\"es\",\"@id\":\"https:\/\/experienciadevida.com.ar\/portalurbano\/#\/schema\/logo\/image\/\",\"url\":\"https:\/\/experienciadevida.com.ar\/portalurbano\/wp-content\/uploads\/2019\/09\/Logo-Original.png\",\"contentUrl\":\"https:\/\/experienciadevida.com.ar\/portalurbano\/wp-content\/uploads\/2019\/09\/Logo-Original.png\",\"width\":2236,\"height\":1216,\"caption\":\"Portal Urbano\"},\"image\":{\"@id\":\"https:\/\/experienciadevida.com.ar\/portalurbano\/#\/schema\/logo\/image\/\"},\"sameAs\":[\"https:\/\/www.facebook.com\/Portal-Urbano-171542830093757\/\",\"https:\/\/twitter.com\/portalurbanook\",\"https:\/\/www.instagram.com\/_portalurbano\/\",\"https:\/\/www.youtube.com\/channel\/UCXhagIfszH8KxFiOok79zbA?view_as=subscriber\"]},{\"@type\":\"Person\",\"@id\":\"https:\/\/experienciadevida.com.ar\/portalurbano\/#\/schema\/person\/02dd326b1c4b056e9cc972486934a3a7\",\"name\":\"admpu17wp\",\"image\":{\"@type\":\"ImageObject\",\"inLanguage\":\"es\",\"@id\":\"https:\/\/experienciadevida.com.ar\/portalurbano\/#\/schema\/person\/image\/\",\"url\":\"https:\/\/secure.gravatar.com\/avatar\/830d4c57adaae6630765e449a6908047?s=96&d=mm&r=g\",\"contentUrl\":\"https:\/\/secure.gravatar.com\/avatar\/830d4c57adaae6630765e449a6908047?s=96&d=mm&r=g\",\"caption\":\"admpu17wp\"}}]}<\/script>\n<!-- \/ Yoast SEO plugin. -->","yoast_head_json":{"title":"La fiesta de las colectividades se realizar\u00e1 este domingo","description":"La fiesta de las colectividades se realizar\u00e1 este domingo en la Sociedad Espa\u00f1ola, la Uni\u00f3n de de Colectividades de Olavarr\u00eda organiza","robots":{"index":"index","follow":"follow","max-snippet":"max-snippet:-1","max-image-preview":"max-image-preview:large","max-video-preview":"max-video-preview:-1"},"canonical":"https:\/\/experienciadevida.com.ar\/portalurbano\/la-fiesta-de-las-colectividades-se-realizara-este-domingo-en-la-sociedad-espanola\/","og_locale":"es_ES","og_type":"article","og_title":"La fiesta de las colectividades se realizar\u00e1 este domingo","og_description":"La fiesta de las colectividades se realizar\u00e1 este domingo en la Sociedad Espa\u00f1ola, la Uni\u00f3n de de Colectividades de Olavarr\u00eda organiza","og_url":"https:\/\/experienciadevida.com.ar\/portalurbano\/la-fiesta-de-las-colectividades-se-realizara-este-domingo-en-la-sociedad-espanola\/","article_publisher":"https:\/\/www.facebook.com\/Portal-Urbano-171542830093757\/","article_published_time":"2022-08-31T15:59:08+00:00","article_modified_time":"2022-08-31T16:00:53+00:00","og_image":[{"width":768,"height":768,"url":"https:\/\/experienciadevida.com.ar\/portalurbano\/wp-content\/uploads\/2022\/08\/La-fiesta-de-las-768x768.jpeg","type":"image\/jpeg"}],"author":"admpu17wp","twitter_card":"summary_large_image","twitter_creator":"@portalurbanook","twitter_site":"@portalurbanook","twitter_misc":{"Escrito por":"admpu17wp","Tiempo de lectura":"2 minutos"},"schema":{"@context":"https:\/\/schema.org","@graph":[{"@type":"Article","@id":"https:\/\/experienciadevida.com.ar\/portalurbano\/la-fiesta-de-las-colectividades-se-realizara-este-domingo-en-la-sociedad-espanola\/#article","isPartOf":{"@id":"https:\/\/experienciadevida.com.ar\/portalurbano\/la-fiesta-de-las-colectividades-se-realizara-este-domingo-en-la-sociedad-espanola\/"},"author":{"name":"admpu17wp","@id":"https:\/\/experienciadevida.com.ar\/portalurbano\/#\/schema\/person\/02dd326b1c4b056e9cc972486934a3a7"},"headline":"La fiesta de las colectividades se realizar\u00e1 este domingo en la Sociedad Espa\u00f1ola","datePublished":"2022-08-31T15:59:08+00:00","dateModified":"2022-08-31T16:00:53+00:00","mainEntityOfPage":{"@id":"https:\/\/experienciadevida.com.ar\/portalurbano\/la-fiesta-de-las-colectividades-se-realizara-este-domingo-en-la-sociedad-espanola\/"},"wordCount":331,"publisher":{"@id":"https:\/\/experienciadevida.com.ar\/portalurbano\/#organization"},"articleSection":["Ciudad"],"inLanguage":"es"},{"@type":"WebPage","@id":"https:\/\/experienciadevida.com.ar\/portalurbano\/la-fiesta-de-las-colectividades-se-realizara-este-domingo-en-la-sociedad-espanola\/","url":"https:\/\/experienciadevida.com.ar\/portalurbano\/la-fiesta-de-las-colectividades-se-realizara-este-domingo-en-la-sociedad-espanola\/","name":"La fiesta de las colectividades se realizar\u00e1 este domingo","isPartOf":{"@id":"https:\/\/experienciadevida.com.ar\/portalurbano\/#website"},"datePublished":"2022-08-31T15:59:08+00:00","dateModified":"2022-08-31T16:00:53+00:00","description":"La fiesta de las colectividades se realizar\u00e1 este domingo en la Sociedad Espa\u00f1ola, la Uni\u00f3n de de Colectividades de Olavarr\u00eda organiza","breadcrumb":{"@id":"https:\/\/experienciadevida.com.ar\/portalurbano\/la-fiesta-de-las-colectividades-se-realizara-este-domingo-en-la-sociedad-espanola\/#breadcrumb"},"inLanguage":"es","potentialAction":[{"@type":"ReadAction","target":["https:\/\/experienciadevida.com.ar\/portalurbano\/la-fiesta-de-las-colectividades-se-realizara-este-domingo-en-la-sociedad-espanola\/"]}]},{"@type":"BreadcrumbList","@id":"https:\/\/experienciadevida.com.ar\/portalurbano\/la-fiesta-de-las-colectividades-se-realizara-este-domingo-en-la-sociedad-espanola\/#breadcrumb","itemListElement":[{"@type":"ListItem","position":1,"name":"Portada","item":"https:\/\/experienciadevida.com.ar\/portalurbano\/"},{"@type":"ListItem","position":2,"name":"La fiesta de las colectividades se realizar\u00e1 este domingo en la Sociedad Espa\u00f1ola"}]},{"@type":"WebSite","@id":"https:\/\/experienciadevida.com.ar\/portalurbano\/#website","url":"https:\/\/experienciadevida.com.ar\/portalurbano\/","name":"","description":"","publisher":{"@id":"https:\/\/experienciadevida.com.ar\/portalurbano\/#organization"},"potentialAction":[{"@type":"SearchAction","target":{"@type":"EntryPoint","urlTemplate":"https:\/\/experienciadevida.com.ar\/portalurbano\/?s={search_term_string}"},"query-input":"required name=search_term_string"}],"inLanguage":"es"},{"@type":"Organization","@id":"https:\/\/experienciadevida.com.ar\/portalurbano\/#organization","name":"Portal Urbano","url":"https:\/\/experienciadevida.com.ar\/portalurbano\/","logo":{"@type":"ImageObject","inLanguage":"es","@id":"https:\/\/experienciadevida.com.ar\/portalurbano\/#\/schema\/logo\/image\/","url":"https:\/\/experienciadevida.com.ar\/portalurbano\/wp-content\/uploads\/2019\/09\/Logo-Original.png","contentUrl":"https:\/\/experienciadevida.com.ar\/portalurbano\/wp-content\/uploads\/2019\/09\/Logo-Original.png","width":2236,"height":1216,"caption":"Portal Urbano"},"image":{"@id":"https:\/\/experienciadevida.com.ar\/portalurbano\/#\/schema\/logo\/image\/"},"sameAs":["https:\/\/www.facebook.com\/Portal-Urbano-171542830093757\/","https:\/\/twitter.com\/portalurbanook","https:\/\/www.instagram.com\/_portalurbano\/","https:\/\/www.youtube.com\/channel\/UCXhagIfszH8KxFiOok79zbA?view_as=subscriber"]},{"@type":"Person","@id":"https:\/\/experienciadevida.com.ar\/portalurbano\/#\/schema\/person\/02dd326b1c4b056e9cc972486934a3a7","name":"admpu17wp","image":{"@type":"ImageObject","inLanguage":"es","@id":"https:\/\/experienciadevida.com.ar\/portalurbano\/#\/schema\/person\/image\/","url":"https:\/\/secure.gravatar.com\/avatar\/830d4c57adaae6630765e449a6908047?s=96&d=mm&r=g","contentUrl":"https:\/\/secure.gravatar.com\/avatar\/830d4c57adaae6630765e449a6908047?s=96&d=mm&r=g","caption":"admpu17wp"}}]}},"featured_image_urls":{"full":["https:\/\/experienciadevida.com.ar\/portalurbano\/wp-content\/uploads\/2022\/08\/La-fiesta-de-las.jpeg",2204,2204,false],"thumbnail":["https:\/\/experienciadevida.com.ar\/portalurbano\/wp-content\/uploads\/2022\/08\/La-fiesta-de-las-150x150.jpeg",150,150,true],"medium":["https:\/\/experienciadevida.com.ar\/portalurbano\/wp-content\/uploads\/2022\/08\/La-fiesta-de-las-300x300.jpeg",300,300,true],"medium_large":["https:\/\/experienciadevida.com.ar\/portalurbano\/wp-content\/uploads\/2022\/08\/La-fiesta-de-las-768x768.jpeg",640,640,true],"large":["https:\/\/experienciadevida.com.ar\/portalurbano\/wp-content\/uploads\/2022\/08\/La-fiesta-de-las-1024x1024.jpeg",640,640,true],"ug_big":["https:\/\/experienciadevida.com.ar\/portalurbano\/wp-content\/uploads\/2022\/08\/La-fiesta-de-las-768x768.jpeg",768,768,true],"1536x1536":["https:\/\/experienciadevida.com.ar\/portalurbano\/wp-content\/uploads\/2022\/08\/La-fiesta-de-las-1536x1536.jpeg",1536,1536,true],"2048x2048":["https:\/\/experienciadevida.com.ar\/portalurbano\/wp-content\/uploads\/2022\/08\/La-fiesta-de-las-2048x2048.jpeg",2048,2048,true],"newsever-slider-full":["https:\/\/experienciadevida.com.ar\/portalurbano\/wp-content\/uploads\/2022\/08\/La-fiesta-de-las.jpeg",845,845,false],"newsever-featured":["https:\/\/experienciadevida.com.ar\/portalurbano\/wp-content\/uploads\/2022\/08\/La-fiesta-de-las.jpeg",1024,1024,false],"newsever-medium":["https:\/\/experienciadevida.com.ar\/portalurbano\/wp-content\/uploads\/2022\/08\/La-fiesta-de-las.jpeg",475,475,false],"web-stories-poster-portrait":["https:\/\/experienciadevida.com.ar\/portalurbano\/wp-content\/uploads\/2022\/08\/La-fiesta-de-las-640x853.jpeg",640,853,true],"web-stories-publisher-logo":["https:\/\/experienciadevida.com.ar\/portalurbano\/wp-content\/uploads\/2022\/08\/La-fiesta-de-las-96x96.jpeg",96,96,true],"web-stories-thumbnail":["https:\/\/experienciadevida.com.ar\/portalurbano\/wp-content\/uploads\/2022\/08\/La-fiesta-de-las-150x150.jpeg",150,150,true]},"author_info":{"display_name":"admpu17wp","author_link":"https:\/\/experienciadevida.com.ar\/portalurbano\/author\/admpu17wp\/"},"category_info":"<a href=\"https:\/\/experienciadevida.com.ar\/portalurbano\/category\/ciudad\/\" rel=\"category tag\">Ciudad<\/a>","tag_info":"Ciudad","comment_count":"0","amp_enabled":true,"_links":{"self":[{"href":"https:\/\/experienciadevida.com.ar\/portalurbano\/wp-json\/wp\/v2\/posts\/174487"}],"collection":[{"href":"https:\/\/experienciadevida.com.ar\/portalurbano\/wp-json\/wp\/v2\/posts"}],"about":[{"href":"https:\/\/experienciadevida.com.ar\/portalurbano\/wp-json\/wp\/v2\/types\/post"}],"author":[{"embeddable":true,"href":"https:\/\/experienciadevida.com.ar\/portalurbano\/wp-json\/wp\/v2\/users\/1"}],"replies":[{"embeddable":true,"href":"https:\/\/experienciadevida.com.ar\/portalurbano\/wp-json\/wp\/v2\/comments?post=174487"}],"version-history":[{"count":2,"href":"https:\/\/experienciadevida.com.ar\/portalurbano\/wp-json\/wp\/v2\/posts\/174487\/revisions"}],"predecessor-version":[{"id":174490,"href":"https:\/\/experienciadevida.com.ar\/portalurbano\/wp-json\/wp\/v2\/posts\/174487\/revisions\/174490"}],"wp:featuredmedia":[{"embeddable":true,"href":"https:\/\/experienciadevida.com.ar\/portalurbano\/wp-json\/wp\/v2\/media\/174488"}],"wp:attachment":[{"href":"https:\/\/experienciadevida.com.ar\/portalurbano\/wp-json\/wp\/v2\/media?parent=174487"}],"wp:term":[{"taxonomy":"category","embeddable":true,"href":"https:\/\/experienciadevida.com.ar\/portalurbano\/wp-json\/wp\/v2\/categories?post=174487"},{"taxonomy":"post_tag","embeddable":true,"href":"https:\/\/experienciadevida.com.ar\/portalurbano\/wp-json\/wp\/v2\/tags?post=174487"}],"curies":[{"name":"wp","href":"https:\/\/api.w.org\/{rel}","templated":true}]}}