{"id":174474,"date":"2022-08-31T12:33:59","date_gmt":"2022-08-31T15:33:59","guid":{"rendered":"https:\/\/experienciadevida.com.ar\/portalurbano\/?p=174474"},"modified":"2022-08-31T12:38:30","modified_gmt":"2022-08-31T15:38:30","slug":"se-realizo-en-olavarria-la-capacitacion-legislativa-2022","status":"publish","type":"post","link":"https:\/\/experienciadevida.com.ar\/portalurbano\/se-realizo-en-olavarria-la-capacitacion-legislativa-2022\/","title":{"rendered":"Se realiz\u00f3 en Olavarr\u00eda la capacitaci\u00f3n Legislativa 2022"},"content":{"rendered":"<p>Se realiz\u00f3 en Olavarr\u00eda la capacitaci\u00f3n Legislativa 2022, estuvo a cargo de la Direcci\u00f3n General Asuntos Legislativos, dependiente de la Subsecretar\u00eda de Asuntos Pol\u00edticos y el Ministerio de Gobierno de CABA.<\/p>\n<p>Se realiz\u00f3 en Olavarr\u00eda la capacitaci\u00f3n Legislativa 2022 promovida por la Presidencia del Concejo Deliberante y a cargo de la Direcci\u00f3n General Asuntos Legislativos, dependiente de la Subsecretar\u00eda de Asuntos Pol\u00edticos y el Ministerio de Gobierno de CABA.<\/p>\n<p>La propuesta de la Direcci\u00f3n de Asuntos Legislativos de CABA se desarroll\u00f3 en dos jornadas de las que participaron autoridades del HCD, concejales y concejales y referentes legislativo de diferentes ciudades de la regi\u00f3n, entre ellos, Tandil, Saladillo y Azul.<\/p>\n<p>Ambas jornadas de trabajo fueron de car\u00e1cter complementario y permitieron compartir experiencias sobre procedimientos legislativos y actualizaci\u00f3n de marcos normativos.<\/p>\n<p>Coordinaron las capacitaciones Joaqu\u00edn Giannuzzi y Diego Enrich, integrantes de la Direcci\u00f3n de Asuntos Legislativos de CABA.<\/p>\n<p>Cecilia <a href=\"https:\/\/www.instagram.com\/ceciliakrivochen\/\">Krivochen<\/a> explic\u00f3 \u201cse vienen generando v\u00ednculos con distintos Concejos Deliberantes de la provincia y Legislaturas los que permiten ampliar la visi\u00f3n legislativa y gesti\u00f3n parlamentaria que se tiene en Olavarr\u00eda\u201d y agreg\u00f3 \u201ces fundamental continuar capacit\u00e1ndose para lograr mejores normativas en favor de nuestra ciudad y en definitiva para todos los vecinos\u201d.<\/p>\n<p>En la jornada del martes Cecilia Krivochen junto a la Secretaria Legislativa, Margarita Arregui mantuvieron una reuni\u00f3n de trabajo de la fueron parte Joaqu\u00edn Giannuzzi, Diego Enrich y otros integrantes de la Direcci\u00f3n General de Asuntos Legislativos de CABA<\/p>\n<p>Por \u00faltimo, se informa que desde el Concejo Deliberante de Olavarr\u00eda tambi\u00e9n se est\u00e1n generando v\u00ednculos con distintos Concejos Deliberante, entre ellos, el de Pinamar con el fin de modernizar la tarde administrativa<br \/>\ndel HCD local.<\/p>\n<p><a href=\"https:\/\/experienciadevida.com.ar\/portalurbano\/se-realizo-en-olavarria-la-capacitacion-legislativa-2022\/se-realizo-18\/\" rel=\"attachment wp-att-174478\"><img decoding=\"async\" class=\"alignnone size-full wp-image-174478\" src=\"https:\/\/experienciadevida.com.ar\/portalurbano\/wp-content\/uploads\/2022\/08\/Se-realizo.jpeg\" alt=\"Se realiz\u00f3 \" width=\"863\" height=\"531\" srcset=\"https:\/\/experienciadevida.com.ar\/portalurbano\/wp-content\/uploads\/2022\/08\/Se-realizo.jpeg 863w, https:\/\/experienciadevida.com.ar\/portalurbano\/wp-content\/uploads\/2022\/08\/Se-realizo-300x185.jpeg 300w, https:\/\/experienciadevida.com.ar\/portalurbano\/wp-content\/uploads\/2022\/08\/Se-realizo-768x473.jpeg 768w, https:\/\/experienciadevida.com.ar\/portalurbano\/wp-content\/uploads\/2022\/08\/Se-realizo-150x92.jpeg 150w\" sizes=\"(max-width: 863px) 100vw, 863px\" \/><\/a><\/p>\n","protected":false},"excerpt":{"rendered":"<p>Se realiz\u00f3 en Olavarr\u00eda la capacitaci\u00f3n Legislativa 2022, estuvo a cargo de la Direcci\u00f3n General&#8230;<\/p>\n","protected":false},"author":1,"featured_media":174475,"comment_status":"closed","ping_status":"closed","sticky":false,"template":"","format":"standard","meta":{"content-type":""},"categories":[27,51],"tags":[],"nelio_content":{"isAutoShareEnabled":false,"autoShareEndMode":"default","automationSources":{"useContentSentences":true,"useSocialTemplates":true,"useCustomSentences":false,"customSentences":[]},"followers":[1],"suggestedReferences":[],"includedReferences":[],"efiUrl":"","efiAlt":"","highlights":[]},"yoast_head":"<!-- This site is optimized with the Yoast SEO plugin v20.7 - https:\/\/yoast.com\/wordpress\/plugins\/seo\/ -->\n<title>Se realiz\u00f3 en Olavarr\u00eda la capacitaci\u00f3n Legislativa 2022<\/title>\n<meta name=\"description\" content=\"Se realiz\u00f3 en Olavarr\u00eda la capacitaci\u00f3n Legislativa 2022, estuvo a cargo de la Direcci\u00f3n General Asuntos Legislativos, dependiente\" \/>\n<meta name=\"robots\" content=\"index, follow, max-snippet:-1, max-image-preview:large, max-video-preview:-1\" \/>\n<link rel=\"canonical\" href=\"https:\/\/experienciadevida.com.ar\/portalurbano\/se-realizo-en-olavarria-la-capacitacion-legislativa-2022\/\" \/>\n<meta property=\"og:locale\" content=\"es_ES\" \/>\n<meta property=\"og:type\" content=\"article\" \/>\n<meta property=\"og:title\" content=\"Se realiz\u00f3 en Olavarr\u00eda la capacitaci\u00f3n Legislativa 2022\" \/>\n<meta property=\"og:description\" content=\"Se realiz\u00f3 en Olavarr\u00eda la capacitaci\u00f3n Legislativa 2022, estuvo a cargo de la Direcci\u00f3n General Asuntos Legislativos, dependiente\" \/>\n<meta property=\"og:url\" content=\"https:\/\/experienciadevida.com.ar\/portalurbano\/se-realizo-en-olavarria-la-capacitacion-legislativa-2022\/\" \/>\n<meta property=\"article:publisher\" content=\"https:\/\/www.facebook.com\/Portal-Urbano-171542830093757\/\" \/>\n<meta property=\"article:published_time\" content=\"2022-08-31T15:33:59+00:00\" \/>\n<meta property=\"article:modified_time\" content=\"2022-08-31T15:38:30+00:00\" \/>\n<meta property=\"og:image\" content=\"https:\/\/experienciadevida.com.ar\/portalurbano\/wp-content\/uploads\/2022\/08\/Se-realizo-en-Olavarria.jpeg\" \/>\n\t<meta property=\"og:image:width\" content=\"1280\" \/>\n\t<meta property=\"og:image:height\" content=\"855\" \/>\n\t<meta property=\"og:image:type\" content=\"image\/jpeg\" \/>\n<meta name=\"author\" content=\"admpu17wp\" \/>\n<meta name=\"twitter:card\" content=\"summary_large_image\" \/>\n<meta name=\"twitter:creator\" content=\"@portalurbanook\" \/>\n<meta name=\"twitter:site\" content=\"@portalurbanook\" \/>\n<meta name=\"twitter:label1\" content=\"Escrito por\" \/>\n\t<meta name=\"twitter:data1\" content=\"admpu17wp\" \/>\n\t<meta name=\"twitter:label2\" content=\"Tiempo de lectura\" \/>\n\t<meta name=\"twitter:data2\" content=\"2 minutos\" \/>\n<script type=\"application\/ld+json\" class=\"yoast-schema-graph\">{\"@context\":\"https:\/\/schema.org\",\"@graph\":[{\"@type\":\"Article\",\"@id\":\"https:\/\/experienciadevida.com.ar\/portalurbano\/se-realizo-en-olavarria-la-capacitacion-legislativa-2022\/#article\",\"isPartOf\":{\"@id\":\"https:\/\/experienciadevida.com.ar\/portalurbano\/se-realizo-en-olavarria-la-capacitacion-legislativa-2022\/\"},\"author\":{\"name\":\"admpu17wp\",\"@id\":\"https:\/\/experienciadevida.com.ar\/portalurbano\/#\/schema\/person\/02dd326b1c4b056e9cc972486934a3a7\"},\"headline\":\"Se realiz\u00f3 en Olavarr\u00eda la capacitaci\u00f3n Legislativa 2022\",\"datePublished\":\"2022-08-31T15:33:59+00:00\",\"dateModified\":\"2022-08-31T15:38:30+00:00\",\"mainEntityOfPage\":{\"@id\":\"https:\/\/experienciadevida.com.ar\/portalurbano\/se-realizo-en-olavarria-la-capacitacion-legislativa-2022\/\"},\"wordCount\":309,\"publisher\":{\"@id\":\"https:\/\/experienciadevida.com.ar\/portalurbano\/#organization\"},\"articleSection\":[\"Ciudad\",\"Destacadas\"],\"inLanguage\":\"es\"},{\"@type\":\"WebPage\",\"@id\":\"https:\/\/experienciadevida.com.ar\/portalurbano\/se-realizo-en-olavarria-la-capacitacion-legislativa-2022\/\",\"url\":\"https:\/\/experienciadevida.com.ar\/portalurbano\/se-realizo-en-olavarria-la-capacitacion-legislativa-2022\/\",\"name\":\"Se realiz\u00f3 en Olavarr\u00eda la capacitaci\u00f3n Legislativa 2022\",\"isPartOf\":{\"@id\":\"https:\/\/experienciadevida.com.ar\/portalurbano\/#website\"},\"datePublished\":\"2022-08-31T15:33:59+00:00\",\"dateModified\":\"2022-08-31T15:38:30+00:00\",\"description\":\"Se realiz\u00f3 en Olavarr\u00eda la capacitaci\u00f3n Legislativa 2022, estuvo a cargo de la Direcci\u00f3n General Asuntos Legislativos, dependiente\",\"breadcrumb\":{\"@id\":\"https:\/\/experienciadevida.com.ar\/portalurbano\/se-realizo-en-olavarria-la-capacitacion-legislativa-2022\/#breadcrumb\"},\"inLanguage\":\"es\",\"potentialAction\":[{\"@type\":\"ReadAction\",\"target\":[\"https:\/\/experienciadevida.com.ar\/portalurbano\/se-realizo-en-olavarria-la-capacitacion-legislativa-2022\/\"]}]},{\"@type\":\"BreadcrumbList\",\"@id\":\"https:\/\/experienciadevida.com.ar\/portalurbano\/se-realizo-en-olavarria-la-capacitacion-legislativa-2022\/#breadcrumb\",\"itemListElement\":[{\"@type\":\"ListItem\",\"position\":1,\"name\":\"Portada\",\"item\":\"https:\/\/experienciadevida.com.ar\/portalurbano\/\"},{\"@type\":\"ListItem\",\"position\":2,\"name\":\"Se realiz\u00f3 en Olavarr\u00eda la capacitaci\u00f3n Legislativa 2022\"}]},{\"@type\":\"WebSite\",\"@id\":\"https:\/\/experienciadevida.com.ar\/portalurbano\/#website\",\"url\":\"https:\/\/experienciadevida.com.ar\/portalurbano\/\",\"name\":\"\",\"description\":\"\",\"publisher\":{\"@id\":\"https:\/\/experienciadevida.com.ar\/portalurbano\/#organization\"},\"potentialAction\":[{\"@type\":\"SearchAction\",\"target\":{\"@type\":\"EntryPoint\",\"urlTemplate\":\"https:\/\/experienciadevida.com.ar\/portalurbano\/?s={search_term_string}\"},\"query-input\":\"required name=search_term_string\"}],\"inLanguage\":\"es\"},{\"@type\":\"Organization\",\"@id\":\"https:\/\/experienciadevida.com.ar\/portalurbano\/#organization\",\"name\":\"Portal Urbano\",\"url\":\"https:\/\/experienciadevida.com.ar\/portalurbano\/\",\"logo\":{\"@type\":\"ImageObject\",\"inLanguage\":\"es\",\"@id\":\"https:\/\/experienciadevida.com.ar\/portalurbano\/#\/schema\/logo\/image\/\",\"url\":\"https:\/\/experienciadevida.com.ar\/portalurbano\/wp-content\/uploads\/2019\/09\/Logo-Original.png\",\"contentUrl\":\"https:\/\/experienciadevida.com.ar\/portalurbano\/wp-content\/uploads\/2019\/09\/Logo-Original.png\",\"width\":2236,\"height\":1216,\"caption\":\"Portal Urbano\"},\"image\":{\"@id\":\"https:\/\/experienciadevida.com.ar\/portalurbano\/#\/schema\/logo\/image\/\"},\"sameAs\":[\"https:\/\/www.facebook.com\/Portal-Urbano-171542830093757\/\",\"https:\/\/twitter.com\/portalurbanook\",\"https:\/\/www.instagram.com\/_portalurbano\/\",\"https:\/\/www.youtube.com\/channel\/UCXhagIfszH8KxFiOok79zbA?view_as=subscriber\"]},{\"@type\":\"Person\",\"@id\":\"https:\/\/experienciadevida.com.ar\/portalurbano\/#\/schema\/person\/02dd326b1c4b056e9cc972486934a3a7\",\"name\":\"admpu17wp\",\"image\":{\"@type\":\"ImageObject\",\"inLanguage\":\"es\",\"@id\":\"https:\/\/experienciadevida.com.ar\/portalurbano\/#\/schema\/person\/image\/\",\"url\":\"https:\/\/secure.gravatar.com\/avatar\/830d4c57adaae6630765e449a6908047?s=96&d=mm&r=g\",\"contentUrl\":\"https:\/\/secure.gravatar.com\/avatar\/830d4c57adaae6630765e449a6908047?s=96&d=mm&r=g\",\"caption\":\"admpu17wp\"}}]}<\/script>\n<!-- \/ Yoast SEO plugin. -->","yoast_head_json":{"title":"Se realiz\u00f3 en Olavarr\u00eda la capacitaci\u00f3n Legislativa 2022","description":"Se realiz\u00f3 en Olavarr\u00eda la capacitaci\u00f3n Legislativa 2022, estuvo a cargo de la Direcci\u00f3n General Asuntos Legislativos, dependiente","robots":{"index":"index","follow":"follow","max-snippet":"max-snippet:-1","max-image-preview":"max-image-preview:large","max-video-preview":"max-video-preview:-1"},"canonical":"https:\/\/experienciadevida.com.ar\/portalurbano\/se-realizo-en-olavarria-la-capacitacion-legislativa-2022\/","og_locale":"es_ES","og_type":"article","og_title":"Se realiz\u00f3 en Olavarr\u00eda la capacitaci\u00f3n Legislativa 2022","og_description":"Se realiz\u00f3 en Olavarr\u00eda la capacitaci\u00f3n Legislativa 2022, estuvo a cargo de la Direcci\u00f3n General Asuntos Legislativos, dependiente","og_url":"https:\/\/experienciadevida.com.ar\/portalurbano\/se-realizo-en-olavarria-la-capacitacion-legislativa-2022\/","article_publisher":"https:\/\/www.facebook.com\/Portal-Urbano-171542830093757\/","article_published_time":"2022-08-31T15:33:59+00:00","article_modified_time":"2022-08-31T15:38:30+00:00","og_image":[{"width":1280,"height":855,"url":"https:\/\/experienciadevida.com.ar\/portalurbano\/wp-content\/uploads\/2022\/08\/Se-realizo-en-Olavarria.jpeg","type":"image\/jpeg"}],"author":"admpu17wp","twitter_card":"summary_large_image","twitter_creator":"@portalurbanook","twitter_site":"@portalurbanook","twitter_misc":{"Escrito por":"admpu17wp","Tiempo de lectura":"2 minutos"},"schema":{"@context":"https:\/\/schema.org","@graph":[{"@type":"Article","@id":"https:\/\/experienciadevida.com.ar\/portalurbano\/se-realizo-en-olavarria-la-capacitacion-legislativa-2022\/#article","isPartOf":{"@id":"https:\/\/experienciadevida.com.ar\/portalurbano\/se-realizo-en-olavarria-la-capacitacion-legislativa-2022\/"},"author":{"name":"admpu17wp","@id":"https:\/\/experienciadevida.com.ar\/portalurbano\/#\/schema\/person\/02dd326b1c4b056e9cc972486934a3a7"},"headline":"Se realiz\u00f3 en Olavarr\u00eda la capacitaci\u00f3n Legislativa 2022","datePublished":"2022-08-31T15:33:59+00:00","dateModified":"2022-08-31T15:38:30+00:00","mainEntityOfPage":{"@id":"https:\/\/experienciadevida.com.ar\/portalurbano\/se-realizo-en-olavarria-la-capacitacion-legislativa-2022\/"},"wordCount":309,"publisher":{"@id":"https:\/\/experienciadevida.com.ar\/portalurbano\/#organization"},"articleSection":["Ciudad","Destacadas"],"inLanguage":"es"},{"@type":"WebPage","@id":"https:\/\/experienciadevida.com.ar\/portalurbano\/se-realizo-en-olavarria-la-capacitacion-legislativa-2022\/","url":"https:\/\/experienciadevida.com.ar\/portalurbano\/se-realizo-en-olavarria-la-capacitacion-legislativa-2022\/","name":"Se realiz\u00f3 en Olavarr\u00eda la capacitaci\u00f3n Legislativa 2022","isPartOf":{"@id":"https:\/\/experienciadevida.com.ar\/portalurbano\/#website"},"datePublished":"2022-08-31T15:33:59+00:00","dateModified":"2022-08-31T15:38:30+00:00","description":"Se realiz\u00f3 en Olavarr\u00eda la capacitaci\u00f3n Legislativa 2022, estuvo a cargo de la Direcci\u00f3n General Asuntos Legislativos, dependiente","breadcrumb":{"@id":"https:\/\/experienciadevida.com.ar\/portalurbano\/se-realizo-en-olavarria-la-capacitacion-legislativa-2022\/#breadcrumb"},"inLanguage":"es","potentialAction":[{"@type":"ReadAction","target":["https:\/\/experienciadevida.com.ar\/portalurbano\/se-realizo-en-olavarria-la-capacitacion-legislativa-2022\/"]}]},{"@type":"BreadcrumbList","@id":"https:\/\/experienciadevida.com.ar\/portalurbano\/se-realizo-en-olavarria-la-capacitacion-legislativa-2022\/#breadcrumb","itemListElement":[{"@type":"ListItem","position":1,"name":"Portada","item":"https:\/\/experienciadevida.com.ar\/portalurbano\/"},{"@type":"ListItem","position":2,"name":"Se realiz\u00f3 en Olavarr\u00eda la capacitaci\u00f3n Legislativa 2022"}]},{"@type":"WebSite","@id":"https:\/\/experienciadevida.com.ar\/portalurbano\/#website","url":"https:\/\/experienciadevida.com.ar\/portalurbano\/","name":"","description":"","publisher":{"@id":"https:\/\/experienciadevida.com.ar\/portalurbano\/#organization"},"potentialAction":[{"@type":"SearchAction","target":{"@type":"EntryPoint","urlTemplate":"https:\/\/experienciadevida.com.ar\/portalurbano\/?s={search_term_string}"},"query-input":"required name=search_term_string"}],"inLanguage":"es"},{"@type":"Organization","@id":"https:\/\/experienciadevida.com.ar\/portalurbano\/#organization","name":"Portal Urbano","url":"https:\/\/experienciadevida.com.ar\/portalurbano\/","logo":{"@type":"ImageObject","inLanguage":"es","@id":"https:\/\/experienciadevida.com.ar\/portalurbano\/#\/schema\/logo\/image\/","url":"https:\/\/experienciadevida.com.ar\/portalurbano\/wp-content\/uploads\/2019\/09\/Logo-Original.png","contentUrl":"https:\/\/experienciadevida.com.ar\/portalurbano\/wp-content\/uploads\/2019\/09\/Logo-Original.png","width":2236,"height":1216,"caption":"Portal Urbano"},"image":{"@id":"https:\/\/experienciadevida.com.ar\/portalurbano\/#\/schema\/logo\/image\/"},"sameAs":["https:\/\/www.facebook.com\/Portal-Urbano-171542830093757\/","https:\/\/twitter.com\/portalurbanook","https:\/\/www.instagram.com\/_portalurbano\/","https:\/\/www.youtube.com\/channel\/UCXhagIfszH8KxFiOok79zbA?view_as=subscriber"]},{"@type":"Person","@id":"https:\/\/experienciadevida.com.ar\/portalurbano\/#\/schema\/person\/02dd326b1c4b056e9cc972486934a3a7","name":"admpu17wp","image":{"@type":"ImageObject","inLanguage":"es","@id":"https:\/\/experienciadevida.com.ar\/portalurbano\/#\/schema\/person\/image\/","url":"https:\/\/secure.gravatar.com\/avatar\/830d4c57adaae6630765e449a6908047?s=96&d=mm&r=g","contentUrl":"https:\/\/secure.gravatar.com\/avatar\/830d4c57adaae6630765e449a6908047?s=96&d=mm&r=g","caption":"admpu17wp"}}]}},"featured_image_urls":{"full":["https:\/\/experienciadevida.com.ar\/portalurbano\/wp-content\/uploads\/2022\/08\/Se-realizo-en-Olavarria.jpeg",1280,855,false],"thumbnail":["https:\/\/experienciadevida.com.ar\/portalurbano\/wp-content\/uploads\/2022\/08\/Se-realizo-en-Olavarria-150x150.jpeg",150,150,true],"medium":["https:\/\/experienciadevida.com.ar\/portalurbano\/wp-content\/uploads\/2022\/08\/Se-realizo-en-Olavarria-300x200.jpeg",300,200,true],"medium_large":["https:\/\/experienciadevida.com.ar\/portalurbano\/wp-content\/uploads\/2022\/08\/Se-realizo-en-Olavarria-768x513.jpeg",640,428,true],"large":["https:\/\/experienciadevida.com.ar\/portalurbano\/wp-content\/uploads\/2022\/08\/Se-realizo-en-Olavarria-1024x684.jpeg",640,428,true],"ug_big":["https:\/\/experienciadevida.com.ar\/portalurbano\/wp-content\/uploads\/2022\/08\/Se-realizo-en-Olavarria-768x513.jpeg",768,513,true],"1536x1536":["https:\/\/experienciadevida.com.ar\/portalurbano\/wp-content\/uploads\/2022\/08\/Se-realizo-en-Olavarria.jpeg",1280,855,false],"2048x2048":["https:\/\/experienciadevida.com.ar\/portalurbano\/wp-content\/uploads\/2022\/08\/Se-realizo-en-Olavarria.jpeg",1280,855,false],"newsever-slider-full":["https:\/\/experienciadevida.com.ar\/portalurbano\/wp-content\/uploads\/2022\/08\/Se-realizo-en-Olavarria.jpeg",1265,845,false],"newsever-featured":["https:\/\/experienciadevida.com.ar\/portalurbano\/wp-content\/uploads\/2022\/08\/Se-realizo-en-Olavarria.jpeg",1024,684,false],"newsever-medium":["https:\/\/experienciadevida.com.ar\/portalurbano\/wp-content\/uploads\/2022\/08\/Se-realizo-en-Olavarria.jpeg",711,475,false],"web-stories-poster-portrait":["https:\/\/experienciadevida.com.ar\/portalurbano\/wp-content\/uploads\/2022\/08\/Se-realizo-en-Olavarria-640x853.jpeg",640,853,true],"web-stories-publisher-logo":["https:\/\/experienciadevida.com.ar\/portalurbano\/wp-content\/uploads\/2022\/08\/Se-realizo-en-Olavarria-96x96.jpeg",96,96,true],"web-stories-thumbnail":["https:\/\/experienciadevida.com.ar\/portalurbano\/wp-content\/uploads\/2022\/08\/Se-realizo-en-Olavarria-150x100.jpeg",150,100,true]},"author_info":{"display_name":"admpu17wp","author_link":"https:\/\/experienciadevida.com.ar\/portalurbano\/author\/admpu17wp\/"},"category_info":"<a href=\"https:\/\/experienciadevida.com.ar\/portalurbano\/category\/ciudad\/\" rel=\"category tag\">Ciudad<\/a> <a href=\"https:\/\/experienciadevida.com.ar\/portalurbano\/category\/destacadas\/\" rel=\"category tag\">Destacadas<\/a>","tag_info":"Destacadas","comment_count":"0","amp_enabled":true,"_links":{"self":[{"href":"https:\/\/experienciadevida.com.ar\/portalurbano\/wp-json\/wp\/v2\/posts\/174474"}],"collection":[{"href":"https:\/\/experienciadevida.com.ar\/portalurbano\/wp-json\/wp\/v2\/posts"}],"about":[{"href":"https:\/\/experienciadevida.com.ar\/portalurbano\/wp-json\/wp\/v2\/types\/post"}],"author":[{"embeddable":true,"href":"https:\/\/experienciadevida.com.ar\/portalurbano\/wp-json\/wp\/v2\/users\/1"}],"replies":[{"embeddable":true,"href":"https:\/\/experienciadevida.com.ar\/portalurbano\/wp-json\/wp\/v2\/comments?post=174474"}],"version-history":[{"count":3,"href":"https:\/\/experienciadevida.com.ar\/portalurbano\/wp-json\/wp\/v2\/posts\/174474\/revisions"}],"predecessor-version":[{"id":174479,"href":"https:\/\/experienciadevida.com.ar\/portalurbano\/wp-json\/wp\/v2\/posts\/174474\/revisions\/174479"}],"wp:featuredmedia":[{"embeddable":true,"href":"https:\/\/experienciadevida.com.ar\/portalurbano\/wp-json\/wp\/v2\/media\/174475"}],"wp:attachment":[{"href":"https:\/\/experienciadevida.com.ar\/portalurbano\/wp-json\/wp\/v2\/media?parent=174474"}],"wp:term":[{"taxonomy":"category","embeddable":true,"href":"https:\/\/experienciadevida.com.ar\/portalurbano\/wp-json\/wp\/v2\/categories?post=174474"},{"taxonomy":"post_tag","embeddable":true,"href":"https:\/\/experienciadevida.com.ar\/portalurbano\/wp-json\/wp\/v2\/tags?post=174474"}],"curies":[{"name":"wp","href":"https:\/\/api.w.org\/{rel}","templated":true}]}}