{"id":174471,"date":"2022-08-31T12:29:20","date_gmt":"2022-08-31T15:29:20","guid":{"rendered":"https:\/\/experienciadevida.com.ar\/portalurbano\/?p=174471"},"modified":"2022-08-31T12:29:54","modified_gmt":"2022-08-31T15:29:54","slug":"belen-vergel-visito-la-escuela-municipal-de-orfebreria-y-artesanias-tradicionales","status":"publish","type":"post","link":"https:\/\/experienciadevida.com.ar\/portalurbano\/belen-vergel-visito-la-escuela-municipal-de-orfebreria-y-artesanias-tradicionales\/","title":{"rendered":"Bel\u00e9n Vergel visit\u00f3 la Escuela Municipal de Orfebrer\u00eda y Artesan\u00edas Tradicionales"},"content":{"rendered":"<p>Bel\u00e9n <a href=\"https:\/\/www.instagram.com\/belenvergel\/\">Vergel<\/a> visit\u00f3 la Escuela Municipal de Orfebrer\u00eda y Artesan\u00edas Tradicionales, el encuentro se llev\u00f3 a cabo el pasado mi\u00e9rcoles con el objetivo de conocer las instalaciones de la instituci\u00f3n y las diferentes actividades<br \/>\nque all\u00ed se realizan.<\/p>\n<p>La concejal de la Uni\u00f3n C\u00edvica Radical Olavarr\u00eda, Bel\u00e9n Vergel, visit\u00f3 este mi\u00e9rcoles la Escuela Municipal de Orfebrer\u00eda y Artesan\u00edas Tradicionales \u201cMaestro Armando Ferreira\u201d donde fue recibida por el orfebre y platero Jano<br \/>\nChasman, director del espacio.<\/p>\n<p>Durante el encuentro, Chasman ofreci\u00f3 un recorrido por las instalaciones de la instituci\u00f3n y las diferentes actividades que all\u00ed se realizan diariamente. Adem\u00e1s, tambi\u00e9n relat\u00f3 c\u00f3mo fueron los comienzos del lugar y<br \/>\nla larga trayectoria con la que cuenta ya que hace m\u00e1s de 40 a\u00f1os que funciona en la ciudad.<\/p>\n<p>En la actualidad, la Escuela Municipal cuenta con tres docentes y una matr\u00edcula que var\u00eda entre 50 y 60 estudiantes que concurren diariamente a participar de los diferentes talleres que se dictan.<\/p>\n<p>Al respecto, la edil expres\u00f3 que \u201cOlavarr\u00eda tiene una gran Escuela de Orfebrer\u00eda, con un estilo \u00fanico y con grandes maestros y disc\u00edpulos. Debemos apostar a los encuentros nacionales que se hac\u00edan y pon\u00edan el \u00e9nfasis en la cultura local. Encontramos en cada visita que hacemos los talentos olavarrienses por eso apoyamos la cultura, la visibilizamos y pensamos juntos proyectos donde cada espacio pueda crecer\u201d.<\/p>\n","protected":false},"excerpt":{"rendered":"<p>Bel\u00e9n Vergel visit\u00f3 la Escuela Municipal de Orfebrer\u00eda y Artesan\u00edas Tradicionales, el encuentro se llev\u00f3&#8230;<\/p>\n","protected":false},"author":1,"featured_media":174472,"comment_status":"closed","ping_status":"closed","sticky":false,"template":"","format":"standard","meta":{"content-type":""},"categories":[27],"tags":[],"nelio_content":{"isAutoShareEnabled":false,"autoShareEndMode":"default","automationSources":{"useContentSentences":true,"useSocialTemplates":true,"useCustomSentences":false,"customSentences":[]},"followers":[1],"suggestedReferences":[],"includedReferences":["https:\/\/www.instagram.com\/belenvergel\/"],"efiUrl":"","efiAlt":"","highlights":[]},"yoast_head":"<!-- This site is optimized with the Yoast SEO plugin v20.7 - https:\/\/yoast.com\/wordpress\/plugins\/seo\/ -->\n<title>Bel\u00e9n Vergel visit\u00f3 la Escuela Municipal de Orfebrer\u00eda y artesan\u00edas<\/title>\n<meta name=\"description\" content=\"Bel\u00e9n Vergel visit\u00f3 la Escuela Municipal de Orfebrer\u00eda y Artesan\u00edas Tradicionales, el encuentro se llev\u00f3 a cabo el pasado mi\u00e9rcoles\" \/>\n<meta name=\"robots\" content=\"index, follow, max-snippet:-1, max-image-preview:large, max-video-preview:-1\" \/>\n<link rel=\"canonical\" href=\"https:\/\/experienciadevida.com.ar\/portalurbano\/belen-vergel-visito-la-escuela-municipal-de-orfebreria-y-artesanias-tradicionales\/\" \/>\n<meta property=\"og:locale\" content=\"es_ES\" \/>\n<meta property=\"og:type\" content=\"article\" \/>\n<meta property=\"og:title\" content=\"Bel\u00e9n Vergel visit\u00f3 la Escuela Municipal de Orfebrer\u00eda y artesan\u00edas\" \/>\n<meta property=\"og:description\" content=\"Bel\u00e9n Vergel visit\u00f3 la Escuela Municipal de Orfebrer\u00eda y Artesan\u00edas Tradicionales, el encuentro se llev\u00f3 a cabo el pasado mi\u00e9rcoles\" \/>\n<meta property=\"og:url\" content=\"https:\/\/experienciadevida.com.ar\/portalurbano\/belen-vergel-visito-la-escuela-municipal-de-orfebreria-y-artesanias-tradicionales\/\" \/>\n<meta property=\"article:publisher\" content=\"https:\/\/www.facebook.com\/Portal-Urbano-171542830093757\/\" \/>\n<meta property=\"article:published_time\" content=\"2022-08-31T15:29:20+00:00\" \/>\n<meta property=\"article:modified_time\" content=\"2022-08-31T15:29:54+00:00\" \/>\n<meta property=\"og:image\" content=\"https:\/\/experienciadevida.com.ar\/portalurbano\/wp-content\/uploads\/2022\/08\/Belen-Vergel-visito-la.jpg\" \/>\n\t<meta property=\"og:image:width\" content=\"1024\" \/>\n\t<meta property=\"og:image:height\" content=\"768\" \/>\n\t<meta property=\"og:image:type\" content=\"image\/jpeg\" \/>\n<meta name=\"author\" content=\"admpu17wp\" \/>\n<meta name=\"twitter:card\" content=\"summary_large_image\" \/>\n<meta name=\"twitter:creator\" content=\"@portalurbanook\" \/>\n<meta name=\"twitter:site\" content=\"@portalurbanook\" \/>\n<meta name=\"twitter:label1\" content=\"Escrito por\" \/>\n\t<meta name=\"twitter:data1\" content=\"admpu17wp\" \/>\n\t<meta name=\"twitter:label2\" content=\"Tiempo de lectura\" \/>\n\t<meta name=\"twitter:data2\" content=\"2 minutos\" \/>\n<script type=\"application\/ld+json\" class=\"yoast-schema-graph\">{\"@context\":\"https:\/\/schema.org\",\"@graph\":[{\"@type\":\"Article\",\"@id\":\"https:\/\/experienciadevida.com.ar\/portalurbano\/belen-vergel-visito-la-escuela-municipal-de-orfebreria-y-artesanias-tradicionales\/#article\",\"isPartOf\":{\"@id\":\"https:\/\/experienciadevida.com.ar\/portalurbano\/belen-vergel-visito-la-escuela-municipal-de-orfebreria-y-artesanias-tradicionales\/\"},\"author\":{\"name\":\"admpu17wp\",\"@id\":\"https:\/\/experienciadevida.com.ar\/portalurbano\/#\/schema\/person\/02dd326b1c4b056e9cc972486934a3a7\"},\"headline\":\"Bel\u00e9n Vergel visit\u00f3 la Escuela Municipal de Orfebrer\u00eda y Artesan\u00edas Tradicionales\",\"datePublished\":\"2022-08-31T15:29:20+00:00\",\"dateModified\":\"2022-08-31T15:29:54+00:00\",\"mainEntityOfPage\":{\"@id\":\"https:\/\/experienciadevida.com.ar\/portalurbano\/belen-vergel-visito-la-escuela-municipal-de-orfebreria-y-artesanias-tradicionales\/\"},\"wordCount\":259,\"publisher\":{\"@id\":\"https:\/\/experienciadevida.com.ar\/portalurbano\/#organization\"},\"articleSection\":[\"Ciudad\"],\"inLanguage\":\"es\"},{\"@type\":\"WebPage\",\"@id\":\"https:\/\/experienciadevida.com.ar\/portalurbano\/belen-vergel-visito-la-escuela-municipal-de-orfebreria-y-artesanias-tradicionales\/\",\"url\":\"https:\/\/experienciadevida.com.ar\/portalurbano\/belen-vergel-visito-la-escuela-municipal-de-orfebreria-y-artesanias-tradicionales\/\",\"name\":\"Bel\u00e9n Vergel visit\u00f3 la Escuela Municipal de Orfebrer\u00eda y artesan\u00edas\",\"isPartOf\":{\"@id\":\"https:\/\/experienciadevida.com.ar\/portalurbano\/#website\"},\"datePublished\":\"2022-08-31T15:29:20+00:00\",\"dateModified\":\"2022-08-31T15:29:54+00:00\",\"description\":\"Bel\u00e9n Vergel visit\u00f3 la Escuela Municipal de Orfebrer\u00eda y Artesan\u00edas Tradicionales, el encuentro se llev\u00f3 a cabo el pasado mi\u00e9rcoles\",\"breadcrumb\":{\"@id\":\"https:\/\/experienciadevida.com.ar\/portalurbano\/belen-vergel-visito-la-escuela-municipal-de-orfebreria-y-artesanias-tradicionales\/#breadcrumb\"},\"inLanguage\":\"es\",\"potentialAction\":[{\"@type\":\"ReadAction\",\"target\":[\"https:\/\/experienciadevida.com.ar\/portalurbano\/belen-vergel-visito-la-escuela-municipal-de-orfebreria-y-artesanias-tradicionales\/\"]}]},{\"@type\":\"BreadcrumbList\",\"@id\":\"https:\/\/experienciadevida.com.ar\/portalurbano\/belen-vergel-visito-la-escuela-municipal-de-orfebreria-y-artesanias-tradicionales\/#breadcrumb\",\"itemListElement\":[{\"@type\":\"ListItem\",\"position\":1,\"name\":\"Portada\",\"item\":\"https:\/\/experienciadevida.com.ar\/portalurbano\/\"},{\"@type\":\"ListItem\",\"position\":2,\"name\":\"Bel\u00e9n Vergel visit\u00f3 la Escuela Municipal de Orfebrer\u00eda y Artesan\u00edas Tradicionales\"}]},{\"@type\":\"WebSite\",\"@id\":\"https:\/\/experienciadevida.com.ar\/portalurbano\/#website\",\"url\":\"https:\/\/experienciadevida.com.ar\/portalurbano\/\",\"name\":\"\",\"description\":\"\",\"publisher\":{\"@id\":\"https:\/\/experienciadevida.com.ar\/portalurbano\/#organization\"},\"potentialAction\":[{\"@type\":\"SearchAction\",\"target\":{\"@type\":\"EntryPoint\",\"urlTemplate\":\"https:\/\/experienciadevida.com.ar\/portalurbano\/?s={search_term_string}\"},\"query-input\":\"required name=search_term_string\"}],\"inLanguage\":\"es\"},{\"@type\":\"Organization\",\"@id\":\"https:\/\/experienciadevida.com.ar\/portalurbano\/#organization\",\"name\":\"Portal Urbano\",\"url\":\"https:\/\/experienciadevida.com.ar\/portalurbano\/\",\"logo\":{\"@type\":\"ImageObject\",\"inLanguage\":\"es\",\"@id\":\"https:\/\/experienciadevida.com.ar\/portalurbano\/#\/schema\/logo\/image\/\",\"url\":\"https:\/\/experienciadevida.com.ar\/portalurbano\/wp-content\/uploads\/2019\/09\/Logo-Original.png\",\"contentUrl\":\"https:\/\/experienciadevida.com.ar\/portalurbano\/wp-content\/uploads\/2019\/09\/Logo-Original.png\",\"width\":2236,\"height\":1216,\"caption\":\"Portal Urbano\"},\"image\":{\"@id\":\"https:\/\/experienciadevida.com.ar\/portalurbano\/#\/schema\/logo\/image\/\"},\"sameAs\":[\"https:\/\/www.facebook.com\/Portal-Urbano-171542830093757\/\",\"https:\/\/twitter.com\/portalurbanook\",\"https:\/\/www.instagram.com\/_portalurbano\/\",\"https:\/\/www.youtube.com\/channel\/UCXhagIfszH8KxFiOok79zbA?view_as=subscriber\"]},{\"@type\":\"Person\",\"@id\":\"https:\/\/experienciadevida.com.ar\/portalurbano\/#\/schema\/person\/02dd326b1c4b056e9cc972486934a3a7\",\"name\":\"admpu17wp\",\"image\":{\"@type\":\"ImageObject\",\"inLanguage\":\"es\",\"@id\":\"https:\/\/experienciadevida.com.ar\/portalurbano\/#\/schema\/person\/image\/\",\"url\":\"https:\/\/secure.gravatar.com\/avatar\/830d4c57adaae6630765e449a6908047?s=96&d=mm&r=g\",\"contentUrl\":\"https:\/\/secure.gravatar.com\/avatar\/830d4c57adaae6630765e449a6908047?s=96&d=mm&r=g\",\"caption\":\"admpu17wp\"}}]}<\/script>\n<!-- \/ Yoast SEO plugin. -->","yoast_head_json":{"title":"Bel\u00e9n Vergel visit\u00f3 la Escuela Municipal de Orfebrer\u00eda y artesan\u00edas","description":"Bel\u00e9n Vergel visit\u00f3 la Escuela Municipal de Orfebrer\u00eda y Artesan\u00edas Tradicionales, el encuentro se llev\u00f3 a cabo el pasado mi\u00e9rcoles","robots":{"index":"index","follow":"follow","max-snippet":"max-snippet:-1","max-image-preview":"max-image-preview:large","max-video-preview":"max-video-preview:-1"},"canonical":"https:\/\/experienciadevida.com.ar\/portalurbano\/belen-vergel-visito-la-escuela-municipal-de-orfebreria-y-artesanias-tradicionales\/","og_locale":"es_ES","og_type":"article","og_title":"Bel\u00e9n Vergel visit\u00f3 la Escuela Municipal de Orfebrer\u00eda y artesan\u00edas","og_description":"Bel\u00e9n Vergel visit\u00f3 la Escuela Municipal de Orfebrer\u00eda y Artesan\u00edas Tradicionales, el encuentro se llev\u00f3 a cabo el pasado mi\u00e9rcoles","og_url":"https:\/\/experienciadevida.com.ar\/portalurbano\/belen-vergel-visito-la-escuela-municipal-de-orfebreria-y-artesanias-tradicionales\/","article_publisher":"https:\/\/www.facebook.com\/Portal-Urbano-171542830093757\/","article_published_time":"2022-08-31T15:29:20+00:00","article_modified_time":"2022-08-31T15:29:54+00:00","og_image":[{"width":1024,"height":768,"url":"https:\/\/experienciadevida.com.ar\/portalurbano\/wp-content\/uploads\/2022\/08\/Belen-Vergel-visito-la.jpg","type":"image\/jpeg"}],"author":"admpu17wp","twitter_card":"summary_large_image","twitter_creator":"@portalurbanook","twitter_site":"@portalurbanook","twitter_misc":{"Escrito por":"admpu17wp","Tiempo de lectura":"2 minutos"},"schema":{"@context":"https:\/\/schema.org","@graph":[{"@type":"Article","@id":"https:\/\/experienciadevida.com.ar\/portalurbano\/belen-vergel-visito-la-escuela-municipal-de-orfebreria-y-artesanias-tradicionales\/#article","isPartOf":{"@id":"https:\/\/experienciadevida.com.ar\/portalurbano\/belen-vergel-visito-la-escuela-municipal-de-orfebreria-y-artesanias-tradicionales\/"},"author":{"name":"admpu17wp","@id":"https:\/\/experienciadevida.com.ar\/portalurbano\/#\/schema\/person\/02dd326b1c4b056e9cc972486934a3a7"},"headline":"Bel\u00e9n Vergel visit\u00f3 la Escuela Municipal de Orfebrer\u00eda y Artesan\u00edas Tradicionales","datePublished":"2022-08-31T15:29:20+00:00","dateModified":"2022-08-31T15:29:54+00:00","mainEntityOfPage":{"@id":"https:\/\/experienciadevida.com.ar\/portalurbano\/belen-vergel-visito-la-escuela-municipal-de-orfebreria-y-artesanias-tradicionales\/"},"wordCount":259,"publisher":{"@id":"https:\/\/experienciadevida.com.ar\/portalurbano\/#organization"},"articleSection":["Ciudad"],"inLanguage":"es"},{"@type":"WebPage","@id":"https:\/\/experienciadevida.com.ar\/portalurbano\/belen-vergel-visito-la-escuela-municipal-de-orfebreria-y-artesanias-tradicionales\/","url":"https:\/\/experienciadevida.com.ar\/portalurbano\/belen-vergel-visito-la-escuela-municipal-de-orfebreria-y-artesanias-tradicionales\/","name":"Bel\u00e9n Vergel visit\u00f3 la Escuela Municipal de Orfebrer\u00eda y artesan\u00edas","isPartOf":{"@id":"https:\/\/experienciadevida.com.ar\/portalurbano\/#website"},"datePublished":"2022-08-31T15:29:20+00:00","dateModified":"2022-08-31T15:29:54+00:00","description":"Bel\u00e9n Vergel visit\u00f3 la Escuela Municipal de Orfebrer\u00eda y Artesan\u00edas Tradicionales, el encuentro se llev\u00f3 a cabo el pasado mi\u00e9rcoles","breadcrumb":{"@id":"https:\/\/experienciadevida.com.ar\/portalurbano\/belen-vergel-visito-la-escuela-municipal-de-orfebreria-y-artesanias-tradicionales\/#breadcrumb"},"inLanguage":"es","potentialAction":[{"@type":"ReadAction","target":["https:\/\/experienciadevida.com.ar\/portalurbano\/belen-vergel-visito-la-escuela-municipal-de-orfebreria-y-artesanias-tradicionales\/"]}]},{"@type":"BreadcrumbList","@id":"https:\/\/experienciadevida.com.ar\/portalurbano\/belen-vergel-visito-la-escuela-municipal-de-orfebreria-y-artesanias-tradicionales\/#breadcrumb","itemListElement":[{"@type":"ListItem","position":1,"name":"Portada","item":"https:\/\/experienciadevida.com.ar\/portalurbano\/"},{"@type":"ListItem","position":2,"name":"Bel\u00e9n Vergel visit\u00f3 la Escuela Municipal de Orfebrer\u00eda y Artesan\u00edas Tradicionales"}]},{"@type":"WebSite","@id":"https:\/\/experienciadevida.com.ar\/portalurbano\/#website","url":"https:\/\/experienciadevida.com.ar\/portalurbano\/","name":"","description":"","publisher":{"@id":"https:\/\/experienciadevida.com.ar\/portalurbano\/#organization"},"potentialAction":[{"@type":"SearchAction","target":{"@type":"EntryPoint","urlTemplate":"https:\/\/experienciadevida.com.ar\/portalurbano\/?s={search_term_string}"},"query-input":"required name=search_term_string"}],"inLanguage":"es"},{"@type":"Organization","@id":"https:\/\/experienciadevida.com.ar\/portalurbano\/#organization","name":"Portal Urbano","url":"https:\/\/experienciadevida.com.ar\/portalurbano\/","logo":{"@type":"ImageObject","inLanguage":"es","@id":"https:\/\/experienciadevida.com.ar\/portalurbano\/#\/schema\/logo\/image\/","url":"https:\/\/experienciadevida.com.ar\/portalurbano\/wp-content\/uploads\/2019\/09\/Logo-Original.png","contentUrl":"https:\/\/experienciadevida.com.ar\/portalurbano\/wp-content\/uploads\/2019\/09\/Logo-Original.png","width":2236,"height":1216,"caption":"Portal Urbano"},"image":{"@id":"https:\/\/experienciadevida.com.ar\/portalurbano\/#\/schema\/logo\/image\/"},"sameAs":["https:\/\/www.facebook.com\/Portal-Urbano-171542830093757\/","https:\/\/twitter.com\/portalurbanook","https:\/\/www.instagram.com\/_portalurbano\/","https:\/\/www.youtube.com\/channel\/UCXhagIfszH8KxFiOok79zbA?view_as=subscriber"]},{"@type":"Person","@id":"https:\/\/experienciadevida.com.ar\/portalurbano\/#\/schema\/person\/02dd326b1c4b056e9cc972486934a3a7","name":"admpu17wp","image":{"@type":"ImageObject","inLanguage":"es","@id":"https:\/\/experienciadevida.com.ar\/portalurbano\/#\/schema\/person\/image\/","url":"https:\/\/secure.gravatar.com\/avatar\/830d4c57adaae6630765e449a6908047?s=96&d=mm&r=g","contentUrl":"https:\/\/secure.gravatar.com\/avatar\/830d4c57adaae6630765e449a6908047?s=96&d=mm&r=g","caption":"admpu17wp"}}]}},"featured_image_urls":{"full":["https:\/\/experienciadevida.com.ar\/portalurbano\/wp-content\/uploads\/2022\/08\/Belen-Vergel-visito-la.jpg",1024,768,false],"thumbnail":["https:\/\/experienciadevida.com.ar\/portalurbano\/wp-content\/uploads\/2022\/08\/Belen-Vergel-visito-la-150x150.jpg",150,150,true],"medium":["https:\/\/experienciadevida.com.ar\/portalurbano\/wp-content\/uploads\/2022\/08\/Belen-Vergel-visito-la-300x225.jpg",300,225,true],"medium_large":["https:\/\/experienciadevida.com.ar\/portalurbano\/wp-content\/uploads\/2022\/08\/Belen-Vergel-visito-la-768x576.jpg",640,480,true],"large":["https:\/\/experienciadevida.com.ar\/portalurbano\/wp-content\/uploads\/2022\/08\/Belen-Vergel-visito-la.jpg",640,480,false],"ug_big":["https:\/\/experienciadevida.com.ar\/portalurbano\/wp-content\/uploads\/2022\/08\/Belen-Vergel-visito-la-768x576.jpg",768,576,true],"1536x1536":["https:\/\/experienciadevida.com.ar\/portalurbano\/wp-content\/uploads\/2022\/08\/Belen-Vergel-visito-la.jpg",1024,768,false],"2048x2048":["https:\/\/experienciadevida.com.ar\/portalurbano\/wp-content\/uploads\/2022\/08\/Belen-Vergel-visito-la.jpg",1024,768,false],"newsever-slider-full":["https:\/\/experienciadevida.com.ar\/portalurbano\/wp-content\/uploads\/2022\/08\/Belen-Vergel-visito-la.jpg",1024,768,false],"newsever-featured":["https:\/\/experienciadevida.com.ar\/portalurbano\/wp-content\/uploads\/2022\/08\/Belen-Vergel-visito-la.jpg",1024,768,false],"newsever-medium":["https:\/\/experienciadevida.com.ar\/portalurbano\/wp-content\/uploads\/2022\/08\/Belen-Vergel-visito-la.jpg",633,475,false],"web-stories-poster-portrait":["https:\/\/experienciadevida.com.ar\/portalurbano\/wp-content\/uploads\/2022\/08\/Belen-Vergel-visito-la-640x768.jpg",640,768,true],"web-stories-publisher-logo":["https:\/\/experienciadevida.com.ar\/portalurbano\/wp-content\/uploads\/2022\/08\/Belen-Vergel-visito-la-96x96.jpg",96,96,true],"web-stories-thumbnail":["https:\/\/experienciadevida.com.ar\/portalurbano\/wp-content\/uploads\/2022\/08\/Belen-Vergel-visito-la-150x113.jpg",150,113,true]},"author_info":{"display_name":"admpu17wp","author_link":"https:\/\/experienciadevida.com.ar\/portalurbano\/author\/admpu17wp\/"},"category_info":"<a href=\"https:\/\/experienciadevida.com.ar\/portalurbano\/category\/ciudad\/\" rel=\"category tag\">Ciudad<\/a>","tag_info":"Ciudad","comment_count":"0","amp_enabled":true,"_links":{"self":[{"href":"https:\/\/experienciadevida.com.ar\/portalurbano\/wp-json\/wp\/v2\/posts\/174471"}],"collection":[{"href":"https:\/\/experienciadevida.com.ar\/portalurbano\/wp-json\/wp\/v2\/posts"}],"about":[{"href":"https:\/\/experienciadevida.com.ar\/portalurbano\/wp-json\/wp\/v2\/types\/post"}],"author":[{"embeddable":true,"href":"https:\/\/experienciadevida.com.ar\/portalurbano\/wp-json\/wp\/v2\/users\/1"}],"replies":[{"embeddable":true,"href":"https:\/\/experienciadevida.com.ar\/portalurbano\/wp-json\/wp\/v2\/comments?post=174471"}],"version-history":[{"count":1,"href":"https:\/\/experienciadevida.com.ar\/portalurbano\/wp-json\/wp\/v2\/posts\/174471\/revisions"}],"predecessor-version":[{"id":174473,"href":"https:\/\/experienciadevida.com.ar\/portalurbano\/wp-json\/wp\/v2\/posts\/174471\/revisions\/174473"}],"wp:featuredmedia":[{"embeddable":true,"href":"https:\/\/experienciadevida.com.ar\/portalurbano\/wp-json\/wp\/v2\/media\/174472"}],"wp:attachment":[{"href":"https:\/\/experienciadevida.com.ar\/portalurbano\/wp-json\/wp\/v2\/media?parent=174471"}],"wp:term":[{"taxonomy":"category","embeddable":true,"href":"https:\/\/experienciadevida.com.ar\/portalurbano\/wp-json\/wp\/v2\/categories?post=174471"},{"taxonomy":"post_tag","embeddable":true,"href":"https:\/\/experienciadevida.com.ar\/portalurbano\/wp-json\/wp\/v2\/tags?post=174471"}],"curies":[{"name":"wp","href":"https:\/\/api.w.org\/{rel}","templated":true}]}}