{"id":174436,"date":"2022-08-30T23:31:15","date_gmt":"2022-08-31T02:31:15","guid":{"rendered":"https:\/\/experienciadevida.com.ar\/portalurbano\/?p=174436"},"modified":"2022-08-31T00:15:29","modified_gmt":"2022-08-31T03:15:29","slug":"en-olavarria-se-manifestaron-por-el-ajuste-en-discapacidad","status":"publish","type":"post","link":"https:\/\/experienciadevida.com.ar\/portalurbano\/en-olavarria-se-manifestaron-por-el-ajuste-en-discapacidad\/","title":{"rendered":"En Olavarr\u00eda se manifestaron por el ajuste en discapacidad"},"content":{"rendered":"<p>En Olavarr\u00eda se manifestaron por el ajuste en discapacidad, sucedi\u00f3 en la jornada de este martes, en la plaza central, de la misma participaron familiares de las personas con discapacidad, profesionales de la salud, concejales as\u00ed como tambi\u00e9n instituciones educativas.<\/p>\n<p><a href=\"https:\/\/experienciadevida.com.ar\/portalurbano\/en-olavarria-se-manifestaron-por-el-ajuste-en-discapacidad\/en-21\/\" rel=\"attachment wp-att-174451\"><img decoding=\"async\" class=\"alignnone size-full wp-image-174451\" src=\"https:\/\/experienciadevida.com.ar\/portalurbano\/wp-content\/uploads\/2022\/08\/En-1.jpg\" alt=\"En \" width=\"765\" height=\"510\" srcset=\"https:\/\/experienciadevida.com.ar\/portalurbano\/wp-content\/uploads\/2022\/08\/En-1.jpg 765w, https:\/\/experienciadevida.com.ar\/portalurbano\/wp-content\/uploads\/2022\/08\/En-1-300x200.jpg 300w, https:\/\/experienciadevida.com.ar\/portalurbano\/wp-content\/uploads\/2022\/08\/En-1-150x100.jpg 150w\" sizes=\"(max-width: 765px) 100vw, 765px\" \/><\/a><\/p>\n<p>La concentraci\u00f3n tuvo lugar a las 18:30hs en el Paseo Jes\u00fas Mend\u00eda y posteriormente se movilizaron por diferentes calles c\u00e9ntricas.<\/p>\n<p>El reclamo se dio en el atraso de pago por parte de Naci\u00f3n a las obras sociales.<\/p>\n<p>Burgart profesional que trabaja en una instituci\u00f3n mencion\u00f3 &#8220;hoy nos autoconvocamos profesionales, familias y personas con discapacidad para pedirle al Gobierno Nacional bajo el decreto de Massa no al ajuste en discapacidad, en realidad tenemos un atraso en el mes de agosto de los pagos correspondientes de junio, es decir que corresponden al mes de junio. Nos avisaron que podr\u00edan abonar esos pagos reci\u00e9n en la primera quincena de septiembre&#8221;.<\/p>\n<p><a href=\"https:\/\/experienciadevida.com.ar\/portalurbano\/en-olavarria-se-manifestaron-por-el-ajuste-en-discapacidad\/olavarria-10\/\" rel=\"attachment wp-att-174452\"><img decoding=\"async\" class=\"alignnone size-full wp-image-174452\" src=\"https:\/\/experienciadevida.com.ar\/portalurbano\/wp-content\/uploads\/2022\/08\/Olavarria-3.jpg\" alt=\"Olavarr\u00eda \" width=\"765\" height=\"510\" srcset=\"https:\/\/experienciadevida.com.ar\/portalurbano\/wp-content\/uploads\/2022\/08\/Olavarria-3.jpg 765w, https:\/\/experienciadevida.com.ar\/portalurbano\/wp-content\/uploads\/2022\/08\/Olavarria-3-300x200.jpg 300w, https:\/\/experienciadevida.com.ar\/portalurbano\/wp-content\/uploads\/2022\/08\/Olavarria-3-150x100.jpg 150w\" sizes=\"(max-width: 765px) 100vw, 765px\" \/><\/a><\/p>\n<p>&#8220;El ajuste se va a dar al fondo solidario que naci\u00f3n aporta a las obras sociales todos los meses para que le paguen a todos los prestadores el 100%, el gobierno nacional quiere sacar ese fondo de distribuci\u00f3n solidaria por lo que las obras sociales deber\u00edan hacerse cargo de eso y sabemos que no lo van a hacer por lo que est\u00e1 en peligro todas las prestaciones de discapacidad&#8221;, explic\u00f3.<\/p>\n<p><a href=\"https:\/\/experienciadevida.com.ar\/portalurbano\/en-olavarria-se-manifestaron-por-el-ajuste-en-discapacidad\/dsc_0070-3\/\" rel=\"attachment wp-att-174461\"><img decoding=\"async\" class=\"alignnone size-full wp-image-174461\" src=\"https:\/\/experienciadevida.com.ar\/portalurbano\/wp-content\/uploads\/2022\/08\/DSC_0070.jpg\" alt=\"\" width=\"765\" height=\"510\" srcset=\"https:\/\/experienciadevida.com.ar\/portalurbano\/wp-content\/uploads\/2022\/08\/DSC_0070.jpg 765w, https:\/\/experienciadevida.com.ar\/portalurbano\/wp-content\/uploads\/2022\/08\/DSC_0070-300x200.jpg 300w, https:\/\/experienciadevida.com.ar\/portalurbano\/wp-content\/uploads\/2022\/08\/DSC_0070-150x100.jpg 150w\" sizes=\"(max-width: 765px) 100vw, 765px\" \/><\/a><\/p>\n<p>Tambi\u00e9n aclar\u00f3 &#8220;es una cadena que afecta directamente a los pacientes, es una situaci\u00f3n muy compleja&#8221;.<\/p>\n<p>&#8220;La devaluaci\u00f3n nos come el aumento es una situaci\u00f3n de precariedad total la que estamos viviendo como prestadores y se nos suma esta &#8220;amenaza&#8221; de que las obras sociales dejen de pagar&#8221;.<\/p>\n<p>Tambi\u00e9n habl\u00f3 el hermano de una persona que tiene deficiencia mental severa y expres\u00f3 &#8220;concurre al grupo ilusiones y creo que es una injusticia total hacer un recorte de las personas que no se saben defender, le digo al gobierno que ajusten en otro lado pero no en discapacidad&#8221;.<\/p>\n<p><a href=\"https:\/\/experienciadevida.com.ar\/portalurbano\/en-olavarria-se-manifestaron-por-el-ajuste-en-discapacidad\/dsc_0072\/\" rel=\"attachment wp-att-174460\"><img decoding=\"async\" class=\"alignnone size-full wp-image-174460\" src=\"https:\/\/experienciadevida.com.ar\/portalurbano\/wp-content\/uploads\/2022\/08\/DSC_0072.jpg\" alt=\"\" width=\"765\" height=\"510\" srcset=\"https:\/\/experienciadevida.com.ar\/portalurbano\/wp-content\/uploads\/2022\/08\/DSC_0072.jpg 765w, https:\/\/experienciadevida.com.ar\/portalurbano\/wp-content\/uploads\/2022\/08\/DSC_0072-300x200.jpg 300w, https:\/\/experienciadevida.com.ar\/portalurbano\/wp-content\/uploads\/2022\/08\/DSC_0072-150x100.jpg 150w\" sizes=\"(max-width: 765px) 100vw, 765px\" \/><\/a><\/p>\n<p><a href=\"https:\/\/experienciadevida.com.ar\/portalurbano\/en-olavarria-se-manifestaron-por-el-ajuste-en-discapacidad\/se-21\/\" rel=\"attachment wp-att-174453\"><img decoding=\"async\" class=\"alignnone size-full wp-image-174453\" src=\"https:\/\/experienciadevida.com.ar\/portalurbano\/wp-content\/uploads\/2022\/08\/se-3.jpg\" alt=\"se \" width=\"765\" height=\"510\" srcset=\"https:\/\/experienciadevida.com.ar\/portalurbano\/wp-content\/uploads\/2022\/08\/se-3.jpg 765w, https:\/\/experienciadevida.com.ar\/portalurbano\/wp-content\/uploads\/2022\/08\/se-3-300x200.jpg 300w, https:\/\/experienciadevida.com.ar\/portalurbano\/wp-content\/uploads\/2022\/08\/se-3-150x100.jpg 150w\" sizes=\"(max-width: 765px) 100vw, 765px\" \/><\/a><\/p>\n<p><a href=\"https:\/\/experienciadevida.com.ar\/portalurbano\/en-olavarria-se-manifestaron-por-el-ajuste-en-discapacidad\/manifestaron\/\" rel=\"attachment wp-att-174454\"><img decoding=\"async\" class=\"alignnone size-full wp-image-174454\" src=\"https:\/\/experienciadevida.com.ar\/portalurbano\/wp-content\/uploads\/2022\/08\/manifestaron.jpg\" alt=\"manifestaron \" width=\"765\" height=\"510\" srcset=\"https:\/\/experienciadevida.com.ar\/portalurbano\/wp-content\/uploads\/2022\/08\/manifestaron.jpg 765w, https:\/\/experienciadevida.com.ar\/portalurbano\/wp-content\/uploads\/2022\/08\/manifestaron-300x200.jpg 300w, https:\/\/experienciadevida.com.ar\/portalurbano\/wp-content\/uploads\/2022\/08\/manifestaron-150x100.jpg 150w\" sizes=\"(max-width: 765px) 100vw, 765px\" \/><\/a><\/p>\n<p><a href=\"https:\/\/experienciadevida.com.ar\/portalurbano\/en-olavarria-se-manifestaron-por-el-ajuste-en-discapacidad\/dsc_0058-5\/\" rel=\"attachment wp-att-174455\"><img decoding=\"async\" class=\"alignnone size-full wp-image-174455\" src=\"https:\/\/experienciadevida.com.ar\/portalurbano\/wp-content\/uploads\/2022\/08\/DSC_0058-2.jpg\" alt=\"\" width=\"765\" height=\"510\" srcset=\"https:\/\/experienciadevida.com.ar\/portalurbano\/wp-content\/uploads\/2022\/08\/DSC_0058-2.jpg 765w, https:\/\/experienciadevida.com.ar\/portalurbano\/wp-content\/uploads\/2022\/08\/DSC_0058-2-300x200.jpg 300w, https:\/\/experienciadevida.com.ar\/portalurbano\/wp-content\/uploads\/2022\/08\/DSC_0058-2-150x100.jpg 150w\" sizes=\"(max-width: 765px) 100vw, 765px\" \/><\/a><\/p>\n<p><a href=\"https:\/\/experienciadevida.com.ar\/portalurbano\/en-olavarria-se-manifestaron-por-el-ajuste-en-discapacidad\/dsc_0052-6\/\" rel=\"attachment wp-att-174457\"><img decoding=\"async\" class=\"alignnone size-full wp-image-174457\" src=\"https:\/\/experienciadevida.com.ar\/portalurbano\/wp-content\/uploads\/2022\/08\/DSC_0052-3.jpg\" alt=\"\" width=\"765\" height=\"510\" srcset=\"https:\/\/experienciadevida.com.ar\/portalurbano\/wp-content\/uploads\/2022\/08\/DSC_0052-3.jpg 765w, https:\/\/experienciadevida.com.ar\/portalurbano\/wp-content\/uploads\/2022\/08\/DSC_0052-3-300x200.jpg 300w, https:\/\/experienciadevida.com.ar\/portalurbano\/wp-content\/uploads\/2022\/08\/DSC_0052-3-150x100.jpg 150w\" sizes=\"(max-width: 765px) 100vw, 765px\" \/><\/a><\/p>\n<p><a href=\"https:\/\/experienciadevida.com.ar\/portalurbano\/en-olavarria-se-manifestaron-por-el-ajuste-en-discapacidad\/dsc_0056-7\/\" rel=\"attachment wp-att-174458\"><img decoding=\"async\" class=\"alignnone size-full wp-image-174458\" src=\"https:\/\/experienciadevida.com.ar\/portalurbano\/wp-content\/uploads\/2022\/08\/DSC_0056-3.jpg\" alt=\"\" width=\"765\" height=\"510\" srcset=\"https:\/\/experienciadevida.com.ar\/portalurbano\/wp-content\/uploads\/2022\/08\/DSC_0056-3.jpg 765w, https:\/\/experienciadevida.com.ar\/portalurbano\/wp-content\/uploads\/2022\/08\/DSC_0056-3-300x200.jpg 300w, https:\/\/experienciadevida.com.ar\/portalurbano\/wp-content\/uploads\/2022\/08\/DSC_0056-3-150x100.jpg 150w\" sizes=\"(max-width: 765px) 100vw, 765px\" \/><\/a><\/p>\n<p><a href=\"https:\/\/experienciadevida.com.ar\/portalurbano\/en-olavarria-se-manifestaron-por-el-ajuste-en-discapacidad\/dsc_0067-3\/\" rel=\"attachment wp-att-174459\"><img decoding=\"async\" class=\"alignnone size-full wp-image-174459\" src=\"https:\/\/experienciadevida.com.ar\/portalurbano\/wp-content\/uploads\/2022\/08\/DSC_0067.jpg\" alt=\"\" width=\"765\" height=\"510\" srcset=\"https:\/\/experienciadevida.com.ar\/portalurbano\/wp-content\/uploads\/2022\/08\/DSC_0067.jpg 765w, https:\/\/experienciadevida.com.ar\/portalurbano\/wp-content\/uploads\/2022\/08\/DSC_0067-300x200.jpg 300w, https:\/\/experienciadevida.com.ar\/portalurbano\/wp-content\/uploads\/2022\/08\/DSC_0067-150x100.jpg 150w\" sizes=\"(max-width: 765px) 100vw, 765px\" \/><\/a><\/p>\n<p>&nbsp;<\/p>\n","protected":false},"excerpt":{"rendered":"<p>En Olavarr\u00eda se manifestaron por el ajuste en discapacidad, sucedi\u00f3 en la jornada de este&#8230;<\/p>\n","protected":false},"author":1,"featured_media":174445,"comment_status":"closed","ping_status":"closed","sticky":false,"template":"","format":"standard","meta":{"content-type":""},"categories":[27,51],"tags":[],"nelio_content":{"isAutoShareEnabled":false,"autoShareEndMode":"default","automationSources":{"useContentSentences":true,"useSocialTemplates":true,"useCustomSentences":false,"customSentences":[]},"followers":[1],"suggestedReferences":[],"includedReferences":[],"efiUrl":"","efiAlt":"","highlights":[]},"yoast_head":"<!-- This site is optimized with the Yoast SEO plugin v20.7 - https:\/\/yoast.com\/wordpress\/plugins\/seo\/ -->\n<title>En Olavarr\u00eda se manifestaron por el ajuste en discapacidad<\/title>\n<meta name=\"description\" content=\"En Olavarr\u00eda se manifestaron por el ajuste en discapacidad, sucedi\u00f3 en la jornada de este martes, en la plaza central,\" \/>\n<meta name=\"robots\" content=\"index, follow, max-snippet:-1, max-image-preview:large, max-video-preview:-1\" \/>\n<link rel=\"canonical\" href=\"https:\/\/experienciadevida.com.ar\/portalurbano\/en-olavarria-se-manifestaron-por-el-ajuste-en-discapacidad\/\" \/>\n<meta property=\"og:locale\" content=\"es_ES\" \/>\n<meta property=\"og:type\" content=\"article\" \/>\n<meta property=\"og:title\" content=\"En Olavarr\u00eda se manifestaron por el ajuste en discapacidad\" \/>\n<meta property=\"og:description\" content=\"En Olavarr\u00eda se manifestaron por el ajuste en discapacidad, sucedi\u00f3 en la jornada de este martes, en la plaza central,\" \/>\n<meta property=\"og:url\" content=\"https:\/\/experienciadevida.com.ar\/portalurbano\/en-olavarria-se-manifestaron-por-el-ajuste-en-discapacidad\/\" \/>\n<meta property=\"article:publisher\" content=\"https:\/\/www.facebook.com\/Portal-Urbano-171542830093757\/\" \/>\n<meta property=\"article:published_time\" content=\"2022-08-31T02:31:15+00:00\" \/>\n<meta property=\"article:modified_time\" content=\"2022-08-31T03:15:29+00:00\" \/>\n<meta property=\"og:image\" content=\"https:\/\/experienciadevida.com.ar\/portalurbano\/wp-content\/uploads\/2022\/08\/En-Olavarria-se-manifestaron.jpg\" \/>\n\t<meta property=\"og:image:width\" content=\"765\" \/>\n\t<meta property=\"og:image:height\" content=\"510\" \/>\n\t<meta property=\"og:image:type\" content=\"image\/jpeg\" \/>\n<meta name=\"author\" content=\"admpu17wp\" \/>\n<meta name=\"twitter:card\" content=\"summary_large_image\" \/>\n<meta name=\"twitter:creator\" content=\"@portalurbanook\" \/>\n<meta name=\"twitter:site\" content=\"@portalurbanook\" \/>\n<meta name=\"twitter:label1\" content=\"Escrito por\" \/>\n\t<meta name=\"twitter:data1\" content=\"admpu17wp\" \/>\n\t<meta name=\"twitter:label2\" content=\"Tiempo de lectura\" \/>\n\t<meta name=\"twitter:data2\" content=\"4 minutos\" \/>\n<script type=\"application\/ld+json\" class=\"yoast-schema-graph\">{\"@context\":\"https:\/\/schema.org\",\"@graph\":[{\"@type\":\"Article\",\"@id\":\"https:\/\/experienciadevida.com.ar\/portalurbano\/en-olavarria-se-manifestaron-por-el-ajuste-en-discapacidad\/#article\",\"isPartOf\":{\"@id\":\"https:\/\/experienciadevida.com.ar\/portalurbano\/en-olavarria-se-manifestaron-por-el-ajuste-en-discapacidad\/\"},\"author\":{\"name\":\"admpu17wp\",\"@id\":\"https:\/\/experienciadevida.com.ar\/portalurbano\/#\/schema\/person\/02dd326b1c4b056e9cc972486934a3a7\"},\"headline\":\"En Olavarr\u00eda se manifestaron por el ajuste en discapacidad\",\"datePublished\":\"2022-08-31T02:31:15+00:00\",\"dateModified\":\"2022-08-31T03:15:29+00:00\",\"mainEntityOfPage\":{\"@id\":\"https:\/\/experienciadevida.com.ar\/portalurbano\/en-olavarria-se-manifestaron-por-el-ajuste-en-discapacidad\/\"},\"wordCount\":342,\"publisher\":{\"@id\":\"https:\/\/experienciadevida.com.ar\/portalurbano\/#organization\"},\"articleSection\":[\"Ciudad\",\"Destacadas\"],\"inLanguage\":\"es\"},{\"@type\":\"WebPage\",\"@id\":\"https:\/\/experienciadevida.com.ar\/portalurbano\/en-olavarria-se-manifestaron-por-el-ajuste-en-discapacidad\/\",\"url\":\"https:\/\/experienciadevida.com.ar\/portalurbano\/en-olavarria-se-manifestaron-por-el-ajuste-en-discapacidad\/\",\"name\":\"En Olavarr\u00eda se manifestaron por el ajuste en discapacidad\",\"isPartOf\":{\"@id\":\"https:\/\/experienciadevida.com.ar\/portalurbano\/#website\"},\"datePublished\":\"2022-08-31T02:31:15+00:00\",\"dateModified\":\"2022-08-31T03:15:29+00:00\",\"description\":\"En Olavarr\u00eda se manifestaron por el ajuste en discapacidad, sucedi\u00f3 en la jornada de este martes, en la plaza central,\",\"breadcrumb\":{\"@id\":\"https:\/\/experienciadevida.com.ar\/portalurbano\/en-olavarria-se-manifestaron-por-el-ajuste-en-discapacidad\/#breadcrumb\"},\"inLanguage\":\"es\",\"potentialAction\":[{\"@type\":\"ReadAction\",\"target\":[\"https:\/\/experienciadevida.com.ar\/portalurbano\/en-olavarria-se-manifestaron-por-el-ajuste-en-discapacidad\/\"]}]},{\"@type\":\"BreadcrumbList\",\"@id\":\"https:\/\/experienciadevida.com.ar\/portalurbano\/en-olavarria-se-manifestaron-por-el-ajuste-en-discapacidad\/#breadcrumb\",\"itemListElement\":[{\"@type\":\"ListItem\",\"position\":1,\"name\":\"Portada\",\"item\":\"https:\/\/experienciadevida.com.ar\/portalurbano\/\"},{\"@type\":\"ListItem\",\"position\":2,\"name\":\"En Olavarr\u00eda se manifestaron por el ajuste en discapacidad\"}]},{\"@type\":\"WebSite\",\"@id\":\"https:\/\/experienciadevida.com.ar\/portalurbano\/#website\",\"url\":\"https:\/\/experienciadevida.com.ar\/portalurbano\/\",\"name\":\"\",\"description\":\"\",\"publisher\":{\"@id\":\"https:\/\/experienciadevida.com.ar\/portalurbano\/#organization\"},\"potentialAction\":[{\"@type\":\"SearchAction\",\"target\":{\"@type\":\"EntryPoint\",\"urlTemplate\":\"https:\/\/experienciadevida.com.ar\/portalurbano\/?s={search_term_string}\"},\"query-input\":\"required name=search_term_string\"}],\"inLanguage\":\"es\"},{\"@type\":\"Organization\",\"@id\":\"https:\/\/experienciadevida.com.ar\/portalurbano\/#organization\",\"name\":\"Portal Urbano\",\"url\":\"https:\/\/experienciadevida.com.ar\/portalurbano\/\",\"logo\":{\"@type\":\"ImageObject\",\"inLanguage\":\"es\",\"@id\":\"https:\/\/experienciadevida.com.ar\/portalurbano\/#\/schema\/logo\/image\/\",\"url\":\"https:\/\/experienciadevida.com.ar\/portalurbano\/wp-content\/uploads\/2019\/09\/Logo-Original.png\",\"contentUrl\":\"https:\/\/experienciadevida.com.ar\/portalurbano\/wp-content\/uploads\/2019\/09\/Logo-Original.png\",\"width\":2236,\"height\":1216,\"caption\":\"Portal Urbano\"},\"image\":{\"@id\":\"https:\/\/experienciadevida.com.ar\/portalurbano\/#\/schema\/logo\/image\/\"},\"sameAs\":[\"https:\/\/www.facebook.com\/Portal-Urbano-171542830093757\/\",\"https:\/\/twitter.com\/portalurbanook\",\"https:\/\/www.instagram.com\/_portalurbano\/\",\"https:\/\/www.youtube.com\/channel\/UCXhagIfszH8KxFiOok79zbA?view_as=subscriber\"]},{\"@type\":\"Person\",\"@id\":\"https:\/\/experienciadevida.com.ar\/portalurbano\/#\/schema\/person\/02dd326b1c4b056e9cc972486934a3a7\",\"name\":\"admpu17wp\",\"image\":{\"@type\":\"ImageObject\",\"inLanguage\":\"es\",\"@id\":\"https:\/\/experienciadevida.com.ar\/portalurbano\/#\/schema\/person\/image\/\",\"url\":\"https:\/\/secure.gravatar.com\/avatar\/830d4c57adaae6630765e449a6908047?s=96&d=mm&r=g\",\"contentUrl\":\"https:\/\/secure.gravatar.com\/avatar\/830d4c57adaae6630765e449a6908047?s=96&d=mm&r=g\",\"caption\":\"admpu17wp\"}}]}<\/script>\n<!-- \/ Yoast SEO plugin. -->","yoast_head_json":{"title":"En Olavarr\u00eda se manifestaron por el ajuste en discapacidad","description":"En Olavarr\u00eda se manifestaron por el ajuste en discapacidad, sucedi\u00f3 en la jornada de este martes, en la plaza central,","robots":{"index":"index","follow":"follow","max-snippet":"max-snippet:-1","max-image-preview":"max-image-preview:large","max-video-preview":"max-video-preview:-1"},"canonical":"https:\/\/experienciadevida.com.ar\/portalurbano\/en-olavarria-se-manifestaron-por-el-ajuste-en-discapacidad\/","og_locale":"es_ES","og_type":"article","og_title":"En Olavarr\u00eda se manifestaron por el ajuste en discapacidad","og_description":"En Olavarr\u00eda se manifestaron por el ajuste en discapacidad, sucedi\u00f3 en la jornada de este martes, en la plaza central,","og_url":"https:\/\/experienciadevida.com.ar\/portalurbano\/en-olavarria-se-manifestaron-por-el-ajuste-en-discapacidad\/","article_publisher":"https:\/\/www.facebook.com\/Portal-Urbano-171542830093757\/","article_published_time":"2022-08-31T02:31:15+00:00","article_modified_time":"2022-08-31T03:15:29+00:00","og_image":[{"width":765,"height":510,"url":"https:\/\/experienciadevida.com.ar\/portalurbano\/wp-content\/uploads\/2022\/08\/En-Olavarria-se-manifestaron.jpg","type":"image\/jpeg"}],"author":"admpu17wp","twitter_card":"summary_large_image","twitter_creator":"@portalurbanook","twitter_site":"@portalurbanook","twitter_misc":{"Escrito por":"admpu17wp","Tiempo de lectura":"4 minutos"},"schema":{"@context":"https:\/\/schema.org","@graph":[{"@type":"Article","@id":"https:\/\/experienciadevida.com.ar\/portalurbano\/en-olavarria-se-manifestaron-por-el-ajuste-en-discapacidad\/#article","isPartOf":{"@id":"https:\/\/experienciadevida.com.ar\/portalurbano\/en-olavarria-se-manifestaron-por-el-ajuste-en-discapacidad\/"},"author":{"name":"admpu17wp","@id":"https:\/\/experienciadevida.com.ar\/portalurbano\/#\/schema\/person\/02dd326b1c4b056e9cc972486934a3a7"},"headline":"En Olavarr\u00eda se manifestaron por el ajuste en discapacidad","datePublished":"2022-08-31T02:31:15+00:00","dateModified":"2022-08-31T03:15:29+00:00","mainEntityOfPage":{"@id":"https:\/\/experienciadevida.com.ar\/portalurbano\/en-olavarria-se-manifestaron-por-el-ajuste-en-discapacidad\/"},"wordCount":342,"publisher":{"@id":"https:\/\/experienciadevida.com.ar\/portalurbano\/#organization"},"articleSection":["Ciudad","Destacadas"],"inLanguage":"es"},{"@type":"WebPage","@id":"https:\/\/experienciadevida.com.ar\/portalurbano\/en-olavarria-se-manifestaron-por-el-ajuste-en-discapacidad\/","url":"https:\/\/experienciadevida.com.ar\/portalurbano\/en-olavarria-se-manifestaron-por-el-ajuste-en-discapacidad\/","name":"En Olavarr\u00eda se manifestaron por el ajuste en discapacidad","isPartOf":{"@id":"https:\/\/experienciadevida.com.ar\/portalurbano\/#website"},"datePublished":"2022-08-31T02:31:15+00:00","dateModified":"2022-08-31T03:15:29+00:00","description":"En Olavarr\u00eda se manifestaron por el ajuste en discapacidad, sucedi\u00f3 en la jornada de este martes, en la plaza central,","breadcrumb":{"@id":"https:\/\/experienciadevida.com.ar\/portalurbano\/en-olavarria-se-manifestaron-por-el-ajuste-en-discapacidad\/#breadcrumb"},"inLanguage":"es","potentialAction":[{"@type":"ReadAction","target":["https:\/\/experienciadevida.com.ar\/portalurbano\/en-olavarria-se-manifestaron-por-el-ajuste-en-discapacidad\/"]}]},{"@type":"BreadcrumbList","@id":"https:\/\/experienciadevida.com.ar\/portalurbano\/en-olavarria-se-manifestaron-por-el-ajuste-en-discapacidad\/#breadcrumb","itemListElement":[{"@type":"ListItem","position":1,"name":"Portada","item":"https:\/\/experienciadevida.com.ar\/portalurbano\/"},{"@type":"ListItem","position":2,"name":"En Olavarr\u00eda se manifestaron por el ajuste en discapacidad"}]},{"@type":"WebSite","@id":"https:\/\/experienciadevida.com.ar\/portalurbano\/#website","url":"https:\/\/experienciadevida.com.ar\/portalurbano\/","name":"","description":"","publisher":{"@id":"https:\/\/experienciadevida.com.ar\/portalurbano\/#organization"},"potentialAction":[{"@type":"SearchAction","target":{"@type":"EntryPoint","urlTemplate":"https:\/\/experienciadevida.com.ar\/portalurbano\/?s={search_term_string}"},"query-input":"required name=search_term_string"}],"inLanguage":"es"},{"@type":"Organization","@id":"https:\/\/experienciadevida.com.ar\/portalurbano\/#organization","name":"Portal Urbano","url":"https:\/\/experienciadevida.com.ar\/portalurbano\/","logo":{"@type":"ImageObject","inLanguage":"es","@id":"https:\/\/experienciadevida.com.ar\/portalurbano\/#\/schema\/logo\/image\/","url":"https:\/\/experienciadevida.com.ar\/portalurbano\/wp-content\/uploads\/2019\/09\/Logo-Original.png","contentUrl":"https:\/\/experienciadevida.com.ar\/portalurbano\/wp-content\/uploads\/2019\/09\/Logo-Original.png","width":2236,"height":1216,"caption":"Portal Urbano"},"image":{"@id":"https:\/\/experienciadevida.com.ar\/portalurbano\/#\/schema\/logo\/image\/"},"sameAs":["https:\/\/www.facebook.com\/Portal-Urbano-171542830093757\/","https:\/\/twitter.com\/portalurbanook","https:\/\/www.instagram.com\/_portalurbano\/","https:\/\/www.youtube.com\/channel\/UCXhagIfszH8KxFiOok79zbA?view_as=subscriber"]},{"@type":"Person","@id":"https:\/\/experienciadevida.com.ar\/portalurbano\/#\/schema\/person\/02dd326b1c4b056e9cc972486934a3a7","name":"admpu17wp","image":{"@type":"ImageObject","inLanguage":"es","@id":"https:\/\/experienciadevida.com.ar\/portalurbano\/#\/schema\/person\/image\/","url":"https:\/\/secure.gravatar.com\/avatar\/830d4c57adaae6630765e449a6908047?s=96&d=mm&r=g","contentUrl":"https:\/\/secure.gravatar.com\/avatar\/830d4c57adaae6630765e449a6908047?s=96&d=mm&r=g","caption":"admpu17wp"}}]}},"featured_image_urls":{"full":["https:\/\/experienciadevida.com.ar\/portalurbano\/wp-content\/uploads\/2022\/08\/En-Olavarria-se-manifestaron.jpg",765,510,false],"thumbnail":["https:\/\/experienciadevida.com.ar\/portalurbano\/wp-content\/uploads\/2022\/08\/En-Olavarria-se-manifestaron-150x150.jpg",150,150,true],"medium":["https:\/\/experienciadevida.com.ar\/portalurbano\/wp-content\/uploads\/2022\/08\/En-Olavarria-se-manifestaron-300x200.jpg",300,200,true],"medium_large":["https:\/\/experienciadevida.com.ar\/portalurbano\/wp-content\/uploads\/2022\/08\/En-Olavarria-se-manifestaron.jpg",640,427,false],"large":["https:\/\/experienciadevida.com.ar\/portalurbano\/wp-content\/uploads\/2022\/08\/En-Olavarria-se-manifestaron.jpg",640,427,false],"ug_big":["https:\/\/experienciadevida.com.ar\/portalurbano\/wp-content\/uploads\/2022\/08\/En-Olavarria-se-manifestaron.jpg",765,510,false],"1536x1536":["https:\/\/experienciadevida.com.ar\/portalurbano\/wp-content\/uploads\/2022\/08\/En-Olavarria-se-manifestaron.jpg",765,510,false],"2048x2048":["https:\/\/experienciadevida.com.ar\/portalurbano\/wp-content\/uploads\/2022\/08\/En-Olavarria-se-manifestaron.jpg",765,510,false],"newsever-slider-full":["https:\/\/experienciadevida.com.ar\/portalurbano\/wp-content\/uploads\/2022\/08\/En-Olavarria-se-manifestaron.jpg",765,510,false],"newsever-featured":["https:\/\/experienciadevida.com.ar\/portalurbano\/wp-content\/uploads\/2022\/08\/En-Olavarria-se-manifestaron.jpg",765,510,false],"newsever-medium":["https:\/\/experienciadevida.com.ar\/portalurbano\/wp-content\/uploads\/2022\/08\/En-Olavarria-se-manifestaron.jpg",713,475,false],"web-stories-poster-portrait":["https:\/\/experienciadevida.com.ar\/portalurbano\/wp-content\/uploads\/2022\/08\/En-Olavarria-se-manifestaron-640x510.jpg",640,510,true],"web-stories-publisher-logo":["https:\/\/experienciadevida.com.ar\/portalurbano\/wp-content\/uploads\/2022\/08\/En-Olavarria-se-manifestaron-96x96.jpg",96,96,true],"web-stories-thumbnail":["https:\/\/experienciadevida.com.ar\/portalurbano\/wp-content\/uploads\/2022\/08\/En-Olavarria-se-manifestaron-150x100.jpg",150,100,true]},"author_info":{"display_name":"admpu17wp","author_link":"https:\/\/experienciadevida.com.ar\/portalurbano\/author\/admpu17wp\/"},"category_info":"<a href=\"https:\/\/experienciadevida.com.ar\/portalurbano\/category\/ciudad\/\" rel=\"category tag\">Ciudad<\/a> <a href=\"https:\/\/experienciadevida.com.ar\/portalurbano\/category\/destacadas\/\" rel=\"category tag\">Destacadas<\/a>","tag_info":"Destacadas","comment_count":"0","amp_enabled":true,"_links":{"self":[{"href":"https:\/\/experienciadevida.com.ar\/portalurbano\/wp-json\/wp\/v2\/posts\/174436"}],"collection":[{"href":"https:\/\/experienciadevida.com.ar\/portalurbano\/wp-json\/wp\/v2\/posts"}],"about":[{"href":"https:\/\/experienciadevida.com.ar\/portalurbano\/wp-json\/wp\/v2\/types\/post"}],"author":[{"embeddable":true,"href":"https:\/\/experienciadevida.com.ar\/portalurbano\/wp-json\/wp\/v2\/users\/1"}],"replies":[{"embeddable":true,"href":"https:\/\/experienciadevida.com.ar\/portalurbano\/wp-json\/wp\/v2\/comments?post=174436"}],"version-history":[{"count":7,"href":"https:\/\/experienciadevida.com.ar\/portalurbano\/wp-json\/wp\/v2\/posts\/174436\/revisions"}],"predecessor-version":[{"id":174462,"href":"https:\/\/experienciadevida.com.ar\/portalurbano\/wp-json\/wp\/v2\/posts\/174436\/revisions\/174462"}],"wp:featuredmedia":[{"embeddable":true,"href":"https:\/\/experienciadevida.com.ar\/portalurbano\/wp-json\/wp\/v2\/media\/174445"}],"wp:attachment":[{"href":"https:\/\/experienciadevida.com.ar\/portalurbano\/wp-json\/wp\/v2\/media?parent=174436"}],"wp:term":[{"taxonomy":"category","embeddable":true,"href":"https:\/\/experienciadevida.com.ar\/portalurbano\/wp-json\/wp\/v2\/categories?post=174436"},{"taxonomy":"post_tag","embeddable":true,"href":"https:\/\/experienciadevida.com.ar\/portalurbano\/wp-json\/wp\/v2\/tags?post=174436"}],"curies":[{"name":"wp","href":"https:\/\/api.w.org\/{rel}","templated":true}]}}