{"id":174427,"date":"2022-08-30T17:30:33","date_gmt":"2022-08-30T20:30:33","guid":{"rendered":"https:\/\/experienciadevida.com.ar\/portalurbano\/?p=174427"},"modified":"2022-08-31T00:16:37","modified_gmt":"2022-08-31T03:16:37","slug":"una-jornada-dedicada-a-la-memoria-y-la-investigacion-de-malvinas","status":"publish","type":"post","link":"https:\/\/experienciadevida.com.ar\/portalurbano\/una-jornada-dedicada-a-la-memoria-y-la-investigacion-de-malvinas\/","title":{"rendered":"Una jornada dedicada a la memoria y la investigaci\u00f3n de Malvinas"},"content":{"rendered":"<p>Una jornada dedicada a la memoria y la investigaci\u00f3n de Malvinas, el Lic. Sebasti\u00e1n \u00c1vila y el Dr. Carlos Landa, integrantes del Equipo Arqueolog\u00eda Memoria de Malvinas (EAAM) participaron de una serie de actividades enmarcadas en los 40 a\u00f1os de la Guerra de Malvinas que fueron organizadas por la <a href=\"https:\/\/www.facebook.com\/facultadcienciassociales.unicen\">Facultad de Ciencias Sociales.<\/a><\/p>\n<p><a href=\"https:\/\/experienciadevida.com.ar\/portalurbano\/una-jornada-dedicada-a-la-memoria-y-la-investigacion-de-malvinas\/una-3\/\" rel=\"attachment wp-att-174429\"><img decoding=\"async\" class=\"alignnone size-large wp-image-174429\" src=\"https:\/\/experienciadevida.com.ar\/portalurbano\/wp-content\/uploads\/2022\/08\/Una-2-1024x602.jpg\" alt=\"Una \" width=\"900\" height=\"529\" srcset=\"https:\/\/experienciadevida.com.ar\/portalurbano\/wp-content\/uploads\/2022\/08\/Una-2-1024x602.jpg 1024w, https:\/\/experienciadevida.com.ar\/portalurbano\/wp-content\/uploads\/2022\/08\/Una-2-300x176.jpg 300w, https:\/\/experienciadevida.com.ar\/portalurbano\/wp-content\/uploads\/2022\/08\/Una-2-768x452.jpg 768w, https:\/\/experienciadevida.com.ar\/portalurbano\/wp-content\/uploads\/2022\/08\/Una-2-150x88.jpg 150w, https:\/\/experienciadevida.com.ar\/portalurbano\/wp-content\/uploads\/2022\/08\/Una-2.jpg 1430w\" sizes=\"(max-width: 900px) 100vw, 900px\" \/><\/a><\/p>\n<p>A lo largo de la jornada del lunes 29 de agosto se llevaron adelante distintas propuestas destinadas a investigadores\/as y al p\u00fablico en general, que compartieron la tem\u00e1tica de la Guerra de Malvinas.<\/p>\n<p>Una de las actividades principales fue la charla abierta \u201cHacia una arqueolog\u00eda de la Guerra de Malvinas\u201d, en la que participaron arque\u00f3logos\/as, estudiantes e investigadoras\/es de la Facultad de Ciencias Sociales, junto con p\u00fablico externo y veteranos de Guerra de Malvinas. La misma fue organizada por el Departamento de Arqueolog\u00eda y la Secretar\u00eda de Extensi\u00f3n, Bienestar y Transferencia de FACSO. La apertura estuvo a cargo del Lic. Nicol\u00e1s Casado, Secretario de Extensi\u00f3n de la unidad acad\u00e9mica, y la Dra. Gabriela Chaparro.<\/p>\n<p>En el encuentro, el Lic. \u00c1vila y el Dr. Landa describieron las caracter\u00edsticas de la investigaci\u00f3n que llevan adelante en el proyecto \u201cMalvinas, objetos portadores de memoria\u201d del EAMM. En el mismo un equipo interdisciplinar conformado por arque\u00f3logos\/as, historiadores\/as y documentalistas trabajan en torno a la interacci\u00f3n entre los sujetos -con sus gestos y sus testimonios- y los objetos, observando la capacidad de esa relaci\u00f3n para recuperar memorias sobre la guerra.<\/p>\n<p>El mismo propone un abordaje antropol\u00f3gico con un marco y enfoque te\u00f3rico desarrollados por la arqueolog\u00eda, que asume a los objetos como portadores de memoria e indaga en la interacci\u00f3n entre los Veteranos y la cultura material.<\/p>\n<p>Relataron, adem\u00e1s, que actualmente avanzan con un proyecto que les permitir\u00eda viajar al archipi\u00e9lago para realizar an\u00e1lisis arqueol\u00f3gicos no intrusivos, vinculados a la observaci\u00f3n, estudios de mapeo, entre otros.<\/p>\n<p>En este contexto, los integrantes del Equipo Arqueolog\u00eda Memoria de Malvinas adem\u00e1s entrevistaron en la Facultad de Ciencias Sociales a dos ex combatientes de Malvinas: Haroldo Duhau y Ra\u00fal Torrecilla. El registro audiovisual estuvo a cargo de la Productora Audiovisual FACSO Producciones.<\/p>\n<p>Presentaci\u00f3n de \u201cOvejas\u201d<\/p>\n<p>Mientras tanto, la Biblioteca Popular \u201cCrucero General Belgrano\u201d fue sede de la presentaci\u00f3n de la obra \u201cOvejas\u201d, primera novela del Lic. \u00c1vila, y ganadora del Premio Futurock Novela 2021. El autor estuvo acompa\u00f1ado por el escritor Mat\u00edas Verna.<\/p>\n<p>La novela est\u00e1 situada en un faro en las Islas Malvinas y narra el devenir de una patrulla perdida en circunstancias que no quedan del todo claras.<\/p>\n<p>Tal como relat\u00f3 el autor a lo largo de la presentaci\u00f3n, conocer lo que sucede y sucedi\u00f3 en las Islas Malvinas es una tem\u00e1tica que persigue desde hace muchos a\u00f1os, tanto desde sus trabajos acad\u00e9micos como en sus ficciones, ya sea en Ovejas como en cuentos y poemas.<\/p>\n<p>En el c\u00e1lido encuentro participaron lectores de \u00c1vila, veteranos de Malvinas y la comunidad en general.<\/p>\n<p>La actividad fue organizada por la Facultad de Ciencias Sociales junto a la Biblioteca Popular \u201cCrucero General Belgrano\u201d, con el auspicio de Coopelectric y el Centro Empleados de Comercio Olavarr\u00eda (CECO).<\/p>\n","protected":false},"excerpt":{"rendered":"<p>Una jornada dedicada a la memoria y la investigaci\u00f3n de Malvinas, el Lic. Sebasti\u00e1n \u00c1vila&#8230;<\/p>\n","protected":false},"author":1,"featured_media":174428,"comment_status":"closed","ping_status":"closed","sticky":false,"template":"","format":"standard","meta":{"content-type":""},"categories":[27,64],"tags":[],"nelio_content":{"isAutoShareEnabled":false,"autoShareEndMode":"default","automationSources":{"useContentSentences":true,"useSocialTemplates":true,"useCustomSentences":false,"customSentences":[]},"followers":[1],"suggestedReferences":[],"includedReferences":[],"efiUrl":"","efiAlt":"","highlights":[]},"yoast_head":"<!-- This site is optimized with the Yoast SEO plugin v20.7 - https:\/\/yoast.com\/wordpress\/plugins\/seo\/ -->\n<title>Una jornada dedicada a la memoria y la investigaci\u00f3n de Malvinas<\/title>\n<meta name=\"description\" content=\"Una jornada dedicada a la memoria y la investigaci\u00f3n de Malvinas, el Lic. Sebasti\u00e1n \u00c1vila y el Dr. Carlos Landa, integrantes del Equipo\" \/>\n<meta name=\"robots\" content=\"index, follow, max-snippet:-1, max-image-preview:large, max-video-preview:-1\" \/>\n<link rel=\"canonical\" href=\"https:\/\/experienciadevida.com.ar\/portalurbano\/una-jornada-dedicada-a-la-memoria-y-la-investigacion-de-malvinas\/\" \/>\n<meta property=\"og:locale\" content=\"es_ES\" \/>\n<meta property=\"og:type\" content=\"article\" \/>\n<meta property=\"og:title\" content=\"Una jornada dedicada a la memoria y la investigaci\u00f3n de Malvinas\" \/>\n<meta property=\"og:description\" content=\"Una jornada dedicada a la memoria y la investigaci\u00f3n de Malvinas, el Lic. Sebasti\u00e1n \u00c1vila y el Dr. Carlos Landa, integrantes del Equipo\" \/>\n<meta property=\"og:url\" content=\"https:\/\/experienciadevida.com.ar\/portalurbano\/una-jornada-dedicada-a-la-memoria-y-la-investigacion-de-malvinas\/\" \/>\n<meta property=\"article:publisher\" content=\"https:\/\/www.facebook.com\/Portal-Urbano-171542830093757\/\" \/>\n<meta property=\"article:published_time\" content=\"2022-08-30T20:30:33+00:00\" \/>\n<meta property=\"article:modified_time\" content=\"2022-08-31T03:16:37+00:00\" \/>\n<meta property=\"og:image\" content=\"https:\/\/experienciadevida.com.ar\/portalurbano\/wp-content\/uploads\/2022\/08\/Una-jornada-dedicada-a.jpg\" \/>\n\t<meta property=\"og:image:width\" content=\"1425\" \/>\n\t<meta property=\"og:image:height\" content=\"838\" \/>\n\t<meta property=\"og:image:type\" content=\"image\/jpeg\" \/>\n<meta name=\"author\" content=\"admpu17wp\" \/>\n<meta name=\"twitter:card\" content=\"summary_large_image\" \/>\n<meta name=\"twitter:creator\" content=\"@portalurbanook\" \/>\n<meta name=\"twitter:site\" content=\"@portalurbanook\" \/>\n<meta name=\"twitter:label1\" content=\"Escrito por\" \/>\n\t<meta name=\"twitter:data1\" content=\"admpu17wp\" \/>\n\t<meta name=\"twitter:label2\" content=\"Tiempo de lectura\" \/>\n\t<meta name=\"twitter:data2\" content=\"3 minutos\" \/>\n<script type=\"application\/ld+json\" class=\"yoast-schema-graph\">{\"@context\":\"https:\/\/schema.org\",\"@graph\":[{\"@type\":\"Article\",\"@id\":\"https:\/\/experienciadevida.com.ar\/portalurbano\/una-jornada-dedicada-a-la-memoria-y-la-investigacion-de-malvinas\/#article\",\"isPartOf\":{\"@id\":\"https:\/\/experienciadevida.com.ar\/portalurbano\/una-jornada-dedicada-a-la-memoria-y-la-investigacion-de-malvinas\/\"},\"author\":{\"name\":\"admpu17wp\",\"@id\":\"https:\/\/experienciadevida.com.ar\/portalurbano\/#\/schema\/person\/02dd326b1c4b056e9cc972486934a3a7\"},\"headline\":\"Una jornada dedicada a la memoria y la investigaci\u00f3n de Malvinas\",\"datePublished\":\"2022-08-30T20:30:33+00:00\",\"dateModified\":\"2022-08-31T03:16:37+00:00\",\"mainEntityOfPage\":{\"@id\":\"https:\/\/experienciadevida.com.ar\/portalurbano\/una-jornada-dedicada-a-la-memoria-y-la-investigacion-de-malvinas\/\"},\"wordCount\":566,\"publisher\":{\"@id\":\"https:\/\/experienciadevida.com.ar\/portalurbano\/#organization\"},\"articleSection\":[\"Ciudad\",\"Destacadas 2\"],\"inLanguage\":\"es\"},{\"@type\":\"WebPage\",\"@id\":\"https:\/\/experienciadevida.com.ar\/portalurbano\/una-jornada-dedicada-a-la-memoria-y-la-investigacion-de-malvinas\/\",\"url\":\"https:\/\/experienciadevida.com.ar\/portalurbano\/una-jornada-dedicada-a-la-memoria-y-la-investigacion-de-malvinas\/\",\"name\":\"Una jornada dedicada a la memoria y la investigaci\u00f3n de Malvinas\",\"isPartOf\":{\"@id\":\"https:\/\/experienciadevida.com.ar\/portalurbano\/#website\"},\"datePublished\":\"2022-08-30T20:30:33+00:00\",\"dateModified\":\"2022-08-31T03:16:37+00:00\",\"description\":\"Una jornada dedicada a la memoria y la investigaci\u00f3n de Malvinas, el Lic. Sebasti\u00e1n \u00c1vila y el Dr. Carlos Landa, integrantes del Equipo\",\"breadcrumb\":{\"@id\":\"https:\/\/experienciadevida.com.ar\/portalurbano\/una-jornada-dedicada-a-la-memoria-y-la-investigacion-de-malvinas\/#breadcrumb\"},\"inLanguage\":\"es\",\"potentialAction\":[{\"@type\":\"ReadAction\",\"target\":[\"https:\/\/experienciadevida.com.ar\/portalurbano\/una-jornada-dedicada-a-la-memoria-y-la-investigacion-de-malvinas\/\"]}]},{\"@type\":\"BreadcrumbList\",\"@id\":\"https:\/\/experienciadevida.com.ar\/portalurbano\/una-jornada-dedicada-a-la-memoria-y-la-investigacion-de-malvinas\/#breadcrumb\",\"itemListElement\":[{\"@type\":\"ListItem\",\"position\":1,\"name\":\"Portada\",\"item\":\"https:\/\/experienciadevida.com.ar\/portalurbano\/\"},{\"@type\":\"ListItem\",\"position\":2,\"name\":\"Una jornada dedicada a la memoria y la investigaci\u00f3n de Malvinas\"}]},{\"@type\":\"WebSite\",\"@id\":\"https:\/\/experienciadevida.com.ar\/portalurbano\/#website\",\"url\":\"https:\/\/experienciadevida.com.ar\/portalurbano\/\",\"name\":\"\",\"description\":\"\",\"publisher\":{\"@id\":\"https:\/\/experienciadevida.com.ar\/portalurbano\/#organization\"},\"potentialAction\":[{\"@type\":\"SearchAction\",\"target\":{\"@type\":\"EntryPoint\",\"urlTemplate\":\"https:\/\/experienciadevida.com.ar\/portalurbano\/?s={search_term_string}\"},\"query-input\":\"required name=search_term_string\"}],\"inLanguage\":\"es\"},{\"@type\":\"Organization\",\"@id\":\"https:\/\/experienciadevida.com.ar\/portalurbano\/#organization\",\"name\":\"Portal Urbano\",\"url\":\"https:\/\/experienciadevida.com.ar\/portalurbano\/\",\"logo\":{\"@type\":\"ImageObject\",\"inLanguage\":\"es\",\"@id\":\"https:\/\/experienciadevida.com.ar\/portalurbano\/#\/schema\/logo\/image\/\",\"url\":\"https:\/\/experienciadevida.com.ar\/portalurbano\/wp-content\/uploads\/2019\/09\/Logo-Original.png\",\"contentUrl\":\"https:\/\/experienciadevida.com.ar\/portalurbano\/wp-content\/uploads\/2019\/09\/Logo-Original.png\",\"width\":2236,\"height\":1216,\"caption\":\"Portal Urbano\"},\"image\":{\"@id\":\"https:\/\/experienciadevida.com.ar\/portalurbano\/#\/schema\/logo\/image\/\"},\"sameAs\":[\"https:\/\/www.facebook.com\/Portal-Urbano-171542830093757\/\",\"https:\/\/twitter.com\/portalurbanook\",\"https:\/\/www.instagram.com\/_portalurbano\/\",\"https:\/\/www.youtube.com\/channel\/UCXhagIfszH8KxFiOok79zbA?view_as=subscriber\"]},{\"@type\":\"Person\",\"@id\":\"https:\/\/experienciadevida.com.ar\/portalurbano\/#\/schema\/person\/02dd326b1c4b056e9cc972486934a3a7\",\"name\":\"admpu17wp\",\"image\":{\"@type\":\"ImageObject\",\"inLanguage\":\"es\",\"@id\":\"https:\/\/experienciadevida.com.ar\/portalurbano\/#\/schema\/person\/image\/\",\"url\":\"https:\/\/secure.gravatar.com\/avatar\/830d4c57adaae6630765e449a6908047?s=96&d=mm&r=g\",\"contentUrl\":\"https:\/\/secure.gravatar.com\/avatar\/830d4c57adaae6630765e449a6908047?s=96&d=mm&r=g\",\"caption\":\"admpu17wp\"}}]}<\/script>\n<!-- \/ Yoast SEO plugin. -->","yoast_head_json":{"title":"Una jornada dedicada a la memoria y la investigaci\u00f3n de Malvinas","description":"Una jornada dedicada a la memoria y la investigaci\u00f3n de Malvinas, el Lic. Sebasti\u00e1n \u00c1vila y el Dr. Carlos Landa, integrantes del Equipo","robots":{"index":"index","follow":"follow","max-snippet":"max-snippet:-1","max-image-preview":"max-image-preview:large","max-video-preview":"max-video-preview:-1"},"canonical":"https:\/\/experienciadevida.com.ar\/portalurbano\/una-jornada-dedicada-a-la-memoria-y-la-investigacion-de-malvinas\/","og_locale":"es_ES","og_type":"article","og_title":"Una jornada dedicada a la memoria y la investigaci\u00f3n de Malvinas","og_description":"Una jornada dedicada a la memoria y la investigaci\u00f3n de Malvinas, el Lic. Sebasti\u00e1n \u00c1vila y el Dr. Carlos Landa, integrantes del Equipo","og_url":"https:\/\/experienciadevida.com.ar\/portalurbano\/una-jornada-dedicada-a-la-memoria-y-la-investigacion-de-malvinas\/","article_publisher":"https:\/\/www.facebook.com\/Portal-Urbano-171542830093757\/","article_published_time":"2022-08-30T20:30:33+00:00","article_modified_time":"2022-08-31T03:16:37+00:00","og_image":[{"width":1425,"height":838,"url":"https:\/\/experienciadevida.com.ar\/portalurbano\/wp-content\/uploads\/2022\/08\/Una-jornada-dedicada-a.jpg","type":"image\/jpeg"}],"author":"admpu17wp","twitter_card":"summary_large_image","twitter_creator":"@portalurbanook","twitter_site":"@portalurbanook","twitter_misc":{"Escrito por":"admpu17wp","Tiempo de lectura":"3 minutos"},"schema":{"@context":"https:\/\/schema.org","@graph":[{"@type":"Article","@id":"https:\/\/experienciadevida.com.ar\/portalurbano\/una-jornada-dedicada-a-la-memoria-y-la-investigacion-de-malvinas\/#article","isPartOf":{"@id":"https:\/\/experienciadevida.com.ar\/portalurbano\/una-jornada-dedicada-a-la-memoria-y-la-investigacion-de-malvinas\/"},"author":{"name":"admpu17wp","@id":"https:\/\/experienciadevida.com.ar\/portalurbano\/#\/schema\/person\/02dd326b1c4b056e9cc972486934a3a7"},"headline":"Una jornada dedicada a la memoria y la investigaci\u00f3n de Malvinas","datePublished":"2022-08-30T20:30:33+00:00","dateModified":"2022-08-31T03:16:37+00:00","mainEntityOfPage":{"@id":"https:\/\/experienciadevida.com.ar\/portalurbano\/una-jornada-dedicada-a-la-memoria-y-la-investigacion-de-malvinas\/"},"wordCount":566,"publisher":{"@id":"https:\/\/experienciadevida.com.ar\/portalurbano\/#organization"},"articleSection":["Ciudad","Destacadas 2"],"inLanguage":"es"},{"@type":"WebPage","@id":"https:\/\/experienciadevida.com.ar\/portalurbano\/una-jornada-dedicada-a-la-memoria-y-la-investigacion-de-malvinas\/","url":"https:\/\/experienciadevida.com.ar\/portalurbano\/una-jornada-dedicada-a-la-memoria-y-la-investigacion-de-malvinas\/","name":"Una jornada dedicada a la memoria y la investigaci\u00f3n de Malvinas","isPartOf":{"@id":"https:\/\/experienciadevida.com.ar\/portalurbano\/#website"},"datePublished":"2022-08-30T20:30:33+00:00","dateModified":"2022-08-31T03:16:37+00:00","description":"Una jornada dedicada a la memoria y la investigaci\u00f3n de Malvinas, el Lic. Sebasti\u00e1n \u00c1vila y el Dr. Carlos Landa, integrantes del Equipo","breadcrumb":{"@id":"https:\/\/experienciadevida.com.ar\/portalurbano\/una-jornada-dedicada-a-la-memoria-y-la-investigacion-de-malvinas\/#breadcrumb"},"inLanguage":"es","potentialAction":[{"@type":"ReadAction","target":["https:\/\/experienciadevida.com.ar\/portalurbano\/una-jornada-dedicada-a-la-memoria-y-la-investigacion-de-malvinas\/"]}]},{"@type":"BreadcrumbList","@id":"https:\/\/experienciadevida.com.ar\/portalurbano\/una-jornada-dedicada-a-la-memoria-y-la-investigacion-de-malvinas\/#breadcrumb","itemListElement":[{"@type":"ListItem","position":1,"name":"Portada","item":"https:\/\/experienciadevida.com.ar\/portalurbano\/"},{"@type":"ListItem","position":2,"name":"Una jornada dedicada a la memoria y la investigaci\u00f3n de Malvinas"}]},{"@type":"WebSite","@id":"https:\/\/experienciadevida.com.ar\/portalurbano\/#website","url":"https:\/\/experienciadevida.com.ar\/portalurbano\/","name":"","description":"","publisher":{"@id":"https:\/\/experienciadevida.com.ar\/portalurbano\/#organization"},"potentialAction":[{"@type":"SearchAction","target":{"@type":"EntryPoint","urlTemplate":"https:\/\/experienciadevida.com.ar\/portalurbano\/?s={search_term_string}"},"query-input":"required name=search_term_string"}],"inLanguage":"es"},{"@type":"Organization","@id":"https:\/\/experienciadevida.com.ar\/portalurbano\/#organization","name":"Portal Urbano","url":"https:\/\/experienciadevida.com.ar\/portalurbano\/","logo":{"@type":"ImageObject","inLanguage":"es","@id":"https:\/\/experienciadevida.com.ar\/portalurbano\/#\/schema\/logo\/image\/","url":"https:\/\/experienciadevida.com.ar\/portalurbano\/wp-content\/uploads\/2019\/09\/Logo-Original.png","contentUrl":"https:\/\/experienciadevida.com.ar\/portalurbano\/wp-content\/uploads\/2019\/09\/Logo-Original.png","width":2236,"height":1216,"caption":"Portal Urbano"},"image":{"@id":"https:\/\/experienciadevida.com.ar\/portalurbano\/#\/schema\/logo\/image\/"},"sameAs":["https:\/\/www.facebook.com\/Portal-Urbano-171542830093757\/","https:\/\/twitter.com\/portalurbanook","https:\/\/www.instagram.com\/_portalurbano\/","https:\/\/www.youtube.com\/channel\/UCXhagIfszH8KxFiOok79zbA?view_as=subscriber"]},{"@type":"Person","@id":"https:\/\/experienciadevida.com.ar\/portalurbano\/#\/schema\/person\/02dd326b1c4b056e9cc972486934a3a7","name":"admpu17wp","image":{"@type":"ImageObject","inLanguage":"es","@id":"https:\/\/experienciadevida.com.ar\/portalurbano\/#\/schema\/person\/image\/","url":"https:\/\/secure.gravatar.com\/avatar\/830d4c57adaae6630765e449a6908047?s=96&d=mm&r=g","contentUrl":"https:\/\/secure.gravatar.com\/avatar\/830d4c57adaae6630765e449a6908047?s=96&d=mm&r=g","caption":"admpu17wp"}}]}},"featured_image_urls":{"full":["https:\/\/experienciadevida.com.ar\/portalurbano\/wp-content\/uploads\/2022\/08\/Una-jornada-dedicada-a.jpg",1425,838,false],"thumbnail":["https:\/\/experienciadevida.com.ar\/portalurbano\/wp-content\/uploads\/2022\/08\/Una-jornada-dedicada-a-150x150.jpg",150,150,true],"medium":["https:\/\/experienciadevida.com.ar\/portalurbano\/wp-content\/uploads\/2022\/08\/Una-jornada-dedicada-a-300x176.jpg",300,176,true],"medium_large":["https:\/\/experienciadevida.com.ar\/portalurbano\/wp-content\/uploads\/2022\/08\/Una-jornada-dedicada-a-768x452.jpg",640,377,true],"large":["https:\/\/experienciadevida.com.ar\/portalurbano\/wp-content\/uploads\/2022\/08\/Una-jornada-dedicada-a-1024x602.jpg",640,376,true],"ug_big":["https:\/\/experienciadevida.com.ar\/portalurbano\/wp-content\/uploads\/2022\/08\/Una-jornada-dedicada-a-768x452.jpg",768,452,true],"1536x1536":["https:\/\/experienciadevida.com.ar\/portalurbano\/wp-content\/uploads\/2022\/08\/Una-jornada-dedicada-a.jpg",1425,838,false],"2048x2048":["https:\/\/experienciadevida.com.ar\/portalurbano\/wp-content\/uploads\/2022\/08\/Una-jornada-dedicada-a.jpg",1425,838,false],"newsever-slider-full":["https:\/\/experienciadevida.com.ar\/portalurbano\/wp-content\/uploads\/2022\/08\/Una-jornada-dedicada-a.jpg",1280,753,false],"newsever-featured":["https:\/\/experienciadevida.com.ar\/portalurbano\/wp-content\/uploads\/2022\/08\/Una-jornada-dedicada-a.jpg",1024,602,false],"newsever-medium":["https:\/\/experienciadevida.com.ar\/portalurbano\/wp-content\/uploads\/2022\/08\/Una-jornada-dedicada-a.jpg",720,423,false],"web-stories-poster-portrait":["https:\/\/experienciadevida.com.ar\/portalurbano\/wp-content\/uploads\/2022\/08\/Una-jornada-dedicada-a-640x838.jpg",640,838,true],"web-stories-publisher-logo":["https:\/\/experienciadevida.com.ar\/portalurbano\/wp-content\/uploads\/2022\/08\/Una-jornada-dedicada-a-96x96.jpg",96,96,true],"web-stories-thumbnail":["https:\/\/experienciadevida.com.ar\/portalurbano\/wp-content\/uploads\/2022\/08\/Una-jornada-dedicada-a-150x88.jpg",150,88,true]},"author_info":{"display_name":"admpu17wp","author_link":"https:\/\/experienciadevida.com.ar\/portalurbano\/author\/admpu17wp\/"},"category_info":"<a href=\"https:\/\/experienciadevida.com.ar\/portalurbano\/category\/ciudad\/\" rel=\"category tag\">Ciudad<\/a> <a href=\"https:\/\/experienciadevida.com.ar\/portalurbano\/category\/destacadas-2\/\" rel=\"category tag\">Destacadas 2<\/a>","tag_info":"Destacadas 2","comment_count":"0","amp_enabled":true,"_links":{"self":[{"href":"https:\/\/experienciadevida.com.ar\/portalurbano\/wp-json\/wp\/v2\/posts\/174427"}],"collection":[{"href":"https:\/\/experienciadevida.com.ar\/portalurbano\/wp-json\/wp\/v2\/posts"}],"about":[{"href":"https:\/\/experienciadevida.com.ar\/portalurbano\/wp-json\/wp\/v2\/types\/post"}],"author":[{"embeddable":true,"href":"https:\/\/experienciadevida.com.ar\/portalurbano\/wp-json\/wp\/v2\/users\/1"}],"replies":[{"embeddable":true,"href":"https:\/\/experienciadevida.com.ar\/portalurbano\/wp-json\/wp\/v2\/comments?post=174427"}],"version-history":[{"count":2,"href":"https:\/\/experienciadevida.com.ar\/portalurbano\/wp-json\/wp\/v2\/posts\/174427\/revisions"}],"predecessor-version":[{"id":174431,"href":"https:\/\/experienciadevida.com.ar\/portalurbano\/wp-json\/wp\/v2\/posts\/174427\/revisions\/174431"}],"wp:featuredmedia":[{"embeddable":true,"href":"https:\/\/experienciadevida.com.ar\/portalurbano\/wp-json\/wp\/v2\/media\/174428"}],"wp:attachment":[{"href":"https:\/\/experienciadevida.com.ar\/portalurbano\/wp-json\/wp\/v2\/media?parent=174427"}],"wp:term":[{"taxonomy":"category","embeddable":true,"href":"https:\/\/experienciadevida.com.ar\/portalurbano\/wp-json\/wp\/v2\/categories?post=174427"},{"taxonomy":"post_tag","embeddable":true,"href":"https:\/\/experienciadevida.com.ar\/portalurbano\/wp-json\/wp\/v2\/tags?post=174427"}],"curies":[{"name":"wp","href":"https:\/\/api.w.org\/{rel}","templated":true}]}}