{"id":174424,"date":"2022-08-30T17:27:41","date_gmt":"2022-08-30T20:27:41","guid":{"rendered":"https:\/\/experienciadevida.com.ar\/portalurbano\/?p=174424"},"modified":"2022-08-30T17:27:59","modified_gmt":"2022-08-30T20:27:59","slug":"coopelectric-entrego-el-premio-a-una-asociada-por-su-adhesion-a-la-factura-digital","status":"publish","type":"post","link":"https:\/\/experienciadevida.com.ar\/portalurbano\/coopelectric-entrego-el-premio-a-una-asociada-por-su-adhesion-a-la-factura-digital\/","title":{"rendered":"Coopelectric entreg\u00f3 el premio a una asociada por su adhesi\u00f3n a la factura digital"},"content":{"rendered":"<p>Coopelectric entreg\u00f3 el premio a una asociada por su adhesi\u00f3n a la factura digital, en la jornada de este martes el presidente del Consejo de Administraci\u00f3n de Coopelectric Cruz Arouxet, hizo entrega de un Smart TV de 50 pulgadas a la Sra. Edith Blanca Visotto.<\/p>\n<p>Con el n\u00famero de Asociado 19.300, la Sra. Visotto result\u00f3 ganadora del sorteo llevado a cabo el pasado jueves entre los asociados de Coopelectric adheridos a la Factura Digital de los Servicios El\u00e9ctrico y Sanitario. Dicho sorteo tuvo lugar en las instalaciones de la sede administrativa de la Cooperativa y cont\u00f3 con la certificaci\u00f3n del escribano p\u00fablico Bernardo Ressia.<\/p>\n<p>Consultado tras la entrega, el titular del Consejo de Administraci\u00f3n Cruz Arouxet expres\u00f3 \u201ccompart\u00ed un c\u00e1lido encuentro con Blanca y su familia, realmente es una satisfacci\u00f3n que una asociada pueda disfrutar de este<br \/>\npremio. Esperamos que los vecinos de Olavarr\u00eda contin\u00faen adhiri\u00e9ndose a la factura digital porque de esta manera todos podemos contribuir al cuidado del medio ambiente\u201d.<\/p>\n<p>Desde Coopelectric, reiteramos la invitaci\u00f3n a los titulares de los Servicios a registrarse en la Oficina Virtual y desde all\u00ed seleccionar el submen\u00fa \u201cSuministro\u201d para adherir cada uno de ellos la factura digital y dejar de recibir en su domicilio postal la factura en formato papel.<\/p>\n<p>El pr\u00f3ximo sorteo tendr\u00e1 lugar en el mes de diciembre.<\/p>\n","protected":false},"excerpt":{"rendered":"<p>Coopelectric entreg\u00f3 el premio a una asociada por su adhesi\u00f3n a la factura digital, en&#8230;<\/p>\n","protected":false},"author":1,"featured_media":174425,"comment_status":"closed","ping_status":"closed","sticky":false,"template":"","format":"standard","meta":{"content-type":""},"categories":[27],"tags":[],"nelio_content":{"isAutoShareEnabled":false,"autoShareEndMode":"default","automationSources":{"useContentSentences":true,"useSocialTemplates":true,"useCustomSentences":false,"customSentences":[]},"followers":[1],"suggestedReferences":[],"includedReferences":[],"efiUrl":"","efiAlt":"","highlights":[]},"yoast_head":"<!-- This site is optimized with the Yoast SEO plugin v20.7 - https:\/\/yoast.com\/wordpress\/plugins\/seo\/ -->\n<title>Coopelectric entreg\u00f3 el premio a una asociada por su adhesi\u00f3n<\/title>\n<meta name=\"description\" content=\"Coopelectric entreg\u00f3 el premio a una asociada por su adhesi\u00f3n a la factura digital, en la jornada de este martes el presidente del Consejo\" \/>\n<meta name=\"robots\" content=\"index, follow, max-snippet:-1, max-image-preview:large, max-video-preview:-1\" \/>\n<link rel=\"canonical\" href=\"https:\/\/experienciadevida.com.ar\/portalurbano\/coopelectric-entrego-el-premio-a-una-asociada-por-su-adhesion-a-la-factura-digital\/\" \/>\n<meta property=\"og:locale\" content=\"es_ES\" \/>\n<meta property=\"og:type\" content=\"article\" \/>\n<meta property=\"og:title\" content=\"Coopelectric entreg\u00f3 el premio a una asociada por su adhesi\u00f3n\" \/>\n<meta property=\"og:description\" content=\"Coopelectric entreg\u00f3 el premio a una asociada por su adhesi\u00f3n a la factura digital, en la jornada de este martes el presidente del Consejo\" \/>\n<meta property=\"og:url\" content=\"https:\/\/experienciadevida.com.ar\/portalurbano\/coopelectric-entrego-el-premio-a-una-asociada-por-su-adhesion-a-la-factura-digital\/\" \/>\n<meta property=\"article:publisher\" content=\"https:\/\/www.facebook.com\/Portal-Urbano-171542830093757\/\" \/>\n<meta property=\"article:published_time\" content=\"2022-08-30T20:27:41+00:00\" \/>\n<meta property=\"article:modified_time\" content=\"2022-08-30T20:27:59+00:00\" \/>\n<meta property=\"og:image\" content=\"https:\/\/experienciadevida.com.ar\/portalurbano\/wp-content\/uploads\/2022\/08\/Coopelectric-entrego-el-premio.jpeg\" \/>\n\t<meta property=\"og:image:width\" content=\"1280\" \/>\n\t<meta property=\"og:image:height\" content=\"960\" \/>\n\t<meta property=\"og:image:type\" content=\"image\/jpeg\" \/>\n<meta name=\"author\" content=\"admpu17wp\" \/>\n<meta name=\"twitter:card\" content=\"summary_large_image\" \/>\n<meta name=\"twitter:creator\" content=\"@portalurbanook\" \/>\n<meta name=\"twitter:site\" content=\"@portalurbanook\" \/>\n<meta name=\"twitter:label1\" content=\"Escrito por\" \/>\n\t<meta name=\"twitter:data1\" content=\"admpu17wp\" \/>\n\t<meta name=\"twitter:label2\" content=\"Tiempo de lectura\" \/>\n\t<meta name=\"twitter:data2\" content=\"1 minuto\" \/>\n<script type=\"application\/ld+json\" class=\"yoast-schema-graph\">{\"@context\":\"https:\/\/schema.org\",\"@graph\":[{\"@type\":\"Article\",\"@id\":\"https:\/\/experienciadevida.com.ar\/portalurbano\/coopelectric-entrego-el-premio-a-una-asociada-por-su-adhesion-a-la-factura-digital\/#article\",\"isPartOf\":{\"@id\":\"https:\/\/experienciadevida.com.ar\/portalurbano\/coopelectric-entrego-el-premio-a-una-asociada-por-su-adhesion-a-la-factura-digital\/\"},\"author\":{\"name\":\"admpu17wp\",\"@id\":\"https:\/\/experienciadevida.com.ar\/portalurbano\/#\/schema\/person\/02dd326b1c4b056e9cc972486934a3a7\"},\"headline\":\"Coopelectric entreg\u00f3 el premio a una asociada por su adhesi\u00f3n a la factura digital\",\"datePublished\":\"2022-08-30T20:27:41+00:00\",\"dateModified\":\"2022-08-30T20:27:59+00:00\",\"mainEntityOfPage\":{\"@id\":\"https:\/\/experienciadevida.com.ar\/portalurbano\/coopelectric-entrego-el-premio-a-una-asociada-por-su-adhesion-a-la-factura-digital\/\"},\"wordCount\":245,\"publisher\":{\"@id\":\"https:\/\/experienciadevida.com.ar\/portalurbano\/#organization\"},\"articleSection\":[\"Ciudad\"],\"inLanguage\":\"es\"},{\"@type\":\"WebPage\",\"@id\":\"https:\/\/experienciadevida.com.ar\/portalurbano\/coopelectric-entrego-el-premio-a-una-asociada-por-su-adhesion-a-la-factura-digital\/\",\"url\":\"https:\/\/experienciadevida.com.ar\/portalurbano\/coopelectric-entrego-el-premio-a-una-asociada-por-su-adhesion-a-la-factura-digital\/\",\"name\":\"Coopelectric entreg\u00f3 el premio a una asociada por su adhesi\u00f3n\",\"isPartOf\":{\"@id\":\"https:\/\/experienciadevida.com.ar\/portalurbano\/#website\"},\"datePublished\":\"2022-08-30T20:27:41+00:00\",\"dateModified\":\"2022-08-30T20:27:59+00:00\",\"description\":\"Coopelectric entreg\u00f3 el premio a una asociada por su adhesi\u00f3n a la factura digital, en la jornada de este martes el presidente del Consejo\",\"breadcrumb\":{\"@id\":\"https:\/\/experienciadevida.com.ar\/portalurbano\/coopelectric-entrego-el-premio-a-una-asociada-por-su-adhesion-a-la-factura-digital\/#breadcrumb\"},\"inLanguage\":\"es\",\"potentialAction\":[{\"@type\":\"ReadAction\",\"target\":[\"https:\/\/experienciadevida.com.ar\/portalurbano\/coopelectric-entrego-el-premio-a-una-asociada-por-su-adhesion-a-la-factura-digital\/\"]}]},{\"@type\":\"BreadcrumbList\",\"@id\":\"https:\/\/experienciadevida.com.ar\/portalurbano\/coopelectric-entrego-el-premio-a-una-asociada-por-su-adhesion-a-la-factura-digital\/#breadcrumb\",\"itemListElement\":[{\"@type\":\"ListItem\",\"position\":1,\"name\":\"Portada\",\"item\":\"https:\/\/experienciadevida.com.ar\/portalurbano\/\"},{\"@type\":\"ListItem\",\"position\":2,\"name\":\"Coopelectric entreg\u00f3 el premio a una asociada por su adhesi\u00f3n a la factura digital\"}]},{\"@type\":\"WebSite\",\"@id\":\"https:\/\/experienciadevida.com.ar\/portalurbano\/#website\",\"url\":\"https:\/\/experienciadevida.com.ar\/portalurbano\/\",\"name\":\"\",\"description\":\"\",\"publisher\":{\"@id\":\"https:\/\/experienciadevida.com.ar\/portalurbano\/#organization\"},\"potentialAction\":[{\"@type\":\"SearchAction\",\"target\":{\"@type\":\"EntryPoint\",\"urlTemplate\":\"https:\/\/experienciadevida.com.ar\/portalurbano\/?s={search_term_string}\"},\"query-input\":\"required name=search_term_string\"}],\"inLanguage\":\"es\"},{\"@type\":\"Organization\",\"@id\":\"https:\/\/experienciadevida.com.ar\/portalurbano\/#organization\",\"name\":\"Portal Urbano\",\"url\":\"https:\/\/experienciadevida.com.ar\/portalurbano\/\",\"logo\":{\"@type\":\"ImageObject\",\"inLanguage\":\"es\",\"@id\":\"https:\/\/experienciadevida.com.ar\/portalurbano\/#\/schema\/logo\/image\/\",\"url\":\"https:\/\/experienciadevida.com.ar\/portalurbano\/wp-content\/uploads\/2019\/09\/Logo-Original.png\",\"contentUrl\":\"https:\/\/experienciadevida.com.ar\/portalurbano\/wp-content\/uploads\/2019\/09\/Logo-Original.png\",\"width\":2236,\"height\":1216,\"caption\":\"Portal Urbano\"},\"image\":{\"@id\":\"https:\/\/experienciadevida.com.ar\/portalurbano\/#\/schema\/logo\/image\/\"},\"sameAs\":[\"https:\/\/www.facebook.com\/Portal-Urbano-171542830093757\/\",\"https:\/\/twitter.com\/portalurbanook\",\"https:\/\/www.instagram.com\/_portalurbano\/\",\"https:\/\/www.youtube.com\/channel\/UCXhagIfszH8KxFiOok79zbA?view_as=subscriber\"]},{\"@type\":\"Person\",\"@id\":\"https:\/\/experienciadevida.com.ar\/portalurbano\/#\/schema\/person\/02dd326b1c4b056e9cc972486934a3a7\",\"name\":\"admpu17wp\",\"image\":{\"@type\":\"ImageObject\",\"inLanguage\":\"es\",\"@id\":\"https:\/\/experienciadevida.com.ar\/portalurbano\/#\/schema\/person\/image\/\",\"url\":\"https:\/\/secure.gravatar.com\/avatar\/830d4c57adaae6630765e449a6908047?s=96&d=mm&r=g\",\"contentUrl\":\"https:\/\/secure.gravatar.com\/avatar\/830d4c57adaae6630765e449a6908047?s=96&d=mm&r=g\",\"caption\":\"admpu17wp\"}}]}<\/script>\n<!-- \/ Yoast SEO plugin. -->","yoast_head_json":{"title":"Coopelectric entreg\u00f3 el premio a una asociada por su adhesi\u00f3n","description":"Coopelectric entreg\u00f3 el premio a una asociada por su adhesi\u00f3n a la factura digital, en la jornada de este martes el presidente del Consejo","robots":{"index":"index","follow":"follow","max-snippet":"max-snippet:-1","max-image-preview":"max-image-preview:large","max-video-preview":"max-video-preview:-1"},"canonical":"https:\/\/experienciadevida.com.ar\/portalurbano\/coopelectric-entrego-el-premio-a-una-asociada-por-su-adhesion-a-la-factura-digital\/","og_locale":"es_ES","og_type":"article","og_title":"Coopelectric entreg\u00f3 el premio a una asociada por su adhesi\u00f3n","og_description":"Coopelectric entreg\u00f3 el premio a una asociada por su adhesi\u00f3n a la factura digital, en la jornada de este martes el presidente del Consejo","og_url":"https:\/\/experienciadevida.com.ar\/portalurbano\/coopelectric-entrego-el-premio-a-una-asociada-por-su-adhesion-a-la-factura-digital\/","article_publisher":"https:\/\/www.facebook.com\/Portal-Urbano-171542830093757\/","article_published_time":"2022-08-30T20:27:41+00:00","article_modified_time":"2022-08-30T20:27:59+00:00","og_image":[{"width":1280,"height":960,"url":"https:\/\/experienciadevida.com.ar\/portalurbano\/wp-content\/uploads\/2022\/08\/Coopelectric-entrego-el-premio.jpeg","type":"image\/jpeg"}],"author":"admpu17wp","twitter_card":"summary_large_image","twitter_creator":"@portalurbanook","twitter_site":"@portalurbanook","twitter_misc":{"Escrito por":"admpu17wp","Tiempo de lectura":"1 minuto"},"schema":{"@context":"https:\/\/schema.org","@graph":[{"@type":"Article","@id":"https:\/\/experienciadevida.com.ar\/portalurbano\/coopelectric-entrego-el-premio-a-una-asociada-por-su-adhesion-a-la-factura-digital\/#article","isPartOf":{"@id":"https:\/\/experienciadevida.com.ar\/portalurbano\/coopelectric-entrego-el-premio-a-una-asociada-por-su-adhesion-a-la-factura-digital\/"},"author":{"name":"admpu17wp","@id":"https:\/\/experienciadevida.com.ar\/portalurbano\/#\/schema\/person\/02dd326b1c4b056e9cc972486934a3a7"},"headline":"Coopelectric entreg\u00f3 el premio a una asociada por su adhesi\u00f3n a la factura digital","datePublished":"2022-08-30T20:27:41+00:00","dateModified":"2022-08-30T20:27:59+00:00","mainEntityOfPage":{"@id":"https:\/\/experienciadevida.com.ar\/portalurbano\/coopelectric-entrego-el-premio-a-una-asociada-por-su-adhesion-a-la-factura-digital\/"},"wordCount":245,"publisher":{"@id":"https:\/\/experienciadevida.com.ar\/portalurbano\/#organization"},"articleSection":["Ciudad"],"inLanguage":"es"},{"@type":"WebPage","@id":"https:\/\/experienciadevida.com.ar\/portalurbano\/coopelectric-entrego-el-premio-a-una-asociada-por-su-adhesion-a-la-factura-digital\/","url":"https:\/\/experienciadevida.com.ar\/portalurbano\/coopelectric-entrego-el-premio-a-una-asociada-por-su-adhesion-a-la-factura-digital\/","name":"Coopelectric entreg\u00f3 el premio a una asociada por su adhesi\u00f3n","isPartOf":{"@id":"https:\/\/experienciadevida.com.ar\/portalurbano\/#website"},"datePublished":"2022-08-30T20:27:41+00:00","dateModified":"2022-08-30T20:27:59+00:00","description":"Coopelectric entreg\u00f3 el premio a una asociada por su adhesi\u00f3n a la factura digital, en la jornada de este martes el presidente del Consejo","breadcrumb":{"@id":"https:\/\/experienciadevida.com.ar\/portalurbano\/coopelectric-entrego-el-premio-a-una-asociada-por-su-adhesion-a-la-factura-digital\/#breadcrumb"},"inLanguage":"es","potentialAction":[{"@type":"ReadAction","target":["https:\/\/experienciadevida.com.ar\/portalurbano\/coopelectric-entrego-el-premio-a-una-asociada-por-su-adhesion-a-la-factura-digital\/"]}]},{"@type":"BreadcrumbList","@id":"https:\/\/experienciadevida.com.ar\/portalurbano\/coopelectric-entrego-el-premio-a-una-asociada-por-su-adhesion-a-la-factura-digital\/#breadcrumb","itemListElement":[{"@type":"ListItem","position":1,"name":"Portada","item":"https:\/\/experienciadevida.com.ar\/portalurbano\/"},{"@type":"ListItem","position":2,"name":"Coopelectric entreg\u00f3 el premio a una asociada por su adhesi\u00f3n a la factura digital"}]},{"@type":"WebSite","@id":"https:\/\/experienciadevida.com.ar\/portalurbano\/#website","url":"https:\/\/experienciadevida.com.ar\/portalurbano\/","name":"","description":"","publisher":{"@id":"https:\/\/experienciadevida.com.ar\/portalurbano\/#organization"},"potentialAction":[{"@type":"SearchAction","target":{"@type":"EntryPoint","urlTemplate":"https:\/\/experienciadevida.com.ar\/portalurbano\/?s={search_term_string}"},"query-input":"required name=search_term_string"}],"inLanguage":"es"},{"@type":"Organization","@id":"https:\/\/experienciadevida.com.ar\/portalurbano\/#organization","name":"Portal Urbano","url":"https:\/\/experienciadevida.com.ar\/portalurbano\/","logo":{"@type":"ImageObject","inLanguage":"es","@id":"https:\/\/experienciadevida.com.ar\/portalurbano\/#\/schema\/logo\/image\/","url":"https:\/\/experienciadevida.com.ar\/portalurbano\/wp-content\/uploads\/2019\/09\/Logo-Original.png","contentUrl":"https:\/\/experienciadevida.com.ar\/portalurbano\/wp-content\/uploads\/2019\/09\/Logo-Original.png","width":2236,"height":1216,"caption":"Portal Urbano"},"image":{"@id":"https:\/\/experienciadevida.com.ar\/portalurbano\/#\/schema\/logo\/image\/"},"sameAs":["https:\/\/www.facebook.com\/Portal-Urbano-171542830093757\/","https:\/\/twitter.com\/portalurbanook","https:\/\/www.instagram.com\/_portalurbano\/","https:\/\/www.youtube.com\/channel\/UCXhagIfszH8KxFiOok79zbA?view_as=subscriber"]},{"@type":"Person","@id":"https:\/\/experienciadevida.com.ar\/portalurbano\/#\/schema\/person\/02dd326b1c4b056e9cc972486934a3a7","name":"admpu17wp","image":{"@type":"ImageObject","inLanguage":"es","@id":"https:\/\/experienciadevida.com.ar\/portalurbano\/#\/schema\/person\/image\/","url":"https:\/\/secure.gravatar.com\/avatar\/830d4c57adaae6630765e449a6908047?s=96&d=mm&r=g","contentUrl":"https:\/\/secure.gravatar.com\/avatar\/830d4c57adaae6630765e449a6908047?s=96&d=mm&r=g","caption":"admpu17wp"}}]}},"featured_image_urls":{"full":["https:\/\/experienciadevida.com.ar\/portalurbano\/wp-content\/uploads\/2022\/08\/Coopelectric-entrego-el-premio.jpeg",1280,960,false],"thumbnail":["https:\/\/experienciadevida.com.ar\/portalurbano\/wp-content\/uploads\/2022\/08\/Coopelectric-entrego-el-premio-150x150.jpeg",150,150,true],"medium":["https:\/\/experienciadevida.com.ar\/portalurbano\/wp-content\/uploads\/2022\/08\/Coopelectric-entrego-el-premio-300x225.jpeg",300,225,true],"medium_large":["https:\/\/experienciadevida.com.ar\/portalurbano\/wp-content\/uploads\/2022\/08\/Coopelectric-entrego-el-premio-768x576.jpeg",640,480,true],"large":["https:\/\/experienciadevida.com.ar\/portalurbano\/wp-content\/uploads\/2022\/08\/Coopelectric-entrego-el-premio-1024x768.jpeg",640,480,true],"ug_big":["https:\/\/experienciadevida.com.ar\/portalurbano\/wp-content\/uploads\/2022\/08\/Coopelectric-entrego-el-premio-768x576.jpeg",768,576,true],"1536x1536":["https:\/\/experienciadevida.com.ar\/portalurbano\/wp-content\/uploads\/2022\/08\/Coopelectric-entrego-el-premio.jpeg",1280,960,false],"2048x2048":["https:\/\/experienciadevida.com.ar\/portalurbano\/wp-content\/uploads\/2022\/08\/Coopelectric-entrego-el-premio.jpeg",1280,960,false],"newsever-slider-full":["https:\/\/experienciadevida.com.ar\/portalurbano\/wp-content\/uploads\/2022\/08\/Coopelectric-entrego-el-premio.jpeg",1127,845,false],"newsever-featured":["https:\/\/experienciadevida.com.ar\/portalurbano\/wp-content\/uploads\/2022\/08\/Coopelectric-entrego-el-premio.jpeg",1024,768,false],"newsever-medium":["https:\/\/experienciadevida.com.ar\/portalurbano\/wp-content\/uploads\/2022\/08\/Coopelectric-entrego-el-premio.jpeg",633,475,false],"web-stories-poster-portrait":["https:\/\/experienciadevida.com.ar\/portalurbano\/wp-content\/uploads\/2022\/08\/Coopelectric-entrego-el-premio-640x853.jpeg",640,853,true],"web-stories-publisher-logo":["https:\/\/experienciadevida.com.ar\/portalurbano\/wp-content\/uploads\/2022\/08\/Coopelectric-entrego-el-premio-96x96.jpeg",96,96,true],"web-stories-thumbnail":["https:\/\/experienciadevida.com.ar\/portalurbano\/wp-content\/uploads\/2022\/08\/Coopelectric-entrego-el-premio-150x113.jpeg",150,113,true]},"author_info":{"display_name":"admpu17wp","author_link":"https:\/\/experienciadevida.com.ar\/portalurbano\/author\/admpu17wp\/"},"category_info":"<a href=\"https:\/\/experienciadevida.com.ar\/portalurbano\/category\/ciudad\/\" rel=\"category tag\">Ciudad<\/a>","tag_info":"Ciudad","comment_count":"0","amp_enabled":true,"_links":{"self":[{"href":"https:\/\/experienciadevida.com.ar\/portalurbano\/wp-json\/wp\/v2\/posts\/174424"}],"collection":[{"href":"https:\/\/experienciadevida.com.ar\/portalurbano\/wp-json\/wp\/v2\/posts"}],"about":[{"href":"https:\/\/experienciadevida.com.ar\/portalurbano\/wp-json\/wp\/v2\/types\/post"}],"author":[{"embeddable":true,"href":"https:\/\/experienciadevida.com.ar\/portalurbano\/wp-json\/wp\/v2\/users\/1"}],"replies":[{"embeddable":true,"href":"https:\/\/experienciadevida.com.ar\/portalurbano\/wp-json\/wp\/v2\/comments?post=174424"}],"version-history":[{"count":1,"href":"https:\/\/experienciadevida.com.ar\/portalurbano\/wp-json\/wp\/v2\/posts\/174424\/revisions"}],"predecessor-version":[{"id":174426,"href":"https:\/\/experienciadevida.com.ar\/portalurbano\/wp-json\/wp\/v2\/posts\/174424\/revisions\/174426"}],"wp:featuredmedia":[{"embeddable":true,"href":"https:\/\/experienciadevida.com.ar\/portalurbano\/wp-json\/wp\/v2\/media\/174425"}],"wp:attachment":[{"href":"https:\/\/experienciadevida.com.ar\/portalurbano\/wp-json\/wp\/v2\/media?parent=174424"}],"wp:term":[{"taxonomy":"category","embeddable":true,"href":"https:\/\/experienciadevida.com.ar\/portalurbano\/wp-json\/wp\/v2\/categories?post=174424"},{"taxonomy":"post_tag","embeddable":true,"href":"https:\/\/experienciadevida.com.ar\/portalurbano\/wp-json\/wp\/v2\/tags?post=174424"}],"curies":[{"name":"wp","href":"https:\/\/api.w.org\/{rel}","templated":true}]}}