{"id":174405,"date":"2022-08-30T16:57:12","date_gmt":"2022-08-30T19:57:12","guid":{"rendered":"https:\/\/experienciadevida.com.ar\/portalurbano\/?p=174405"},"modified":"2022-08-30T16:57:53","modified_gmt":"2022-08-30T19:57:53","slug":"internos-alojados-en-la-unidad-2-fabrican-juguetes-para-centros-de-dia-de-olavarria","status":"publish","type":"post","link":"https:\/\/experienciadevida.com.ar\/portalurbano\/internos-alojados-en-la-unidad-2-fabrican-juguetes-para-centros-de-dia-de-olavarria\/","title":{"rendered":"Internos alojados en la Unidad 2 fabrican juguetes para centros de D\u00eda de Olavarr\u00eda"},"content":{"rendered":"<p>Internos alojados en la Unidad 2 fabrican juguetes para centros de D\u00eda de Olavarr\u00eda, tambi\u00e9n colaboraron con facturas para el festejo del d\u00eda de las infancias.<\/p>\n<p><a href=\"https:\/\/experienciadevida.com.ar\/portalurbano\/internos-alojados-en-la-unidad-2-fabrican-juguetes-para-centros-de-dia-de-olavarria\/interns\/\" rel=\"attachment wp-att-174411\"><img decoding=\"async\" class=\"alignnone size-large wp-image-174411\" src=\"https:\/\/experienciadevida.com.ar\/portalurbano\/wp-content\/uploads\/2022\/08\/Interns-1024x668.jpg\" alt=\"Internos \" width=\"900\" height=\"587\" srcset=\"https:\/\/experienciadevida.com.ar\/portalurbano\/wp-content\/uploads\/2022\/08\/Interns-1024x668.jpg 1024w, https:\/\/experienciadevida.com.ar\/portalurbano\/wp-content\/uploads\/2022\/08\/Interns-300x196.jpg 300w, https:\/\/experienciadevida.com.ar\/portalurbano\/wp-content\/uploads\/2022\/08\/Interns-768x501.jpg 768w, https:\/\/experienciadevida.com.ar\/portalurbano\/wp-content\/uploads\/2022\/08\/Interns-150x98.jpg 150w, https:\/\/experienciadevida.com.ar\/portalurbano\/wp-content\/uploads\/2022\/08\/Interns.jpg 1280w\" sizes=\"(max-width: 900px) 100vw, 900px\" \/><\/a><\/p>\n<p>Los ni\u00f1os que concurren a cinco de los Centros de D\u00eda Municipales que funcionan en diferentes barrios de la ciudad de Olavarr\u00eda recibieron juguetes confeccionados por internos que concurren a un curso no formal de producci\u00f3n y restauraci\u00f3n de juguetes en el Pabell\u00f3n de Diversidad de G\u00e9nero en la Unidad Penitenciaria N\u00ba 2 de Sierra Chica. La entrega se realiz\u00f3 en el Centro de Exposiciones local donde los y las ni\u00f1as disfrutaron de una kermesse con juegos, bailes y sorpresas.<\/p>\n<p>Daniela Di Matteo es la agente que coordina las tareas en el Pabell\u00f3n de Diversidad de G\u00e9nero, quien coment\u00f3 que \u201clas y los internos manifestaron el deseo de ayudar y la experiencia en el oficio de carpinter\u00eda posibilitaron que les propongamos la producci\u00f3n y restauraci\u00f3n de juguetes en el marco del curso no formal \u201cD\u00eda de la Ni\u00f1ez\u201d donde se aplicaron todos los conceptos b\u00e1sicos te\u00f3rico-pr\u00e1cticos*\u201d.<\/p>\n<p>Este espacio se enmarc\u00f3 en las propuestas tratamentales que se realizan en la dependencia y brinda herramientas que buscan la superaci\u00f3n personal, incentivo y contenci\u00f3n en contexto de encierro, logrando que puedan<br \/>\nformarse y a la vez colaborar con la sociedad.<\/p>\n<p>Internos alojados en la Unidad 2 fabrican juguetes para centros de D\u00eda de Olavarr\u00eda, en esta ocasi\u00f3n fueron realizados 359 juguetes con materiales aportados por el Municipio y fueron recibidos por la subsecretaria de Desarrollo Social Silvana Rosales, la directora de la Unidad de Desarrollo Infantil Sandra Bilbao y la Coordinadora del \u00e1rea Eugenia Iraz\u00e1bal, junto a los integrantes de los equipos de Desarrollo Social y Deportes de la Municipalidad.<\/p>\n<p>Tambi\u00e9n participaron de la entrega los Coordinadores del Centro de D\u00eda N\u00b01 Lucas Jara, del N\u00b02 Camila Carriquiri, del N\u00b04 Mariano Arrondo, del N\u00b05 Jos\u00e9 Luis Prevetera y del N\u00b07 Emilio Hoffman. En representaci\u00f3n de la<br \/>\ndirecci\u00f3n de la Unidad N\u00ba 2 los juguetes fueron entregados por la Coordinadora del Pabell\u00f3n de Diversidad de G\u00e9nero, el Coordinador de Formaci\u00f3n T\u00e9cnica y Oficios Luis Callegaro y Jefa de Inclusi\u00f3n Sociolaboral<br \/>\nMar\u00eda del Carmen Fuentes.<\/p>\n<p>Asistieron al evento 220 peque\u00f1os y faltaron aquellos que se encontraban en la escuela. \u201cLos juguetes ser\u00e1n distribuidos entre todos. Este es un muy lindo gesto y son hermosos, superaron las expectativas\u201d, expres\u00f3<br \/>\nEugenia Iraz\u00e1bal. Se entregaron rompecabezas, ludos, autitos, pesca magic, casitas de mu\u00f1ecas, cocinas, apoya celulares, entre otros.<\/p>\n<p>Para el director de la Unidad N\u00b02 Carlos Silva \u201cel desarrollo de talleres\u00a0 y cursos no formales como propuesta tratamental pretenden crear, no solo pasatiempos, sino tambi\u00e9n abstraerlos del contexto de encierro en el que se<br \/>\nencuentran, y tambi\u00e9n buscar todas aquellas herramientas y propuestas para que puedan ampliar el abanico de posibilidades laborales\u201d.<\/p>\n<p><strong>Facturas para el d\u00eda de las infancias:<\/strong><\/p>\n<p>Internos alojados en la Unidad 2 fabrican juguetes para centros de D\u00eda de Olavarr\u00eda, por otra parte, los internos que trabajan en el sector de panader\u00eda de la U2 con la colaboraci\u00f3n de agentes penitenciarios, elaboraron m\u00e1s de 12 mil<br \/>\nfacturas para la fiesta Municipal del D\u00eda de las Infancias en la ciudad de Olavarr\u00eda.<\/p>\n<p>La Edici\u00f3n N\u00ba 40 de la Fiesta D\u00eda de la Ni\u00f1ez estuvo organizada por el Movimiento a la Alegr\u00eda del Ni\u00f1o Olavarriense (MANO) y el municipio, se desarroll\u00f3 en el predio de la Rural y, como ocurre desde hace a\u00f1os, la direcci\u00f3n de la Unidad N\u00b02 trabaj\u00f3 para sumar un granito de arena y participar del evento con este aporte.<\/p>\n<p>Ariel Cardozo y Marcos Pati\u00f1ano son agentes penitenciarios con amplios conocimientos en panader\u00eda y pasteler\u00eda, tiene a cargo la Panader\u00eda de la dependencia y junto a 13 internos trabajadores del sector elaboraron las facturas con los ingredientes que fueron acercados a la Unidad. La representante de MANO, Fabiana Bahl fue quien realiz\u00f3 el contacto con la dependencia para, a trav\u00e9s del trabajo conjunto, brindar a las familias las tradicionales facturas de membrillo, crema y az\u00facar negra para acompa\u00f1ar el chocolate.<\/p>\n<p>Sobre la jornada de elaboraci\u00f3n de las facturas, Marcos Pati\u00f1ano explic\u00f3 que \u201ces la primera vez que me toca realizar las facturas para este evento y la verdad es una experiencia muy linda. A media ma\u00f1ana del s\u00e1bado terminamos de hacer el pan para la Unidad y de ah\u00ed en m\u00e1s comenzamos con las facturas hasta las 15 hs. que, mientras almorz\u00e1bamos se elevaban, hasta las 18 que hicimos la primera horneada y comenzamos con la segunda tanda<br \/>\ndel amasijo. Todo el trabajo termin\u00f3 alrededor de las 2 de la madrugada y los internos a las 6,30 ten\u00edan que levantarse normalmente para comenzar con las labores del domingo. Queremos agradecerles a MANO y el Municipio por confiar en nuestro trabajo y en el de los internos tambi\u00e9n, porque a\u00f1o a a\u00f1o ponen en valor la dedicaci\u00f3n y el esmero que ponemos para que las cosas salgan bien\u201d, finaliz\u00f3 el funcionario.<\/p>\n<p>Internos alojados en la Unidad 2 fabrican juguetes para centros de D\u00eda de Olavarr\u00eda, en tanto el director de la U2, Carlos Silva, destac\u00f3 que &#8220;trabajaron con gran energ\u00eda porque para ellos es muy importante realizar actividades<br \/>\nsolidarias, les resulta motivador, les da visibilidad y permite el reconocimiento de su trabajo. En la panader\u00eda atienden d\u00eda a d\u00eda las necesidades de toda la poblaci\u00f3n carcelaria, luego de eso trabajaron con dedicaci\u00f3n y responsabilidad en esta donaci\u00f3n que implica una gran apertura institucional y planificaci\u00f3n de trabajos en conjunto&#8221;.<\/p>\n<p>Fuente y Fotos: Servicio Penitenciario Bonaerense<\/p>\n<p><a href=\"https:\/\/experienciadevida.com.ar\/portalurbano\/internos-alojados-en-la-unidad-2-fabrican-juguetes-para-centros-de-dia-de-olavarria\/en-la-3\/\" rel=\"attachment wp-att-174412\"><img decoding=\"async\" class=\"alignnone size-full wp-image-174412\" src=\"https:\/\/experienciadevida.com.ar\/portalurbano\/wp-content\/uploads\/2022\/08\/en-la.jpg\" alt=\"en la \" width=\"612\" height=\"547\" srcset=\"https:\/\/experienciadevida.com.ar\/portalurbano\/wp-content\/uploads\/2022\/08\/en-la.jpg 612w, https:\/\/experienciadevida.com.ar\/portalurbano\/wp-content\/uploads\/2022\/08\/en-la-300x268.jpg 300w, https:\/\/experienciadevida.com.ar\/portalurbano\/wp-content\/uploads\/2022\/08\/en-la-150x134.jpg 150w\" sizes=\"(max-width: 612px) 100vw, 612px\" \/><\/a><\/p>\n","protected":false},"excerpt":{"rendered":"<p>Internos alojados en la Unidad 2 fabrican juguetes para centros de D\u00eda de Olavarr\u00eda, tambi\u00e9n&#8230;<\/p>\n","protected":false},"author":1,"featured_media":174410,"comment_status":"closed","ping_status":"closed","sticky":false,"template":"","format":"standard","meta":{"content-type":""},"categories":[27],"tags":[],"nelio_content":{"isAutoShareEnabled":false,"autoShareEndMode":"default","automationSources":{"useContentSentences":true,"useSocialTemplates":true,"useCustomSentences":false,"customSentences":[]},"followers":[1],"suggestedReferences":[],"includedReferences":[],"efiUrl":"","efiAlt":"","highlights":[]},"yoast_head":"<!-- This site is optimized with the Yoast SEO plugin v20.7 - https:\/\/yoast.com\/wordpress\/plugins\/seo\/ -->\n<title>Internos alojados en la Unidad 2 fabrican juguetes para centros<\/title>\n<meta name=\"description\" content=\"Internos alojados en la Unidad 2 fabrican juguetes para centros de D\u00eda de Olavarr\u00eda, tambi\u00e9n colaboraron con facturas\" \/>\n<meta name=\"robots\" content=\"index, follow, max-snippet:-1, max-image-preview:large, max-video-preview:-1\" \/>\n<link rel=\"canonical\" href=\"https:\/\/experienciadevida.com.ar\/portalurbano\/internos-alojados-en-la-unidad-2-fabrican-juguetes-para-centros-de-dia-de-olavarria\/\" \/>\n<meta property=\"og:locale\" content=\"es_ES\" \/>\n<meta property=\"og:type\" content=\"article\" \/>\n<meta property=\"og:title\" content=\"Internos alojados en la Unidad 2 fabrican juguetes para centros\" \/>\n<meta property=\"og:description\" content=\"Internos alojados en la Unidad 2 fabrican juguetes para centros de D\u00eda de Olavarr\u00eda, tambi\u00e9n colaboraron con facturas\" \/>\n<meta property=\"og:url\" content=\"https:\/\/experienciadevida.com.ar\/portalurbano\/internos-alojados-en-la-unidad-2-fabrican-juguetes-para-centros-de-dia-de-olavarria\/\" \/>\n<meta property=\"article:publisher\" content=\"https:\/\/www.facebook.com\/Portal-Urbano-171542830093757\/\" \/>\n<meta property=\"article:published_time\" content=\"2022-08-30T19:57:12+00:00\" \/>\n<meta property=\"article:modified_time\" content=\"2022-08-30T19:57:53+00:00\" \/>\n<meta property=\"og:image\" content=\"https:\/\/experienciadevida.com.ar\/portalurbano\/wp-content\/uploads\/2022\/08\/Internos-alojados-en-la.jpg\" \/>\n\t<meta property=\"og:image:width\" content=\"1280\" \/>\n\t<meta property=\"og:image:height\" content=\"960\" \/>\n\t<meta property=\"og:image:type\" content=\"image\/jpeg\" \/>\n<meta name=\"author\" content=\"admpu17wp\" \/>\n<meta name=\"twitter:card\" content=\"summary_large_image\" \/>\n<meta name=\"twitter:creator\" content=\"@portalurbanook\" \/>\n<meta name=\"twitter:site\" content=\"@portalurbanook\" \/>\n<meta name=\"twitter:label1\" content=\"Escrito por\" \/>\n\t<meta name=\"twitter:data1\" content=\"admpu17wp\" \/>\n\t<meta name=\"twitter:label2\" content=\"Tiempo de lectura\" \/>\n\t<meta name=\"twitter:data2\" content=\"5 minutos\" \/>\n<script type=\"application\/ld+json\" class=\"yoast-schema-graph\">{\"@context\":\"https:\/\/schema.org\",\"@graph\":[{\"@type\":\"Article\",\"@id\":\"https:\/\/experienciadevida.com.ar\/portalurbano\/internos-alojados-en-la-unidad-2-fabrican-juguetes-para-centros-de-dia-de-olavarria\/#article\",\"isPartOf\":{\"@id\":\"https:\/\/experienciadevida.com.ar\/portalurbano\/internos-alojados-en-la-unidad-2-fabrican-juguetes-para-centros-de-dia-de-olavarria\/\"},\"author\":{\"name\":\"admpu17wp\",\"@id\":\"https:\/\/experienciadevida.com.ar\/portalurbano\/#\/schema\/person\/02dd326b1c4b056e9cc972486934a3a7\"},\"headline\":\"Internos alojados en la Unidad 2 fabrican juguetes para centros de D\u00eda de Olavarr\u00eda\",\"datePublished\":\"2022-08-30T19:57:12+00:00\",\"dateModified\":\"2022-08-30T19:57:53+00:00\",\"mainEntityOfPage\":{\"@id\":\"https:\/\/experienciadevida.com.ar\/portalurbano\/internos-alojados-en-la-unidad-2-fabrican-juguetes-para-centros-de-dia-de-olavarria\/\"},\"wordCount\":993,\"publisher\":{\"@id\":\"https:\/\/experienciadevida.com.ar\/portalurbano\/#organization\"},\"articleSection\":[\"Ciudad\"],\"inLanguage\":\"es\"},{\"@type\":\"WebPage\",\"@id\":\"https:\/\/experienciadevida.com.ar\/portalurbano\/internos-alojados-en-la-unidad-2-fabrican-juguetes-para-centros-de-dia-de-olavarria\/\",\"url\":\"https:\/\/experienciadevida.com.ar\/portalurbano\/internos-alojados-en-la-unidad-2-fabrican-juguetes-para-centros-de-dia-de-olavarria\/\",\"name\":\"Internos alojados en la Unidad 2 fabrican juguetes para centros\",\"isPartOf\":{\"@id\":\"https:\/\/experienciadevida.com.ar\/portalurbano\/#website\"},\"datePublished\":\"2022-08-30T19:57:12+00:00\",\"dateModified\":\"2022-08-30T19:57:53+00:00\",\"description\":\"Internos alojados en la Unidad 2 fabrican juguetes para centros de D\u00eda de Olavarr\u00eda, tambi\u00e9n colaboraron con facturas\",\"breadcrumb\":{\"@id\":\"https:\/\/experienciadevida.com.ar\/portalurbano\/internos-alojados-en-la-unidad-2-fabrican-juguetes-para-centros-de-dia-de-olavarria\/#breadcrumb\"},\"inLanguage\":\"es\",\"potentialAction\":[{\"@type\":\"ReadAction\",\"target\":[\"https:\/\/experienciadevida.com.ar\/portalurbano\/internos-alojados-en-la-unidad-2-fabrican-juguetes-para-centros-de-dia-de-olavarria\/\"]}]},{\"@type\":\"BreadcrumbList\",\"@id\":\"https:\/\/experienciadevida.com.ar\/portalurbano\/internos-alojados-en-la-unidad-2-fabrican-juguetes-para-centros-de-dia-de-olavarria\/#breadcrumb\",\"itemListElement\":[{\"@type\":\"ListItem\",\"position\":1,\"name\":\"Portada\",\"item\":\"https:\/\/experienciadevida.com.ar\/portalurbano\/\"},{\"@type\":\"ListItem\",\"position\":2,\"name\":\"Internos alojados en la Unidad 2 fabrican juguetes para centros de D\u00eda de Olavarr\u00eda\"}]},{\"@type\":\"WebSite\",\"@id\":\"https:\/\/experienciadevida.com.ar\/portalurbano\/#website\",\"url\":\"https:\/\/experienciadevida.com.ar\/portalurbano\/\",\"name\":\"\",\"description\":\"\",\"publisher\":{\"@id\":\"https:\/\/experienciadevida.com.ar\/portalurbano\/#organization\"},\"potentialAction\":[{\"@type\":\"SearchAction\",\"target\":{\"@type\":\"EntryPoint\",\"urlTemplate\":\"https:\/\/experienciadevida.com.ar\/portalurbano\/?s={search_term_string}\"},\"query-input\":\"required name=search_term_string\"}],\"inLanguage\":\"es\"},{\"@type\":\"Organization\",\"@id\":\"https:\/\/experienciadevida.com.ar\/portalurbano\/#organization\",\"name\":\"Portal Urbano\",\"url\":\"https:\/\/experienciadevida.com.ar\/portalurbano\/\",\"logo\":{\"@type\":\"ImageObject\",\"inLanguage\":\"es\",\"@id\":\"https:\/\/experienciadevida.com.ar\/portalurbano\/#\/schema\/logo\/image\/\",\"url\":\"https:\/\/experienciadevida.com.ar\/portalurbano\/wp-content\/uploads\/2019\/09\/Logo-Original.png\",\"contentUrl\":\"https:\/\/experienciadevida.com.ar\/portalurbano\/wp-content\/uploads\/2019\/09\/Logo-Original.png\",\"width\":2236,\"height\":1216,\"caption\":\"Portal Urbano\"},\"image\":{\"@id\":\"https:\/\/experienciadevida.com.ar\/portalurbano\/#\/schema\/logo\/image\/\"},\"sameAs\":[\"https:\/\/www.facebook.com\/Portal-Urbano-171542830093757\/\",\"https:\/\/twitter.com\/portalurbanook\",\"https:\/\/www.instagram.com\/_portalurbano\/\",\"https:\/\/www.youtube.com\/channel\/UCXhagIfszH8KxFiOok79zbA?view_as=subscriber\"]},{\"@type\":\"Person\",\"@id\":\"https:\/\/experienciadevida.com.ar\/portalurbano\/#\/schema\/person\/02dd326b1c4b056e9cc972486934a3a7\",\"name\":\"admpu17wp\",\"image\":{\"@type\":\"ImageObject\",\"inLanguage\":\"es\",\"@id\":\"https:\/\/experienciadevida.com.ar\/portalurbano\/#\/schema\/person\/image\/\",\"url\":\"https:\/\/secure.gravatar.com\/avatar\/830d4c57adaae6630765e449a6908047?s=96&d=mm&r=g\",\"contentUrl\":\"https:\/\/secure.gravatar.com\/avatar\/830d4c57adaae6630765e449a6908047?s=96&d=mm&r=g\",\"caption\":\"admpu17wp\"}}]}<\/script>\n<!-- \/ Yoast SEO plugin. -->","yoast_head_json":{"title":"Internos alojados en la Unidad 2 fabrican juguetes para centros","description":"Internos alojados en la Unidad 2 fabrican juguetes para centros de D\u00eda de Olavarr\u00eda, tambi\u00e9n colaboraron con facturas","robots":{"index":"index","follow":"follow","max-snippet":"max-snippet:-1","max-image-preview":"max-image-preview:large","max-video-preview":"max-video-preview:-1"},"canonical":"https:\/\/experienciadevida.com.ar\/portalurbano\/internos-alojados-en-la-unidad-2-fabrican-juguetes-para-centros-de-dia-de-olavarria\/","og_locale":"es_ES","og_type":"article","og_title":"Internos alojados en la Unidad 2 fabrican juguetes para centros","og_description":"Internos alojados en la Unidad 2 fabrican juguetes para centros de D\u00eda de Olavarr\u00eda, tambi\u00e9n colaboraron con facturas","og_url":"https:\/\/experienciadevida.com.ar\/portalurbano\/internos-alojados-en-la-unidad-2-fabrican-juguetes-para-centros-de-dia-de-olavarria\/","article_publisher":"https:\/\/www.facebook.com\/Portal-Urbano-171542830093757\/","article_published_time":"2022-08-30T19:57:12+00:00","article_modified_time":"2022-08-30T19:57:53+00:00","og_image":[{"width":1280,"height":960,"url":"https:\/\/experienciadevida.com.ar\/portalurbano\/wp-content\/uploads\/2022\/08\/Internos-alojados-en-la.jpg","type":"image\/jpeg"}],"author":"admpu17wp","twitter_card":"summary_large_image","twitter_creator":"@portalurbanook","twitter_site":"@portalurbanook","twitter_misc":{"Escrito por":"admpu17wp","Tiempo de lectura":"5 minutos"},"schema":{"@context":"https:\/\/schema.org","@graph":[{"@type":"Article","@id":"https:\/\/experienciadevida.com.ar\/portalurbano\/internos-alojados-en-la-unidad-2-fabrican-juguetes-para-centros-de-dia-de-olavarria\/#article","isPartOf":{"@id":"https:\/\/experienciadevida.com.ar\/portalurbano\/internos-alojados-en-la-unidad-2-fabrican-juguetes-para-centros-de-dia-de-olavarria\/"},"author":{"name":"admpu17wp","@id":"https:\/\/experienciadevida.com.ar\/portalurbano\/#\/schema\/person\/02dd326b1c4b056e9cc972486934a3a7"},"headline":"Internos alojados en la Unidad 2 fabrican juguetes para centros de D\u00eda de Olavarr\u00eda","datePublished":"2022-08-30T19:57:12+00:00","dateModified":"2022-08-30T19:57:53+00:00","mainEntityOfPage":{"@id":"https:\/\/experienciadevida.com.ar\/portalurbano\/internos-alojados-en-la-unidad-2-fabrican-juguetes-para-centros-de-dia-de-olavarria\/"},"wordCount":993,"publisher":{"@id":"https:\/\/experienciadevida.com.ar\/portalurbano\/#organization"},"articleSection":["Ciudad"],"inLanguage":"es"},{"@type":"WebPage","@id":"https:\/\/experienciadevida.com.ar\/portalurbano\/internos-alojados-en-la-unidad-2-fabrican-juguetes-para-centros-de-dia-de-olavarria\/","url":"https:\/\/experienciadevida.com.ar\/portalurbano\/internos-alojados-en-la-unidad-2-fabrican-juguetes-para-centros-de-dia-de-olavarria\/","name":"Internos alojados en la Unidad 2 fabrican juguetes para centros","isPartOf":{"@id":"https:\/\/experienciadevida.com.ar\/portalurbano\/#website"},"datePublished":"2022-08-30T19:57:12+00:00","dateModified":"2022-08-30T19:57:53+00:00","description":"Internos alojados en la Unidad 2 fabrican juguetes para centros de D\u00eda de Olavarr\u00eda, tambi\u00e9n colaboraron con facturas","breadcrumb":{"@id":"https:\/\/experienciadevida.com.ar\/portalurbano\/internos-alojados-en-la-unidad-2-fabrican-juguetes-para-centros-de-dia-de-olavarria\/#breadcrumb"},"inLanguage":"es","potentialAction":[{"@type":"ReadAction","target":["https:\/\/experienciadevida.com.ar\/portalurbano\/internos-alojados-en-la-unidad-2-fabrican-juguetes-para-centros-de-dia-de-olavarria\/"]}]},{"@type":"BreadcrumbList","@id":"https:\/\/experienciadevida.com.ar\/portalurbano\/internos-alojados-en-la-unidad-2-fabrican-juguetes-para-centros-de-dia-de-olavarria\/#breadcrumb","itemListElement":[{"@type":"ListItem","position":1,"name":"Portada","item":"https:\/\/experienciadevida.com.ar\/portalurbano\/"},{"@type":"ListItem","position":2,"name":"Internos alojados en la Unidad 2 fabrican juguetes para centros de D\u00eda de Olavarr\u00eda"}]},{"@type":"WebSite","@id":"https:\/\/experienciadevida.com.ar\/portalurbano\/#website","url":"https:\/\/experienciadevida.com.ar\/portalurbano\/","name":"","description":"","publisher":{"@id":"https:\/\/experienciadevida.com.ar\/portalurbano\/#organization"},"potentialAction":[{"@type":"SearchAction","target":{"@type":"EntryPoint","urlTemplate":"https:\/\/experienciadevida.com.ar\/portalurbano\/?s={search_term_string}"},"query-input":"required name=search_term_string"}],"inLanguage":"es"},{"@type":"Organization","@id":"https:\/\/experienciadevida.com.ar\/portalurbano\/#organization","name":"Portal Urbano","url":"https:\/\/experienciadevida.com.ar\/portalurbano\/","logo":{"@type":"ImageObject","inLanguage":"es","@id":"https:\/\/experienciadevida.com.ar\/portalurbano\/#\/schema\/logo\/image\/","url":"https:\/\/experienciadevida.com.ar\/portalurbano\/wp-content\/uploads\/2019\/09\/Logo-Original.png","contentUrl":"https:\/\/experienciadevida.com.ar\/portalurbano\/wp-content\/uploads\/2019\/09\/Logo-Original.png","width":2236,"height":1216,"caption":"Portal Urbano"},"image":{"@id":"https:\/\/experienciadevida.com.ar\/portalurbano\/#\/schema\/logo\/image\/"},"sameAs":["https:\/\/www.facebook.com\/Portal-Urbano-171542830093757\/","https:\/\/twitter.com\/portalurbanook","https:\/\/www.instagram.com\/_portalurbano\/","https:\/\/www.youtube.com\/channel\/UCXhagIfszH8KxFiOok79zbA?view_as=subscriber"]},{"@type":"Person","@id":"https:\/\/experienciadevida.com.ar\/portalurbano\/#\/schema\/person\/02dd326b1c4b056e9cc972486934a3a7","name":"admpu17wp","image":{"@type":"ImageObject","inLanguage":"es","@id":"https:\/\/experienciadevida.com.ar\/portalurbano\/#\/schema\/person\/image\/","url":"https:\/\/secure.gravatar.com\/avatar\/830d4c57adaae6630765e449a6908047?s=96&d=mm&r=g","contentUrl":"https:\/\/secure.gravatar.com\/avatar\/830d4c57adaae6630765e449a6908047?s=96&d=mm&r=g","caption":"admpu17wp"}}]}},"featured_image_urls":{"full":["https:\/\/experienciadevida.com.ar\/portalurbano\/wp-content\/uploads\/2022\/08\/Internos-alojados-en-la.jpg",1280,960,false],"thumbnail":["https:\/\/experienciadevida.com.ar\/portalurbano\/wp-content\/uploads\/2022\/08\/Internos-alojados-en-la-150x150.jpg",150,150,true],"medium":["https:\/\/experienciadevida.com.ar\/portalurbano\/wp-content\/uploads\/2022\/08\/Internos-alojados-en-la-300x225.jpg",300,225,true],"medium_large":["https:\/\/experienciadevida.com.ar\/portalurbano\/wp-content\/uploads\/2022\/08\/Internos-alojados-en-la-768x576.jpg",640,480,true],"large":["https:\/\/experienciadevida.com.ar\/portalurbano\/wp-content\/uploads\/2022\/08\/Internos-alojados-en-la-1024x768.jpg",640,480,true],"ug_big":["https:\/\/experienciadevida.com.ar\/portalurbano\/wp-content\/uploads\/2022\/08\/Internos-alojados-en-la-768x576.jpg",768,576,true],"1536x1536":["https:\/\/experienciadevida.com.ar\/portalurbano\/wp-content\/uploads\/2022\/08\/Internos-alojados-en-la.jpg",1280,960,false],"2048x2048":["https:\/\/experienciadevida.com.ar\/portalurbano\/wp-content\/uploads\/2022\/08\/Internos-alojados-en-la.jpg",1280,960,false],"newsever-slider-full":["https:\/\/experienciadevida.com.ar\/portalurbano\/wp-content\/uploads\/2022\/08\/Internos-alojados-en-la.jpg",1127,845,false],"newsever-featured":["https:\/\/experienciadevida.com.ar\/portalurbano\/wp-content\/uploads\/2022\/08\/Internos-alojados-en-la.jpg",1024,768,false],"newsever-medium":["https:\/\/experienciadevida.com.ar\/portalurbano\/wp-content\/uploads\/2022\/08\/Internos-alojados-en-la.jpg",633,475,false],"web-stories-poster-portrait":["https:\/\/experienciadevida.com.ar\/portalurbano\/wp-content\/uploads\/2022\/08\/Internos-alojados-en-la-640x853.jpg",640,853,true],"web-stories-publisher-logo":["https:\/\/experienciadevida.com.ar\/portalurbano\/wp-content\/uploads\/2022\/08\/Internos-alojados-en-la-96x96.jpg",96,96,true],"web-stories-thumbnail":["https:\/\/experienciadevida.com.ar\/portalurbano\/wp-content\/uploads\/2022\/08\/Internos-alojados-en-la-150x113.jpg",150,113,true]},"author_info":{"display_name":"admpu17wp","author_link":"https:\/\/experienciadevida.com.ar\/portalurbano\/author\/admpu17wp\/"},"category_info":"<a href=\"https:\/\/experienciadevida.com.ar\/portalurbano\/category\/ciudad\/\" rel=\"category tag\">Ciudad<\/a>","tag_info":"Ciudad","comment_count":"0","amp_enabled":true,"_links":{"self":[{"href":"https:\/\/experienciadevida.com.ar\/portalurbano\/wp-json\/wp\/v2\/posts\/174405"}],"collection":[{"href":"https:\/\/experienciadevida.com.ar\/portalurbano\/wp-json\/wp\/v2\/posts"}],"about":[{"href":"https:\/\/experienciadevida.com.ar\/portalurbano\/wp-json\/wp\/v2\/types\/post"}],"author":[{"embeddable":true,"href":"https:\/\/experienciadevida.com.ar\/portalurbano\/wp-json\/wp\/v2\/users\/1"}],"replies":[{"embeddable":true,"href":"https:\/\/experienciadevida.com.ar\/portalurbano\/wp-json\/wp\/v2\/comments?post=174405"}],"version-history":[{"count":2,"href":"https:\/\/experienciadevida.com.ar\/portalurbano\/wp-json\/wp\/v2\/posts\/174405\/revisions"}],"predecessor-version":[{"id":174414,"href":"https:\/\/experienciadevida.com.ar\/portalurbano\/wp-json\/wp\/v2\/posts\/174405\/revisions\/174414"}],"wp:featuredmedia":[{"embeddable":true,"href":"https:\/\/experienciadevida.com.ar\/portalurbano\/wp-json\/wp\/v2\/media\/174410"}],"wp:attachment":[{"href":"https:\/\/experienciadevida.com.ar\/portalurbano\/wp-json\/wp\/v2\/media?parent=174405"}],"wp:term":[{"taxonomy":"category","embeddable":true,"href":"https:\/\/experienciadevida.com.ar\/portalurbano\/wp-json\/wp\/v2\/categories?post=174405"},{"taxonomy":"post_tag","embeddable":true,"href":"https:\/\/experienciadevida.com.ar\/portalurbano\/wp-json\/wp\/v2\/tags?post=174405"}],"curies":[{"name":"wp","href":"https:\/\/api.w.org\/{rel}","templated":true}]}}