{"id":174400,"date":"2022-08-30T16:43:28","date_gmt":"2022-08-30T19:43:28","guid":{"rendered":"https:\/\/experienciadevida.com.ar\/portalurbano\/?p=174400"},"modified":"2022-08-30T16:46:10","modified_gmt":"2022-08-30T19:46:10","slug":"se-llevaron-a-cabo-diversas-tareas-de-mantenimiento-vial","status":"publish","type":"post","link":"https:\/\/experienciadevida.com.ar\/portalurbano\/se-llevaron-a-cabo-diversas-tareas-de-mantenimiento-vial\/","title":{"rendered":"Se llevaron a cabo diversas tareas de mantenimiento vial"},"content":{"rendered":"<p>Se llevaron a cabo diversas tareas de mantenimiento vial, as\u00ed lo informaron desde la Subsecretar\u00eda de Seguridad, a trav\u00e9s de personal del \u00e1rea de Talleres y de Tr\u00e1nsito de la Direcci\u00f3n de Control <a href=\"https:\/\/www.facebook.com\/municipiodeolavarria\">Urbano<\/a>, se desarrollaron en los \u00faltimos d\u00edas numerosas tareas de mantenimiento y reacondicionamiento en materia de se\u00f1al\u00e9tica y carteler\u00eda vial.<\/p>\n<p>Las labores se llevaron a cabo en puntos estrat\u00e9gicos del casco urbano local y fueron consistentes en la demarcaci\u00f3n de cordones y tanto sitios exclusivos como no permitidos para estacionar.<\/p>\n<p>A la par, como por ejemplo en distintos sectores del barrio Villa Aurora, se efectu\u00f3 la extracci\u00f3n y colocaci\u00f3n de nomencladores, varios de los cuales hab\u00edan sido vandalizados.<\/p>\n<p>Asimismo, en ese mismo punto de la ciudad, tambi\u00e9n se procedi\u00f3 a la colocaci\u00f3n de carteler\u00eda en acceso a instituciones, como as\u00ed tambi\u00e9n advirtiendo sobre cruce de escolares o limitadores de velocidad.<\/p>\n<p>Desde la Subsecretar\u00eda de Seguridad se viene trabajando y estudiando la circulaci\u00f3n de ese sector para implementar medidas que permitan el respeto de las velocidad m\u00e1ximas, entre las que sobresale la instalaci\u00f3n de dos t\u00f3tems en los que se podr\u00e1 visualizar la velocidad en la que circulan los rodados. Los dispositivos ya fueron licitados y est\u00e1n pr\u00f3ximos a ser instalados.<\/p>\n","protected":false},"excerpt":{"rendered":"<p>Se llevaron a cabo diversas tareas de mantenimiento vial, as\u00ed lo informaron desde la Subsecretar\u00eda&#8230;<\/p>\n","protected":false},"author":1,"featured_media":174402,"comment_status":"closed","ping_status":"closed","sticky":false,"template":"","format":"standard","meta":{"content-type":""},"categories":[27,64],"tags":[],"nelio_content":{"isAutoShareEnabled":false,"autoShareEndMode":"default","automationSources":{"useContentSentences":true,"useSocialTemplates":true,"useCustomSentences":false,"customSentences":[]},"followers":[1],"suggestedReferences":[],"includedReferences":[],"efiUrl":"","efiAlt":"","highlights":[]},"yoast_head":"<!-- This site is optimized with the Yoast SEO plugin v20.7 - https:\/\/yoast.com\/wordpress\/plugins\/seo\/ -->\n<title>Se llevaron a cabo diversas tareas de mantenimiento vial<\/title>\n<meta name=\"description\" content=\"Se llevaron a cabo diversas tareas de mantenimiento vial, as\u00ed lo informaron desde la Subsecretar\u00eda de Seguridad, a trav\u00e9s de personal\" \/>\n<meta name=\"robots\" content=\"index, follow, max-snippet:-1, max-image-preview:large, max-video-preview:-1\" \/>\n<link rel=\"canonical\" href=\"https:\/\/experienciadevida.com.ar\/portalurbano\/se-llevaron-a-cabo-diversas-tareas-de-mantenimiento-vial\/\" \/>\n<meta property=\"og:locale\" content=\"es_ES\" \/>\n<meta property=\"og:type\" content=\"article\" \/>\n<meta property=\"og:title\" content=\"Se llevaron a cabo diversas tareas de mantenimiento vial\" \/>\n<meta property=\"og:description\" content=\"Se llevaron a cabo diversas tareas de mantenimiento vial, as\u00ed lo informaron desde la Subsecretar\u00eda de Seguridad, a trav\u00e9s de personal\" \/>\n<meta property=\"og:url\" content=\"https:\/\/experienciadevida.com.ar\/portalurbano\/se-llevaron-a-cabo-diversas-tareas-de-mantenimiento-vial\/\" \/>\n<meta property=\"article:publisher\" content=\"https:\/\/www.facebook.com\/Portal-Urbano-171542830093757\/\" \/>\n<meta property=\"article:published_time\" content=\"2022-08-30T19:43:28+00:00\" \/>\n<meta property=\"article:modified_time\" content=\"2022-08-30T19:46:10+00:00\" \/>\n<meta property=\"og:image\" content=\"https:\/\/experienciadevida.com.ar\/portalurbano\/wp-content\/uploads\/2022\/08\/Se-llevaron-a-cabo.jpg\" \/>\n\t<meta property=\"og:image:width\" content=\"1024\" \/>\n\t<meta property=\"og:image:height\" content=\"682\" \/>\n\t<meta property=\"og:image:type\" content=\"image\/jpeg\" \/>\n<meta name=\"author\" content=\"admpu17wp\" \/>\n<meta name=\"twitter:card\" content=\"summary_large_image\" \/>\n<meta name=\"twitter:creator\" content=\"@portalurbanook\" \/>\n<meta name=\"twitter:site\" content=\"@portalurbanook\" \/>\n<meta name=\"twitter:label1\" content=\"Escrito por\" \/>\n\t<meta name=\"twitter:data1\" content=\"admpu17wp\" \/>\n\t<meta name=\"twitter:label2\" content=\"Tiempo de lectura\" \/>\n\t<meta name=\"twitter:data2\" content=\"1 minuto\" \/>\n<script type=\"application\/ld+json\" class=\"yoast-schema-graph\">{\"@context\":\"https:\/\/schema.org\",\"@graph\":[{\"@type\":\"Article\",\"@id\":\"https:\/\/experienciadevida.com.ar\/portalurbano\/se-llevaron-a-cabo-diversas-tareas-de-mantenimiento-vial\/#article\",\"isPartOf\":{\"@id\":\"https:\/\/experienciadevida.com.ar\/portalurbano\/se-llevaron-a-cabo-diversas-tareas-de-mantenimiento-vial\/\"},\"author\":{\"name\":\"admpu17wp\",\"@id\":\"https:\/\/experienciadevida.com.ar\/portalurbano\/#\/schema\/person\/02dd326b1c4b056e9cc972486934a3a7\"},\"headline\":\"Se llevaron a cabo diversas tareas de mantenimiento vial\",\"datePublished\":\"2022-08-30T19:43:28+00:00\",\"dateModified\":\"2022-08-30T19:46:10+00:00\",\"mainEntityOfPage\":{\"@id\":\"https:\/\/experienciadevida.com.ar\/portalurbano\/se-llevaron-a-cabo-diversas-tareas-de-mantenimiento-vial\/\"},\"wordCount\":236,\"publisher\":{\"@id\":\"https:\/\/experienciadevida.com.ar\/portalurbano\/#organization\"},\"articleSection\":[\"Ciudad\",\"Destacadas 2\"],\"inLanguage\":\"es\"},{\"@type\":\"WebPage\",\"@id\":\"https:\/\/experienciadevida.com.ar\/portalurbano\/se-llevaron-a-cabo-diversas-tareas-de-mantenimiento-vial\/\",\"url\":\"https:\/\/experienciadevida.com.ar\/portalurbano\/se-llevaron-a-cabo-diversas-tareas-de-mantenimiento-vial\/\",\"name\":\"Se llevaron a cabo diversas tareas de mantenimiento vial\",\"isPartOf\":{\"@id\":\"https:\/\/experienciadevida.com.ar\/portalurbano\/#website\"},\"datePublished\":\"2022-08-30T19:43:28+00:00\",\"dateModified\":\"2022-08-30T19:46:10+00:00\",\"description\":\"Se llevaron a cabo diversas tareas de mantenimiento vial, as\u00ed lo informaron desde la Subsecretar\u00eda de Seguridad, a trav\u00e9s de personal\",\"breadcrumb\":{\"@id\":\"https:\/\/experienciadevida.com.ar\/portalurbano\/se-llevaron-a-cabo-diversas-tareas-de-mantenimiento-vial\/#breadcrumb\"},\"inLanguage\":\"es\",\"potentialAction\":[{\"@type\":\"ReadAction\",\"target\":[\"https:\/\/experienciadevida.com.ar\/portalurbano\/se-llevaron-a-cabo-diversas-tareas-de-mantenimiento-vial\/\"]}]},{\"@type\":\"BreadcrumbList\",\"@id\":\"https:\/\/experienciadevida.com.ar\/portalurbano\/se-llevaron-a-cabo-diversas-tareas-de-mantenimiento-vial\/#breadcrumb\",\"itemListElement\":[{\"@type\":\"ListItem\",\"position\":1,\"name\":\"Portada\",\"item\":\"https:\/\/experienciadevida.com.ar\/portalurbano\/\"},{\"@type\":\"ListItem\",\"position\":2,\"name\":\"Se llevaron a cabo diversas tareas de mantenimiento vial\"}]},{\"@type\":\"WebSite\",\"@id\":\"https:\/\/experienciadevida.com.ar\/portalurbano\/#website\",\"url\":\"https:\/\/experienciadevida.com.ar\/portalurbano\/\",\"name\":\"\",\"description\":\"\",\"publisher\":{\"@id\":\"https:\/\/experienciadevida.com.ar\/portalurbano\/#organization\"},\"potentialAction\":[{\"@type\":\"SearchAction\",\"target\":{\"@type\":\"EntryPoint\",\"urlTemplate\":\"https:\/\/experienciadevida.com.ar\/portalurbano\/?s={search_term_string}\"},\"query-input\":\"required name=search_term_string\"}],\"inLanguage\":\"es\"},{\"@type\":\"Organization\",\"@id\":\"https:\/\/experienciadevida.com.ar\/portalurbano\/#organization\",\"name\":\"Portal Urbano\",\"url\":\"https:\/\/experienciadevida.com.ar\/portalurbano\/\",\"logo\":{\"@type\":\"ImageObject\",\"inLanguage\":\"es\",\"@id\":\"https:\/\/experienciadevida.com.ar\/portalurbano\/#\/schema\/logo\/image\/\",\"url\":\"https:\/\/experienciadevida.com.ar\/portalurbano\/wp-content\/uploads\/2019\/09\/Logo-Original.png\",\"contentUrl\":\"https:\/\/experienciadevida.com.ar\/portalurbano\/wp-content\/uploads\/2019\/09\/Logo-Original.png\",\"width\":2236,\"height\":1216,\"caption\":\"Portal Urbano\"},\"image\":{\"@id\":\"https:\/\/experienciadevida.com.ar\/portalurbano\/#\/schema\/logo\/image\/\"},\"sameAs\":[\"https:\/\/www.facebook.com\/Portal-Urbano-171542830093757\/\",\"https:\/\/twitter.com\/portalurbanook\",\"https:\/\/www.instagram.com\/_portalurbano\/\",\"https:\/\/www.youtube.com\/channel\/UCXhagIfszH8KxFiOok79zbA?view_as=subscriber\"]},{\"@type\":\"Person\",\"@id\":\"https:\/\/experienciadevida.com.ar\/portalurbano\/#\/schema\/person\/02dd326b1c4b056e9cc972486934a3a7\",\"name\":\"admpu17wp\",\"image\":{\"@type\":\"ImageObject\",\"inLanguage\":\"es\",\"@id\":\"https:\/\/experienciadevida.com.ar\/portalurbano\/#\/schema\/person\/image\/\",\"url\":\"https:\/\/secure.gravatar.com\/avatar\/830d4c57adaae6630765e449a6908047?s=96&d=mm&r=g\",\"contentUrl\":\"https:\/\/secure.gravatar.com\/avatar\/830d4c57adaae6630765e449a6908047?s=96&d=mm&r=g\",\"caption\":\"admpu17wp\"}}]}<\/script>\n<!-- \/ Yoast SEO plugin. -->","yoast_head_json":{"title":"Se llevaron a cabo diversas tareas de mantenimiento vial","description":"Se llevaron a cabo diversas tareas de mantenimiento vial, as\u00ed lo informaron desde la Subsecretar\u00eda de Seguridad, a trav\u00e9s de personal","robots":{"index":"index","follow":"follow","max-snippet":"max-snippet:-1","max-image-preview":"max-image-preview:large","max-video-preview":"max-video-preview:-1"},"canonical":"https:\/\/experienciadevida.com.ar\/portalurbano\/se-llevaron-a-cabo-diversas-tareas-de-mantenimiento-vial\/","og_locale":"es_ES","og_type":"article","og_title":"Se llevaron a cabo diversas tareas de mantenimiento vial","og_description":"Se llevaron a cabo diversas tareas de mantenimiento vial, as\u00ed lo informaron desde la Subsecretar\u00eda de Seguridad, a trav\u00e9s de personal","og_url":"https:\/\/experienciadevida.com.ar\/portalurbano\/se-llevaron-a-cabo-diversas-tareas-de-mantenimiento-vial\/","article_publisher":"https:\/\/www.facebook.com\/Portal-Urbano-171542830093757\/","article_published_time":"2022-08-30T19:43:28+00:00","article_modified_time":"2022-08-30T19:46:10+00:00","og_image":[{"width":1024,"height":682,"url":"https:\/\/experienciadevida.com.ar\/portalurbano\/wp-content\/uploads\/2022\/08\/Se-llevaron-a-cabo.jpg","type":"image\/jpeg"}],"author":"admpu17wp","twitter_card":"summary_large_image","twitter_creator":"@portalurbanook","twitter_site":"@portalurbanook","twitter_misc":{"Escrito por":"admpu17wp","Tiempo de lectura":"1 minuto"},"schema":{"@context":"https:\/\/schema.org","@graph":[{"@type":"Article","@id":"https:\/\/experienciadevida.com.ar\/portalurbano\/se-llevaron-a-cabo-diversas-tareas-de-mantenimiento-vial\/#article","isPartOf":{"@id":"https:\/\/experienciadevida.com.ar\/portalurbano\/se-llevaron-a-cabo-diversas-tareas-de-mantenimiento-vial\/"},"author":{"name":"admpu17wp","@id":"https:\/\/experienciadevida.com.ar\/portalurbano\/#\/schema\/person\/02dd326b1c4b056e9cc972486934a3a7"},"headline":"Se llevaron a cabo diversas tareas de mantenimiento vial","datePublished":"2022-08-30T19:43:28+00:00","dateModified":"2022-08-30T19:46:10+00:00","mainEntityOfPage":{"@id":"https:\/\/experienciadevida.com.ar\/portalurbano\/se-llevaron-a-cabo-diversas-tareas-de-mantenimiento-vial\/"},"wordCount":236,"publisher":{"@id":"https:\/\/experienciadevida.com.ar\/portalurbano\/#organization"},"articleSection":["Ciudad","Destacadas 2"],"inLanguage":"es"},{"@type":"WebPage","@id":"https:\/\/experienciadevida.com.ar\/portalurbano\/se-llevaron-a-cabo-diversas-tareas-de-mantenimiento-vial\/","url":"https:\/\/experienciadevida.com.ar\/portalurbano\/se-llevaron-a-cabo-diversas-tareas-de-mantenimiento-vial\/","name":"Se llevaron a cabo diversas tareas de mantenimiento vial","isPartOf":{"@id":"https:\/\/experienciadevida.com.ar\/portalurbano\/#website"},"datePublished":"2022-08-30T19:43:28+00:00","dateModified":"2022-08-30T19:46:10+00:00","description":"Se llevaron a cabo diversas tareas de mantenimiento vial, as\u00ed lo informaron desde la Subsecretar\u00eda de Seguridad, a trav\u00e9s de personal","breadcrumb":{"@id":"https:\/\/experienciadevida.com.ar\/portalurbano\/se-llevaron-a-cabo-diversas-tareas-de-mantenimiento-vial\/#breadcrumb"},"inLanguage":"es","potentialAction":[{"@type":"ReadAction","target":["https:\/\/experienciadevida.com.ar\/portalurbano\/se-llevaron-a-cabo-diversas-tareas-de-mantenimiento-vial\/"]}]},{"@type":"BreadcrumbList","@id":"https:\/\/experienciadevida.com.ar\/portalurbano\/se-llevaron-a-cabo-diversas-tareas-de-mantenimiento-vial\/#breadcrumb","itemListElement":[{"@type":"ListItem","position":1,"name":"Portada","item":"https:\/\/experienciadevida.com.ar\/portalurbano\/"},{"@type":"ListItem","position":2,"name":"Se llevaron a cabo diversas tareas de mantenimiento vial"}]},{"@type":"WebSite","@id":"https:\/\/experienciadevida.com.ar\/portalurbano\/#website","url":"https:\/\/experienciadevida.com.ar\/portalurbano\/","name":"","description":"","publisher":{"@id":"https:\/\/experienciadevida.com.ar\/portalurbano\/#organization"},"potentialAction":[{"@type":"SearchAction","target":{"@type":"EntryPoint","urlTemplate":"https:\/\/experienciadevida.com.ar\/portalurbano\/?s={search_term_string}"},"query-input":"required name=search_term_string"}],"inLanguage":"es"},{"@type":"Organization","@id":"https:\/\/experienciadevida.com.ar\/portalurbano\/#organization","name":"Portal Urbano","url":"https:\/\/experienciadevida.com.ar\/portalurbano\/","logo":{"@type":"ImageObject","inLanguage":"es","@id":"https:\/\/experienciadevida.com.ar\/portalurbano\/#\/schema\/logo\/image\/","url":"https:\/\/experienciadevida.com.ar\/portalurbano\/wp-content\/uploads\/2019\/09\/Logo-Original.png","contentUrl":"https:\/\/experienciadevida.com.ar\/portalurbano\/wp-content\/uploads\/2019\/09\/Logo-Original.png","width":2236,"height":1216,"caption":"Portal Urbano"},"image":{"@id":"https:\/\/experienciadevida.com.ar\/portalurbano\/#\/schema\/logo\/image\/"},"sameAs":["https:\/\/www.facebook.com\/Portal-Urbano-171542830093757\/","https:\/\/twitter.com\/portalurbanook","https:\/\/www.instagram.com\/_portalurbano\/","https:\/\/www.youtube.com\/channel\/UCXhagIfszH8KxFiOok79zbA?view_as=subscriber"]},{"@type":"Person","@id":"https:\/\/experienciadevida.com.ar\/portalurbano\/#\/schema\/person\/02dd326b1c4b056e9cc972486934a3a7","name":"admpu17wp","image":{"@type":"ImageObject","inLanguage":"es","@id":"https:\/\/experienciadevida.com.ar\/portalurbano\/#\/schema\/person\/image\/","url":"https:\/\/secure.gravatar.com\/avatar\/830d4c57adaae6630765e449a6908047?s=96&d=mm&r=g","contentUrl":"https:\/\/secure.gravatar.com\/avatar\/830d4c57adaae6630765e449a6908047?s=96&d=mm&r=g","caption":"admpu17wp"}}]}},"featured_image_urls":{"full":["https:\/\/experienciadevida.com.ar\/portalurbano\/wp-content\/uploads\/2022\/08\/Se-llevaron-a-cabo.jpg",1024,682,false],"thumbnail":["https:\/\/experienciadevida.com.ar\/portalurbano\/wp-content\/uploads\/2022\/08\/Se-llevaron-a-cabo-150x150.jpg",150,150,true],"medium":["https:\/\/experienciadevida.com.ar\/portalurbano\/wp-content\/uploads\/2022\/08\/Se-llevaron-a-cabo-300x200.jpg",300,200,true],"medium_large":["https:\/\/experienciadevida.com.ar\/portalurbano\/wp-content\/uploads\/2022\/08\/Se-llevaron-a-cabo-768x512.jpg",640,427,true],"large":["https:\/\/experienciadevida.com.ar\/portalurbano\/wp-content\/uploads\/2022\/08\/Se-llevaron-a-cabo.jpg",640,426,false],"ug_big":["https:\/\/experienciadevida.com.ar\/portalurbano\/wp-content\/uploads\/2022\/08\/Se-llevaron-a-cabo-768x512.jpg",768,512,true],"1536x1536":["https:\/\/experienciadevida.com.ar\/portalurbano\/wp-content\/uploads\/2022\/08\/Se-llevaron-a-cabo.jpg",1024,682,false],"2048x2048":["https:\/\/experienciadevida.com.ar\/portalurbano\/wp-content\/uploads\/2022\/08\/Se-llevaron-a-cabo.jpg",1024,682,false],"newsever-slider-full":["https:\/\/experienciadevida.com.ar\/portalurbano\/wp-content\/uploads\/2022\/08\/Se-llevaron-a-cabo.jpg",1024,682,false],"newsever-featured":["https:\/\/experienciadevida.com.ar\/portalurbano\/wp-content\/uploads\/2022\/08\/Se-llevaron-a-cabo.jpg",1024,682,false],"newsever-medium":["https:\/\/experienciadevida.com.ar\/portalurbano\/wp-content\/uploads\/2022\/08\/Se-llevaron-a-cabo.jpg",713,475,false],"web-stories-poster-portrait":["https:\/\/experienciadevida.com.ar\/portalurbano\/wp-content\/uploads\/2022\/08\/Se-llevaron-a-cabo-640x682.jpg",640,682,true],"web-stories-publisher-logo":["https:\/\/experienciadevida.com.ar\/portalurbano\/wp-content\/uploads\/2022\/08\/Se-llevaron-a-cabo-96x96.jpg",96,96,true],"web-stories-thumbnail":["https:\/\/experienciadevida.com.ar\/portalurbano\/wp-content\/uploads\/2022\/08\/Se-llevaron-a-cabo-150x100.jpg",150,100,true]},"author_info":{"display_name":"admpu17wp","author_link":"https:\/\/experienciadevida.com.ar\/portalurbano\/author\/admpu17wp\/"},"category_info":"<a href=\"https:\/\/experienciadevida.com.ar\/portalurbano\/category\/ciudad\/\" rel=\"category tag\">Ciudad<\/a> <a href=\"https:\/\/experienciadevida.com.ar\/portalurbano\/category\/destacadas-2\/\" rel=\"category tag\">Destacadas 2<\/a>","tag_info":"Destacadas 2","comment_count":"0","amp_enabled":true,"_links":{"self":[{"href":"https:\/\/experienciadevida.com.ar\/portalurbano\/wp-json\/wp\/v2\/posts\/174400"}],"collection":[{"href":"https:\/\/experienciadevida.com.ar\/portalurbano\/wp-json\/wp\/v2\/posts"}],"about":[{"href":"https:\/\/experienciadevida.com.ar\/portalurbano\/wp-json\/wp\/v2\/types\/post"}],"author":[{"embeddable":true,"href":"https:\/\/experienciadevida.com.ar\/portalurbano\/wp-json\/wp\/v2\/users\/1"}],"replies":[{"embeddable":true,"href":"https:\/\/experienciadevida.com.ar\/portalurbano\/wp-json\/wp\/v2\/comments?post=174400"}],"version-history":[{"count":2,"href":"https:\/\/experienciadevida.com.ar\/portalurbano\/wp-json\/wp\/v2\/posts\/174400\/revisions"}],"predecessor-version":[{"id":174404,"href":"https:\/\/experienciadevida.com.ar\/portalurbano\/wp-json\/wp\/v2\/posts\/174400\/revisions\/174404"}],"wp:featuredmedia":[{"embeddable":true,"href":"https:\/\/experienciadevida.com.ar\/portalurbano\/wp-json\/wp\/v2\/media\/174402"}],"wp:attachment":[{"href":"https:\/\/experienciadevida.com.ar\/portalurbano\/wp-json\/wp\/v2\/media?parent=174400"}],"wp:term":[{"taxonomy":"category","embeddable":true,"href":"https:\/\/experienciadevida.com.ar\/portalurbano\/wp-json\/wp\/v2\/categories?post=174400"},{"taxonomy":"post_tag","embeddable":true,"href":"https:\/\/experienciadevida.com.ar\/portalurbano\/wp-json\/wp\/v2\/tags?post=174400"}],"curies":[{"name":"wp","href":"https:\/\/api.w.org\/{rel}","templated":true}]}}