{"id":174377,"date":"2022-08-30T08:41:16","date_gmt":"2022-08-30T11:41:16","guid":{"rendered":"https:\/\/experienciadevida.com.ar\/portalurbano\/?p=174377"},"modified":"2022-08-30T08:43:04","modified_gmt":"2022-08-30T11:43:04","slug":"chicos-de-distintos-barrios-jugaron-en-la-plaza-diego-wagner-clar","status":"publish","type":"post","link":"https:\/\/experienciadevida.com.ar\/portalurbano\/chicos-de-distintos-barrios-jugaron-en-la-plaza-diego-wagner-clar\/","title":{"rendered":"Chicos de distintos barrios jugaron en la plaza \u201cDiego Wagner Clar\u201d"},"content":{"rendered":"<p>Chicos de distintos barrios jugaron en la plaza \u201cDiego Wagner Clar\u201d, en la tarde del \u00faltimo domingo se llev\u00f3 a cabo una nueva jornada recreativa y social enmarcada en el programa \u201cJuguemos en la Plaza\u201d, impulsado desde la Direcci\u00f3n de Deporte Social de la Subsecretar\u00eda de Deportes y Recreaci\u00f3n de la <a href=\"https:\/\/www.facebook.com\/municipiodeolavarria\">Municipalidad<\/a> de Olavarr\u00eda.<\/p>\n<p><a href=\"https:\/\/experienciadevida.com.ar\/portalurbano\/chicos-de-distintos-barrios-jugaron-en-la-plaza-diego-wagner-clar\/chicos-2\/\" rel=\"attachment wp-att-174379\"><img decoding=\"async\" class=\"alignnone size-large wp-image-174379\" src=\"https:\/\/experienciadevida.com.ar\/portalurbano\/wp-content\/uploads\/2022\/08\/Chicos-1024x682.jpg\" alt=\"Chicos \" width=\"900\" height=\"599\" srcset=\"https:\/\/experienciadevida.com.ar\/portalurbano\/wp-content\/uploads\/2022\/08\/Chicos-1024x682.jpg 1024w, https:\/\/experienciadevida.com.ar\/portalurbano\/wp-content\/uploads\/2022\/08\/Chicos-300x200.jpg 300w, https:\/\/experienciadevida.com.ar\/portalurbano\/wp-content\/uploads\/2022\/08\/Chicos-768x512.jpg 768w, https:\/\/experienciadevida.com.ar\/portalurbano\/wp-content\/uploads\/2022\/08\/Chicos-1536x1024.jpg 1536w, https:\/\/experienciadevida.com.ar\/portalurbano\/wp-content\/uploads\/2022\/08\/Chicos-150x100.jpg 150w, https:\/\/experienciadevida.com.ar\/portalurbano\/wp-content\/uploads\/2022\/08\/Chicos.jpg 1772w\" sizes=\"(max-width: 900px) 100vw, 900px\" \/><\/a><\/p>\n<p>La actividad en esta ocasi\u00f3n se realiz\u00f3 en el parque lineal \u201cDiego Wagner Clar\u201d, del barrio Villa Magdalena, pero con la participaci\u00f3n no s\u00f3lo de ni\u00f1os, ni\u00f1as y familias de ese barrio, sino tambi\u00e9n de Villa Aurora, Villa Mail\u00edn y sectores aleda\u00f1os.<\/p>\n<p>Concurrieron alrededor de 40 chicos y chicas, acompa\u00f1ados de sus padres, madres, abuelos y abuelas, quienes disfrutaron en familia de una tarde a pleno sol. La propuesta se inici\u00f3 poco despu\u00e9s de las 15 y se prolong\u00f3 hasta aproximadamente las 17 horas.<\/p>\n<p>El programa tiene como objetivo que las plazas y espacios p\u00fablicos de la ciudad y el Partido vuelvan a consolidarse como punto de encuentro y de juego de los m\u00e1s chicos, por eso en cada jornada se ofrecen distintas actividades que avanzan no s\u00f3lo en lo l\u00fadico, sino tambi\u00e9n en lo recreativo y la educaci\u00f3n f\u00edsica, sin perder el est\u00edmulo y el \u00e9nfasis en lo social.<\/p>\n<p>La pr\u00f3xima jornada se llevar\u00e1 a cabo el 11 de septiembre en el parque Avellaneda, por lo que se invita a vecinos y vecinas de ese punto de la ciudad a marcar en el calendario esa fecha.<\/p>\n<p><a href=\"https:\/\/experienciadevida.com.ar\/portalurbano\/chicos-de-distintos-barrios-jugaron-en-la-plaza-diego-wagner-clar\/de-distintos\/\" rel=\"attachment wp-att-174380\"><img decoding=\"async\" class=\"alignnone size-large wp-image-174380\" src=\"https:\/\/experienciadevida.com.ar\/portalurbano\/wp-content\/uploads\/2022\/08\/de-distintos-1024x682.jpg\" alt=\"de distintos \" width=\"900\" height=\"599\" srcset=\"https:\/\/experienciadevida.com.ar\/portalurbano\/wp-content\/uploads\/2022\/08\/de-distintos-1024x682.jpg 1024w, https:\/\/experienciadevida.com.ar\/portalurbano\/wp-content\/uploads\/2022\/08\/de-distintos-300x200.jpg 300w, https:\/\/experienciadevida.com.ar\/portalurbano\/wp-content\/uploads\/2022\/08\/de-distintos-768x512.jpg 768w, https:\/\/experienciadevida.com.ar\/portalurbano\/wp-content\/uploads\/2022\/08\/de-distintos-1536x1024.jpg 1536w, https:\/\/experienciadevida.com.ar\/portalurbano\/wp-content\/uploads\/2022\/08\/de-distintos-150x100.jpg 150w, https:\/\/experienciadevida.com.ar\/portalurbano\/wp-content\/uploads\/2022\/08\/de-distintos.jpg 1772w\" sizes=\"(max-width: 900px) 100vw, 900px\" \/><\/a><\/p>\n","protected":false},"excerpt":{"rendered":"<p>Chicos de distintos barrios jugaron en la plaza \u201cDiego Wagner Clar\u201d, en la tarde del&#8230;<\/p>\n","protected":false},"author":1,"featured_media":174378,"comment_status":"closed","ping_status":"closed","sticky":false,"template":"","format":"standard","meta":{"content-type":""},"categories":[27],"tags":[],"nelio_content":{"isAutoShareEnabled":false,"autoShareEndMode":"default","automationSources":{"useContentSentences":true,"useSocialTemplates":true,"useCustomSentences":false,"customSentences":[]},"followers":[1],"suggestedReferences":[],"includedReferences":[],"efiUrl":"","efiAlt":"","highlights":[]},"yoast_head":"<!-- This site is optimized with the Yoast SEO plugin v20.7 - https:\/\/yoast.com\/wordpress\/plugins\/seo\/ -->\n<title>Chicos de distintos barrios jugaron en la plaza Diego Wanger Clar<\/title>\n<meta name=\"description\" content=\"Chicos de distintos barrios jugaron en la plaza \u201cDiego Wagner Clar\u201d, en la tarde del \u00faltimo domingo se llev\u00f3 a cabo una nueva jornada\" \/>\n<meta name=\"robots\" content=\"index, follow, max-snippet:-1, max-image-preview:large, max-video-preview:-1\" \/>\n<link rel=\"canonical\" href=\"https:\/\/experienciadevida.com.ar\/portalurbano\/chicos-de-distintos-barrios-jugaron-en-la-plaza-diego-wagner-clar\/\" \/>\n<meta property=\"og:locale\" content=\"es_ES\" \/>\n<meta property=\"og:type\" content=\"article\" \/>\n<meta property=\"og:title\" content=\"Chicos de distintos barrios jugaron en la plaza Diego Wanger Clar\" \/>\n<meta property=\"og:description\" content=\"Chicos de distintos barrios jugaron en la plaza \u201cDiego Wagner Clar\u201d, en la tarde del \u00faltimo domingo se llev\u00f3 a cabo una nueva jornada\" \/>\n<meta property=\"og:url\" content=\"https:\/\/experienciadevida.com.ar\/portalurbano\/chicos-de-distintos-barrios-jugaron-en-la-plaza-diego-wagner-clar\/\" \/>\n<meta property=\"article:publisher\" content=\"https:\/\/www.facebook.com\/Portal-Urbano-171542830093757\/\" \/>\n<meta property=\"article:published_time\" content=\"2022-08-30T11:41:16+00:00\" \/>\n<meta property=\"article:modified_time\" content=\"2022-08-30T11:43:04+00:00\" \/>\n<meta property=\"og:image\" content=\"https:\/\/experienciadevida.com.ar\/portalurbano\/wp-content\/uploads\/2022\/08\/Chicos-de-distintos-barrios.jpg\" \/>\n\t<meta property=\"og:image:width\" content=\"1772\" \/>\n\t<meta property=\"og:image:height\" content=\"1181\" \/>\n\t<meta property=\"og:image:type\" content=\"image\/jpeg\" \/>\n<meta name=\"author\" content=\"admpu17wp\" \/>\n<meta name=\"twitter:card\" content=\"summary_large_image\" \/>\n<meta name=\"twitter:creator\" content=\"@portalurbanook\" \/>\n<meta name=\"twitter:site\" content=\"@portalurbanook\" \/>\n<meta name=\"twitter:label1\" content=\"Escrito por\" \/>\n\t<meta name=\"twitter:data1\" content=\"admpu17wp\" \/>\n\t<meta name=\"twitter:label2\" content=\"Tiempo de lectura\" \/>\n\t<meta name=\"twitter:data2\" content=\"2 minutos\" \/>\n<script type=\"application\/ld+json\" class=\"yoast-schema-graph\">{\"@context\":\"https:\/\/schema.org\",\"@graph\":[{\"@type\":\"Article\",\"@id\":\"https:\/\/experienciadevida.com.ar\/portalurbano\/chicos-de-distintos-barrios-jugaron-en-la-plaza-diego-wagner-clar\/#article\",\"isPartOf\":{\"@id\":\"https:\/\/experienciadevida.com.ar\/portalurbano\/chicos-de-distintos-barrios-jugaron-en-la-plaza-diego-wagner-clar\/\"},\"author\":{\"name\":\"admpu17wp\",\"@id\":\"https:\/\/experienciadevida.com.ar\/portalurbano\/#\/schema\/person\/02dd326b1c4b056e9cc972486934a3a7\"},\"headline\":\"Chicos de distintos barrios jugaron en la plaza \u201cDiego Wagner Clar\u201d\",\"datePublished\":\"2022-08-30T11:41:16+00:00\",\"dateModified\":\"2022-08-30T11:43:04+00:00\",\"mainEntityOfPage\":{\"@id\":\"https:\/\/experienciadevida.com.ar\/portalurbano\/chicos-de-distintos-barrios-jugaron-en-la-plaza-diego-wagner-clar\/\"},\"wordCount\":271,\"publisher\":{\"@id\":\"https:\/\/experienciadevida.com.ar\/portalurbano\/#organization\"},\"articleSection\":[\"Ciudad\"],\"inLanguage\":\"es\"},{\"@type\":\"WebPage\",\"@id\":\"https:\/\/experienciadevida.com.ar\/portalurbano\/chicos-de-distintos-barrios-jugaron-en-la-plaza-diego-wagner-clar\/\",\"url\":\"https:\/\/experienciadevida.com.ar\/portalurbano\/chicos-de-distintos-barrios-jugaron-en-la-plaza-diego-wagner-clar\/\",\"name\":\"Chicos de distintos barrios jugaron en la plaza Diego Wanger Clar\",\"isPartOf\":{\"@id\":\"https:\/\/experienciadevida.com.ar\/portalurbano\/#website\"},\"datePublished\":\"2022-08-30T11:41:16+00:00\",\"dateModified\":\"2022-08-30T11:43:04+00:00\",\"description\":\"Chicos de distintos barrios jugaron en la plaza \u201cDiego Wagner Clar\u201d, en la tarde del \u00faltimo domingo se llev\u00f3 a cabo una nueva jornada\",\"breadcrumb\":{\"@id\":\"https:\/\/experienciadevida.com.ar\/portalurbano\/chicos-de-distintos-barrios-jugaron-en-la-plaza-diego-wagner-clar\/#breadcrumb\"},\"inLanguage\":\"es\",\"potentialAction\":[{\"@type\":\"ReadAction\",\"target\":[\"https:\/\/experienciadevida.com.ar\/portalurbano\/chicos-de-distintos-barrios-jugaron-en-la-plaza-diego-wagner-clar\/\"]}]},{\"@type\":\"BreadcrumbList\",\"@id\":\"https:\/\/experienciadevida.com.ar\/portalurbano\/chicos-de-distintos-barrios-jugaron-en-la-plaza-diego-wagner-clar\/#breadcrumb\",\"itemListElement\":[{\"@type\":\"ListItem\",\"position\":1,\"name\":\"Portada\",\"item\":\"https:\/\/experienciadevida.com.ar\/portalurbano\/\"},{\"@type\":\"ListItem\",\"position\":2,\"name\":\"Chicos de distintos barrios jugaron en la plaza \u201cDiego Wagner Clar\u201d\"}]},{\"@type\":\"WebSite\",\"@id\":\"https:\/\/experienciadevida.com.ar\/portalurbano\/#website\",\"url\":\"https:\/\/experienciadevida.com.ar\/portalurbano\/\",\"name\":\"\",\"description\":\"\",\"publisher\":{\"@id\":\"https:\/\/experienciadevida.com.ar\/portalurbano\/#organization\"},\"potentialAction\":[{\"@type\":\"SearchAction\",\"target\":{\"@type\":\"EntryPoint\",\"urlTemplate\":\"https:\/\/experienciadevida.com.ar\/portalurbano\/?s={search_term_string}\"},\"query-input\":\"required name=search_term_string\"}],\"inLanguage\":\"es\"},{\"@type\":\"Organization\",\"@id\":\"https:\/\/experienciadevida.com.ar\/portalurbano\/#organization\",\"name\":\"Portal Urbano\",\"url\":\"https:\/\/experienciadevida.com.ar\/portalurbano\/\",\"logo\":{\"@type\":\"ImageObject\",\"inLanguage\":\"es\",\"@id\":\"https:\/\/experienciadevida.com.ar\/portalurbano\/#\/schema\/logo\/image\/\",\"url\":\"https:\/\/experienciadevida.com.ar\/portalurbano\/wp-content\/uploads\/2019\/09\/Logo-Original.png\",\"contentUrl\":\"https:\/\/experienciadevida.com.ar\/portalurbano\/wp-content\/uploads\/2019\/09\/Logo-Original.png\",\"width\":2236,\"height\":1216,\"caption\":\"Portal Urbano\"},\"image\":{\"@id\":\"https:\/\/experienciadevida.com.ar\/portalurbano\/#\/schema\/logo\/image\/\"},\"sameAs\":[\"https:\/\/www.facebook.com\/Portal-Urbano-171542830093757\/\",\"https:\/\/twitter.com\/portalurbanook\",\"https:\/\/www.instagram.com\/_portalurbano\/\",\"https:\/\/www.youtube.com\/channel\/UCXhagIfszH8KxFiOok79zbA?view_as=subscriber\"]},{\"@type\":\"Person\",\"@id\":\"https:\/\/experienciadevida.com.ar\/portalurbano\/#\/schema\/person\/02dd326b1c4b056e9cc972486934a3a7\",\"name\":\"admpu17wp\",\"image\":{\"@type\":\"ImageObject\",\"inLanguage\":\"es\",\"@id\":\"https:\/\/experienciadevida.com.ar\/portalurbano\/#\/schema\/person\/image\/\",\"url\":\"https:\/\/secure.gravatar.com\/avatar\/830d4c57adaae6630765e449a6908047?s=96&d=mm&r=g\",\"contentUrl\":\"https:\/\/secure.gravatar.com\/avatar\/830d4c57adaae6630765e449a6908047?s=96&d=mm&r=g\",\"caption\":\"admpu17wp\"}}]}<\/script>\n<!-- \/ Yoast SEO plugin. -->","yoast_head_json":{"title":"Chicos de distintos barrios jugaron en la plaza Diego Wanger Clar","description":"Chicos de distintos barrios jugaron en la plaza \u201cDiego Wagner Clar\u201d, en la tarde del \u00faltimo domingo se llev\u00f3 a cabo una nueva jornada","robots":{"index":"index","follow":"follow","max-snippet":"max-snippet:-1","max-image-preview":"max-image-preview:large","max-video-preview":"max-video-preview:-1"},"canonical":"https:\/\/experienciadevida.com.ar\/portalurbano\/chicos-de-distintos-barrios-jugaron-en-la-plaza-diego-wagner-clar\/","og_locale":"es_ES","og_type":"article","og_title":"Chicos de distintos barrios jugaron en la plaza Diego Wanger Clar","og_description":"Chicos de distintos barrios jugaron en la plaza \u201cDiego Wagner Clar\u201d, en la tarde del \u00faltimo domingo se llev\u00f3 a cabo una nueva jornada","og_url":"https:\/\/experienciadevida.com.ar\/portalurbano\/chicos-de-distintos-barrios-jugaron-en-la-plaza-diego-wagner-clar\/","article_publisher":"https:\/\/www.facebook.com\/Portal-Urbano-171542830093757\/","article_published_time":"2022-08-30T11:41:16+00:00","article_modified_time":"2022-08-30T11:43:04+00:00","og_image":[{"width":1772,"height":1181,"url":"https:\/\/experienciadevida.com.ar\/portalurbano\/wp-content\/uploads\/2022\/08\/Chicos-de-distintos-barrios.jpg","type":"image\/jpeg"}],"author":"admpu17wp","twitter_card":"summary_large_image","twitter_creator":"@portalurbanook","twitter_site":"@portalurbanook","twitter_misc":{"Escrito por":"admpu17wp","Tiempo de lectura":"2 minutos"},"schema":{"@context":"https:\/\/schema.org","@graph":[{"@type":"Article","@id":"https:\/\/experienciadevida.com.ar\/portalurbano\/chicos-de-distintos-barrios-jugaron-en-la-plaza-diego-wagner-clar\/#article","isPartOf":{"@id":"https:\/\/experienciadevida.com.ar\/portalurbano\/chicos-de-distintos-barrios-jugaron-en-la-plaza-diego-wagner-clar\/"},"author":{"name":"admpu17wp","@id":"https:\/\/experienciadevida.com.ar\/portalurbano\/#\/schema\/person\/02dd326b1c4b056e9cc972486934a3a7"},"headline":"Chicos de distintos barrios jugaron en la plaza \u201cDiego Wagner Clar\u201d","datePublished":"2022-08-30T11:41:16+00:00","dateModified":"2022-08-30T11:43:04+00:00","mainEntityOfPage":{"@id":"https:\/\/experienciadevida.com.ar\/portalurbano\/chicos-de-distintos-barrios-jugaron-en-la-plaza-diego-wagner-clar\/"},"wordCount":271,"publisher":{"@id":"https:\/\/experienciadevida.com.ar\/portalurbano\/#organization"},"articleSection":["Ciudad"],"inLanguage":"es"},{"@type":"WebPage","@id":"https:\/\/experienciadevida.com.ar\/portalurbano\/chicos-de-distintos-barrios-jugaron-en-la-plaza-diego-wagner-clar\/","url":"https:\/\/experienciadevida.com.ar\/portalurbano\/chicos-de-distintos-barrios-jugaron-en-la-plaza-diego-wagner-clar\/","name":"Chicos de distintos barrios jugaron en la plaza Diego Wanger Clar","isPartOf":{"@id":"https:\/\/experienciadevida.com.ar\/portalurbano\/#website"},"datePublished":"2022-08-30T11:41:16+00:00","dateModified":"2022-08-30T11:43:04+00:00","description":"Chicos de distintos barrios jugaron en la plaza \u201cDiego Wagner Clar\u201d, en la tarde del \u00faltimo domingo se llev\u00f3 a cabo una nueva jornada","breadcrumb":{"@id":"https:\/\/experienciadevida.com.ar\/portalurbano\/chicos-de-distintos-barrios-jugaron-en-la-plaza-diego-wagner-clar\/#breadcrumb"},"inLanguage":"es","potentialAction":[{"@type":"ReadAction","target":["https:\/\/experienciadevida.com.ar\/portalurbano\/chicos-de-distintos-barrios-jugaron-en-la-plaza-diego-wagner-clar\/"]}]},{"@type":"BreadcrumbList","@id":"https:\/\/experienciadevida.com.ar\/portalurbano\/chicos-de-distintos-barrios-jugaron-en-la-plaza-diego-wagner-clar\/#breadcrumb","itemListElement":[{"@type":"ListItem","position":1,"name":"Portada","item":"https:\/\/experienciadevida.com.ar\/portalurbano\/"},{"@type":"ListItem","position":2,"name":"Chicos de distintos barrios jugaron en la plaza \u201cDiego Wagner Clar\u201d"}]},{"@type":"WebSite","@id":"https:\/\/experienciadevida.com.ar\/portalurbano\/#website","url":"https:\/\/experienciadevida.com.ar\/portalurbano\/","name":"","description":"","publisher":{"@id":"https:\/\/experienciadevida.com.ar\/portalurbano\/#organization"},"potentialAction":[{"@type":"SearchAction","target":{"@type":"EntryPoint","urlTemplate":"https:\/\/experienciadevida.com.ar\/portalurbano\/?s={search_term_string}"},"query-input":"required name=search_term_string"}],"inLanguage":"es"},{"@type":"Organization","@id":"https:\/\/experienciadevida.com.ar\/portalurbano\/#organization","name":"Portal Urbano","url":"https:\/\/experienciadevida.com.ar\/portalurbano\/","logo":{"@type":"ImageObject","inLanguage":"es","@id":"https:\/\/experienciadevida.com.ar\/portalurbano\/#\/schema\/logo\/image\/","url":"https:\/\/experienciadevida.com.ar\/portalurbano\/wp-content\/uploads\/2019\/09\/Logo-Original.png","contentUrl":"https:\/\/experienciadevida.com.ar\/portalurbano\/wp-content\/uploads\/2019\/09\/Logo-Original.png","width":2236,"height":1216,"caption":"Portal Urbano"},"image":{"@id":"https:\/\/experienciadevida.com.ar\/portalurbano\/#\/schema\/logo\/image\/"},"sameAs":["https:\/\/www.facebook.com\/Portal-Urbano-171542830093757\/","https:\/\/twitter.com\/portalurbanook","https:\/\/www.instagram.com\/_portalurbano\/","https:\/\/www.youtube.com\/channel\/UCXhagIfszH8KxFiOok79zbA?view_as=subscriber"]},{"@type":"Person","@id":"https:\/\/experienciadevida.com.ar\/portalurbano\/#\/schema\/person\/02dd326b1c4b056e9cc972486934a3a7","name":"admpu17wp","image":{"@type":"ImageObject","inLanguage":"es","@id":"https:\/\/experienciadevida.com.ar\/portalurbano\/#\/schema\/person\/image\/","url":"https:\/\/secure.gravatar.com\/avatar\/830d4c57adaae6630765e449a6908047?s=96&d=mm&r=g","contentUrl":"https:\/\/secure.gravatar.com\/avatar\/830d4c57adaae6630765e449a6908047?s=96&d=mm&r=g","caption":"admpu17wp"}}]}},"featured_image_urls":{"full":["https:\/\/experienciadevida.com.ar\/portalurbano\/wp-content\/uploads\/2022\/08\/Chicos-de-distintos-barrios.jpg",1772,1181,false],"thumbnail":["https:\/\/experienciadevida.com.ar\/portalurbano\/wp-content\/uploads\/2022\/08\/Chicos-de-distintos-barrios-150x150.jpg",150,150,true],"medium":["https:\/\/experienciadevida.com.ar\/portalurbano\/wp-content\/uploads\/2022\/08\/Chicos-de-distintos-barrios-300x200.jpg",300,200,true],"medium_large":["https:\/\/experienciadevida.com.ar\/portalurbano\/wp-content\/uploads\/2022\/08\/Chicos-de-distintos-barrios-768x512.jpg",640,427,true],"large":["https:\/\/experienciadevida.com.ar\/portalurbano\/wp-content\/uploads\/2022\/08\/Chicos-de-distintos-barrios-1024x682.jpg",640,426,true],"ug_big":["https:\/\/experienciadevida.com.ar\/portalurbano\/wp-content\/uploads\/2022\/08\/Chicos-de-distintos-barrios-768x512.jpg",768,512,true],"1536x1536":["https:\/\/experienciadevida.com.ar\/portalurbano\/wp-content\/uploads\/2022\/08\/Chicos-de-distintos-barrios-1536x1024.jpg",1536,1024,true],"2048x2048":["https:\/\/experienciadevida.com.ar\/portalurbano\/wp-content\/uploads\/2022\/08\/Chicos-de-distintos-barrios.jpg",1772,1181,false],"newsever-slider-full":["https:\/\/experienciadevida.com.ar\/portalurbano\/wp-content\/uploads\/2022\/08\/Chicos-de-distintos-barrios.jpg",1268,845,false],"newsever-featured":["https:\/\/experienciadevida.com.ar\/portalurbano\/wp-content\/uploads\/2022\/08\/Chicos-de-distintos-barrios.jpg",1024,682,false],"newsever-medium":["https:\/\/experienciadevida.com.ar\/portalurbano\/wp-content\/uploads\/2022\/08\/Chicos-de-distintos-barrios.jpg",713,475,false],"web-stories-poster-portrait":["https:\/\/experienciadevida.com.ar\/portalurbano\/wp-content\/uploads\/2022\/08\/Chicos-de-distintos-barrios-640x853.jpg",640,853,true],"web-stories-publisher-logo":["https:\/\/experienciadevida.com.ar\/portalurbano\/wp-content\/uploads\/2022\/08\/Chicos-de-distintos-barrios-96x96.jpg",96,96,true],"web-stories-thumbnail":["https:\/\/experienciadevida.com.ar\/portalurbano\/wp-content\/uploads\/2022\/08\/Chicos-de-distintos-barrios-150x100.jpg",150,100,true]},"author_info":{"display_name":"admpu17wp","author_link":"https:\/\/experienciadevida.com.ar\/portalurbano\/author\/admpu17wp\/"},"category_info":"<a href=\"https:\/\/experienciadevida.com.ar\/portalurbano\/category\/ciudad\/\" rel=\"category tag\">Ciudad<\/a>","tag_info":"Ciudad","comment_count":"0","amp_enabled":true,"_links":{"self":[{"href":"https:\/\/experienciadevida.com.ar\/portalurbano\/wp-json\/wp\/v2\/posts\/174377"}],"collection":[{"href":"https:\/\/experienciadevida.com.ar\/portalurbano\/wp-json\/wp\/v2\/posts"}],"about":[{"href":"https:\/\/experienciadevida.com.ar\/portalurbano\/wp-json\/wp\/v2\/types\/post"}],"author":[{"embeddable":true,"href":"https:\/\/experienciadevida.com.ar\/portalurbano\/wp-json\/wp\/v2\/users\/1"}],"replies":[{"embeddable":true,"href":"https:\/\/experienciadevida.com.ar\/portalurbano\/wp-json\/wp\/v2\/comments?post=174377"}],"version-history":[{"count":2,"href":"https:\/\/experienciadevida.com.ar\/portalurbano\/wp-json\/wp\/v2\/posts\/174377\/revisions"}],"predecessor-version":[{"id":174382,"href":"https:\/\/experienciadevida.com.ar\/portalurbano\/wp-json\/wp\/v2\/posts\/174377\/revisions\/174382"}],"wp:featuredmedia":[{"embeddable":true,"href":"https:\/\/experienciadevida.com.ar\/portalurbano\/wp-json\/wp\/v2\/media\/174378"}],"wp:attachment":[{"href":"https:\/\/experienciadevida.com.ar\/portalurbano\/wp-json\/wp\/v2\/media?parent=174377"}],"wp:term":[{"taxonomy":"category","embeddable":true,"href":"https:\/\/experienciadevida.com.ar\/portalurbano\/wp-json\/wp\/v2\/categories?post=174377"},{"taxonomy":"post_tag","embeddable":true,"href":"https:\/\/experienciadevida.com.ar\/portalurbano\/wp-json\/wp\/v2\/tags?post=174377"}],"curies":[{"name":"wp","href":"https:\/\/api.w.org\/{rel}","templated":true}]}}