{"id":174345,"date":"2022-08-29T20:16:31","date_gmt":"2022-08-29T23:16:31","guid":{"rendered":"https:\/\/experienciadevida.com.ar\/portalurbano\/?p=174345"},"modified":"2022-08-29T20:34:49","modified_gmt":"2022-08-29T23:34:49","slug":"el-22-de-septiembre-el-hcd-sesionara-en-la-localidad-de-loma-negra","status":"publish","type":"post","link":"https:\/\/experienciadevida.com.ar\/portalurbano\/el-22-de-septiembre-el-hcd-sesionara-en-la-localidad-de-loma-negra\/","title":{"rendered":"El 22 de septiembre el HCD sesionar\u00e1 en la localidad de Loma Negra"},"content":{"rendered":"<p>El 22 de septiembre el HCD sesionar\u00e1 en la localidad de Loma Negra, la Presidenta del Concejo Deliberante, Cecilia <a href=\"https:\/\/www.instagram.com\/ceciliakrivochen\/\">Krivochen<\/a> acompa\u00f1ada por la Secretaria Legislativa Margarita Arregui, visitaron este lunes la Delegaci\u00f3n Municipal de Loma Negra donde fueron recibidas por el Delegado Gabriel Suburu.<\/p>\n<p>En el desarrollo de la reuni\u00f3n, la presidenta del HCD inform\u00f3 al Delegado Municipal que el pr\u00f3ximo jueves 22 de septiembre se desarrollar\u00e1 en la localidad de Loma Negra la 13\u00b0 Sesi\u00f3n Ordinaria del periodo 2022.<\/p>\n<p>En este sentido las autoridades del HCD junto con el Delegado Municipal coordinaron acciones para la realizaci\u00f3n de la sesi\u00f3n que est\u00e1 establecida en el Cap\u00edtulo VIII Art. 36 del Reglamento Interno del Honorable Concejo Deliberante.<\/p>\n<p>Tras la reuni\u00f3n Cecilia Krivochen destac\u00f3 el positivo encuentro con el Delegado Municipal quien se puso a disposici\u00f3n del HCD para concretar dicha sesi\u00f3n. \u201cGabriel es un Delegado muy comprometido con la localidad y ha<br \/>\ndemostrado importantes avances en la gesti\u00f3n de la Delegaci\u00f3n, generando un fuerte v\u00ednculo con los vecinos y las vecinas de Loma Negra\u201d, dijo Cecilia Krivochen.<\/p>\n<p>Asimismo, resalt\u00f3 el trabajo que la Delegaci\u00f3n viene realizando en la apertura de la calle Islas Malvinas. \u201cSe trata de una demanda hist\u00f3rica de los vecinos que a partir de la gesti\u00f3n de Gabriel y con el trabajo coordinado con el Municipio se pudo llevar adelante\u201d, manifest\u00f3 Cecilia Krivochen.<\/p>\n","protected":false},"excerpt":{"rendered":"<p>El 22 de septiembre el HCD sesionar\u00e1 en la localidad de Loma Negra, la Presidenta&#8230;<\/p>\n","protected":false},"author":1,"featured_media":174346,"comment_status":"closed","ping_status":"closed","sticky":false,"template":"","format":"standard","meta":{"content-type":""},"categories":[27,64],"tags":[],"nelio_content":{"isAutoShareEnabled":false,"autoShareEndMode":"default","automationSources":{"useContentSentences":true,"useSocialTemplates":true,"useCustomSentences":false,"customSentences":[]},"followers":[1],"suggestedReferences":[],"includedReferences":[],"efiUrl":"","efiAlt":"","highlights":[]},"yoast_head":"<!-- This site is optimized with the Yoast SEO plugin v20.7 - https:\/\/yoast.com\/wordpress\/plugins\/seo\/ -->\n<title>El 22 de septiembre el HCD sesionar\u00e1 en la localidad Loma Negra<\/title>\n<meta name=\"description\" content=\"El 22 de septiembre el HCD sesionar\u00e1 en la localidad de Loma Negra, la Presidenta del Concejo Deliberante, Cecilia Krivochen\" \/>\n<meta name=\"robots\" content=\"index, follow, max-snippet:-1, max-image-preview:large, max-video-preview:-1\" \/>\n<link rel=\"canonical\" href=\"https:\/\/experienciadevida.com.ar\/portalurbano\/el-22-de-septiembre-el-hcd-sesionara-en-la-localidad-de-loma-negra\/\" \/>\n<meta property=\"og:locale\" content=\"es_ES\" \/>\n<meta property=\"og:type\" content=\"article\" \/>\n<meta property=\"og:title\" content=\"El 22 de septiembre el HCD sesionar\u00e1 en la localidad Loma Negra\" \/>\n<meta property=\"og:description\" content=\"El 22 de septiembre el HCD sesionar\u00e1 en la localidad de Loma Negra, la Presidenta del Concejo Deliberante, Cecilia Krivochen\" \/>\n<meta property=\"og:url\" content=\"https:\/\/experienciadevida.com.ar\/portalurbano\/el-22-de-septiembre-el-hcd-sesionara-en-la-localidad-de-loma-negra\/\" \/>\n<meta property=\"article:publisher\" content=\"https:\/\/www.facebook.com\/Portal-Urbano-171542830093757\/\" \/>\n<meta property=\"article:published_time\" content=\"2022-08-29T23:16:31+00:00\" \/>\n<meta property=\"article:modified_time\" content=\"2022-08-29T23:34:49+00:00\" \/>\n<meta property=\"og:image\" content=\"https:\/\/experienciadevida.com.ar\/portalurbano\/wp-content\/uploads\/2022\/08\/El-22-de-septiembre-scaled.jpg\" \/>\n\t<meta property=\"og:image:width\" content=\"2560\" \/>\n\t<meta property=\"og:image:height\" content=\"1622\" \/>\n\t<meta property=\"og:image:type\" content=\"image\/jpeg\" \/>\n<meta name=\"author\" content=\"admpu17wp\" \/>\n<meta name=\"twitter:card\" content=\"summary_large_image\" \/>\n<meta name=\"twitter:creator\" content=\"@portalurbanook\" \/>\n<meta name=\"twitter:site\" content=\"@portalurbanook\" \/>\n<meta name=\"twitter:label1\" content=\"Escrito por\" \/>\n\t<meta name=\"twitter:data1\" content=\"admpu17wp\" \/>\n\t<meta name=\"twitter:label2\" content=\"Tiempo de lectura\" \/>\n\t<meta name=\"twitter:data2\" content=\"2 minutos\" \/>\n<script type=\"application\/ld+json\" class=\"yoast-schema-graph\">{\"@context\":\"https:\/\/schema.org\",\"@graph\":[{\"@type\":\"Article\",\"@id\":\"https:\/\/experienciadevida.com.ar\/portalurbano\/el-22-de-septiembre-el-hcd-sesionara-en-la-localidad-de-loma-negra\/#article\",\"isPartOf\":{\"@id\":\"https:\/\/experienciadevida.com.ar\/portalurbano\/el-22-de-septiembre-el-hcd-sesionara-en-la-localidad-de-loma-negra\/\"},\"author\":{\"name\":\"admpu17wp\",\"@id\":\"https:\/\/experienciadevida.com.ar\/portalurbano\/#\/schema\/person\/02dd326b1c4b056e9cc972486934a3a7\"},\"headline\":\"El 22 de septiembre el HCD sesionar\u00e1 en la localidad de Loma Negra\",\"datePublished\":\"2022-08-29T23:16:31+00:00\",\"dateModified\":\"2022-08-29T23:34:49+00:00\",\"mainEntityOfPage\":{\"@id\":\"https:\/\/experienciadevida.com.ar\/portalurbano\/el-22-de-septiembre-el-hcd-sesionara-en-la-localidad-de-loma-negra\/\"},\"wordCount\":249,\"publisher\":{\"@id\":\"https:\/\/experienciadevida.com.ar\/portalurbano\/#organization\"},\"articleSection\":[\"Ciudad\",\"Destacadas 2\"],\"inLanguage\":\"es\"},{\"@type\":\"WebPage\",\"@id\":\"https:\/\/experienciadevida.com.ar\/portalurbano\/el-22-de-septiembre-el-hcd-sesionara-en-la-localidad-de-loma-negra\/\",\"url\":\"https:\/\/experienciadevida.com.ar\/portalurbano\/el-22-de-septiembre-el-hcd-sesionara-en-la-localidad-de-loma-negra\/\",\"name\":\"El 22 de septiembre el HCD sesionar\u00e1 en la localidad Loma Negra\",\"isPartOf\":{\"@id\":\"https:\/\/experienciadevida.com.ar\/portalurbano\/#website\"},\"datePublished\":\"2022-08-29T23:16:31+00:00\",\"dateModified\":\"2022-08-29T23:34:49+00:00\",\"description\":\"El 22 de septiembre el HCD sesionar\u00e1 en la localidad de Loma Negra, la Presidenta del Concejo Deliberante, Cecilia Krivochen\",\"breadcrumb\":{\"@id\":\"https:\/\/experienciadevida.com.ar\/portalurbano\/el-22-de-septiembre-el-hcd-sesionara-en-la-localidad-de-loma-negra\/#breadcrumb\"},\"inLanguage\":\"es\",\"potentialAction\":[{\"@type\":\"ReadAction\",\"target\":[\"https:\/\/experienciadevida.com.ar\/portalurbano\/el-22-de-septiembre-el-hcd-sesionara-en-la-localidad-de-loma-negra\/\"]}]},{\"@type\":\"BreadcrumbList\",\"@id\":\"https:\/\/experienciadevida.com.ar\/portalurbano\/el-22-de-septiembre-el-hcd-sesionara-en-la-localidad-de-loma-negra\/#breadcrumb\",\"itemListElement\":[{\"@type\":\"ListItem\",\"position\":1,\"name\":\"Portada\",\"item\":\"https:\/\/experienciadevida.com.ar\/portalurbano\/\"},{\"@type\":\"ListItem\",\"position\":2,\"name\":\"El 22 de septiembre el HCD sesionar\u00e1 en la localidad de Loma Negra\"}]},{\"@type\":\"WebSite\",\"@id\":\"https:\/\/experienciadevida.com.ar\/portalurbano\/#website\",\"url\":\"https:\/\/experienciadevida.com.ar\/portalurbano\/\",\"name\":\"\",\"description\":\"\",\"publisher\":{\"@id\":\"https:\/\/experienciadevida.com.ar\/portalurbano\/#organization\"},\"potentialAction\":[{\"@type\":\"SearchAction\",\"target\":{\"@type\":\"EntryPoint\",\"urlTemplate\":\"https:\/\/experienciadevida.com.ar\/portalurbano\/?s={search_term_string}\"},\"query-input\":\"required name=search_term_string\"}],\"inLanguage\":\"es\"},{\"@type\":\"Organization\",\"@id\":\"https:\/\/experienciadevida.com.ar\/portalurbano\/#organization\",\"name\":\"Portal Urbano\",\"url\":\"https:\/\/experienciadevida.com.ar\/portalurbano\/\",\"logo\":{\"@type\":\"ImageObject\",\"inLanguage\":\"es\",\"@id\":\"https:\/\/experienciadevida.com.ar\/portalurbano\/#\/schema\/logo\/image\/\",\"url\":\"https:\/\/experienciadevida.com.ar\/portalurbano\/wp-content\/uploads\/2019\/09\/Logo-Original.png\",\"contentUrl\":\"https:\/\/experienciadevida.com.ar\/portalurbano\/wp-content\/uploads\/2019\/09\/Logo-Original.png\",\"width\":2236,\"height\":1216,\"caption\":\"Portal Urbano\"},\"image\":{\"@id\":\"https:\/\/experienciadevida.com.ar\/portalurbano\/#\/schema\/logo\/image\/\"},\"sameAs\":[\"https:\/\/www.facebook.com\/Portal-Urbano-171542830093757\/\",\"https:\/\/twitter.com\/portalurbanook\",\"https:\/\/www.instagram.com\/_portalurbano\/\",\"https:\/\/www.youtube.com\/channel\/UCXhagIfszH8KxFiOok79zbA?view_as=subscriber\"]},{\"@type\":\"Person\",\"@id\":\"https:\/\/experienciadevida.com.ar\/portalurbano\/#\/schema\/person\/02dd326b1c4b056e9cc972486934a3a7\",\"name\":\"admpu17wp\",\"image\":{\"@type\":\"ImageObject\",\"inLanguage\":\"es\",\"@id\":\"https:\/\/experienciadevida.com.ar\/portalurbano\/#\/schema\/person\/image\/\",\"url\":\"https:\/\/secure.gravatar.com\/avatar\/830d4c57adaae6630765e449a6908047?s=96&d=mm&r=g\",\"contentUrl\":\"https:\/\/secure.gravatar.com\/avatar\/830d4c57adaae6630765e449a6908047?s=96&d=mm&r=g\",\"caption\":\"admpu17wp\"}}]}<\/script>\n<!-- \/ Yoast SEO plugin. -->","yoast_head_json":{"title":"El 22 de septiembre el HCD sesionar\u00e1 en la localidad Loma Negra","description":"El 22 de septiembre el HCD sesionar\u00e1 en la localidad de Loma Negra, la Presidenta del Concejo Deliberante, Cecilia Krivochen","robots":{"index":"index","follow":"follow","max-snippet":"max-snippet:-1","max-image-preview":"max-image-preview:large","max-video-preview":"max-video-preview:-1"},"canonical":"https:\/\/experienciadevida.com.ar\/portalurbano\/el-22-de-septiembre-el-hcd-sesionara-en-la-localidad-de-loma-negra\/","og_locale":"es_ES","og_type":"article","og_title":"El 22 de septiembre el HCD sesionar\u00e1 en la localidad Loma Negra","og_description":"El 22 de septiembre el HCD sesionar\u00e1 en la localidad de Loma Negra, la Presidenta del Concejo Deliberante, Cecilia Krivochen","og_url":"https:\/\/experienciadevida.com.ar\/portalurbano\/el-22-de-septiembre-el-hcd-sesionara-en-la-localidad-de-loma-negra\/","article_publisher":"https:\/\/www.facebook.com\/Portal-Urbano-171542830093757\/","article_published_time":"2022-08-29T23:16:31+00:00","article_modified_time":"2022-08-29T23:34:49+00:00","og_image":[{"width":2560,"height":1622,"url":"https:\/\/experienciadevida.com.ar\/portalurbano\/wp-content\/uploads\/2022\/08\/El-22-de-septiembre-scaled.jpg","type":"image\/jpeg"}],"author":"admpu17wp","twitter_card":"summary_large_image","twitter_creator":"@portalurbanook","twitter_site":"@portalurbanook","twitter_misc":{"Escrito por":"admpu17wp","Tiempo de lectura":"2 minutos"},"schema":{"@context":"https:\/\/schema.org","@graph":[{"@type":"Article","@id":"https:\/\/experienciadevida.com.ar\/portalurbano\/el-22-de-septiembre-el-hcd-sesionara-en-la-localidad-de-loma-negra\/#article","isPartOf":{"@id":"https:\/\/experienciadevida.com.ar\/portalurbano\/el-22-de-septiembre-el-hcd-sesionara-en-la-localidad-de-loma-negra\/"},"author":{"name":"admpu17wp","@id":"https:\/\/experienciadevida.com.ar\/portalurbano\/#\/schema\/person\/02dd326b1c4b056e9cc972486934a3a7"},"headline":"El 22 de septiembre el HCD sesionar\u00e1 en la localidad de Loma Negra","datePublished":"2022-08-29T23:16:31+00:00","dateModified":"2022-08-29T23:34:49+00:00","mainEntityOfPage":{"@id":"https:\/\/experienciadevida.com.ar\/portalurbano\/el-22-de-septiembre-el-hcd-sesionara-en-la-localidad-de-loma-negra\/"},"wordCount":249,"publisher":{"@id":"https:\/\/experienciadevida.com.ar\/portalurbano\/#organization"},"articleSection":["Ciudad","Destacadas 2"],"inLanguage":"es"},{"@type":"WebPage","@id":"https:\/\/experienciadevida.com.ar\/portalurbano\/el-22-de-septiembre-el-hcd-sesionara-en-la-localidad-de-loma-negra\/","url":"https:\/\/experienciadevida.com.ar\/portalurbano\/el-22-de-septiembre-el-hcd-sesionara-en-la-localidad-de-loma-negra\/","name":"El 22 de septiembre el HCD sesionar\u00e1 en la localidad Loma Negra","isPartOf":{"@id":"https:\/\/experienciadevida.com.ar\/portalurbano\/#website"},"datePublished":"2022-08-29T23:16:31+00:00","dateModified":"2022-08-29T23:34:49+00:00","description":"El 22 de septiembre el HCD sesionar\u00e1 en la localidad de Loma Negra, la Presidenta del Concejo Deliberante, Cecilia Krivochen","breadcrumb":{"@id":"https:\/\/experienciadevida.com.ar\/portalurbano\/el-22-de-septiembre-el-hcd-sesionara-en-la-localidad-de-loma-negra\/#breadcrumb"},"inLanguage":"es","potentialAction":[{"@type":"ReadAction","target":["https:\/\/experienciadevida.com.ar\/portalurbano\/el-22-de-septiembre-el-hcd-sesionara-en-la-localidad-de-loma-negra\/"]}]},{"@type":"BreadcrumbList","@id":"https:\/\/experienciadevida.com.ar\/portalurbano\/el-22-de-septiembre-el-hcd-sesionara-en-la-localidad-de-loma-negra\/#breadcrumb","itemListElement":[{"@type":"ListItem","position":1,"name":"Portada","item":"https:\/\/experienciadevida.com.ar\/portalurbano\/"},{"@type":"ListItem","position":2,"name":"El 22 de septiembre el HCD sesionar\u00e1 en la localidad de Loma Negra"}]},{"@type":"WebSite","@id":"https:\/\/experienciadevida.com.ar\/portalurbano\/#website","url":"https:\/\/experienciadevida.com.ar\/portalurbano\/","name":"","description":"","publisher":{"@id":"https:\/\/experienciadevida.com.ar\/portalurbano\/#organization"},"potentialAction":[{"@type":"SearchAction","target":{"@type":"EntryPoint","urlTemplate":"https:\/\/experienciadevida.com.ar\/portalurbano\/?s={search_term_string}"},"query-input":"required name=search_term_string"}],"inLanguage":"es"},{"@type":"Organization","@id":"https:\/\/experienciadevida.com.ar\/portalurbano\/#organization","name":"Portal Urbano","url":"https:\/\/experienciadevida.com.ar\/portalurbano\/","logo":{"@type":"ImageObject","inLanguage":"es","@id":"https:\/\/experienciadevida.com.ar\/portalurbano\/#\/schema\/logo\/image\/","url":"https:\/\/experienciadevida.com.ar\/portalurbano\/wp-content\/uploads\/2019\/09\/Logo-Original.png","contentUrl":"https:\/\/experienciadevida.com.ar\/portalurbano\/wp-content\/uploads\/2019\/09\/Logo-Original.png","width":2236,"height":1216,"caption":"Portal Urbano"},"image":{"@id":"https:\/\/experienciadevida.com.ar\/portalurbano\/#\/schema\/logo\/image\/"},"sameAs":["https:\/\/www.facebook.com\/Portal-Urbano-171542830093757\/","https:\/\/twitter.com\/portalurbanook","https:\/\/www.instagram.com\/_portalurbano\/","https:\/\/www.youtube.com\/channel\/UCXhagIfszH8KxFiOok79zbA?view_as=subscriber"]},{"@type":"Person","@id":"https:\/\/experienciadevida.com.ar\/portalurbano\/#\/schema\/person\/02dd326b1c4b056e9cc972486934a3a7","name":"admpu17wp","image":{"@type":"ImageObject","inLanguage":"es","@id":"https:\/\/experienciadevida.com.ar\/portalurbano\/#\/schema\/person\/image\/","url":"https:\/\/secure.gravatar.com\/avatar\/830d4c57adaae6630765e449a6908047?s=96&d=mm&r=g","contentUrl":"https:\/\/secure.gravatar.com\/avatar\/830d4c57adaae6630765e449a6908047?s=96&d=mm&r=g","caption":"admpu17wp"}}]}},"featured_image_urls":{"full":["https:\/\/experienciadevida.com.ar\/portalurbano\/wp-content\/uploads\/2022\/08\/El-22-de-septiembre-scaled.jpg",2560,1622,false],"thumbnail":["https:\/\/experienciadevida.com.ar\/portalurbano\/wp-content\/uploads\/2022\/08\/El-22-de-septiembre-150x150.jpg",150,150,true],"medium":["https:\/\/experienciadevida.com.ar\/portalurbano\/wp-content\/uploads\/2022\/08\/El-22-de-septiembre-300x190.jpg",300,190,true],"medium_large":["https:\/\/experienciadevida.com.ar\/portalurbano\/wp-content\/uploads\/2022\/08\/El-22-de-septiembre-768x487.jpg",640,406,true],"large":["https:\/\/experienciadevida.com.ar\/portalurbano\/wp-content\/uploads\/2022\/08\/El-22-de-septiembre-1024x649.jpg",640,406,true],"ug_big":["https:\/\/experienciadevida.com.ar\/portalurbano\/wp-content\/uploads\/2022\/08\/El-22-de-septiembre-768x487.jpg",768,487,true],"1536x1536":["https:\/\/experienciadevida.com.ar\/portalurbano\/wp-content\/uploads\/2022\/08\/El-22-de-septiembre-1536x973.jpg",1536,973,true],"2048x2048":["https:\/\/experienciadevida.com.ar\/portalurbano\/wp-content\/uploads\/2022\/08\/El-22-de-septiembre-2048x1298.jpg",2048,1298,true],"newsever-slider-full":["https:\/\/experienciadevida.com.ar\/portalurbano\/wp-content\/uploads\/2022\/08\/El-22-de-septiembre-scaled.jpg",1280,811,false],"newsever-featured":["https:\/\/experienciadevida.com.ar\/portalurbano\/wp-content\/uploads\/2022\/08\/El-22-de-septiembre-scaled.jpg",1024,649,false],"newsever-medium":["https:\/\/experienciadevida.com.ar\/portalurbano\/wp-content\/uploads\/2022\/08\/El-22-de-septiembre-scaled.jpg",720,456,false],"web-stories-poster-portrait":["https:\/\/experienciadevida.com.ar\/portalurbano\/wp-content\/uploads\/2022\/08\/El-22-de-septiembre-640x853.jpg",640,853,true],"web-stories-publisher-logo":["https:\/\/experienciadevida.com.ar\/portalurbano\/wp-content\/uploads\/2022\/08\/El-22-de-septiembre-96x96.jpg",96,96,true],"web-stories-thumbnail":["https:\/\/experienciadevida.com.ar\/portalurbano\/wp-content\/uploads\/2022\/08\/El-22-de-septiembre-150x95.jpg",150,95,true]},"author_info":{"display_name":"admpu17wp","author_link":"https:\/\/experienciadevida.com.ar\/portalurbano\/author\/admpu17wp\/"},"category_info":"<a href=\"https:\/\/experienciadevida.com.ar\/portalurbano\/category\/ciudad\/\" rel=\"category tag\">Ciudad<\/a> <a href=\"https:\/\/experienciadevida.com.ar\/portalurbano\/category\/destacadas-2\/\" rel=\"category tag\">Destacadas 2<\/a>","tag_info":"Destacadas 2","comment_count":"0","amp_enabled":true,"_links":{"self":[{"href":"https:\/\/experienciadevida.com.ar\/portalurbano\/wp-json\/wp\/v2\/posts\/174345"}],"collection":[{"href":"https:\/\/experienciadevida.com.ar\/portalurbano\/wp-json\/wp\/v2\/posts"}],"about":[{"href":"https:\/\/experienciadevida.com.ar\/portalurbano\/wp-json\/wp\/v2\/types\/post"}],"author":[{"embeddable":true,"href":"https:\/\/experienciadevida.com.ar\/portalurbano\/wp-json\/wp\/v2\/users\/1"}],"replies":[{"embeddable":true,"href":"https:\/\/experienciadevida.com.ar\/portalurbano\/wp-json\/wp\/v2\/comments?post=174345"}],"version-history":[{"count":2,"href":"https:\/\/experienciadevida.com.ar\/portalurbano\/wp-json\/wp\/v2\/posts\/174345\/revisions"}],"predecessor-version":[{"id":174348,"href":"https:\/\/experienciadevida.com.ar\/portalurbano\/wp-json\/wp\/v2\/posts\/174345\/revisions\/174348"}],"wp:featuredmedia":[{"embeddable":true,"href":"https:\/\/experienciadevida.com.ar\/portalurbano\/wp-json\/wp\/v2\/media\/174346"}],"wp:attachment":[{"href":"https:\/\/experienciadevida.com.ar\/portalurbano\/wp-json\/wp\/v2\/media?parent=174345"}],"wp:term":[{"taxonomy":"category","embeddable":true,"href":"https:\/\/experienciadevida.com.ar\/portalurbano\/wp-json\/wp\/v2\/categories?post=174345"},{"taxonomy":"post_tag","embeddable":true,"href":"https:\/\/experienciadevida.com.ar\/portalurbano\/wp-json\/wp\/v2\/tags?post=174345"}],"curies":[{"name":"wp","href":"https:\/\/api.w.org\/{rel}","templated":true}]}}