{"id":174338,"date":"2022-08-29T20:09:43","date_gmt":"2022-08-29T23:09:43","guid":{"rendered":"https:\/\/experienciadevida.com.ar\/portalurbano\/?p=174338"},"modified":"2022-08-29T20:14:02","modified_gmt":"2022-08-29T23:14:02","slug":"se-cumplen-25-anos-de-la-inauguracion-del-edificio-de-sociales-en-el-complejo-universitario","status":"publish","type":"post","link":"https:\/\/experienciadevida.com.ar\/portalurbano\/se-cumplen-25-anos-de-la-inauguracion-del-edificio-de-sociales-en-el-complejo-universitario\/","title":{"rendered":"Se cumplen 25 a\u00f1os de la inauguraci\u00f3n del edificio de Sociales en el Complejo Universitario"},"content":{"rendered":"<p>Se cumplen 25 a\u00f1os de la inauguraci\u00f3n del edificio de Sociales en el Complejo Universitario, del a\u00f1o 1997 fueron inauguradas las instalaciones de la <a href=\"https:\/\/www.facebook.com\/facultadcienciassociales.unicen\">Facultad de Ciencias Sociales <\/a>en avenida Del Valle al 5700, luego de que pasara casi una d\u00e9cada de su fundaci\u00f3n. Por los mismos pasillos hoy transitan cientos de personas que forman parte de la FACSO.<\/p>\n<p><a href=\"https:\/\/experienciadevida.com.ar\/portalurbano\/se-cumplen-25-anos-de-la-inauguracion-del-edificio-de-sociales-en-el-complejo-universitario\/se-20\/\" rel=\"attachment wp-att-174341\"><img decoding=\"async\" class=\"alignnone size-large wp-image-174341\" src=\"https:\/\/experienciadevida.com.ar\/portalurbano\/wp-content\/uploads\/2022\/08\/Se-2-1024x672.jpg\" alt=\"Se \" width=\"900\" height=\"591\" srcset=\"https:\/\/experienciadevida.com.ar\/portalurbano\/wp-content\/uploads\/2022\/08\/Se-2-1024x672.jpg 1024w, https:\/\/experienciadevida.com.ar\/portalurbano\/wp-content\/uploads\/2022\/08\/Se-2-300x197.jpg 300w, https:\/\/experienciadevida.com.ar\/portalurbano\/wp-content\/uploads\/2022\/08\/Se-2-768x504.jpg 768w, https:\/\/experienciadevida.com.ar\/portalurbano\/wp-content\/uploads\/2022\/08\/Se-2-150x99.jpg 150w, https:\/\/experienciadevida.com.ar\/portalurbano\/wp-content\/uploads\/2022\/08\/Se-2.jpg 1500w\" sizes=\"(max-width: 900px) 100vw, 900px\" \/><\/a><\/p>\n<p>El pedido y los tr\u00e1mites para que la Facultad de Ciencias Sociales cuente con un edificio propio se remonta a su fundaci\u00f3n, a mediados de la d\u00e9cada del \u201880, siendo la primera Unidad Acad\u00e9mica de la Universidad Nacional del Centro de la Provincia de Buenos Aires creada luego del retorno de la democracia. En el a\u00f1o 1988 se iniciaron las actividades acad\u00e9micas y se inscribi\u00f3 la primera matr\u00edcula estudiantil, adem\u00e1s de que se impuso el nombre de Facultad de Ciencias Sociales a la hasta entonces denominada Nueva Facultad.<\/p>\n<p>A lo largo de los primeros a\u00f1os los\/as estudiantes cursaban sus estudios en una casa ubicada en Pelegrino entre Moreno y Rivadavia, en la que se hab\u00edan adaptado dos aulas. Producto de la escasez de espacio, tambi\u00e9n se dictaban clases en otros lugares como la Escuela Normal. En el a\u00f1o 1992 comenz\u00f3 el traslado a una propiedad ubicada San Mart\u00edn 3060, pero la falta de espacio tambi\u00e9n llev\u00f3 a la necesidad de alquilar otros edificios para las actividades acad\u00e9micas y para acoger a la biblioteca.<\/p>\n<p>Luego de una importante gesti\u00f3n con la UNICEN, en el a\u00f1o 1996 comenzaron las obras para la casa propia de la FACSO en el Complejo Universitario Olavarr\u00eda, que se culmin\u00f3 a mediados del a\u00f1o siguiente y se inaugur\u00f3 de manera oficial el 29 de agosto de 1997. Hasta ese momento en el inmenso predio de Del Valle al 5700 se encontraba s\u00f3lo el edificio de la Facultad de Ingenier\u00eda.<\/p>\n<p>La obra de la FACSO de 1140 metros cuadrados divididos en tres sectores insumi\u00f3 un costo de casi 700 mil pesos. En el primer sector se ubic\u00f3 la parte administrativa de la facultad, como decanato, secretar\u00edas, oficina de Alumnos y la administraci\u00f3n central.<\/p>\n<p>Otra de las secciones estaba destinada a docentes y los sectores de investigaci\u00f3n para las carreras que se dictaban hasta ese entonces: Comunicaci\u00f3n, Antropolog\u00eda y Arqueolog\u00eda. Finalmente, en el \u00faltimo sector se ubicaban cinco aulas con una capacidad para 45 personas cada una, salas de computaci\u00f3n y salas especiales para el desarrollo de los talleres de radio, video y fotograf\u00eda.<\/p>\n<p>Con el correr de los a\u00f1os se sumaron nuevas obras en el Complejo Universitario, como el Edificio de Aulas Comunes, la sede del INCUAPA y la Escuela Nacional \u201cAdolfo P\u00e9rez Esquivel\u201d.<\/p>\n<p>Un acto de memoria activa<\/p>\n<p>La inauguraci\u00f3n formal de la sede de la Facultad de Ciencias Sociales se llev\u00f3 adelante el viernes 29 de agosto de 1997, y el acto fue encabezado por la ex decana, Mar\u00eda Cristina Baccin, y quien se desempe\u00f1aba como rector de la UNICEN, Carlos Niccolini.<\/p>\n<p>Tal como refleja la cr\u00f3nica period\u00edstica de aquellos tiempos de Diario EL POPULAR, en el hall de entrada de la FACSO se reunieron m\u00e1s de 300 personas, entre estudiantes, docentes, nodocentes, autoridades, graduados\/as, entre otros, acto en el que fue descubierta una placa y plantaron un \u00e1rbol.<\/p>\n<p>En su intervenci\u00f3n, Baccin expres\u00f3: \u201cMantener la memoria activa de nuestras instituciones es uno de los m\u00e1s saludables ejercicios para la construcci\u00f3n de nuestra historia. Recrear en este momento el sentido inicial de la comunidad olavarriense de impulsar una \u2018facultad nueva\u2019 significa mantener viva esa memoria\u201d.<\/p>\n<p>La ex decana de la Facultad de Ciencias Sociales destac\u00f3 que el nuevo edificio fue fundamental no s\u00f3lo para mejorar las condiciones de estudio y trabajo, sino tambi\u00e9n por ser el seno de la lucha por el mantenimiento y promoci\u00f3n de conquistas sociales. Exhort\u00f3 as\u00ed a \u201cluchar para que el Estado argentino se responsabilice de la educaci\u00f3n\u201d y para \u201cgarantizar una oferta acad\u00e9mica que les permita a los estudiantes formarse con criterios \u00e9ticos, cr\u00edticos, con una conciencia amplia y reflexiva sobre su propio medio y sobre los contextos en los que les toque actuar\u201d.<\/p>\n<p>Un cuarto de siglo m\u00e1s tarde, la Facultad de Ciencias Sociales de la UNICEN ha recorrido diversos caminos y procesos a trav\u00e9s de los que ha logrado consolidarse como una unidad acad\u00e9mica de relevancia regional y nacional, que apuesta de manera constante a brindar educaci\u00f3n p\u00fablica y gratuita y promover una s\u00f3lida formaci\u00f3n acad\u00e9mica, sustentada en principios de calidad e igualdad educativa. Adem\u00e1s impulsa enf\u00e1ticamente el desarrollo de la investigaci\u00f3n cient\u00edfica, la producci\u00f3n de conocimientos y la transferencia de saberes propios del campo de las ciencias sociales, desde una perspectiva cr\u00edtica, plural y comprometida con el desarrollo social.<\/p>\n<p>En materia de obras, este a\u00f1o fue inaugurada la ampliaci\u00f3n del Instituto de Investigaciones Arqueol\u00f3gicas y Paleontol\u00f3gicas del Cuaternario Pampeano (INCUAPA), un edificio de 140 metros cuadrados en los que se encuentran dos laboratorios totalmente equipados y siete oficinas, que se suman a los 680 metros cuadrados de la obra original.<\/p>\n<p>Mientras tanto, a trav\u00e9s de gestiones de la Facultad de Ciencias Sociales de manera reciente el Ministerio de Obras P\u00fablicas de la Naci\u00f3n aprob\u00f3 el proyecto de obra para la construcci\u00f3n de un edificio de 150 metros cuadrados para la unidad acad\u00e9mica. La ampliaci\u00f3n contendr\u00e1 aulas-taller y permitir\u00e1 reorganizar los espacios para una mejor disposici\u00f3n de la actividad acad\u00e9mica, de extensi\u00f3n y de investigaci\u00f3n de la Facultad.<\/p>\n<p>Fotos de archivo: Gentileza Diario EL POPULAR<\/p>\n<p><a href=\"https:\/\/experienciadevida.com.ar\/portalurbano\/se-cumplen-25-anos-de-la-inauguracion-del-edificio-de-sociales-en-el-complejo-universitario\/cumplen\/\" rel=\"attachment wp-att-174343\"><img decoding=\"async\" class=\"alignnone size-large wp-image-174343\" src=\"https:\/\/experienciadevida.com.ar\/portalurbano\/wp-content\/uploads\/2022\/08\/cumplen-1024x609.jpg\" alt=\"cumplen \" width=\"900\" height=\"535\" srcset=\"https:\/\/experienciadevida.com.ar\/portalurbano\/wp-content\/uploads\/2022\/08\/cumplen-1024x609.jpg 1024w, https:\/\/experienciadevida.com.ar\/portalurbano\/wp-content\/uploads\/2022\/08\/cumplen-300x178.jpg 300w, https:\/\/experienciadevida.com.ar\/portalurbano\/wp-content\/uploads\/2022\/08\/cumplen-768x457.jpg 768w, https:\/\/experienciadevida.com.ar\/portalurbano\/wp-content\/uploads\/2022\/08\/cumplen-150x89.jpg 150w, https:\/\/experienciadevida.com.ar\/portalurbano\/wp-content\/uploads\/2022\/08\/cumplen.jpg 1500w\" sizes=\"(max-width: 900px) 100vw, 900px\" \/><\/a><\/p>\n","protected":false},"excerpt":{"rendered":"<p>Se cumplen 25 a\u00f1os de la inauguraci\u00f3n del edificio de Sociales en el Complejo Universitario,&#8230;<\/p>\n","protected":false},"author":1,"featured_media":174339,"comment_status":"closed","ping_status":"closed","sticky":false,"template":"","format":"standard","meta":{"content-type":""},"categories":[31],"tags":[],"nelio_content":{"isAutoShareEnabled":false,"autoShareEndMode":"default","automationSources":{"useContentSentences":true,"useSocialTemplates":true,"useCustomSentences":false,"customSentences":[]},"followers":[1],"suggestedReferences":[],"includedReferences":[],"efiUrl":"","efiAlt":"","highlights":[]},"yoast_head":"<!-- This site is optimized with the Yoast SEO plugin v20.7 - https:\/\/yoast.com\/wordpress\/plugins\/seo\/ -->\n<title>Se cumplen 25 a\u00f1os de la inauguraci\u00f3n del edificio de sociales<\/title>\n<meta name=\"description\" content=\"Se cumplen 25 a\u00f1os de la inauguraci\u00f3n del edificio de Sociales en el Complejo Universitario, del a\u00f1o 1997 fueron inauguradas\" \/>\n<meta name=\"robots\" content=\"index, follow, max-snippet:-1, max-image-preview:large, max-video-preview:-1\" \/>\n<link rel=\"canonical\" href=\"https:\/\/experienciadevida.com.ar\/portalurbano\/se-cumplen-25-anos-de-la-inauguracion-del-edificio-de-sociales-en-el-complejo-universitario\/\" \/>\n<meta property=\"og:locale\" content=\"es_ES\" \/>\n<meta property=\"og:type\" content=\"article\" \/>\n<meta property=\"og:title\" content=\"Se cumplen 25 a\u00f1os de la inauguraci\u00f3n del edificio de sociales\" \/>\n<meta property=\"og:description\" content=\"Se cumplen 25 a\u00f1os de la inauguraci\u00f3n del edificio de Sociales en el Complejo Universitario, del a\u00f1o 1997 fueron inauguradas\" \/>\n<meta property=\"og:url\" content=\"https:\/\/experienciadevida.com.ar\/portalurbano\/se-cumplen-25-anos-de-la-inauguracion-del-edificio-de-sociales-en-el-complejo-universitario\/\" \/>\n<meta property=\"article:publisher\" content=\"https:\/\/www.facebook.com\/Portal-Urbano-171542830093757\/\" \/>\n<meta property=\"article:published_time\" content=\"2022-08-29T23:09:43+00:00\" \/>\n<meta property=\"article:modified_time\" content=\"2022-08-29T23:14:02+00:00\" \/>\n<meta property=\"og:image\" content=\"https:\/\/experienciadevida.com.ar\/portalurbano\/wp-content\/uploads\/2022\/08\/Se-cumplen-25-anos.jpg\" \/>\n\t<meta property=\"og:image:width\" content=\"1404\" \/>\n\t<meta property=\"og:image:height\" content=\"870\" \/>\n\t<meta property=\"og:image:type\" content=\"image\/jpeg\" \/>\n<meta name=\"author\" content=\"admpu17wp\" \/>\n<meta name=\"twitter:card\" content=\"summary_large_image\" \/>\n<meta name=\"twitter:creator\" content=\"@portalurbanook\" \/>\n<meta name=\"twitter:site\" content=\"@portalurbanook\" \/>\n<meta name=\"twitter:label1\" content=\"Escrito por\" \/>\n\t<meta name=\"twitter:data1\" content=\"admpu17wp\" \/>\n\t<meta name=\"twitter:label2\" content=\"Tiempo de lectura\" \/>\n\t<meta name=\"twitter:data2\" content=\"5 minutos\" \/>\n<script type=\"application\/ld+json\" class=\"yoast-schema-graph\">{\"@context\":\"https:\/\/schema.org\",\"@graph\":[{\"@type\":\"Article\",\"@id\":\"https:\/\/experienciadevida.com.ar\/portalurbano\/se-cumplen-25-anos-de-la-inauguracion-del-edificio-de-sociales-en-el-complejo-universitario\/#article\",\"isPartOf\":{\"@id\":\"https:\/\/experienciadevida.com.ar\/portalurbano\/se-cumplen-25-anos-de-la-inauguracion-del-edificio-de-sociales-en-el-complejo-universitario\/\"},\"author\":{\"name\":\"admpu17wp\",\"@id\":\"https:\/\/experienciadevida.com.ar\/portalurbano\/#\/schema\/person\/02dd326b1c4b056e9cc972486934a3a7\"},\"headline\":\"Se cumplen 25 a\u00f1os de la inauguraci\u00f3n del edificio de Sociales en el Complejo Universitario\",\"datePublished\":\"2022-08-29T23:09:43+00:00\",\"dateModified\":\"2022-08-29T23:14:02+00:00\",\"mainEntityOfPage\":{\"@id\":\"https:\/\/experienciadevida.com.ar\/portalurbano\/se-cumplen-25-anos-de-la-inauguracion-del-edificio-de-sociales-en-el-complejo-universitario\/\"},\"wordCount\":972,\"publisher\":{\"@id\":\"https:\/\/experienciadevida.com.ar\/portalurbano\/#organization\"},\"articleSection\":[\"Educaci\u00f3n\"],\"inLanguage\":\"es\"},{\"@type\":\"WebPage\",\"@id\":\"https:\/\/experienciadevida.com.ar\/portalurbano\/se-cumplen-25-anos-de-la-inauguracion-del-edificio-de-sociales-en-el-complejo-universitario\/\",\"url\":\"https:\/\/experienciadevida.com.ar\/portalurbano\/se-cumplen-25-anos-de-la-inauguracion-del-edificio-de-sociales-en-el-complejo-universitario\/\",\"name\":\"Se cumplen 25 a\u00f1os de la inauguraci\u00f3n del edificio de sociales\",\"isPartOf\":{\"@id\":\"https:\/\/experienciadevida.com.ar\/portalurbano\/#website\"},\"datePublished\":\"2022-08-29T23:09:43+00:00\",\"dateModified\":\"2022-08-29T23:14:02+00:00\",\"description\":\"Se cumplen 25 a\u00f1os de la inauguraci\u00f3n del edificio de Sociales en el Complejo Universitario, del a\u00f1o 1997 fueron inauguradas\",\"breadcrumb\":{\"@id\":\"https:\/\/experienciadevida.com.ar\/portalurbano\/se-cumplen-25-anos-de-la-inauguracion-del-edificio-de-sociales-en-el-complejo-universitario\/#breadcrumb\"},\"inLanguage\":\"es\",\"potentialAction\":[{\"@type\":\"ReadAction\",\"target\":[\"https:\/\/experienciadevida.com.ar\/portalurbano\/se-cumplen-25-anos-de-la-inauguracion-del-edificio-de-sociales-en-el-complejo-universitario\/\"]}]},{\"@type\":\"BreadcrumbList\",\"@id\":\"https:\/\/experienciadevida.com.ar\/portalurbano\/se-cumplen-25-anos-de-la-inauguracion-del-edificio-de-sociales-en-el-complejo-universitario\/#breadcrumb\",\"itemListElement\":[{\"@type\":\"ListItem\",\"position\":1,\"name\":\"Portada\",\"item\":\"https:\/\/experienciadevida.com.ar\/portalurbano\/\"},{\"@type\":\"ListItem\",\"position\":2,\"name\":\"Se cumplen 25 a\u00f1os de la inauguraci\u00f3n del edificio de Sociales en el Complejo Universitario\"}]},{\"@type\":\"WebSite\",\"@id\":\"https:\/\/experienciadevida.com.ar\/portalurbano\/#website\",\"url\":\"https:\/\/experienciadevida.com.ar\/portalurbano\/\",\"name\":\"\",\"description\":\"\",\"publisher\":{\"@id\":\"https:\/\/experienciadevida.com.ar\/portalurbano\/#organization\"},\"potentialAction\":[{\"@type\":\"SearchAction\",\"target\":{\"@type\":\"EntryPoint\",\"urlTemplate\":\"https:\/\/experienciadevida.com.ar\/portalurbano\/?s={search_term_string}\"},\"query-input\":\"required name=search_term_string\"}],\"inLanguage\":\"es\"},{\"@type\":\"Organization\",\"@id\":\"https:\/\/experienciadevida.com.ar\/portalurbano\/#organization\",\"name\":\"Portal Urbano\",\"url\":\"https:\/\/experienciadevida.com.ar\/portalurbano\/\",\"logo\":{\"@type\":\"ImageObject\",\"inLanguage\":\"es\",\"@id\":\"https:\/\/experienciadevida.com.ar\/portalurbano\/#\/schema\/logo\/image\/\",\"url\":\"https:\/\/experienciadevida.com.ar\/portalurbano\/wp-content\/uploads\/2019\/09\/Logo-Original.png\",\"contentUrl\":\"https:\/\/experienciadevida.com.ar\/portalurbano\/wp-content\/uploads\/2019\/09\/Logo-Original.png\",\"width\":2236,\"height\":1216,\"caption\":\"Portal Urbano\"},\"image\":{\"@id\":\"https:\/\/experienciadevida.com.ar\/portalurbano\/#\/schema\/logo\/image\/\"},\"sameAs\":[\"https:\/\/www.facebook.com\/Portal-Urbano-171542830093757\/\",\"https:\/\/twitter.com\/portalurbanook\",\"https:\/\/www.instagram.com\/_portalurbano\/\",\"https:\/\/www.youtube.com\/channel\/UCXhagIfszH8KxFiOok79zbA?view_as=subscriber\"]},{\"@type\":\"Person\",\"@id\":\"https:\/\/experienciadevida.com.ar\/portalurbano\/#\/schema\/person\/02dd326b1c4b056e9cc972486934a3a7\",\"name\":\"admpu17wp\",\"image\":{\"@type\":\"ImageObject\",\"inLanguage\":\"es\",\"@id\":\"https:\/\/experienciadevida.com.ar\/portalurbano\/#\/schema\/person\/image\/\",\"url\":\"https:\/\/secure.gravatar.com\/avatar\/830d4c57adaae6630765e449a6908047?s=96&d=mm&r=g\",\"contentUrl\":\"https:\/\/secure.gravatar.com\/avatar\/830d4c57adaae6630765e449a6908047?s=96&d=mm&r=g\",\"caption\":\"admpu17wp\"}}]}<\/script>\n<!-- \/ Yoast SEO plugin. -->","yoast_head_json":{"title":"Se cumplen 25 a\u00f1os de la inauguraci\u00f3n del edificio de sociales","description":"Se cumplen 25 a\u00f1os de la inauguraci\u00f3n del edificio de Sociales en el Complejo Universitario, del a\u00f1o 1997 fueron inauguradas","robots":{"index":"index","follow":"follow","max-snippet":"max-snippet:-1","max-image-preview":"max-image-preview:large","max-video-preview":"max-video-preview:-1"},"canonical":"https:\/\/experienciadevida.com.ar\/portalurbano\/se-cumplen-25-anos-de-la-inauguracion-del-edificio-de-sociales-en-el-complejo-universitario\/","og_locale":"es_ES","og_type":"article","og_title":"Se cumplen 25 a\u00f1os de la inauguraci\u00f3n del edificio de sociales","og_description":"Se cumplen 25 a\u00f1os de la inauguraci\u00f3n del edificio de Sociales en el Complejo Universitario, del a\u00f1o 1997 fueron inauguradas","og_url":"https:\/\/experienciadevida.com.ar\/portalurbano\/se-cumplen-25-anos-de-la-inauguracion-del-edificio-de-sociales-en-el-complejo-universitario\/","article_publisher":"https:\/\/www.facebook.com\/Portal-Urbano-171542830093757\/","article_published_time":"2022-08-29T23:09:43+00:00","article_modified_time":"2022-08-29T23:14:02+00:00","og_image":[{"width":1404,"height":870,"url":"https:\/\/experienciadevida.com.ar\/portalurbano\/wp-content\/uploads\/2022\/08\/Se-cumplen-25-anos.jpg","type":"image\/jpeg"}],"author":"admpu17wp","twitter_card":"summary_large_image","twitter_creator":"@portalurbanook","twitter_site":"@portalurbanook","twitter_misc":{"Escrito por":"admpu17wp","Tiempo de lectura":"5 minutos"},"schema":{"@context":"https:\/\/schema.org","@graph":[{"@type":"Article","@id":"https:\/\/experienciadevida.com.ar\/portalurbano\/se-cumplen-25-anos-de-la-inauguracion-del-edificio-de-sociales-en-el-complejo-universitario\/#article","isPartOf":{"@id":"https:\/\/experienciadevida.com.ar\/portalurbano\/se-cumplen-25-anos-de-la-inauguracion-del-edificio-de-sociales-en-el-complejo-universitario\/"},"author":{"name":"admpu17wp","@id":"https:\/\/experienciadevida.com.ar\/portalurbano\/#\/schema\/person\/02dd326b1c4b056e9cc972486934a3a7"},"headline":"Se cumplen 25 a\u00f1os de la inauguraci\u00f3n del edificio de Sociales en el Complejo Universitario","datePublished":"2022-08-29T23:09:43+00:00","dateModified":"2022-08-29T23:14:02+00:00","mainEntityOfPage":{"@id":"https:\/\/experienciadevida.com.ar\/portalurbano\/se-cumplen-25-anos-de-la-inauguracion-del-edificio-de-sociales-en-el-complejo-universitario\/"},"wordCount":972,"publisher":{"@id":"https:\/\/experienciadevida.com.ar\/portalurbano\/#organization"},"articleSection":["Educaci\u00f3n"],"inLanguage":"es"},{"@type":"WebPage","@id":"https:\/\/experienciadevida.com.ar\/portalurbano\/se-cumplen-25-anos-de-la-inauguracion-del-edificio-de-sociales-en-el-complejo-universitario\/","url":"https:\/\/experienciadevida.com.ar\/portalurbano\/se-cumplen-25-anos-de-la-inauguracion-del-edificio-de-sociales-en-el-complejo-universitario\/","name":"Se cumplen 25 a\u00f1os de la inauguraci\u00f3n del edificio de sociales","isPartOf":{"@id":"https:\/\/experienciadevida.com.ar\/portalurbano\/#website"},"datePublished":"2022-08-29T23:09:43+00:00","dateModified":"2022-08-29T23:14:02+00:00","description":"Se cumplen 25 a\u00f1os de la inauguraci\u00f3n del edificio de Sociales en el Complejo Universitario, del a\u00f1o 1997 fueron inauguradas","breadcrumb":{"@id":"https:\/\/experienciadevida.com.ar\/portalurbano\/se-cumplen-25-anos-de-la-inauguracion-del-edificio-de-sociales-en-el-complejo-universitario\/#breadcrumb"},"inLanguage":"es","potentialAction":[{"@type":"ReadAction","target":["https:\/\/experienciadevida.com.ar\/portalurbano\/se-cumplen-25-anos-de-la-inauguracion-del-edificio-de-sociales-en-el-complejo-universitario\/"]}]},{"@type":"BreadcrumbList","@id":"https:\/\/experienciadevida.com.ar\/portalurbano\/se-cumplen-25-anos-de-la-inauguracion-del-edificio-de-sociales-en-el-complejo-universitario\/#breadcrumb","itemListElement":[{"@type":"ListItem","position":1,"name":"Portada","item":"https:\/\/experienciadevida.com.ar\/portalurbano\/"},{"@type":"ListItem","position":2,"name":"Se cumplen 25 a\u00f1os de la inauguraci\u00f3n del edificio de Sociales en el Complejo Universitario"}]},{"@type":"WebSite","@id":"https:\/\/experienciadevida.com.ar\/portalurbano\/#website","url":"https:\/\/experienciadevida.com.ar\/portalurbano\/","name":"","description":"","publisher":{"@id":"https:\/\/experienciadevida.com.ar\/portalurbano\/#organization"},"potentialAction":[{"@type":"SearchAction","target":{"@type":"EntryPoint","urlTemplate":"https:\/\/experienciadevida.com.ar\/portalurbano\/?s={search_term_string}"},"query-input":"required name=search_term_string"}],"inLanguage":"es"},{"@type":"Organization","@id":"https:\/\/experienciadevida.com.ar\/portalurbano\/#organization","name":"Portal Urbano","url":"https:\/\/experienciadevida.com.ar\/portalurbano\/","logo":{"@type":"ImageObject","inLanguage":"es","@id":"https:\/\/experienciadevida.com.ar\/portalurbano\/#\/schema\/logo\/image\/","url":"https:\/\/experienciadevida.com.ar\/portalurbano\/wp-content\/uploads\/2019\/09\/Logo-Original.png","contentUrl":"https:\/\/experienciadevida.com.ar\/portalurbano\/wp-content\/uploads\/2019\/09\/Logo-Original.png","width":2236,"height":1216,"caption":"Portal Urbano"},"image":{"@id":"https:\/\/experienciadevida.com.ar\/portalurbano\/#\/schema\/logo\/image\/"},"sameAs":["https:\/\/www.facebook.com\/Portal-Urbano-171542830093757\/","https:\/\/twitter.com\/portalurbanook","https:\/\/www.instagram.com\/_portalurbano\/","https:\/\/www.youtube.com\/channel\/UCXhagIfszH8KxFiOok79zbA?view_as=subscriber"]},{"@type":"Person","@id":"https:\/\/experienciadevida.com.ar\/portalurbano\/#\/schema\/person\/02dd326b1c4b056e9cc972486934a3a7","name":"admpu17wp","image":{"@type":"ImageObject","inLanguage":"es","@id":"https:\/\/experienciadevida.com.ar\/portalurbano\/#\/schema\/person\/image\/","url":"https:\/\/secure.gravatar.com\/avatar\/830d4c57adaae6630765e449a6908047?s=96&d=mm&r=g","contentUrl":"https:\/\/secure.gravatar.com\/avatar\/830d4c57adaae6630765e449a6908047?s=96&d=mm&r=g","caption":"admpu17wp"}}]}},"featured_image_urls":{"full":["https:\/\/experienciadevida.com.ar\/portalurbano\/wp-content\/uploads\/2022\/08\/Se-cumplen-25-anos.jpg",1404,870,false],"thumbnail":["https:\/\/experienciadevida.com.ar\/portalurbano\/wp-content\/uploads\/2022\/08\/Se-cumplen-25-anos-150x150.jpg",150,150,true],"medium":["https:\/\/experienciadevida.com.ar\/portalurbano\/wp-content\/uploads\/2022\/08\/Se-cumplen-25-anos-300x186.jpg",300,186,true],"medium_large":["https:\/\/experienciadevida.com.ar\/portalurbano\/wp-content\/uploads\/2022\/08\/Se-cumplen-25-anos-768x476.jpg",640,397,true],"large":["https:\/\/experienciadevida.com.ar\/portalurbano\/wp-content\/uploads\/2022\/08\/Se-cumplen-25-anos-1024x635.jpg",640,397,true],"ug_big":["https:\/\/experienciadevida.com.ar\/portalurbano\/wp-content\/uploads\/2022\/08\/Se-cumplen-25-anos-768x476.jpg",768,476,true],"1536x1536":["https:\/\/experienciadevida.com.ar\/portalurbano\/wp-content\/uploads\/2022\/08\/Se-cumplen-25-anos.jpg",1404,870,false],"2048x2048":["https:\/\/experienciadevida.com.ar\/portalurbano\/wp-content\/uploads\/2022\/08\/Se-cumplen-25-anos.jpg",1404,870,false],"newsever-slider-full":["https:\/\/experienciadevida.com.ar\/portalurbano\/wp-content\/uploads\/2022\/08\/Se-cumplen-25-anos.jpg",1280,793,false],"newsever-featured":["https:\/\/experienciadevida.com.ar\/portalurbano\/wp-content\/uploads\/2022\/08\/Se-cumplen-25-anos.jpg",1024,635,false],"newsever-medium":["https:\/\/experienciadevida.com.ar\/portalurbano\/wp-content\/uploads\/2022\/08\/Se-cumplen-25-anos.jpg",720,446,false],"web-stories-poster-portrait":["https:\/\/experienciadevida.com.ar\/portalurbano\/wp-content\/uploads\/2022\/08\/Se-cumplen-25-anos-640x853.jpg",640,853,true],"web-stories-publisher-logo":["https:\/\/experienciadevida.com.ar\/portalurbano\/wp-content\/uploads\/2022\/08\/Se-cumplen-25-anos-96x96.jpg",96,96,true],"web-stories-thumbnail":["https:\/\/experienciadevida.com.ar\/portalurbano\/wp-content\/uploads\/2022\/08\/Se-cumplen-25-anos-150x93.jpg",150,93,true]},"author_info":{"display_name":"admpu17wp","author_link":"https:\/\/experienciadevida.com.ar\/portalurbano\/author\/admpu17wp\/"},"category_info":"<a href=\"https:\/\/experienciadevida.com.ar\/portalurbano\/category\/ciudad\/educacion\/\" rel=\"category tag\">Educaci\u00f3n<\/a>","tag_info":"Educaci\u00f3n","comment_count":"0","amp_enabled":true,"_links":{"self":[{"href":"https:\/\/experienciadevida.com.ar\/portalurbano\/wp-json\/wp\/v2\/posts\/174338"}],"collection":[{"href":"https:\/\/experienciadevida.com.ar\/portalurbano\/wp-json\/wp\/v2\/posts"}],"about":[{"href":"https:\/\/experienciadevida.com.ar\/portalurbano\/wp-json\/wp\/v2\/types\/post"}],"author":[{"embeddable":true,"href":"https:\/\/experienciadevida.com.ar\/portalurbano\/wp-json\/wp\/v2\/users\/1"}],"replies":[{"embeddable":true,"href":"https:\/\/experienciadevida.com.ar\/portalurbano\/wp-json\/wp\/v2\/comments?post=174338"}],"version-history":[{"count":3,"href":"https:\/\/experienciadevida.com.ar\/portalurbano\/wp-json\/wp\/v2\/posts\/174338\/revisions"}],"predecessor-version":[{"id":174344,"href":"https:\/\/experienciadevida.com.ar\/portalurbano\/wp-json\/wp\/v2\/posts\/174338\/revisions\/174344"}],"wp:featuredmedia":[{"embeddable":true,"href":"https:\/\/experienciadevida.com.ar\/portalurbano\/wp-json\/wp\/v2\/media\/174339"}],"wp:attachment":[{"href":"https:\/\/experienciadevida.com.ar\/portalurbano\/wp-json\/wp\/v2\/media?parent=174338"}],"wp:term":[{"taxonomy":"category","embeddable":true,"href":"https:\/\/experienciadevida.com.ar\/portalurbano\/wp-json\/wp\/v2\/categories?post=174338"},{"taxonomy":"post_tag","embeddable":true,"href":"https:\/\/experienciadevida.com.ar\/portalurbano\/wp-json\/wp\/v2\/tags?post=174338"}],"curies":[{"name":"wp","href":"https:\/\/api.w.org\/{rel}","templated":true}]}}