{"id":174301,"date":"2022-08-29T09:56:44","date_gmt":"2022-08-29T12:56:44","guid":{"rendered":"https:\/\/experienciadevida.com.ar\/portalurbano\/?p=174301"},"modified":"2022-08-29T09:59:58","modified_gmt":"2022-08-29T12:59:58","slug":"licencias-de-conducir-atendera-los-sabados-para-reprogramar-los-turnos-de-la-maxima","status":"publish","type":"post","link":"https:\/\/experienciadevida.com.ar\/portalurbano\/licencias-de-conducir-atendera-los-sabados-para-reprogramar-los-turnos-de-la-maxima\/","title":{"rendered":"Licencias de Conducir atender\u00e1 los s\u00e1bados para reprogramar los turnos de La M\u00e1xima"},"content":{"rendered":"<p>Licencias de Conducir atender\u00e1 los s\u00e1bados para reprogramar los turnos de La M\u00e1xima, la Direcci\u00f3n de Licencias de Conducir del Gobierno Municipal solicita a los vecinos que no pudieron ser atendidos en los \u00faltimos d\u00edas por la medad gremial que env\u00eden un Whatsapp al 2284-230610 para reprogramar los turnos.<\/p>\n<p>En este sentido, el Director del \u00e1rea Leandro Lanceta inform\u00f3 que \u00abhasta que se restablezca la situaci\u00f3n, personal de Licencias atender\u00e1 los s\u00e1bados. Son, aproximadamente, unas 800 personas las que no pudieron realizar la prueba de manejo en La M\u00e1xima\u00bb.<\/p>\n<p>\u00abEstamos trabajando para que todos los vecinos puedan obtener su Licencia en tiempo y forma. Por eso solicitamos a los vecinos que se comuniquen con nosotros para la reprogramaci\u00f3n de turnos\u00bb, agreg\u00f3.<\/p>\n<p>Asimismo, para la reprogramaci\u00f3n de turnos los vecinos pueden acercarse al predio de La M\u00e1xima o a las oficinas de Licencias de Conducir en el sal\u00f3n Rivadavia del palacio San Mart\u00edn.<\/p>\n<p>&nbsp;<\/p>\n","protected":false},"excerpt":{"rendered":"<p>Licencias de Conducir atender\u00e1 los s\u00e1bados para reprogramar los turnos de La M\u00e1xima, la Direcci\u00f3n&#8230;<\/p>\n","protected":false},"author":1,"featured_media":167718,"comment_status":"closed","ping_status":"closed","sticky":false,"template":"","format":"standard","meta":{"content-type":""},"categories":[27,64],"tags":[],"nelio_content":{"isAutoShareEnabled":false,"autoShareEndMode":"default","automationSources":{"useContentSentences":true,"useSocialTemplates":true,"useCustomSentences":false,"customSentences":[]},"followers":[1],"suggestedReferences":[],"includedReferences":[],"efiUrl":"","efiAlt":"","highlights":[]},"yoast_head":"<!-- This site is optimized with the Yoast SEO plugin v20.7 - https:\/\/yoast.com\/wordpress\/plugins\/seo\/ -->\n<title>Licencias de conducir atender\u00e1 los s\u00e1bados para reprogramar<\/title>\n<meta name=\"description\" content=\"Licencias de Conducir atender\u00e1 los s\u00e1bados para reprogramar los turnos de La M\u00e1xima, la Direcci\u00f3n de Licencias de Conducir del Gobierno\" \/>\n<meta name=\"robots\" content=\"index, follow, max-snippet:-1, max-image-preview:large, max-video-preview:-1\" \/>\n<link rel=\"canonical\" href=\"https:\/\/experienciadevida.com.ar\/portalurbano\/licencias-de-conducir-atendera-los-sabados-para-reprogramar-los-turnos-de-la-maxima\/\" \/>\n<meta property=\"og:locale\" content=\"es_ES\" \/>\n<meta property=\"og:type\" content=\"article\" \/>\n<meta property=\"og:title\" content=\"Licencias de conducir atender\u00e1 los s\u00e1bados para reprogramar\" \/>\n<meta property=\"og:description\" content=\"Licencias de Conducir atender\u00e1 los s\u00e1bados para reprogramar los turnos de La M\u00e1xima, la Direcci\u00f3n de Licencias de Conducir del Gobierno\" \/>\n<meta property=\"og:url\" content=\"https:\/\/experienciadevida.com.ar\/portalurbano\/licencias-de-conducir-atendera-los-sabados-para-reprogramar-los-turnos-de-la-maxima\/\" \/>\n<meta property=\"article:publisher\" content=\"https:\/\/www.facebook.com\/Portal-Urbano-171542830093757\/\" \/>\n<meta property=\"article:published_time\" content=\"2022-08-29T12:56:44+00:00\" \/>\n<meta property=\"article:modified_time\" content=\"2022-08-29T12:59:58+00:00\" \/>\n<meta property=\"og:image\" content=\"https:\/\/experienciadevida.com.ar\/portalurbano\/wp-content\/uploads\/2022\/05\/Licencias-de-Conducir-incorpora.jpg\" \/>\n\t<meta property=\"og:image:width\" content=\"1024\" \/>\n\t<meta property=\"og:image:height\" content=\"682\" \/>\n\t<meta property=\"og:image:type\" content=\"image\/jpeg\" \/>\n<meta name=\"author\" content=\"admpu17wp\" \/>\n<meta name=\"twitter:card\" content=\"summary_large_image\" \/>\n<meta name=\"twitter:creator\" content=\"@portalurbanook\" \/>\n<meta name=\"twitter:site\" content=\"@portalurbanook\" \/>\n<meta name=\"twitter:label1\" content=\"Escrito por\" \/>\n\t<meta name=\"twitter:data1\" content=\"admpu17wp\" \/>\n\t<meta name=\"twitter:label2\" content=\"Tiempo de lectura\" \/>\n\t<meta name=\"twitter:data2\" content=\"1 minuto\" \/>\n<script type=\"application\/ld+json\" class=\"yoast-schema-graph\">{\"@context\":\"https:\/\/schema.org\",\"@graph\":[{\"@type\":\"Article\",\"@id\":\"https:\/\/experienciadevida.com.ar\/portalurbano\/licencias-de-conducir-atendera-los-sabados-para-reprogramar-los-turnos-de-la-maxima\/#article\",\"isPartOf\":{\"@id\":\"https:\/\/experienciadevida.com.ar\/portalurbano\/licencias-de-conducir-atendera-los-sabados-para-reprogramar-los-turnos-de-la-maxima\/\"},\"author\":{\"name\":\"admpu17wp\",\"@id\":\"https:\/\/experienciadevida.com.ar\/portalurbano\/#\/schema\/person\/02dd326b1c4b056e9cc972486934a3a7\"},\"headline\":\"Licencias de Conducir atender\u00e1 los s\u00e1bados para reprogramar los turnos de La M\u00e1xima\",\"datePublished\":\"2022-08-29T12:56:44+00:00\",\"dateModified\":\"2022-08-29T12:59:58+00:00\",\"mainEntityOfPage\":{\"@id\":\"https:\/\/experienciadevida.com.ar\/portalurbano\/licencias-de-conducir-atendera-los-sabados-para-reprogramar-los-turnos-de-la-maxima\/\"},\"wordCount\":180,\"publisher\":{\"@id\":\"https:\/\/experienciadevida.com.ar\/portalurbano\/#organization\"},\"articleSection\":[\"Ciudad\",\"Destacadas 2\"],\"inLanguage\":\"es\"},{\"@type\":\"WebPage\",\"@id\":\"https:\/\/experienciadevida.com.ar\/portalurbano\/licencias-de-conducir-atendera-los-sabados-para-reprogramar-los-turnos-de-la-maxima\/\",\"url\":\"https:\/\/experienciadevida.com.ar\/portalurbano\/licencias-de-conducir-atendera-los-sabados-para-reprogramar-los-turnos-de-la-maxima\/\",\"name\":\"Licencias de conducir atender\u00e1 los s\u00e1bados para reprogramar\",\"isPartOf\":{\"@id\":\"https:\/\/experienciadevida.com.ar\/portalurbano\/#website\"},\"datePublished\":\"2022-08-29T12:56:44+00:00\",\"dateModified\":\"2022-08-29T12:59:58+00:00\",\"description\":\"Licencias de Conducir atender\u00e1 los s\u00e1bados para reprogramar los turnos de La M\u00e1xima, la Direcci\u00f3n de Licencias de Conducir del Gobierno\",\"breadcrumb\":{\"@id\":\"https:\/\/experienciadevida.com.ar\/portalurbano\/licencias-de-conducir-atendera-los-sabados-para-reprogramar-los-turnos-de-la-maxima\/#breadcrumb\"},\"inLanguage\":\"es\",\"potentialAction\":[{\"@type\":\"ReadAction\",\"target\":[\"https:\/\/experienciadevida.com.ar\/portalurbano\/licencias-de-conducir-atendera-los-sabados-para-reprogramar-los-turnos-de-la-maxima\/\"]}]},{\"@type\":\"BreadcrumbList\",\"@id\":\"https:\/\/experienciadevida.com.ar\/portalurbano\/licencias-de-conducir-atendera-los-sabados-para-reprogramar-los-turnos-de-la-maxima\/#breadcrumb\",\"itemListElement\":[{\"@type\":\"ListItem\",\"position\":1,\"name\":\"Portada\",\"item\":\"https:\/\/experienciadevida.com.ar\/portalurbano\/\"},{\"@type\":\"ListItem\",\"position\":2,\"name\":\"Licencias de Conducir atender\u00e1 los s\u00e1bados para reprogramar los turnos de La M\u00e1xima\"}]},{\"@type\":\"WebSite\",\"@id\":\"https:\/\/experienciadevida.com.ar\/portalurbano\/#website\",\"url\":\"https:\/\/experienciadevida.com.ar\/portalurbano\/\",\"name\":\"\",\"description\":\"\",\"publisher\":{\"@id\":\"https:\/\/experienciadevida.com.ar\/portalurbano\/#organization\"},\"potentialAction\":[{\"@type\":\"SearchAction\",\"target\":{\"@type\":\"EntryPoint\",\"urlTemplate\":\"https:\/\/experienciadevida.com.ar\/portalurbano\/?s={search_term_string}\"},\"query-input\":\"required name=search_term_string\"}],\"inLanguage\":\"es\"},{\"@type\":\"Organization\",\"@id\":\"https:\/\/experienciadevida.com.ar\/portalurbano\/#organization\",\"name\":\"Portal Urbano\",\"url\":\"https:\/\/experienciadevida.com.ar\/portalurbano\/\",\"logo\":{\"@type\":\"ImageObject\",\"inLanguage\":\"es\",\"@id\":\"https:\/\/experienciadevida.com.ar\/portalurbano\/#\/schema\/logo\/image\/\",\"url\":\"https:\/\/experienciadevida.com.ar\/portalurbano\/wp-content\/uploads\/2019\/09\/Logo-Original.png\",\"contentUrl\":\"https:\/\/experienciadevida.com.ar\/portalurbano\/wp-content\/uploads\/2019\/09\/Logo-Original.png\",\"width\":2236,\"height\":1216,\"caption\":\"Portal Urbano\"},\"image\":{\"@id\":\"https:\/\/experienciadevida.com.ar\/portalurbano\/#\/schema\/logo\/image\/\"},\"sameAs\":[\"https:\/\/www.facebook.com\/Portal-Urbano-171542830093757\/\",\"https:\/\/twitter.com\/portalurbanook\",\"https:\/\/www.instagram.com\/_portalurbano\/\",\"https:\/\/www.youtube.com\/channel\/UCXhagIfszH8KxFiOok79zbA?view_as=subscriber\"]},{\"@type\":\"Person\",\"@id\":\"https:\/\/experienciadevida.com.ar\/portalurbano\/#\/schema\/person\/02dd326b1c4b056e9cc972486934a3a7\",\"name\":\"admpu17wp\",\"image\":{\"@type\":\"ImageObject\",\"inLanguage\":\"es\",\"@id\":\"https:\/\/experienciadevida.com.ar\/portalurbano\/#\/schema\/person\/image\/\",\"url\":\"https:\/\/secure.gravatar.com\/avatar\/830d4c57adaae6630765e449a6908047?s=96&d=mm&r=g\",\"contentUrl\":\"https:\/\/secure.gravatar.com\/avatar\/830d4c57adaae6630765e449a6908047?s=96&d=mm&r=g\",\"caption\":\"admpu17wp\"}}]}<\/script>\n<!-- \/ Yoast SEO plugin. -->","yoast_head_json":{"title":"Licencias de conducir atender\u00e1 los s\u00e1bados para reprogramar","description":"Licencias de Conducir atender\u00e1 los s\u00e1bados para reprogramar los turnos de La M\u00e1xima, la Direcci\u00f3n de Licencias de Conducir del Gobierno","robots":{"index":"index","follow":"follow","max-snippet":"max-snippet:-1","max-image-preview":"max-image-preview:large","max-video-preview":"max-video-preview:-1"},"canonical":"https:\/\/experienciadevida.com.ar\/portalurbano\/licencias-de-conducir-atendera-los-sabados-para-reprogramar-los-turnos-de-la-maxima\/","og_locale":"es_ES","og_type":"article","og_title":"Licencias de conducir atender\u00e1 los s\u00e1bados para reprogramar","og_description":"Licencias de Conducir atender\u00e1 los s\u00e1bados para reprogramar los turnos de La M\u00e1xima, la Direcci\u00f3n de Licencias de Conducir del Gobierno","og_url":"https:\/\/experienciadevida.com.ar\/portalurbano\/licencias-de-conducir-atendera-los-sabados-para-reprogramar-los-turnos-de-la-maxima\/","article_publisher":"https:\/\/www.facebook.com\/Portal-Urbano-171542830093757\/","article_published_time":"2022-08-29T12:56:44+00:00","article_modified_time":"2022-08-29T12:59:58+00:00","og_image":[{"width":1024,"height":682,"url":"https:\/\/experienciadevida.com.ar\/portalurbano\/wp-content\/uploads\/2022\/05\/Licencias-de-Conducir-incorpora.jpg","type":"image\/jpeg"}],"author":"admpu17wp","twitter_card":"summary_large_image","twitter_creator":"@portalurbanook","twitter_site":"@portalurbanook","twitter_misc":{"Escrito por":"admpu17wp","Tiempo de lectura":"1 minuto"},"schema":{"@context":"https:\/\/schema.org","@graph":[{"@type":"Article","@id":"https:\/\/experienciadevida.com.ar\/portalurbano\/licencias-de-conducir-atendera-los-sabados-para-reprogramar-los-turnos-de-la-maxima\/#article","isPartOf":{"@id":"https:\/\/experienciadevida.com.ar\/portalurbano\/licencias-de-conducir-atendera-los-sabados-para-reprogramar-los-turnos-de-la-maxima\/"},"author":{"name":"admpu17wp","@id":"https:\/\/experienciadevida.com.ar\/portalurbano\/#\/schema\/person\/02dd326b1c4b056e9cc972486934a3a7"},"headline":"Licencias de Conducir atender\u00e1 los s\u00e1bados para reprogramar los turnos de La M\u00e1xima","datePublished":"2022-08-29T12:56:44+00:00","dateModified":"2022-08-29T12:59:58+00:00","mainEntityOfPage":{"@id":"https:\/\/experienciadevida.com.ar\/portalurbano\/licencias-de-conducir-atendera-los-sabados-para-reprogramar-los-turnos-de-la-maxima\/"},"wordCount":180,"publisher":{"@id":"https:\/\/experienciadevida.com.ar\/portalurbano\/#organization"},"articleSection":["Ciudad","Destacadas 2"],"inLanguage":"es"},{"@type":"WebPage","@id":"https:\/\/experienciadevida.com.ar\/portalurbano\/licencias-de-conducir-atendera-los-sabados-para-reprogramar-los-turnos-de-la-maxima\/","url":"https:\/\/experienciadevida.com.ar\/portalurbano\/licencias-de-conducir-atendera-los-sabados-para-reprogramar-los-turnos-de-la-maxima\/","name":"Licencias de conducir atender\u00e1 los s\u00e1bados para reprogramar","isPartOf":{"@id":"https:\/\/experienciadevida.com.ar\/portalurbano\/#website"},"datePublished":"2022-08-29T12:56:44+00:00","dateModified":"2022-08-29T12:59:58+00:00","description":"Licencias de Conducir atender\u00e1 los s\u00e1bados para reprogramar los turnos de La M\u00e1xima, la Direcci\u00f3n de Licencias de Conducir del Gobierno","breadcrumb":{"@id":"https:\/\/experienciadevida.com.ar\/portalurbano\/licencias-de-conducir-atendera-los-sabados-para-reprogramar-los-turnos-de-la-maxima\/#breadcrumb"},"inLanguage":"es","potentialAction":[{"@type":"ReadAction","target":["https:\/\/experienciadevida.com.ar\/portalurbano\/licencias-de-conducir-atendera-los-sabados-para-reprogramar-los-turnos-de-la-maxima\/"]}]},{"@type":"BreadcrumbList","@id":"https:\/\/experienciadevida.com.ar\/portalurbano\/licencias-de-conducir-atendera-los-sabados-para-reprogramar-los-turnos-de-la-maxima\/#breadcrumb","itemListElement":[{"@type":"ListItem","position":1,"name":"Portada","item":"https:\/\/experienciadevida.com.ar\/portalurbano\/"},{"@type":"ListItem","position":2,"name":"Licencias de Conducir atender\u00e1 los s\u00e1bados para reprogramar los turnos de La M\u00e1xima"}]},{"@type":"WebSite","@id":"https:\/\/experienciadevida.com.ar\/portalurbano\/#website","url":"https:\/\/experienciadevida.com.ar\/portalurbano\/","name":"","description":"","publisher":{"@id":"https:\/\/experienciadevida.com.ar\/portalurbano\/#organization"},"potentialAction":[{"@type":"SearchAction","target":{"@type":"EntryPoint","urlTemplate":"https:\/\/experienciadevida.com.ar\/portalurbano\/?s={search_term_string}"},"query-input":"required name=search_term_string"}],"inLanguage":"es"},{"@type":"Organization","@id":"https:\/\/experienciadevida.com.ar\/portalurbano\/#organization","name":"Portal Urbano","url":"https:\/\/experienciadevida.com.ar\/portalurbano\/","logo":{"@type":"ImageObject","inLanguage":"es","@id":"https:\/\/experienciadevida.com.ar\/portalurbano\/#\/schema\/logo\/image\/","url":"https:\/\/experienciadevida.com.ar\/portalurbano\/wp-content\/uploads\/2019\/09\/Logo-Original.png","contentUrl":"https:\/\/experienciadevida.com.ar\/portalurbano\/wp-content\/uploads\/2019\/09\/Logo-Original.png","width":2236,"height":1216,"caption":"Portal Urbano"},"image":{"@id":"https:\/\/experienciadevida.com.ar\/portalurbano\/#\/schema\/logo\/image\/"},"sameAs":["https:\/\/www.facebook.com\/Portal-Urbano-171542830093757\/","https:\/\/twitter.com\/portalurbanook","https:\/\/www.instagram.com\/_portalurbano\/","https:\/\/www.youtube.com\/channel\/UCXhagIfszH8KxFiOok79zbA?view_as=subscriber"]},{"@type":"Person","@id":"https:\/\/experienciadevida.com.ar\/portalurbano\/#\/schema\/person\/02dd326b1c4b056e9cc972486934a3a7","name":"admpu17wp","image":{"@type":"ImageObject","inLanguage":"es","@id":"https:\/\/experienciadevida.com.ar\/portalurbano\/#\/schema\/person\/image\/","url":"https:\/\/secure.gravatar.com\/avatar\/830d4c57adaae6630765e449a6908047?s=96&d=mm&r=g","contentUrl":"https:\/\/secure.gravatar.com\/avatar\/830d4c57adaae6630765e449a6908047?s=96&d=mm&r=g","caption":"admpu17wp"}}]}},"featured_image_urls":{"full":["https:\/\/experienciadevida.com.ar\/portalurbano\/wp-content\/uploads\/2022\/05\/Licencias-de-Conducir-incorpora.jpg",1024,682,false],"thumbnail":["https:\/\/experienciadevida.com.ar\/portalurbano\/wp-content\/uploads\/2022\/05\/Licencias-de-Conducir-incorpora-150x150.jpg",150,150,true],"medium":["https:\/\/experienciadevida.com.ar\/portalurbano\/wp-content\/uploads\/2022\/05\/Licencias-de-Conducir-incorpora-300x200.jpg",300,200,true],"medium_large":["https:\/\/experienciadevida.com.ar\/portalurbano\/wp-content\/uploads\/2022\/05\/Licencias-de-Conducir-incorpora-768x512.jpg",640,427,true],"large":["https:\/\/experienciadevida.com.ar\/portalurbano\/wp-content\/uploads\/2022\/05\/Licencias-de-Conducir-incorpora.jpg",640,426,false],"ug_big":["https:\/\/experienciadevida.com.ar\/portalurbano\/wp-content\/uploads\/2022\/05\/Licencias-de-Conducir-incorpora-768x512.jpg",768,512,true],"1536x1536":["https:\/\/experienciadevida.com.ar\/portalurbano\/wp-content\/uploads\/2022\/05\/Licencias-de-Conducir-incorpora.jpg",1024,682,false],"2048x2048":["https:\/\/experienciadevida.com.ar\/portalurbano\/wp-content\/uploads\/2022\/05\/Licencias-de-Conducir-incorpora.jpg",1024,682,false],"newsever-slider-full":["https:\/\/experienciadevida.com.ar\/portalurbano\/wp-content\/uploads\/2022\/05\/Licencias-de-Conducir-incorpora.jpg",1024,682,false],"newsever-featured":["https:\/\/experienciadevida.com.ar\/portalurbano\/wp-content\/uploads\/2022\/05\/Licencias-de-Conducir-incorpora.jpg",1024,682,false],"newsever-medium":["https:\/\/experienciadevida.com.ar\/portalurbano\/wp-content\/uploads\/2022\/05\/Licencias-de-Conducir-incorpora.jpg",713,475,false],"web-stories-poster-portrait":["https:\/\/experienciadevida.com.ar\/portalurbano\/wp-content\/uploads\/2022\/05\/Licencias-de-Conducir-incorpora.jpg",640,426,false],"web-stories-publisher-logo":["https:\/\/experienciadevida.com.ar\/portalurbano\/wp-content\/uploads\/2022\/05\/Licencias-de-Conducir-incorpora.jpg",96,64,false],"web-stories-thumbnail":["https:\/\/experienciadevida.com.ar\/portalurbano\/wp-content\/uploads\/2022\/05\/Licencias-de-Conducir-incorpora.jpg",150,100,false]},"author_info":{"display_name":"admpu17wp","author_link":"https:\/\/experienciadevida.com.ar\/portalurbano\/author\/admpu17wp\/"},"category_info":"<a href=\"https:\/\/experienciadevida.com.ar\/portalurbano\/category\/ciudad\/\" rel=\"category tag\">Ciudad<\/a> <a href=\"https:\/\/experienciadevida.com.ar\/portalurbano\/category\/destacadas-2\/\" rel=\"category tag\">Destacadas 2<\/a>","tag_info":"Destacadas 2","comment_count":"0","amp_enabled":true,"_links":{"self":[{"href":"https:\/\/experienciadevida.com.ar\/portalurbano\/wp-json\/wp\/v2\/posts\/174301"}],"collection":[{"href":"https:\/\/experienciadevida.com.ar\/portalurbano\/wp-json\/wp\/v2\/posts"}],"about":[{"href":"https:\/\/experienciadevida.com.ar\/portalurbano\/wp-json\/wp\/v2\/types\/post"}],"author":[{"embeddable":true,"href":"https:\/\/experienciadevida.com.ar\/portalurbano\/wp-json\/wp\/v2\/users\/1"}],"replies":[{"embeddable":true,"href":"https:\/\/experienciadevida.com.ar\/portalurbano\/wp-json\/wp\/v2\/comments?post=174301"}],"version-history":[{"count":1,"href":"https:\/\/experienciadevida.com.ar\/portalurbano\/wp-json\/wp\/v2\/posts\/174301\/revisions"}],"predecessor-version":[{"id":174302,"href":"https:\/\/experienciadevida.com.ar\/portalurbano\/wp-json\/wp\/v2\/posts\/174301\/revisions\/174302"}],"wp:featuredmedia":[{"embeddable":true,"href":"https:\/\/experienciadevida.com.ar\/portalurbano\/wp-json\/wp\/v2\/media\/167718"}],"wp:attachment":[{"href":"https:\/\/experienciadevida.com.ar\/portalurbano\/wp-json\/wp\/v2\/media?parent=174301"}],"wp:term":[{"taxonomy":"category","embeddable":true,"href":"https:\/\/experienciadevida.com.ar\/portalurbano\/wp-json\/wp\/v2\/categories?post=174301"},{"taxonomy":"post_tag","embeddable":true,"href":"https:\/\/experienciadevida.com.ar\/portalurbano\/wp-json\/wp\/v2\/tags?post=174301"}],"curies":[{"name":"wp","href":"https:\/\/api.w.org\/{rel}","templated":true}]}}