{"id":174274,"date":"2022-08-28T21:15:28","date_gmt":"2022-08-29T00:15:28","guid":{"rendered":"https:\/\/experienciadevida.com.ar\/portalurbano\/?p=174274"},"modified":"2022-08-28T21:18:05","modified_gmt":"2022-08-29T00:18:05","slug":"la-pena-roja-olavarria-festejo-el-dia-del-nino-junto-al-merendero-de-cata","status":"publish","type":"post","link":"https:\/\/experienciadevida.com.ar\/portalurbano\/la-pena-roja-olavarria-festejo-el-dia-del-nino-junto-al-merendero-de-cata\/","title":{"rendered":"La Pe\u00f1a Roja Olavarria festejo el d\u00eda del Ni\u00f1o junto al  Merendero de Cata"},"content":{"rendered":"<p>La Pe\u00f1a Roja Olavarria festejo el d\u00eda del Ni\u00f1o junto al Merendero de Cata, el mismo queda ubicado en el Barrio Trabajadores.<\/p>\n<p>Durante la la fiesta, integrantes de dicha agrupaci\u00f3n, entregaron juguetes y llevaron facturas, gaseosas, chocolatada para compartir una merienda junto a los chicos del barrio Trabajadores como as\u00ed tambien, otros nenes de distintos sectores de la ciudad que se acercaron al evento.<\/p>\n<p>Se vivi\u00f3 una gran jornada con payasos, tiros del punto penal, juegos infantiles, m\u00fasica y distintos atractivos que le dieron color al gran marco de publico asisti\u00f3 al festejo.<\/p>\n<p><a href=\"https:\/\/experienciadevida.com.ar\/portalurbano\/la-pena-roja-olavarria-festejo-el-dia-del-nino-junto-al-merendero-de-cata\/la-25\/\" rel=\"attachment wp-att-174276\"><img decoding=\"async\" class=\"alignnone size-large wp-image-174276\" src=\"https:\/\/experienciadevida.com.ar\/portalurbano\/wp-content\/uploads\/2022\/08\/La-2-1024x768.jpg\" alt=\"La \" width=\"900\" height=\"675\" srcset=\"https:\/\/experienciadevida.com.ar\/portalurbano\/wp-content\/uploads\/2022\/08\/La-2-1024x768.jpg 1024w, https:\/\/experienciadevida.com.ar\/portalurbano\/wp-content\/uploads\/2022\/08\/La-2-300x225.jpg 300w, https:\/\/experienciadevida.com.ar\/portalurbano\/wp-content\/uploads\/2022\/08\/La-2-768x576.jpg 768w, https:\/\/experienciadevida.com.ar\/portalurbano\/wp-content\/uploads\/2022\/08\/La-2-150x113.jpg 150w, https:\/\/experienciadevida.com.ar\/portalurbano\/wp-content\/uploads\/2022\/08\/La-2.jpg 1280w\" sizes=\"(max-width: 900px) 100vw, 900px\" \/><\/a><\/p>\n<p><a href=\"https:\/\/experienciadevida.com.ar\/portalurbano\/la-pena-roja-olavarria-festejo-el-dia-del-nino-junto-al-merendero-de-cata\/pena-3\/\" rel=\"attachment wp-att-174277\"><img decoding=\"async\" class=\"alignnone size-large wp-image-174277\" src=\"https:\/\/experienciadevida.com.ar\/portalurbano\/wp-content\/uploads\/2022\/08\/pena-1024x768.jpg\" alt=\"pe\u00f1a \" width=\"900\" height=\"675\" srcset=\"https:\/\/experienciadevida.com.ar\/portalurbano\/wp-content\/uploads\/2022\/08\/pena-1024x768.jpg 1024w, https:\/\/experienciadevida.com.ar\/portalurbano\/wp-content\/uploads\/2022\/08\/pena-300x225.jpg 300w, https:\/\/experienciadevida.com.ar\/portalurbano\/wp-content\/uploads\/2022\/08\/pena-768x576.jpg 768w, https:\/\/experienciadevida.com.ar\/portalurbano\/wp-content\/uploads\/2022\/08\/pena-1536x1152.jpg 1536w, https:\/\/experienciadevida.com.ar\/portalurbano\/wp-content\/uploads\/2022\/08\/pena-150x113.jpg 150w, https:\/\/experienciadevida.com.ar\/portalurbano\/wp-content\/uploads\/2022\/08\/pena.jpg 1600w\" sizes=\"(max-width: 900px) 100vw, 900px\" \/><\/a><\/p>\n<p><a href=\"https:\/\/experienciadevida.com.ar\/portalurbano\/la-pena-roja-olavarria-festejo-el-dia-del-nino-junto-al-merendero-de-cata\/roja-2\/\" rel=\"attachment wp-att-174278\"><img decoding=\"async\" class=\"alignnone size-full wp-image-174278\" src=\"https:\/\/experienciadevida.com.ar\/portalurbano\/wp-content\/uploads\/2022\/08\/roja.jpg\" alt=\"roja \" width=\"900\" height=\"600\" srcset=\"https:\/\/experienciadevida.com.ar\/portalurbano\/wp-content\/uploads\/2022\/08\/roja.jpg 900w, https:\/\/experienciadevida.com.ar\/portalurbano\/wp-content\/uploads\/2022\/08\/roja-300x200.jpg 300w, https:\/\/experienciadevida.com.ar\/portalurbano\/wp-content\/uploads\/2022\/08\/roja-768x512.jpg 768w, https:\/\/experienciadevida.com.ar\/portalurbano\/wp-content\/uploads\/2022\/08\/roja-150x100.jpg 150w\" sizes=\"(max-width: 900px) 100vw, 900px\" \/><\/a><\/p>\n<p><a href=\"https:\/\/experienciadevida.com.ar\/portalurbano\/la-pena-roja-olavarria-festejo-el-dia-del-nino-junto-al-merendero-de-cata\/olavarria-9\/\" rel=\"attachment wp-att-174279\"><img decoding=\"async\" class=\"alignnone size-large wp-image-174279\" src=\"https:\/\/experienciadevida.com.ar\/portalurbano\/wp-content\/uploads\/2022\/08\/Olavarria-2-1024x768.jpg\" alt=\"Olavarr\u00eda \" width=\"900\" height=\"675\" srcset=\"https:\/\/experienciadevida.com.ar\/portalurbano\/wp-content\/uploads\/2022\/08\/Olavarria-2-1024x768.jpg 1024w, https:\/\/experienciadevida.com.ar\/portalurbano\/wp-content\/uploads\/2022\/08\/Olavarria-2-300x225.jpg 300w, https:\/\/experienciadevida.com.ar\/portalurbano\/wp-content\/uploads\/2022\/08\/Olavarria-2-768x576.jpg 768w, https:\/\/experienciadevida.com.ar\/portalurbano\/wp-content\/uploads\/2022\/08\/Olavarria-2-1536x1152.jpg 1536w, https:\/\/experienciadevida.com.ar\/portalurbano\/wp-content\/uploads\/2022\/08\/Olavarria-2-150x113.jpg 150w, https:\/\/experienciadevida.com.ar\/portalurbano\/wp-content\/uploads\/2022\/08\/Olavarria-2.jpg 1600w\" sizes=\"(max-width: 900px) 100vw, 900px\" \/><\/a><\/p>\n","protected":false},"excerpt":{"rendered":"<p>La Pe\u00f1a Roja Olavarria festejo el d\u00eda del Ni\u00f1o junto al Merendero de Cata, el&#8230;<\/p>\n","protected":false},"author":1,"featured_media":174275,"comment_status":"closed","ping_status":"closed","sticky":false,"template":"","format":"standard","meta":{"content-type":""},"categories":[27,64],"tags":[],"nelio_content":{"isAutoShareEnabled":false,"autoShareEndMode":"default","automationSources":{"useContentSentences":true,"useSocialTemplates":true,"useCustomSentences":false,"customSentences":[]},"followers":[1],"suggestedReferences":[],"includedReferences":[],"efiUrl":"","efiAlt":"","highlights":[]},"yoast_head":"<!-- This site is optimized with the Yoast SEO plugin v20.7 - https:\/\/yoast.com\/wordpress\/plugins\/seo\/ -->\n<title>La Pe\u00f1a Roja Olavarr\u00eda festej\u00f3 el d\u00eda del ni\u00f1o junto al merendero<\/title>\n<meta name=\"description\" content=\"La Pe\u00f1a Roja Olavarria festejo el d\u00eda del Ni\u00f1o junto al Merendero de Cata, el mismo queda ubicado en el Barrio Trabajadores.\" \/>\n<meta name=\"robots\" content=\"index, follow, max-snippet:-1, max-image-preview:large, max-video-preview:-1\" \/>\n<link rel=\"canonical\" href=\"https:\/\/experienciadevida.com.ar\/portalurbano\/la-pena-roja-olavarria-festejo-el-dia-del-nino-junto-al-merendero-de-cata\/\" \/>\n<meta property=\"og:locale\" content=\"es_ES\" \/>\n<meta property=\"og:type\" content=\"article\" \/>\n<meta property=\"og:title\" content=\"La Pe\u00f1a Roja Olavarr\u00eda festej\u00f3 el d\u00eda del ni\u00f1o junto al merendero\" \/>\n<meta property=\"og:description\" content=\"La Pe\u00f1a Roja Olavarria festejo el d\u00eda del Ni\u00f1o junto al Merendero de Cata, el mismo queda ubicado en el Barrio Trabajadores.\" \/>\n<meta property=\"og:url\" content=\"https:\/\/experienciadevida.com.ar\/portalurbano\/la-pena-roja-olavarria-festejo-el-dia-del-nino-junto-al-merendero-de-cata\/\" \/>\n<meta property=\"article:publisher\" content=\"https:\/\/www.facebook.com\/Portal-Urbano-171542830093757\/\" \/>\n<meta property=\"article:published_time\" content=\"2022-08-29T00:15:28+00:00\" \/>\n<meta property=\"article:modified_time\" content=\"2022-08-29T00:18:05+00:00\" \/>\n<meta property=\"og:image\" content=\"https:\/\/experienciadevida.com.ar\/portalurbano\/wp-content\/uploads\/2022\/08\/La-Pena-Roja-Olavarria.jpg\" \/>\n\t<meta property=\"og:image:width\" content=\"1600\" \/>\n\t<meta property=\"og:image:height\" content=\"1200\" \/>\n\t<meta property=\"og:image:type\" content=\"image\/jpeg\" \/>\n<meta name=\"author\" content=\"admpu17wp\" \/>\n<meta name=\"twitter:card\" content=\"summary_large_image\" \/>\n<meta name=\"twitter:creator\" content=\"@portalurbanook\" \/>\n<meta name=\"twitter:site\" content=\"@portalurbanook\" \/>\n<meta name=\"twitter:label1\" content=\"Escrito por\" \/>\n\t<meta name=\"twitter:data1\" content=\"admpu17wp\" \/>\n\t<meta name=\"twitter:label2\" content=\"Tiempo de lectura\" \/>\n\t<meta name=\"twitter:data2\" content=\"2 minutos\" \/>\n<script type=\"application\/ld+json\" class=\"yoast-schema-graph\">{\"@context\":\"https:\/\/schema.org\",\"@graph\":[{\"@type\":\"Article\",\"@id\":\"https:\/\/experienciadevida.com.ar\/portalurbano\/la-pena-roja-olavarria-festejo-el-dia-del-nino-junto-al-merendero-de-cata\/#article\",\"isPartOf\":{\"@id\":\"https:\/\/experienciadevida.com.ar\/portalurbano\/la-pena-roja-olavarria-festejo-el-dia-del-nino-junto-al-merendero-de-cata\/\"},\"author\":{\"name\":\"admpu17wp\",\"@id\":\"https:\/\/experienciadevida.com.ar\/portalurbano\/#\/schema\/person\/02dd326b1c4b056e9cc972486934a3a7\"},\"headline\":\"La Pe\u00f1a Roja Olavarria festejo el d\u00eda del Ni\u00f1o junto al Merendero de Cata\",\"datePublished\":\"2022-08-29T00:15:28+00:00\",\"dateModified\":\"2022-08-29T00:18:05+00:00\",\"mainEntityOfPage\":{\"@id\":\"https:\/\/experienciadevida.com.ar\/portalurbano\/la-pena-roja-olavarria-festejo-el-dia-del-nino-junto-al-merendero-de-cata\/\"},\"wordCount\":115,\"publisher\":{\"@id\":\"https:\/\/experienciadevida.com.ar\/portalurbano\/#organization\"},\"articleSection\":[\"Ciudad\",\"Destacadas 2\"],\"inLanguage\":\"es\"},{\"@type\":\"WebPage\",\"@id\":\"https:\/\/experienciadevida.com.ar\/portalurbano\/la-pena-roja-olavarria-festejo-el-dia-del-nino-junto-al-merendero-de-cata\/\",\"url\":\"https:\/\/experienciadevida.com.ar\/portalurbano\/la-pena-roja-olavarria-festejo-el-dia-del-nino-junto-al-merendero-de-cata\/\",\"name\":\"La Pe\u00f1a Roja Olavarr\u00eda festej\u00f3 el d\u00eda del ni\u00f1o junto al merendero\",\"isPartOf\":{\"@id\":\"https:\/\/experienciadevida.com.ar\/portalurbano\/#website\"},\"datePublished\":\"2022-08-29T00:15:28+00:00\",\"dateModified\":\"2022-08-29T00:18:05+00:00\",\"description\":\"La Pe\u00f1a Roja Olavarria festejo el d\u00eda del Ni\u00f1o junto al Merendero de Cata, el mismo queda ubicado en el Barrio Trabajadores.\",\"breadcrumb\":{\"@id\":\"https:\/\/experienciadevida.com.ar\/portalurbano\/la-pena-roja-olavarria-festejo-el-dia-del-nino-junto-al-merendero-de-cata\/#breadcrumb\"},\"inLanguage\":\"es\",\"potentialAction\":[{\"@type\":\"ReadAction\",\"target\":[\"https:\/\/experienciadevida.com.ar\/portalurbano\/la-pena-roja-olavarria-festejo-el-dia-del-nino-junto-al-merendero-de-cata\/\"]}]},{\"@type\":\"BreadcrumbList\",\"@id\":\"https:\/\/experienciadevida.com.ar\/portalurbano\/la-pena-roja-olavarria-festejo-el-dia-del-nino-junto-al-merendero-de-cata\/#breadcrumb\",\"itemListElement\":[{\"@type\":\"ListItem\",\"position\":1,\"name\":\"Portada\",\"item\":\"https:\/\/experienciadevida.com.ar\/portalurbano\/\"},{\"@type\":\"ListItem\",\"position\":2,\"name\":\"La Pe\u00f1a Roja Olavarria festejo el d\u00eda del Ni\u00f1o junto al Merendero de Cata\"}]},{\"@type\":\"WebSite\",\"@id\":\"https:\/\/experienciadevida.com.ar\/portalurbano\/#website\",\"url\":\"https:\/\/experienciadevida.com.ar\/portalurbano\/\",\"name\":\"\",\"description\":\"\",\"publisher\":{\"@id\":\"https:\/\/experienciadevida.com.ar\/portalurbano\/#organization\"},\"potentialAction\":[{\"@type\":\"SearchAction\",\"target\":{\"@type\":\"EntryPoint\",\"urlTemplate\":\"https:\/\/experienciadevida.com.ar\/portalurbano\/?s={search_term_string}\"},\"query-input\":\"required name=search_term_string\"}],\"inLanguage\":\"es\"},{\"@type\":\"Organization\",\"@id\":\"https:\/\/experienciadevida.com.ar\/portalurbano\/#organization\",\"name\":\"Portal Urbano\",\"url\":\"https:\/\/experienciadevida.com.ar\/portalurbano\/\",\"logo\":{\"@type\":\"ImageObject\",\"inLanguage\":\"es\",\"@id\":\"https:\/\/experienciadevida.com.ar\/portalurbano\/#\/schema\/logo\/image\/\",\"url\":\"https:\/\/experienciadevida.com.ar\/portalurbano\/wp-content\/uploads\/2019\/09\/Logo-Original.png\",\"contentUrl\":\"https:\/\/experienciadevida.com.ar\/portalurbano\/wp-content\/uploads\/2019\/09\/Logo-Original.png\",\"width\":2236,\"height\":1216,\"caption\":\"Portal Urbano\"},\"image\":{\"@id\":\"https:\/\/experienciadevida.com.ar\/portalurbano\/#\/schema\/logo\/image\/\"},\"sameAs\":[\"https:\/\/www.facebook.com\/Portal-Urbano-171542830093757\/\",\"https:\/\/twitter.com\/portalurbanook\",\"https:\/\/www.instagram.com\/_portalurbano\/\",\"https:\/\/www.youtube.com\/channel\/UCXhagIfszH8KxFiOok79zbA?view_as=subscriber\"]},{\"@type\":\"Person\",\"@id\":\"https:\/\/experienciadevida.com.ar\/portalurbano\/#\/schema\/person\/02dd326b1c4b056e9cc972486934a3a7\",\"name\":\"admpu17wp\",\"image\":{\"@type\":\"ImageObject\",\"inLanguage\":\"es\",\"@id\":\"https:\/\/experienciadevida.com.ar\/portalurbano\/#\/schema\/person\/image\/\",\"url\":\"https:\/\/secure.gravatar.com\/avatar\/830d4c57adaae6630765e449a6908047?s=96&d=mm&r=g\",\"contentUrl\":\"https:\/\/secure.gravatar.com\/avatar\/830d4c57adaae6630765e449a6908047?s=96&d=mm&r=g\",\"caption\":\"admpu17wp\"}}]}<\/script>\n<!-- \/ Yoast SEO plugin. -->","yoast_head_json":{"title":"La Pe\u00f1a Roja Olavarr\u00eda festej\u00f3 el d\u00eda del ni\u00f1o junto al merendero","description":"La Pe\u00f1a Roja Olavarria festejo el d\u00eda del Ni\u00f1o junto al Merendero de Cata, el mismo queda ubicado en el Barrio Trabajadores.","robots":{"index":"index","follow":"follow","max-snippet":"max-snippet:-1","max-image-preview":"max-image-preview:large","max-video-preview":"max-video-preview:-1"},"canonical":"https:\/\/experienciadevida.com.ar\/portalurbano\/la-pena-roja-olavarria-festejo-el-dia-del-nino-junto-al-merendero-de-cata\/","og_locale":"es_ES","og_type":"article","og_title":"La Pe\u00f1a Roja Olavarr\u00eda festej\u00f3 el d\u00eda del ni\u00f1o junto al merendero","og_description":"La Pe\u00f1a Roja Olavarria festejo el d\u00eda del Ni\u00f1o junto al Merendero de Cata, el mismo queda ubicado en el Barrio Trabajadores.","og_url":"https:\/\/experienciadevida.com.ar\/portalurbano\/la-pena-roja-olavarria-festejo-el-dia-del-nino-junto-al-merendero-de-cata\/","article_publisher":"https:\/\/www.facebook.com\/Portal-Urbano-171542830093757\/","article_published_time":"2022-08-29T00:15:28+00:00","article_modified_time":"2022-08-29T00:18:05+00:00","og_image":[{"width":1600,"height":1200,"url":"https:\/\/experienciadevida.com.ar\/portalurbano\/wp-content\/uploads\/2022\/08\/La-Pena-Roja-Olavarria.jpg","type":"image\/jpeg"}],"author":"admpu17wp","twitter_card":"summary_large_image","twitter_creator":"@portalurbanook","twitter_site":"@portalurbanook","twitter_misc":{"Escrito por":"admpu17wp","Tiempo de lectura":"2 minutos"},"schema":{"@context":"https:\/\/schema.org","@graph":[{"@type":"Article","@id":"https:\/\/experienciadevida.com.ar\/portalurbano\/la-pena-roja-olavarria-festejo-el-dia-del-nino-junto-al-merendero-de-cata\/#article","isPartOf":{"@id":"https:\/\/experienciadevida.com.ar\/portalurbano\/la-pena-roja-olavarria-festejo-el-dia-del-nino-junto-al-merendero-de-cata\/"},"author":{"name":"admpu17wp","@id":"https:\/\/experienciadevida.com.ar\/portalurbano\/#\/schema\/person\/02dd326b1c4b056e9cc972486934a3a7"},"headline":"La Pe\u00f1a Roja Olavarria festejo el d\u00eda del Ni\u00f1o junto al Merendero de Cata","datePublished":"2022-08-29T00:15:28+00:00","dateModified":"2022-08-29T00:18:05+00:00","mainEntityOfPage":{"@id":"https:\/\/experienciadevida.com.ar\/portalurbano\/la-pena-roja-olavarria-festejo-el-dia-del-nino-junto-al-merendero-de-cata\/"},"wordCount":115,"publisher":{"@id":"https:\/\/experienciadevida.com.ar\/portalurbano\/#organization"},"articleSection":["Ciudad","Destacadas 2"],"inLanguage":"es"},{"@type":"WebPage","@id":"https:\/\/experienciadevida.com.ar\/portalurbano\/la-pena-roja-olavarria-festejo-el-dia-del-nino-junto-al-merendero-de-cata\/","url":"https:\/\/experienciadevida.com.ar\/portalurbano\/la-pena-roja-olavarria-festejo-el-dia-del-nino-junto-al-merendero-de-cata\/","name":"La Pe\u00f1a Roja Olavarr\u00eda festej\u00f3 el d\u00eda del ni\u00f1o junto al merendero","isPartOf":{"@id":"https:\/\/experienciadevida.com.ar\/portalurbano\/#website"},"datePublished":"2022-08-29T00:15:28+00:00","dateModified":"2022-08-29T00:18:05+00:00","description":"La Pe\u00f1a Roja Olavarria festejo el d\u00eda del Ni\u00f1o junto al Merendero de Cata, el mismo queda ubicado en el Barrio Trabajadores.","breadcrumb":{"@id":"https:\/\/experienciadevida.com.ar\/portalurbano\/la-pena-roja-olavarria-festejo-el-dia-del-nino-junto-al-merendero-de-cata\/#breadcrumb"},"inLanguage":"es","potentialAction":[{"@type":"ReadAction","target":["https:\/\/experienciadevida.com.ar\/portalurbano\/la-pena-roja-olavarria-festejo-el-dia-del-nino-junto-al-merendero-de-cata\/"]}]},{"@type":"BreadcrumbList","@id":"https:\/\/experienciadevida.com.ar\/portalurbano\/la-pena-roja-olavarria-festejo-el-dia-del-nino-junto-al-merendero-de-cata\/#breadcrumb","itemListElement":[{"@type":"ListItem","position":1,"name":"Portada","item":"https:\/\/experienciadevida.com.ar\/portalurbano\/"},{"@type":"ListItem","position":2,"name":"La Pe\u00f1a Roja Olavarria festejo el d\u00eda del Ni\u00f1o junto al Merendero de Cata"}]},{"@type":"WebSite","@id":"https:\/\/experienciadevida.com.ar\/portalurbano\/#website","url":"https:\/\/experienciadevida.com.ar\/portalurbano\/","name":"","description":"","publisher":{"@id":"https:\/\/experienciadevida.com.ar\/portalurbano\/#organization"},"potentialAction":[{"@type":"SearchAction","target":{"@type":"EntryPoint","urlTemplate":"https:\/\/experienciadevida.com.ar\/portalurbano\/?s={search_term_string}"},"query-input":"required name=search_term_string"}],"inLanguage":"es"},{"@type":"Organization","@id":"https:\/\/experienciadevida.com.ar\/portalurbano\/#organization","name":"Portal Urbano","url":"https:\/\/experienciadevida.com.ar\/portalurbano\/","logo":{"@type":"ImageObject","inLanguage":"es","@id":"https:\/\/experienciadevida.com.ar\/portalurbano\/#\/schema\/logo\/image\/","url":"https:\/\/experienciadevida.com.ar\/portalurbano\/wp-content\/uploads\/2019\/09\/Logo-Original.png","contentUrl":"https:\/\/experienciadevida.com.ar\/portalurbano\/wp-content\/uploads\/2019\/09\/Logo-Original.png","width":2236,"height":1216,"caption":"Portal Urbano"},"image":{"@id":"https:\/\/experienciadevida.com.ar\/portalurbano\/#\/schema\/logo\/image\/"},"sameAs":["https:\/\/www.facebook.com\/Portal-Urbano-171542830093757\/","https:\/\/twitter.com\/portalurbanook","https:\/\/www.instagram.com\/_portalurbano\/","https:\/\/www.youtube.com\/channel\/UCXhagIfszH8KxFiOok79zbA?view_as=subscriber"]},{"@type":"Person","@id":"https:\/\/experienciadevida.com.ar\/portalurbano\/#\/schema\/person\/02dd326b1c4b056e9cc972486934a3a7","name":"admpu17wp","image":{"@type":"ImageObject","inLanguage":"es","@id":"https:\/\/experienciadevida.com.ar\/portalurbano\/#\/schema\/person\/image\/","url":"https:\/\/secure.gravatar.com\/avatar\/830d4c57adaae6630765e449a6908047?s=96&d=mm&r=g","contentUrl":"https:\/\/secure.gravatar.com\/avatar\/830d4c57adaae6630765e449a6908047?s=96&d=mm&r=g","caption":"admpu17wp"}}]}},"featured_image_urls":{"full":["https:\/\/experienciadevida.com.ar\/portalurbano\/wp-content\/uploads\/2022\/08\/La-Pena-Roja-Olavarria.jpg",1600,1200,false],"thumbnail":["https:\/\/experienciadevida.com.ar\/portalurbano\/wp-content\/uploads\/2022\/08\/La-Pena-Roja-Olavarria-150x150.jpg",150,150,true],"medium":["https:\/\/experienciadevida.com.ar\/portalurbano\/wp-content\/uploads\/2022\/08\/La-Pena-Roja-Olavarria-300x225.jpg",300,225,true],"medium_large":["https:\/\/experienciadevida.com.ar\/portalurbano\/wp-content\/uploads\/2022\/08\/La-Pena-Roja-Olavarria-768x576.jpg",640,480,true],"large":["https:\/\/experienciadevida.com.ar\/portalurbano\/wp-content\/uploads\/2022\/08\/La-Pena-Roja-Olavarria-1024x768.jpg",640,480,true],"ug_big":["https:\/\/experienciadevida.com.ar\/portalurbano\/wp-content\/uploads\/2022\/08\/La-Pena-Roja-Olavarria-768x576.jpg",768,576,true],"1536x1536":["https:\/\/experienciadevida.com.ar\/portalurbano\/wp-content\/uploads\/2022\/08\/La-Pena-Roja-Olavarria-1536x1152.jpg",1536,1152,true],"2048x2048":["https:\/\/experienciadevida.com.ar\/portalurbano\/wp-content\/uploads\/2022\/08\/La-Pena-Roja-Olavarria.jpg",1600,1200,false],"newsever-slider-full":["https:\/\/experienciadevida.com.ar\/portalurbano\/wp-content\/uploads\/2022\/08\/La-Pena-Roja-Olavarria.jpg",1127,845,false],"newsever-featured":["https:\/\/experienciadevida.com.ar\/portalurbano\/wp-content\/uploads\/2022\/08\/La-Pena-Roja-Olavarria.jpg",1024,768,false],"newsever-medium":["https:\/\/experienciadevida.com.ar\/portalurbano\/wp-content\/uploads\/2022\/08\/La-Pena-Roja-Olavarria.jpg",633,475,false],"web-stories-poster-portrait":["https:\/\/experienciadevida.com.ar\/portalurbano\/wp-content\/uploads\/2022\/08\/La-Pena-Roja-Olavarria-640x853.jpg",640,853,true],"web-stories-publisher-logo":["https:\/\/experienciadevida.com.ar\/portalurbano\/wp-content\/uploads\/2022\/08\/La-Pena-Roja-Olavarria-96x96.jpg",96,96,true],"web-stories-thumbnail":["https:\/\/experienciadevida.com.ar\/portalurbano\/wp-content\/uploads\/2022\/08\/La-Pena-Roja-Olavarria-150x113.jpg",150,113,true]},"author_info":{"display_name":"admpu17wp","author_link":"https:\/\/experienciadevida.com.ar\/portalurbano\/author\/admpu17wp\/"},"category_info":"<a href=\"https:\/\/experienciadevida.com.ar\/portalurbano\/category\/ciudad\/\" rel=\"category tag\">Ciudad<\/a> <a href=\"https:\/\/experienciadevida.com.ar\/portalurbano\/category\/destacadas-2\/\" rel=\"category tag\">Destacadas 2<\/a>","tag_info":"Destacadas 2","comment_count":"0","amp_enabled":true,"_links":{"self":[{"href":"https:\/\/experienciadevida.com.ar\/portalurbano\/wp-json\/wp\/v2\/posts\/174274"}],"collection":[{"href":"https:\/\/experienciadevida.com.ar\/portalurbano\/wp-json\/wp\/v2\/posts"}],"about":[{"href":"https:\/\/experienciadevida.com.ar\/portalurbano\/wp-json\/wp\/v2\/types\/post"}],"author":[{"embeddable":true,"href":"https:\/\/experienciadevida.com.ar\/portalurbano\/wp-json\/wp\/v2\/users\/1"}],"replies":[{"embeddable":true,"href":"https:\/\/experienciadevida.com.ar\/portalurbano\/wp-json\/wp\/v2\/comments?post=174274"}],"version-history":[{"count":2,"href":"https:\/\/experienciadevida.com.ar\/portalurbano\/wp-json\/wp\/v2\/posts\/174274\/revisions"}],"predecessor-version":[{"id":174281,"href":"https:\/\/experienciadevida.com.ar\/portalurbano\/wp-json\/wp\/v2\/posts\/174274\/revisions\/174281"}],"wp:featuredmedia":[{"embeddable":true,"href":"https:\/\/experienciadevida.com.ar\/portalurbano\/wp-json\/wp\/v2\/media\/174275"}],"wp:attachment":[{"href":"https:\/\/experienciadevida.com.ar\/portalurbano\/wp-json\/wp\/v2\/media?parent=174274"}],"wp:term":[{"taxonomy":"category","embeddable":true,"href":"https:\/\/experienciadevida.com.ar\/portalurbano\/wp-json\/wp\/v2\/categories?post=174274"},{"taxonomy":"post_tag","embeddable":true,"href":"https:\/\/experienciadevida.com.ar\/portalurbano\/wp-json\/wp\/v2\/tags?post=174274"}],"curies":[{"name":"wp","href":"https:\/\/api.w.org\/{rel}","templated":true}]}}