{"id":174269,"date":"2022-08-28T11:41:11","date_gmt":"2022-08-28T14:41:11","guid":{"rendered":"https:\/\/experienciadevida.com.ar\/portalurbano\/?p=174269"},"modified":"2022-08-28T11:43:12","modified_gmt":"2022-08-28T14:43:12","slug":"alquilar-una-mision-casi-imposible-la-lista-de-espera-supera-la-oferta","status":"publish","type":"post","link":"https:\/\/experienciadevida.com.ar\/portalurbano\/alquilar-una-mision-casi-imposible-la-lista-de-espera-supera-la-oferta\/","title":{"rendered":"Alquilar, una misi\u00f3n casi imposible: la lista de espera supera la oferta"},"content":{"rendered":"<h3>Desde el rubro inmobiliario se\u00f1alan que los fuertes aumentos afectan al inquilino. En el medio, insisten en m\u00e1s obras para arrendar ante el crecimiento en la demanda<\/h3>\n<hr \/>\n<p>A pocos d\u00edas de que arranque Septiembre, los contratos de alquiler que el pr\u00f3ximo mes cumplan un a\u00f1o registrar\u00e1n un aumento del 61% de acuerdo al \u00cdndice de Contratos de Locaci\u00f3n (ICL) que publica el Banco Central de la Rep\u00fablica Argentina (BCRA), en el marco de la Ley de Alquileres que uno de los puntos establece la actualizaci\u00f3n anual. En este sentido, representa el mayor aumento desde que rige el \u00edndice.<\/p>\n<p>La anterior suba, correspondiente a los contratos elaborados en Agosto de 2021, fue del 57%.<\/p>\n<p>Desde el sector inmobiliario local insisten en una urgente sanci\u00f3n de una nueva normativa para los alquileres, ya que los valores de actualizaciones de los contratos son cada vez m\u00e1s elevados, al indicar que el \u00cdndice de Precios al Consumidor (IPC) va en constante aumento.<\/p>\n<p>Asimismo, plantearon la preocupaci\u00f3n al notar que cada vez cuesta m\u00e1s conseguir inmuebles para alquilar, afirmando que la oferta escasea en medio de la creciente demanda. Por ello, insisten en medidas para fomentar el desarrollo de nuevas construcciones edilicias para poder cubrir el d\u00e9ficit habitacional.<\/p>\n<p>Inmobiliarias consultadas por este medio, indicaron que los \u00faltimos c\u00e1lculos del Banco Central se\u00f1alan que aquellos contratos que se realizaron en agosto de 2021 tendr\u00e1n una suba del 61 por ciento.<\/p>\n<p>\u201cLa Ley de Alquileres ha sido muy perjudicial para los inquilinos expresaron dos due\u00f1os de inmobiliarias locales.<\/p>\n<p>Al mismo tiempo, recordaron que el valor de agosto es hasta el momento el porcentaje de incremento m\u00e1s grande en lo que va del a\u00f1o ya que est\u00e1n atados a los \u00edndices inflacionarios que en los \u00faltimos meses no bajaron del 6 por ciento mensual.<\/p>\n<p><strong>Escasa oferta<\/strong><\/p>\n<p>Adem\u00e1s de la suba de precios ajustados a la inflaci\u00f3n, los alquileres sufren otra situaci\u00f3n: la escasez de oferta en el mercado. Tanto casas como departamentos que quedan liberados para el mercado se ocupan autom\u00e1ticamente dada la gran demanda que tienen.<\/p>\n<p>\u201cLos precios de los nuevos alquileres son de acuerdo al mercado. Si hay una menor oferta, como la que hay actualmente, los valores son diferentes porque pr\u00e1cticamente no hay disponibilidad en el segmento\u201d, precisaron.<\/p>\n<p>Se\u00f1alaron que actualmente no se observan nuevas construcciones destinadas para el alquiler, adem\u00e1s del faltante de cr\u00e9ditos hipotecarios para el acceso a la casa propia.<\/p>\n<p>\u201cEn este panorama, la \u00fanica posibilidad que queda es alquilar para tener una propiedad en el mientras tanto\u201d, indicaron.<\/p>\n<p>\u201cEstamos preocupados porque no se construyen nuevas unidades para alquilar, tampoco hay cr\u00e9ditos para la construcci\u00f3n de propiedades, entonces se da una situaci\u00f3n que los alquileres terminan convirti\u00e9ndose en un embudo donde prima la demanda pero no hay oferta disponible\u201d, explic\u00f3.<\/p>\n<p>Desde la Federaci\u00f3n Inmobiliaria de la Rep\u00fablica Argentina (Fira) se realiz\u00f3 una presentaci\u00f3n ante el Congreso para incentivar la construcci\u00f3n de edificios y que quienes encaren las obras accedan a est\u00edmulos para ello en materia de impuestos, como por ejemplo, reducir el Impuesto al Valor Agregado (IVA) del 21 al 10,5 por ciento para los materiales de construcci\u00f3n.<\/p>\n<p>Al ser consultado sobre los precios de los inmuebles para alquilar, un departamento \u00a0va desde \u00a022.000 en adelante y una casa pueden pedir desde 40.000 pesos, importes que var\u00edan dependiendo de las condiciones de la propiedad , de la cercan\u00eda o no del casco c\u00e9ntrico o en que barrio se encuentra ubicada.<\/p>\n<p>En el caso de los mono ambientes, actualmente se consiguen por un valor de 20.000 pesos al mes en promedio. El precio es a\u00fan mayor si se ubica en cercan\u00edas del casco c\u00e9ntrico Olavarriense<\/p>\n<p>Como contracara, las ventas de propiedades est\u00e1n completamente paralizadas a ra\u00edz de la actual coyuntura econ\u00f3mica. \u201cEn lo que son las operaciones de ventas est\u00e1n paralizadas hasta que la situaci\u00f3n se acomode, pero para el que tiene pesos o d\u00f3lares, lo m\u00e1s conveniente es que se vuelque a los inmuebles, a hacer inversiones en la econom\u00eda real porque mantiene los valores y a futuro se valorizan<\/p>\n<p>&nbsp;<\/p>\n","protected":false},"excerpt":{"rendered":"<p>Desde el rubro inmobiliario se\u00f1alan que los fuertes aumentos afectan al inquilino. En el medio,&#8230;<\/p>\n","protected":false},"author":1,"featured_media":174271,"comment_status":"closed","ping_status":"closed","sticky":false,"template":"","format":"standard","meta":{"content-type":""},"categories":[27,51],"tags":[697],"nelio_content":{"isAutoShareEnabled":false,"autoShareEndMode":"default","automationSources":{"useContentSentences":true,"useSocialTemplates":true,"useCustomSentences":false,"customSentences":[]},"followers":[1],"suggestedReferences":[],"includedReferences":[],"efiUrl":"","efiAlt":"","highlights":[]},"yoast_head":"<!-- This site is optimized with the Yoast SEO plugin v20.7 - https:\/\/yoast.com\/wordpress\/plugins\/seo\/ -->\n<title>Alquilar, una misi\u00f3n imposible: la lista de espera supera la oferta<\/title>\n<meta name=\"description\" content=\"Desde el rubro inmobiliario se\u00f1alan que los fuertes aumentos afectan al inquilino. En el medio, insisten en m\u00e1s obras para arrendar ante el crecimiento en la demanda\" \/>\n<meta name=\"robots\" content=\"index, follow, max-snippet:-1, max-image-preview:large, max-video-preview:-1\" \/>\n<link rel=\"canonical\" href=\"https:\/\/experienciadevida.com.ar\/portalurbano\/alquilar-una-mision-casi-imposible-la-lista-de-espera-supera-la-oferta\/\" \/>\n<meta property=\"og:locale\" content=\"es_ES\" \/>\n<meta property=\"og:type\" content=\"article\" \/>\n<meta property=\"og:title\" content=\"Alquilar, una misi\u00f3n imposible: la lista de espera supera la oferta\" \/>\n<meta property=\"og:description\" content=\"Desde el rubro inmobiliario se\u00f1alan que los fuertes aumentos afectan al inquilino. En el medio, insisten en m\u00e1s obras para arrendar ante el crecimiento en la demanda\" \/>\n<meta property=\"og:url\" content=\"https:\/\/experienciadevida.com.ar\/portalurbano\/alquilar-una-mision-casi-imposible-la-lista-de-espera-supera-la-oferta\/\" \/>\n<meta property=\"article:publisher\" content=\"https:\/\/www.facebook.com\/Portal-Urbano-171542830093757\/\" \/>\n<meta property=\"article:published_time\" content=\"2022-08-28T14:41:11+00:00\" \/>\n<meta property=\"article:modified_time\" content=\"2022-08-28T14:43:12+00:00\" \/>\n<meta property=\"og:image\" content=\"https:\/\/experienciadevida.com.ar\/portalurbano\/wp-content\/uploads\/2022\/08\/cartel-alquiler.jpg\" \/>\n\t<meta property=\"og:image:width\" content=\"810\" \/>\n\t<meta property=\"og:image:height\" content=\"643\" \/>\n\t<meta property=\"og:image:type\" content=\"image\/jpeg\" \/>\n<meta name=\"author\" content=\"admpu17wp\" \/>\n<meta name=\"twitter:card\" content=\"summary_large_image\" \/>\n<meta name=\"twitter:creator\" content=\"@portalurbanook\" \/>\n<meta name=\"twitter:site\" content=\"@portalurbanook\" \/>\n<meta name=\"twitter:label1\" content=\"Escrito por\" \/>\n\t<meta name=\"twitter:data1\" content=\"admpu17wp\" \/>\n\t<meta name=\"twitter:label2\" content=\"Tiempo de lectura\" \/>\n\t<meta name=\"twitter:data2\" content=\"4 minutos\" \/>\n<script type=\"application\/ld+json\" class=\"yoast-schema-graph\">{\"@context\":\"https:\/\/schema.org\",\"@graph\":[{\"@type\":\"Article\",\"@id\":\"https:\/\/experienciadevida.com.ar\/portalurbano\/alquilar-una-mision-casi-imposible-la-lista-de-espera-supera-la-oferta\/#article\",\"isPartOf\":{\"@id\":\"https:\/\/experienciadevida.com.ar\/portalurbano\/alquilar-una-mision-casi-imposible-la-lista-de-espera-supera-la-oferta\/\"},\"author\":{\"name\":\"admpu17wp\",\"@id\":\"https:\/\/experienciadevida.com.ar\/portalurbano\/#\/schema\/person\/02dd326b1c4b056e9cc972486934a3a7\"},\"headline\":\"Alquilar, una misi\u00f3n casi imposible: la lista de espera supera la oferta\",\"datePublished\":\"2022-08-28T14:41:11+00:00\",\"dateModified\":\"2022-08-28T14:43:12+00:00\",\"mainEntityOfPage\":{\"@id\":\"https:\/\/experienciadevida.com.ar\/portalurbano\/alquilar-una-mision-casi-imposible-la-lista-de-espera-supera-la-oferta\/\"},\"wordCount\":723,\"publisher\":{\"@id\":\"https:\/\/experienciadevida.com.ar\/portalurbano\/#organization\"},\"keywords\":[\"Alquilar\"],\"articleSection\":[\"Ciudad\",\"Destacadas\"],\"inLanguage\":\"es\"},{\"@type\":\"WebPage\",\"@id\":\"https:\/\/experienciadevida.com.ar\/portalurbano\/alquilar-una-mision-casi-imposible-la-lista-de-espera-supera-la-oferta\/\",\"url\":\"https:\/\/experienciadevida.com.ar\/portalurbano\/alquilar-una-mision-casi-imposible-la-lista-de-espera-supera-la-oferta\/\",\"name\":\"Alquilar, una misi\u00f3n imposible: la lista de espera supera la oferta\",\"isPartOf\":{\"@id\":\"https:\/\/experienciadevida.com.ar\/portalurbano\/#website\"},\"datePublished\":\"2022-08-28T14:41:11+00:00\",\"dateModified\":\"2022-08-28T14:43:12+00:00\",\"description\":\"Desde el rubro inmobiliario se\u00f1alan que los fuertes aumentos afectan al inquilino. En el medio, insisten en m\u00e1s obras para arrendar ante el crecimiento en la demanda\",\"breadcrumb\":{\"@id\":\"https:\/\/experienciadevida.com.ar\/portalurbano\/alquilar-una-mision-casi-imposible-la-lista-de-espera-supera-la-oferta\/#breadcrumb\"},\"inLanguage\":\"es\",\"potentialAction\":[{\"@type\":\"ReadAction\",\"target\":[\"https:\/\/experienciadevida.com.ar\/portalurbano\/alquilar-una-mision-casi-imposible-la-lista-de-espera-supera-la-oferta\/\"]}]},{\"@type\":\"BreadcrumbList\",\"@id\":\"https:\/\/experienciadevida.com.ar\/portalurbano\/alquilar-una-mision-casi-imposible-la-lista-de-espera-supera-la-oferta\/#breadcrumb\",\"itemListElement\":[{\"@type\":\"ListItem\",\"position\":1,\"name\":\"Portada\",\"item\":\"https:\/\/experienciadevida.com.ar\/portalurbano\/\"},{\"@type\":\"ListItem\",\"position\":2,\"name\":\"Alquilar, una misi\u00f3n casi imposible: la lista de espera supera la oferta\"}]},{\"@type\":\"WebSite\",\"@id\":\"https:\/\/experienciadevida.com.ar\/portalurbano\/#website\",\"url\":\"https:\/\/experienciadevida.com.ar\/portalurbano\/\",\"name\":\"\",\"description\":\"\",\"publisher\":{\"@id\":\"https:\/\/experienciadevida.com.ar\/portalurbano\/#organization\"},\"potentialAction\":[{\"@type\":\"SearchAction\",\"target\":{\"@type\":\"EntryPoint\",\"urlTemplate\":\"https:\/\/experienciadevida.com.ar\/portalurbano\/?s={search_term_string}\"},\"query-input\":\"required name=search_term_string\"}],\"inLanguage\":\"es\"},{\"@type\":\"Organization\",\"@id\":\"https:\/\/experienciadevida.com.ar\/portalurbano\/#organization\",\"name\":\"Portal Urbano\",\"url\":\"https:\/\/experienciadevida.com.ar\/portalurbano\/\",\"logo\":{\"@type\":\"ImageObject\",\"inLanguage\":\"es\",\"@id\":\"https:\/\/experienciadevida.com.ar\/portalurbano\/#\/schema\/logo\/image\/\",\"url\":\"https:\/\/experienciadevida.com.ar\/portalurbano\/wp-content\/uploads\/2019\/09\/Logo-Original.png\",\"contentUrl\":\"https:\/\/experienciadevida.com.ar\/portalurbano\/wp-content\/uploads\/2019\/09\/Logo-Original.png\",\"width\":2236,\"height\":1216,\"caption\":\"Portal Urbano\"},\"image\":{\"@id\":\"https:\/\/experienciadevida.com.ar\/portalurbano\/#\/schema\/logo\/image\/\"},\"sameAs\":[\"https:\/\/www.facebook.com\/Portal-Urbano-171542830093757\/\",\"https:\/\/twitter.com\/portalurbanook\",\"https:\/\/www.instagram.com\/_portalurbano\/\",\"https:\/\/www.youtube.com\/channel\/UCXhagIfszH8KxFiOok79zbA?view_as=subscriber\"]},{\"@type\":\"Person\",\"@id\":\"https:\/\/experienciadevida.com.ar\/portalurbano\/#\/schema\/person\/02dd326b1c4b056e9cc972486934a3a7\",\"name\":\"admpu17wp\",\"image\":{\"@type\":\"ImageObject\",\"inLanguage\":\"es\",\"@id\":\"https:\/\/experienciadevida.com.ar\/portalurbano\/#\/schema\/person\/image\/\",\"url\":\"https:\/\/secure.gravatar.com\/avatar\/830d4c57adaae6630765e449a6908047?s=96&d=mm&r=g\",\"contentUrl\":\"https:\/\/secure.gravatar.com\/avatar\/830d4c57adaae6630765e449a6908047?s=96&d=mm&r=g\",\"caption\":\"admpu17wp\"}}]}<\/script>\n<!-- \/ Yoast SEO plugin. -->","yoast_head_json":{"title":"Alquilar, una misi\u00f3n imposible: la lista de espera supera la oferta","description":"Desde el rubro inmobiliario se\u00f1alan que los fuertes aumentos afectan al inquilino. En el medio, insisten en m\u00e1s obras para arrendar ante el crecimiento en la demanda","robots":{"index":"index","follow":"follow","max-snippet":"max-snippet:-1","max-image-preview":"max-image-preview:large","max-video-preview":"max-video-preview:-1"},"canonical":"https:\/\/experienciadevida.com.ar\/portalurbano\/alquilar-una-mision-casi-imposible-la-lista-de-espera-supera-la-oferta\/","og_locale":"es_ES","og_type":"article","og_title":"Alquilar, una misi\u00f3n imposible: la lista de espera supera la oferta","og_description":"Desde el rubro inmobiliario se\u00f1alan que los fuertes aumentos afectan al inquilino. En el medio, insisten en m\u00e1s obras para arrendar ante el crecimiento en la demanda","og_url":"https:\/\/experienciadevida.com.ar\/portalurbano\/alquilar-una-mision-casi-imposible-la-lista-de-espera-supera-la-oferta\/","article_publisher":"https:\/\/www.facebook.com\/Portal-Urbano-171542830093757\/","article_published_time":"2022-08-28T14:41:11+00:00","article_modified_time":"2022-08-28T14:43:12+00:00","og_image":[{"width":810,"height":643,"url":"https:\/\/experienciadevida.com.ar\/portalurbano\/wp-content\/uploads\/2022\/08\/cartel-alquiler.jpg","type":"image\/jpeg"}],"author":"admpu17wp","twitter_card":"summary_large_image","twitter_creator":"@portalurbanook","twitter_site":"@portalurbanook","twitter_misc":{"Escrito por":"admpu17wp","Tiempo de lectura":"4 minutos"},"schema":{"@context":"https:\/\/schema.org","@graph":[{"@type":"Article","@id":"https:\/\/experienciadevida.com.ar\/portalurbano\/alquilar-una-mision-casi-imposible-la-lista-de-espera-supera-la-oferta\/#article","isPartOf":{"@id":"https:\/\/experienciadevida.com.ar\/portalurbano\/alquilar-una-mision-casi-imposible-la-lista-de-espera-supera-la-oferta\/"},"author":{"name":"admpu17wp","@id":"https:\/\/experienciadevida.com.ar\/portalurbano\/#\/schema\/person\/02dd326b1c4b056e9cc972486934a3a7"},"headline":"Alquilar, una misi\u00f3n casi imposible: la lista de espera supera la oferta","datePublished":"2022-08-28T14:41:11+00:00","dateModified":"2022-08-28T14:43:12+00:00","mainEntityOfPage":{"@id":"https:\/\/experienciadevida.com.ar\/portalurbano\/alquilar-una-mision-casi-imposible-la-lista-de-espera-supera-la-oferta\/"},"wordCount":723,"publisher":{"@id":"https:\/\/experienciadevida.com.ar\/portalurbano\/#organization"},"keywords":["Alquilar"],"articleSection":["Ciudad","Destacadas"],"inLanguage":"es"},{"@type":"WebPage","@id":"https:\/\/experienciadevida.com.ar\/portalurbano\/alquilar-una-mision-casi-imposible-la-lista-de-espera-supera-la-oferta\/","url":"https:\/\/experienciadevida.com.ar\/portalurbano\/alquilar-una-mision-casi-imposible-la-lista-de-espera-supera-la-oferta\/","name":"Alquilar, una misi\u00f3n imposible: la lista de espera supera la oferta","isPartOf":{"@id":"https:\/\/experienciadevida.com.ar\/portalurbano\/#website"},"datePublished":"2022-08-28T14:41:11+00:00","dateModified":"2022-08-28T14:43:12+00:00","description":"Desde el rubro inmobiliario se\u00f1alan que los fuertes aumentos afectan al inquilino. En el medio, insisten en m\u00e1s obras para arrendar ante el crecimiento en la demanda","breadcrumb":{"@id":"https:\/\/experienciadevida.com.ar\/portalurbano\/alquilar-una-mision-casi-imposible-la-lista-de-espera-supera-la-oferta\/#breadcrumb"},"inLanguage":"es","potentialAction":[{"@type":"ReadAction","target":["https:\/\/experienciadevida.com.ar\/portalurbano\/alquilar-una-mision-casi-imposible-la-lista-de-espera-supera-la-oferta\/"]}]},{"@type":"BreadcrumbList","@id":"https:\/\/experienciadevida.com.ar\/portalurbano\/alquilar-una-mision-casi-imposible-la-lista-de-espera-supera-la-oferta\/#breadcrumb","itemListElement":[{"@type":"ListItem","position":1,"name":"Portada","item":"https:\/\/experienciadevida.com.ar\/portalurbano\/"},{"@type":"ListItem","position":2,"name":"Alquilar, una misi\u00f3n casi imposible: la lista de espera supera la oferta"}]},{"@type":"WebSite","@id":"https:\/\/experienciadevida.com.ar\/portalurbano\/#website","url":"https:\/\/experienciadevida.com.ar\/portalurbano\/","name":"","description":"","publisher":{"@id":"https:\/\/experienciadevida.com.ar\/portalurbano\/#organization"},"potentialAction":[{"@type":"SearchAction","target":{"@type":"EntryPoint","urlTemplate":"https:\/\/experienciadevida.com.ar\/portalurbano\/?s={search_term_string}"},"query-input":"required name=search_term_string"}],"inLanguage":"es"},{"@type":"Organization","@id":"https:\/\/experienciadevida.com.ar\/portalurbano\/#organization","name":"Portal Urbano","url":"https:\/\/experienciadevida.com.ar\/portalurbano\/","logo":{"@type":"ImageObject","inLanguage":"es","@id":"https:\/\/experienciadevida.com.ar\/portalurbano\/#\/schema\/logo\/image\/","url":"https:\/\/experienciadevida.com.ar\/portalurbano\/wp-content\/uploads\/2019\/09\/Logo-Original.png","contentUrl":"https:\/\/experienciadevida.com.ar\/portalurbano\/wp-content\/uploads\/2019\/09\/Logo-Original.png","width":2236,"height":1216,"caption":"Portal Urbano"},"image":{"@id":"https:\/\/experienciadevida.com.ar\/portalurbano\/#\/schema\/logo\/image\/"},"sameAs":["https:\/\/www.facebook.com\/Portal-Urbano-171542830093757\/","https:\/\/twitter.com\/portalurbanook","https:\/\/www.instagram.com\/_portalurbano\/","https:\/\/www.youtube.com\/channel\/UCXhagIfszH8KxFiOok79zbA?view_as=subscriber"]},{"@type":"Person","@id":"https:\/\/experienciadevida.com.ar\/portalurbano\/#\/schema\/person\/02dd326b1c4b056e9cc972486934a3a7","name":"admpu17wp","image":{"@type":"ImageObject","inLanguage":"es","@id":"https:\/\/experienciadevida.com.ar\/portalurbano\/#\/schema\/person\/image\/","url":"https:\/\/secure.gravatar.com\/avatar\/830d4c57adaae6630765e449a6908047?s=96&d=mm&r=g","contentUrl":"https:\/\/secure.gravatar.com\/avatar\/830d4c57adaae6630765e449a6908047?s=96&d=mm&r=g","caption":"admpu17wp"}}]}},"featured_image_urls":{"full":["https:\/\/experienciadevida.com.ar\/portalurbano\/wp-content\/uploads\/2022\/08\/cartel-alquiler.jpg",810,643,false],"thumbnail":["https:\/\/experienciadevida.com.ar\/portalurbano\/wp-content\/uploads\/2022\/08\/cartel-alquiler-150x150.jpg",150,150,true],"medium":["https:\/\/experienciadevida.com.ar\/portalurbano\/wp-content\/uploads\/2022\/08\/cartel-alquiler-300x238.jpg",300,238,true],"medium_large":["https:\/\/experienciadevida.com.ar\/portalurbano\/wp-content\/uploads\/2022\/08\/cartel-alquiler-768x610.jpg",640,508,true],"large":["https:\/\/experienciadevida.com.ar\/portalurbano\/wp-content\/uploads\/2022\/08\/cartel-alquiler.jpg",640,508,false],"ug_big":["https:\/\/experienciadevida.com.ar\/portalurbano\/wp-content\/uploads\/2022\/08\/cartel-alquiler-768x610.jpg",768,610,true],"1536x1536":["https:\/\/experienciadevida.com.ar\/portalurbano\/wp-content\/uploads\/2022\/08\/cartel-alquiler.jpg",810,643,false],"2048x2048":["https:\/\/experienciadevida.com.ar\/portalurbano\/wp-content\/uploads\/2022\/08\/cartel-alquiler.jpg",810,643,false],"newsever-slider-full":["https:\/\/experienciadevida.com.ar\/portalurbano\/wp-content\/uploads\/2022\/08\/cartel-alquiler.jpg",810,643,false],"newsever-featured":["https:\/\/experienciadevida.com.ar\/portalurbano\/wp-content\/uploads\/2022\/08\/cartel-alquiler.jpg",810,643,false],"newsever-medium":["https:\/\/experienciadevida.com.ar\/portalurbano\/wp-content\/uploads\/2022\/08\/cartel-alquiler.jpg",598,475,false],"web-stories-poster-portrait":["https:\/\/experienciadevida.com.ar\/portalurbano\/wp-content\/uploads\/2022\/08\/cartel-alquiler-640x643.jpg",640,643,true],"web-stories-publisher-logo":["https:\/\/experienciadevida.com.ar\/portalurbano\/wp-content\/uploads\/2022\/08\/cartel-alquiler-96x96.jpg",96,96,true],"web-stories-thumbnail":["https:\/\/experienciadevida.com.ar\/portalurbano\/wp-content\/uploads\/2022\/08\/cartel-alquiler-150x119.jpg",150,119,true]},"author_info":{"display_name":"admpu17wp","author_link":"https:\/\/experienciadevida.com.ar\/portalurbano\/author\/admpu17wp\/"},"category_info":"<a href=\"https:\/\/experienciadevida.com.ar\/portalurbano\/category\/ciudad\/\" rel=\"category tag\">Ciudad<\/a> <a href=\"https:\/\/experienciadevida.com.ar\/portalurbano\/category\/destacadas\/\" rel=\"category tag\">Destacadas<\/a>","tag_info":"Destacadas","comment_count":"0","amp_enabled":true,"_links":{"self":[{"href":"https:\/\/experienciadevida.com.ar\/portalurbano\/wp-json\/wp\/v2\/posts\/174269"}],"collection":[{"href":"https:\/\/experienciadevida.com.ar\/portalurbano\/wp-json\/wp\/v2\/posts"}],"about":[{"href":"https:\/\/experienciadevida.com.ar\/portalurbano\/wp-json\/wp\/v2\/types\/post"}],"author":[{"embeddable":true,"href":"https:\/\/experienciadevida.com.ar\/portalurbano\/wp-json\/wp\/v2\/users\/1"}],"replies":[{"embeddable":true,"href":"https:\/\/experienciadevida.com.ar\/portalurbano\/wp-json\/wp\/v2\/comments?post=174269"}],"version-history":[{"count":2,"href":"https:\/\/experienciadevida.com.ar\/portalurbano\/wp-json\/wp\/v2\/posts\/174269\/revisions"}],"predecessor-version":[{"id":174272,"href":"https:\/\/experienciadevida.com.ar\/portalurbano\/wp-json\/wp\/v2\/posts\/174269\/revisions\/174272"}],"wp:featuredmedia":[{"embeddable":true,"href":"https:\/\/experienciadevida.com.ar\/portalurbano\/wp-json\/wp\/v2\/media\/174271"}],"wp:attachment":[{"href":"https:\/\/experienciadevida.com.ar\/portalurbano\/wp-json\/wp\/v2\/media?parent=174269"}],"wp:term":[{"taxonomy":"category","embeddable":true,"href":"https:\/\/experienciadevida.com.ar\/portalurbano\/wp-json\/wp\/v2\/categories?post=174269"},{"taxonomy":"post_tag","embeddable":true,"href":"https:\/\/experienciadevida.com.ar\/portalurbano\/wp-json\/wp\/v2\/tags?post=174269"}],"curies":[{"name":"wp","href":"https:\/\/api.w.org\/{rel}","templated":true}]}}