{"id":174266,"date":"2022-08-28T10:57:02","date_gmt":"2022-08-28T13:57:02","guid":{"rendered":"https:\/\/experienciadevida.com.ar\/portalurbano\/?p=174266"},"modified":"2022-08-28T10:58:34","modified_gmt":"2022-08-28T13:58:34","slug":"municipio-conmemora-el-dia-nacional-de-la-ancianidad","status":"publish","type":"post","link":"https:\/\/experienciadevida.com.ar\/portalurbano\/municipio-conmemora-el-dia-nacional-de-la-ancianidad\/","title":{"rendered":"Municipio conmemora el D\u00eda Nacional de la Ancianidad"},"content":{"rendered":"<p dir=\"ltr\">El Municipio de Olavarr\u00eda, a trav\u00e9s del Programa de Promoci\u00f3n de Derechos para Personas con Discapacidad y Personas Mayores, conmemora el D\u00eda Nacional de la Ancianidad, que se recuerda cada 28 de agosto.<\/p>\n<p dir=\"ltr\">El aniversario evoca la presentaci\u00f3n del Dec\u00e1logo de Derechos de la Ancianidad ante el Ministerio de Trabajo, que tuvo lugar el 28 de agosto de 1948. Este documento anunciaba los derechos de las personas mayores que finalmente fueron inclu\u00eddos en la Constituci\u00f3n Nacional de 1949, entre ellos, el derecho a la alimentaci\u00f3n, a la vivienda, a la vestimenta, al cuidado de la salud f\u00edsica y moral y especialmente al trabajo, la tranquilidad y al respeto.<\/p>\n<p dir=\"ltr\">Esta fecha es significativa porque sent\u00f3 precedentes para posicionar como sujetos de derechos a las personas mayores, y su impacto en la agenda mundial fue tan grande, que obtuvo el respaldo de la Asamblea General de las Naciones Unidas, y a partir de ese momento, el resto de los pa\u00edses comenz\u00f3 a desarrollar esta tem\u00e1tica, ausente hasta el momento.<\/p>\n<p dir=\"ltr\">La referente a nivel local Romina Sponer realiz\u00f3 un balance de la jornada y brind\u00f3 detalles de la gesti\u00f3n del \u00e1rea:\u00a0<em>\u00a8desde el Programa de Promoci\u00f3n de Derechos para Personas con Discapacidad y Personas Mayores, a nivel local nos encontramos realizando nuestros propios abordajes en materia de derechos de las personas mayores, desplegando diferentes estrategias a nivel territorial, y en nuestra sede, con el objetivo de mejorar la calidad de vida de esta poblaci\u00f3n, destacando siempre el buen trato y sosteniendo la informaci\u00f3n adecuada como herramienta de acceso a derechos\u00a8.<\/em><\/p>\n","protected":false},"excerpt":{"rendered":"<p>El Municipio de Olavarr\u00eda, a trav\u00e9s del Programa de Promoci\u00f3n de Derechos para Personas con&#8230;<\/p>\n","protected":false},"author":1,"featured_media":174267,"comment_status":"closed","ping_status":"closed","sticky":false,"template":"","format":"standard","meta":{"content-type":""},"categories":[27,51],"tags":[696],"nelio_content":{"isAutoShareEnabled":false,"autoShareEndMode":"default","automationSources":{"useContentSentences":true,"useSocialTemplates":true,"useCustomSentences":false,"customSentences":[]},"followers":[1],"suggestedReferences":[],"includedReferences":[],"efiUrl":"","efiAlt":"","highlights":[]},"yoast_head":"<!-- This site is optimized with the Yoast SEO plugin v20.7 - https:\/\/yoast.com\/wordpress\/plugins\/seo\/ -->\n<title>Municipio conmemora el D\u00eda Nacional de la Ancianidad<\/title>\n<meta name=\"description\" content=\"El Municipio de Olavarr\u00eda, a trav\u00e9s del Programa de Promoci\u00f3n de Derechos para Personas con Discapacidad y Personas Mayores, conmemora el D\u00eda Nacional de la Ancianidad\" \/>\n<meta name=\"robots\" content=\"index, follow, max-snippet:-1, max-image-preview:large, max-video-preview:-1\" \/>\n<link rel=\"canonical\" href=\"https:\/\/experienciadevida.com.ar\/portalurbano\/municipio-conmemora-el-dia-nacional-de-la-ancianidad\/\" \/>\n<meta property=\"og:locale\" content=\"es_ES\" \/>\n<meta property=\"og:type\" content=\"article\" \/>\n<meta property=\"og:title\" content=\"Municipio conmemora el D\u00eda Nacional de la Ancianidad\" \/>\n<meta property=\"og:description\" content=\"El Municipio de Olavarr\u00eda, a trav\u00e9s del Programa de Promoci\u00f3n de Derechos para Personas con Discapacidad y Personas Mayores, conmemora el D\u00eda Nacional de la Ancianidad\" \/>\n<meta property=\"og:url\" content=\"https:\/\/experienciadevida.com.ar\/portalurbano\/municipio-conmemora-el-dia-nacional-de-la-ancianidad\/\" \/>\n<meta property=\"article:publisher\" content=\"https:\/\/www.facebook.com\/Portal-Urbano-171542830093757\/\" \/>\n<meta property=\"article:published_time\" content=\"2022-08-28T13:57:02+00:00\" \/>\n<meta property=\"article:modified_time\" content=\"2022-08-28T13:58:34+00:00\" \/>\n<meta property=\"og:image\" content=\"https:\/\/experienciadevida.com.ar\/portalurbano\/wp-content\/uploads\/2022\/08\/DH-Dia-de-la-ancianidad-1024x768-1.jpg\" \/>\n\t<meta property=\"og:image:width\" content=\"1024\" \/>\n\t<meta property=\"og:image:height\" content=\"768\" \/>\n\t<meta property=\"og:image:type\" content=\"image\/jpeg\" \/>\n<meta name=\"author\" content=\"admpu17wp\" \/>\n<meta name=\"twitter:card\" content=\"summary_large_image\" \/>\n<meta name=\"twitter:creator\" content=\"@portalurbanook\" \/>\n<meta name=\"twitter:site\" content=\"@portalurbanook\" \/>\n<meta name=\"twitter:label1\" content=\"Escrito por\" \/>\n\t<meta name=\"twitter:data1\" content=\"admpu17wp\" \/>\n\t<meta name=\"twitter:label2\" content=\"Tiempo de lectura\" \/>\n\t<meta name=\"twitter:data2\" content=\"2 minutos\" \/>\n<script type=\"application\/ld+json\" class=\"yoast-schema-graph\">{\"@context\":\"https:\/\/schema.org\",\"@graph\":[{\"@type\":\"Article\",\"@id\":\"https:\/\/experienciadevida.com.ar\/portalurbano\/municipio-conmemora-el-dia-nacional-de-la-ancianidad\/#article\",\"isPartOf\":{\"@id\":\"https:\/\/experienciadevida.com.ar\/portalurbano\/municipio-conmemora-el-dia-nacional-de-la-ancianidad\/\"},\"author\":{\"name\":\"admpu17wp\",\"@id\":\"https:\/\/experienciadevida.com.ar\/portalurbano\/#\/schema\/person\/02dd326b1c4b056e9cc972486934a3a7\"},\"headline\":\"Municipio conmemora el D\u00eda Nacional de la Ancianidad\",\"datePublished\":\"2022-08-28T13:57:02+00:00\",\"dateModified\":\"2022-08-28T13:58:34+00:00\",\"mainEntityOfPage\":{\"@id\":\"https:\/\/experienciadevida.com.ar\/portalurbano\/municipio-conmemora-el-dia-nacional-de-la-ancianidad\/\"},\"wordCount\":278,\"publisher\":{\"@id\":\"https:\/\/experienciadevida.com.ar\/portalurbano\/#organization\"},\"keywords\":[\"Ancianidad\"],\"articleSection\":[\"Ciudad\",\"Destacadas\"],\"inLanguage\":\"es\"},{\"@type\":\"WebPage\",\"@id\":\"https:\/\/experienciadevida.com.ar\/portalurbano\/municipio-conmemora-el-dia-nacional-de-la-ancianidad\/\",\"url\":\"https:\/\/experienciadevida.com.ar\/portalurbano\/municipio-conmemora-el-dia-nacional-de-la-ancianidad\/\",\"name\":\"Municipio conmemora el D\u00eda Nacional de la Ancianidad\",\"isPartOf\":{\"@id\":\"https:\/\/experienciadevida.com.ar\/portalurbano\/#website\"},\"datePublished\":\"2022-08-28T13:57:02+00:00\",\"dateModified\":\"2022-08-28T13:58:34+00:00\",\"description\":\"El Municipio de Olavarr\u00eda, a trav\u00e9s del Programa de Promoci\u00f3n de Derechos para Personas con Discapacidad y Personas Mayores, conmemora el D\u00eda Nacional de la Ancianidad\",\"breadcrumb\":{\"@id\":\"https:\/\/experienciadevida.com.ar\/portalurbano\/municipio-conmemora-el-dia-nacional-de-la-ancianidad\/#breadcrumb\"},\"inLanguage\":\"es\",\"potentialAction\":[{\"@type\":\"ReadAction\",\"target\":[\"https:\/\/experienciadevida.com.ar\/portalurbano\/municipio-conmemora-el-dia-nacional-de-la-ancianidad\/\"]}]},{\"@type\":\"BreadcrumbList\",\"@id\":\"https:\/\/experienciadevida.com.ar\/portalurbano\/municipio-conmemora-el-dia-nacional-de-la-ancianidad\/#breadcrumb\",\"itemListElement\":[{\"@type\":\"ListItem\",\"position\":1,\"name\":\"Portada\",\"item\":\"https:\/\/experienciadevida.com.ar\/portalurbano\/\"},{\"@type\":\"ListItem\",\"position\":2,\"name\":\"Municipio conmemora el D\u00eda Nacional de la Ancianidad\"}]},{\"@type\":\"WebSite\",\"@id\":\"https:\/\/experienciadevida.com.ar\/portalurbano\/#website\",\"url\":\"https:\/\/experienciadevida.com.ar\/portalurbano\/\",\"name\":\"\",\"description\":\"\",\"publisher\":{\"@id\":\"https:\/\/experienciadevida.com.ar\/portalurbano\/#organization\"},\"potentialAction\":[{\"@type\":\"SearchAction\",\"target\":{\"@type\":\"EntryPoint\",\"urlTemplate\":\"https:\/\/experienciadevida.com.ar\/portalurbano\/?s={search_term_string}\"},\"query-input\":\"required name=search_term_string\"}],\"inLanguage\":\"es\"},{\"@type\":\"Organization\",\"@id\":\"https:\/\/experienciadevida.com.ar\/portalurbano\/#organization\",\"name\":\"Portal Urbano\",\"url\":\"https:\/\/experienciadevida.com.ar\/portalurbano\/\",\"logo\":{\"@type\":\"ImageObject\",\"inLanguage\":\"es\",\"@id\":\"https:\/\/experienciadevida.com.ar\/portalurbano\/#\/schema\/logo\/image\/\",\"url\":\"https:\/\/experienciadevida.com.ar\/portalurbano\/wp-content\/uploads\/2019\/09\/Logo-Original.png\",\"contentUrl\":\"https:\/\/experienciadevida.com.ar\/portalurbano\/wp-content\/uploads\/2019\/09\/Logo-Original.png\",\"width\":2236,\"height\":1216,\"caption\":\"Portal Urbano\"},\"image\":{\"@id\":\"https:\/\/experienciadevida.com.ar\/portalurbano\/#\/schema\/logo\/image\/\"},\"sameAs\":[\"https:\/\/www.facebook.com\/Portal-Urbano-171542830093757\/\",\"https:\/\/twitter.com\/portalurbanook\",\"https:\/\/www.instagram.com\/_portalurbano\/\",\"https:\/\/www.youtube.com\/channel\/UCXhagIfszH8KxFiOok79zbA?view_as=subscriber\"]},{\"@type\":\"Person\",\"@id\":\"https:\/\/experienciadevida.com.ar\/portalurbano\/#\/schema\/person\/02dd326b1c4b056e9cc972486934a3a7\",\"name\":\"admpu17wp\",\"image\":{\"@type\":\"ImageObject\",\"inLanguage\":\"es\",\"@id\":\"https:\/\/experienciadevida.com.ar\/portalurbano\/#\/schema\/person\/image\/\",\"url\":\"https:\/\/secure.gravatar.com\/avatar\/830d4c57adaae6630765e449a6908047?s=96&d=mm&r=g\",\"contentUrl\":\"https:\/\/secure.gravatar.com\/avatar\/830d4c57adaae6630765e449a6908047?s=96&d=mm&r=g\",\"caption\":\"admpu17wp\"}}]}<\/script>\n<!-- \/ Yoast SEO plugin. -->","yoast_head_json":{"title":"Municipio conmemora el D\u00eda Nacional de la Ancianidad","description":"El Municipio de Olavarr\u00eda, a trav\u00e9s del Programa de Promoci\u00f3n de Derechos para Personas con Discapacidad y Personas Mayores, conmemora el D\u00eda Nacional de la Ancianidad","robots":{"index":"index","follow":"follow","max-snippet":"max-snippet:-1","max-image-preview":"max-image-preview:large","max-video-preview":"max-video-preview:-1"},"canonical":"https:\/\/experienciadevida.com.ar\/portalurbano\/municipio-conmemora-el-dia-nacional-de-la-ancianidad\/","og_locale":"es_ES","og_type":"article","og_title":"Municipio conmemora el D\u00eda Nacional de la Ancianidad","og_description":"El Municipio de Olavarr\u00eda, a trav\u00e9s del Programa de Promoci\u00f3n de Derechos para Personas con Discapacidad y Personas Mayores, conmemora el D\u00eda Nacional de la Ancianidad","og_url":"https:\/\/experienciadevida.com.ar\/portalurbano\/municipio-conmemora-el-dia-nacional-de-la-ancianidad\/","article_publisher":"https:\/\/www.facebook.com\/Portal-Urbano-171542830093757\/","article_published_time":"2022-08-28T13:57:02+00:00","article_modified_time":"2022-08-28T13:58:34+00:00","og_image":[{"width":1024,"height":768,"url":"https:\/\/experienciadevida.com.ar\/portalurbano\/wp-content\/uploads\/2022\/08\/DH-Dia-de-la-ancianidad-1024x768-1.jpg","type":"image\/jpeg"}],"author":"admpu17wp","twitter_card":"summary_large_image","twitter_creator":"@portalurbanook","twitter_site":"@portalurbanook","twitter_misc":{"Escrito por":"admpu17wp","Tiempo de lectura":"2 minutos"},"schema":{"@context":"https:\/\/schema.org","@graph":[{"@type":"Article","@id":"https:\/\/experienciadevida.com.ar\/portalurbano\/municipio-conmemora-el-dia-nacional-de-la-ancianidad\/#article","isPartOf":{"@id":"https:\/\/experienciadevida.com.ar\/portalurbano\/municipio-conmemora-el-dia-nacional-de-la-ancianidad\/"},"author":{"name":"admpu17wp","@id":"https:\/\/experienciadevida.com.ar\/portalurbano\/#\/schema\/person\/02dd326b1c4b056e9cc972486934a3a7"},"headline":"Municipio conmemora el D\u00eda Nacional de la Ancianidad","datePublished":"2022-08-28T13:57:02+00:00","dateModified":"2022-08-28T13:58:34+00:00","mainEntityOfPage":{"@id":"https:\/\/experienciadevida.com.ar\/portalurbano\/municipio-conmemora-el-dia-nacional-de-la-ancianidad\/"},"wordCount":278,"publisher":{"@id":"https:\/\/experienciadevida.com.ar\/portalurbano\/#organization"},"keywords":["Ancianidad"],"articleSection":["Ciudad","Destacadas"],"inLanguage":"es"},{"@type":"WebPage","@id":"https:\/\/experienciadevida.com.ar\/portalurbano\/municipio-conmemora-el-dia-nacional-de-la-ancianidad\/","url":"https:\/\/experienciadevida.com.ar\/portalurbano\/municipio-conmemora-el-dia-nacional-de-la-ancianidad\/","name":"Municipio conmemora el D\u00eda Nacional de la Ancianidad","isPartOf":{"@id":"https:\/\/experienciadevida.com.ar\/portalurbano\/#website"},"datePublished":"2022-08-28T13:57:02+00:00","dateModified":"2022-08-28T13:58:34+00:00","description":"El Municipio de Olavarr\u00eda, a trav\u00e9s del Programa de Promoci\u00f3n de Derechos para Personas con Discapacidad y Personas Mayores, conmemora el D\u00eda Nacional de la Ancianidad","breadcrumb":{"@id":"https:\/\/experienciadevida.com.ar\/portalurbano\/municipio-conmemora-el-dia-nacional-de-la-ancianidad\/#breadcrumb"},"inLanguage":"es","potentialAction":[{"@type":"ReadAction","target":["https:\/\/experienciadevida.com.ar\/portalurbano\/municipio-conmemora-el-dia-nacional-de-la-ancianidad\/"]}]},{"@type":"BreadcrumbList","@id":"https:\/\/experienciadevida.com.ar\/portalurbano\/municipio-conmemora-el-dia-nacional-de-la-ancianidad\/#breadcrumb","itemListElement":[{"@type":"ListItem","position":1,"name":"Portada","item":"https:\/\/experienciadevida.com.ar\/portalurbano\/"},{"@type":"ListItem","position":2,"name":"Municipio conmemora el D\u00eda Nacional de la Ancianidad"}]},{"@type":"WebSite","@id":"https:\/\/experienciadevida.com.ar\/portalurbano\/#website","url":"https:\/\/experienciadevida.com.ar\/portalurbano\/","name":"","description":"","publisher":{"@id":"https:\/\/experienciadevida.com.ar\/portalurbano\/#organization"},"potentialAction":[{"@type":"SearchAction","target":{"@type":"EntryPoint","urlTemplate":"https:\/\/experienciadevida.com.ar\/portalurbano\/?s={search_term_string}"},"query-input":"required name=search_term_string"}],"inLanguage":"es"},{"@type":"Organization","@id":"https:\/\/experienciadevida.com.ar\/portalurbano\/#organization","name":"Portal Urbano","url":"https:\/\/experienciadevida.com.ar\/portalurbano\/","logo":{"@type":"ImageObject","inLanguage":"es","@id":"https:\/\/experienciadevida.com.ar\/portalurbano\/#\/schema\/logo\/image\/","url":"https:\/\/experienciadevida.com.ar\/portalurbano\/wp-content\/uploads\/2019\/09\/Logo-Original.png","contentUrl":"https:\/\/experienciadevida.com.ar\/portalurbano\/wp-content\/uploads\/2019\/09\/Logo-Original.png","width":2236,"height":1216,"caption":"Portal Urbano"},"image":{"@id":"https:\/\/experienciadevida.com.ar\/portalurbano\/#\/schema\/logo\/image\/"},"sameAs":["https:\/\/www.facebook.com\/Portal-Urbano-171542830093757\/","https:\/\/twitter.com\/portalurbanook","https:\/\/www.instagram.com\/_portalurbano\/","https:\/\/www.youtube.com\/channel\/UCXhagIfszH8KxFiOok79zbA?view_as=subscriber"]},{"@type":"Person","@id":"https:\/\/experienciadevida.com.ar\/portalurbano\/#\/schema\/person\/02dd326b1c4b056e9cc972486934a3a7","name":"admpu17wp","image":{"@type":"ImageObject","inLanguage":"es","@id":"https:\/\/experienciadevida.com.ar\/portalurbano\/#\/schema\/person\/image\/","url":"https:\/\/secure.gravatar.com\/avatar\/830d4c57adaae6630765e449a6908047?s=96&d=mm&r=g","contentUrl":"https:\/\/secure.gravatar.com\/avatar\/830d4c57adaae6630765e449a6908047?s=96&d=mm&r=g","caption":"admpu17wp"}}]}},"featured_image_urls":{"full":["https:\/\/experienciadevida.com.ar\/portalurbano\/wp-content\/uploads\/2022\/08\/DH-Dia-de-la-ancianidad-1024x768-1.jpg",1024,768,false],"thumbnail":["https:\/\/experienciadevida.com.ar\/portalurbano\/wp-content\/uploads\/2022\/08\/DH-Dia-de-la-ancianidad-1024x768-1-150x150.jpg",150,150,true],"medium":["https:\/\/experienciadevida.com.ar\/portalurbano\/wp-content\/uploads\/2022\/08\/DH-Dia-de-la-ancianidad-1024x768-1-300x225.jpg",300,225,true],"medium_large":["https:\/\/experienciadevida.com.ar\/portalurbano\/wp-content\/uploads\/2022\/08\/DH-Dia-de-la-ancianidad-1024x768-1-768x576.jpg",640,480,true],"large":["https:\/\/experienciadevida.com.ar\/portalurbano\/wp-content\/uploads\/2022\/08\/DH-Dia-de-la-ancianidad-1024x768-1.jpg",640,480,false],"ug_big":["https:\/\/experienciadevida.com.ar\/portalurbano\/wp-content\/uploads\/2022\/08\/DH-Dia-de-la-ancianidad-1024x768-1-768x576.jpg",768,576,true],"1536x1536":["https:\/\/experienciadevida.com.ar\/portalurbano\/wp-content\/uploads\/2022\/08\/DH-Dia-de-la-ancianidad-1024x768-1.jpg",1024,768,false],"2048x2048":["https:\/\/experienciadevida.com.ar\/portalurbano\/wp-content\/uploads\/2022\/08\/DH-Dia-de-la-ancianidad-1024x768-1.jpg",1024,768,false],"newsever-slider-full":["https:\/\/experienciadevida.com.ar\/portalurbano\/wp-content\/uploads\/2022\/08\/DH-Dia-de-la-ancianidad-1024x768-1.jpg",1024,768,false],"newsever-featured":["https:\/\/experienciadevida.com.ar\/portalurbano\/wp-content\/uploads\/2022\/08\/DH-Dia-de-la-ancianidad-1024x768-1.jpg",1024,768,false],"newsever-medium":["https:\/\/experienciadevida.com.ar\/portalurbano\/wp-content\/uploads\/2022\/08\/DH-Dia-de-la-ancianidad-1024x768-1.jpg",633,475,false],"web-stories-poster-portrait":["https:\/\/experienciadevida.com.ar\/portalurbano\/wp-content\/uploads\/2022\/08\/DH-Dia-de-la-ancianidad-1024x768-1-640x768.jpg",640,768,true],"web-stories-publisher-logo":["https:\/\/experienciadevida.com.ar\/portalurbano\/wp-content\/uploads\/2022\/08\/DH-Dia-de-la-ancianidad-1024x768-1-96x96.jpg",96,96,true],"web-stories-thumbnail":["https:\/\/experienciadevida.com.ar\/portalurbano\/wp-content\/uploads\/2022\/08\/DH-Dia-de-la-ancianidad-1024x768-1-150x113.jpg",150,113,true]},"author_info":{"display_name":"admpu17wp","author_link":"https:\/\/experienciadevida.com.ar\/portalurbano\/author\/admpu17wp\/"},"category_info":"<a href=\"https:\/\/experienciadevida.com.ar\/portalurbano\/category\/ciudad\/\" rel=\"category tag\">Ciudad<\/a> <a href=\"https:\/\/experienciadevida.com.ar\/portalurbano\/category\/destacadas\/\" rel=\"category tag\">Destacadas<\/a>","tag_info":"Destacadas","comment_count":"0","amp_enabled":true,"_links":{"self":[{"href":"https:\/\/experienciadevida.com.ar\/portalurbano\/wp-json\/wp\/v2\/posts\/174266"}],"collection":[{"href":"https:\/\/experienciadevida.com.ar\/portalurbano\/wp-json\/wp\/v2\/posts"}],"about":[{"href":"https:\/\/experienciadevida.com.ar\/portalurbano\/wp-json\/wp\/v2\/types\/post"}],"author":[{"embeddable":true,"href":"https:\/\/experienciadevida.com.ar\/portalurbano\/wp-json\/wp\/v2\/users\/1"}],"replies":[{"embeddable":true,"href":"https:\/\/experienciadevida.com.ar\/portalurbano\/wp-json\/wp\/v2\/comments?post=174266"}],"version-history":[{"count":1,"href":"https:\/\/experienciadevida.com.ar\/portalurbano\/wp-json\/wp\/v2\/posts\/174266\/revisions"}],"predecessor-version":[{"id":174268,"href":"https:\/\/experienciadevida.com.ar\/portalurbano\/wp-json\/wp\/v2\/posts\/174266\/revisions\/174268"}],"wp:featuredmedia":[{"embeddable":true,"href":"https:\/\/experienciadevida.com.ar\/portalurbano\/wp-json\/wp\/v2\/media\/174267"}],"wp:attachment":[{"href":"https:\/\/experienciadevida.com.ar\/portalurbano\/wp-json\/wp\/v2\/media?parent=174266"}],"wp:term":[{"taxonomy":"category","embeddable":true,"href":"https:\/\/experienciadevida.com.ar\/portalurbano\/wp-json\/wp\/v2\/categories?post=174266"},{"taxonomy":"post_tag","embeddable":true,"href":"https:\/\/experienciadevida.com.ar\/portalurbano\/wp-json\/wp\/v2\/tags?post=174266"}],"curies":[{"name":"wp","href":"https:\/\/api.w.org\/{rel}","templated":true}]}}