{"id":174231,"date":"2022-08-27T19:39:50","date_gmt":"2022-08-27T22:39:50","guid":{"rendered":"https:\/\/experienciadevida.com.ar\/portalurbano\/?p=174231"},"modified":"2022-08-27T19:42:36","modified_gmt":"2022-08-27T22:42:36","slug":"continua-la-campana-anual-de-vacunacion-antirrabica","status":"publish","type":"post","link":"https:\/\/experienciadevida.com.ar\/portalurbano\/continua-la-campana-anual-de-vacunacion-antirrabica\/","title":{"rendered":"Contin\u00faa la Campa\u00f1a Anual de Vacunaci\u00f3n Antirr\u00e1bica"},"content":{"rendered":"<p>Contin\u00faa la Campa\u00f1a Anual de Vacunaci\u00f3n Antirr\u00e1bica, en el marco de la Campa\u00f1a de Vacunaci\u00f3n Antirr\u00e1bica, la Direcci\u00f3n de <a href=\"https:\/\/www.facebook.com\/profile.php?id=100009966739206\">Bromatolog\u00eda<\/a> insiste en recordar, a vecinos y vecinas, la obligatoriedad de cumplir con el calendario de vacunas de sus animales dom\u00e9sticos de compa\u00f1\u00eda, entre ellas la vacuna antirr\u00e1bica.<\/p>\n<p>En la vigente la Ordenanza N\u00b04902\/22 a trav\u00e9s de su art\u00edculo 9\u00ba, se establece la obligatoriedad de la vacunaci\u00f3n antirr\u00e1bica para todos los perros y gatos a partir de los tres meses de edad, como as\u00ed tambi\u00e9n su revacunaci\u00f3n anual.<\/p>\n<p>La rabia es una enfermedad viral que tiene consecuencias fatales y dolorosas en quienes la padecen. Esta enfermedad afecta a los mam\u00edferos y es zoon\u00f3tica, es decir es transmisible entre animales y humanos. Seg\u00fan la Organizaci\u00f3n Mundial de la Salud, la principal fuente de contagio en humanos son perros que no se encuentran vacunados. La transmisi\u00f3n se produce por el contacto con la saliva del animal infectado, generalmente a trav\u00e9s de una mordida.<\/p>\n<p>La vacuna antirr\u00e1bica es la \u00fanica herramienta efectiva de protecci\u00f3n contra este virus, principalmente en perros y gatos. Por eso su vacunaci\u00f3n es tan importante, para proteger su vida y la nuestra.<\/p>\n<p>Consult\u00e1 con tu veterinario sobre la vacunaci\u00f3n de tu mascota. La primera dosis se recibe cuando son cachorros a partir de los 3 meses de edad, recibiendo un refuerzo anual por el resto de su vida.<\/p>\n<p>Vacunar a tu mascota contra la rabia demuestra responsabilidad y compromiso con la sociedad.<\/p>\n<p>&nbsp;<\/p>\n<p>Septiembre<\/p>\n<p>S\u00e1bado 3 de septiembre<br \/>\nEspigas<\/p>\n<p>Se incluye tambi\u00e9n la visita del Quir\u00f3fano M\u00f3vil<\/p>\n<p>Martes 6 de septiembre<br \/>\nBarrio Pickelado<\/p>\n<p>Plaza Coronel Su\u00e1rez y Larralde<\/p>\n<p>Mi\u00e9rcoles 7 de septiembre<br \/>\nBarrio Obrero<\/p>\n<p>CAPS N\u00ba 1 (Av. Del Valle y Mu\u00f1oz)<\/p>\n<p>Jueves 8 de septiembre<br \/>\nBarrio Acupo<\/p>\n<p>CAPS N\u00ba 25 (Juan Pablo II y S\u00e1enz Pe\u00f1a)<\/p>\n<p>Martes 13 de septiembre<br \/>\nBarrio Facundo Quiroga II<\/p>\n<p>CIC (Sante Fe y Calle 14 Bis)<\/p>\n<p>Mi\u00e9rcoles 14 septiembre<br \/>\nBol\u00edvar y Espa\u00f1a<\/p>\n<p>Plaza \u00c1lvaro Barros<\/p>\n<p>S\u00e1bado 17 de septiembre<br \/>\nSanta Luisa<\/p>\n<p>Se incluye la vista del Quir\u00f3fano M\u00f3vil<\/p>\n<p>Martes 20 de septiembre<br \/>\nBarrio AOMA<\/p>\n<p>Coronel Barcal\u00e1 y Hornos<\/p>\n<p>Mi\u00e9rcoles 21 de septiembre<br \/>\nBarrio Trabajadores<\/p>\n<p>Territorial N\u00ba 1 (Av. Alberdi y Fassina)<\/p>\n<p>Jueves 22 de septiembre<br \/>\nBarrio PYM<\/p>\n<p>Territorial N\u00ba 4 (Beruti y Fal)<\/p>\n<p>S\u00e1bado 24 de septiembre<br \/>\nPrado Espa\u00f1ol<\/p>\n<p>Martes 27 de septiembre<br \/>\nBarrio Villa Magdalena<\/p>\n<p>NIDO CAPS N\u00ba 16 (C\u00f3rdoba y Necochea)<\/p>\n<p>Jueves 29 de septiembre<br \/>\nParque Mitre<\/p>\n<p>Paseo de la Salud<\/p>\n<p>Brown y Belgrano<\/p>\n<p>&nbsp;<\/p>\n<p>Octubre<\/p>\n<p>S\u00e1bado 1\u00ba de octubre<br \/>\nBarrio San Vicente<\/p>\n<p>Plaza Manuel Belgrano (Azopardo y Moreno)<\/p>\n<p>Mi\u00e9rcoles 5 de octubre<br \/>\nBarrio Sarmiento II<\/p>\n<p>Riobamba entre Fal y Estrada<\/p>\n<p>Jueves 6 de octubre<br \/>\nBarrio Ceco II<\/p>\n<p>Plaza (Av. Trabajadores y Saavedra)<\/p>\n<p>Mi\u00e9rcoles 12 de octubre<br \/>\nBarrio Villa Mail\u00edn I<\/p>\n<p>Territorial N\u00ba 6 (Balcarce y Mendoza)<\/p>\n<p>Jueves 13 de octubre<br \/>\nBarrio Villa Aurora<\/p>\n<p>Sociedad de Fomento (Los Gladiolos y Bol\u00edvar)<\/p>\n<p>S\u00e1bado 15 de octubre<br \/>\nRecalde<\/p>\n<p>Se incluye tambi\u00e9n la visita del Quir\u00f3fano M\u00f3vil<\/p>\n<p>Martes 16 de octubre<br \/>\nBarrio Pueblo Nuevo<\/p>\n<p>Plaza L\u00f3pez Camelo (San Mart\u00edn y Maip\u00fa)<\/p>\n<p>Mi\u00e9rcoles 19 de octubre<br \/>\nBarrio Belgrano<\/p>\n<p>Plaza Juana Azurduy (Av. Pueyrred\u00f3n y Mu\u00f1oz)<\/p>\n<p>Jueves 20 de octubre<br \/>\nVilla Mail\u00edn II<\/p>\n<p>Av. La Rioja y Las Heras<\/p>\n<p>S\u00e1bado 22 de octubre<br \/>\nCors\u00f3dromo<\/p>\n<p>Ex Estaci\u00f3n El Provincial (Jun\u00edn y Belgrano)<\/p>\n<p>Martes 25 de octubre<br \/>\nBarrio Los Robles<\/p>\n<p>Plaza Italia (Vicente L\u00f3pez y Esquivel)<\/p>\n<p>Mi\u00e9rcoles 26 de octubre<br \/>\nBarrio Tiro Federal<\/p>\n<p>Necochea e Islas Malvinas<\/p>\n<p>S\u00e1bado 29 de octubre<br \/>\nBarrio Ceco I<\/p>\n<p>Av. Per\u00f3n y Santa Cruz<\/p>\n<p>&nbsp;<\/p>\n<p>Noviembre<\/p>\n<p>Martes 1\u00ba de noviembre<br \/>\nBarrio Independencia<\/p>\n<p>CAPS N\u00ba 7 (Av. Pueyrred\u00f3n y Ayacucho)<\/p>\n<p>Mi\u00e9rcoles 2 de noviembre<br \/>\nBarrio Bel\u00e9n<\/p>\n<p>Jard\u00edn Bel\u00e9n (Av. Emiliozzi y Calle N\u00ba 118)<\/p>\n<p>Jueves 3 de noviembre<br \/>\nBarrio Nicol\u00e1s Avellaneda<\/p>\n<p>Saavedra y Calle N\u00ba 16<\/p>\n<p>Mi\u00e9rcoles 9 de noviembre<br \/>\nColonia San Miguel<\/p>\n<p>Plaza (25 de Mayo y San Mart\u00edn)<\/p>\n<p>Jueves 10 de noviembre<br \/>\nBarrio Luj\u00e1n<\/p>\n<p>Plaza Libertad (\u00c1lvaro Barros y De\u00e1n Funes)<\/p>\n<p>S\u00e1bado 12 de noviembre<br \/>\nSierras Bayas<\/p>\n<p>Plaza 17 de Octubre<\/p>\n<p>Se incluye tambi\u00e9n la visita del Quir\u00f3fano M\u00f3vil<\/p>\n<p>Martes 15 de noviembre<br \/>\nHinojo<\/p>\n<p>Plaza San Mart\u00edn (De Pierris y Basterrica)<\/p>\n<p>Mi\u00e9rcoles 16 de noviembre<br \/>\nColonia Hinojo<\/p>\n<p>Plaza Sarmiento (Av. Fundadores y Scharle)<\/p>\n<p>Jueves 17 de noviembre<br \/>\nSierra Chica<\/p>\n<p>Av. Legourburu y Av. Catriel<\/p>\n<p>S\u00e1bado 19 de noviembre<br \/>\nParque Helios Eseverri<\/p>\n<p>Av. Trabajadores y Alsina<\/p>\n<p>Martes 22 de noviembre<br \/>\nLoma Negra I<\/p>\n<p>Plazoleta Villa Vieja (Av. Luciano Fortabat y Alberdi)<\/p>\n<p>Mi\u00e9rcoles 23 de noviembre<br \/>\nLoma Negra II<\/p>\n<p>Plaza Libertad (Av. Libertad y Av. 25 de Mayo)<\/p>\n<p>Jueves 24 de noviembre<br \/>\nParque Mitre<\/p>\n<p>Paseo de la Salud<\/p>\n<p>Brown y Belgrano<\/p>\n<p>&nbsp;<\/p>\n","protected":false},"excerpt":{"rendered":"<p>Contin\u00faa la Campa\u00f1a Anual de Vacunaci\u00f3n Antirr\u00e1bica, en el marco de la Campa\u00f1a de Vacunaci\u00f3n&#8230;<\/p>\n","protected":false},"author":1,"featured_media":158035,"comment_status":"closed","ping_status":"closed","sticky":false,"template":"","format":"standard","meta":{"content-type":""},"categories":[27,64],"tags":[],"nelio_content":{"isAutoShareEnabled":false,"autoShareEndMode":"default","automationSources":{"useContentSentences":true,"useSocialTemplates":true,"useCustomSentences":false,"customSentences":[]},"followers":[1],"suggestedReferences":[],"includedReferences":[],"efiUrl":"","efiAlt":"","highlights":[]},"yoast_head":"<!-- This site is optimized with the Yoast SEO plugin v20.7 - https:\/\/yoast.com\/wordpress\/plugins\/seo\/ -->\n<title>Contin\u00faa la campa\u00f1a anual de vacunaci\u00f3n antirr\u00e1bica<\/title>\n<meta name=\"description\" content=\"Contin\u00faa la Campa\u00f1a Anual de Vacunaci\u00f3n Antirr\u00e1bica, en el marco de la Campa\u00f1a de Vacunaci\u00f3n Antirr\u00e1bica, la Direcci\u00f3n de Bromatolog\u00eda\" \/>\n<meta name=\"robots\" content=\"index, follow, max-snippet:-1, max-image-preview:large, max-video-preview:-1\" \/>\n<link rel=\"canonical\" href=\"https:\/\/experienciadevida.com.ar\/portalurbano\/continua-la-campana-anual-de-vacunacion-antirrabica\/\" \/>\n<meta property=\"og:locale\" content=\"es_ES\" \/>\n<meta property=\"og:type\" content=\"article\" \/>\n<meta property=\"og:title\" content=\"Contin\u00faa la campa\u00f1a anual de vacunaci\u00f3n antirr\u00e1bica\" \/>\n<meta property=\"og:description\" content=\"Contin\u00faa la Campa\u00f1a Anual de Vacunaci\u00f3n Antirr\u00e1bica, en el marco de la Campa\u00f1a de Vacunaci\u00f3n Antirr\u00e1bica, la Direcci\u00f3n de Bromatolog\u00eda\" \/>\n<meta property=\"og:url\" content=\"https:\/\/experienciadevida.com.ar\/portalurbano\/continua-la-campana-anual-de-vacunacion-antirrabica\/\" \/>\n<meta property=\"article:publisher\" content=\"https:\/\/www.facebook.com\/Portal-Urbano-171542830093757\/\" \/>\n<meta property=\"article:published_time\" content=\"2022-08-27T22:39:50+00:00\" \/>\n<meta property=\"article:modified_time\" content=\"2022-08-27T22:42:36+00:00\" \/>\n<meta property=\"og:image\" content=\"https:\/\/experienciadevida.com.ar\/portalurbano\/wp-content\/uploads\/2021\/12\/Campana-de-vacunacion-antirrabica.jpg\" \/>\n\t<meta property=\"og:image:width\" content=\"1024\" \/>\n\t<meta property=\"og:image:height\" content=\"682\" \/>\n\t<meta property=\"og:image:type\" content=\"image\/jpeg\" \/>\n<meta name=\"author\" content=\"admpu17wp\" \/>\n<meta name=\"twitter:card\" content=\"summary_large_image\" \/>\n<meta name=\"twitter:creator\" content=\"@portalurbanook\" \/>\n<meta name=\"twitter:site\" content=\"@portalurbanook\" \/>\n<meta name=\"twitter:label1\" content=\"Escrito por\" \/>\n\t<meta name=\"twitter:data1\" content=\"admpu17wp\" \/>\n\t<meta name=\"twitter:label2\" content=\"Tiempo de lectura\" \/>\n\t<meta name=\"twitter:data2\" content=\"4 minutos\" \/>\n<script type=\"application\/ld+json\" class=\"yoast-schema-graph\">{\"@context\":\"https:\/\/schema.org\",\"@graph\":[{\"@type\":\"Article\",\"@id\":\"https:\/\/experienciadevida.com.ar\/portalurbano\/continua-la-campana-anual-de-vacunacion-antirrabica\/#article\",\"isPartOf\":{\"@id\":\"https:\/\/experienciadevida.com.ar\/portalurbano\/continua-la-campana-anual-de-vacunacion-antirrabica\/\"},\"author\":{\"name\":\"admpu17wp\",\"@id\":\"https:\/\/experienciadevida.com.ar\/portalurbano\/#\/schema\/person\/02dd326b1c4b056e9cc972486934a3a7\"},\"headline\":\"Contin\u00faa la Campa\u00f1a Anual de Vacunaci\u00f3n Antirr\u00e1bica\",\"datePublished\":\"2022-08-27T22:39:50+00:00\",\"dateModified\":\"2022-08-27T22:42:36+00:00\",\"mainEntityOfPage\":{\"@id\":\"https:\/\/experienciadevida.com.ar\/portalurbano\/continua-la-campana-anual-de-vacunacion-antirrabica\/\"},\"wordCount\":792,\"publisher\":{\"@id\":\"https:\/\/experienciadevida.com.ar\/portalurbano\/#organization\"},\"articleSection\":[\"Ciudad\",\"Destacadas 2\"],\"inLanguage\":\"es\"},{\"@type\":\"WebPage\",\"@id\":\"https:\/\/experienciadevida.com.ar\/portalurbano\/continua-la-campana-anual-de-vacunacion-antirrabica\/\",\"url\":\"https:\/\/experienciadevida.com.ar\/portalurbano\/continua-la-campana-anual-de-vacunacion-antirrabica\/\",\"name\":\"Contin\u00faa la campa\u00f1a anual de vacunaci\u00f3n antirr\u00e1bica\",\"isPartOf\":{\"@id\":\"https:\/\/experienciadevida.com.ar\/portalurbano\/#website\"},\"datePublished\":\"2022-08-27T22:39:50+00:00\",\"dateModified\":\"2022-08-27T22:42:36+00:00\",\"description\":\"Contin\u00faa la Campa\u00f1a Anual de Vacunaci\u00f3n Antirr\u00e1bica, en el marco de la Campa\u00f1a de Vacunaci\u00f3n Antirr\u00e1bica, la Direcci\u00f3n de Bromatolog\u00eda\",\"breadcrumb\":{\"@id\":\"https:\/\/experienciadevida.com.ar\/portalurbano\/continua-la-campana-anual-de-vacunacion-antirrabica\/#breadcrumb\"},\"inLanguage\":\"es\",\"potentialAction\":[{\"@type\":\"ReadAction\",\"target\":[\"https:\/\/experienciadevida.com.ar\/portalurbano\/continua-la-campana-anual-de-vacunacion-antirrabica\/\"]}]},{\"@type\":\"BreadcrumbList\",\"@id\":\"https:\/\/experienciadevida.com.ar\/portalurbano\/continua-la-campana-anual-de-vacunacion-antirrabica\/#breadcrumb\",\"itemListElement\":[{\"@type\":\"ListItem\",\"position\":1,\"name\":\"Portada\",\"item\":\"https:\/\/experienciadevida.com.ar\/portalurbano\/\"},{\"@type\":\"ListItem\",\"position\":2,\"name\":\"Contin\u00faa la Campa\u00f1a Anual de Vacunaci\u00f3n Antirr\u00e1bica\"}]},{\"@type\":\"WebSite\",\"@id\":\"https:\/\/experienciadevida.com.ar\/portalurbano\/#website\",\"url\":\"https:\/\/experienciadevida.com.ar\/portalurbano\/\",\"name\":\"\",\"description\":\"\",\"publisher\":{\"@id\":\"https:\/\/experienciadevida.com.ar\/portalurbano\/#organization\"},\"potentialAction\":[{\"@type\":\"SearchAction\",\"target\":{\"@type\":\"EntryPoint\",\"urlTemplate\":\"https:\/\/experienciadevida.com.ar\/portalurbano\/?s={search_term_string}\"},\"query-input\":\"required name=search_term_string\"}],\"inLanguage\":\"es\"},{\"@type\":\"Organization\",\"@id\":\"https:\/\/experienciadevida.com.ar\/portalurbano\/#organization\",\"name\":\"Portal Urbano\",\"url\":\"https:\/\/experienciadevida.com.ar\/portalurbano\/\",\"logo\":{\"@type\":\"ImageObject\",\"inLanguage\":\"es\",\"@id\":\"https:\/\/experienciadevida.com.ar\/portalurbano\/#\/schema\/logo\/image\/\",\"url\":\"https:\/\/experienciadevida.com.ar\/portalurbano\/wp-content\/uploads\/2019\/09\/Logo-Original.png\",\"contentUrl\":\"https:\/\/experienciadevida.com.ar\/portalurbano\/wp-content\/uploads\/2019\/09\/Logo-Original.png\",\"width\":2236,\"height\":1216,\"caption\":\"Portal Urbano\"},\"image\":{\"@id\":\"https:\/\/experienciadevida.com.ar\/portalurbano\/#\/schema\/logo\/image\/\"},\"sameAs\":[\"https:\/\/www.facebook.com\/Portal-Urbano-171542830093757\/\",\"https:\/\/twitter.com\/portalurbanook\",\"https:\/\/www.instagram.com\/_portalurbano\/\",\"https:\/\/www.youtube.com\/channel\/UCXhagIfszH8KxFiOok79zbA?view_as=subscriber\"]},{\"@type\":\"Person\",\"@id\":\"https:\/\/experienciadevida.com.ar\/portalurbano\/#\/schema\/person\/02dd326b1c4b056e9cc972486934a3a7\",\"name\":\"admpu17wp\",\"image\":{\"@type\":\"ImageObject\",\"inLanguage\":\"es\",\"@id\":\"https:\/\/experienciadevida.com.ar\/portalurbano\/#\/schema\/person\/image\/\",\"url\":\"https:\/\/secure.gravatar.com\/avatar\/830d4c57adaae6630765e449a6908047?s=96&d=mm&r=g\",\"contentUrl\":\"https:\/\/secure.gravatar.com\/avatar\/830d4c57adaae6630765e449a6908047?s=96&d=mm&r=g\",\"caption\":\"admpu17wp\"}}]}<\/script>\n<!-- \/ Yoast SEO plugin. -->","yoast_head_json":{"title":"Contin\u00faa la campa\u00f1a anual de vacunaci\u00f3n antirr\u00e1bica","description":"Contin\u00faa la Campa\u00f1a Anual de Vacunaci\u00f3n Antirr\u00e1bica, en el marco de la Campa\u00f1a de Vacunaci\u00f3n Antirr\u00e1bica, la Direcci\u00f3n de Bromatolog\u00eda","robots":{"index":"index","follow":"follow","max-snippet":"max-snippet:-1","max-image-preview":"max-image-preview:large","max-video-preview":"max-video-preview:-1"},"canonical":"https:\/\/experienciadevida.com.ar\/portalurbano\/continua-la-campana-anual-de-vacunacion-antirrabica\/","og_locale":"es_ES","og_type":"article","og_title":"Contin\u00faa la campa\u00f1a anual de vacunaci\u00f3n antirr\u00e1bica","og_description":"Contin\u00faa la Campa\u00f1a Anual de Vacunaci\u00f3n Antirr\u00e1bica, en el marco de la Campa\u00f1a de Vacunaci\u00f3n Antirr\u00e1bica, la Direcci\u00f3n de Bromatolog\u00eda","og_url":"https:\/\/experienciadevida.com.ar\/portalurbano\/continua-la-campana-anual-de-vacunacion-antirrabica\/","article_publisher":"https:\/\/www.facebook.com\/Portal-Urbano-171542830093757\/","article_published_time":"2022-08-27T22:39:50+00:00","article_modified_time":"2022-08-27T22:42:36+00:00","og_image":[{"width":1024,"height":682,"url":"https:\/\/experienciadevida.com.ar\/portalurbano\/wp-content\/uploads\/2021\/12\/Campana-de-vacunacion-antirrabica.jpg","type":"image\/jpeg"}],"author":"admpu17wp","twitter_card":"summary_large_image","twitter_creator":"@portalurbanook","twitter_site":"@portalurbanook","twitter_misc":{"Escrito por":"admpu17wp","Tiempo de lectura":"4 minutos"},"schema":{"@context":"https:\/\/schema.org","@graph":[{"@type":"Article","@id":"https:\/\/experienciadevida.com.ar\/portalurbano\/continua-la-campana-anual-de-vacunacion-antirrabica\/#article","isPartOf":{"@id":"https:\/\/experienciadevida.com.ar\/portalurbano\/continua-la-campana-anual-de-vacunacion-antirrabica\/"},"author":{"name":"admpu17wp","@id":"https:\/\/experienciadevida.com.ar\/portalurbano\/#\/schema\/person\/02dd326b1c4b056e9cc972486934a3a7"},"headline":"Contin\u00faa la Campa\u00f1a Anual de Vacunaci\u00f3n Antirr\u00e1bica","datePublished":"2022-08-27T22:39:50+00:00","dateModified":"2022-08-27T22:42:36+00:00","mainEntityOfPage":{"@id":"https:\/\/experienciadevida.com.ar\/portalurbano\/continua-la-campana-anual-de-vacunacion-antirrabica\/"},"wordCount":792,"publisher":{"@id":"https:\/\/experienciadevida.com.ar\/portalurbano\/#organization"},"articleSection":["Ciudad","Destacadas 2"],"inLanguage":"es"},{"@type":"WebPage","@id":"https:\/\/experienciadevida.com.ar\/portalurbano\/continua-la-campana-anual-de-vacunacion-antirrabica\/","url":"https:\/\/experienciadevida.com.ar\/portalurbano\/continua-la-campana-anual-de-vacunacion-antirrabica\/","name":"Contin\u00faa la campa\u00f1a anual de vacunaci\u00f3n antirr\u00e1bica","isPartOf":{"@id":"https:\/\/experienciadevida.com.ar\/portalurbano\/#website"},"datePublished":"2022-08-27T22:39:50+00:00","dateModified":"2022-08-27T22:42:36+00:00","description":"Contin\u00faa la Campa\u00f1a Anual de Vacunaci\u00f3n Antirr\u00e1bica, en el marco de la Campa\u00f1a de Vacunaci\u00f3n Antirr\u00e1bica, la Direcci\u00f3n de Bromatolog\u00eda","breadcrumb":{"@id":"https:\/\/experienciadevida.com.ar\/portalurbano\/continua-la-campana-anual-de-vacunacion-antirrabica\/#breadcrumb"},"inLanguage":"es","potentialAction":[{"@type":"ReadAction","target":["https:\/\/experienciadevida.com.ar\/portalurbano\/continua-la-campana-anual-de-vacunacion-antirrabica\/"]}]},{"@type":"BreadcrumbList","@id":"https:\/\/experienciadevida.com.ar\/portalurbano\/continua-la-campana-anual-de-vacunacion-antirrabica\/#breadcrumb","itemListElement":[{"@type":"ListItem","position":1,"name":"Portada","item":"https:\/\/experienciadevida.com.ar\/portalurbano\/"},{"@type":"ListItem","position":2,"name":"Contin\u00faa la Campa\u00f1a Anual de Vacunaci\u00f3n Antirr\u00e1bica"}]},{"@type":"WebSite","@id":"https:\/\/experienciadevida.com.ar\/portalurbano\/#website","url":"https:\/\/experienciadevida.com.ar\/portalurbano\/","name":"","description":"","publisher":{"@id":"https:\/\/experienciadevida.com.ar\/portalurbano\/#organization"},"potentialAction":[{"@type":"SearchAction","target":{"@type":"EntryPoint","urlTemplate":"https:\/\/experienciadevida.com.ar\/portalurbano\/?s={search_term_string}"},"query-input":"required name=search_term_string"}],"inLanguage":"es"},{"@type":"Organization","@id":"https:\/\/experienciadevida.com.ar\/portalurbano\/#organization","name":"Portal Urbano","url":"https:\/\/experienciadevida.com.ar\/portalurbano\/","logo":{"@type":"ImageObject","inLanguage":"es","@id":"https:\/\/experienciadevida.com.ar\/portalurbano\/#\/schema\/logo\/image\/","url":"https:\/\/experienciadevida.com.ar\/portalurbano\/wp-content\/uploads\/2019\/09\/Logo-Original.png","contentUrl":"https:\/\/experienciadevida.com.ar\/portalurbano\/wp-content\/uploads\/2019\/09\/Logo-Original.png","width":2236,"height":1216,"caption":"Portal Urbano"},"image":{"@id":"https:\/\/experienciadevida.com.ar\/portalurbano\/#\/schema\/logo\/image\/"},"sameAs":["https:\/\/www.facebook.com\/Portal-Urbano-171542830093757\/","https:\/\/twitter.com\/portalurbanook","https:\/\/www.instagram.com\/_portalurbano\/","https:\/\/www.youtube.com\/channel\/UCXhagIfszH8KxFiOok79zbA?view_as=subscriber"]},{"@type":"Person","@id":"https:\/\/experienciadevida.com.ar\/portalurbano\/#\/schema\/person\/02dd326b1c4b056e9cc972486934a3a7","name":"admpu17wp","image":{"@type":"ImageObject","inLanguage":"es","@id":"https:\/\/experienciadevida.com.ar\/portalurbano\/#\/schema\/person\/image\/","url":"https:\/\/secure.gravatar.com\/avatar\/830d4c57adaae6630765e449a6908047?s=96&d=mm&r=g","contentUrl":"https:\/\/secure.gravatar.com\/avatar\/830d4c57adaae6630765e449a6908047?s=96&d=mm&r=g","caption":"admpu17wp"}}]}},"featured_image_urls":{"full":["https:\/\/experienciadevida.com.ar\/portalurbano\/wp-content\/uploads\/2021\/12\/Campana-de-vacunacion-antirrabica.jpg",1024,682,false],"thumbnail":["https:\/\/experienciadevida.com.ar\/portalurbano\/wp-content\/uploads\/2021\/12\/Campana-de-vacunacion-antirrabica-150x150.jpg",150,150,true],"medium":["https:\/\/experienciadevida.com.ar\/portalurbano\/wp-content\/uploads\/2021\/12\/Campana-de-vacunacion-antirrabica-300x200.jpg",300,200,true],"medium_large":["https:\/\/experienciadevida.com.ar\/portalurbano\/wp-content\/uploads\/2021\/12\/Campana-de-vacunacion-antirrabica-768x512.jpg",640,427,true],"large":["https:\/\/experienciadevida.com.ar\/portalurbano\/wp-content\/uploads\/2021\/12\/Campana-de-vacunacion-antirrabica.jpg",640,426,false],"ug_big":["https:\/\/experienciadevida.com.ar\/portalurbano\/wp-content\/uploads\/2021\/12\/Campana-de-vacunacion-antirrabica-768x512.jpg",768,512,true],"1536x1536":["https:\/\/experienciadevida.com.ar\/portalurbano\/wp-content\/uploads\/2021\/12\/Campana-de-vacunacion-antirrabica.jpg",1024,682,false],"2048x2048":["https:\/\/experienciadevida.com.ar\/portalurbano\/wp-content\/uploads\/2021\/12\/Campana-de-vacunacion-antirrabica.jpg",1024,682,false],"newsever-slider-full":["https:\/\/experienciadevida.com.ar\/portalurbano\/wp-content\/uploads\/2021\/12\/Campana-de-vacunacion-antirrabica.jpg",1024,682,false],"newsever-featured":["https:\/\/experienciadevida.com.ar\/portalurbano\/wp-content\/uploads\/2021\/12\/Campana-de-vacunacion-antirrabica.jpg",1024,682,false],"newsever-medium":["https:\/\/experienciadevida.com.ar\/portalurbano\/wp-content\/uploads\/2021\/12\/Campana-de-vacunacion-antirrabica.jpg",713,475,false],"web-stories-poster-portrait":["https:\/\/experienciadevida.com.ar\/portalurbano\/wp-content\/uploads\/2021\/12\/Campana-de-vacunacion-antirrabica.jpg",640,426,false],"web-stories-publisher-logo":["https:\/\/experienciadevida.com.ar\/portalurbano\/wp-content\/uploads\/2021\/12\/Campana-de-vacunacion-antirrabica.jpg",96,64,false],"web-stories-thumbnail":["https:\/\/experienciadevida.com.ar\/portalurbano\/wp-content\/uploads\/2021\/12\/Campana-de-vacunacion-antirrabica.jpg",150,100,false]},"author_info":{"display_name":"admpu17wp","author_link":"https:\/\/experienciadevida.com.ar\/portalurbano\/author\/admpu17wp\/"},"category_info":"<a href=\"https:\/\/experienciadevida.com.ar\/portalurbano\/category\/ciudad\/\" rel=\"category tag\">Ciudad<\/a> <a href=\"https:\/\/experienciadevida.com.ar\/portalurbano\/category\/destacadas-2\/\" rel=\"category tag\">Destacadas 2<\/a>","tag_info":"Destacadas 2","comment_count":"0","amp_enabled":true,"_links":{"self":[{"href":"https:\/\/experienciadevida.com.ar\/portalurbano\/wp-json\/wp\/v2\/posts\/174231"}],"collection":[{"href":"https:\/\/experienciadevida.com.ar\/portalurbano\/wp-json\/wp\/v2\/posts"}],"about":[{"href":"https:\/\/experienciadevida.com.ar\/portalurbano\/wp-json\/wp\/v2\/types\/post"}],"author":[{"embeddable":true,"href":"https:\/\/experienciadevida.com.ar\/portalurbano\/wp-json\/wp\/v2\/users\/1"}],"replies":[{"embeddable":true,"href":"https:\/\/experienciadevida.com.ar\/portalurbano\/wp-json\/wp\/v2\/comments?post=174231"}],"version-history":[{"count":2,"href":"https:\/\/experienciadevida.com.ar\/portalurbano\/wp-json\/wp\/v2\/posts\/174231\/revisions"}],"predecessor-version":[{"id":174233,"href":"https:\/\/experienciadevida.com.ar\/portalurbano\/wp-json\/wp\/v2\/posts\/174231\/revisions\/174233"}],"wp:featuredmedia":[{"embeddable":true,"href":"https:\/\/experienciadevida.com.ar\/portalurbano\/wp-json\/wp\/v2\/media\/158035"}],"wp:attachment":[{"href":"https:\/\/experienciadevida.com.ar\/portalurbano\/wp-json\/wp\/v2\/media?parent=174231"}],"wp:term":[{"taxonomy":"category","embeddable":true,"href":"https:\/\/experienciadevida.com.ar\/portalurbano\/wp-json\/wp\/v2\/categories?post=174231"},{"taxonomy":"post_tag","embeddable":true,"href":"https:\/\/experienciadevida.com.ar\/portalurbano\/wp-json\/wp\/v2\/tags?post=174231"}],"curies":[{"name":"wp","href":"https:\/\/api.w.org\/{rel}","templated":true}]}}