{"id":174216,"date":"2022-08-27T14:59:17","date_gmt":"2022-08-27T17:59:17","guid":{"rendered":"https:\/\/experienciadevida.com.ar\/portalurbano\/?p=174216"},"modified":"2022-08-27T14:59:32","modified_gmt":"2022-08-27T17:59:32","slug":"bomberos-de-olavarria-sera-sede-de-una-jornada-de-capacitacion-en-la-region","status":"publish","type":"post","link":"https:\/\/experienciadevida.com.ar\/portalurbano\/bomberos-de-olavarria-sera-sede-de-una-jornada-de-capacitacion-en-la-region\/","title":{"rendered":"Bomberos de Olavarr\u00eda ser\u00e1 sede de una jornada de capacitaci\u00f3n en la regi\u00f3n"},"content":{"rendered":"<p><strong>En el marco de las capacitaciones para la Certificaci\u00f3n de Especialistas en Protecci\u00f3n contra Incendios (CEPI) durante todo este fin de semana, bomberos de diferentes zonas de la regi\u00f3n estar\u00e1n instruy\u00e9ndose en las instalaciones del cuartel central.<\/strong><\/p>\n<figure id=\"attachment_174220\" aria-describedby=\"caption-attachment-174220\" style=\"width: 850px\" class=\"wp-caption alignnone\"><a href=\"https:\/\/experienciadevida.com.ar\/portalurbano\/bomberos-de-olavarria-sera-sede-de-una-jornada-de-capacitacion-en-la-region\/jc\/\" rel=\"attachment wp-att-174220\"><img decoding=\"async\" class=\"wp-image-174220 size-full\" src=\"https:\/\/experienciadevida.com.ar\/portalurbano\/wp-content\/uploads\/2022\/08\/JC.jpg\" alt=\"Bomberos\" width=\"850\" height=\"478\" srcset=\"https:\/\/experienciadevida.com.ar\/portalurbano\/wp-content\/uploads\/2022\/08\/JC.jpg 850w, https:\/\/experienciadevida.com.ar\/portalurbano\/wp-content\/uploads\/2022\/08\/JC-300x169.jpg 300w, https:\/\/experienciadevida.com.ar\/portalurbano\/wp-content\/uploads\/2022\/08\/JC-768x432.jpg 768w, https:\/\/experienciadevida.com.ar\/portalurbano\/wp-content\/uploads\/2022\/08\/JC-150x84.jpg 150w\" sizes=\"(max-width: 850px) 100vw, 850px\" \/><\/a><figcaption id=\"caption-attachment-174220\" class=\"wp-caption-text\">Bomberos<\/figcaption><\/figure>\n<p>La Federaci\u00f3n de Asociaciones de Bomberos Voluntarios de la Provincia de Buenos Aires (F.A.B.V.P.B.A.) en el marco de las capacitaciones anuales, realiz\u00f3 diferentes instrucciones a lo largo del a\u00f1o para luego, concluir con la etapa final de la capacitaci\u00f3n de manera presencial.<\/p>\n<p>El Consejo de Capacitaci\u00f3n propuso llevar adelante las jornadas previas de manera virtual y finalmente llegar a la presencialidad.<\/p>\n<figure id=\"attachment_174218\" aria-describedby=\"caption-attachment-174218\" style=\"width: 850px\" class=\"wp-caption alignnone\"><a href=\"https:\/\/experienciadevida.com.ar\/portalurbano\/bomberos-de-olavarria-sera-sede-de-una-jornada-de-capacitacion-en-la-region\/jc8\/\" rel=\"attachment wp-att-174218\"><img decoding=\"async\" class=\"wp-image-174218 size-full\" src=\"https:\/\/experienciadevida.com.ar\/portalurbano\/wp-content\/uploads\/2022\/08\/JC8.jpg\" alt=\"Bomberos\" width=\"850\" height=\"478\" srcset=\"https:\/\/experienciadevida.com.ar\/portalurbano\/wp-content\/uploads\/2022\/08\/JC8.jpg 850w, https:\/\/experienciadevida.com.ar\/portalurbano\/wp-content\/uploads\/2022\/08\/JC8-300x169.jpg 300w, https:\/\/experienciadevida.com.ar\/portalurbano\/wp-content\/uploads\/2022\/08\/JC8-768x432.jpg 768w, https:\/\/experienciadevida.com.ar\/portalurbano\/wp-content\/uploads\/2022\/08\/JC8-150x84.jpg 150w\" sizes=\"(max-width: 850px) 100vw, 850px\" \/><\/a><figcaption id=\"caption-attachment-174218\" class=\"wp-caption-text\">Bomberos<\/figcaption><\/figure>\n<p>Tenemos el honor de ser la sede de este cierre de formaci\u00f3n profesional que se estar\u00e1 desarrollando durante toda la jornada de este s\u00e1bado 27 y domingo 28 de agosto.<\/p>\n<figure id=\"attachment_174217\" aria-describedby=\"caption-attachment-174217\" style=\"width: 850px\" class=\"wp-caption alignnone\"><a href=\"https:\/\/experienciadevida.com.ar\/portalurbano\/bomberos-de-olavarria-sera-sede-de-una-jornada-de-capacitacion-en-la-region\/jc1\/\" rel=\"attachment wp-att-174217\"><img decoding=\"async\" class=\"wp-image-174217 size-full\" src=\"https:\/\/experienciadevida.com.ar\/portalurbano\/wp-content\/uploads\/2022\/08\/jc1.jpg\" alt=\"Bomberos\" width=\"850\" height=\"478\" srcset=\"https:\/\/experienciadevida.com.ar\/portalurbano\/wp-content\/uploads\/2022\/08\/jc1.jpg 850w, https:\/\/experienciadevida.com.ar\/portalurbano\/wp-content\/uploads\/2022\/08\/jc1-300x169.jpg 300w, https:\/\/experienciadevida.com.ar\/portalurbano\/wp-content\/uploads\/2022\/08\/jc1-768x432.jpg 768w, https:\/\/experienciadevida.com.ar\/portalurbano\/wp-content\/uploads\/2022\/08\/jc1-150x84.jpg 150w\" sizes=\"(max-width: 850px) 100vw, 850px\" \/><\/a><figcaption id=\"caption-attachment-174217\" class=\"wp-caption-text\">Bomberos<\/figcaption><\/figure>\n<p>Contamos con la presencia de alrededor de 60 bomberos de las regiones Centro Centro, Sur y Sudoeste, siendo esta una de las jornadas m\u00e1s concurrida que hemos llevado adelante en Olavarr\u00eda.<\/p>\n<p>Todos los presentes, se formar\u00e1n en calidad de alumnos y ser\u00e1n capacitados en distintas \u00e1reas de trabajo operativo, as\u00ed como tambi\u00e9n en distintas especialidades y niveles, y ser\u00e1n certificados luego de aprobar los ex\u00e1menes pertinentes.<\/p>\n<p>En el inicio de la jornada de este s\u00e1bado, se llevaron a cabo las acreditaciones en la puerta central del cuartel. M\u00e1s tarde, todos los presentes compartieron un desayuno previo al lanzamiento de las clases. Finalmente, el Sub-comandante y Director de Defensa Civil Adri\u00e1n Guevara expres\u00f3 unas palabras de bienvenida, seguido por el Presidente de la Asociaci\u00f3n Hugo Fayan\u00e1s.<\/p>\n<p>Se espera que la jornada de formaci\u00f3n se extienda hasta las 20 hs del d\u00eda s\u00e1bado, con intervalos entre el almuerzo y la merienda, para continuar con las actividades y dar un cierre el d\u00eda domingo con la respectiva entrega de diplomas.<\/p>\n<p>Estamos sumamente orgullosos de que nuestra sede haya sido elegida para realizar esta etapa final de capacitaci\u00f3n y formaci\u00f3n de los bomberos de la regi\u00f3n y la zona.<\/p>\n<p>Fuente: Bomberos Voluntarios \/ Fotos Enrique Zelaya<\/p>\n","protected":false},"excerpt":{"rendered":"<p>En el marco de las capacitaciones para la Certificaci\u00f3n de Especialistas en Protecci\u00f3n contra Incendios&#8230;<\/p>\n","protected":false},"author":1,"featured_media":174219,"comment_status":"closed","ping_status":"closed","sticky":false,"template":"","format":"standard","meta":{"content-type":""},"categories":[27],"tags":[602],"nelio_content":{"isAutoShareEnabled":false,"autoShareEndMode":"default","automationSources":{"useContentSentences":true,"useSocialTemplates":true,"useCustomSentences":false,"customSentences":[]},"followers":[1],"suggestedReferences":[],"includedReferences":[],"efiUrl":"","efiAlt":"","highlights":[]},"yoast_head":"<!-- This site is optimized with the Yoast SEO plugin v20.7 - https:\/\/yoast.com\/wordpress\/plugins\/seo\/ -->\n<title>Bomberos de Olavarr\u00eda ser\u00e1 sede de una jornada de capacitaci\u00f3n<\/title>\n<meta name=\"description\" content=\"En el marco de las capacitaciones para la Certificaci\u00f3n de Especialistas en Protecci\u00f3n contra Incendios (CEPI) durante todo este fin de\" \/>\n<meta name=\"robots\" content=\"index, follow, max-snippet:-1, max-image-preview:large, max-video-preview:-1\" \/>\n<link rel=\"canonical\" href=\"https:\/\/experienciadevida.com.ar\/portalurbano\/bomberos-de-olavarria-sera-sede-de-una-jornada-de-capacitacion-en-la-region\/\" \/>\n<meta property=\"og:locale\" content=\"es_ES\" \/>\n<meta property=\"og:type\" content=\"article\" \/>\n<meta property=\"og:title\" content=\"Bomberos de Olavarr\u00eda ser\u00e1 sede de una jornada de capacitaci\u00f3n\" \/>\n<meta property=\"og:description\" content=\"En el marco de las capacitaciones para la Certificaci\u00f3n de Especialistas en Protecci\u00f3n contra Incendios (CEPI) durante todo este fin de\" \/>\n<meta property=\"og:url\" content=\"https:\/\/experienciadevida.com.ar\/portalurbano\/bomberos-de-olavarria-sera-sede-de-una-jornada-de-capacitacion-en-la-region\/\" \/>\n<meta property=\"article:publisher\" content=\"https:\/\/www.facebook.com\/Portal-Urbano-171542830093757\/\" \/>\n<meta property=\"article:published_time\" content=\"2022-08-27T17:59:17+00:00\" \/>\n<meta property=\"article:modified_time\" content=\"2022-08-27T17:59:32+00:00\" \/>\n<meta property=\"og:image\" content=\"https:\/\/experienciadevida.com.ar\/portalurbano\/wp-content\/uploads\/2022\/08\/JC4.jpg\" \/>\n\t<meta property=\"og:image:width\" content=\"850\" \/>\n\t<meta property=\"og:image:height\" content=\"478\" \/>\n\t<meta property=\"og:image:type\" content=\"image\/jpeg\" \/>\n<meta name=\"author\" content=\"admpu17wp\" \/>\n<meta name=\"twitter:card\" content=\"summary_large_image\" \/>\n<meta name=\"twitter:creator\" content=\"@portalurbanook\" \/>\n<meta name=\"twitter:site\" content=\"@portalurbanook\" \/>\n<meta name=\"twitter:label1\" content=\"Escrito por\" \/>\n\t<meta name=\"twitter:data1\" content=\"admpu17wp\" \/>\n\t<meta name=\"twitter:label2\" content=\"Tiempo de lectura\" \/>\n\t<meta name=\"twitter:data2\" content=\"3 minutos\" \/>\n<script type=\"application\/ld+json\" class=\"yoast-schema-graph\">{\"@context\":\"https:\/\/schema.org\",\"@graph\":[{\"@type\":\"Article\",\"@id\":\"https:\/\/experienciadevida.com.ar\/portalurbano\/bomberos-de-olavarria-sera-sede-de-una-jornada-de-capacitacion-en-la-region\/#article\",\"isPartOf\":{\"@id\":\"https:\/\/experienciadevida.com.ar\/portalurbano\/bomberos-de-olavarria-sera-sede-de-una-jornada-de-capacitacion-en-la-region\/\"},\"author\":{\"name\":\"admpu17wp\",\"@id\":\"https:\/\/experienciadevida.com.ar\/portalurbano\/#\/schema\/person\/02dd326b1c4b056e9cc972486934a3a7\"},\"headline\":\"Bomberos de Olavarr\u00eda ser\u00e1 sede de una jornada de capacitaci\u00f3n en la regi\u00f3n\",\"datePublished\":\"2022-08-27T17:59:17+00:00\",\"dateModified\":\"2022-08-27T17:59:32+00:00\",\"mainEntityOfPage\":{\"@id\":\"https:\/\/experienciadevida.com.ar\/portalurbano\/bomberos-de-olavarria-sera-sede-de-una-jornada-de-capacitacion-en-la-region\/\"},\"wordCount\":401,\"publisher\":{\"@id\":\"https:\/\/experienciadevida.com.ar\/portalurbano\/#organization\"},\"keywords\":[\"bomberos olavarria\"],\"articleSection\":[\"Ciudad\"],\"inLanguage\":\"es\"},{\"@type\":\"WebPage\",\"@id\":\"https:\/\/experienciadevida.com.ar\/portalurbano\/bomberos-de-olavarria-sera-sede-de-una-jornada-de-capacitacion-en-la-region\/\",\"url\":\"https:\/\/experienciadevida.com.ar\/portalurbano\/bomberos-de-olavarria-sera-sede-de-una-jornada-de-capacitacion-en-la-region\/\",\"name\":\"Bomberos de Olavarr\u00eda ser\u00e1 sede de una jornada de capacitaci\u00f3n\",\"isPartOf\":{\"@id\":\"https:\/\/experienciadevida.com.ar\/portalurbano\/#website\"},\"datePublished\":\"2022-08-27T17:59:17+00:00\",\"dateModified\":\"2022-08-27T17:59:32+00:00\",\"description\":\"En el marco de las capacitaciones para la Certificaci\u00f3n de Especialistas en Protecci\u00f3n contra Incendios (CEPI) durante todo este fin de\",\"breadcrumb\":{\"@id\":\"https:\/\/experienciadevida.com.ar\/portalurbano\/bomberos-de-olavarria-sera-sede-de-una-jornada-de-capacitacion-en-la-region\/#breadcrumb\"},\"inLanguage\":\"es\",\"potentialAction\":[{\"@type\":\"ReadAction\",\"target\":[\"https:\/\/experienciadevida.com.ar\/portalurbano\/bomberos-de-olavarria-sera-sede-de-una-jornada-de-capacitacion-en-la-region\/\"]}]},{\"@type\":\"BreadcrumbList\",\"@id\":\"https:\/\/experienciadevida.com.ar\/portalurbano\/bomberos-de-olavarria-sera-sede-de-una-jornada-de-capacitacion-en-la-region\/#breadcrumb\",\"itemListElement\":[{\"@type\":\"ListItem\",\"position\":1,\"name\":\"Portada\",\"item\":\"https:\/\/experienciadevida.com.ar\/portalurbano\/\"},{\"@type\":\"ListItem\",\"position\":2,\"name\":\"Bomberos de Olavarr\u00eda ser\u00e1 sede de una jornada de capacitaci\u00f3n en la regi\u00f3n\"}]},{\"@type\":\"WebSite\",\"@id\":\"https:\/\/experienciadevida.com.ar\/portalurbano\/#website\",\"url\":\"https:\/\/experienciadevida.com.ar\/portalurbano\/\",\"name\":\"\",\"description\":\"\",\"publisher\":{\"@id\":\"https:\/\/experienciadevida.com.ar\/portalurbano\/#organization\"},\"potentialAction\":[{\"@type\":\"SearchAction\",\"target\":{\"@type\":\"EntryPoint\",\"urlTemplate\":\"https:\/\/experienciadevida.com.ar\/portalurbano\/?s={search_term_string}\"},\"query-input\":\"required name=search_term_string\"}],\"inLanguage\":\"es\"},{\"@type\":\"Organization\",\"@id\":\"https:\/\/experienciadevida.com.ar\/portalurbano\/#organization\",\"name\":\"Portal Urbano\",\"url\":\"https:\/\/experienciadevida.com.ar\/portalurbano\/\",\"logo\":{\"@type\":\"ImageObject\",\"inLanguage\":\"es\",\"@id\":\"https:\/\/experienciadevida.com.ar\/portalurbano\/#\/schema\/logo\/image\/\",\"url\":\"https:\/\/experienciadevida.com.ar\/portalurbano\/wp-content\/uploads\/2019\/09\/Logo-Original.png\",\"contentUrl\":\"https:\/\/experienciadevida.com.ar\/portalurbano\/wp-content\/uploads\/2019\/09\/Logo-Original.png\",\"width\":2236,\"height\":1216,\"caption\":\"Portal Urbano\"},\"image\":{\"@id\":\"https:\/\/experienciadevida.com.ar\/portalurbano\/#\/schema\/logo\/image\/\"},\"sameAs\":[\"https:\/\/www.facebook.com\/Portal-Urbano-171542830093757\/\",\"https:\/\/twitter.com\/portalurbanook\",\"https:\/\/www.instagram.com\/_portalurbano\/\",\"https:\/\/www.youtube.com\/channel\/UCXhagIfszH8KxFiOok79zbA?view_as=subscriber\"]},{\"@type\":\"Person\",\"@id\":\"https:\/\/experienciadevida.com.ar\/portalurbano\/#\/schema\/person\/02dd326b1c4b056e9cc972486934a3a7\",\"name\":\"admpu17wp\",\"image\":{\"@type\":\"ImageObject\",\"inLanguage\":\"es\",\"@id\":\"https:\/\/experienciadevida.com.ar\/portalurbano\/#\/schema\/person\/image\/\",\"url\":\"https:\/\/secure.gravatar.com\/avatar\/830d4c57adaae6630765e449a6908047?s=96&d=mm&r=g\",\"contentUrl\":\"https:\/\/secure.gravatar.com\/avatar\/830d4c57adaae6630765e449a6908047?s=96&d=mm&r=g\",\"caption\":\"admpu17wp\"}}]}<\/script>\n<!-- \/ Yoast SEO plugin. -->","yoast_head_json":{"title":"Bomberos de Olavarr\u00eda ser\u00e1 sede de una jornada de capacitaci\u00f3n","description":"En el marco de las capacitaciones para la Certificaci\u00f3n de Especialistas en Protecci\u00f3n contra Incendios (CEPI) durante todo este fin de","robots":{"index":"index","follow":"follow","max-snippet":"max-snippet:-1","max-image-preview":"max-image-preview:large","max-video-preview":"max-video-preview:-1"},"canonical":"https:\/\/experienciadevida.com.ar\/portalurbano\/bomberos-de-olavarria-sera-sede-de-una-jornada-de-capacitacion-en-la-region\/","og_locale":"es_ES","og_type":"article","og_title":"Bomberos de Olavarr\u00eda ser\u00e1 sede de una jornada de capacitaci\u00f3n","og_description":"En el marco de las capacitaciones para la Certificaci\u00f3n de Especialistas en Protecci\u00f3n contra Incendios (CEPI) durante todo este fin de","og_url":"https:\/\/experienciadevida.com.ar\/portalurbano\/bomberos-de-olavarria-sera-sede-de-una-jornada-de-capacitacion-en-la-region\/","article_publisher":"https:\/\/www.facebook.com\/Portal-Urbano-171542830093757\/","article_published_time":"2022-08-27T17:59:17+00:00","article_modified_time":"2022-08-27T17:59:32+00:00","og_image":[{"width":850,"height":478,"url":"https:\/\/experienciadevida.com.ar\/portalurbano\/wp-content\/uploads\/2022\/08\/JC4.jpg","type":"image\/jpeg"}],"author":"admpu17wp","twitter_card":"summary_large_image","twitter_creator":"@portalurbanook","twitter_site":"@portalurbanook","twitter_misc":{"Escrito por":"admpu17wp","Tiempo de lectura":"3 minutos"},"schema":{"@context":"https:\/\/schema.org","@graph":[{"@type":"Article","@id":"https:\/\/experienciadevida.com.ar\/portalurbano\/bomberos-de-olavarria-sera-sede-de-una-jornada-de-capacitacion-en-la-region\/#article","isPartOf":{"@id":"https:\/\/experienciadevida.com.ar\/portalurbano\/bomberos-de-olavarria-sera-sede-de-una-jornada-de-capacitacion-en-la-region\/"},"author":{"name":"admpu17wp","@id":"https:\/\/experienciadevida.com.ar\/portalurbano\/#\/schema\/person\/02dd326b1c4b056e9cc972486934a3a7"},"headline":"Bomberos de Olavarr\u00eda ser\u00e1 sede de una jornada de capacitaci\u00f3n en la regi\u00f3n","datePublished":"2022-08-27T17:59:17+00:00","dateModified":"2022-08-27T17:59:32+00:00","mainEntityOfPage":{"@id":"https:\/\/experienciadevida.com.ar\/portalurbano\/bomberos-de-olavarria-sera-sede-de-una-jornada-de-capacitacion-en-la-region\/"},"wordCount":401,"publisher":{"@id":"https:\/\/experienciadevida.com.ar\/portalurbano\/#organization"},"keywords":["bomberos olavarria"],"articleSection":["Ciudad"],"inLanguage":"es"},{"@type":"WebPage","@id":"https:\/\/experienciadevida.com.ar\/portalurbano\/bomberos-de-olavarria-sera-sede-de-una-jornada-de-capacitacion-en-la-region\/","url":"https:\/\/experienciadevida.com.ar\/portalurbano\/bomberos-de-olavarria-sera-sede-de-una-jornada-de-capacitacion-en-la-region\/","name":"Bomberos de Olavarr\u00eda ser\u00e1 sede de una jornada de capacitaci\u00f3n","isPartOf":{"@id":"https:\/\/experienciadevida.com.ar\/portalurbano\/#website"},"datePublished":"2022-08-27T17:59:17+00:00","dateModified":"2022-08-27T17:59:32+00:00","description":"En el marco de las capacitaciones para la Certificaci\u00f3n de Especialistas en Protecci\u00f3n contra Incendios (CEPI) durante todo este fin de","breadcrumb":{"@id":"https:\/\/experienciadevida.com.ar\/portalurbano\/bomberos-de-olavarria-sera-sede-de-una-jornada-de-capacitacion-en-la-region\/#breadcrumb"},"inLanguage":"es","potentialAction":[{"@type":"ReadAction","target":["https:\/\/experienciadevida.com.ar\/portalurbano\/bomberos-de-olavarria-sera-sede-de-una-jornada-de-capacitacion-en-la-region\/"]}]},{"@type":"BreadcrumbList","@id":"https:\/\/experienciadevida.com.ar\/portalurbano\/bomberos-de-olavarria-sera-sede-de-una-jornada-de-capacitacion-en-la-region\/#breadcrumb","itemListElement":[{"@type":"ListItem","position":1,"name":"Portada","item":"https:\/\/experienciadevida.com.ar\/portalurbano\/"},{"@type":"ListItem","position":2,"name":"Bomberos de Olavarr\u00eda ser\u00e1 sede de una jornada de capacitaci\u00f3n en la regi\u00f3n"}]},{"@type":"WebSite","@id":"https:\/\/experienciadevida.com.ar\/portalurbano\/#website","url":"https:\/\/experienciadevida.com.ar\/portalurbano\/","name":"","description":"","publisher":{"@id":"https:\/\/experienciadevida.com.ar\/portalurbano\/#organization"},"potentialAction":[{"@type":"SearchAction","target":{"@type":"EntryPoint","urlTemplate":"https:\/\/experienciadevida.com.ar\/portalurbano\/?s={search_term_string}"},"query-input":"required name=search_term_string"}],"inLanguage":"es"},{"@type":"Organization","@id":"https:\/\/experienciadevida.com.ar\/portalurbano\/#organization","name":"Portal Urbano","url":"https:\/\/experienciadevida.com.ar\/portalurbano\/","logo":{"@type":"ImageObject","inLanguage":"es","@id":"https:\/\/experienciadevida.com.ar\/portalurbano\/#\/schema\/logo\/image\/","url":"https:\/\/experienciadevida.com.ar\/portalurbano\/wp-content\/uploads\/2019\/09\/Logo-Original.png","contentUrl":"https:\/\/experienciadevida.com.ar\/portalurbano\/wp-content\/uploads\/2019\/09\/Logo-Original.png","width":2236,"height":1216,"caption":"Portal Urbano"},"image":{"@id":"https:\/\/experienciadevida.com.ar\/portalurbano\/#\/schema\/logo\/image\/"},"sameAs":["https:\/\/www.facebook.com\/Portal-Urbano-171542830093757\/","https:\/\/twitter.com\/portalurbanook","https:\/\/www.instagram.com\/_portalurbano\/","https:\/\/www.youtube.com\/channel\/UCXhagIfszH8KxFiOok79zbA?view_as=subscriber"]},{"@type":"Person","@id":"https:\/\/experienciadevida.com.ar\/portalurbano\/#\/schema\/person\/02dd326b1c4b056e9cc972486934a3a7","name":"admpu17wp","image":{"@type":"ImageObject","inLanguage":"es","@id":"https:\/\/experienciadevida.com.ar\/portalurbano\/#\/schema\/person\/image\/","url":"https:\/\/secure.gravatar.com\/avatar\/830d4c57adaae6630765e449a6908047?s=96&d=mm&r=g","contentUrl":"https:\/\/secure.gravatar.com\/avatar\/830d4c57adaae6630765e449a6908047?s=96&d=mm&r=g","caption":"admpu17wp"}}]}},"featured_image_urls":{"full":["https:\/\/experienciadevida.com.ar\/portalurbano\/wp-content\/uploads\/2022\/08\/JC4.jpg",850,478,false],"thumbnail":["https:\/\/experienciadevida.com.ar\/portalurbano\/wp-content\/uploads\/2022\/08\/JC4-150x150.jpg",150,150,true],"medium":["https:\/\/experienciadevida.com.ar\/portalurbano\/wp-content\/uploads\/2022\/08\/JC4-300x169.jpg",300,169,true],"medium_large":["https:\/\/experienciadevida.com.ar\/portalurbano\/wp-content\/uploads\/2022\/08\/JC4-768x432.jpg",640,360,true],"large":["https:\/\/experienciadevida.com.ar\/portalurbano\/wp-content\/uploads\/2022\/08\/JC4.jpg",640,360,false],"ug_big":["https:\/\/experienciadevida.com.ar\/portalurbano\/wp-content\/uploads\/2022\/08\/JC4-768x432.jpg",768,432,true],"1536x1536":["https:\/\/experienciadevida.com.ar\/portalurbano\/wp-content\/uploads\/2022\/08\/JC4.jpg",850,478,false],"2048x2048":["https:\/\/experienciadevida.com.ar\/portalurbano\/wp-content\/uploads\/2022\/08\/JC4.jpg",850,478,false],"newsever-slider-full":["https:\/\/experienciadevida.com.ar\/portalurbano\/wp-content\/uploads\/2022\/08\/JC4.jpg",850,478,false],"newsever-featured":["https:\/\/experienciadevida.com.ar\/portalurbano\/wp-content\/uploads\/2022\/08\/JC4.jpg",850,478,false],"newsever-medium":["https:\/\/experienciadevida.com.ar\/portalurbano\/wp-content\/uploads\/2022\/08\/JC4.jpg",720,405,false],"web-stories-poster-portrait":["https:\/\/experienciadevida.com.ar\/portalurbano\/wp-content\/uploads\/2022\/08\/JC4-640x478.jpg",640,478,true],"web-stories-publisher-logo":["https:\/\/experienciadevida.com.ar\/portalurbano\/wp-content\/uploads\/2022\/08\/JC4-96x96.jpg",96,96,true],"web-stories-thumbnail":["https:\/\/experienciadevida.com.ar\/portalurbano\/wp-content\/uploads\/2022\/08\/JC4-150x84.jpg",150,84,true]},"author_info":{"display_name":"admpu17wp","author_link":"https:\/\/experienciadevida.com.ar\/portalurbano\/author\/admpu17wp\/"},"category_info":"<a href=\"https:\/\/experienciadevida.com.ar\/portalurbano\/category\/ciudad\/\" rel=\"category tag\">Ciudad<\/a>","tag_info":"Ciudad","comment_count":"0","amp_enabled":true,"_links":{"self":[{"href":"https:\/\/experienciadevida.com.ar\/portalurbano\/wp-json\/wp\/v2\/posts\/174216"}],"collection":[{"href":"https:\/\/experienciadevida.com.ar\/portalurbano\/wp-json\/wp\/v2\/posts"}],"about":[{"href":"https:\/\/experienciadevida.com.ar\/portalurbano\/wp-json\/wp\/v2\/types\/post"}],"author":[{"embeddable":true,"href":"https:\/\/experienciadevida.com.ar\/portalurbano\/wp-json\/wp\/v2\/users\/1"}],"replies":[{"embeddable":true,"href":"https:\/\/experienciadevida.com.ar\/portalurbano\/wp-json\/wp\/v2\/comments?post=174216"}],"version-history":[{"count":4,"href":"https:\/\/experienciadevida.com.ar\/portalurbano\/wp-json\/wp\/v2\/posts\/174216\/revisions"}],"predecessor-version":[{"id":174224,"href":"https:\/\/experienciadevida.com.ar\/portalurbano\/wp-json\/wp\/v2\/posts\/174216\/revisions\/174224"}],"wp:featuredmedia":[{"embeddable":true,"href":"https:\/\/experienciadevida.com.ar\/portalurbano\/wp-json\/wp\/v2\/media\/174219"}],"wp:attachment":[{"href":"https:\/\/experienciadevida.com.ar\/portalurbano\/wp-json\/wp\/v2\/media?parent=174216"}],"wp:term":[{"taxonomy":"category","embeddable":true,"href":"https:\/\/experienciadevida.com.ar\/portalurbano\/wp-json\/wp\/v2\/categories?post=174216"},{"taxonomy":"post_tag","embeddable":true,"href":"https:\/\/experienciadevida.com.ar\/portalurbano\/wp-json\/wp\/v2\/tags?post=174216"}],"curies":[{"name":"wp","href":"https:\/\/api.w.org\/{rel}","templated":true}]}}