{"id":174176,"date":"2022-08-26T19:05:43","date_gmt":"2022-08-26T22:05:43","guid":{"rendered":"https:\/\/experienciadevida.com.ar\/portalurbano\/?p=174176"},"modified":"2022-08-26T19:06:17","modified_gmt":"2022-08-26T22:06:17","slug":"con-gran-marco-de-publico-se-realizo-la-charla-por-infancias-libres-de-grooming-y-ciberbullying","status":"publish","type":"post","link":"https:\/\/experienciadevida.com.ar\/portalurbano\/con-gran-marco-de-publico-se-realizo-la-charla-por-infancias-libres-de-grooming-y-ciberbullying\/","title":{"rendered":"Con gran marco de p\u00fablico se realiz\u00f3 la charla &#8220;por infancias libres de grooming y ciberbullying&#8221;"},"content":{"rendered":"<p>Con gran marco de p\u00fablico se realiz\u00f3 la charla &#8220;por infancias libres de grooming y ciberbullying&#8221;, ante un un gran marco de p\u00fablico, el fiscal Lucas Moyano a cargo de la UFI 22 especializada en ciberdelitos, brind\u00f3 la charla \u201cPor infancias libres de grooming y ciberbullying\u201d. Fue en el \u201cCiclo de charlas y conferencias 2022\u201d organizado por Coopelectric con la finalidad de brindar a la comunidad un espacio de informaci\u00f3n, reflexi\u00f3n y enriquecimiento cultural.<\/p>\n<p>El grooming es la acci\u00f3n que ejerce un adulto al contactarse con un ni\u00f1o, ni\u00f1a o adolescente a trav\u00e9s de un medio digital (redes sociales, correo electr\u00f3nico, mensajer\u00eda instant\u00e1nea, sitios de chat, juegos online, etc.) con la intenci\u00f3n de acosarlo sexualmente.<\/p>\n<p>En Argentina el grooming es un delito penado por la ley, que puede ser la antesala a otros delitos, como por ejemplo obtener material de abuso o explotaci\u00f3n sexual contra las infancias; generar encuentros personales con las ni\u00f1as, ni\u00f1os o adolescentes con intenciones de cometer un abuso sexual f\u00edsico, comercializaci\u00f3n en redes de explotaci\u00f3n sexual contra las infancias y adolescencias.<\/p>\n<p>En tanto, el ciberbullying tiene lugar cuando un menor sufre amenazas, hostigamiento, humillaci\u00f3n u otro tipo de molestias realizadas por otro menor mediante la publicaci\u00f3n de textos, im\u00e1genes, videos y audios a trav\u00e9s de medios electr\u00f3nicos que en muchas ocasiones se viralizan.<\/p>\n<p>El fiscal Lucas Moyano abord\u00f3 detalladamente ambos conceptos, brind\u00f3 informaci\u00f3n respecto del modus operandi de los acosadores ejemplific\u00e1ndolo con casos reales, comparti\u00f3 datos estad\u00edsticos a nivel nacional y mundial,<br \/>\nalert\u00f3 sobre el impacto y las consecuencias psicol\u00f3gicas que pueden sufrir las v\u00edctimas, destac\u00f3 la importancia de que los adultos acompa\u00f1en a los ni\u00f1os, ni\u00f1as y adolescentes en el uso responsable de los dispositivos electr\u00f3nicos, explic\u00f3 c\u00f3mo se debe actuar ante la detecci\u00f3n de un caso haciendo hincapi\u00e9 en la preservaci\u00f3n de la evidencia digital, comparti\u00f3 las v\u00edas disponibles para efectuar denuncias, brind\u00f3 recomendaciones sobre las medidas de prevenci\u00f3n que se pueden implementar y finalmente respondi\u00f3 las inquietudes de los asistentes.<\/p>\n<p>Desde el Consejo de Administraci\u00f3n de Coopelectric subrayaron que \u201cse trat\u00f3 de una charla sumamente enriquecedora, que despert\u00f3 el inter\u00e9s de los participantes. A trav\u00e9s de este espacio no s\u00f3lo contribuimos a concientizar sobre estas tem\u00e1ticas, sino tambi\u00e9n a que los asistentes sean agentes multiplicadores en su entorno familiar, laboral y social\u201d.<\/p>\n","protected":false},"excerpt":{"rendered":"<p>Con gran marco de p\u00fablico se realiz\u00f3 la charla &#8220;por infancias libres de grooming y&#8230;<\/p>\n","protected":false},"author":1,"featured_media":174177,"comment_status":"closed","ping_status":"closed","sticky":false,"template":"","format":"standard","meta":{"content-type":""},"categories":[27],"tags":[],"nelio_content":{"isAutoShareEnabled":false,"autoShareEndMode":"default","automationSources":{"useContentSentences":true,"useSocialTemplates":true,"useCustomSentences":false,"customSentences":[]},"followers":[1],"suggestedReferences":[],"includedReferences":[],"efiUrl":"","efiAlt":"","highlights":[]},"yoast_head":"<!-- This site is optimized with the Yoast SEO plugin v20.7 - https:\/\/yoast.com\/wordpress\/plugins\/seo\/ -->\n<title>Con gran marco de p\u00fablico se realiz\u00f3 la charla de grooming<\/title>\n<meta name=\"description\" content=\"Con gran marco de p\u00fablico se realiz\u00f3 la charla &quot;por infancias libres de grooming y ciberbullying&quot;, ante un un gran marco de p\u00fablico\" \/>\n<meta name=\"robots\" content=\"index, follow, max-snippet:-1, max-image-preview:large, max-video-preview:-1\" \/>\n<link rel=\"canonical\" href=\"https:\/\/experienciadevida.com.ar\/portalurbano\/con-gran-marco-de-publico-se-realizo-la-charla-por-infancias-libres-de-grooming-y-ciberbullying\/\" \/>\n<meta property=\"og:locale\" content=\"es_ES\" \/>\n<meta property=\"og:type\" content=\"article\" \/>\n<meta property=\"og:title\" content=\"Con gran marco de p\u00fablico se realiz\u00f3 la charla de grooming\" \/>\n<meta property=\"og:description\" content=\"Con gran marco de p\u00fablico se realiz\u00f3 la charla &quot;por infancias libres de grooming y ciberbullying&quot;, ante un un gran marco de p\u00fablico\" \/>\n<meta property=\"og:url\" content=\"https:\/\/experienciadevida.com.ar\/portalurbano\/con-gran-marco-de-publico-se-realizo-la-charla-por-infancias-libres-de-grooming-y-ciberbullying\/\" \/>\n<meta property=\"article:publisher\" content=\"https:\/\/www.facebook.com\/Portal-Urbano-171542830093757\/\" \/>\n<meta property=\"article:published_time\" content=\"2022-08-26T22:05:43+00:00\" \/>\n<meta property=\"article:modified_time\" content=\"2022-08-26T22:06:17+00:00\" \/>\n<meta property=\"og:image\" content=\"https:\/\/experienciadevida.com.ar\/portalurbano\/wp-content\/uploads\/2022\/08\/Con-gran-marco-de.jpeg\" \/>\n\t<meta property=\"og:image:width\" content=\"1600\" \/>\n\t<meta property=\"og:image:height\" content=\"720\" \/>\n\t<meta property=\"og:image:type\" content=\"image\/jpeg\" \/>\n<meta name=\"author\" content=\"admpu17wp\" \/>\n<meta name=\"twitter:card\" content=\"summary_large_image\" \/>\n<meta name=\"twitter:creator\" content=\"@portalurbanook\" \/>\n<meta name=\"twitter:site\" content=\"@portalurbanook\" \/>\n<meta name=\"twitter:label1\" content=\"Escrito por\" \/>\n\t<meta name=\"twitter:data1\" content=\"admpu17wp\" \/>\n\t<meta name=\"twitter:label2\" content=\"Tiempo de lectura\" \/>\n\t<meta name=\"twitter:data2\" content=\"2 minutos\" \/>\n<script type=\"application\/ld+json\" class=\"yoast-schema-graph\">{\"@context\":\"https:\/\/schema.org\",\"@graph\":[{\"@type\":\"Article\",\"@id\":\"https:\/\/experienciadevida.com.ar\/portalurbano\/con-gran-marco-de-publico-se-realizo-la-charla-por-infancias-libres-de-grooming-y-ciberbullying\/#article\",\"isPartOf\":{\"@id\":\"https:\/\/experienciadevida.com.ar\/portalurbano\/con-gran-marco-de-publico-se-realizo-la-charla-por-infancias-libres-de-grooming-y-ciberbullying\/\"},\"author\":{\"name\":\"admpu17wp\",\"@id\":\"https:\/\/experienciadevida.com.ar\/portalurbano\/#\/schema\/person\/02dd326b1c4b056e9cc972486934a3a7\"},\"headline\":\"Con gran marco de p\u00fablico se realiz\u00f3 la charla &#8220;por infancias libres de grooming y ciberbullying&#8221;\",\"datePublished\":\"2022-08-26T22:05:43+00:00\",\"dateModified\":\"2022-08-26T22:06:17+00:00\",\"mainEntityOfPage\":{\"@id\":\"https:\/\/experienciadevida.com.ar\/portalurbano\/con-gran-marco-de-publico-se-realizo-la-charla-por-infancias-libres-de-grooming-y-ciberbullying\/\"},\"wordCount\":437,\"publisher\":{\"@id\":\"https:\/\/experienciadevida.com.ar\/portalurbano\/#organization\"},\"articleSection\":[\"Ciudad\"],\"inLanguage\":\"es\"},{\"@type\":\"WebPage\",\"@id\":\"https:\/\/experienciadevida.com.ar\/portalurbano\/con-gran-marco-de-publico-se-realizo-la-charla-por-infancias-libres-de-grooming-y-ciberbullying\/\",\"url\":\"https:\/\/experienciadevida.com.ar\/portalurbano\/con-gran-marco-de-publico-se-realizo-la-charla-por-infancias-libres-de-grooming-y-ciberbullying\/\",\"name\":\"Con gran marco de p\u00fablico se realiz\u00f3 la charla de grooming\",\"isPartOf\":{\"@id\":\"https:\/\/experienciadevida.com.ar\/portalurbano\/#website\"},\"datePublished\":\"2022-08-26T22:05:43+00:00\",\"dateModified\":\"2022-08-26T22:06:17+00:00\",\"description\":\"Con gran marco de p\u00fablico se realiz\u00f3 la charla \\\"por infancias libres de grooming y ciberbullying\\\", ante un un gran marco de p\u00fablico\",\"breadcrumb\":{\"@id\":\"https:\/\/experienciadevida.com.ar\/portalurbano\/con-gran-marco-de-publico-se-realizo-la-charla-por-infancias-libres-de-grooming-y-ciberbullying\/#breadcrumb\"},\"inLanguage\":\"es\",\"potentialAction\":[{\"@type\":\"ReadAction\",\"target\":[\"https:\/\/experienciadevida.com.ar\/portalurbano\/con-gran-marco-de-publico-se-realizo-la-charla-por-infancias-libres-de-grooming-y-ciberbullying\/\"]}]},{\"@type\":\"BreadcrumbList\",\"@id\":\"https:\/\/experienciadevida.com.ar\/portalurbano\/con-gran-marco-de-publico-se-realizo-la-charla-por-infancias-libres-de-grooming-y-ciberbullying\/#breadcrumb\",\"itemListElement\":[{\"@type\":\"ListItem\",\"position\":1,\"name\":\"Portada\",\"item\":\"https:\/\/experienciadevida.com.ar\/portalurbano\/\"},{\"@type\":\"ListItem\",\"position\":2,\"name\":\"Con gran marco de p\u00fablico se realiz\u00f3 la charla \u00abpor infancias libres de grooming y ciberbullying\u00bb\"}]},{\"@type\":\"WebSite\",\"@id\":\"https:\/\/experienciadevida.com.ar\/portalurbano\/#website\",\"url\":\"https:\/\/experienciadevida.com.ar\/portalurbano\/\",\"name\":\"\",\"description\":\"\",\"publisher\":{\"@id\":\"https:\/\/experienciadevida.com.ar\/portalurbano\/#organization\"},\"potentialAction\":[{\"@type\":\"SearchAction\",\"target\":{\"@type\":\"EntryPoint\",\"urlTemplate\":\"https:\/\/experienciadevida.com.ar\/portalurbano\/?s={search_term_string}\"},\"query-input\":\"required name=search_term_string\"}],\"inLanguage\":\"es\"},{\"@type\":\"Organization\",\"@id\":\"https:\/\/experienciadevida.com.ar\/portalurbano\/#organization\",\"name\":\"Portal Urbano\",\"url\":\"https:\/\/experienciadevida.com.ar\/portalurbano\/\",\"logo\":{\"@type\":\"ImageObject\",\"inLanguage\":\"es\",\"@id\":\"https:\/\/experienciadevida.com.ar\/portalurbano\/#\/schema\/logo\/image\/\",\"url\":\"https:\/\/experienciadevida.com.ar\/portalurbano\/wp-content\/uploads\/2019\/09\/Logo-Original.png\",\"contentUrl\":\"https:\/\/experienciadevida.com.ar\/portalurbano\/wp-content\/uploads\/2019\/09\/Logo-Original.png\",\"width\":2236,\"height\":1216,\"caption\":\"Portal Urbano\"},\"image\":{\"@id\":\"https:\/\/experienciadevida.com.ar\/portalurbano\/#\/schema\/logo\/image\/\"},\"sameAs\":[\"https:\/\/www.facebook.com\/Portal-Urbano-171542830093757\/\",\"https:\/\/twitter.com\/portalurbanook\",\"https:\/\/www.instagram.com\/_portalurbano\/\",\"https:\/\/www.youtube.com\/channel\/UCXhagIfszH8KxFiOok79zbA?view_as=subscriber\"]},{\"@type\":\"Person\",\"@id\":\"https:\/\/experienciadevida.com.ar\/portalurbano\/#\/schema\/person\/02dd326b1c4b056e9cc972486934a3a7\",\"name\":\"admpu17wp\",\"image\":{\"@type\":\"ImageObject\",\"inLanguage\":\"es\",\"@id\":\"https:\/\/experienciadevida.com.ar\/portalurbano\/#\/schema\/person\/image\/\",\"url\":\"https:\/\/secure.gravatar.com\/avatar\/830d4c57adaae6630765e449a6908047?s=96&d=mm&r=g\",\"contentUrl\":\"https:\/\/secure.gravatar.com\/avatar\/830d4c57adaae6630765e449a6908047?s=96&d=mm&r=g\",\"caption\":\"admpu17wp\"}}]}<\/script>\n<!-- \/ Yoast SEO plugin. -->","yoast_head_json":{"title":"Con gran marco de p\u00fablico se realiz\u00f3 la charla de grooming","description":"Con gran marco de p\u00fablico se realiz\u00f3 la charla \"por infancias libres de grooming y ciberbullying\", ante un un gran marco de p\u00fablico","robots":{"index":"index","follow":"follow","max-snippet":"max-snippet:-1","max-image-preview":"max-image-preview:large","max-video-preview":"max-video-preview:-1"},"canonical":"https:\/\/experienciadevida.com.ar\/portalurbano\/con-gran-marco-de-publico-se-realizo-la-charla-por-infancias-libres-de-grooming-y-ciberbullying\/","og_locale":"es_ES","og_type":"article","og_title":"Con gran marco de p\u00fablico se realiz\u00f3 la charla de grooming","og_description":"Con gran marco de p\u00fablico se realiz\u00f3 la charla \"por infancias libres de grooming y ciberbullying\", ante un un gran marco de p\u00fablico","og_url":"https:\/\/experienciadevida.com.ar\/portalurbano\/con-gran-marco-de-publico-se-realizo-la-charla-por-infancias-libres-de-grooming-y-ciberbullying\/","article_publisher":"https:\/\/www.facebook.com\/Portal-Urbano-171542830093757\/","article_published_time":"2022-08-26T22:05:43+00:00","article_modified_time":"2022-08-26T22:06:17+00:00","og_image":[{"width":1600,"height":720,"url":"https:\/\/experienciadevida.com.ar\/portalurbano\/wp-content\/uploads\/2022\/08\/Con-gran-marco-de.jpeg","type":"image\/jpeg"}],"author":"admpu17wp","twitter_card":"summary_large_image","twitter_creator":"@portalurbanook","twitter_site":"@portalurbanook","twitter_misc":{"Escrito por":"admpu17wp","Tiempo de lectura":"2 minutos"},"schema":{"@context":"https:\/\/schema.org","@graph":[{"@type":"Article","@id":"https:\/\/experienciadevida.com.ar\/portalurbano\/con-gran-marco-de-publico-se-realizo-la-charla-por-infancias-libres-de-grooming-y-ciberbullying\/#article","isPartOf":{"@id":"https:\/\/experienciadevida.com.ar\/portalurbano\/con-gran-marco-de-publico-se-realizo-la-charla-por-infancias-libres-de-grooming-y-ciberbullying\/"},"author":{"name":"admpu17wp","@id":"https:\/\/experienciadevida.com.ar\/portalurbano\/#\/schema\/person\/02dd326b1c4b056e9cc972486934a3a7"},"headline":"Con gran marco de p\u00fablico se realiz\u00f3 la charla &#8220;por infancias libres de grooming y ciberbullying&#8221;","datePublished":"2022-08-26T22:05:43+00:00","dateModified":"2022-08-26T22:06:17+00:00","mainEntityOfPage":{"@id":"https:\/\/experienciadevida.com.ar\/portalurbano\/con-gran-marco-de-publico-se-realizo-la-charla-por-infancias-libres-de-grooming-y-ciberbullying\/"},"wordCount":437,"publisher":{"@id":"https:\/\/experienciadevida.com.ar\/portalurbano\/#organization"},"articleSection":["Ciudad"],"inLanguage":"es"},{"@type":"WebPage","@id":"https:\/\/experienciadevida.com.ar\/portalurbano\/con-gran-marco-de-publico-se-realizo-la-charla-por-infancias-libres-de-grooming-y-ciberbullying\/","url":"https:\/\/experienciadevida.com.ar\/portalurbano\/con-gran-marco-de-publico-se-realizo-la-charla-por-infancias-libres-de-grooming-y-ciberbullying\/","name":"Con gran marco de p\u00fablico se realiz\u00f3 la charla de grooming","isPartOf":{"@id":"https:\/\/experienciadevida.com.ar\/portalurbano\/#website"},"datePublished":"2022-08-26T22:05:43+00:00","dateModified":"2022-08-26T22:06:17+00:00","description":"Con gran marco de p\u00fablico se realiz\u00f3 la charla \"por infancias libres de grooming y ciberbullying\", ante un un gran marco de p\u00fablico","breadcrumb":{"@id":"https:\/\/experienciadevida.com.ar\/portalurbano\/con-gran-marco-de-publico-se-realizo-la-charla-por-infancias-libres-de-grooming-y-ciberbullying\/#breadcrumb"},"inLanguage":"es","potentialAction":[{"@type":"ReadAction","target":["https:\/\/experienciadevida.com.ar\/portalurbano\/con-gran-marco-de-publico-se-realizo-la-charla-por-infancias-libres-de-grooming-y-ciberbullying\/"]}]},{"@type":"BreadcrumbList","@id":"https:\/\/experienciadevida.com.ar\/portalurbano\/con-gran-marco-de-publico-se-realizo-la-charla-por-infancias-libres-de-grooming-y-ciberbullying\/#breadcrumb","itemListElement":[{"@type":"ListItem","position":1,"name":"Portada","item":"https:\/\/experienciadevida.com.ar\/portalurbano\/"},{"@type":"ListItem","position":2,"name":"Con gran marco de p\u00fablico se realiz\u00f3 la charla \u00abpor infancias libres de grooming y ciberbullying\u00bb"}]},{"@type":"WebSite","@id":"https:\/\/experienciadevida.com.ar\/portalurbano\/#website","url":"https:\/\/experienciadevida.com.ar\/portalurbano\/","name":"","description":"","publisher":{"@id":"https:\/\/experienciadevida.com.ar\/portalurbano\/#organization"},"potentialAction":[{"@type":"SearchAction","target":{"@type":"EntryPoint","urlTemplate":"https:\/\/experienciadevida.com.ar\/portalurbano\/?s={search_term_string}"},"query-input":"required name=search_term_string"}],"inLanguage":"es"},{"@type":"Organization","@id":"https:\/\/experienciadevida.com.ar\/portalurbano\/#organization","name":"Portal Urbano","url":"https:\/\/experienciadevida.com.ar\/portalurbano\/","logo":{"@type":"ImageObject","inLanguage":"es","@id":"https:\/\/experienciadevida.com.ar\/portalurbano\/#\/schema\/logo\/image\/","url":"https:\/\/experienciadevida.com.ar\/portalurbano\/wp-content\/uploads\/2019\/09\/Logo-Original.png","contentUrl":"https:\/\/experienciadevida.com.ar\/portalurbano\/wp-content\/uploads\/2019\/09\/Logo-Original.png","width":2236,"height":1216,"caption":"Portal Urbano"},"image":{"@id":"https:\/\/experienciadevida.com.ar\/portalurbano\/#\/schema\/logo\/image\/"},"sameAs":["https:\/\/www.facebook.com\/Portal-Urbano-171542830093757\/","https:\/\/twitter.com\/portalurbanook","https:\/\/www.instagram.com\/_portalurbano\/","https:\/\/www.youtube.com\/channel\/UCXhagIfszH8KxFiOok79zbA?view_as=subscriber"]},{"@type":"Person","@id":"https:\/\/experienciadevida.com.ar\/portalurbano\/#\/schema\/person\/02dd326b1c4b056e9cc972486934a3a7","name":"admpu17wp","image":{"@type":"ImageObject","inLanguage":"es","@id":"https:\/\/experienciadevida.com.ar\/portalurbano\/#\/schema\/person\/image\/","url":"https:\/\/secure.gravatar.com\/avatar\/830d4c57adaae6630765e449a6908047?s=96&d=mm&r=g","contentUrl":"https:\/\/secure.gravatar.com\/avatar\/830d4c57adaae6630765e449a6908047?s=96&d=mm&r=g","caption":"admpu17wp"}}]}},"featured_image_urls":{"full":["https:\/\/experienciadevida.com.ar\/portalurbano\/wp-content\/uploads\/2022\/08\/Con-gran-marco-de.jpeg",1600,720,false],"thumbnail":["https:\/\/experienciadevida.com.ar\/portalurbano\/wp-content\/uploads\/2022\/08\/Con-gran-marco-de-150x150.jpeg",150,150,true],"medium":["https:\/\/experienciadevida.com.ar\/portalurbano\/wp-content\/uploads\/2022\/08\/Con-gran-marco-de-300x135.jpeg",300,135,true],"medium_large":["https:\/\/experienciadevida.com.ar\/portalurbano\/wp-content\/uploads\/2022\/08\/Con-gran-marco-de-768x346.jpeg",640,288,true],"large":["https:\/\/experienciadevida.com.ar\/portalurbano\/wp-content\/uploads\/2022\/08\/Con-gran-marco-de-1024x461.jpeg",640,288,true],"ug_big":["https:\/\/experienciadevida.com.ar\/portalurbano\/wp-content\/uploads\/2022\/08\/Con-gran-marco-de-768x346.jpeg",768,346,true],"1536x1536":["https:\/\/experienciadevida.com.ar\/portalurbano\/wp-content\/uploads\/2022\/08\/Con-gran-marco-de-1536x691.jpeg",1536,691,true],"2048x2048":["https:\/\/experienciadevida.com.ar\/portalurbano\/wp-content\/uploads\/2022\/08\/Con-gran-marco-de.jpeg",1600,720,false],"newsever-slider-full":["https:\/\/experienciadevida.com.ar\/portalurbano\/wp-content\/uploads\/2022\/08\/Con-gran-marco-de.jpeg",1280,576,false],"newsever-featured":["https:\/\/experienciadevida.com.ar\/portalurbano\/wp-content\/uploads\/2022\/08\/Con-gran-marco-de.jpeg",1024,461,false],"newsever-medium":["https:\/\/experienciadevida.com.ar\/portalurbano\/wp-content\/uploads\/2022\/08\/Con-gran-marco-de.jpeg",720,324,false],"web-stories-poster-portrait":["https:\/\/experienciadevida.com.ar\/portalurbano\/wp-content\/uploads\/2022\/08\/Con-gran-marco-de-640x720.jpeg",640,720,true],"web-stories-publisher-logo":["https:\/\/experienciadevida.com.ar\/portalurbano\/wp-content\/uploads\/2022\/08\/Con-gran-marco-de-96x96.jpeg",96,96,true],"web-stories-thumbnail":["https:\/\/experienciadevida.com.ar\/portalurbano\/wp-content\/uploads\/2022\/08\/Con-gran-marco-de-150x68.jpeg",150,68,true]},"author_info":{"display_name":"admpu17wp","author_link":"https:\/\/experienciadevida.com.ar\/portalurbano\/author\/admpu17wp\/"},"category_info":"<a href=\"https:\/\/experienciadevida.com.ar\/portalurbano\/category\/ciudad\/\" rel=\"category tag\">Ciudad<\/a>","tag_info":"Ciudad","comment_count":"0","amp_enabled":true,"_links":{"self":[{"href":"https:\/\/experienciadevida.com.ar\/portalurbano\/wp-json\/wp\/v2\/posts\/174176"}],"collection":[{"href":"https:\/\/experienciadevida.com.ar\/portalurbano\/wp-json\/wp\/v2\/posts"}],"about":[{"href":"https:\/\/experienciadevida.com.ar\/portalurbano\/wp-json\/wp\/v2\/types\/post"}],"author":[{"embeddable":true,"href":"https:\/\/experienciadevida.com.ar\/portalurbano\/wp-json\/wp\/v2\/users\/1"}],"replies":[{"embeddable":true,"href":"https:\/\/experienciadevida.com.ar\/portalurbano\/wp-json\/wp\/v2\/comments?post=174176"}],"version-history":[{"count":1,"href":"https:\/\/experienciadevida.com.ar\/portalurbano\/wp-json\/wp\/v2\/posts\/174176\/revisions"}],"predecessor-version":[{"id":174178,"href":"https:\/\/experienciadevida.com.ar\/portalurbano\/wp-json\/wp\/v2\/posts\/174176\/revisions\/174178"}],"wp:featuredmedia":[{"embeddable":true,"href":"https:\/\/experienciadevida.com.ar\/portalurbano\/wp-json\/wp\/v2\/media\/174177"}],"wp:attachment":[{"href":"https:\/\/experienciadevida.com.ar\/portalurbano\/wp-json\/wp\/v2\/media?parent=174176"}],"wp:term":[{"taxonomy":"category","embeddable":true,"href":"https:\/\/experienciadevida.com.ar\/portalurbano\/wp-json\/wp\/v2\/categories?post=174176"},{"taxonomy":"post_tag","embeddable":true,"href":"https:\/\/experienciadevida.com.ar\/portalurbano\/wp-json\/wp\/v2\/tags?post=174176"}],"curies":[{"name":"wp","href":"https:\/\/api.w.org\/{rel}","templated":true}]}}