{"id":174157,"date":"2022-08-26T17:12:55","date_gmt":"2022-08-26T20:12:55","guid":{"rendered":"https:\/\/experienciadevida.com.ar\/portalurbano\/?p=174157"},"modified":"2022-08-26T17:15:32","modified_gmt":"2022-08-26T20:15:32","slug":"sociales-organiza-actividades-en-conmemoracion-de-los-40-anos-de-malvinas","status":"publish","type":"post","link":"https:\/\/experienciadevida.com.ar\/portalurbano\/sociales-organiza-actividades-en-conmemoracion-de-los-40-anos-de-malvinas\/","title":{"rendered":"Sociales organiza actividades en conmemoraci\u00f3n de los 40 a\u00f1os de Malvinas"},"content":{"rendered":"<p>Sociales organiza actividades en conmemoraci\u00f3n de los 40 a\u00f1os de Malvinas, este a\u00f1o se cumplen 40 a\u00f1os de la Guerra de Malvinas, y en este marco la Facultad de Ciencias Sociales ofrece distintas propuestas orientadas a visibilizar los derechos soberanos argentinos sobre este territorio y en homenaje a Veteranos, Veteranas, Ex combatientes y Ca\u00eddos de las Islas Malvinas (conmemorado el 2 de abril).<\/p>\n<p>La <a href=\"https:\/\/www.facebook.com\/facultadcienciassociales.unicen\">FACSO<\/a> ser\u00e1 sede de una jornada con distintas actividades.<\/p>\n<p>-Entrevistas a Veteranos y Ex Combatientes de Malvinas: en el marco del proyecto documental \u201cMalvinas, objetos portadores de memoria\u201d, desarrollado por el Equipo Arqueolog\u00eda Memoria Malvinas (EAMM), a partir de las cuales se ponen en valor diversos objetos personales: un casco, una granada, una zapatilla o una carta, por ejemplo. Se trata de un proyecto acad\u00e9mico, audiovisual con un costado patrimonial, sobre el registro y la conservaci\u00f3n de estos testimonios que expone el patrimonio material (objetos) e inmaterial (memoria) que poseen los Veteranos y Ex Combatientes.<\/p>\n<p>Las entrevistas ser\u00e1n realizadas por el historiador Sebasti\u00e1n \u00c1vila y el arque\u00f3logo Carlos Landa, integrantes del EAMM. Mientras el registro audiovisual estar\u00e1 a cargo de la Productora Audiovisual FACSO Producciones.<\/p>\n<p>-Lunes 29 de agosto a las 14 horas<\/p>\n<p>Charla abierta \u201cHacia una arqueolog\u00eda de la Guerra de Malvinas\u201d. El Lic. Sebasti\u00e1n \u00c1vila y el Dr. Carlos Landa, mantendr\u00e1n un encuentro con arque\u00f3logos\/as e investigadores\/as de la FACSO, que ser\u00e1 abierta a la comunidad, en el que compartir\u00e1n experiencias sobre el proyecto de investigaci\u00f3n \u201cMalvinas, objetos portadores de memoria\u201d del EAMM, un equipo interdisciplinar conformado por arque\u00f3logos, historiadores y documentalistas, que pone \u00e9nfasis en la interacci\u00f3n entre los sujetos -con sus gestos y sus testimonios- y los objetos, observando la capacidad de esa relaci\u00f3n para recuperar memorias sobre la guerra. Es un trabajo antropol\u00f3gico, con un marco y enfoque te\u00f3rico desarrollados por la arqueolog\u00eda, que asume a los objetos como portadores de memoria e indaga en la interacci\u00f3n entre los Veteranos y la cultura material.<\/p>\n<p>Organiza: Departamento de Arqueolog\u00eda de FACSO.<\/p>\n<p>Lugar: Aula 4 de la Facultad de Ciencias Sociales, Complejo Universitario Olavarr\u00eda (Avenida Del Valle 5737).<\/p>\n<p>-29 de agosto a las 18 horas<\/p>\n<p>Sebasti\u00e1n \u00c1vila presenta su libro \u201cOvejas\u201d, obra ganadora del Premio Futurock Novela 2021.<\/p>\n<p>Lugar: Biblioteca Popular \u201cCrucero General Belgrano\u201d (Avenida Pellegrini 2350 Casa 3)<\/p>\n<p>Organiza: Facultad de Ciencias Sociales y la Biblioteca Popular \u201cCrucero General Belgrano\u201d. Auspician Coopelectric y Centro Empleados de Comercio de Olavarr\u00eda (CECO).<\/p>\n<p>Todas las actividades fueron organizadas por la FACSO, a trav\u00e9s de la Secretar\u00eda de Extensi\u00f3n de Extensi\u00f3n, Bienestar y Transferencia.<\/p>\n<p>Sobre los investigadores invitados:<\/p>\n<p>Carlos Landa<\/p>\n<p>Doctor en Arqueolog\u00eda (FyLL-UBA). Investigador Adjunto del Consejo Nacional de Investigaciones Cient\u00edficas y T\u00e9cnica (CONICET). Miembro de Arqueo-Lab (FyLL-UBA). Miembro fundador de la Revista de Arqueolog\u00eda Hist\u00f3rica Argentina y Latinoamericana (2007). Sus \u00e1reas de especializaci\u00f3n son: arqueolog\u00eda hist\u00f3rica, arqueolog\u00eda del conflicto y guerra, arqueolog\u00eda de asentamientos militares de frontera, an\u00e1lisis de artefactos met\u00e1licos, entre otros temas. Ejerci\u00f3 funciones docentes en distintos seminarios de grado y posgrado en universidades nacionales y extranjeras.<\/p>\n<p>Sebasti\u00e1n \u00c1vila<\/p>\n<p>Licenciado en Historia (FFyL-UBA). Docente de la materia Problemas de Historia Argentina en la Universidad Nacional Arturo Jauretche (UNAJ). Forma parte del equipo de investigaci\u00f3n Malvinizar-UNAJ. Desde el a\u00f1o 2020 integra el proyecto \u201cMalvinas, objetos portadores de memoria\u201d junto a un grupo de arque\u00f3logos. En el a\u00f1o 2021 su novela OVEJAS, fue ganadora del concurso de novela Futurock.<\/p>\n","protected":false},"excerpt":{"rendered":"<p>Sociales organiza actividades en conmemoraci\u00f3n de los 40 a\u00f1os de Malvinas, este a\u00f1o se cumplen&#8230;<\/p>\n","protected":false},"author":1,"featured_media":174159,"comment_status":"closed","ping_status":"closed","sticky":false,"template":"","format":"standard","meta":{"content-type":""},"categories":[31],"tags":[],"nelio_content":{"isAutoShareEnabled":false,"autoShareEndMode":"default","automationSources":{"useContentSentences":true,"useSocialTemplates":true,"useCustomSentences":false,"customSentences":[]},"followers":[1],"suggestedReferences":[],"includedReferences":[],"efiUrl":"","efiAlt":"","highlights":[]},"yoast_head":"<!-- This site is optimized with the Yoast SEO plugin v20.7 - https:\/\/yoast.com\/wordpress\/plugins\/seo\/ -->\n<title>Sociales organiza actividades en conmemoraci\u00f3n de Malvinas<\/title>\n<meta name=\"description\" content=\"Sociales organiza actividades en conmemoraci\u00f3n de los 40 a\u00f1os de Malvinas, este a\u00f1o se cumplen 40 a\u00f1os de la Guerra de Malvinas,\" \/>\n<meta name=\"robots\" content=\"index, follow, max-snippet:-1, max-image-preview:large, max-video-preview:-1\" \/>\n<link rel=\"canonical\" href=\"https:\/\/experienciadevida.com.ar\/portalurbano\/sociales-organiza-actividades-en-conmemoracion-de-los-40-anos-de-malvinas\/\" \/>\n<meta property=\"og:locale\" content=\"es_ES\" \/>\n<meta property=\"og:type\" content=\"article\" \/>\n<meta property=\"og:title\" content=\"Sociales organiza actividades en conmemoraci\u00f3n de Malvinas\" \/>\n<meta property=\"og:description\" content=\"Sociales organiza actividades en conmemoraci\u00f3n de los 40 a\u00f1os de Malvinas, este a\u00f1o se cumplen 40 a\u00f1os de la Guerra de Malvinas,\" \/>\n<meta property=\"og:url\" content=\"https:\/\/experienciadevida.com.ar\/portalurbano\/sociales-organiza-actividades-en-conmemoracion-de-los-40-anos-de-malvinas\/\" \/>\n<meta property=\"article:publisher\" content=\"https:\/\/www.facebook.com\/Portal-Urbano-171542830093757\/\" \/>\n<meta property=\"article:published_time\" content=\"2022-08-26T20:12:55+00:00\" \/>\n<meta property=\"article:modified_time\" content=\"2022-08-26T20:15:32+00:00\" \/>\n<meta property=\"og:image\" content=\"https:\/\/experienciadevida.com.ar\/portalurbano\/wp-content\/uploads\/2022\/08\/Sociales-organiza-actividades-en.jpg\" \/>\n\t<meta property=\"og:image:width\" content=\"999\" \/>\n\t<meta property=\"og:image:height\" content=\"1000\" \/>\n\t<meta property=\"og:image:type\" content=\"image\/jpeg\" \/>\n<meta name=\"author\" content=\"admpu17wp\" \/>\n<meta name=\"twitter:card\" content=\"summary_large_image\" \/>\n<meta name=\"twitter:creator\" content=\"@portalurbanook\" \/>\n<meta name=\"twitter:site\" content=\"@portalurbanook\" \/>\n<meta name=\"twitter:label1\" content=\"Escrito por\" \/>\n\t<meta name=\"twitter:data1\" content=\"admpu17wp\" \/>\n\t<meta name=\"twitter:label2\" content=\"Tiempo de lectura\" \/>\n\t<meta name=\"twitter:data2\" content=\"3 minutos\" \/>\n<script type=\"application\/ld+json\" class=\"yoast-schema-graph\">{\"@context\":\"https:\/\/schema.org\",\"@graph\":[{\"@type\":\"Article\",\"@id\":\"https:\/\/experienciadevida.com.ar\/portalurbano\/sociales-organiza-actividades-en-conmemoracion-de-los-40-anos-de-malvinas\/#article\",\"isPartOf\":{\"@id\":\"https:\/\/experienciadevida.com.ar\/portalurbano\/sociales-organiza-actividades-en-conmemoracion-de-los-40-anos-de-malvinas\/\"},\"author\":{\"name\":\"admpu17wp\",\"@id\":\"https:\/\/experienciadevida.com.ar\/portalurbano\/#\/schema\/person\/02dd326b1c4b056e9cc972486934a3a7\"},\"headline\":\"Sociales organiza actividades en conmemoraci\u00f3n de los 40 a\u00f1os de Malvinas\",\"datePublished\":\"2022-08-26T20:12:55+00:00\",\"dateModified\":\"2022-08-26T20:15:32+00:00\",\"mainEntityOfPage\":{\"@id\":\"https:\/\/experienciadevida.com.ar\/portalurbano\/sociales-organiza-actividades-en-conmemoracion-de-los-40-anos-de-malvinas\/\"},\"wordCount\":604,\"publisher\":{\"@id\":\"https:\/\/experienciadevida.com.ar\/portalurbano\/#organization\"},\"articleSection\":[\"Educaci\u00f3n\"],\"inLanguage\":\"es\"},{\"@type\":\"WebPage\",\"@id\":\"https:\/\/experienciadevida.com.ar\/portalurbano\/sociales-organiza-actividades-en-conmemoracion-de-los-40-anos-de-malvinas\/\",\"url\":\"https:\/\/experienciadevida.com.ar\/portalurbano\/sociales-organiza-actividades-en-conmemoracion-de-los-40-anos-de-malvinas\/\",\"name\":\"Sociales organiza actividades en conmemoraci\u00f3n de Malvinas\",\"isPartOf\":{\"@id\":\"https:\/\/experienciadevida.com.ar\/portalurbano\/#website\"},\"datePublished\":\"2022-08-26T20:12:55+00:00\",\"dateModified\":\"2022-08-26T20:15:32+00:00\",\"description\":\"Sociales organiza actividades en conmemoraci\u00f3n de los 40 a\u00f1os de Malvinas, este a\u00f1o se cumplen 40 a\u00f1os de la Guerra de Malvinas,\",\"breadcrumb\":{\"@id\":\"https:\/\/experienciadevida.com.ar\/portalurbano\/sociales-organiza-actividades-en-conmemoracion-de-los-40-anos-de-malvinas\/#breadcrumb\"},\"inLanguage\":\"es\",\"potentialAction\":[{\"@type\":\"ReadAction\",\"target\":[\"https:\/\/experienciadevida.com.ar\/portalurbano\/sociales-organiza-actividades-en-conmemoracion-de-los-40-anos-de-malvinas\/\"]}]},{\"@type\":\"BreadcrumbList\",\"@id\":\"https:\/\/experienciadevida.com.ar\/portalurbano\/sociales-organiza-actividades-en-conmemoracion-de-los-40-anos-de-malvinas\/#breadcrumb\",\"itemListElement\":[{\"@type\":\"ListItem\",\"position\":1,\"name\":\"Portada\",\"item\":\"https:\/\/experienciadevida.com.ar\/portalurbano\/\"},{\"@type\":\"ListItem\",\"position\":2,\"name\":\"Sociales organiza actividades en conmemoraci\u00f3n de los 40 a\u00f1os de Malvinas\"}]},{\"@type\":\"WebSite\",\"@id\":\"https:\/\/experienciadevida.com.ar\/portalurbano\/#website\",\"url\":\"https:\/\/experienciadevida.com.ar\/portalurbano\/\",\"name\":\"\",\"description\":\"\",\"publisher\":{\"@id\":\"https:\/\/experienciadevida.com.ar\/portalurbano\/#organization\"},\"potentialAction\":[{\"@type\":\"SearchAction\",\"target\":{\"@type\":\"EntryPoint\",\"urlTemplate\":\"https:\/\/experienciadevida.com.ar\/portalurbano\/?s={search_term_string}\"},\"query-input\":\"required name=search_term_string\"}],\"inLanguage\":\"es\"},{\"@type\":\"Organization\",\"@id\":\"https:\/\/experienciadevida.com.ar\/portalurbano\/#organization\",\"name\":\"Portal Urbano\",\"url\":\"https:\/\/experienciadevida.com.ar\/portalurbano\/\",\"logo\":{\"@type\":\"ImageObject\",\"inLanguage\":\"es\",\"@id\":\"https:\/\/experienciadevida.com.ar\/portalurbano\/#\/schema\/logo\/image\/\",\"url\":\"https:\/\/experienciadevida.com.ar\/portalurbano\/wp-content\/uploads\/2019\/09\/Logo-Original.png\",\"contentUrl\":\"https:\/\/experienciadevida.com.ar\/portalurbano\/wp-content\/uploads\/2019\/09\/Logo-Original.png\",\"width\":2236,\"height\":1216,\"caption\":\"Portal Urbano\"},\"image\":{\"@id\":\"https:\/\/experienciadevida.com.ar\/portalurbano\/#\/schema\/logo\/image\/\"},\"sameAs\":[\"https:\/\/www.facebook.com\/Portal-Urbano-171542830093757\/\",\"https:\/\/twitter.com\/portalurbanook\",\"https:\/\/www.instagram.com\/_portalurbano\/\",\"https:\/\/www.youtube.com\/channel\/UCXhagIfszH8KxFiOok79zbA?view_as=subscriber\"]},{\"@type\":\"Person\",\"@id\":\"https:\/\/experienciadevida.com.ar\/portalurbano\/#\/schema\/person\/02dd326b1c4b056e9cc972486934a3a7\",\"name\":\"admpu17wp\",\"image\":{\"@type\":\"ImageObject\",\"inLanguage\":\"es\",\"@id\":\"https:\/\/experienciadevida.com.ar\/portalurbano\/#\/schema\/person\/image\/\",\"url\":\"https:\/\/secure.gravatar.com\/avatar\/830d4c57adaae6630765e449a6908047?s=96&d=mm&r=g\",\"contentUrl\":\"https:\/\/secure.gravatar.com\/avatar\/830d4c57adaae6630765e449a6908047?s=96&d=mm&r=g\",\"caption\":\"admpu17wp\"}}]}<\/script>\n<!-- \/ Yoast SEO plugin. -->","yoast_head_json":{"title":"Sociales organiza actividades en conmemoraci\u00f3n de Malvinas","description":"Sociales organiza actividades en conmemoraci\u00f3n de los 40 a\u00f1os de Malvinas, este a\u00f1o se cumplen 40 a\u00f1os de la Guerra de Malvinas,","robots":{"index":"index","follow":"follow","max-snippet":"max-snippet:-1","max-image-preview":"max-image-preview:large","max-video-preview":"max-video-preview:-1"},"canonical":"https:\/\/experienciadevida.com.ar\/portalurbano\/sociales-organiza-actividades-en-conmemoracion-de-los-40-anos-de-malvinas\/","og_locale":"es_ES","og_type":"article","og_title":"Sociales organiza actividades en conmemoraci\u00f3n de Malvinas","og_description":"Sociales organiza actividades en conmemoraci\u00f3n de los 40 a\u00f1os de Malvinas, este a\u00f1o se cumplen 40 a\u00f1os de la Guerra de Malvinas,","og_url":"https:\/\/experienciadevida.com.ar\/portalurbano\/sociales-organiza-actividades-en-conmemoracion-de-los-40-anos-de-malvinas\/","article_publisher":"https:\/\/www.facebook.com\/Portal-Urbano-171542830093757\/","article_published_time":"2022-08-26T20:12:55+00:00","article_modified_time":"2022-08-26T20:15:32+00:00","og_image":[{"width":999,"height":1000,"url":"https:\/\/experienciadevida.com.ar\/portalurbano\/wp-content\/uploads\/2022\/08\/Sociales-organiza-actividades-en.jpg","type":"image\/jpeg"}],"author":"admpu17wp","twitter_card":"summary_large_image","twitter_creator":"@portalurbanook","twitter_site":"@portalurbanook","twitter_misc":{"Escrito por":"admpu17wp","Tiempo de lectura":"3 minutos"},"schema":{"@context":"https:\/\/schema.org","@graph":[{"@type":"Article","@id":"https:\/\/experienciadevida.com.ar\/portalurbano\/sociales-organiza-actividades-en-conmemoracion-de-los-40-anos-de-malvinas\/#article","isPartOf":{"@id":"https:\/\/experienciadevida.com.ar\/portalurbano\/sociales-organiza-actividades-en-conmemoracion-de-los-40-anos-de-malvinas\/"},"author":{"name":"admpu17wp","@id":"https:\/\/experienciadevida.com.ar\/portalurbano\/#\/schema\/person\/02dd326b1c4b056e9cc972486934a3a7"},"headline":"Sociales organiza actividades en conmemoraci\u00f3n de los 40 a\u00f1os de Malvinas","datePublished":"2022-08-26T20:12:55+00:00","dateModified":"2022-08-26T20:15:32+00:00","mainEntityOfPage":{"@id":"https:\/\/experienciadevida.com.ar\/portalurbano\/sociales-organiza-actividades-en-conmemoracion-de-los-40-anos-de-malvinas\/"},"wordCount":604,"publisher":{"@id":"https:\/\/experienciadevida.com.ar\/portalurbano\/#organization"},"articleSection":["Educaci\u00f3n"],"inLanguage":"es"},{"@type":"WebPage","@id":"https:\/\/experienciadevida.com.ar\/portalurbano\/sociales-organiza-actividades-en-conmemoracion-de-los-40-anos-de-malvinas\/","url":"https:\/\/experienciadevida.com.ar\/portalurbano\/sociales-organiza-actividades-en-conmemoracion-de-los-40-anos-de-malvinas\/","name":"Sociales organiza actividades en conmemoraci\u00f3n de Malvinas","isPartOf":{"@id":"https:\/\/experienciadevida.com.ar\/portalurbano\/#website"},"datePublished":"2022-08-26T20:12:55+00:00","dateModified":"2022-08-26T20:15:32+00:00","description":"Sociales organiza actividades en conmemoraci\u00f3n de los 40 a\u00f1os de Malvinas, este a\u00f1o se cumplen 40 a\u00f1os de la Guerra de Malvinas,","breadcrumb":{"@id":"https:\/\/experienciadevida.com.ar\/portalurbano\/sociales-organiza-actividades-en-conmemoracion-de-los-40-anos-de-malvinas\/#breadcrumb"},"inLanguage":"es","potentialAction":[{"@type":"ReadAction","target":["https:\/\/experienciadevida.com.ar\/portalurbano\/sociales-organiza-actividades-en-conmemoracion-de-los-40-anos-de-malvinas\/"]}]},{"@type":"BreadcrumbList","@id":"https:\/\/experienciadevida.com.ar\/portalurbano\/sociales-organiza-actividades-en-conmemoracion-de-los-40-anos-de-malvinas\/#breadcrumb","itemListElement":[{"@type":"ListItem","position":1,"name":"Portada","item":"https:\/\/experienciadevida.com.ar\/portalurbano\/"},{"@type":"ListItem","position":2,"name":"Sociales organiza actividades en conmemoraci\u00f3n de los 40 a\u00f1os de Malvinas"}]},{"@type":"WebSite","@id":"https:\/\/experienciadevida.com.ar\/portalurbano\/#website","url":"https:\/\/experienciadevida.com.ar\/portalurbano\/","name":"","description":"","publisher":{"@id":"https:\/\/experienciadevida.com.ar\/portalurbano\/#organization"},"potentialAction":[{"@type":"SearchAction","target":{"@type":"EntryPoint","urlTemplate":"https:\/\/experienciadevida.com.ar\/portalurbano\/?s={search_term_string}"},"query-input":"required name=search_term_string"}],"inLanguage":"es"},{"@type":"Organization","@id":"https:\/\/experienciadevida.com.ar\/portalurbano\/#organization","name":"Portal Urbano","url":"https:\/\/experienciadevida.com.ar\/portalurbano\/","logo":{"@type":"ImageObject","inLanguage":"es","@id":"https:\/\/experienciadevida.com.ar\/portalurbano\/#\/schema\/logo\/image\/","url":"https:\/\/experienciadevida.com.ar\/portalurbano\/wp-content\/uploads\/2019\/09\/Logo-Original.png","contentUrl":"https:\/\/experienciadevida.com.ar\/portalurbano\/wp-content\/uploads\/2019\/09\/Logo-Original.png","width":2236,"height":1216,"caption":"Portal Urbano"},"image":{"@id":"https:\/\/experienciadevida.com.ar\/portalurbano\/#\/schema\/logo\/image\/"},"sameAs":["https:\/\/www.facebook.com\/Portal-Urbano-171542830093757\/","https:\/\/twitter.com\/portalurbanook","https:\/\/www.instagram.com\/_portalurbano\/","https:\/\/www.youtube.com\/channel\/UCXhagIfszH8KxFiOok79zbA?view_as=subscriber"]},{"@type":"Person","@id":"https:\/\/experienciadevida.com.ar\/portalurbano\/#\/schema\/person\/02dd326b1c4b056e9cc972486934a3a7","name":"admpu17wp","image":{"@type":"ImageObject","inLanguage":"es","@id":"https:\/\/experienciadevida.com.ar\/portalurbano\/#\/schema\/person\/image\/","url":"https:\/\/secure.gravatar.com\/avatar\/830d4c57adaae6630765e449a6908047?s=96&d=mm&r=g","contentUrl":"https:\/\/secure.gravatar.com\/avatar\/830d4c57adaae6630765e449a6908047?s=96&d=mm&r=g","caption":"admpu17wp"}}]}},"featured_image_urls":{"full":["https:\/\/experienciadevida.com.ar\/portalurbano\/wp-content\/uploads\/2022\/08\/Sociales-organiza-actividades-en.jpg",999,1000,false],"thumbnail":["https:\/\/experienciadevida.com.ar\/portalurbano\/wp-content\/uploads\/2022\/08\/Sociales-organiza-actividades-en-150x150.jpg",150,150,true],"medium":["https:\/\/experienciadevida.com.ar\/portalurbano\/wp-content\/uploads\/2022\/08\/Sociales-organiza-actividades-en-300x300.jpg",300,300,true],"medium_large":["https:\/\/experienciadevida.com.ar\/portalurbano\/wp-content\/uploads\/2022\/08\/Sociales-organiza-actividades-en-768x769.jpg",640,641,true],"large":["https:\/\/experienciadevida.com.ar\/portalurbano\/wp-content\/uploads\/2022\/08\/Sociales-organiza-actividades-en.jpg",640,641,false],"ug_big":["https:\/\/experienciadevida.com.ar\/portalurbano\/wp-content\/uploads\/2022\/08\/Sociales-organiza-actividades-en-768x768.jpg",768,768,true],"1536x1536":["https:\/\/experienciadevida.com.ar\/portalurbano\/wp-content\/uploads\/2022\/08\/Sociales-organiza-actividades-en.jpg",999,1000,false],"2048x2048":["https:\/\/experienciadevida.com.ar\/portalurbano\/wp-content\/uploads\/2022\/08\/Sociales-organiza-actividades-en.jpg",999,1000,false],"newsever-slider-full":["https:\/\/experienciadevida.com.ar\/portalurbano\/wp-content\/uploads\/2022\/08\/Sociales-organiza-actividades-en.jpg",844,845,false],"newsever-featured":["https:\/\/experienciadevida.com.ar\/portalurbano\/wp-content\/uploads\/2022\/08\/Sociales-organiza-actividades-en.jpg",999,1000,false],"newsever-medium":["https:\/\/experienciadevida.com.ar\/portalurbano\/wp-content\/uploads\/2022\/08\/Sociales-organiza-actividades-en.jpg",475,475,false],"web-stories-poster-portrait":["https:\/\/experienciadevida.com.ar\/portalurbano\/wp-content\/uploads\/2022\/08\/Sociales-organiza-actividades-en-640x853.jpg",640,853,true],"web-stories-publisher-logo":["https:\/\/experienciadevida.com.ar\/portalurbano\/wp-content\/uploads\/2022\/08\/Sociales-organiza-actividades-en-96x96.jpg",96,96,true],"web-stories-thumbnail":["https:\/\/experienciadevida.com.ar\/portalurbano\/wp-content\/uploads\/2022\/08\/Sociales-organiza-actividades-en-150x150.jpg",150,150,true]},"author_info":{"display_name":"admpu17wp","author_link":"https:\/\/experienciadevida.com.ar\/portalurbano\/author\/admpu17wp\/"},"category_info":"<a href=\"https:\/\/experienciadevida.com.ar\/portalurbano\/category\/ciudad\/educacion\/\" rel=\"category tag\">Educaci\u00f3n<\/a>","tag_info":"Educaci\u00f3n","comment_count":"0","amp_enabled":true,"_links":{"self":[{"href":"https:\/\/experienciadevida.com.ar\/portalurbano\/wp-json\/wp\/v2\/posts\/174157"}],"collection":[{"href":"https:\/\/experienciadevida.com.ar\/portalurbano\/wp-json\/wp\/v2\/posts"}],"about":[{"href":"https:\/\/experienciadevida.com.ar\/portalurbano\/wp-json\/wp\/v2\/types\/post"}],"author":[{"embeddable":true,"href":"https:\/\/experienciadevida.com.ar\/portalurbano\/wp-json\/wp\/v2\/users\/1"}],"replies":[{"embeddable":true,"href":"https:\/\/experienciadevida.com.ar\/portalurbano\/wp-json\/wp\/v2\/comments?post=174157"}],"version-history":[{"count":4,"href":"https:\/\/experienciadevida.com.ar\/portalurbano\/wp-json\/wp\/v2\/posts\/174157\/revisions"}],"predecessor-version":[{"id":174162,"href":"https:\/\/experienciadevida.com.ar\/portalurbano\/wp-json\/wp\/v2\/posts\/174157\/revisions\/174162"}],"wp:featuredmedia":[{"embeddable":true,"href":"https:\/\/experienciadevida.com.ar\/portalurbano\/wp-json\/wp\/v2\/media\/174159"}],"wp:attachment":[{"href":"https:\/\/experienciadevida.com.ar\/portalurbano\/wp-json\/wp\/v2\/media?parent=174157"}],"wp:term":[{"taxonomy":"category","embeddable":true,"href":"https:\/\/experienciadevida.com.ar\/portalurbano\/wp-json\/wp\/v2\/categories?post=174157"},{"taxonomy":"post_tag","embeddable":true,"href":"https:\/\/experienciadevida.com.ar\/portalurbano\/wp-json\/wp\/v2\/tags?post=174157"}],"curies":[{"name":"wp","href":"https:\/\/api.w.org\/{rel}","templated":true}]}}