{"id":174148,"date":"2022-08-26T14:50:10","date_gmt":"2022-08-26T17:50:10","guid":{"rendered":"https:\/\/experienciadevida.com.ar\/portalurbano\/?p=174148"},"modified":"2022-08-26T14:50:27","modified_gmt":"2022-08-26T17:50:27","slug":"conmemoraron-el-paso-a-la-inmortalidad-del-gral-san-martin-en-unidades-del-complejo-centro-zona-sur","status":"publish","type":"post","link":"https:\/\/experienciadevida.com.ar\/portalurbano\/conmemoraron-el-paso-a-la-inmortalidad-del-gral-san-martin-en-unidades-del-complejo-centro-zona-sur\/","title":{"rendered":"Conmemoraron el paso a la inmortalidad del Gral. San Mart\u00edn en Unidades del Complejo Centro Zona Sur"},"content":{"rendered":"<p>Conmemoraron el paso a la inmortalidad del Gral. San Mart\u00edn en Unidades del Complejo Centro Zona Sur, internos que concurren a las aulas de la EEPA N\u00b0705, que funciona en la Unidad Penal N\u00ba 17 de Urdampilleta, participaron del acto en conmemoraci\u00f3n del fallecimiento del Gral. Jos\u00e9 de San Mart\u00edn.<\/p>\n<p><a href=\"https:\/\/experienciadevida.com.ar\/portalurbano\/conmemoraron-el-paso-a-la-inmortalidad-del-gral-san-martin-en-unidades-del-complejo-centro-zona-sur\/conmemoraron\/\" rel=\"attachment wp-att-174150\"><img decoding=\"async\" class=\"alignnone size-full wp-image-174150\" src=\"https:\/\/experienciadevida.com.ar\/portalurbano\/wp-content\/uploads\/2022\/08\/Conmemoraron.jpg\" alt=\"Conmemoraron \" width=\"640\" height=\"480\" srcset=\"https:\/\/experienciadevida.com.ar\/portalurbano\/wp-content\/uploads\/2022\/08\/Conmemoraron.jpg 640w, https:\/\/experienciadevida.com.ar\/portalurbano\/wp-content\/uploads\/2022\/08\/Conmemoraron-300x225.jpg 300w, https:\/\/experienciadevida.com.ar\/portalurbano\/wp-content\/uploads\/2022\/08\/Conmemoraron-150x113.jpg 150w\" sizes=\"(max-width: 640px) 100vw, 640px\" \/><\/a><\/p>\n<p>Luego del ingreso de las banderas de ceremonia Nacional y Provincial y tras entonar las estrofas de nuestro Himno, los presentes cantaron el himno a San Mart\u00edn. La Directora del establecimiento educativo, Graciela Subiat, ley\u00f3 palabras alusivas a la fecha, mientras que un grupo de alumnos de 1\u00b0 \u201cA\u201d leyeron la cronolog\u00eda del Gral. San Mart\u00edn y de 1\u00b0 \u201cB\u201d las M\u00e1ximas que el General escribi\u00f3 para su hija Merceditas.<\/p>\n<p>Las docentes agradecieron a todos los alumnos que participaron del acto y explicaron a las autoridades presentes que durante toda la semana trabajaron en las aulas distintos momentos y conceptos en la vida del Gral. San Mart\u00edn. Participaron del acto el Director de Unidad Prefecto Mayor Hugo Fredes, la Alcaide Mayor Silvana C\u00f3rdoba y el Sargento Ayudante Miguel Blanco.<\/p>\n<p>Por otra parte, en la EEPA N\u00b0 701\u201d y el CENS N\u00ba 455 que funcionan en la\u00a0 Unidad Penal N\u00ba 38 de Sierra Chica, tambi\u00e9n rindieron homenaje al Padre de la Patria. Se realizaron actos en los diferentes turnos donde se resaltaron<br \/>\nlas haza\u00f1as militares de Jos\u00e9 de San Mart\u00edn desde la batalla de San Lorenzo, inmortalizada por la tan conocida Marcha hom\u00f3nima y el sacrificio heroico del Sargento Cabral, hasta el cruce de los Andes y las batallas de<br \/>\nChacabuco y Maip\u00fa.<\/p>\n<p>Conmemoraron el paso a la inmortalidad del Gral. San Mart\u00edn en Unidades del Complejo Centro Zona Sur, de sus actividades en Chile y Per\u00fa y, luego del encuentro con Sim\u00f3n Bol\u00edvar en Guayaquil, hasta su retiro en Europa, ya que solo estaba dispuesto a luchar por la independencia de los pueblos americanos y no en las guerras<br \/>\nciviles que generaron las disputas pol\u00edticas.<\/p>\n<p>Durante la ceremonia se proyectaron videos con distintos momentos de la historia y en la EPA el payador local Rub\u00e9n Filipusi despleg\u00f3 su talento con coplas muy emotivas. Finalmente se destacaron las caracter\u00edsticas de<br \/>\nSan Mart\u00edn como un hombre \u00edntegro, con valores y destacadas fortalezas de esp\u00edritu patri\u00f3tico y amor por la libertad.<\/p>\n<p>Fuente y Fotos: Servicio Penitenciario Bonaerense<\/p>\n","protected":false},"excerpt":{"rendered":"<p>Conmemoraron el paso a la inmortalidad del Gral. San Mart\u00edn en Unidades del Complejo Centro&#8230;<\/p>\n","protected":false},"author":1,"featured_media":174149,"comment_status":"closed","ping_status":"closed","sticky":false,"template":"","format":"standard","meta":{"content-type":""},"categories":[27],"tags":[],"nelio_content":{"isAutoShareEnabled":false,"autoShareEndMode":"default","automationSources":{"useContentSentences":true,"useSocialTemplates":true,"useCustomSentences":false,"customSentences":[]},"followers":[1],"suggestedReferences":[],"includedReferences":[],"efiUrl":"","efiAlt":"","highlights":[]},"yoast_head":"<!-- This site is optimized with the Yoast SEO plugin v20.7 - https:\/\/yoast.com\/wordpress\/plugins\/seo\/ -->\n<title>Conmemoraron el paso a la inmortalidad de San Mart\u00edn<\/title>\n<meta name=\"description\" content=\"Conmemoraron el paso a la inmortalidad del Gral. San Mart\u00edn en Unidades del Complejo Centro Zona Sur, internos que concurren\" \/>\n<meta name=\"robots\" content=\"index, follow, max-snippet:-1, max-image-preview:large, max-video-preview:-1\" \/>\n<link rel=\"canonical\" href=\"https:\/\/experienciadevida.com.ar\/portalurbano\/conmemoraron-el-paso-a-la-inmortalidad-del-gral-san-martin-en-unidades-del-complejo-centro-zona-sur\/\" \/>\n<meta property=\"og:locale\" content=\"es_ES\" \/>\n<meta property=\"og:type\" content=\"article\" \/>\n<meta property=\"og:title\" content=\"Conmemoraron el paso a la inmortalidad de San Mart\u00edn\" \/>\n<meta property=\"og:description\" content=\"Conmemoraron el paso a la inmortalidad del Gral. San Mart\u00edn en Unidades del Complejo Centro Zona Sur, internos que concurren\" \/>\n<meta property=\"og:url\" content=\"https:\/\/experienciadevida.com.ar\/portalurbano\/conmemoraron-el-paso-a-la-inmortalidad-del-gral-san-martin-en-unidades-del-complejo-centro-zona-sur\/\" \/>\n<meta property=\"article:publisher\" content=\"https:\/\/www.facebook.com\/Portal-Urbano-171542830093757\/\" \/>\n<meta property=\"article:published_time\" content=\"2022-08-26T17:50:10+00:00\" \/>\n<meta property=\"article:modified_time\" content=\"2022-08-26T17:50:27+00:00\" \/>\n<meta property=\"og:image\" content=\"https:\/\/experienciadevida.com.ar\/portalurbano\/wp-content\/uploads\/2022\/08\/Conmemoraron-el-paso-a.jpg\" \/>\n\t<meta property=\"og:image:width\" content=\"765\" \/>\n\t<meta property=\"og:image:height\" content=\"430\" \/>\n\t<meta property=\"og:image:type\" content=\"image\/jpeg\" \/>\n<meta name=\"author\" content=\"admpu17wp\" \/>\n<meta name=\"twitter:card\" content=\"summary_large_image\" \/>\n<meta name=\"twitter:creator\" content=\"@portalurbanook\" \/>\n<meta name=\"twitter:site\" content=\"@portalurbanook\" \/>\n<meta name=\"twitter:label1\" content=\"Escrito por\" \/>\n\t<meta name=\"twitter:data1\" content=\"admpu17wp\" \/>\n\t<meta name=\"twitter:label2\" content=\"Tiempo de lectura\" \/>\n\t<meta name=\"twitter:data2\" content=\"2 minutos\" \/>\n<script type=\"application\/ld+json\" class=\"yoast-schema-graph\">{\"@context\":\"https:\/\/schema.org\",\"@graph\":[{\"@type\":\"Article\",\"@id\":\"https:\/\/experienciadevida.com.ar\/portalurbano\/conmemoraron-el-paso-a-la-inmortalidad-del-gral-san-martin-en-unidades-del-complejo-centro-zona-sur\/#article\",\"isPartOf\":{\"@id\":\"https:\/\/experienciadevida.com.ar\/portalurbano\/conmemoraron-el-paso-a-la-inmortalidad-del-gral-san-martin-en-unidades-del-complejo-centro-zona-sur\/\"},\"author\":{\"name\":\"admpu17wp\",\"@id\":\"https:\/\/experienciadevida.com.ar\/portalurbano\/#\/schema\/person\/02dd326b1c4b056e9cc972486934a3a7\"},\"headline\":\"Conmemoraron el paso a la inmortalidad del Gral. San Mart\u00edn en Unidades del Complejo Centro Zona Sur\",\"datePublished\":\"2022-08-26T17:50:10+00:00\",\"dateModified\":\"2022-08-26T17:50:27+00:00\",\"mainEntityOfPage\":{\"@id\":\"https:\/\/experienciadevida.com.ar\/portalurbano\/conmemoraron-el-paso-a-la-inmortalidad-del-gral-san-martin-en-unidades-del-complejo-centro-zona-sur\/\"},\"wordCount\":418,\"publisher\":{\"@id\":\"https:\/\/experienciadevida.com.ar\/portalurbano\/#organization\"},\"articleSection\":[\"Ciudad\"],\"inLanguage\":\"es\"},{\"@type\":\"WebPage\",\"@id\":\"https:\/\/experienciadevida.com.ar\/portalurbano\/conmemoraron-el-paso-a-la-inmortalidad-del-gral-san-martin-en-unidades-del-complejo-centro-zona-sur\/\",\"url\":\"https:\/\/experienciadevida.com.ar\/portalurbano\/conmemoraron-el-paso-a-la-inmortalidad-del-gral-san-martin-en-unidades-del-complejo-centro-zona-sur\/\",\"name\":\"Conmemoraron el paso a la inmortalidad de San Mart\u00edn\",\"isPartOf\":{\"@id\":\"https:\/\/experienciadevida.com.ar\/portalurbano\/#website\"},\"datePublished\":\"2022-08-26T17:50:10+00:00\",\"dateModified\":\"2022-08-26T17:50:27+00:00\",\"description\":\"Conmemoraron el paso a la inmortalidad del Gral. San Mart\u00edn en Unidades del Complejo Centro Zona Sur, internos que concurren\",\"breadcrumb\":{\"@id\":\"https:\/\/experienciadevida.com.ar\/portalurbano\/conmemoraron-el-paso-a-la-inmortalidad-del-gral-san-martin-en-unidades-del-complejo-centro-zona-sur\/#breadcrumb\"},\"inLanguage\":\"es\",\"potentialAction\":[{\"@type\":\"ReadAction\",\"target\":[\"https:\/\/experienciadevida.com.ar\/portalurbano\/conmemoraron-el-paso-a-la-inmortalidad-del-gral-san-martin-en-unidades-del-complejo-centro-zona-sur\/\"]}]},{\"@type\":\"BreadcrumbList\",\"@id\":\"https:\/\/experienciadevida.com.ar\/portalurbano\/conmemoraron-el-paso-a-la-inmortalidad-del-gral-san-martin-en-unidades-del-complejo-centro-zona-sur\/#breadcrumb\",\"itemListElement\":[{\"@type\":\"ListItem\",\"position\":1,\"name\":\"Portada\",\"item\":\"https:\/\/experienciadevida.com.ar\/portalurbano\/\"},{\"@type\":\"ListItem\",\"position\":2,\"name\":\"Conmemoraron el paso a la inmortalidad del Gral. San Mart\u00edn en Unidades del Complejo Centro Zona Sur\"}]},{\"@type\":\"WebSite\",\"@id\":\"https:\/\/experienciadevida.com.ar\/portalurbano\/#website\",\"url\":\"https:\/\/experienciadevida.com.ar\/portalurbano\/\",\"name\":\"\",\"description\":\"\",\"publisher\":{\"@id\":\"https:\/\/experienciadevida.com.ar\/portalurbano\/#organization\"},\"potentialAction\":[{\"@type\":\"SearchAction\",\"target\":{\"@type\":\"EntryPoint\",\"urlTemplate\":\"https:\/\/experienciadevida.com.ar\/portalurbano\/?s={search_term_string}\"},\"query-input\":\"required name=search_term_string\"}],\"inLanguage\":\"es\"},{\"@type\":\"Organization\",\"@id\":\"https:\/\/experienciadevida.com.ar\/portalurbano\/#organization\",\"name\":\"Portal Urbano\",\"url\":\"https:\/\/experienciadevida.com.ar\/portalurbano\/\",\"logo\":{\"@type\":\"ImageObject\",\"inLanguage\":\"es\",\"@id\":\"https:\/\/experienciadevida.com.ar\/portalurbano\/#\/schema\/logo\/image\/\",\"url\":\"https:\/\/experienciadevida.com.ar\/portalurbano\/wp-content\/uploads\/2019\/09\/Logo-Original.png\",\"contentUrl\":\"https:\/\/experienciadevida.com.ar\/portalurbano\/wp-content\/uploads\/2019\/09\/Logo-Original.png\",\"width\":2236,\"height\":1216,\"caption\":\"Portal Urbano\"},\"image\":{\"@id\":\"https:\/\/experienciadevida.com.ar\/portalurbano\/#\/schema\/logo\/image\/\"},\"sameAs\":[\"https:\/\/www.facebook.com\/Portal-Urbano-171542830093757\/\",\"https:\/\/twitter.com\/portalurbanook\",\"https:\/\/www.instagram.com\/_portalurbano\/\",\"https:\/\/www.youtube.com\/channel\/UCXhagIfszH8KxFiOok79zbA?view_as=subscriber\"]},{\"@type\":\"Person\",\"@id\":\"https:\/\/experienciadevida.com.ar\/portalurbano\/#\/schema\/person\/02dd326b1c4b056e9cc972486934a3a7\",\"name\":\"admpu17wp\",\"image\":{\"@type\":\"ImageObject\",\"inLanguage\":\"es\",\"@id\":\"https:\/\/experienciadevida.com.ar\/portalurbano\/#\/schema\/person\/image\/\",\"url\":\"https:\/\/secure.gravatar.com\/avatar\/830d4c57adaae6630765e449a6908047?s=96&d=mm&r=g\",\"contentUrl\":\"https:\/\/secure.gravatar.com\/avatar\/830d4c57adaae6630765e449a6908047?s=96&d=mm&r=g\",\"caption\":\"admpu17wp\"}}]}<\/script>\n<!-- \/ Yoast SEO plugin. -->","yoast_head_json":{"title":"Conmemoraron el paso a la inmortalidad de San Mart\u00edn","description":"Conmemoraron el paso a la inmortalidad del Gral. San Mart\u00edn en Unidades del Complejo Centro Zona Sur, internos que concurren","robots":{"index":"index","follow":"follow","max-snippet":"max-snippet:-1","max-image-preview":"max-image-preview:large","max-video-preview":"max-video-preview:-1"},"canonical":"https:\/\/experienciadevida.com.ar\/portalurbano\/conmemoraron-el-paso-a-la-inmortalidad-del-gral-san-martin-en-unidades-del-complejo-centro-zona-sur\/","og_locale":"es_ES","og_type":"article","og_title":"Conmemoraron el paso a la inmortalidad de San Mart\u00edn","og_description":"Conmemoraron el paso a la inmortalidad del Gral. San Mart\u00edn en Unidades del Complejo Centro Zona Sur, internos que concurren","og_url":"https:\/\/experienciadevida.com.ar\/portalurbano\/conmemoraron-el-paso-a-la-inmortalidad-del-gral-san-martin-en-unidades-del-complejo-centro-zona-sur\/","article_publisher":"https:\/\/www.facebook.com\/Portal-Urbano-171542830093757\/","article_published_time":"2022-08-26T17:50:10+00:00","article_modified_time":"2022-08-26T17:50:27+00:00","og_image":[{"width":765,"height":430,"url":"https:\/\/experienciadevida.com.ar\/portalurbano\/wp-content\/uploads\/2022\/08\/Conmemoraron-el-paso-a.jpg","type":"image\/jpeg"}],"author":"admpu17wp","twitter_card":"summary_large_image","twitter_creator":"@portalurbanook","twitter_site":"@portalurbanook","twitter_misc":{"Escrito por":"admpu17wp","Tiempo de lectura":"2 minutos"},"schema":{"@context":"https:\/\/schema.org","@graph":[{"@type":"Article","@id":"https:\/\/experienciadevida.com.ar\/portalurbano\/conmemoraron-el-paso-a-la-inmortalidad-del-gral-san-martin-en-unidades-del-complejo-centro-zona-sur\/#article","isPartOf":{"@id":"https:\/\/experienciadevida.com.ar\/portalurbano\/conmemoraron-el-paso-a-la-inmortalidad-del-gral-san-martin-en-unidades-del-complejo-centro-zona-sur\/"},"author":{"name":"admpu17wp","@id":"https:\/\/experienciadevida.com.ar\/portalurbano\/#\/schema\/person\/02dd326b1c4b056e9cc972486934a3a7"},"headline":"Conmemoraron el paso a la inmortalidad del Gral. San Mart\u00edn en Unidades del Complejo Centro Zona Sur","datePublished":"2022-08-26T17:50:10+00:00","dateModified":"2022-08-26T17:50:27+00:00","mainEntityOfPage":{"@id":"https:\/\/experienciadevida.com.ar\/portalurbano\/conmemoraron-el-paso-a-la-inmortalidad-del-gral-san-martin-en-unidades-del-complejo-centro-zona-sur\/"},"wordCount":418,"publisher":{"@id":"https:\/\/experienciadevida.com.ar\/portalurbano\/#organization"},"articleSection":["Ciudad"],"inLanguage":"es"},{"@type":"WebPage","@id":"https:\/\/experienciadevida.com.ar\/portalurbano\/conmemoraron-el-paso-a-la-inmortalidad-del-gral-san-martin-en-unidades-del-complejo-centro-zona-sur\/","url":"https:\/\/experienciadevida.com.ar\/portalurbano\/conmemoraron-el-paso-a-la-inmortalidad-del-gral-san-martin-en-unidades-del-complejo-centro-zona-sur\/","name":"Conmemoraron el paso a la inmortalidad de San Mart\u00edn","isPartOf":{"@id":"https:\/\/experienciadevida.com.ar\/portalurbano\/#website"},"datePublished":"2022-08-26T17:50:10+00:00","dateModified":"2022-08-26T17:50:27+00:00","description":"Conmemoraron el paso a la inmortalidad del Gral. San Mart\u00edn en Unidades del Complejo Centro Zona Sur, internos que concurren","breadcrumb":{"@id":"https:\/\/experienciadevida.com.ar\/portalurbano\/conmemoraron-el-paso-a-la-inmortalidad-del-gral-san-martin-en-unidades-del-complejo-centro-zona-sur\/#breadcrumb"},"inLanguage":"es","potentialAction":[{"@type":"ReadAction","target":["https:\/\/experienciadevida.com.ar\/portalurbano\/conmemoraron-el-paso-a-la-inmortalidad-del-gral-san-martin-en-unidades-del-complejo-centro-zona-sur\/"]}]},{"@type":"BreadcrumbList","@id":"https:\/\/experienciadevida.com.ar\/portalurbano\/conmemoraron-el-paso-a-la-inmortalidad-del-gral-san-martin-en-unidades-del-complejo-centro-zona-sur\/#breadcrumb","itemListElement":[{"@type":"ListItem","position":1,"name":"Portada","item":"https:\/\/experienciadevida.com.ar\/portalurbano\/"},{"@type":"ListItem","position":2,"name":"Conmemoraron el paso a la inmortalidad del Gral. San Mart\u00edn en Unidades del Complejo Centro Zona Sur"}]},{"@type":"WebSite","@id":"https:\/\/experienciadevida.com.ar\/portalurbano\/#website","url":"https:\/\/experienciadevida.com.ar\/portalurbano\/","name":"","description":"","publisher":{"@id":"https:\/\/experienciadevida.com.ar\/portalurbano\/#organization"},"potentialAction":[{"@type":"SearchAction","target":{"@type":"EntryPoint","urlTemplate":"https:\/\/experienciadevida.com.ar\/portalurbano\/?s={search_term_string}"},"query-input":"required name=search_term_string"}],"inLanguage":"es"},{"@type":"Organization","@id":"https:\/\/experienciadevida.com.ar\/portalurbano\/#organization","name":"Portal Urbano","url":"https:\/\/experienciadevida.com.ar\/portalurbano\/","logo":{"@type":"ImageObject","inLanguage":"es","@id":"https:\/\/experienciadevida.com.ar\/portalurbano\/#\/schema\/logo\/image\/","url":"https:\/\/experienciadevida.com.ar\/portalurbano\/wp-content\/uploads\/2019\/09\/Logo-Original.png","contentUrl":"https:\/\/experienciadevida.com.ar\/portalurbano\/wp-content\/uploads\/2019\/09\/Logo-Original.png","width":2236,"height":1216,"caption":"Portal Urbano"},"image":{"@id":"https:\/\/experienciadevida.com.ar\/portalurbano\/#\/schema\/logo\/image\/"},"sameAs":["https:\/\/www.facebook.com\/Portal-Urbano-171542830093757\/","https:\/\/twitter.com\/portalurbanook","https:\/\/www.instagram.com\/_portalurbano\/","https:\/\/www.youtube.com\/channel\/UCXhagIfszH8KxFiOok79zbA?view_as=subscriber"]},{"@type":"Person","@id":"https:\/\/experienciadevida.com.ar\/portalurbano\/#\/schema\/person\/02dd326b1c4b056e9cc972486934a3a7","name":"admpu17wp","image":{"@type":"ImageObject","inLanguage":"es","@id":"https:\/\/experienciadevida.com.ar\/portalurbano\/#\/schema\/person\/image\/","url":"https:\/\/secure.gravatar.com\/avatar\/830d4c57adaae6630765e449a6908047?s=96&d=mm&r=g","contentUrl":"https:\/\/secure.gravatar.com\/avatar\/830d4c57adaae6630765e449a6908047?s=96&d=mm&r=g","caption":"admpu17wp"}}]}},"featured_image_urls":{"full":["https:\/\/experienciadevida.com.ar\/portalurbano\/wp-content\/uploads\/2022\/08\/Conmemoraron-el-paso-a.jpg",765,430,false],"thumbnail":["https:\/\/experienciadevida.com.ar\/portalurbano\/wp-content\/uploads\/2022\/08\/Conmemoraron-el-paso-a-150x150.jpg",150,150,true],"medium":["https:\/\/experienciadevida.com.ar\/portalurbano\/wp-content\/uploads\/2022\/08\/Conmemoraron-el-paso-a-300x169.jpg",300,169,true],"medium_large":["https:\/\/experienciadevida.com.ar\/portalurbano\/wp-content\/uploads\/2022\/08\/Conmemoraron-el-paso-a.jpg",640,360,false],"large":["https:\/\/experienciadevida.com.ar\/portalurbano\/wp-content\/uploads\/2022\/08\/Conmemoraron-el-paso-a.jpg",640,360,false],"ug_big":["https:\/\/experienciadevida.com.ar\/portalurbano\/wp-content\/uploads\/2022\/08\/Conmemoraron-el-paso-a.jpg",765,430,false],"1536x1536":["https:\/\/experienciadevida.com.ar\/portalurbano\/wp-content\/uploads\/2022\/08\/Conmemoraron-el-paso-a.jpg",765,430,false],"2048x2048":["https:\/\/experienciadevida.com.ar\/portalurbano\/wp-content\/uploads\/2022\/08\/Conmemoraron-el-paso-a.jpg",765,430,false],"newsever-slider-full":["https:\/\/experienciadevida.com.ar\/portalurbano\/wp-content\/uploads\/2022\/08\/Conmemoraron-el-paso-a.jpg",765,430,false],"newsever-featured":["https:\/\/experienciadevida.com.ar\/portalurbano\/wp-content\/uploads\/2022\/08\/Conmemoraron-el-paso-a.jpg",765,430,false],"newsever-medium":["https:\/\/experienciadevida.com.ar\/portalurbano\/wp-content\/uploads\/2022\/08\/Conmemoraron-el-paso-a.jpg",720,405,false],"web-stories-poster-portrait":["https:\/\/experienciadevida.com.ar\/portalurbano\/wp-content\/uploads\/2022\/08\/Conmemoraron-el-paso-a-640x430.jpg",640,430,true],"web-stories-publisher-logo":["https:\/\/experienciadevida.com.ar\/portalurbano\/wp-content\/uploads\/2022\/08\/Conmemoraron-el-paso-a-96x96.jpg",96,96,true],"web-stories-thumbnail":["https:\/\/experienciadevida.com.ar\/portalurbano\/wp-content\/uploads\/2022\/08\/Conmemoraron-el-paso-a-150x84.jpg",150,84,true]},"author_info":{"display_name":"admpu17wp","author_link":"https:\/\/experienciadevida.com.ar\/portalurbano\/author\/admpu17wp\/"},"category_info":"<a href=\"https:\/\/experienciadevida.com.ar\/portalurbano\/category\/ciudad\/\" rel=\"category tag\">Ciudad<\/a>","tag_info":"Ciudad","comment_count":"0","amp_enabled":true,"_links":{"self":[{"href":"https:\/\/experienciadevida.com.ar\/portalurbano\/wp-json\/wp\/v2\/posts\/174148"}],"collection":[{"href":"https:\/\/experienciadevida.com.ar\/portalurbano\/wp-json\/wp\/v2\/posts"}],"about":[{"href":"https:\/\/experienciadevida.com.ar\/portalurbano\/wp-json\/wp\/v2\/types\/post"}],"author":[{"embeddable":true,"href":"https:\/\/experienciadevida.com.ar\/portalurbano\/wp-json\/wp\/v2\/users\/1"}],"replies":[{"embeddable":true,"href":"https:\/\/experienciadevida.com.ar\/portalurbano\/wp-json\/wp\/v2\/comments?post=174148"}],"version-history":[{"count":2,"href":"https:\/\/experienciadevida.com.ar\/portalurbano\/wp-json\/wp\/v2\/posts\/174148\/revisions"}],"predecessor-version":[{"id":174152,"href":"https:\/\/experienciadevida.com.ar\/portalurbano\/wp-json\/wp\/v2\/posts\/174148\/revisions\/174152"}],"wp:featuredmedia":[{"embeddable":true,"href":"https:\/\/experienciadevida.com.ar\/portalurbano\/wp-json\/wp\/v2\/media\/174149"}],"wp:attachment":[{"href":"https:\/\/experienciadevida.com.ar\/portalurbano\/wp-json\/wp\/v2\/media?parent=174148"}],"wp:term":[{"taxonomy":"category","embeddable":true,"href":"https:\/\/experienciadevida.com.ar\/portalurbano\/wp-json\/wp\/v2\/categories?post=174148"},{"taxonomy":"post_tag","embeddable":true,"href":"https:\/\/experienciadevida.com.ar\/portalurbano\/wp-json\/wp\/v2\/tags?post=174148"}],"curies":[{"name":"wp","href":"https:\/\/api.w.org\/{rel}","templated":true}]}}