{"id":174116,"date":"2022-08-26T09:56:13","date_gmt":"2022-08-26T12:56:13","guid":{"rendered":"https:\/\/experienciadevida.com.ar\/portalurbano\/?p=174116"},"modified":"2022-08-26T09:56:41","modified_gmt":"2022-08-26T12:56:41","slug":"exitosa-convocatoria-en-la-poda-anual-de-rosas-en-la-plaza-central","status":"publish","type":"post","link":"https:\/\/experienciadevida.com.ar\/portalurbano\/exitosa-convocatoria-en-la-poda-anual-de-rosas-en-la-plaza-central\/","title":{"rendered":"Exitosa convocatoria en la poda anual de rosas en la Plaza Central"},"content":{"rendered":"<p>Exitosa convocatoria en la poda anual de rosas en la Plaza Central, como es habitual, en esta \u00e9poca del a\u00f1o, a mediados de agosto, el <a href=\"https:\/\/www.facebook.com\/municipiodeolavarria\">Municipio<\/a> lleva adelante la tradicional jornada de poda de rosas en la Plaza Central, donde se reparten gajos, para ser multiplicados en cada hogar.<\/p>\n<p>La poda de los rosales se realiza siempre en invierno, para que puedan florecer en primavera, alcanzando su m\u00e1ximo potencial, dado por la belleza de su flor y su aroma tan particular.<\/p>\n<p>La actividad se llev\u00f3 a cabo durante la ma\u00f1ana del mi\u00e9rcoles 24 y jueves 25 de agosto, con una excelente repercusi\u00f3n por parte de vecinos y vecinas, que se acercaron desde temprano para llevarse sus esquejes y quienes adem\u00e1s pudieron asesorarse con personal municipal sobre las tareas necesarias para la plantaci\u00f3n.<\/p>\n<p>Previamente, cabe destacar que personal de Espacios Verdes prepar\u00f3 una importante cantidad de gajos de rosas para que los vecinos pudieran llevarse a su casa, junto con un instructivo.<\/p>\n<p>En la oportunidad se entregaron m\u00e1s de 900 sobres en total con hasta seis gajos por persona, de tres variedades diferentes de las que se encuentran plantadas en la plaza. Este tipo de variedades de rosas son elegidas por la belleza de su flor y la continuidad de la floraci\u00f3n.<\/p>\n<p>Cabe recordar que la poda de rosales se efect\u00faa entre los meses de julio y agosto, para permitir que los tallos sean m\u00e1s productivos. Si se hace muy temprano los brotes pueden da\u00f1arse con las heladas y si se hace muy tarde, se pueden eliminar una cantidad de tallos y follajes que la planta produjo.<\/p>\n<p>Se recuerda que la Plaza \u201cCoronel Olavarr\u00eda\u201d cuenta con tres variedades de rosas:<\/p>\n<p>Rosa Meilland \u201cCharles Aznavour\u201d. De floraci\u00f3n abundante y continua, hasta 7 flores por tallo. Agraciadas y rom\u00e1nticas flores de color rosa p\u00e1lido casi blanco con toques un poquito m\u00e1s oscuro, de 6 cm de di\u00e1metro. Planta de vegetaci\u00f3n fuerte y muy sana de 60-70 cm de altura.<br \/>\nRosa Meilland Bonica. Flor rosada, muy flor\u00edfera, racimos de flores peque\u00f1as rosadas muy atractivas, muy sana Esta variedad excelente lleva racimos suaves de flores rosadas, y de tama\u00f1o peque\u00f1o a mediano. \u00c9stos se producen muy libremente y se repiten bien. Hay una fragancia muy ligera. Si las flores no est\u00e1n muertas, ser\u00e1n seguidas por una maravillosa cosecha de brillantes frutos rojos, que durar\u00e1n mucho hasta el invierno.<br \/>\n-Rosa Iceberg. El rosal \u2018Iceberg\u2019 es un arbusto vigoroso, con unas flores semi-dobles blanco puro y con un ligero perfume. Este rosal debe su celebridad a su excelente resistencia a las enfermedades, que le convierte en un candidato en todos los jardines. Refloreciente. Di\u00e1metro de la flor: 7 cm. La planta tiene una altura hasta 50 metros. Su floraci\u00f3n perdura mucho tiempo, muy flor\u00edfera.<\/p>\n<p><a href=\"https:\/\/experienciadevida.com.ar\/portalurbano\/exitosa-convocatoria-en-la-poda-anual-de-rosas-en-la-plaza-central\/exitosa\/\" rel=\"attachment wp-att-174118\"><img decoding=\"async\" class=\"alignnone size-large wp-image-174118\" src=\"https:\/\/experienciadevida.com.ar\/portalurbano\/wp-content\/uploads\/2022\/08\/Exitosa-1024x684.jpg\" alt=\"Exitosa \" width=\"900\" height=\"601\" srcset=\"https:\/\/experienciadevida.com.ar\/portalurbano\/wp-content\/uploads\/2022\/08\/Exitosa-1024x684.jpg 1024w, https:\/\/experienciadevida.com.ar\/portalurbano\/wp-content\/uploads\/2022\/08\/Exitosa-300x201.jpg 300w, https:\/\/experienciadevida.com.ar\/portalurbano\/wp-content\/uploads\/2022\/08\/Exitosa-768x513.jpg 768w, https:\/\/experienciadevida.com.ar\/portalurbano\/wp-content\/uploads\/2022\/08\/Exitosa-1536x1027.jpg 1536w, https:\/\/experienciadevida.com.ar\/portalurbano\/wp-content\/uploads\/2022\/08\/Exitosa-2048x1369.jpg 2048w, https:\/\/experienciadevida.com.ar\/portalurbano\/wp-content\/uploads\/2022\/08\/Exitosa-150x100.jpg 150w\" sizes=\"(max-width: 900px) 100vw, 900px\" \/><\/a><\/p>\n","protected":false},"excerpt":{"rendered":"<p>Exitosa convocatoria en la poda anual de rosas en la Plaza Central, como es habitual,&#8230;<\/p>\n","protected":false},"author":1,"featured_media":174117,"comment_status":"closed","ping_status":"closed","sticky":false,"template":"","format":"standard","meta":{"content-type":""},"categories":[27],"tags":[],"nelio_content":{"isAutoShareEnabled":false,"autoShareEndMode":"default","automationSources":{"useContentSentences":true,"useSocialTemplates":true,"useCustomSentences":false,"customSentences":[]},"followers":[1],"suggestedReferences":[],"includedReferences":[],"efiUrl":"","efiAlt":"","highlights":[]},"yoast_head":"<!-- This site is optimized with the Yoast SEO plugin v20.7 - https:\/\/yoast.com\/wordpress\/plugins\/seo\/ -->\n<title>Exitosa convocatoria en la poda anual de rosas en la plaza central<\/title>\n<meta name=\"description\" content=\"Exitosa convocatoria en la poda anual de rosas en la Plaza Central, como es habitual, en esta \u00e9poca del a\u00f1o, a mediados de agosto\" \/>\n<meta name=\"robots\" content=\"index, follow, max-snippet:-1, max-image-preview:large, max-video-preview:-1\" \/>\n<link rel=\"canonical\" href=\"https:\/\/experienciadevida.com.ar\/portalurbano\/exitosa-convocatoria-en-la-poda-anual-de-rosas-en-la-plaza-central\/\" \/>\n<meta property=\"og:locale\" content=\"es_ES\" \/>\n<meta property=\"og:type\" content=\"article\" \/>\n<meta property=\"og:title\" content=\"Exitosa convocatoria en la poda anual de rosas en la plaza central\" \/>\n<meta property=\"og:description\" content=\"Exitosa convocatoria en la poda anual de rosas en la Plaza Central, como es habitual, en esta \u00e9poca del a\u00f1o, a mediados de agosto\" \/>\n<meta property=\"og:url\" content=\"https:\/\/experienciadevida.com.ar\/portalurbano\/exitosa-convocatoria-en-la-poda-anual-de-rosas-en-la-plaza-central\/\" \/>\n<meta property=\"article:publisher\" content=\"https:\/\/www.facebook.com\/Portal-Urbano-171542830093757\/\" \/>\n<meta property=\"article:published_time\" content=\"2022-08-26T12:56:13+00:00\" \/>\n<meta property=\"article:modified_time\" content=\"2022-08-26T12:56:41+00:00\" \/>\n<meta property=\"og:image\" content=\"https:\/\/experienciadevida.com.ar\/portalurbano\/wp-content\/uploads\/2022\/08\/Exitosa-convocatoria-en-la.jpg\" \/>\n\t<meta property=\"og:image:width\" content=\"2560\" \/>\n\t<meta property=\"og:image:height\" content=\"1711\" \/>\n\t<meta property=\"og:image:type\" content=\"image\/jpeg\" \/>\n<meta name=\"author\" content=\"admpu17wp\" \/>\n<meta name=\"twitter:card\" content=\"summary_large_image\" \/>\n<meta name=\"twitter:creator\" content=\"@portalurbanook\" \/>\n<meta name=\"twitter:site\" content=\"@portalurbanook\" \/>\n<meta name=\"twitter:label1\" content=\"Escrito por\" \/>\n\t<meta name=\"twitter:data1\" content=\"admpu17wp\" \/>\n\t<meta name=\"twitter:label2\" content=\"Tiempo de lectura\" \/>\n\t<meta name=\"twitter:data2\" content=\"3 minutos\" \/>\n<script type=\"application\/ld+json\" class=\"yoast-schema-graph\">{\"@context\":\"https:\/\/schema.org\",\"@graph\":[{\"@type\":\"Article\",\"@id\":\"https:\/\/experienciadevida.com.ar\/portalurbano\/exitosa-convocatoria-en-la-poda-anual-de-rosas-en-la-plaza-central\/#article\",\"isPartOf\":{\"@id\":\"https:\/\/experienciadevida.com.ar\/portalurbano\/exitosa-convocatoria-en-la-poda-anual-de-rosas-en-la-plaza-central\/\"},\"author\":{\"name\":\"admpu17wp\",\"@id\":\"https:\/\/experienciadevida.com.ar\/portalurbano\/#\/schema\/person\/02dd326b1c4b056e9cc972486934a3a7\"},\"headline\":\"Exitosa convocatoria en la poda anual de rosas en la Plaza Central\",\"datePublished\":\"2022-08-26T12:56:13+00:00\",\"dateModified\":\"2022-08-26T12:56:41+00:00\",\"mainEntityOfPage\":{\"@id\":\"https:\/\/experienciadevida.com.ar\/portalurbano\/exitosa-convocatoria-en-la-poda-anual-de-rosas-en-la-plaza-central\/\"},\"wordCount\":491,\"publisher\":{\"@id\":\"https:\/\/experienciadevida.com.ar\/portalurbano\/#organization\"},\"articleSection\":[\"Ciudad\"],\"inLanguage\":\"es\"},{\"@type\":\"WebPage\",\"@id\":\"https:\/\/experienciadevida.com.ar\/portalurbano\/exitosa-convocatoria-en-la-poda-anual-de-rosas-en-la-plaza-central\/\",\"url\":\"https:\/\/experienciadevida.com.ar\/portalurbano\/exitosa-convocatoria-en-la-poda-anual-de-rosas-en-la-plaza-central\/\",\"name\":\"Exitosa convocatoria en la poda anual de rosas en la plaza central\",\"isPartOf\":{\"@id\":\"https:\/\/experienciadevida.com.ar\/portalurbano\/#website\"},\"datePublished\":\"2022-08-26T12:56:13+00:00\",\"dateModified\":\"2022-08-26T12:56:41+00:00\",\"description\":\"Exitosa convocatoria en la poda anual de rosas en la Plaza Central, como es habitual, en esta \u00e9poca del a\u00f1o, a mediados de agosto\",\"breadcrumb\":{\"@id\":\"https:\/\/experienciadevida.com.ar\/portalurbano\/exitosa-convocatoria-en-la-poda-anual-de-rosas-en-la-plaza-central\/#breadcrumb\"},\"inLanguage\":\"es\",\"potentialAction\":[{\"@type\":\"ReadAction\",\"target\":[\"https:\/\/experienciadevida.com.ar\/portalurbano\/exitosa-convocatoria-en-la-poda-anual-de-rosas-en-la-plaza-central\/\"]}]},{\"@type\":\"BreadcrumbList\",\"@id\":\"https:\/\/experienciadevida.com.ar\/portalurbano\/exitosa-convocatoria-en-la-poda-anual-de-rosas-en-la-plaza-central\/#breadcrumb\",\"itemListElement\":[{\"@type\":\"ListItem\",\"position\":1,\"name\":\"Portada\",\"item\":\"https:\/\/experienciadevida.com.ar\/portalurbano\/\"},{\"@type\":\"ListItem\",\"position\":2,\"name\":\"Exitosa convocatoria en la poda anual de rosas en la Plaza Central\"}]},{\"@type\":\"WebSite\",\"@id\":\"https:\/\/experienciadevida.com.ar\/portalurbano\/#website\",\"url\":\"https:\/\/experienciadevida.com.ar\/portalurbano\/\",\"name\":\"\",\"description\":\"\",\"publisher\":{\"@id\":\"https:\/\/experienciadevida.com.ar\/portalurbano\/#organization\"},\"potentialAction\":[{\"@type\":\"SearchAction\",\"target\":{\"@type\":\"EntryPoint\",\"urlTemplate\":\"https:\/\/experienciadevida.com.ar\/portalurbano\/?s={search_term_string}\"},\"query-input\":\"required name=search_term_string\"}],\"inLanguage\":\"es\"},{\"@type\":\"Organization\",\"@id\":\"https:\/\/experienciadevida.com.ar\/portalurbano\/#organization\",\"name\":\"Portal Urbano\",\"url\":\"https:\/\/experienciadevida.com.ar\/portalurbano\/\",\"logo\":{\"@type\":\"ImageObject\",\"inLanguage\":\"es\",\"@id\":\"https:\/\/experienciadevida.com.ar\/portalurbano\/#\/schema\/logo\/image\/\",\"url\":\"https:\/\/experienciadevida.com.ar\/portalurbano\/wp-content\/uploads\/2019\/09\/Logo-Original.png\",\"contentUrl\":\"https:\/\/experienciadevida.com.ar\/portalurbano\/wp-content\/uploads\/2019\/09\/Logo-Original.png\",\"width\":2236,\"height\":1216,\"caption\":\"Portal Urbano\"},\"image\":{\"@id\":\"https:\/\/experienciadevida.com.ar\/portalurbano\/#\/schema\/logo\/image\/\"},\"sameAs\":[\"https:\/\/www.facebook.com\/Portal-Urbano-171542830093757\/\",\"https:\/\/twitter.com\/portalurbanook\",\"https:\/\/www.instagram.com\/_portalurbano\/\",\"https:\/\/www.youtube.com\/channel\/UCXhagIfszH8KxFiOok79zbA?view_as=subscriber\"]},{\"@type\":\"Person\",\"@id\":\"https:\/\/experienciadevida.com.ar\/portalurbano\/#\/schema\/person\/02dd326b1c4b056e9cc972486934a3a7\",\"name\":\"admpu17wp\",\"image\":{\"@type\":\"ImageObject\",\"inLanguage\":\"es\",\"@id\":\"https:\/\/experienciadevida.com.ar\/portalurbano\/#\/schema\/person\/image\/\",\"url\":\"https:\/\/secure.gravatar.com\/avatar\/830d4c57adaae6630765e449a6908047?s=96&d=mm&r=g\",\"contentUrl\":\"https:\/\/secure.gravatar.com\/avatar\/830d4c57adaae6630765e449a6908047?s=96&d=mm&r=g\",\"caption\":\"admpu17wp\"}}]}<\/script>\n<!-- \/ Yoast SEO plugin. -->","yoast_head_json":{"title":"Exitosa convocatoria en la poda anual de rosas en la plaza central","description":"Exitosa convocatoria en la poda anual de rosas en la Plaza Central, como es habitual, en esta \u00e9poca del a\u00f1o, a mediados de agosto","robots":{"index":"index","follow":"follow","max-snippet":"max-snippet:-1","max-image-preview":"max-image-preview:large","max-video-preview":"max-video-preview:-1"},"canonical":"https:\/\/experienciadevida.com.ar\/portalurbano\/exitosa-convocatoria-en-la-poda-anual-de-rosas-en-la-plaza-central\/","og_locale":"es_ES","og_type":"article","og_title":"Exitosa convocatoria en la poda anual de rosas en la plaza central","og_description":"Exitosa convocatoria en la poda anual de rosas en la Plaza Central, como es habitual, en esta \u00e9poca del a\u00f1o, a mediados de agosto","og_url":"https:\/\/experienciadevida.com.ar\/portalurbano\/exitosa-convocatoria-en-la-poda-anual-de-rosas-en-la-plaza-central\/","article_publisher":"https:\/\/www.facebook.com\/Portal-Urbano-171542830093757\/","article_published_time":"2022-08-26T12:56:13+00:00","article_modified_time":"2022-08-26T12:56:41+00:00","og_image":[{"width":2560,"height":1711,"url":"https:\/\/experienciadevida.com.ar\/portalurbano\/wp-content\/uploads\/2022\/08\/Exitosa-convocatoria-en-la.jpg","type":"image\/jpeg"}],"author":"admpu17wp","twitter_card":"summary_large_image","twitter_creator":"@portalurbanook","twitter_site":"@portalurbanook","twitter_misc":{"Escrito por":"admpu17wp","Tiempo de lectura":"3 minutos"},"schema":{"@context":"https:\/\/schema.org","@graph":[{"@type":"Article","@id":"https:\/\/experienciadevida.com.ar\/portalurbano\/exitosa-convocatoria-en-la-poda-anual-de-rosas-en-la-plaza-central\/#article","isPartOf":{"@id":"https:\/\/experienciadevida.com.ar\/portalurbano\/exitosa-convocatoria-en-la-poda-anual-de-rosas-en-la-plaza-central\/"},"author":{"name":"admpu17wp","@id":"https:\/\/experienciadevida.com.ar\/portalurbano\/#\/schema\/person\/02dd326b1c4b056e9cc972486934a3a7"},"headline":"Exitosa convocatoria en la poda anual de rosas en la Plaza Central","datePublished":"2022-08-26T12:56:13+00:00","dateModified":"2022-08-26T12:56:41+00:00","mainEntityOfPage":{"@id":"https:\/\/experienciadevida.com.ar\/portalurbano\/exitosa-convocatoria-en-la-poda-anual-de-rosas-en-la-plaza-central\/"},"wordCount":491,"publisher":{"@id":"https:\/\/experienciadevida.com.ar\/portalurbano\/#organization"},"articleSection":["Ciudad"],"inLanguage":"es"},{"@type":"WebPage","@id":"https:\/\/experienciadevida.com.ar\/portalurbano\/exitosa-convocatoria-en-la-poda-anual-de-rosas-en-la-plaza-central\/","url":"https:\/\/experienciadevida.com.ar\/portalurbano\/exitosa-convocatoria-en-la-poda-anual-de-rosas-en-la-plaza-central\/","name":"Exitosa convocatoria en la poda anual de rosas en la plaza central","isPartOf":{"@id":"https:\/\/experienciadevida.com.ar\/portalurbano\/#website"},"datePublished":"2022-08-26T12:56:13+00:00","dateModified":"2022-08-26T12:56:41+00:00","description":"Exitosa convocatoria en la poda anual de rosas en la Plaza Central, como es habitual, en esta \u00e9poca del a\u00f1o, a mediados de agosto","breadcrumb":{"@id":"https:\/\/experienciadevida.com.ar\/portalurbano\/exitosa-convocatoria-en-la-poda-anual-de-rosas-en-la-plaza-central\/#breadcrumb"},"inLanguage":"es","potentialAction":[{"@type":"ReadAction","target":["https:\/\/experienciadevida.com.ar\/portalurbano\/exitosa-convocatoria-en-la-poda-anual-de-rosas-en-la-plaza-central\/"]}]},{"@type":"BreadcrumbList","@id":"https:\/\/experienciadevida.com.ar\/portalurbano\/exitosa-convocatoria-en-la-poda-anual-de-rosas-en-la-plaza-central\/#breadcrumb","itemListElement":[{"@type":"ListItem","position":1,"name":"Portada","item":"https:\/\/experienciadevida.com.ar\/portalurbano\/"},{"@type":"ListItem","position":2,"name":"Exitosa convocatoria en la poda anual de rosas en la Plaza Central"}]},{"@type":"WebSite","@id":"https:\/\/experienciadevida.com.ar\/portalurbano\/#website","url":"https:\/\/experienciadevida.com.ar\/portalurbano\/","name":"","description":"","publisher":{"@id":"https:\/\/experienciadevida.com.ar\/portalurbano\/#organization"},"potentialAction":[{"@type":"SearchAction","target":{"@type":"EntryPoint","urlTemplate":"https:\/\/experienciadevida.com.ar\/portalurbano\/?s={search_term_string}"},"query-input":"required name=search_term_string"}],"inLanguage":"es"},{"@type":"Organization","@id":"https:\/\/experienciadevida.com.ar\/portalurbano\/#organization","name":"Portal Urbano","url":"https:\/\/experienciadevida.com.ar\/portalurbano\/","logo":{"@type":"ImageObject","inLanguage":"es","@id":"https:\/\/experienciadevida.com.ar\/portalurbano\/#\/schema\/logo\/image\/","url":"https:\/\/experienciadevida.com.ar\/portalurbano\/wp-content\/uploads\/2019\/09\/Logo-Original.png","contentUrl":"https:\/\/experienciadevida.com.ar\/portalurbano\/wp-content\/uploads\/2019\/09\/Logo-Original.png","width":2236,"height":1216,"caption":"Portal Urbano"},"image":{"@id":"https:\/\/experienciadevida.com.ar\/portalurbano\/#\/schema\/logo\/image\/"},"sameAs":["https:\/\/www.facebook.com\/Portal-Urbano-171542830093757\/","https:\/\/twitter.com\/portalurbanook","https:\/\/www.instagram.com\/_portalurbano\/","https:\/\/www.youtube.com\/channel\/UCXhagIfszH8KxFiOok79zbA?view_as=subscriber"]},{"@type":"Person","@id":"https:\/\/experienciadevida.com.ar\/portalurbano\/#\/schema\/person\/02dd326b1c4b056e9cc972486934a3a7","name":"admpu17wp","image":{"@type":"ImageObject","inLanguage":"es","@id":"https:\/\/experienciadevida.com.ar\/portalurbano\/#\/schema\/person\/image\/","url":"https:\/\/secure.gravatar.com\/avatar\/830d4c57adaae6630765e449a6908047?s=96&d=mm&r=g","contentUrl":"https:\/\/secure.gravatar.com\/avatar\/830d4c57adaae6630765e449a6908047?s=96&d=mm&r=g","caption":"admpu17wp"}}]}},"featured_image_urls":{"full":["https:\/\/experienciadevida.com.ar\/portalurbano\/wp-content\/uploads\/2022\/08\/Exitosa-convocatoria-en-la.jpg",2560,1711,false],"thumbnail":["https:\/\/experienciadevida.com.ar\/portalurbano\/wp-content\/uploads\/2022\/08\/Exitosa-convocatoria-en-la-150x150.jpg",150,150,true],"medium":["https:\/\/experienciadevida.com.ar\/portalurbano\/wp-content\/uploads\/2022\/08\/Exitosa-convocatoria-en-la-300x201.jpg",300,201,true],"medium_large":["https:\/\/experienciadevida.com.ar\/portalurbano\/wp-content\/uploads\/2022\/08\/Exitosa-convocatoria-en-la-768x513.jpg",640,428,true],"large":["https:\/\/experienciadevida.com.ar\/portalurbano\/wp-content\/uploads\/2022\/08\/Exitosa-convocatoria-en-la-1024x684.jpg",640,428,true],"ug_big":["https:\/\/experienciadevida.com.ar\/portalurbano\/wp-content\/uploads\/2022\/08\/Exitosa-convocatoria-en-la-768x513.jpg",768,513,true],"1536x1536":["https:\/\/experienciadevida.com.ar\/portalurbano\/wp-content\/uploads\/2022\/08\/Exitosa-convocatoria-en-la-1536x1027.jpg",1536,1027,true],"2048x2048":["https:\/\/experienciadevida.com.ar\/portalurbano\/wp-content\/uploads\/2022\/08\/Exitosa-convocatoria-en-la-2048x1369.jpg",2048,1369,true],"newsever-slider-full":["https:\/\/experienciadevida.com.ar\/portalurbano\/wp-content\/uploads\/2022\/08\/Exitosa-convocatoria-en-la.jpg",1264,845,false],"newsever-featured":["https:\/\/experienciadevida.com.ar\/portalurbano\/wp-content\/uploads\/2022\/08\/Exitosa-convocatoria-en-la.jpg",1024,684,false],"newsever-medium":["https:\/\/experienciadevida.com.ar\/portalurbano\/wp-content\/uploads\/2022\/08\/Exitosa-convocatoria-en-la.jpg",711,475,false],"web-stories-poster-portrait":["https:\/\/experienciadevida.com.ar\/portalurbano\/wp-content\/uploads\/2022\/08\/Exitosa-convocatoria-en-la-640x853.jpg",640,853,true],"web-stories-publisher-logo":["https:\/\/experienciadevida.com.ar\/portalurbano\/wp-content\/uploads\/2022\/08\/Exitosa-convocatoria-en-la-96x96.jpg",96,96,true],"web-stories-thumbnail":["https:\/\/experienciadevida.com.ar\/portalurbano\/wp-content\/uploads\/2022\/08\/Exitosa-convocatoria-en-la-150x100.jpg",150,100,true]},"author_info":{"display_name":"admpu17wp","author_link":"https:\/\/experienciadevida.com.ar\/portalurbano\/author\/admpu17wp\/"},"category_info":"<a href=\"https:\/\/experienciadevida.com.ar\/portalurbano\/category\/ciudad\/\" rel=\"category tag\">Ciudad<\/a>","tag_info":"Ciudad","comment_count":"0","amp_enabled":true,"_links":{"self":[{"href":"https:\/\/experienciadevida.com.ar\/portalurbano\/wp-json\/wp\/v2\/posts\/174116"}],"collection":[{"href":"https:\/\/experienciadevida.com.ar\/portalurbano\/wp-json\/wp\/v2\/posts"}],"about":[{"href":"https:\/\/experienciadevida.com.ar\/portalurbano\/wp-json\/wp\/v2\/types\/post"}],"author":[{"embeddable":true,"href":"https:\/\/experienciadevida.com.ar\/portalurbano\/wp-json\/wp\/v2\/users\/1"}],"replies":[{"embeddable":true,"href":"https:\/\/experienciadevida.com.ar\/portalurbano\/wp-json\/wp\/v2\/comments?post=174116"}],"version-history":[{"count":2,"href":"https:\/\/experienciadevida.com.ar\/portalurbano\/wp-json\/wp\/v2\/posts\/174116\/revisions"}],"predecessor-version":[{"id":174120,"href":"https:\/\/experienciadevida.com.ar\/portalurbano\/wp-json\/wp\/v2\/posts\/174116\/revisions\/174120"}],"wp:featuredmedia":[{"embeddable":true,"href":"https:\/\/experienciadevida.com.ar\/portalurbano\/wp-json\/wp\/v2\/media\/174117"}],"wp:attachment":[{"href":"https:\/\/experienciadevida.com.ar\/portalurbano\/wp-json\/wp\/v2\/media?parent=174116"}],"wp:term":[{"taxonomy":"category","embeddable":true,"href":"https:\/\/experienciadevida.com.ar\/portalurbano\/wp-json\/wp\/v2\/categories?post=174116"},{"taxonomy":"post_tag","embeddable":true,"href":"https:\/\/experienciadevida.com.ar\/portalurbano\/wp-json\/wp\/v2\/tags?post=174116"}],"curies":[{"name":"wp","href":"https:\/\/api.w.org\/{rel}","templated":true}]}}