{"id":174090,"date":"2022-08-25T21:37:22","date_gmt":"2022-08-26T00:37:22","guid":{"rendered":"https:\/\/experienciadevida.com.ar\/portalurbano\/?p=174090"},"modified":"2022-08-25T21:39:18","modified_gmt":"2022-08-26T00:39:18","slug":"landivar-aca-quien-tiene-que-tener-la-voluntad-politica-de-concretar-las-gestiones-de-vivienda-es-el-intendente-galli","status":"publish","type":"post","link":"https:\/\/experienciadevida.com.ar\/portalurbano\/landivar-aca-quien-tiene-que-tener-la-voluntad-politica-de-concretar-las-gestiones-de-vivienda-es-el-intendente-galli\/","title":{"rendered":"Landivar \u201cAc\u00e1 quien tiene que tener la voluntad pol\u00edtica de concretar las gestiones de vivienda es el intendente Galli\u201d"},"content":{"rendered":"<p><a href=\"https:\/\/www.instagram.com\/landivar_mercedes\/\">Landivar<\/a> \u201cAc\u00e1 quien tiene que tener la voluntad pol\u00edtica de concretar las gestiones de vivienda es el intendente Galli\u201d.<\/p>\n<p>Nuevamente un pedido de informes expuso la problem\u00e1tica con respecto al d\u00e9ficit habitacional en Olavarr\u00eda y las localidades. Vecinos de Sierras Bayas y Colonia Hinojo denunciaron que siguen sin tener respuesta por parte del municipio y del intendente.<\/p>\n<p>La concejal Landivar fue qui\u00e9n explic\u00f3 la situaci\u00f3n que est\u00e1n viviendo los vecinos de las localidades: \u201cEstamos hablando nuevamente de la problem\u00e1tica habitacional que no solo tenemos en Olavarr\u00eda sino tambi\u00e9n en las localidades, escuch\u00e1bamos a los vecinos de Sierras Bayas que esperan hacen 7 a\u00f1os la generaci\u00f3n de lotes con servicio de un predio que fue donado por una empresa privada\u201d.<\/p>\n<p>Con relaci\u00f3n a la situaci\u00f3n de Colonia Hinojo Landivar detall\u00f3: \u201cSon 60 familias que est\u00e1n en condiciones de adquirir sus lotes, 60 familias que quieren seguir viviendo en Colonia Hinojo, quieren quedarse en su lugar. Realmente no entendemos, la tierra est\u00e1, la ordenanza est\u00e1 aprobada, las personas cumplen los requisitos, est\u00e1n anotados en el registro habitacional, \u00bfQu\u00e9 es lo que est\u00e1n esperando?. El proyecto fue aprobado hace un a\u00f1o y los vecinos nos han informado que todav\u00eda no tienen novedades\u201d.<\/p>\n<p>En la misma l\u00ednea, sobre la demanda habitacional y la responsabilidad del municipio la concejala sentenci\u00f3: \u201cLa problem\u00e1tica es similar en Colonia San Miguel, Colonia Hinojo y Sierras Bayas, esto deja entrever que hay funcionarios que no funcionan, y no los empleados municipales, ac\u00e1 quien tiene que tener la voluntad pol\u00edtica de concretar las gestiones de vivienda es el intendente Galli. Esto verdaderamente es falta de gesti\u00f3n, falta de voluntad pol\u00edtica, falta de un equipo concreto abocado a este tipo de gestiones\u201d.<\/p>\n<p>\u201cDesde el lugar que nos toca nos seguimos ocupando de la problem\u00e1tica habitacional, puedo mencionar la ampliaci\u00f3n de un 30% de la planta urbana que desde 2017 estaba trabada y gracias a gestiones provinciales este a\u00f1o se pudo destrabar; el barrio Educadores tambi\u00e9n estancado desde 2017, 21 viviendas de primera calidad que se est\u00e1n concretando, estar\u00eda bueno que las visiten y comparen con lo que est\u00e1n haciendo con las TUVI, los 14 adjudicatarios siguen esperando respuestas, nunca les contestaron, nunca los recibieron. Por otro lado quiero mencionar las 30 viviendas del barrio AOMA que se est\u00e1n construyendo y el financiamiento de Naci\u00f3n para la generaci\u00f3n de 114 lotes, todo se hizo en este periodo no en la gobernaci\u00f3n de Vidal o Macri\u201d, concluy\u00f3.<\/p>\n","protected":false},"excerpt":{"rendered":"<p>Landivar \u201cAc\u00e1 quien tiene que tener la voluntad pol\u00edtica de concretar las gestiones de vivienda&#8230;<\/p>\n","protected":false},"author":1,"featured_media":174091,"comment_status":"closed","ping_status":"closed","sticky":false,"template":"","format":"standard","meta":{"content-type":""},"categories":[27,64],"tags":[],"nelio_content":{"isAutoShareEnabled":false,"autoShareEndMode":"default","automationSources":{"useContentSentences":true,"useSocialTemplates":true,"useCustomSentences":false,"customSentences":[]},"followers":[1],"suggestedReferences":[],"includedReferences":[],"efiUrl":"","efiAlt":"","highlights":[]},"yoast_head":"<!-- This site is optimized with the Yoast SEO plugin v20.7 - https:\/\/yoast.com\/wordpress\/plugins\/seo\/ -->\n<title>Landivar &quot;Ac\u00e1 quien tiene que tener la voluntad es el Intendente&quot;<\/title>\n<meta name=\"description\" content=\"Landivar \u201cAc\u00e1 quien tiene que tener la voluntad pol\u00edtica de concretar las gestiones de vivienda es el intendente Galli\u201d.\" \/>\n<meta name=\"robots\" content=\"index, follow, max-snippet:-1, max-image-preview:large, max-video-preview:-1\" \/>\n<link rel=\"canonical\" href=\"https:\/\/experienciadevida.com.ar\/portalurbano\/landivar-aca-quien-tiene-que-tener-la-voluntad-politica-de-concretar-las-gestiones-de-vivienda-es-el-intendente-galli\/\" \/>\n<meta property=\"og:locale\" content=\"es_ES\" \/>\n<meta property=\"og:type\" content=\"article\" \/>\n<meta property=\"og:title\" content=\"Landivar &quot;Ac\u00e1 quien tiene que tener la voluntad es el Intendente&quot;\" \/>\n<meta property=\"og:description\" content=\"Landivar \u201cAc\u00e1 quien tiene que tener la voluntad pol\u00edtica de concretar las gestiones de vivienda es el intendente Galli\u201d.\" \/>\n<meta property=\"og:url\" content=\"https:\/\/experienciadevida.com.ar\/portalurbano\/landivar-aca-quien-tiene-que-tener-la-voluntad-politica-de-concretar-las-gestiones-de-vivienda-es-el-intendente-galli\/\" \/>\n<meta property=\"article:publisher\" content=\"https:\/\/www.facebook.com\/Portal-Urbano-171542830093757\/\" \/>\n<meta property=\"article:published_time\" content=\"2022-08-26T00:37:22+00:00\" \/>\n<meta property=\"article:modified_time\" content=\"2022-08-26T00:39:18+00:00\" \/>\n<meta property=\"og:image\" content=\"https:\/\/experienciadevida.com.ar\/portalurbano\/wp-content\/uploads\/2022\/08\/Landivar.jpg\" \/>\n\t<meta property=\"og:image:width\" content=\"1600\" \/>\n\t<meta property=\"og:image:height\" content=\"1022\" \/>\n\t<meta property=\"og:image:type\" content=\"image\/jpeg\" \/>\n<meta name=\"author\" content=\"admpu17wp\" \/>\n<meta name=\"twitter:card\" content=\"summary_large_image\" \/>\n<meta name=\"twitter:creator\" content=\"@portalurbanook\" \/>\n<meta name=\"twitter:site\" content=\"@portalurbanook\" \/>\n<meta name=\"twitter:label1\" content=\"Escrito por\" \/>\n\t<meta name=\"twitter:data1\" content=\"admpu17wp\" \/>\n\t<meta name=\"twitter:label2\" content=\"Tiempo de lectura\" \/>\n\t<meta name=\"twitter:data2\" content=\"2 minutos\" \/>\n<script type=\"application\/ld+json\" class=\"yoast-schema-graph\">{\"@context\":\"https:\/\/schema.org\",\"@graph\":[{\"@type\":\"Article\",\"@id\":\"https:\/\/experienciadevida.com.ar\/portalurbano\/landivar-aca-quien-tiene-que-tener-la-voluntad-politica-de-concretar-las-gestiones-de-vivienda-es-el-intendente-galli\/#article\",\"isPartOf\":{\"@id\":\"https:\/\/experienciadevida.com.ar\/portalurbano\/landivar-aca-quien-tiene-que-tener-la-voluntad-politica-de-concretar-las-gestiones-de-vivienda-es-el-intendente-galli\/\"},\"author\":{\"name\":\"admpu17wp\",\"@id\":\"https:\/\/experienciadevida.com.ar\/portalurbano\/#\/schema\/person\/02dd326b1c4b056e9cc972486934a3a7\"},\"headline\":\"Landivar \u201cAc\u00e1 quien tiene que tener la voluntad pol\u00edtica de concretar las gestiones de vivienda es el intendente Galli\u201d\",\"datePublished\":\"2022-08-26T00:37:22+00:00\",\"dateModified\":\"2022-08-26T00:39:18+00:00\",\"mainEntityOfPage\":{\"@id\":\"https:\/\/experienciadevida.com.ar\/portalurbano\/landivar-aca-quien-tiene-que-tener-la-voluntad-politica-de-concretar-las-gestiones-de-vivienda-es-el-intendente-galli\/\"},\"wordCount\":450,\"publisher\":{\"@id\":\"https:\/\/experienciadevida.com.ar\/portalurbano\/#organization\"},\"articleSection\":[\"Ciudad\",\"Destacadas 2\"],\"inLanguage\":\"es\"},{\"@type\":\"WebPage\",\"@id\":\"https:\/\/experienciadevida.com.ar\/portalurbano\/landivar-aca-quien-tiene-que-tener-la-voluntad-politica-de-concretar-las-gestiones-de-vivienda-es-el-intendente-galli\/\",\"url\":\"https:\/\/experienciadevida.com.ar\/portalurbano\/landivar-aca-quien-tiene-que-tener-la-voluntad-politica-de-concretar-las-gestiones-de-vivienda-es-el-intendente-galli\/\",\"name\":\"Landivar \\\"Ac\u00e1 quien tiene que tener la voluntad es el Intendente\\\"\",\"isPartOf\":{\"@id\":\"https:\/\/experienciadevida.com.ar\/portalurbano\/#website\"},\"datePublished\":\"2022-08-26T00:37:22+00:00\",\"dateModified\":\"2022-08-26T00:39:18+00:00\",\"description\":\"Landivar \u201cAc\u00e1 quien tiene que tener la voluntad pol\u00edtica de concretar las gestiones de vivienda es el intendente Galli\u201d.\",\"breadcrumb\":{\"@id\":\"https:\/\/experienciadevida.com.ar\/portalurbano\/landivar-aca-quien-tiene-que-tener-la-voluntad-politica-de-concretar-las-gestiones-de-vivienda-es-el-intendente-galli\/#breadcrumb\"},\"inLanguage\":\"es\",\"potentialAction\":[{\"@type\":\"ReadAction\",\"target\":[\"https:\/\/experienciadevida.com.ar\/portalurbano\/landivar-aca-quien-tiene-que-tener-la-voluntad-politica-de-concretar-las-gestiones-de-vivienda-es-el-intendente-galli\/\"]}]},{\"@type\":\"BreadcrumbList\",\"@id\":\"https:\/\/experienciadevida.com.ar\/portalurbano\/landivar-aca-quien-tiene-que-tener-la-voluntad-politica-de-concretar-las-gestiones-de-vivienda-es-el-intendente-galli\/#breadcrumb\",\"itemListElement\":[{\"@type\":\"ListItem\",\"position\":1,\"name\":\"Portada\",\"item\":\"https:\/\/experienciadevida.com.ar\/portalurbano\/\"},{\"@type\":\"ListItem\",\"position\":2,\"name\":\"Landivar \u201cAc\u00e1 quien tiene que tener la voluntad pol\u00edtica de concretar las gestiones de vivienda es el intendente Galli\u201d\"}]},{\"@type\":\"WebSite\",\"@id\":\"https:\/\/experienciadevida.com.ar\/portalurbano\/#website\",\"url\":\"https:\/\/experienciadevida.com.ar\/portalurbano\/\",\"name\":\"\",\"description\":\"\",\"publisher\":{\"@id\":\"https:\/\/experienciadevida.com.ar\/portalurbano\/#organization\"},\"potentialAction\":[{\"@type\":\"SearchAction\",\"target\":{\"@type\":\"EntryPoint\",\"urlTemplate\":\"https:\/\/experienciadevida.com.ar\/portalurbano\/?s={search_term_string}\"},\"query-input\":\"required name=search_term_string\"}],\"inLanguage\":\"es\"},{\"@type\":\"Organization\",\"@id\":\"https:\/\/experienciadevida.com.ar\/portalurbano\/#organization\",\"name\":\"Portal Urbano\",\"url\":\"https:\/\/experienciadevida.com.ar\/portalurbano\/\",\"logo\":{\"@type\":\"ImageObject\",\"inLanguage\":\"es\",\"@id\":\"https:\/\/experienciadevida.com.ar\/portalurbano\/#\/schema\/logo\/image\/\",\"url\":\"https:\/\/experienciadevida.com.ar\/portalurbano\/wp-content\/uploads\/2019\/09\/Logo-Original.png\",\"contentUrl\":\"https:\/\/experienciadevida.com.ar\/portalurbano\/wp-content\/uploads\/2019\/09\/Logo-Original.png\",\"width\":2236,\"height\":1216,\"caption\":\"Portal Urbano\"},\"image\":{\"@id\":\"https:\/\/experienciadevida.com.ar\/portalurbano\/#\/schema\/logo\/image\/\"},\"sameAs\":[\"https:\/\/www.facebook.com\/Portal-Urbano-171542830093757\/\",\"https:\/\/twitter.com\/portalurbanook\",\"https:\/\/www.instagram.com\/_portalurbano\/\",\"https:\/\/www.youtube.com\/channel\/UCXhagIfszH8KxFiOok79zbA?view_as=subscriber\"]},{\"@type\":\"Person\",\"@id\":\"https:\/\/experienciadevida.com.ar\/portalurbano\/#\/schema\/person\/02dd326b1c4b056e9cc972486934a3a7\",\"name\":\"admpu17wp\",\"image\":{\"@type\":\"ImageObject\",\"inLanguage\":\"es\",\"@id\":\"https:\/\/experienciadevida.com.ar\/portalurbano\/#\/schema\/person\/image\/\",\"url\":\"https:\/\/secure.gravatar.com\/avatar\/830d4c57adaae6630765e449a6908047?s=96&d=mm&r=g\",\"contentUrl\":\"https:\/\/secure.gravatar.com\/avatar\/830d4c57adaae6630765e449a6908047?s=96&d=mm&r=g\",\"caption\":\"admpu17wp\"}}]}<\/script>\n<!-- \/ Yoast SEO plugin. -->","yoast_head_json":{"title":"Landivar \"Ac\u00e1 quien tiene que tener la voluntad es el Intendente\"","description":"Landivar \u201cAc\u00e1 quien tiene que tener la voluntad pol\u00edtica de concretar las gestiones de vivienda es el intendente Galli\u201d.","robots":{"index":"index","follow":"follow","max-snippet":"max-snippet:-1","max-image-preview":"max-image-preview:large","max-video-preview":"max-video-preview:-1"},"canonical":"https:\/\/experienciadevida.com.ar\/portalurbano\/landivar-aca-quien-tiene-que-tener-la-voluntad-politica-de-concretar-las-gestiones-de-vivienda-es-el-intendente-galli\/","og_locale":"es_ES","og_type":"article","og_title":"Landivar \"Ac\u00e1 quien tiene que tener la voluntad es el Intendente\"","og_description":"Landivar \u201cAc\u00e1 quien tiene que tener la voluntad pol\u00edtica de concretar las gestiones de vivienda es el intendente Galli\u201d.","og_url":"https:\/\/experienciadevida.com.ar\/portalurbano\/landivar-aca-quien-tiene-que-tener-la-voluntad-politica-de-concretar-las-gestiones-de-vivienda-es-el-intendente-galli\/","article_publisher":"https:\/\/www.facebook.com\/Portal-Urbano-171542830093757\/","article_published_time":"2022-08-26T00:37:22+00:00","article_modified_time":"2022-08-26T00:39:18+00:00","og_image":[{"width":1600,"height":1022,"url":"https:\/\/experienciadevida.com.ar\/portalurbano\/wp-content\/uploads\/2022\/08\/Landivar.jpg","type":"image\/jpeg"}],"author":"admpu17wp","twitter_card":"summary_large_image","twitter_creator":"@portalurbanook","twitter_site":"@portalurbanook","twitter_misc":{"Escrito por":"admpu17wp","Tiempo de lectura":"2 minutos"},"schema":{"@context":"https:\/\/schema.org","@graph":[{"@type":"Article","@id":"https:\/\/experienciadevida.com.ar\/portalurbano\/landivar-aca-quien-tiene-que-tener-la-voluntad-politica-de-concretar-las-gestiones-de-vivienda-es-el-intendente-galli\/#article","isPartOf":{"@id":"https:\/\/experienciadevida.com.ar\/portalurbano\/landivar-aca-quien-tiene-que-tener-la-voluntad-politica-de-concretar-las-gestiones-de-vivienda-es-el-intendente-galli\/"},"author":{"name":"admpu17wp","@id":"https:\/\/experienciadevida.com.ar\/portalurbano\/#\/schema\/person\/02dd326b1c4b056e9cc972486934a3a7"},"headline":"Landivar \u201cAc\u00e1 quien tiene que tener la voluntad pol\u00edtica de concretar las gestiones de vivienda es el intendente Galli\u201d","datePublished":"2022-08-26T00:37:22+00:00","dateModified":"2022-08-26T00:39:18+00:00","mainEntityOfPage":{"@id":"https:\/\/experienciadevida.com.ar\/portalurbano\/landivar-aca-quien-tiene-que-tener-la-voluntad-politica-de-concretar-las-gestiones-de-vivienda-es-el-intendente-galli\/"},"wordCount":450,"publisher":{"@id":"https:\/\/experienciadevida.com.ar\/portalurbano\/#organization"},"articleSection":["Ciudad","Destacadas 2"],"inLanguage":"es"},{"@type":"WebPage","@id":"https:\/\/experienciadevida.com.ar\/portalurbano\/landivar-aca-quien-tiene-que-tener-la-voluntad-politica-de-concretar-las-gestiones-de-vivienda-es-el-intendente-galli\/","url":"https:\/\/experienciadevida.com.ar\/portalurbano\/landivar-aca-quien-tiene-que-tener-la-voluntad-politica-de-concretar-las-gestiones-de-vivienda-es-el-intendente-galli\/","name":"Landivar \"Ac\u00e1 quien tiene que tener la voluntad es el Intendente\"","isPartOf":{"@id":"https:\/\/experienciadevida.com.ar\/portalurbano\/#website"},"datePublished":"2022-08-26T00:37:22+00:00","dateModified":"2022-08-26T00:39:18+00:00","description":"Landivar \u201cAc\u00e1 quien tiene que tener la voluntad pol\u00edtica de concretar las gestiones de vivienda es el intendente Galli\u201d.","breadcrumb":{"@id":"https:\/\/experienciadevida.com.ar\/portalurbano\/landivar-aca-quien-tiene-que-tener-la-voluntad-politica-de-concretar-las-gestiones-de-vivienda-es-el-intendente-galli\/#breadcrumb"},"inLanguage":"es","potentialAction":[{"@type":"ReadAction","target":["https:\/\/experienciadevida.com.ar\/portalurbano\/landivar-aca-quien-tiene-que-tener-la-voluntad-politica-de-concretar-las-gestiones-de-vivienda-es-el-intendente-galli\/"]}]},{"@type":"BreadcrumbList","@id":"https:\/\/experienciadevida.com.ar\/portalurbano\/landivar-aca-quien-tiene-que-tener-la-voluntad-politica-de-concretar-las-gestiones-de-vivienda-es-el-intendente-galli\/#breadcrumb","itemListElement":[{"@type":"ListItem","position":1,"name":"Portada","item":"https:\/\/experienciadevida.com.ar\/portalurbano\/"},{"@type":"ListItem","position":2,"name":"Landivar \u201cAc\u00e1 quien tiene que tener la voluntad pol\u00edtica de concretar las gestiones de vivienda es el intendente Galli\u201d"}]},{"@type":"WebSite","@id":"https:\/\/experienciadevida.com.ar\/portalurbano\/#website","url":"https:\/\/experienciadevida.com.ar\/portalurbano\/","name":"","description":"","publisher":{"@id":"https:\/\/experienciadevida.com.ar\/portalurbano\/#organization"},"potentialAction":[{"@type":"SearchAction","target":{"@type":"EntryPoint","urlTemplate":"https:\/\/experienciadevida.com.ar\/portalurbano\/?s={search_term_string}"},"query-input":"required name=search_term_string"}],"inLanguage":"es"},{"@type":"Organization","@id":"https:\/\/experienciadevida.com.ar\/portalurbano\/#organization","name":"Portal Urbano","url":"https:\/\/experienciadevida.com.ar\/portalurbano\/","logo":{"@type":"ImageObject","inLanguage":"es","@id":"https:\/\/experienciadevida.com.ar\/portalurbano\/#\/schema\/logo\/image\/","url":"https:\/\/experienciadevida.com.ar\/portalurbano\/wp-content\/uploads\/2019\/09\/Logo-Original.png","contentUrl":"https:\/\/experienciadevida.com.ar\/portalurbano\/wp-content\/uploads\/2019\/09\/Logo-Original.png","width":2236,"height":1216,"caption":"Portal Urbano"},"image":{"@id":"https:\/\/experienciadevida.com.ar\/portalurbano\/#\/schema\/logo\/image\/"},"sameAs":["https:\/\/www.facebook.com\/Portal-Urbano-171542830093757\/","https:\/\/twitter.com\/portalurbanook","https:\/\/www.instagram.com\/_portalurbano\/","https:\/\/www.youtube.com\/channel\/UCXhagIfszH8KxFiOok79zbA?view_as=subscriber"]},{"@type":"Person","@id":"https:\/\/experienciadevida.com.ar\/portalurbano\/#\/schema\/person\/02dd326b1c4b056e9cc972486934a3a7","name":"admpu17wp","image":{"@type":"ImageObject","inLanguage":"es","@id":"https:\/\/experienciadevida.com.ar\/portalurbano\/#\/schema\/person\/image\/","url":"https:\/\/secure.gravatar.com\/avatar\/830d4c57adaae6630765e449a6908047?s=96&d=mm&r=g","contentUrl":"https:\/\/secure.gravatar.com\/avatar\/830d4c57adaae6630765e449a6908047?s=96&d=mm&r=g","caption":"admpu17wp"}}]}},"featured_image_urls":{"full":["https:\/\/experienciadevida.com.ar\/portalurbano\/wp-content\/uploads\/2022\/08\/Landivar.jpg",1600,1022,false],"thumbnail":["https:\/\/experienciadevida.com.ar\/portalurbano\/wp-content\/uploads\/2022\/08\/Landivar-150x150.jpg",150,150,true],"medium":["https:\/\/experienciadevida.com.ar\/portalurbano\/wp-content\/uploads\/2022\/08\/Landivar-300x192.jpg",300,192,true],"medium_large":["https:\/\/experienciadevida.com.ar\/portalurbano\/wp-content\/uploads\/2022\/08\/Landivar-768x491.jpg",640,409,true],"large":["https:\/\/experienciadevida.com.ar\/portalurbano\/wp-content\/uploads\/2022\/08\/Landivar-1024x654.jpg",640,409,true],"ug_big":["https:\/\/experienciadevida.com.ar\/portalurbano\/wp-content\/uploads\/2022\/08\/Landivar-768x491.jpg",768,491,true],"1536x1536":["https:\/\/experienciadevida.com.ar\/portalurbano\/wp-content\/uploads\/2022\/08\/Landivar-1536x981.jpg",1536,981,true],"2048x2048":["https:\/\/experienciadevida.com.ar\/portalurbano\/wp-content\/uploads\/2022\/08\/Landivar.jpg",1600,1022,false],"newsever-slider-full":["https:\/\/experienciadevida.com.ar\/portalurbano\/wp-content\/uploads\/2022\/08\/Landivar.jpg",1280,818,false],"newsever-featured":["https:\/\/experienciadevida.com.ar\/portalurbano\/wp-content\/uploads\/2022\/08\/Landivar.jpg",1024,654,false],"newsever-medium":["https:\/\/experienciadevida.com.ar\/portalurbano\/wp-content\/uploads\/2022\/08\/Landivar.jpg",720,460,false],"web-stories-poster-portrait":["https:\/\/experienciadevida.com.ar\/portalurbano\/wp-content\/uploads\/2022\/08\/Landivar-640x853.jpg",640,853,true],"web-stories-publisher-logo":["https:\/\/experienciadevida.com.ar\/portalurbano\/wp-content\/uploads\/2022\/08\/Landivar-96x96.jpg",96,96,true],"web-stories-thumbnail":["https:\/\/experienciadevida.com.ar\/portalurbano\/wp-content\/uploads\/2022\/08\/Landivar-150x96.jpg",150,96,true]},"author_info":{"display_name":"admpu17wp","author_link":"https:\/\/experienciadevida.com.ar\/portalurbano\/author\/admpu17wp\/"},"category_info":"<a href=\"https:\/\/experienciadevida.com.ar\/portalurbano\/category\/ciudad\/\" rel=\"category tag\">Ciudad<\/a> <a href=\"https:\/\/experienciadevida.com.ar\/portalurbano\/category\/destacadas-2\/\" rel=\"category tag\">Destacadas 2<\/a>","tag_info":"Destacadas 2","comment_count":"0","amp_enabled":true,"_links":{"self":[{"href":"https:\/\/experienciadevida.com.ar\/portalurbano\/wp-json\/wp\/v2\/posts\/174090"}],"collection":[{"href":"https:\/\/experienciadevida.com.ar\/portalurbano\/wp-json\/wp\/v2\/posts"}],"about":[{"href":"https:\/\/experienciadevida.com.ar\/portalurbano\/wp-json\/wp\/v2\/types\/post"}],"author":[{"embeddable":true,"href":"https:\/\/experienciadevida.com.ar\/portalurbano\/wp-json\/wp\/v2\/users\/1"}],"replies":[{"embeddable":true,"href":"https:\/\/experienciadevida.com.ar\/portalurbano\/wp-json\/wp\/v2\/comments?post=174090"}],"version-history":[{"count":2,"href":"https:\/\/experienciadevida.com.ar\/portalurbano\/wp-json\/wp\/v2\/posts\/174090\/revisions"}],"predecessor-version":[{"id":174093,"href":"https:\/\/experienciadevida.com.ar\/portalurbano\/wp-json\/wp\/v2\/posts\/174090\/revisions\/174093"}],"wp:featuredmedia":[{"embeddable":true,"href":"https:\/\/experienciadevida.com.ar\/portalurbano\/wp-json\/wp\/v2\/media\/174091"}],"wp:attachment":[{"href":"https:\/\/experienciadevida.com.ar\/portalurbano\/wp-json\/wp\/v2\/media?parent=174090"}],"wp:term":[{"taxonomy":"category","embeddable":true,"href":"https:\/\/experienciadevida.com.ar\/portalurbano\/wp-json\/wp\/v2\/categories?post=174090"},{"taxonomy":"post_tag","embeddable":true,"href":"https:\/\/experienciadevida.com.ar\/portalurbano\/wp-json\/wp\/v2\/tags?post=174090"}],"curies":[{"name":"wp","href":"https:\/\/api.w.org\/{rel}","templated":true}]}}