{"id":174058,"date":"2022-08-25T15:54:01","date_gmt":"2022-08-25T18:54:01","guid":{"rendered":"https:\/\/experienciadevida.com.ar\/portalurbano\/?p=174058"},"modified":"2022-08-25T15:56:53","modified_gmt":"2022-08-25T18:56:53","slug":"se-aprobo-la-licencia-del-intendente-ezequiel-galli-y-29-instrumentos-normativos","status":"publish","type":"post","link":"https:\/\/experienciadevida.com.ar\/portalurbano\/se-aprobo-la-licencia-del-intendente-ezequiel-galli-y-29-instrumentos-normativos\/","title":{"rendered":"Se aprob\u00f3 la licencia del intendente Ezequiel Galli y 29 instrumentos normativos"},"content":{"rendered":"<p>Se aprob\u00f3 la licencia del intendente Ezequiel <a href=\"https:\/\/www.instagram.com\/galliezequiel\/\">Galli<\/a> y 29 instrumentos normativos, este jueves se llevaron adelante la Sesi\u00f3n Especial convocada por Decreto 037\/22 y la Und\u00e9cima Sesi\u00f3n Ordinaria del periodo 2022.<\/p>\n<p>Tal lo anunciado en el inicio de la Sesi\u00f3n la presidenta del Concejo Deliberante junto a los presidentes y presidentas de los distintos bloques pol\u00edticos entregaron al Grupo \u201cCan Can\u201d el galard\u00f3n de \u201cHonor al M\u00e9rito Ciudadano\u201d.<\/p>\n<p>Posteriormente se convoc\u00f3 a concejales y concejalas a iniciar la Sesi\u00f3n Especial convocada por Decreto 037\/22 donde se aprob\u00f3 la licencia del intendente Municipal, Ezequiel Galli desde el 26 de agosto al 2 de septiembre, inclusive. La licencia fue aprobada por unanimidad. En la continuidad de la votaci\u00f3n se aprob\u00f3 la licencia del concejal Juan Mujica quien asumir\u00e1 como Intendente interino. Juan Mujica ser\u00e1 reemplazado \u2013tal lo dej\u00f3 establecido la Junta Electoral\u2013 por el concejal suplente de Juntos por el Cambio, Guillermo Lascano.<\/p>\n<p>Tras esto se inici\u00f3 el tratamiento de los temas incluidos en el Orden del D\u00eda de la Und\u00e9cima Sesi\u00f3n Ordinaria del periodo 2022. Por pedido del bloque del Frente de Todos se solicit\u00f3 alterar el Orden del D\u00eda, por lo que se puso en debate un Pedido de Informes vinculado al Programa Municipal de Ventas de Lotes en la localidad de Colonia Hinojo. Tomaron la palabra Mercedes Land\u00edvar, Maite Salerno, Celeste Arouxet y Juan S\u00e1nchez. El Pedido de Informes se aprob\u00f3 por unanimidad.<\/p>\n<p>Durante la Und\u00e9cima Sesi\u00f3n Ordinaria qued\u00f3 sancionada la Ordenanza Municipal N\u00b0 4958\/22 donde se le impusieron los nombres de Susana Garc\u00eda a la sala de espera del CAPS N\u00b0 5 y Marcela Pacheco al CAPS N\u00b0 6. Tras la sanci\u00f3n de las Ordenanzas concejales y concejalas saludaron a familiares de las vecinas homenajeadas.<\/p>\n<p>Tras un cuarto intermedio se aprob\u00f3 \u2013por unanimidad\u2013 una Resoluci\u00f3n en donde se solicitan distintas obras en el barrio Eucaliptus.<\/p>\n<p>Con el objetivo de homenajear a los ex combatientes de Malvinas fueron sancionadas las Ordenanzas N\u00b0 4959\/22 y 4960. Las mismas determinan la implementaci\u00f3n de un protocolo ante el fallecimiento de un ex combatiente y un protocolo de reconocimiento e identificaci\u00f3n de viviendas de ex combatientes de Malvinas, en el marco del cuadrag\u00e9simo aniversario del conflicto b\u00e9lico de las Islas Malvinas. La concejala Telma Cazot argument\u00f3 ambos proyectos los que fueron ilustrados con la lectura de un emotivo cuento. Al homenaje, al momento del tratamiento de los proyectos, se sum\u00f3 el concejal Sebasti\u00e1n Matrella.<\/p>\n<p>El Concejo Deliberante de Olavarr\u00eda, tras la sanci\u00f3n de la Ordenanza 4961\/22, declara la primera semana de mayo como la \u201cSemana por el Derecho a Jugar\u201d. El origen de la Ordenanza es un proyecto presentado por la Facultad de Ciencias de la Salud.<\/p>\n<p>Posteriormente se sancionaron seis Ordenanzas promovidas por el Departamento Ejecutivo Municipal. Se trata de las Ordenanzas 4962, 4963, 4964, 4965, 4966, 4967.<\/p>\n<p>Durante la Und\u00e9cima Sesi\u00f3n Ordinaria se sancionaron un total de once Ordenanzas.<\/p>\n<p>Posteriormente se inici\u00f3 el debate de 17 proyectos que, por cuestiones reglamentarias, correspond\u00eda el tratamiento sobre tablas. Dos de estos hab\u00edan sido sancionados con anterioridad dado pedidos formulados con anterioridad por el bloque del Frente de Todos. No hubo proyectos presentados por el bloque Ahora Olavarr\u00eda.<\/p>\n","protected":false},"excerpt":{"rendered":"<p>Se aprob\u00f3 la licencia del intendente Ezequiel Galli y 29 instrumentos normativos, este jueves se&#8230;<\/p>\n","protected":false},"author":1,"featured_media":174059,"comment_status":"closed","ping_status":"closed","sticky":false,"template":"","format":"standard","meta":{"content-type":""},"categories":[27,64],"tags":[],"nelio_content":{"isAutoShareEnabled":false,"autoShareEndMode":"default","automationSources":{"useContentSentences":true,"useSocialTemplates":true,"useCustomSentences":false,"customSentences":[]},"followers":[1],"suggestedReferences":[],"includedReferences":[],"efiUrl":"","efiAlt":"","highlights":[]},"yoast_head":"<!-- This site is optimized with the Yoast SEO plugin v20.7 - https:\/\/yoast.com\/wordpress\/plugins\/seo\/ -->\n<title>Se aprob\u00f3 la licencia del intendente Ezequiel Galli y 29<\/title>\n<meta name=\"description\" content=\"Se aprob\u00f3 la licencia del intendente Ezequiel Galli y 29 instrumentos normativos, este jueves se llevaron adelante la Sesi\u00f3n Especial\" \/>\n<meta name=\"robots\" content=\"index, follow, max-snippet:-1, max-image-preview:large, max-video-preview:-1\" \/>\n<link rel=\"canonical\" href=\"https:\/\/experienciadevida.com.ar\/portalurbano\/se-aprobo-la-licencia-del-intendente-ezequiel-galli-y-29-instrumentos-normativos\/\" \/>\n<meta property=\"og:locale\" content=\"es_ES\" \/>\n<meta property=\"og:type\" content=\"article\" \/>\n<meta property=\"og:title\" content=\"Se aprob\u00f3 la licencia del intendente Ezequiel Galli y 29\" \/>\n<meta property=\"og:description\" content=\"Se aprob\u00f3 la licencia del intendente Ezequiel Galli y 29 instrumentos normativos, este jueves se llevaron adelante la Sesi\u00f3n Especial\" \/>\n<meta property=\"og:url\" content=\"https:\/\/experienciadevida.com.ar\/portalurbano\/se-aprobo-la-licencia-del-intendente-ezequiel-galli-y-29-instrumentos-normativos\/\" \/>\n<meta property=\"article:publisher\" content=\"https:\/\/www.facebook.com\/Portal-Urbano-171542830093757\/\" \/>\n<meta property=\"article:published_time\" content=\"2022-08-25T18:54:01+00:00\" \/>\n<meta property=\"article:modified_time\" content=\"2022-08-25T18:56:53+00:00\" \/>\n<meta property=\"og:image\" content=\"https:\/\/experienciadevida.com.ar\/portalurbano\/wp-content\/uploads\/2022\/08\/Se-aprobo-la-licencia.jpg\" \/>\n\t<meta property=\"og:image:width\" content=\"1280\" \/>\n\t<meta property=\"og:image:height\" content=\"855\" \/>\n\t<meta property=\"og:image:type\" content=\"image\/jpeg\" \/>\n<meta name=\"author\" content=\"admpu17wp\" \/>\n<meta name=\"twitter:card\" content=\"summary_large_image\" \/>\n<meta name=\"twitter:creator\" content=\"@portalurbanook\" \/>\n<meta name=\"twitter:site\" content=\"@portalurbanook\" \/>\n<meta name=\"twitter:label1\" content=\"Escrito por\" \/>\n\t<meta name=\"twitter:data1\" content=\"admpu17wp\" \/>\n\t<meta name=\"twitter:label2\" content=\"Tiempo de lectura\" \/>\n\t<meta name=\"twitter:data2\" content=\"3 minutos\" \/>\n<script type=\"application\/ld+json\" class=\"yoast-schema-graph\">{\"@context\":\"https:\/\/schema.org\",\"@graph\":[{\"@type\":\"Article\",\"@id\":\"https:\/\/experienciadevida.com.ar\/portalurbano\/se-aprobo-la-licencia-del-intendente-ezequiel-galli-y-29-instrumentos-normativos\/#article\",\"isPartOf\":{\"@id\":\"https:\/\/experienciadevida.com.ar\/portalurbano\/se-aprobo-la-licencia-del-intendente-ezequiel-galli-y-29-instrumentos-normativos\/\"},\"author\":{\"name\":\"admpu17wp\",\"@id\":\"https:\/\/experienciadevida.com.ar\/portalurbano\/#\/schema\/person\/02dd326b1c4b056e9cc972486934a3a7\"},\"headline\":\"Se aprob\u00f3 la licencia del intendente Ezequiel Galli y 29 instrumentos normativos\",\"datePublished\":\"2022-08-25T18:54:01+00:00\",\"dateModified\":\"2022-08-25T18:56:53+00:00\",\"mainEntityOfPage\":{\"@id\":\"https:\/\/experienciadevida.com.ar\/portalurbano\/se-aprobo-la-licencia-del-intendente-ezequiel-galli-y-29-instrumentos-normativos\/\"},\"wordCount\":548,\"publisher\":{\"@id\":\"https:\/\/experienciadevida.com.ar\/portalurbano\/#organization\"},\"articleSection\":[\"Ciudad\",\"Destacadas 2\"],\"inLanguage\":\"es\"},{\"@type\":\"WebPage\",\"@id\":\"https:\/\/experienciadevida.com.ar\/portalurbano\/se-aprobo-la-licencia-del-intendente-ezequiel-galli-y-29-instrumentos-normativos\/\",\"url\":\"https:\/\/experienciadevida.com.ar\/portalurbano\/se-aprobo-la-licencia-del-intendente-ezequiel-galli-y-29-instrumentos-normativos\/\",\"name\":\"Se aprob\u00f3 la licencia del intendente Ezequiel Galli y 29\",\"isPartOf\":{\"@id\":\"https:\/\/experienciadevida.com.ar\/portalurbano\/#website\"},\"datePublished\":\"2022-08-25T18:54:01+00:00\",\"dateModified\":\"2022-08-25T18:56:53+00:00\",\"description\":\"Se aprob\u00f3 la licencia del intendente Ezequiel Galli y 29 instrumentos normativos, este jueves se llevaron adelante la Sesi\u00f3n Especial\",\"breadcrumb\":{\"@id\":\"https:\/\/experienciadevida.com.ar\/portalurbano\/se-aprobo-la-licencia-del-intendente-ezequiel-galli-y-29-instrumentos-normativos\/#breadcrumb\"},\"inLanguage\":\"es\",\"potentialAction\":[{\"@type\":\"ReadAction\",\"target\":[\"https:\/\/experienciadevida.com.ar\/portalurbano\/se-aprobo-la-licencia-del-intendente-ezequiel-galli-y-29-instrumentos-normativos\/\"]}]},{\"@type\":\"BreadcrumbList\",\"@id\":\"https:\/\/experienciadevida.com.ar\/portalurbano\/se-aprobo-la-licencia-del-intendente-ezequiel-galli-y-29-instrumentos-normativos\/#breadcrumb\",\"itemListElement\":[{\"@type\":\"ListItem\",\"position\":1,\"name\":\"Portada\",\"item\":\"https:\/\/experienciadevida.com.ar\/portalurbano\/\"},{\"@type\":\"ListItem\",\"position\":2,\"name\":\"Se aprob\u00f3 la licencia del intendente Ezequiel Galli y 29 instrumentos normativos\"}]},{\"@type\":\"WebSite\",\"@id\":\"https:\/\/experienciadevida.com.ar\/portalurbano\/#website\",\"url\":\"https:\/\/experienciadevida.com.ar\/portalurbano\/\",\"name\":\"\",\"description\":\"\",\"publisher\":{\"@id\":\"https:\/\/experienciadevida.com.ar\/portalurbano\/#organization\"},\"potentialAction\":[{\"@type\":\"SearchAction\",\"target\":{\"@type\":\"EntryPoint\",\"urlTemplate\":\"https:\/\/experienciadevida.com.ar\/portalurbano\/?s={search_term_string}\"},\"query-input\":\"required name=search_term_string\"}],\"inLanguage\":\"es\"},{\"@type\":\"Organization\",\"@id\":\"https:\/\/experienciadevida.com.ar\/portalurbano\/#organization\",\"name\":\"Portal Urbano\",\"url\":\"https:\/\/experienciadevida.com.ar\/portalurbano\/\",\"logo\":{\"@type\":\"ImageObject\",\"inLanguage\":\"es\",\"@id\":\"https:\/\/experienciadevida.com.ar\/portalurbano\/#\/schema\/logo\/image\/\",\"url\":\"https:\/\/experienciadevida.com.ar\/portalurbano\/wp-content\/uploads\/2019\/09\/Logo-Original.png\",\"contentUrl\":\"https:\/\/experienciadevida.com.ar\/portalurbano\/wp-content\/uploads\/2019\/09\/Logo-Original.png\",\"width\":2236,\"height\":1216,\"caption\":\"Portal Urbano\"},\"image\":{\"@id\":\"https:\/\/experienciadevida.com.ar\/portalurbano\/#\/schema\/logo\/image\/\"},\"sameAs\":[\"https:\/\/www.facebook.com\/Portal-Urbano-171542830093757\/\",\"https:\/\/twitter.com\/portalurbanook\",\"https:\/\/www.instagram.com\/_portalurbano\/\",\"https:\/\/www.youtube.com\/channel\/UCXhagIfszH8KxFiOok79zbA?view_as=subscriber\"]},{\"@type\":\"Person\",\"@id\":\"https:\/\/experienciadevida.com.ar\/portalurbano\/#\/schema\/person\/02dd326b1c4b056e9cc972486934a3a7\",\"name\":\"admpu17wp\",\"image\":{\"@type\":\"ImageObject\",\"inLanguage\":\"es\",\"@id\":\"https:\/\/experienciadevida.com.ar\/portalurbano\/#\/schema\/person\/image\/\",\"url\":\"https:\/\/secure.gravatar.com\/avatar\/830d4c57adaae6630765e449a6908047?s=96&d=mm&r=g\",\"contentUrl\":\"https:\/\/secure.gravatar.com\/avatar\/830d4c57adaae6630765e449a6908047?s=96&d=mm&r=g\",\"caption\":\"admpu17wp\"}}]}<\/script>\n<!-- \/ Yoast SEO plugin. -->","yoast_head_json":{"title":"Se aprob\u00f3 la licencia del intendente Ezequiel Galli y 29","description":"Se aprob\u00f3 la licencia del intendente Ezequiel Galli y 29 instrumentos normativos, este jueves se llevaron adelante la Sesi\u00f3n Especial","robots":{"index":"index","follow":"follow","max-snippet":"max-snippet:-1","max-image-preview":"max-image-preview:large","max-video-preview":"max-video-preview:-1"},"canonical":"https:\/\/experienciadevida.com.ar\/portalurbano\/se-aprobo-la-licencia-del-intendente-ezequiel-galli-y-29-instrumentos-normativos\/","og_locale":"es_ES","og_type":"article","og_title":"Se aprob\u00f3 la licencia del intendente Ezequiel Galli y 29","og_description":"Se aprob\u00f3 la licencia del intendente Ezequiel Galli y 29 instrumentos normativos, este jueves se llevaron adelante la Sesi\u00f3n Especial","og_url":"https:\/\/experienciadevida.com.ar\/portalurbano\/se-aprobo-la-licencia-del-intendente-ezequiel-galli-y-29-instrumentos-normativos\/","article_publisher":"https:\/\/www.facebook.com\/Portal-Urbano-171542830093757\/","article_published_time":"2022-08-25T18:54:01+00:00","article_modified_time":"2022-08-25T18:56:53+00:00","og_image":[{"width":1280,"height":855,"url":"https:\/\/experienciadevida.com.ar\/portalurbano\/wp-content\/uploads\/2022\/08\/Se-aprobo-la-licencia.jpg","type":"image\/jpeg"}],"author":"admpu17wp","twitter_card":"summary_large_image","twitter_creator":"@portalurbanook","twitter_site":"@portalurbanook","twitter_misc":{"Escrito por":"admpu17wp","Tiempo de lectura":"3 minutos"},"schema":{"@context":"https:\/\/schema.org","@graph":[{"@type":"Article","@id":"https:\/\/experienciadevida.com.ar\/portalurbano\/se-aprobo-la-licencia-del-intendente-ezequiel-galli-y-29-instrumentos-normativos\/#article","isPartOf":{"@id":"https:\/\/experienciadevida.com.ar\/portalurbano\/se-aprobo-la-licencia-del-intendente-ezequiel-galli-y-29-instrumentos-normativos\/"},"author":{"name":"admpu17wp","@id":"https:\/\/experienciadevida.com.ar\/portalurbano\/#\/schema\/person\/02dd326b1c4b056e9cc972486934a3a7"},"headline":"Se aprob\u00f3 la licencia del intendente Ezequiel Galli y 29 instrumentos normativos","datePublished":"2022-08-25T18:54:01+00:00","dateModified":"2022-08-25T18:56:53+00:00","mainEntityOfPage":{"@id":"https:\/\/experienciadevida.com.ar\/portalurbano\/se-aprobo-la-licencia-del-intendente-ezequiel-galli-y-29-instrumentos-normativos\/"},"wordCount":548,"publisher":{"@id":"https:\/\/experienciadevida.com.ar\/portalurbano\/#organization"},"articleSection":["Ciudad","Destacadas 2"],"inLanguage":"es"},{"@type":"WebPage","@id":"https:\/\/experienciadevida.com.ar\/portalurbano\/se-aprobo-la-licencia-del-intendente-ezequiel-galli-y-29-instrumentos-normativos\/","url":"https:\/\/experienciadevida.com.ar\/portalurbano\/se-aprobo-la-licencia-del-intendente-ezequiel-galli-y-29-instrumentos-normativos\/","name":"Se aprob\u00f3 la licencia del intendente Ezequiel Galli y 29","isPartOf":{"@id":"https:\/\/experienciadevida.com.ar\/portalurbano\/#website"},"datePublished":"2022-08-25T18:54:01+00:00","dateModified":"2022-08-25T18:56:53+00:00","description":"Se aprob\u00f3 la licencia del intendente Ezequiel Galli y 29 instrumentos normativos, este jueves se llevaron adelante la Sesi\u00f3n Especial","breadcrumb":{"@id":"https:\/\/experienciadevida.com.ar\/portalurbano\/se-aprobo-la-licencia-del-intendente-ezequiel-galli-y-29-instrumentos-normativos\/#breadcrumb"},"inLanguage":"es","potentialAction":[{"@type":"ReadAction","target":["https:\/\/experienciadevida.com.ar\/portalurbano\/se-aprobo-la-licencia-del-intendente-ezequiel-galli-y-29-instrumentos-normativos\/"]}]},{"@type":"BreadcrumbList","@id":"https:\/\/experienciadevida.com.ar\/portalurbano\/se-aprobo-la-licencia-del-intendente-ezequiel-galli-y-29-instrumentos-normativos\/#breadcrumb","itemListElement":[{"@type":"ListItem","position":1,"name":"Portada","item":"https:\/\/experienciadevida.com.ar\/portalurbano\/"},{"@type":"ListItem","position":2,"name":"Se aprob\u00f3 la licencia del intendente Ezequiel Galli y 29 instrumentos normativos"}]},{"@type":"WebSite","@id":"https:\/\/experienciadevida.com.ar\/portalurbano\/#website","url":"https:\/\/experienciadevida.com.ar\/portalurbano\/","name":"","description":"","publisher":{"@id":"https:\/\/experienciadevida.com.ar\/portalurbano\/#organization"},"potentialAction":[{"@type":"SearchAction","target":{"@type":"EntryPoint","urlTemplate":"https:\/\/experienciadevida.com.ar\/portalurbano\/?s={search_term_string}"},"query-input":"required name=search_term_string"}],"inLanguage":"es"},{"@type":"Organization","@id":"https:\/\/experienciadevida.com.ar\/portalurbano\/#organization","name":"Portal Urbano","url":"https:\/\/experienciadevida.com.ar\/portalurbano\/","logo":{"@type":"ImageObject","inLanguage":"es","@id":"https:\/\/experienciadevida.com.ar\/portalurbano\/#\/schema\/logo\/image\/","url":"https:\/\/experienciadevida.com.ar\/portalurbano\/wp-content\/uploads\/2019\/09\/Logo-Original.png","contentUrl":"https:\/\/experienciadevida.com.ar\/portalurbano\/wp-content\/uploads\/2019\/09\/Logo-Original.png","width":2236,"height":1216,"caption":"Portal Urbano"},"image":{"@id":"https:\/\/experienciadevida.com.ar\/portalurbano\/#\/schema\/logo\/image\/"},"sameAs":["https:\/\/www.facebook.com\/Portal-Urbano-171542830093757\/","https:\/\/twitter.com\/portalurbanook","https:\/\/www.instagram.com\/_portalurbano\/","https:\/\/www.youtube.com\/channel\/UCXhagIfszH8KxFiOok79zbA?view_as=subscriber"]},{"@type":"Person","@id":"https:\/\/experienciadevida.com.ar\/portalurbano\/#\/schema\/person\/02dd326b1c4b056e9cc972486934a3a7","name":"admpu17wp","image":{"@type":"ImageObject","inLanguage":"es","@id":"https:\/\/experienciadevida.com.ar\/portalurbano\/#\/schema\/person\/image\/","url":"https:\/\/secure.gravatar.com\/avatar\/830d4c57adaae6630765e449a6908047?s=96&d=mm&r=g","contentUrl":"https:\/\/secure.gravatar.com\/avatar\/830d4c57adaae6630765e449a6908047?s=96&d=mm&r=g","caption":"admpu17wp"}}]}},"featured_image_urls":{"full":["https:\/\/experienciadevida.com.ar\/portalurbano\/wp-content\/uploads\/2022\/08\/Se-aprobo-la-licencia.jpg",1280,855,false],"thumbnail":["https:\/\/experienciadevida.com.ar\/portalurbano\/wp-content\/uploads\/2022\/08\/Se-aprobo-la-licencia-150x150.jpg",150,150,true],"medium":["https:\/\/experienciadevida.com.ar\/portalurbano\/wp-content\/uploads\/2022\/08\/Se-aprobo-la-licencia-300x200.jpg",300,200,true],"medium_large":["https:\/\/experienciadevida.com.ar\/portalurbano\/wp-content\/uploads\/2022\/08\/Se-aprobo-la-licencia-768x513.jpg",640,428,true],"large":["https:\/\/experienciadevida.com.ar\/portalurbano\/wp-content\/uploads\/2022\/08\/Se-aprobo-la-licencia-1024x684.jpg",640,428,true],"ug_big":["https:\/\/experienciadevida.com.ar\/portalurbano\/wp-content\/uploads\/2022\/08\/Se-aprobo-la-licencia-768x513.jpg",768,513,true],"1536x1536":["https:\/\/experienciadevida.com.ar\/portalurbano\/wp-content\/uploads\/2022\/08\/Se-aprobo-la-licencia.jpg",1280,855,false],"2048x2048":["https:\/\/experienciadevida.com.ar\/portalurbano\/wp-content\/uploads\/2022\/08\/Se-aprobo-la-licencia.jpg",1280,855,false],"newsever-slider-full":["https:\/\/experienciadevida.com.ar\/portalurbano\/wp-content\/uploads\/2022\/08\/Se-aprobo-la-licencia.jpg",1265,845,false],"newsever-featured":["https:\/\/experienciadevida.com.ar\/portalurbano\/wp-content\/uploads\/2022\/08\/Se-aprobo-la-licencia.jpg",1024,684,false],"newsever-medium":["https:\/\/experienciadevida.com.ar\/portalurbano\/wp-content\/uploads\/2022\/08\/Se-aprobo-la-licencia.jpg",711,475,false],"web-stories-poster-portrait":["https:\/\/experienciadevida.com.ar\/portalurbano\/wp-content\/uploads\/2022\/08\/Se-aprobo-la-licencia-640x853.jpg",640,853,true],"web-stories-publisher-logo":["https:\/\/experienciadevida.com.ar\/portalurbano\/wp-content\/uploads\/2022\/08\/Se-aprobo-la-licencia-96x96.jpg",96,96,true],"web-stories-thumbnail":["https:\/\/experienciadevida.com.ar\/portalurbano\/wp-content\/uploads\/2022\/08\/Se-aprobo-la-licencia-150x100.jpg",150,100,true]},"author_info":{"display_name":"admpu17wp","author_link":"https:\/\/experienciadevida.com.ar\/portalurbano\/author\/admpu17wp\/"},"category_info":"<a href=\"https:\/\/experienciadevida.com.ar\/portalurbano\/category\/ciudad\/\" rel=\"category tag\">Ciudad<\/a> <a href=\"https:\/\/experienciadevida.com.ar\/portalurbano\/category\/destacadas-2\/\" rel=\"category tag\">Destacadas 2<\/a>","tag_info":"Destacadas 2","comment_count":"0","amp_enabled":true,"_links":{"self":[{"href":"https:\/\/experienciadevida.com.ar\/portalurbano\/wp-json\/wp\/v2\/posts\/174058"}],"collection":[{"href":"https:\/\/experienciadevida.com.ar\/portalurbano\/wp-json\/wp\/v2\/posts"}],"about":[{"href":"https:\/\/experienciadevida.com.ar\/portalurbano\/wp-json\/wp\/v2\/types\/post"}],"author":[{"embeddable":true,"href":"https:\/\/experienciadevida.com.ar\/portalurbano\/wp-json\/wp\/v2\/users\/1"}],"replies":[{"embeddable":true,"href":"https:\/\/experienciadevida.com.ar\/portalurbano\/wp-json\/wp\/v2\/comments?post=174058"}],"version-history":[{"count":2,"href":"https:\/\/experienciadevida.com.ar\/portalurbano\/wp-json\/wp\/v2\/posts\/174058\/revisions"}],"predecessor-version":[{"id":174061,"href":"https:\/\/experienciadevida.com.ar\/portalurbano\/wp-json\/wp\/v2\/posts\/174058\/revisions\/174061"}],"wp:featuredmedia":[{"embeddable":true,"href":"https:\/\/experienciadevida.com.ar\/portalurbano\/wp-json\/wp\/v2\/media\/174059"}],"wp:attachment":[{"href":"https:\/\/experienciadevida.com.ar\/portalurbano\/wp-json\/wp\/v2\/media?parent=174058"}],"wp:term":[{"taxonomy":"category","embeddable":true,"href":"https:\/\/experienciadevida.com.ar\/portalurbano\/wp-json\/wp\/v2\/categories?post=174058"},{"taxonomy":"post_tag","embeddable":true,"href":"https:\/\/experienciadevida.com.ar\/portalurbano\/wp-json\/wp\/v2\/tags?post=174058"}],"curies":[{"name":"wp","href":"https:\/\/api.w.org\/{rel}","templated":true}]}}