{"id":174045,"date":"2022-08-25T10:30:49","date_gmt":"2022-08-25T13:30:49","guid":{"rendered":"https:\/\/experienciadevida.com.ar\/portalurbano\/?p=174045"},"modified":"2022-08-25T10:37:02","modified_gmt":"2022-08-25T13:37:02","slug":"charlas-talleres-y-exposiciones-en-las-primeras-jornadas-de-la-semana-de-la-extension","status":"publish","type":"post","link":"https:\/\/experienciadevida.com.ar\/portalurbano\/charlas-talleres-y-exposiciones-en-las-primeras-jornadas-de-la-semana-de-la-extension\/","title":{"rendered":"Charlas, talleres y exposiciones en las primeras jornadas de la Semana de la Extensi\u00f3n"},"content":{"rendered":"<p>Charlas, talleres y exposiciones en las primeras jornadas de la Semana de la Extensi\u00f3n, en distintas sedes de Olavarr\u00eda y con diversas propuestas, en los primeros d\u00edas de la semana se llevaron actividades organizadas por la Secretar\u00eda de Extensi\u00f3n de la UNICEN, en articulaci\u00f3n con las Secretar\u00edas de Extensi\u00f3n de la <a href=\"https:\/\/www.facebook.com\/facultadcienciassociales.unicen\">Facultad de Ciencias<\/a> Sociales, de la Facultad de Ingenier\u00eda y de la Facultad de Ciencias de la Salud.<\/p>\n<p>Por primera vez se lleva adelante en las distintas sedes de la Universidad Nacional del Centro de la Provincia de Buenos Aires la Semana de la Extensi\u00f3n, una propuesta destinada a poner en valor la vinculaci\u00f3n de la universidad con la comunidad.<\/p>\n<p>En Olavarr\u00eda, la mayor\u00eda de las actividades se llevaron adelante entre el lunes y el martes, mientras que a la par se concretaron otras propuestas en las sedes de Tandil, Azul y Quequ\u00e9n. Para el cierre se prev\u00e9 un gran encuentro regional para los d\u00edas jueves 25 y viernes 26 en el Centro Cultural Universitario de Tandil.<\/p>\n<p>La apertura se concret\u00f3 en el Edificio de Aulas Comunes del Complejo Universitario local el lunes 22 por la ma\u00f1ana, donde se expusieron los p\u00f3sters y videos realizados por parte de extensionistas de las distintas unidades acad\u00e9micas. Estuvieron presentes por la FACSO, la vicedecana Dra. Mar\u00eda Luz Endere y el Secretario de Extensi\u00f3n, Bienestar y Transferencia, Lic. Nicol\u00e1s Casado; por FIO la decana Ing. Mar\u00eda Peralta; el vicedecano Ing. Oscar Cabrera, y la Secretar\u00eda de Extensi\u00f3n, Ing. Gabriela Huls; y por Salud, la vicedecana Lic. Bettina Bernardelli.<\/p>\n<p>Charlas, talleres y exposiciones en las primeras jornadas de la Semana de la Extensi\u00f3n, En el encuentro se destac\u00f3 la posibilidad de gestar este tipo de experiencias donde la extensi\u00f3n es protagonista, lo que permiti\u00f3 visibilizar las propuestas que se llevan adelante y se resalt\u00f3 la labor que se realiza junto a la comunidad.<\/p>\n<p>Posteriormente se llev\u00f3 adelante un taller con el objetivo de socializar y encontrar puntos en com\u00fan con otros proyectos de extensi\u00f3n, en el que participaron representantes de Sociales, FIO y Ciencias de la Salud.<\/p>\n<p>El lunes por la tarde Soledad Restivo (FACSO), ofreci\u00f3 el conversatorio denominado Comunicaci\u00f3n y Derechos Humanos. Mientras que en el Punto de Extensi\u00f3n Territorial de la Sociedad de Fomento Villa Mail\u00edn se estableci\u00f3 una Posta de Salud.<\/p>\n<p>En ambas jornadas estuvieron en el hall del Edificio de Aulas Comunes los y las productores\/as locales de econom\u00eda popular que forman parte de La Posta.<\/p>\n<p>M\u00e1s propuestas<\/p>\n<p>El martes, en tanto, la primera propuesta se vincul\u00f3 al desarrollo de Pr\u00e1cticas Socioeducativas y actividades de Formaci\u00f3n Social y Human\u00edstica en cada una de las unidades acad\u00e9micas, donde se realiz\u00f3 un intercambio acerca de las experiencias en las facultades y carreras de este tipo de instancias.<\/p>\n<p>Por la tarde se llev\u00f3 adelante en el Centro Cultural Universitario el taller \u201cDes-pliegues, mapas y sentidos\u201d, un espacio de creaci\u00f3n de cartograf\u00edas culturales colaborativas. El mismo fue coordinado por Mar\u00eda Chiponi, Mariela Daneri, Luc\u00eda Farrugia y Mariana Kurchan, integrantes de la Direcci\u00f3n Socioeducativa en Contextos de Encierro del \u00c1rea de Derechos Humanos de la Universidad Nacional de Rosario y de la Secretar\u00eda de Extensi\u00f3n y Vinculaci\u00f3n de la Facultad de Ciencias Pol\u00edticas de la UNR.<\/p>\n<p>Con la participaci\u00f3n de un diverso p\u00fablico, representado principalmente por estudiantes del nivel terciario del Profesorado en Artes Visuales de la Escuela de Artes Visuales \u201cMiguel A. Galgano\u201d, las talleritas invitaron a quienes estaban presentes a reflexionar acerca de \u201clos oficios del lazo\u201d (Graciela Frigerio) y el impacto en sus vidas cotidianas y sus pr\u00e1cticas. Al cierre, plasmaron estas ideas en cartograf\u00edas singulares que luego se unieron con las otras producciones.<\/p>\n<p>El martes adem\u00e1s se realiz\u00f3 un taller de RCP en el Punto de Extensi\u00f3n Territorial del CAPS N\u00b0 22 del Servicio Territorial N\u00b0 6. Asimismo se concret\u00f3 el segundo encuentro en el Punto de Extensi\u00f3n Territorial del barrio Villa Aurora, en el que participaron referentes de distintas instituciones barriales y estatales.<\/p>\n<p>El cronograma de actividades en Olavarr\u00eda cerr\u00f3 el mi\u00e9rcoles, cuando a partir de las 17 Gustavo Mar\u00edn ofreci\u00f3 la charla \u201c\u00bfC\u00f3mo integramos la extensi\u00f3n y la investigaci\u00f3n en nuestra pr\u00e1ctica acad\u00e9mica?\u201d. El encuentro se llev\u00f3 adelante en el SUM de la Facultad de Ciencias de la Salud.<\/p>\n","protected":false},"excerpt":{"rendered":"<p>Charlas, talleres y exposiciones en las primeras jornadas de la Semana de la Extensi\u00f3n, en&#8230;<\/p>\n","protected":false},"author":1,"featured_media":174046,"comment_status":"closed","ping_status":"closed","sticky":false,"template":"","format":"standard","meta":{"content-type":""},"categories":[31],"tags":[],"nelio_content":{"isAutoShareEnabled":false,"autoShareEndMode":"default","automationSources":{"useContentSentences":true,"useSocialTemplates":true,"useCustomSentences":false,"customSentences":[]},"followers":[1],"suggestedReferences":[],"includedReferences":[],"efiUrl":"","efiAlt":"","highlights":[]},"yoast_head":"<!-- This site is optimized with the Yoast SEO plugin v20.7 - https:\/\/yoast.com\/wordpress\/plugins\/seo\/ -->\n<title>Charlas, talleres y exposiciones en las primeras jornadas de la Semana de la Extensi\u00f3n -<\/title>\n<meta name=\"robots\" content=\"index, follow, max-snippet:-1, max-image-preview:large, max-video-preview:-1\" \/>\n<link rel=\"canonical\" href=\"https:\/\/experienciadevida.com.ar\/portalurbano\/charlas-talleres-y-exposiciones-en-las-primeras-jornadas-de-la-semana-de-la-extension\/\" \/>\n<meta property=\"og:locale\" content=\"es_ES\" \/>\n<meta property=\"og:type\" content=\"article\" \/>\n<meta property=\"og:title\" content=\"Charlas, talleres y exposiciones en las primeras jornadas de la Semana de la Extensi\u00f3n -\" \/>\n<meta property=\"og:description\" content=\"Charlas, talleres y exposiciones en las primeras jornadas de la Semana de la Extensi\u00f3n, en...\" \/>\n<meta property=\"og:url\" content=\"https:\/\/experienciadevida.com.ar\/portalurbano\/charlas-talleres-y-exposiciones-en-las-primeras-jornadas-de-la-semana-de-la-extension\/\" \/>\n<meta property=\"article:publisher\" content=\"https:\/\/www.facebook.com\/Portal-Urbano-171542830093757\/\" \/>\n<meta property=\"article:published_time\" content=\"2022-08-25T13:30:49+00:00\" \/>\n<meta property=\"article:modified_time\" content=\"2022-08-25T13:37:02+00:00\" \/>\n<meta property=\"og:image\" content=\"https:\/\/experienciadevida.com.ar\/portalurbano\/wp-content\/uploads\/2022\/08\/Charlas.jpg\" \/>\n\t<meta property=\"og:image:width\" content=\"1409\" \/>\n\t<meta property=\"og:image:height\" content=\"888\" \/>\n\t<meta property=\"og:image:type\" content=\"image\/jpeg\" \/>\n<meta name=\"author\" content=\"admpu17wp\" \/>\n<meta name=\"twitter:card\" content=\"summary_large_image\" \/>\n<meta name=\"twitter:creator\" content=\"@portalurbanook\" \/>\n<meta name=\"twitter:site\" content=\"@portalurbanook\" \/>\n<meta name=\"twitter:label1\" content=\"Escrito por\" \/>\n\t<meta name=\"twitter:data1\" content=\"admpu17wp\" \/>\n\t<meta name=\"twitter:label2\" content=\"Tiempo de lectura\" \/>\n\t<meta name=\"twitter:data2\" content=\"4 minutos\" \/>\n<script type=\"application\/ld+json\" class=\"yoast-schema-graph\">{\"@context\":\"https:\/\/schema.org\",\"@graph\":[{\"@type\":\"Article\",\"@id\":\"https:\/\/experienciadevida.com.ar\/portalurbano\/charlas-talleres-y-exposiciones-en-las-primeras-jornadas-de-la-semana-de-la-extension\/#article\",\"isPartOf\":{\"@id\":\"https:\/\/experienciadevida.com.ar\/portalurbano\/charlas-talleres-y-exposiciones-en-las-primeras-jornadas-de-la-semana-de-la-extension\/\"},\"author\":{\"name\":\"admpu17wp\",\"@id\":\"https:\/\/experienciadevida.com.ar\/portalurbano\/#\/schema\/person\/02dd326b1c4b056e9cc972486934a3a7\"},\"headline\":\"Charlas, talleres y exposiciones en las primeras jornadas de la Semana de la Extensi\u00f3n\",\"datePublished\":\"2022-08-25T13:30:49+00:00\",\"dateModified\":\"2022-08-25T13:37:02+00:00\",\"mainEntityOfPage\":{\"@id\":\"https:\/\/experienciadevida.com.ar\/portalurbano\/charlas-talleres-y-exposiciones-en-las-primeras-jornadas-de-la-semana-de-la-extension\/\"},\"wordCount\":771,\"publisher\":{\"@id\":\"https:\/\/experienciadevida.com.ar\/portalurbano\/#organization\"},\"articleSection\":[\"Educaci\u00f3n\"],\"inLanguage\":\"es\"},{\"@type\":\"WebPage\",\"@id\":\"https:\/\/experienciadevida.com.ar\/portalurbano\/charlas-talleres-y-exposiciones-en-las-primeras-jornadas-de-la-semana-de-la-extension\/\",\"url\":\"https:\/\/experienciadevida.com.ar\/portalurbano\/charlas-talleres-y-exposiciones-en-las-primeras-jornadas-de-la-semana-de-la-extension\/\",\"name\":\"Charlas, talleres y exposiciones en las primeras jornadas de la Semana de la Extensi\u00f3n -\",\"isPartOf\":{\"@id\":\"https:\/\/experienciadevida.com.ar\/portalurbano\/#website\"},\"datePublished\":\"2022-08-25T13:30:49+00:00\",\"dateModified\":\"2022-08-25T13:37:02+00:00\",\"breadcrumb\":{\"@id\":\"https:\/\/experienciadevida.com.ar\/portalurbano\/charlas-talleres-y-exposiciones-en-las-primeras-jornadas-de-la-semana-de-la-extension\/#breadcrumb\"},\"inLanguage\":\"es\",\"potentialAction\":[{\"@type\":\"ReadAction\",\"target\":[\"https:\/\/experienciadevida.com.ar\/portalurbano\/charlas-talleres-y-exposiciones-en-las-primeras-jornadas-de-la-semana-de-la-extension\/\"]}]},{\"@type\":\"BreadcrumbList\",\"@id\":\"https:\/\/experienciadevida.com.ar\/portalurbano\/charlas-talleres-y-exposiciones-en-las-primeras-jornadas-de-la-semana-de-la-extension\/#breadcrumb\",\"itemListElement\":[{\"@type\":\"ListItem\",\"position\":1,\"name\":\"Portada\",\"item\":\"https:\/\/experienciadevida.com.ar\/portalurbano\/\"},{\"@type\":\"ListItem\",\"position\":2,\"name\":\"Charlas, talleres y exposiciones en las primeras jornadas de la Semana de la Extensi\u00f3n\"}]},{\"@type\":\"WebSite\",\"@id\":\"https:\/\/experienciadevida.com.ar\/portalurbano\/#website\",\"url\":\"https:\/\/experienciadevida.com.ar\/portalurbano\/\",\"name\":\"\",\"description\":\"\",\"publisher\":{\"@id\":\"https:\/\/experienciadevida.com.ar\/portalurbano\/#organization\"},\"potentialAction\":[{\"@type\":\"SearchAction\",\"target\":{\"@type\":\"EntryPoint\",\"urlTemplate\":\"https:\/\/experienciadevida.com.ar\/portalurbano\/?s={search_term_string}\"},\"query-input\":\"required name=search_term_string\"}],\"inLanguage\":\"es\"},{\"@type\":\"Organization\",\"@id\":\"https:\/\/experienciadevida.com.ar\/portalurbano\/#organization\",\"name\":\"Portal Urbano\",\"url\":\"https:\/\/experienciadevida.com.ar\/portalurbano\/\",\"logo\":{\"@type\":\"ImageObject\",\"inLanguage\":\"es\",\"@id\":\"https:\/\/experienciadevida.com.ar\/portalurbano\/#\/schema\/logo\/image\/\",\"url\":\"https:\/\/experienciadevida.com.ar\/portalurbano\/wp-content\/uploads\/2019\/09\/Logo-Original.png\",\"contentUrl\":\"https:\/\/experienciadevida.com.ar\/portalurbano\/wp-content\/uploads\/2019\/09\/Logo-Original.png\",\"width\":2236,\"height\":1216,\"caption\":\"Portal Urbano\"},\"image\":{\"@id\":\"https:\/\/experienciadevida.com.ar\/portalurbano\/#\/schema\/logo\/image\/\"},\"sameAs\":[\"https:\/\/www.facebook.com\/Portal-Urbano-171542830093757\/\",\"https:\/\/twitter.com\/portalurbanook\",\"https:\/\/www.instagram.com\/_portalurbano\/\",\"https:\/\/www.youtube.com\/channel\/UCXhagIfszH8KxFiOok79zbA?view_as=subscriber\"]},{\"@type\":\"Person\",\"@id\":\"https:\/\/experienciadevida.com.ar\/portalurbano\/#\/schema\/person\/02dd326b1c4b056e9cc972486934a3a7\",\"name\":\"admpu17wp\",\"image\":{\"@type\":\"ImageObject\",\"inLanguage\":\"es\",\"@id\":\"https:\/\/experienciadevida.com.ar\/portalurbano\/#\/schema\/person\/image\/\",\"url\":\"https:\/\/secure.gravatar.com\/avatar\/830d4c57adaae6630765e449a6908047?s=96&d=mm&r=g\",\"contentUrl\":\"https:\/\/secure.gravatar.com\/avatar\/830d4c57adaae6630765e449a6908047?s=96&d=mm&r=g\",\"caption\":\"admpu17wp\"}}]}<\/script>\n<!-- \/ Yoast SEO plugin. -->","yoast_head_json":{"title":"Charlas, talleres y exposiciones en las primeras jornadas de la Semana de la Extensi\u00f3n -","robots":{"index":"index","follow":"follow","max-snippet":"max-snippet:-1","max-image-preview":"max-image-preview:large","max-video-preview":"max-video-preview:-1"},"canonical":"https:\/\/experienciadevida.com.ar\/portalurbano\/charlas-talleres-y-exposiciones-en-las-primeras-jornadas-de-la-semana-de-la-extension\/","og_locale":"es_ES","og_type":"article","og_title":"Charlas, talleres y exposiciones en las primeras jornadas de la Semana de la Extensi\u00f3n -","og_description":"Charlas, talleres y exposiciones en las primeras jornadas de la Semana de la Extensi\u00f3n, en...","og_url":"https:\/\/experienciadevida.com.ar\/portalurbano\/charlas-talleres-y-exposiciones-en-las-primeras-jornadas-de-la-semana-de-la-extension\/","article_publisher":"https:\/\/www.facebook.com\/Portal-Urbano-171542830093757\/","article_published_time":"2022-08-25T13:30:49+00:00","article_modified_time":"2022-08-25T13:37:02+00:00","og_image":[{"width":1409,"height":888,"url":"https:\/\/experienciadevida.com.ar\/portalurbano\/wp-content\/uploads\/2022\/08\/Charlas.jpg","type":"image\/jpeg"}],"author":"admpu17wp","twitter_card":"summary_large_image","twitter_creator":"@portalurbanook","twitter_site":"@portalurbanook","twitter_misc":{"Escrito por":"admpu17wp","Tiempo de lectura":"4 minutos"},"schema":{"@context":"https:\/\/schema.org","@graph":[{"@type":"Article","@id":"https:\/\/experienciadevida.com.ar\/portalurbano\/charlas-talleres-y-exposiciones-en-las-primeras-jornadas-de-la-semana-de-la-extension\/#article","isPartOf":{"@id":"https:\/\/experienciadevida.com.ar\/portalurbano\/charlas-talleres-y-exposiciones-en-las-primeras-jornadas-de-la-semana-de-la-extension\/"},"author":{"name":"admpu17wp","@id":"https:\/\/experienciadevida.com.ar\/portalurbano\/#\/schema\/person\/02dd326b1c4b056e9cc972486934a3a7"},"headline":"Charlas, talleres y exposiciones en las primeras jornadas de la Semana de la Extensi\u00f3n","datePublished":"2022-08-25T13:30:49+00:00","dateModified":"2022-08-25T13:37:02+00:00","mainEntityOfPage":{"@id":"https:\/\/experienciadevida.com.ar\/portalurbano\/charlas-talleres-y-exposiciones-en-las-primeras-jornadas-de-la-semana-de-la-extension\/"},"wordCount":771,"publisher":{"@id":"https:\/\/experienciadevida.com.ar\/portalurbano\/#organization"},"articleSection":["Educaci\u00f3n"],"inLanguage":"es"},{"@type":"WebPage","@id":"https:\/\/experienciadevida.com.ar\/portalurbano\/charlas-talleres-y-exposiciones-en-las-primeras-jornadas-de-la-semana-de-la-extension\/","url":"https:\/\/experienciadevida.com.ar\/portalurbano\/charlas-talleres-y-exposiciones-en-las-primeras-jornadas-de-la-semana-de-la-extension\/","name":"Charlas, talleres y exposiciones en las primeras jornadas de la Semana de la Extensi\u00f3n -","isPartOf":{"@id":"https:\/\/experienciadevida.com.ar\/portalurbano\/#website"},"datePublished":"2022-08-25T13:30:49+00:00","dateModified":"2022-08-25T13:37:02+00:00","breadcrumb":{"@id":"https:\/\/experienciadevida.com.ar\/portalurbano\/charlas-talleres-y-exposiciones-en-las-primeras-jornadas-de-la-semana-de-la-extension\/#breadcrumb"},"inLanguage":"es","potentialAction":[{"@type":"ReadAction","target":["https:\/\/experienciadevida.com.ar\/portalurbano\/charlas-talleres-y-exposiciones-en-las-primeras-jornadas-de-la-semana-de-la-extension\/"]}]},{"@type":"BreadcrumbList","@id":"https:\/\/experienciadevida.com.ar\/portalurbano\/charlas-talleres-y-exposiciones-en-las-primeras-jornadas-de-la-semana-de-la-extension\/#breadcrumb","itemListElement":[{"@type":"ListItem","position":1,"name":"Portada","item":"https:\/\/experienciadevida.com.ar\/portalurbano\/"},{"@type":"ListItem","position":2,"name":"Charlas, talleres y exposiciones en las primeras jornadas de la Semana de la Extensi\u00f3n"}]},{"@type":"WebSite","@id":"https:\/\/experienciadevida.com.ar\/portalurbano\/#website","url":"https:\/\/experienciadevida.com.ar\/portalurbano\/","name":"","description":"","publisher":{"@id":"https:\/\/experienciadevida.com.ar\/portalurbano\/#organization"},"potentialAction":[{"@type":"SearchAction","target":{"@type":"EntryPoint","urlTemplate":"https:\/\/experienciadevida.com.ar\/portalurbano\/?s={search_term_string}"},"query-input":"required name=search_term_string"}],"inLanguage":"es"},{"@type":"Organization","@id":"https:\/\/experienciadevida.com.ar\/portalurbano\/#organization","name":"Portal Urbano","url":"https:\/\/experienciadevida.com.ar\/portalurbano\/","logo":{"@type":"ImageObject","inLanguage":"es","@id":"https:\/\/experienciadevida.com.ar\/portalurbano\/#\/schema\/logo\/image\/","url":"https:\/\/experienciadevida.com.ar\/portalurbano\/wp-content\/uploads\/2019\/09\/Logo-Original.png","contentUrl":"https:\/\/experienciadevida.com.ar\/portalurbano\/wp-content\/uploads\/2019\/09\/Logo-Original.png","width":2236,"height":1216,"caption":"Portal Urbano"},"image":{"@id":"https:\/\/experienciadevida.com.ar\/portalurbano\/#\/schema\/logo\/image\/"},"sameAs":["https:\/\/www.facebook.com\/Portal-Urbano-171542830093757\/","https:\/\/twitter.com\/portalurbanook","https:\/\/www.instagram.com\/_portalurbano\/","https:\/\/www.youtube.com\/channel\/UCXhagIfszH8KxFiOok79zbA?view_as=subscriber"]},{"@type":"Person","@id":"https:\/\/experienciadevida.com.ar\/portalurbano\/#\/schema\/person\/02dd326b1c4b056e9cc972486934a3a7","name":"admpu17wp","image":{"@type":"ImageObject","inLanguage":"es","@id":"https:\/\/experienciadevida.com.ar\/portalurbano\/#\/schema\/person\/image\/","url":"https:\/\/secure.gravatar.com\/avatar\/830d4c57adaae6630765e449a6908047?s=96&d=mm&r=g","contentUrl":"https:\/\/secure.gravatar.com\/avatar\/830d4c57adaae6630765e449a6908047?s=96&d=mm&r=g","caption":"admpu17wp"}}]}},"featured_image_urls":{"full":["https:\/\/experienciadevida.com.ar\/portalurbano\/wp-content\/uploads\/2022\/08\/Charlas.jpg",1409,888,false],"thumbnail":["https:\/\/experienciadevida.com.ar\/portalurbano\/wp-content\/uploads\/2022\/08\/Charlas-150x150.jpg",150,150,true],"medium":["https:\/\/experienciadevida.com.ar\/portalurbano\/wp-content\/uploads\/2022\/08\/Charlas-300x189.jpg",300,189,true],"medium_large":["https:\/\/experienciadevida.com.ar\/portalurbano\/wp-content\/uploads\/2022\/08\/Charlas-768x484.jpg",640,403,true],"large":["https:\/\/experienciadevida.com.ar\/portalurbano\/wp-content\/uploads\/2022\/08\/Charlas-1024x645.jpg",640,403,true],"ug_big":["https:\/\/experienciadevida.com.ar\/portalurbano\/wp-content\/uploads\/2022\/08\/Charlas-768x484.jpg",768,484,true],"1536x1536":["https:\/\/experienciadevida.com.ar\/portalurbano\/wp-content\/uploads\/2022\/08\/Charlas.jpg",1409,888,false],"2048x2048":["https:\/\/experienciadevida.com.ar\/portalurbano\/wp-content\/uploads\/2022\/08\/Charlas.jpg",1409,888,false],"newsever-slider-full":["https:\/\/experienciadevida.com.ar\/portalurbano\/wp-content\/uploads\/2022\/08\/Charlas.jpg",1280,807,false],"newsever-featured":["https:\/\/experienciadevida.com.ar\/portalurbano\/wp-content\/uploads\/2022\/08\/Charlas.jpg",1024,645,false],"newsever-medium":["https:\/\/experienciadevida.com.ar\/portalurbano\/wp-content\/uploads\/2022\/08\/Charlas.jpg",720,454,false],"web-stories-poster-portrait":["https:\/\/experienciadevida.com.ar\/portalurbano\/wp-content\/uploads\/2022\/08\/Charlas-640x853.jpg",640,853,true],"web-stories-publisher-logo":["https:\/\/experienciadevida.com.ar\/portalurbano\/wp-content\/uploads\/2022\/08\/Charlas-96x96.jpg",96,96,true],"web-stories-thumbnail":["https:\/\/experienciadevida.com.ar\/portalurbano\/wp-content\/uploads\/2022\/08\/Charlas-150x95.jpg",150,95,true]},"author_info":{"display_name":"admpu17wp","author_link":"https:\/\/experienciadevida.com.ar\/portalurbano\/author\/admpu17wp\/"},"category_info":"<a href=\"https:\/\/experienciadevida.com.ar\/portalurbano\/category\/ciudad\/educacion\/\" rel=\"category tag\">Educaci\u00f3n<\/a>","tag_info":"Educaci\u00f3n","comment_count":"0","amp_enabled":true,"_links":{"self":[{"href":"https:\/\/experienciadevida.com.ar\/portalurbano\/wp-json\/wp\/v2\/posts\/174045"}],"collection":[{"href":"https:\/\/experienciadevida.com.ar\/portalurbano\/wp-json\/wp\/v2\/posts"}],"about":[{"href":"https:\/\/experienciadevida.com.ar\/portalurbano\/wp-json\/wp\/v2\/types\/post"}],"author":[{"embeddable":true,"href":"https:\/\/experienciadevida.com.ar\/portalurbano\/wp-json\/wp\/v2\/users\/1"}],"replies":[{"embeddable":true,"href":"https:\/\/experienciadevida.com.ar\/portalurbano\/wp-json\/wp\/v2\/comments?post=174045"}],"version-history":[{"count":4,"href":"https:\/\/experienciadevida.com.ar\/portalurbano\/wp-json\/wp\/v2\/posts\/174045\/revisions"}],"predecessor-version":[{"id":174050,"href":"https:\/\/experienciadevida.com.ar\/portalurbano\/wp-json\/wp\/v2\/posts\/174045\/revisions\/174050"}],"wp:featuredmedia":[{"embeddable":true,"href":"https:\/\/experienciadevida.com.ar\/portalurbano\/wp-json\/wp\/v2\/media\/174046"}],"wp:attachment":[{"href":"https:\/\/experienciadevida.com.ar\/portalurbano\/wp-json\/wp\/v2\/media?parent=174045"}],"wp:term":[{"taxonomy":"category","embeddable":true,"href":"https:\/\/experienciadevida.com.ar\/portalurbano\/wp-json\/wp\/v2\/categories?post=174045"},{"taxonomy":"post_tag","embeddable":true,"href":"https:\/\/experienciadevida.com.ar\/portalurbano\/wp-json\/wp\/v2\/tags?post=174045"}],"curies":[{"name":"wp","href":"https:\/\/api.w.org\/{rel}","templated":true}]}}