{"id":174031,"date":"2022-08-25T08:41:01","date_gmt":"2022-08-25T11:41:01","guid":{"rendered":"https:\/\/experienciadevida.com.ar\/portalurbano\/?p=174031"},"modified":"2022-08-25T08:41:36","modified_gmt":"2022-08-25T11:41:36","slug":"construccion-sostenible-un-ingeniero-de-la-fio-convocado-entre-10-referentes-mundiales","status":"publish","type":"post","link":"https:\/\/experienciadevida.com.ar\/portalurbano\/construccion-sostenible-un-ingeniero-de-la-fio-convocado-entre-10-referentes-mundiales\/","title":{"rendered":"Construcci\u00f3n sostenible: un ingeniero de la FIO, convocado entre 10 referentes mundiales"},"content":{"rendered":"<p>Construcci\u00f3n sostenible: un ingeniero de la <a href=\"https:\/\/www.facebook.com\/FIO.UNICEN\">FIO<\/a>, convocado entre 10 referentes mundiales, el ingeniero Fabi\u00e1n Irassar expuso en Italia sobre cementos amigables con el ambiente, una propuesta in\u00e9dita que ubica a la Facultad de Ingenier\u00eda como referencia internacional. La receta incluye menos emisiones y ya se aplica en la regi\u00f3n. El objetivo es adaptarla a otras realidades del planeta. Un encuentro que cotiza en prestigio, contactos y oportunidades.<\/p>\n<p>\u201cLa ONU propone llegar al 2050 con cero emisiones. Es ut\u00f3pico, s\u00ed, pero eso ha activado las discusiones y hoy surgen soluciones que antes no estaban\u201d, valora el ingeniero Fabi\u00e1n Irassar, referente de la Facultad de Ingenier\u00eda y uno de los 10 l\u00edderes mundiales que expuso en Italia en un encuentro sobre Materiales Avanzados para el Desarrollo de Infraestructura Sostenible.<\/p>\n<p>La receta FIO ya se aplica en la regi\u00f3n pero result\u00f3 novedosa ante los ojos del mundo. \u00bfQu\u00e9 propone? Bajar un 30% las emisiones que hoy genera la producci\u00f3n de cemento pero con un nuevo desaf\u00edo: que dicho reto trascienda la puerta de la factor\u00eda y se traslade a toda la cadena de valor.<\/p>\n<p>\u201cHay que reducir m\u00e1s en el hormig\u00f3n. No importa tener un buen cemento sino una construcci\u00f3n de baja emisi\u00f3n. Adem\u00e1s de la f\u00e1brica, est\u00e1 la gente que construye, los ingenieros y arquitectos, la empresas p\u00fablicas\u201d involucrados en \u201cel mercado como construcci\u00f3n sostenible y amigable\u201d, explica.<\/p>\n<p>Construcci\u00f3n sostenible, en t\u00e9rminos econ\u00f3micos, esa reconversi\u00f3n no ser\u00eda m\u00e1s costosa pero requiere de m\u00e1s tecnolog\u00eda que, \u201ccuando no se posee, es cara y en Argentina hay buena tecnolog\u00eda pero el problema de penetraci\u00f3n en el mercado es grande, salvo Buenos Aires que tiene un 60% de desarrollo\u201d, observa el Ing. Irassar que por primera vez asiste a este encuentro que ubica en un mismo escenario a 10 cient\u00edficos para exponer ante la escucha de 100 asistentes, por un futuro m\u00e1s sustentable.<\/p>\n<p>El peso de la historia FIO:<\/p>\n<p>\u201cUn punto de debate eran los materiales de construcci\u00f3n a base de cementos y c\u00f3mo hacer para que no tengan emisiones. Se basan en trabajos in\u00e9ditos para discutir las nuevas ideas, hacia donde ir, ver las oportunidades\u201d, comenta el profesional que comparti\u00f3 la exposici\u00f3n junto con expertos de Estados Unidos, B\u00e9lgica y un chileno que trabaja en Suiza.<\/p>\n<p>En la Argentina, la agricultura y el transporte encabezan el ranking en la generaci\u00f3n de emisiones de gases de efecto invernadero. Pero, si se pone en la balanza a la industria, la construcci\u00f3n encabeza el podio.<\/p>\n<p>Por eso, la FIO puso en agenda este tema ya en 2010 y ahora \u201cestamos trabajando con la Asociaci\u00f3n de fabricantes con oportunidades que son locales. El paradigma es global pero la soluci\u00f3n no es la misma en todos lados y depende del transporte, el tipo de industria, de tecnolog\u00eda y de construcci\u00f3n que se use\u201d, enfatiza Irassar.<\/p>\n<p>Anclaje regional:<\/p>\n<p>Construcci\u00f3n sostenible, &#8220;siempre trabajamos en t\u00e9rminos de regi\u00f3n y eso nos dio gran oportunidad porque la soluci\u00f3n de esta zona es muy particular y resulta novedosa para el mundo\u201d, destaca con orgullo el referente de la instituci\u00f3n acad\u00e9mica.<\/p>\n<p>La f\u00f3rmula FIO apunta a la optimizaci\u00f3n de los consumos energ\u00e9ticos dentro de la industria, contemplando el uso de recursos naturales de la zona que son procesados y transportados. \u201cPrimero fueron los filler calc\u00e1reos, hoy es la arcilla calcinada y ma\u00f1ana ser\u00e1 la combinaci\u00f3n de ambas. Esa es la propuesta para esta regi\u00f3n, y estamos trabajando tambi\u00e9n para otras regiones\u201d, aclara el investigador.<\/p>\n<p>Hay distintas soluciones y en todos los casos, el Estado es un actor central que requiere de reglamentaci\u00f3n. \u201cAhora estamos participando desde la FIO en el cambio de reglamento de la construcci\u00f3n a nivel nacional\u201d, ejemplifica el Ing. Irassar.<\/p>\n<p>La transici\u00f3n no es sencilla y eso tambi\u00e9n se registra en la zona de Olavarr\u00eda, donde hay industrias que optimizan el proceso de fabricaci\u00f3n pero otras que siguen siendo muy artesanales.<\/p>\n<p>\u201cSe est\u00e1 trabajando y hay muchas cadenas de valor que se van integrando. A eso se suma algo de largo aliento y es por cu\u00e1ntos a\u00f1os vamos a construir para hacer sostenible y que el uso no sea de una generaci\u00f3n sino de varias y para eso se requiere de la durabilidad\u201d, apunta el experto, dando cuenta de la complejidad que encierra el tema.<\/p>\n<p>En ese contexto, la FIO expuso su experiencia en el debate, en sinton\u00eda con la discusi\u00f3n internacional de cara al 2050. \u201cEn la industria de la construcci\u00f3n el problema es que usamos mucho volumen de materiales y el transporte es un factor central. Hay que reducir emisiones por el cambio clim\u00e1tico y ver c\u00f3mo favorecer econ\u00f3micamente la adopci\u00f3n de nuevas tecnolog\u00edas cuando est\u00e9 el impuesto al CO2\u201d, advierte el investigador.<\/p>\n<p>Pasos adelante<\/p>\n<p>Es clave adelantarse a ese escenario que dejar\u00e1 al margen del mercado y sin competitividad a las empresas sancionadas con dicho gravamen por no haber minimizado sus emisiones ni medir procesos o infraestructuras de manera sostenible.<\/p>\n<p>\u201cLa discusi\u00f3n pasa por definir cu\u00e1les son las soluciones. \u00bfHay reemplazo? \u00bfQu\u00e9 hacemos los ingenieros desde lo estructural? \u00bfQu\u00e9 hace la industria desde la producci\u00f3n y el Estado en la reglamentaci\u00f3n? Ese fue el n\u00facleo de esta reuni\u00f3n heterog\u00e9nea. \u00bfCu\u00e1les ser\u00edan los cambios o las l\u00edneas a investigar para lograr el objetivo sustentable?\u201d.<\/p>\n<p>\u201cEs la primera vez que voy y es un reconocimiento. Fuimos el \u00fanico pa\u00eds de Latinoam\u00e9rica, por una cuesti\u00f3n de oportunidad de los temas que tratamos, no por ser los mejores\u201d, aclara Irassar y se sonr\u00ede, luego de codearse con europeos, americanos, japoneses, chinos e indios.<\/p>\n<p>Aport\u00f3 ideas nuevas y apunt\u00f3 otras tantas, adem\u00e1s de ampliar su agenda de contactos para \u201cver qu\u00e9 est\u00e1n haciendo y tener la posibilidad de trabajar en conjunto. Ha sido una gran experiencia\u201d, valora el referente de la FIO, tras acceder a esa antesala del conocimiento y correr con ventaja. \u201cPudimos ver lo que leeremos en una revista, dentro de 4 a\u00f1os\u201d, grafica sobre el final Irassar, con idea de agudizar el ingenio y trazar metas superadoras desde Olavarr\u00eda, cuna de la miner\u00eda.<\/p>\n","protected":false},"excerpt":{"rendered":"<p>Construcci\u00f3n sostenible: un ingeniero de la FIO, convocado entre 10 referentes mundiales, el ingeniero Fabi\u00e1n&#8230;<\/p>\n","protected":false},"author":1,"featured_media":174032,"comment_status":"closed","ping_status":"closed","sticky":false,"template":"","format":"standard","meta":{"content-type":""},"categories":[31],"tags":[],"nelio_content":{"isAutoShareEnabled":false,"autoShareEndMode":"default","automationSources":{"useContentSentences":true,"useSocialTemplates":true,"useCustomSentences":false,"customSentences":[]},"followers":[1],"suggestedReferences":[],"includedReferences":[],"efiUrl":"","efiAlt":"","highlights":[]},"yoast_head":"<!-- This site is optimized with the Yoast SEO plugin v20.7 - https:\/\/yoast.com\/wordpress\/plugins\/seo\/ -->\n<title>Construcci\u00f3n sostenible: Un ingeniero convocado entre referentes<\/title>\n<meta name=\"description\" content=\"Construcci\u00f3n sostenible: un ingeniero de la FIO, convocado entre 10 referentes mundiales, el ingeniero Fabi\u00e1n Irassar expuso\" \/>\n<meta name=\"robots\" content=\"index, follow, max-snippet:-1, max-image-preview:large, max-video-preview:-1\" \/>\n<link rel=\"canonical\" href=\"https:\/\/experienciadevida.com.ar\/portalurbano\/construccion-sostenible-un-ingeniero-de-la-fio-convocado-entre-10-referentes-mundiales\/\" \/>\n<meta property=\"og:locale\" content=\"es_ES\" \/>\n<meta property=\"og:type\" content=\"article\" \/>\n<meta property=\"og:title\" content=\"Construcci\u00f3n sostenible: Un ingeniero convocado entre referentes\" \/>\n<meta property=\"og:description\" content=\"Construcci\u00f3n sostenible: un ingeniero de la FIO, convocado entre 10 referentes mundiales, el ingeniero Fabi\u00e1n Irassar expuso\" \/>\n<meta property=\"og:url\" content=\"https:\/\/experienciadevida.com.ar\/portalurbano\/construccion-sostenible-un-ingeniero-de-la-fio-convocado-entre-10-referentes-mundiales\/\" \/>\n<meta property=\"article:publisher\" content=\"https:\/\/www.facebook.com\/Portal-Urbano-171542830093757\/\" \/>\n<meta property=\"article:published_time\" content=\"2022-08-25T11:41:01+00:00\" \/>\n<meta property=\"article:modified_time\" content=\"2022-08-25T11:41:36+00:00\" \/>\n<meta property=\"og:image\" content=\"https:\/\/experienciadevida.com.ar\/portalurbano\/wp-content\/uploads\/2022\/08\/Construccion-sostenible.jpg\" \/>\n\t<meta property=\"og:image:width\" content=\"674\" \/>\n\t<meta property=\"og:image:height\" content=\"709\" \/>\n\t<meta property=\"og:image:type\" content=\"image\/jpeg\" \/>\n<meta name=\"author\" content=\"admpu17wp\" \/>\n<meta name=\"twitter:card\" content=\"summary_large_image\" \/>\n<meta name=\"twitter:creator\" content=\"@portalurbanook\" \/>\n<meta name=\"twitter:site\" content=\"@portalurbanook\" \/>\n<meta name=\"twitter:label1\" content=\"Escrito por\" \/>\n\t<meta name=\"twitter:data1\" content=\"admpu17wp\" \/>\n\t<meta name=\"twitter:label2\" content=\"Tiempo de lectura\" \/>\n\t<meta name=\"twitter:data2\" content=\"5 minutos\" \/>\n<script type=\"application\/ld+json\" class=\"yoast-schema-graph\">{\"@context\":\"https:\/\/schema.org\",\"@graph\":[{\"@type\":\"Article\",\"@id\":\"https:\/\/experienciadevida.com.ar\/portalurbano\/construccion-sostenible-un-ingeniero-de-la-fio-convocado-entre-10-referentes-mundiales\/#article\",\"isPartOf\":{\"@id\":\"https:\/\/experienciadevida.com.ar\/portalurbano\/construccion-sostenible-un-ingeniero-de-la-fio-convocado-entre-10-referentes-mundiales\/\"},\"author\":{\"name\":\"admpu17wp\",\"@id\":\"https:\/\/experienciadevida.com.ar\/portalurbano\/#\/schema\/person\/02dd326b1c4b056e9cc972486934a3a7\"},\"headline\":\"Construcci\u00f3n sostenible: un ingeniero de la FIO, convocado entre 10 referentes mundiales\",\"datePublished\":\"2022-08-25T11:41:01+00:00\",\"dateModified\":\"2022-08-25T11:41:36+00:00\",\"mainEntityOfPage\":{\"@id\":\"https:\/\/experienciadevida.com.ar\/portalurbano\/construccion-sostenible-un-ingeniero-de-la-fio-convocado-entre-10-referentes-mundiales\/\"},\"wordCount\":1089,\"publisher\":{\"@id\":\"https:\/\/experienciadevida.com.ar\/portalurbano\/#organization\"},\"articleSection\":[\"Educaci\u00f3n\"],\"inLanguage\":\"es\"},{\"@type\":\"WebPage\",\"@id\":\"https:\/\/experienciadevida.com.ar\/portalurbano\/construccion-sostenible-un-ingeniero-de-la-fio-convocado-entre-10-referentes-mundiales\/\",\"url\":\"https:\/\/experienciadevida.com.ar\/portalurbano\/construccion-sostenible-un-ingeniero-de-la-fio-convocado-entre-10-referentes-mundiales\/\",\"name\":\"Construcci\u00f3n sostenible: Un ingeniero convocado entre referentes\",\"isPartOf\":{\"@id\":\"https:\/\/experienciadevida.com.ar\/portalurbano\/#website\"},\"datePublished\":\"2022-08-25T11:41:01+00:00\",\"dateModified\":\"2022-08-25T11:41:36+00:00\",\"description\":\"Construcci\u00f3n sostenible: un ingeniero de la FIO, convocado entre 10 referentes mundiales, el ingeniero Fabi\u00e1n Irassar expuso\",\"breadcrumb\":{\"@id\":\"https:\/\/experienciadevida.com.ar\/portalurbano\/construccion-sostenible-un-ingeniero-de-la-fio-convocado-entre-10-referentes-mundiales\/#breadcrumb\"},\"inLanguage\":\"es\",\"potentialAction\":[{\"@type\":\"ReadAction\",\"target\":[\"https:\/\/experienciadevida.com.ar\/portalurbano\/construccion-sostenible-un-ingeniero-de-la-fio-convocado-entre-10-referentes-mundiales\/\"]}]},{\"@type\":\"BreadcrumbList\",\"@id\":\"https:\/\/experienciadevida.com.ar\/portalurbano\/construccion-sostenible-un-ingeniero-de-la-fio-convocado-entre-10-referentes-mundiales\/#breadcrumb\",\"itemListElement\":[{\"@type\":\"ListItem\",\"position\":1,\"name\":\"Portada\",\"item\":\"https:\/\/experienciadevida.com.ar\/portalurbano\/\"},{\"@type\":\"ListItem\",\"position\":2,\"name\":\"Construcci\u00f3n sostenible: un ingeniero de la FIO, convocado entre 10 referentes mundiales\"}]},{\"@type\":\"WebSite\",\"@id\":\"https:\/\/experienciadevida.com.ar\/portalurbano\/#website\",\"url\":\"https:\/\/experienciadevida.com.ar\/portalurbano\/\",\"name\":\"\",\"description\":\"\",\"publisher\":{\"@id\":\"https:\/\/experienciadevida.com.ar\/portalurbano\/#organization\"},\"potentialAction\":[{\"@type\":\"SearchAction\",\"target\":{\"@type\":\"EntryPoint\",\"urlTemplate\":\"https:\/\/experienciadevida.com.ar\/portalurbano\/?s={search_term_string}\"},\"query-input\":\"required name=search_term_string\"}],\"inLanguage\":\"es\"},{\"@type\":\"Organization\",\"@id\":\"https:\/\/experienciadevida.com.ar\/portalurbano\/#organization\",\"name\":\"Portal Urbano\",\"url\":\"https:\/\/experienciadevida.com.ar\/portalurbano\/\",\"logo\":{\"@type\":\"ImageObject\",\"inLanguage\":\"es\",\"@id\":\"https:\/\/experienciadevida.com.ar\/portalurbano\/#\/schema\/logo\/image\/\",\"url\":\"https:\/\/experienciadevida.com.ar\/portalurbano\/wp-content\/uploads\/2019\/09\/Logo-Original.png\",\"contentUrl\":\"https:\/\/experienciadevida.com.ar\/portalurbano\/wp-content\/uploads\/2019\/09\/Logo-Original.png\",\"width\":2236,\"height\":1216,\"caption\":\"Portal Urbano\"},\"image\":{\"@id\":\"https:\/\/experienciadevida.com.ar\/portalurbano\/#\/schema\/logo\/image\/\"},\"sameAs\":[\"https:\/\/www.facebook.com\/Portal-Urbano-171542830093757\/\",\"https:\/\/twitter.com\/portalurbanook\",\"https:\/\/www.instagram.com\/_portalurbano\/\",\"https:\/\/www.youtube.com\/channel\/UCXhagIfszH8KxFiOok79zbA?view_as=subscriber\"]},{\"@type\":\"Person\",\"@id\":\"https:\/\/experienciadevida.com.ar\/portalurbano\/#\/schema\/person\/02dd326b1c4b056e9cc972486934a3a7\",\"name\":\"admpu17wp\",\"image\":{\"@type\":\"ImageObject\",\"inLanguage\":\"es\",\"@id\":\"https:\/\/experienciadevida.com.ar\/portalurbano\/#\/schema\/person\/image\/\",\"url\":\"https:\/\/secure.gravatar.com\/avatar\/830d4c57adaae6630765e449a6908047?s=96&d=mm&r=g\",\"contentUrl\":\"https:\/\/secure.gravatar.com\/avatar\/830d4c57adaae6630765e449a6908047?s=96&d=mm&r=g\",\"caption\":\"admpu17wp\"}}]}<\/script>\n<!-- \/ Yoast SEO plugin. -->","yoast_head_json":{"title":"Construcci\u00f3n sostenible: Un ingeniero convocado entre referentes","description":"Construcci\u00f3n sostenible: un ingeniero de la FIO, convocado entre 10 referentes mundiales, el ingeniero Fabi\u00e1n Irassar expuso","robots":{"index":"index","follow":"follow","max-snippet":"max-snippet:-1","max-image-preview":"max-image-preview:large","max-video-preview":"max-video-preview:-1"},"canonical":"https:\/\/experienciadevida.com.ar\/portalurbano\/construccion-sostenible-un-ingeniero-de-la-fio-convocado-entre-10-referentes-mundiales\/","og_locale":"es_ES","og_type":"article","og_title":"Construcci\u00f3n sostenible: Un ingeniero convocado entre referentes","og_description":"Construcci\u00f3n sostenible: un ingeniero de la FIO, convocado entre 10 referentes mundiales, el ingeniero Fabi\u00e1n Irassar expuso","og_url":"https:\/\/experienciadevida.com.ar\/portalurbano\/construccion-sostenible-un-ingeniero-de-la-fio-convocado-entre-10-referentes-mundiales\/","article_publisher":"https:\/\/www.facebook.com\/Portal-Urbano-171542830093757\/","article_published_time":"2022-08-25T11:41:01+00:00","article_modified_time":"2022-08-25T11:41:36+00:00","og_image":[{"width":674,"height":709,"url":"https:\/\/experienciadevida.com.ar\/portalurbano\/wp-content\/uploads\/2022\/08\/Construccion-sostenible.jpg","type":"image\/jpeg"}],"author":"admpu17wp","twitter_card":"summary_large_image","twitter_creator":"@portalurbanook","twitter_site":"@portalurbanook","twitter_misc":{"Escrito por":"admpu17wp","Tiempo de lectura":"5 minutos"},"schema":{"@context":"https:\/\/schema.org","@graph":[{"@type":"Article","@id":"https:\/\/experienciadevida.com.ar\/portalurbano\/construccion-sostenible-un-ingeniero-de-la-fio-convocado-entre-10-referentes-mundiales\/#article","isPartOf":{"@id":"https:\/\/experienciadevida.com.ar\/portalurbano\/construccion-sostenible-un-ingeniero-de-la-fio-convocado-entre-10-referentes-mundiales\/"},"author":{"name":"admpu17wp","@id":"https:\/\/experienciadevida.com.ar\/portalurbano\/#\/schema\/person\/02dd326b1c4b056e9cc972486934a3a7"},"headline":"Construcci\u00f3n sostenible: un ingeniero de la FIO, convocado entre 10 referentes mundiales","datePublished":"2022-08-25T11:41:01+00:00","dateModified":"2022-08-25T11:41:36+00:00","mainEntityOfPage":{"@id":"https:\/\/experienciadevida.com.ar\/portalurbano\/construccion-sostenible-un-ingeniero-de-la-fio-convocado-entre-10-referentes-mundiales\/"},"wordCount":1089,"publisher":{"@id":"https:\/\/experienciadevida.com.ar\/portalurbano\/#organization"},"articleSection":["Educaci\u00f3n"],"inLanguage":"es"},{"@type":"WebPage","@id":"https:\/\/experienciadevida.com.ar\/portalurbano\/construccion-sostenible-un-ingeniero-de-la-fio-convocado-entre-10-referentes-mundiales\/","url":"https:\/\/experienciadevida.com.ar\/portalurbano\/construccion-sostenible-un-ingeniero-de-la-fio-convocado-entre-10-referentes-mundiales\/","name":"Construcci\u00f3n sostenible: Un ingeniero convocado entre referentes","isPartOf":{"@id":"https:\/\/experienciadevida.com.ar\/portalurbano\/#website"},"datePublished":"2022-08-25T11:41:01+00:00","dateModified":"2022-08-25T11:41:36+00:00","description":"Construcci\u00f3n sostenible: un ingeniero de la FIO, convocado entre 10 referentes mundiales, el ingeniero Fabi\u00e1n Irassar expuso","breadcrumb":{"@id":"https:\/\/experienciadevida.com.ar\/portalurbano\/construccion-sostenible-un-ingeniero-de-la-fio-convocado-entre-10-referentes-mundiales\/#breadcrumb"},"inLanguage":"es","potentialAction":[{"@type":"ReadAction","target":["https:\/\/experienciadevida.com.ar\/portalurbano\/construccion-sostenible-un-ingeniero-de-la-fio-convocado-entre-10-referentes-mundiales\/"]}]},{"@type":"BreadcrumbList","@id":"https:\/\/experienciadevida.com.ar\/portalurbano\/construccion-sostenible-un-ingeniero-de-la-fio-convocado-entre-10-referentes-mundiales\/#breadcrumb","itemListElement":[{"@type":"ListItem","position":1,"name":"Portada","item":"https:\/\/experienciadevida.com.ar\/portalurbano\/"},{"@type":"ListItem","position":2,"name":"Construcci\u00f3n sostenible: un ingeniero de la FIO, convocado entre 10 referentes mundiales"}]},{"@type":"WebSite","@id":"https:\/\/experienciadevida.com.ar\/portalurbano\/#website","url":"https:\/\/experienciadevida.com.ar\/portalurbano\/","name":"","description":"","publisher":{"@id":"https:\/\/experienciadevida.com.ar\/portalurbano\/#organization"},"potentialAction":[{"@type":"SearchAction","target":{"@type":"EntryPoint","urlTemplate":"https:\/\/experienciadevida.com.ar\/portalurbano\/?s={search_term_string}"},"query-input":"required name=search_term_string"}],"inLanguage":"es"},{"@type":"Organization","@id":"https:\/\/experienciadevida.com.ar\/portalurbano\/#organization","name":"Portal Urbano","url":"https:\/\/experienciadevida.com.ar\/portalurbano\/","logo":{"@type":"ImageObject","inLanguage":"es","@id":"https:\/\/experienciadevida.com.ar\/portalurbano\/#\/schema\/logo\/image\/","url":"https:\/\/experienciadevida.com.ar\/portalurbano\/wp-content\/uploads\/2019\/09\/Logo-Original.png","contentUrl":"https:\/\/experienciadevida.com.ar\/portalurbano\/wp-content\/uploads\/2019\/09\/Logo-Original.png","width":2236,"height":1216,"caption":"Portal Urbano"},"image":{"@id":"https:\/\/experienciadevida.com.ar\/portalurbano\/#\/schema\/logo\/image\/"},"sameAs":["https:\/\/www.facebook.com\/Portal-Urbano-171542830093757\/","https:\/\/twitter.com\/portalurbanook","https:\/\/www.instagram.com\/_portalurbano\/","https:\/\/www.youtube.com\/channel\/UCXhagIfszH8KxFiOok79zbA?view_as=subscriber"]},{"@type":"Person","@id":"https:\/\/experienciadevida.com.ar\/portalurbano\/#\/schema\/person\/02dd326b1c4b056e9cc972486934a3a7","name":"admpu17wp","image":{"@type":"ImageObject","inLanguage":"es","@id":"https:\/\/experienciadevida.com.ar\/portalurbano\/#\/schema\/person\/image\/","url":"https:\/\/secure.gravatar.com\/avatar\/830d4c57adaae6630765e449a6908047?s=96&d=mm&r=g","contentUrl":"https:\/\/secure.gravatar.com\/avatar\/830d4c57adaae6630765e449a6908047?s=96&d=mm&r=g","caption":"admpu17wp"}}]}},"featured_image_urls":{"full":["https:\/\/experienciadevida.com.ar\/portalurbano\/wp-content\/uploads\/2022\/08\/Construccion-sostenible.jpg",674,709,false],"thumbnail":["https:\/\/experienciadevida.com.ar\/portalurbano\/wp-content\/uploads\/2022\/08\/Construccion-sostenible-150x150.jpg",150,150,true],"medium":["https:\/\/experienciadevida.com.ar\/portalurbano\/wp-content\/uploads\/2022\/08\/Construccion-sostenible-285x300.jpg",285,300,true],"medium_large":["https:\/\/experienciadevida.com.ar\/portalurbano\/wp-content\/uploads\/2022\/08\/Construccion-sostenible.jpg",640,673,false],"large":["https:\/\/experienciadevida.com.ar\/portalurbano\/wp-content\/uploads\/2022\/08\/Construccion-sostenible.jpg",640,673,false],"ug_big":["https:\/\/experienciadevida.com.ar\/portalurbano\/wp-content\/uploads\/2022\/08\/Construccion-sostenible.jpg",674,709,false],"1536x1536":["https:\/\/experienciadevida.com.ar\/portalurbano\/wp-content\/uploads\/2022\/08\/Construccion-sostenible.jpg",674,709,false],"2048x2048":["https:\/\/experienciadevida.com.ar\/portalurbano\/wp-content\/uploads\/2022\/08\/Construccion-sostenible.jpg",674,709,false],"newsever-slider-full":["https:\/\/experienciadevida.com.ar\/portalurbano\/wp-content\/uploads\/2022\/08\/Construccion-sostenible.jpg",674,709,false],"newsever-featured":["https:\/\/experienciadevida.com.ar\/portalurbano\/wp-content\/uploads\/2022\/08\/Construccion-sostenible.jpg",674,709,false],"newsever-medium":["https:\/\/experienciadevida.com.ar\/portalurbano\/wp-content\/uploads\/2022\/08\/Construccion-sostenible.jpg",452,475,false],"web-stories-poster-portrait":["https:\/\/experienciadevida.com.ar\/portalurbano\/wp-content\/uploads\/2022\/08\/Construccion-sostenible-640x709.jpg",640,709,true],"web-stories-publisher-logo":["https:\/\/experienciadevida.com.ar\/portalurbano\/wp-content\/uploads\/2022\/08\/Construccion-sostenible-96x96.jpg",96,96,true],"web-stories-thumbnail":["https:\/\/experienciadevida.com.ar\/portalurbano\/wp-content\/uploads\/2022\/08\/Construccion-sostenible-150x158.jpg",150,158,true]},"author_info":{"display_name":"admpu17wp","author_link":"https:\/\/experienciadevida.com.ar\/portalurbano\/author\/admpu17wp\/"},"category_info":"<a href=\"https:\/\/experienciadevida.com.ar\/portalurbano\/category\/ciudad\/educacion\/\" rel=\"category tag\">Educaci\u00f3n<\/a>","tag_info":"Educaci\u00f3n","comment_count":"0","amp_enabled":true,"_links":{"self":[{"href":"https:\/\/experienciadevida.com.ar\/portalurbano\/wp-json\/wp\/v2\/posts\/174031"}],"collection":[{"href":"https:\/\/experienciadevida.com.ar\/portalurbano\/wp-json\/wp\/v2\/posts"}],"about":[{"href":"https:\/\/experienciadevida.com.ar\/portalurbano\/wp-json\/wp\/v2\/types\/post"}],"author":[{"embeddable":true,"href":"https:\/\/experienciadevida.com.ar\/portalurbano\/wp-json\/wp\/v2\/users\/1"}],"replies":[{"embeddable":true,"href":"https:\/\/experienciadevida.com.ar\/portalurbano\/wp-json\/wp\/v2\/comments?post=174031"}],"version-history":[{"count":1,"href":"https:\/\/experienciadevida.com.ar\/portalurbano\/wp-json\/wp\/v2\/posts\/174031\/revisions"}],"predecessor-version":[{"id":174033,"href":"https:\/\/experienciadevida.com.ar\/portalurbano\/wp-json\/wp\/v2\/posts\/174031\/revisions\/174033"}],"wp:featuredmedia":[{"embeddable":true,"href":"https:\/\/experienciadevida.com.ar\/portalurbano\/wp-json\/wp\/v2\/media\/174032"}],"wp:attachment":[{"href":"https:\/\/experienciadevida.com.ar\/portalurbano\/wp-json\/wp\/v2\/media?parent=174031"}],"wp:term":[{"taxonomy":"category","embeddable":true,"href":"https:\/\/experienciadevida.com.ar\/portalurbano\/wp-json\/wp\/v2\/categories?post=174031"},{"taxonomy":"post_tag","embeddable":true,"href":"https:\/\/experienciadevida.com.ar\/portalurbano\/wp-json\/wp\/v2\/tags?post=174031"}],"curies":[{"name":"wp","href":"https:\/\/api.w.org\/{rel}","templated":true}]}}