{"id":174028,"date":"2022-08-25T08:34:21","date_gmt":"2022-08-25T11:34:21","guid":{"rendered":"https:\/\/experienciadevida.com.ar\/portalurbano\/?p=174028"},"modified":"2022-08-25T08:35:08","modified_gmt":"2022-08-25T11:35:08","slug":"fio-firmo-el-convenio-de-idi-sobre-cannabis-para-uso-medicinal","status":"publish","type":"post","link":"https:\/\/experienciadevida.com.ar\/portalurbano\/fio-firmo-el-convenio-de-idi-sobre-cannabis-para-uso-medicinal\/","title":{"rendered":"FIO firm\u00f3 el Convenio de I+D+I sobre cannabis para uso medicinal"},"content":{"rendered":"<p><a href=\"https:\/\/www.facebook.com\/FIO.UNICEN\">FIO<\/a> firm\u00f3 el Convenio de I+D+I sobre cannabis para uso medicinal, d\u00edas atr\u00e1s la Facultad de Ingenier\u00eda rubric\u00f3 un convenio para investigaci\u00f3n, desarrollo e innovaci\u00f3n tecnol\u00f3gica, en el campo del cannabis terap\u00e9utico y c\u00e1\u00f1amo industrial.<\/p>\n<p>Al evento protocolar, que corona intensas gestiones realizadas desde meses atr\u00e1s, asistieron la decana de la FIO Mar\u00eda Peralta, y el cient\u00edfico referente en la tem\u00e1tica Gast\u00f3n Barreto. Por UNICEN estuvo del rector Marcelo Aba, en tanto que en representaci\u00f3n de la empresa Yamar Group firmaron Santiago Pratto y Flavio Mayer.<\/p>\n<p>El convenio formaliza la intenci\u00f3n de las partes por conformar un proceso de investigaci\u00f3n p\u00fablico-privada para la formaci\u00f3n conjunta de un cl\u00faster en la regi\u00f3n.<\/p>\n<p>Se apunta a la radicaci\u00f3n de la mencionada empresa en el Partido de Olavarr\u00eda, profundizando una de las l\u00edneas que posee la empresa: el cultivo e industrializaci\u00f3n de c\u00e1\u00f1amo y cannabis para uso medicinal.<\/p>\n<p>La FIO exhibe a esta altura una vasta y protag\u00f3nica trayectoria en la tem\u00e1tica, conformando equipos de trabajo que ocupan lugares preponderantes en el terreno de la ciencia vinculada con el uso terap\u00e9utico de cannabis. El convenio firmado d\u00edas atr\u00e1s permitir\u00e1, seg\u00fan aseguran los funcionarios universitarios, profundizar las l\u00edneas de trabajo, ampliar los conocimientos y contribuir a la cadena de valor.<\/p>\n<p>&nbsp;<\/p>\n","protected":false},"excerpt":{"rendered":"<p>FIO firm\u00f3 el Convenio de I+D+I sobre cannabis para uso medicinal, d\u00edas atr\u00e1s la Facultad&#8230;<\/p>\n","protected":false},"author":1,"featured_media":174029,"comment_status":"closed","ping_status":"closed","sticky":false,"template":"","format":"standard","meta":{"content-type":""},"categories":[51,31],"tags":[],"nelio_content":{"isAutoShareEnabled":false,"autoShareEndMode":"default","automationSources":{"useContentSentences":true,"useSocialTemplates":true,"useCustomSentences":false,"customSentences":[]},"followers":[1],"suggestedReferences":[],"includedReferences":[],"efiUrl":"","efiAlt":"","highlights":[]},"yoast_head":"<!-- This site is optimized with the Yoast SEO plugin v20.7 - https:\/\/yoast.com\/wordpress\/plugins\/seo\/ -->\n<title>FIO firm\u00f3 el convenio de I+D+I sobre cannabis para uso medicinal<\/title>\n<meta name=\"description\" content=\"FIO firm\u00f3 el Convenio de I+D+I sobre cannabis para uso medicinal, d\u00edas atr\u00e1s la Facultad de Ingenier\u00eda rubric\u00f3 un convenio para investigaci\u00f3n\" \/>\n<meta name=\"robots\" content=\"index, follow, max-snippet:-1, max-image-preview:large, max-video-preview:-1\" \/>\n<link rel=\"canonical\" href=\"https:\/\/experienciadevida.com.ar\/portalurbano\/fio-firmo-el-convenio-de-idi-sobre-cannabis-para-uso-medicinal\/\" \/>\n<meta property=\"og:locale\" content=\"es_ES\" \/>\n<meta property=\"og:type\" content=\"article\" \/>\n<meta property=\"og:title\" content=\"FIO firm\u00f3 el convenio de I+D+I sobre cannabis para uso medicinal\" \/>\n<meta property=\"og:description\" content=\"FIO firm\u00f3 el Convenio de I+D+I sobre cannabis para uso medicinal, d\u00edas atr\u00e1s la Facultad de Ingenier\u00eda rubric\u00f3 un convenio para investigaci\u00f3n\" \/>\n<meta property=\"og:url\" content=\"https:\/\/experienciadevida.com.ar\/portalurbano\/fio-firmo-el-convenio-de-idi-sobre-cannabis-para-uso-medicinal\/\" \/>\n<meta property=\"article:publisher\" content=\"https:\/\/www.facebook.com\/Portal-Urbano-171542830093757\/\" \/>\n<meta property=\"article:published_time\" content=\"2022-08-25T11:34:21+00:00\" \/>\n<meta property=\"article:modified_time\" content=\"2022-08-25T11:35:08+00:00\" \/>\n<meta property=\"og:image\" content=\"https:\/\/experienciadevida.com.ar\/portalurbano\/wp-content\/uploads\/2022\/08\/FIO-firmo-el-Convenio.jpg\" \/>\n\t<meta property=\"og:image:width\" content=\"1020\" \/>\n\t<meta property=\"og:image:height\" content=\"660\" \/>\n\t<meta property=\"og:image:type\" content=\"image\/jpeg\" \/>\n<meta name=\"author\" content=\"admpu17wp\" \/>\n<meta name=\"twitter:card\" content=\"summary_large_image\" \/>\n<meta name=\"twitter:creator\" content=\"@portalurbanook\" \/>\n<meta name=\"twitter:site\" content=\"@portalurbanook\" \/>\n<meta name=\"twitter:label1\" content=\"Escrito por\" \/>\n\t<meta name=\"twitter:data1\" content=\"admpu17wp\" \/>\n\t<meta name=\"twitter:label2\" content=\"Tiempo de lectura\" \/>\n\t<meta name=\"twitter:data2\" content=\"1 minuto\" \/>\n<script type=\"application\/ld+json\" class=\"yoast-schema-graph\">{\"@context\":\"https:\/\/schema.org\",\"@graph\":[{\"@type\":\"Article\",\"@id\":\"https:\/\/experienciadevida.com.ar\/portalurbano\/fio-firmo-el-convenio-de-idi-sobre-cannabis-para-uso-medicinal\/#article\",\"isPartOf\":{\"@id\":\"https:\/\/experienciadevida.com.ar\/portalurbano\/fio-firmo-el-convenio-de-idi-sobre-cannabis-para-uso-medicinal\/\"},\"author\":{\"name\":\"admpu17wp\",\"@id\":\"https:\/\/experienciadevida.com.ar\/portalurbano\/#\/schema\/person\/02dd326b1c4b056e9cc972486934a3a7\"},\"headline\":\"FIO firm\u00f3 el Convenio de I+D+I sobre cannabis para uso medicinal\",\"datePublished\":\"2022-08-25T11:34:21+00:00\",\"dateModified\":\"2022-08-25T11:35:08+00:00\",\"mainEntityOfPage\":{\"@id\":\"https:\/\/experienciadevida.com.ar\/portalurbano\/fio-firmo-el-convenio-de-idi-sobre-cannabis-para-uso-medicinal\/\"},\"wordCount\":254,\"publisher\":{\"@id\":\"https:\/\/experienciadevida.com.ar\/portalurbano\/#organization\"},\"articleSection\":[\"Destacadas\",\"Educaci\u00f3n\"],\"inLanguage\":\"es\"},{\"@type\":\"WebPage\",\"@id\":\"https:\/\/experienciadevida.com.ar\/portalurbano\/fio-firmo-el-convenio-de-idi-sobre-cannabis-para-uso-medicinal\/\",\"url\":\"https:\/\/experienciadevida.com.ar\/portalurbano\/fio-firmo-el-convenio-de-idi-sobre-cannabis-para-uso-medicinal\/\",\"name\":\"FIO firm\u00f3 el convenio de I+D+I sobre cannabis para uso medicinal\",\"isPartOf\":{\"@id\":\"https:\/\/experienciadevida.com.ar\/portalurbano\/#website\"},\"datePublished\":\"2022-08-25T11:34:21+00:00\",\"dateModified\":\"2022-08-25T11:35:08+00:00\",\"description\":\"FIO firm\u00f3 el Convenio de I+D+I sobre cannabis para uso medicinal, d\u00edas atr\u00e1s la Facultad de Ingenier\u00eda rubric\u00f3 un convenio para investigaci\u00f3n\",\"breadcrumb\":{\"@id\":\"https:\/\/experienciadevida.com.ar\/portalurbano\/fio-firmo-el-convenio-de-idi-sobre-cannabis-para-uso-medicinal\/#breadcrumb\"},\"inLanguage\":\"es\",\"potentialAction\":[{\"@type\":\"ReadAction\",\"target\":[\"https:\/\/experienciadevida.com.ar\/portalurbano\/fio-firmo-el-convenio-de-idi-sobre-cannabis-para-uso-medicinal\/\"]}]},{\"@type\":\"BreadcrumbList\",\"@id\":\"https:\/\/experienciadevida.com.ar\/portalurbano\/fio-firmo-el-convenio-de-idi-sobre-cannabis-para-uso-medicinal\/#breadcrumb\",\"itemListElement\":[{\"@type\":\"ListItem\",\"position\":1,\"name\":\"Portada\",\"item\":\"https:\/\/experienciadevida.com.ar\/portalurbano\/\"},{\"@type\":\"ListItem\",\"position\":2,\"name\":\"FIO firm\u00f3 el Convenio de I+D+I sobre cannabis para uso medicinal\"}]},{\"@type\":\"WebSite\",\"@id\":\"https:\/\/experienciadevida.com.ar\/portalurbano\/#website\",\"url\":\"https:\/\/experienciadevida.com.ar\/portalurbano\/\",\"name\":\"\",\"description\":\"\",\"publisher\":{\"@id\":\"https:\/\/experienciadevida.com.ar\/portalurbano\/#organization\"},\"potentialAction\":[{\"@type\":\"SearchAction\",\"target\":{\"@type\":\"EntryPoint\",\"urlTemplate\":\"https:\/\/experienciadevida.com.ar\/portalurbano\/?s={search_term_string}\"},\"query-input\":\"required name=search_term_string\"}],\"inLanguage\":\"es\"},{\"@type\":\"Organization\",\"@id\":\"https:\/\/experienciadevida.com.ar\/portalurbano\/#organization\",\"name\":\"Portal Urbano\",\"url\":\"https:\/\/experienciadevida.com.ar\/portalurbano\/\",\"logo\":{\"@type\":\"ImageObject\",\"inLanguage\":\"es\",\"@id\":\"https:\/\/experienciadevida.com.ar\/portalurbano\/#\/schema\/logo\/image\/\",\"url\":\"https:\/\/experienciadevida.com.ar\/portalurbano\/wp-content\/uploads\/2019\/09\/Logo-Original.png\",\"contentUrl\":\"https:\/\/experienciadevida.com.ar\/portalurbano\/wp-content\/uploads\/2019\/09\/Logo-Original.png\",\"width\":2236,\"height\":1216,\"caption\":\"Portal Urbano\"},\"image\":{\"@id\":\"https:\/\/experienciadevida.com.ar\/portalurbano\/#\/schema\/logo\/image\/\"},\"sameAs\":[\"https:\/\/www.facebook.com\/Portal-Urbano-171542830093757\/\",\"https:\/\/twitter.com\/portalurbanook\",\"https:\/\/www.instagram.com\/_portalurbano\/\",\"https:\/\/www.youtube.com\/channel\/UCXhagIfszH8KxFiOok79zbA?view_as=subscriber\"]},{\"@type\":\"Person\",\"@id\":\"https:\/\/experienciadevida.com.ar\/portalurbano\/#\/schema\/person\/02dd326b1c4b056e9cc972486934a3a7\",\"name\":\"admpu17wp\",\"image\":{\"@type\":\"ImageObject\",\"inLanguage\":\"es\",\"@id\":\"https:\/\/experienciadevida.com.ar\/portalurbano\/#\/schema\/person\/image\/\",\"url\":\"https:\/\/secure.gravatar.com\/avatar\/830d4c57adaae6630765e449a6908047?s=96&d=mm&r=g\",\"contentUrl\":\"https:\/\/secure.gravatar.com\/avatar\/830d4c57adaae6630765e449a6908047?s=96&d=mm&r=g\",\"caption\":\"admpu17wp\"}}]}<\/script>\n<!-- \/ Yoast SEO plugin. -->","yoast_head_json":{"title":"FIO firm\u00f3 el convenio de I+D+I sobre cannabis para uso medicinal","description":"FIO firm\u00f3 el Convenio de I+D+I sobre cannabis para uso medicinal, d\u00edas atr\u00e1s la Facultad de Ingenier\u00eda rubric\u00f3 un convenio para investigaci\u00f3n","robots":{"index":"index","follow":"follow","max-snippet":"max-snippet:-1","max-image-preview":"max-image-preview:large","max-video-preview":"max-video-preview:-1"},"canonical":"https:\/\/experienciadevida.com.ar\/portalurbano\/fio-firmo-el-convenio-de-idi-sobre-cannabis-para-uso-medicinal\/","og_locale":"es_ES","og_type":"article","og_title":"FIO firm\u00f3 el convenio de I+D+I sobre cannabis para uso medicinal","og_description":"FIO firm\u00f3 el Convenio de I+D+I sobre cannabis para uso medicinal, d\u00edas atr\u00e1s la Facultad de Ingenier\u00eda rubric\u00f3 un convenio para investigaci\u00f3n","og_url":"https:\/\/experienciadevida.com.ar\/portalurbano\/fio-firmo-el-convenio-de-idi-sobre-cannabis-para-uso-medicinal\/","article_publisher":"https:\/\/www.facebook.com\/Portal-Urbano-171542830093757\/","article_published_time":"2022-08-25T11:34:21+00:00","article_modified_time":"2022-08-25T11:35:08+00:00","og_image":[{"width":1020,"height":660,"url":"https:\/\/experienciadevida.com.ar\/portalurbano\/wp-content\/uploads\/2022\/08\/FIO-firmo-el-Convenio.jpg","type":"image\/jpeg"}],"author":"admpu17wp","twitter_card":"summary_large_image","twitter_creator":"@portalurbanook","twitter_site":"@portalurbanook","twitter_misc":{"Escrito por":"admpu17wp","Tiempo de lectura":"1 minuto"},"schema":{"@context":"https:\/\/schema.org","@graph":[{"@type":"Article","@id":"https:\/\/experienciadevida.com.ar\/portalurbano\/fio-firmo-el-convenio-de-idi-sobre-cannabis-para-uso-medicinal\/#article","isPartOf":{"@id":"https:\/\/experienciadevida.com.ar\/portalurbano\/fio-firmo-el-convenio-de-idi-sobre-cannabis-para-uso-medicinal\/"},"author":{"name":"admpu17wp","@id":"https:\/\/experienciadevida.com.ar\/portalurbano\/#\/schema\/person\/02dd326b1c4b056e9cc972486934a3a7"},"headline":"FIO firm\u00f3 el Convenio de I+D+I sobre cannabis para uso medicinal","datePublished":"2022-08-25T11:34:21+00:00","dateModified":"2022-08-25T11:35:08+00:00","mainEntityOfPage":{"@id":"https:\/\/experienciadevida.com.ar\/portalurbano\/fio-firmo-el-convenio-de-idi-sobre-cannabis-para-uso-medicinal\/"},"wordCount":254,"publisher":{"@id":"https:\/\/experienciadevida.com.ar\/portalurbano\/#organization"},"articleSection":["Destacadas","Educaci\u00f3n"],"inLanguage":"es"},{"@type":"WebPage","@id":"https:\/\/experienciadevida.com.ar\/portalurbano\/fio-firmo-el-convenio-de-idi-sobre-cannabis-para-uso-medicinal\/","url":"https:\/\/experienciadevida.com.ar\/portalurbano\/fio-firmo-el-convenio-de-idi-sobre-cannabis-para-uso-medicinal\/","name":"FIO firm\u00f3 el convenio de I+D+I sobre cannabis para uso medicinal","isPartOf":{"@id":"https:\/\/experienciadevida.com.ar\/portalurbano\/#website"},"datePublished":"2022-08-25T11:34:21+00:00","dateModified":"2022-08-25T11:35:08+00:00","description":"FIO firm\u00f3 el Convenio de I+D+I sobre cannabis para uso medicinal, d\u00edas atr\u00e1s la Facultad de Ingenier\u00eda rubric\u00f3 un convenio para investigaci\u00f3n","breadcrumb":{"@id":"https:\/\/experienciadevida.com.ar\/portalurbano\/fio-firmo-el-convenio-de-idi-sobre-cannabis-para-uso-medicinal\/#breadcrumb"},"inLanguage":"es","potentialAction":[{"@type":"ReadAction","target":["https:\/\/experienciadevida.com.ar\/portalurbano\/fio-firmo-el-convenio-de-idi-sobre-cannabis-para-uso-medicinal\/"]}]},{"@type":"BreadcrumbList","@id":"https:\/\/experienciadevida.com.ar\/portalurbano\/fio-firmo-el-convenio-de-idi-sobre-cannabis-para-uso-medicinal\/#breadcrumb","itemListElement":[{"@type":"ListItem","position":1,"name":"Portada","item":"https:\/\/experienciadevida.com.ar\/portalurbano\/"},{"@type":"ListItem","position":2,"name":"FIO firm\u00f3 el Convenio de I+D+I sobre cannabis para uso medicinal"}]},{"@type":"WebSite","@id":"https:\/\/experienciadevida.com.ar\/portalurbano\/#website","url":"https:\/\/experienciadevida.com.ar\/portalurbano\/","name":"","description":"","publisher":{"@id":"https:\/\/experienciadevida.com.ar\/portalurbano\/#organization"},"potentialAction":[{"@type":"SearchAction","target":{"@type":"EntryPoint","urlTemplate":"https:\/\/experienciadevida.com.ar\/portalurbano\/?s={search_term_string}"},"query-input":"required name=search_term_string"}],"inLanguage":"es"},{"@type":"Organization","@id":"https:\/\/experienciadevida.com.ar\/portalurbano\/#organization","name":"Portal Urbano","url":"https:\/\/experienciadevida.com.ar\/portalurbano\/","logo":{"@type":"ImageObject","inLanguage":"es","@id":"https:\/\/experienciadevida.com.ar\/portalurbano\/#\/schema\/logo\/image\/","url":"https:\/\/experienciadevida.com.ar\/portalurbano\/wp-content\/uploads\/2019\/09\/Logo-Original.png","contentUrl":"https:\/\/experienciadevida.com.ar\/portalurbano\/wp-content\/uploads\/2019\/09\/Logo-Original.png","width":2236,"height":1216,"caption":"Portal Urbano"},"image":{"@id":"https:\/\/experienciadevida.com.ar\/portalurbano\/#\/schema\/logo\/image\/"},"sameAs":["https:\/\/www.facebook.com\/Portal-Urbano-171542830093757\/","https:\/\/twitter.com\/portalurbanook","https:\/\/www.instagram.com\/_portalurbano\/","https:\/\/www.youtube.com\/channel\/UCXhagIfszH8KxFiOok79zbA?view_as=subscriber"]},{"@type":"Person","@id":"https:\/\/experienciadevida.com.ar\/portalurbano\/#\/schema\/person\/02dd326b1c4b056e9cc972486934a3a7","name":"admpu17wp","image":{"@type":"ImageObject","inLanguage":"es","@id":"https:\/\/experienciadevida.com.ar\/portalurbano\/#\/schema\/person\/image\/","url":"https:\/\/secure.gravatar.com\/avatar\/830d4c57adaae6630765e449a6908047?s=96&d=mm&r=g","contentUrl":"https:\/\/secure.gravatar.com\/avatar\/830d4c57adaae6630765e449a6908047?s=96&d=mm&r=g","caption":"admpu17wp"}}]}},"featured_image_urls":{"full":["https:\/\/experienciadevida.com.ar\/portalurbano\/wp-content\/uploads\/2022\/08\/FIO-firmo-el-Convenio.jpg",1020,660,false],"thumbnail":["https:\/\/experienciadevida.com.ar\/portalurbano\/wp-content\/uploads\/2022\/08\/FIO-firmo-el-Convenio-150x150.jpg",150,150,true],"medium":["https:\/\/experienciadevida.com.ar\/portalurbano\/wp-content\/uploads\/2022\/08\/FIO-firmo-el-Convenio-300x194.jpg",300,194,true],"medium_large":["https:\/\/experienciadevida.com.ar\/portalurbano\/wp-content\/uploads\/2022\/08\/FIO-firmo-el-Convenio-768x497.jpg",640,414,true],"large":["https:\/\/experienciadevida.com.ar\/portalurbano\/wp-content\/uploads\/2022\/08\/FIO-firmo-el-Convenio.jpg",640,414,false],"ug_big":["https:\/\/experienciadevida.com.ar\/portalurbano\/wp-content\/uploads\/2022\/08\/FIO-firmo-el-Convenio-768x497.jpg",768,497,true],"1536x1536":["https:\/\/experienciadevida.com.ar\/portalurbano\/wp-content\/uploads\/2022\/08\/FIO-firmo-el-Convenio.jpg",1020,660,false],"2048x2048":["https:\/\/experienciadevida.com.ar\/portalurbano\/wp-content\/uploads\/2022\/08\/FIO-firmo-el-Convenio.jpg",1020,660,false],"newsever-slider-full":["https:\/\/experienciadevida.com.ar\/portalurbano\/wp-content\/uploads\/2022\/08\/FIO-firmo-el-Convenio.jpg",1020,660,false],"newsever-featured":["https:\/\/experienciadevida.com.ar\/portalurbano\/wp-content\/uploads\/2022\/08\/FIO-firmo-el-Convenio.jpg",1020,660,false],"newsever-medium":["https:\/\/experienciadevida.com.ar\/portalurbano\/wp-content\/uploads\/2022\/08\/FIO-firmo-el-Convenio.jpg",720,466,false],"web-stories-poster-portrait":["https:\/\/experienciadevida.com.ar\/portalurbano\/wp-content\/uploads\/2022\/08\/FIO-firmo-el-Convenio-640x660.jpg",640,660,true],"web-stories-publisher-logo":["https:\/\/experienciadevida.com.ar\/portalurbano\/wp-content\/uploads\/2022\/08\/FIO-firmo-el-Convenio-96x96.jpg",96,96,true],"web-stories-thumbnail":["https:\/\/experienciadevida.com.ar\/portalurbano\/wp-content\/uploads\/2022\/08\/FIO-firmo-el-Convenio-150x97.jpg",150,97,true]},"author_info":{"display_name":"admpu17wp","author_link":"https:\/\/experienciadevida.com.ar\/portalurbano\/author\/admpu17wp\/"},"category_info":"<a href=\"https:\/\/experienciadevida.com.ar\/portalurbano\/category\/destacadas\/\" rel=\"category tag\">Destacadas<\/a> <a href=\"https:\/\/experienciadevida.com.ar\/portalurbano\/category\/ciudad\/educacion\/\" rel=\"category tag\">Educaci\u00f3n<\/a>","tag_info":"Educaci\u00f3n","comment_count":"0","amp_enabled":true,"_links":{"self":[{"href":"https:\/\/experienciadevida.com.ar\/portalurbano\/wp-json\/wp\/v2\/posts\/174028"}],"collection":[{"href":"https:\/\/experienciadevida.com.ar\/portalurbano\/wp-json\/wp\/v2\/posts"}],"about":[{"href":"https:\/\/experienciadevida.com.ar\/portalurbano\/wp-json\/wp\/v2\/types\/post"}],"author":[{"embeddable":true,"href":"https:\/\/experienciadevida.com.ar\/portalurbano\/wp-json\/wp\/v2\/users\/1"}],"replies":[{"embeddable":true,"href":"https:\/\/experienciadevida.com.ar\/portalurbano\/wp-json\/wp\/v2\/comments?post=174028"}],"version-history":[{"count":1,"href":"https:\/\/experienciadevida.com.ar\/portalurbano\/wp-json\/wp\/v2\/posts\/174028\/revisions"}],"predecessor-version":[{"id":174030,"href":"https:\/\/experienciadevida.com.ar\/portalurbano\/wp-json\/wp\/v2\/posts\/174028\/revisions\/174030"}],"wp:featuredmedia":[{"embeddable":true,"href":"https:\/\/experienciadevida.com.ar\/portalurbano\/wp-json\/wp\/v2\/media\/174029"}],"wp:attachment":[{"href":"https:\/\/experienciadevida.com.ar\/portalurbano\/wp-json\/wp\/v2\/media?parent=174028"}],"wp:term":[{"taxonomy":"category","embeddable":true,"href":"https:\/\/experienciadevida.com.ar\/portalurbano\/wp-json\/wp\/v2\/categories?post=174028"},{"taxonomy":"post_tag","embeddable":true,"href":"https:\/\/experienciadevida.com.ar\/portalurbano\/wp-json\/wp\/v2\/tags?post=174028"}],"curies":[{"name":"wp","href":"https:\/\/api.w.org\/{rel}","templated":true}]}}