{"id":174015,"date":"2022-08-24T21:05:39","date_gmt":"2022-08-25T00:05:39","guid":{"rendered":"https:\/\/experienciadevida.com.ar\/portalurbano\/?p=174015"},"modified":"2022-08-24T21:14:49","modified_gmt":"2022-08-25T00:14:49","slug":"este-jueves-se-movilizaran-en-nuestra-ciudad-por-los-reclamos-urgentes","status":"publish","type":"post","link":"https:\/\/experienciadevida.com.ar\/portalurbano\/este-jueves-se-movilizaran-en-nuestra-ciudad-por-los-reclamos-urgentes\/","title":{"rendered":"Este jueves se movilizar\u00e1n en nuestra ciudad &#8220;por los reclamos urgentes&#8221;"},"content":{"rendered":"<p>Este jueves se movilizar\u00e1n en nuestra ciudad &#8220;por los reclamos urgentes&#8221;, en el marco de que el consejo del Salario, que se reuni\u00f3 este lunes 22, resolvi\u00f3 un aumento del salario m\u00ednimo miserable y en tres cuotas, que llevar\u00eda el monto hasta<br \/>\n$57.900 en noviembre: un aumento acumulado total de 75%, por debajo de una inflaci\u00f3n anual prevista del 90%.<\/p>\n<p>Este aumento del salario m\u00ednimo viene a convalidar una l\u00ednea de deterioro de los ingresos de los trabajadores precarizados, beneficiarios de programas sociales y jubilados de la m\u00ednima. Con las cifras actuales, el salario m\u00ednimo no llega ni a la mitad del valor de la canasta b\u00e1sica del mes de julio. Cuando termine el a\u00f1o la distancia ser\u00e1 m\u00e1s amplia y las necesidades populares insatisfechas ser\u00e1n m\u00e1s profundas.<\/p>\n<p>Al gobierno no le basta con licuar los escasos ingresos de los sectores m\u00e1s vulnerables, sino que tambi\u00e9n recorta el presupuesto de salud, educaci\u00f3n y vivienda, y posterga las entregas de alimentos a los comedores populares,<br \/>\nante un crecimiento de la miseria y la pobreza. No es ninguna sorpresa porque ya Sergio Massa hab\u00eda anticipado que el presupuesto y los ministerios deb\u00edan atenerse a las metas de ajuste fiscal acordadas con el FMI.<\/p>\n<p>Ante esto, la burocracia de la CGT y ambas CTAs acompa\u00f1an al gobierno y su pol\u00edtica. Lo mismo la UTEP. En contraste, la Unidad Piquetera y el sindicalismo combativo movilizaron este lunes al Ministerio de Trabajo, con<br \/>\nun planteo independiente, por un salario m\u00ednimo que cubra la canasta b\u00e1sica de $112.000.<\/p>\n<p>&#8220;En Olavarr\u00eda, donde gobierna Galli aplicando el mismo ajuste que el gobierno nacional, las organizaciones que formamos parte de la Unidad Piquetera tambi\u00e9n nos movilizamos y tendremos una reuni\u00f3n con Diego<br \/>\nRobbiani para exigirle respuesta a los planteos que le hicimos hace quince d\u00edas&#8221;.<\/p>\n<p>Foto: Ilustrativa<\/p>\n","protected":false},"excerpt":{"rendered":"<p>Este jueves se movilizar\u00e1n en nuestra ciudad &#8220;por los reclamos urgentes&#8221;, en el marco de&#8230;<\/p>\n","protected":false},"author":1,"featured_media":118889,"comment_status":"closed","ping_status":"closed","sticky":false,"template":"","format":"standard","meta":{"content-type":""},"categories":[27],"tags":[],"nelio_content":{"isAutoShareEnabled":false,"autoShareEndMode":"default","automationSources":{"useContentSentences":true,"useSocialTemplates":true,"useCustomSentences":false,"customSentences":[]},"followers":[1],"suggestedReferences":[],"includedReferences":[],"efiUrl":"","efiAlt":"","highlights":[]},"yoast_head":"<!-- This site is optimized with the Yoast SEO plugin v20.7 - https:\/\/yoast.com\/wordpress\/plugins\/seo\/ -->\n<title>Este jueves se movilizar\u00e1n en nuestra ciudad &quot;por los reclamos urgentes&quot; -<\/title>\n<meta name=\"robots\" content=\"index, follow, max-snippet:-1, max-image-preview:large, max-video-preview:-1\" \/>\n<link rel=\"canonical\" href=\"https:\/\/experienciadevida.com.ar\/portalurbano\/este-jueves-se-movilizaran-en-nuestra-ciudad-por-los-reclamos-urgentes\/\" \/>\n<meta property=\"og:locale\" content=\"es_ES\" \/>\n<meta property=\"og:type\" content=\"article\" \/>\n<meta property=\"og:title\" content=\"Este jueves se movilizar\u00e1n en nuestra ciudad &quot;por los reclamos urgentes&quot; -\" \/>\n<meta property=\"og:description\" content=\"Este jueves se movilizar\u00e1n en nuestra ciudad &#8220;por los reclamos urgentes&#8221;, en el marco de...\" \/>\n<meta property=\"og:url\" content=\"https:\/\/experienciadevida.com.ar\/portalurbano\/este-jueves-se-movilizaran-en-nuestra-ciudad-por-los-reclamos-urgentes\/\" \/>\n<meta property=\"article:publisher\" content=\"https:\/\/www.facebook.com\/Portal-Urbano-171542830093757\/\" \/>\n<meta property=\"article:published_time\" content=\"2022-08-25T00:05:39+00:00\" \/>\n<meta property=\"article:modified_time\" content=\"2022-08-25T00:14:49+00:00\" \/>\n<meta property=\"og:image\" content=\"https:\/\/experienciadevida.com.ar\/portalurbano\/wp-content\/uploads\/2020\/08\/PLAZA-1.jpg\" \/>\n\t<meta property=\"og:image:width\" content=\"765\" \/>\n\t<meta property=\"og:image:height\" content=\"510\" \/>\n\t<meta property=\"og:image:type\" content=\"image\/jpeg\" \/>\n<meta name=\"author\" content=\"admpu17wp\" \/>\n<meta name=\"twitter:card\" content=\"summary_large_image\" \/>\n<meta name=\"twitter:creator\" content=\"@portalurbanook\" \/>\n<meta name=\"twitter:site\" content=\"@portalurbanook\" \/>\n<meta name=\"twitter:label1\" content=\"Escrito por\" \/>\n\t<meta name=\"twitter:data1\" content=\"admpu17wp\" \/>\n\t<meta name=\"twitter:label2\" content=\"Tiempo de lectura\" \/>\n\t<meta name=\"twitter:data2\" content=\"2 minutos\" \/>\n<script type=\"application\/ld+json\" class=\"yoast-schema-graph\">{\"@context\":\"https:\/\/schema.org\",\"@graph\":[{\"@type\":\"Article\",\"@id\":\"https:\/\/experienciadevida.com.ar\/portalurbano\/este-jueves-se-movilizaran-en-nuestra-ciudad-por-los-reclamos-urgentes\/#article\",\"isPartOf\":{\"@id\":\"https:\/\/experienciadevida.com.ar\/portalurbano\/este-jueves-se-movilizaran-en-nuestra-ciudad-por-los-reclamos-urgentes\/\"},\"author\":{\"name\":\"admpu17wp\",\"@id\":\"https:\/\/experienciadevida.com.ar\/portalurbano\/#\/schema\/person\/02dd326b1c4b056e9cc972486934a3a7\"},\"headline\":\"Este jueves se movilizar\u00e1n en nuestra ciudad &#8220;por los reclamos urgentes&#8221;\",\"datePublished\":\"2022-08-25T00:05:39+00:00\",\"dateModified\":\"2022-08-25T00:14:49+00:00\",\"mainEntityOfPage\":{\"@id\":\"https:\/\/experienciadevida.com.ar\/portalurbano\/este-jueves-se-movilizaran-en-nuestra-ciudad-por-los-reclamos-urgentes\/\"},\"wordCount\":331,\"publisher\":{\"@id\":\"https:\/\/experienciadevida.com.ar\/portalurbano\/#organization\"},\"articleSection\":[\"Ciudad\"],\"inLanguage\":\"es\"},{\"@type\":\"WebPage\",\"@id\":\"https:\/\/experienciadevida.com.ar\/portalurbano\/este-jueves-se-movilizaran-en-nuestra-ciudad-por-los-reclamos-urgentes\/\",\"url\":\"https:\/\/experienciadevida.com.ar\/portalurbano\/este-jueves-se-movilizaran-en-nuestra-ciudad-por-los-reclamos-urgentes\/\",\"name\":\"Este jueves se movilizar\u00e1n en nuestra ciudad \\\"por los reclamos urgentes\\\" -\",\"isPartOf\":{\"@id\":\"https:\/\/experienciadevida.com.ar\/portalurbano\/#website\"},\"datePublished\":\"2022-08-25T00:05:39+00:00\",\"dateModified\":\"2022-08-25T00:14:49+00:00\",\"breadcrumb\":{\"@id\":\"https:\/\/experienciadevida.com.ar\/portalurbano\/este-jueves-se-movilizaran-en-nuestra-ciudad-por-los-reclamos-urgentes\/#breadcrumb\"},\"inLanguage\":\"es\",\"potentialAction\":[{\"@type\":\"ReadAction\",\"target\":[\"https:\/\/experienciadevida.com.ar\/portalurbano\/este-jueves-se-movilizaran-en-nuestra-ciudad-por-los-reclamos-urgentes\/\"]}]},{\"@type\":\"BreadcrumbList\",\"@id\":\"https:\/\/experienciadevida.com.ar\/portalurbano\/este-jueves-se-movilizaran-en-nuestra-ciudad-por-los-reclamos-urgentes\/#breadcrumb\",\"itemListElement\":[{\"@type\":\"ListItem\",\"position\":1,\"name\":\"Portada\",\"item\":\"https:\/\/experienciadevida.com.ar\/portalurbano\/\"},{\"@type\":\"ListItem\",\"position\":2,\"name\":\"Este jueves se movilizar\u00e1n en nuestra ciudad \u00abpor los reclamos urgentes\u00bb\"}]},{\"@type\":\"WebSite\",\"@id\":\"https:\/\/experienciadevida.com.ar\/portalurbano\/#website\",\"url\":\"https:\/\/experienciadevida.com.ar\/portalurbano\/\",\"name\":\"\",\"description\":\"\",\"publisher\":{\"@id\":\"https:\/\/experienciadevida.com.ar\/portalurbano\/#organization\"},\"potentialAction\":[{\"@type\":\"SearchAction\",\"target\":{\"@type\":\"EntryPoint\",\"urlTemplate\":\"https:\/\/experienciadevida.com.ar\/portalurbano\/?s={search_term_string}\"},\"query-input\":\"required name=search_term_string\"}],\"inLanguage\":\"es\"},{\"@type\":\"Organization\",\"@id\":\"https:\/\/experienciadevida.com.ar\/portalurbano\/#organization\",\"name\":\"Portal Urbano\",\"url\":\"https:\/\/experienciadevida.com.ar\/portalurbano\/\",\"logo\":{\"@type\":\"ImageObject\",\"inLanguage\":\"es\",\"@id\":\"https:\/\/experienciadevida.com.ar\/portalurbano\/#\/schema\/logo\/image\/\",\"url\":\"https:\/\/experienciadevida.com.ar\/portalurbano\/wp-content\/uploads\/2019\/09\/Logo-Original.png\",\"contentUrl\":\"https:\/\/experienciadevida.com.ar\/portalurbano\/wp-content\/uploads\/2019\/09\/Logo-Original.png\",\"width\":2236,\"height\":1216,\"caption\":\"Portal Urbano\"},\"image\":{\"@id\":\"https:\/\/experienciadevida.com.ar\/portalurbano\/#\/schema\/logo\/image\/\"},\"sameAs\":[\"https:\/\/www.facebook.com\/Portal-Urbano-171542830093757\/\",\"https:\/\/twitter.com\/portalurbanook\",\"https:\/\/www.instagram.com\/_portalurbano\/\",\"https:\/\/www.youtube.com\/channel\/UCXhagIfszH8KxFiOok79zbA?view_as=subscriber\"]},{\"@type\":\"Person\",\"@id\":\"https:\/\/experienciadevida.com.ar\/portalurbano\/#\/schema\/person\/02dd326b1c4b056e9cc972486934a3a7\",\"name\":\"admpu17wp\",\"image\":{\"@type\":\"ImageObject\",\"inLanguage\":\"es\",\"@id\":\"https:\/\/experienciadevida.com.ar\/portalurbano\/#\/schema\/person\/image\/\",\"url\":\"https:\/\/secure.gravatar.com\/avatar\/830d4c57adaae6630765e449a6908047?s=96&d=mm&r=g\",\"contentUrl\":\"https:\/\/secure.gravatar.com\/avatar\/830d4c57adaae6630765e449a6908047?s=96&d=mm&r=g\",\"caption\":\"admpu17wp\"}}]}<\/script>\n<!-- \/ Yoast SEO plugin. -->","yoast_head_json":{"title":"Este jueves se movilizar\u00e1n en nuestra ciudad \"por los reclamos urgentes\" -","robots":{"index":"index","follow":"follow","max-snippet":"max-snippet:-1","max-image-preview":"max-image-preview:large","max-video-preview":"max-video-preview:-1"},"canonical":"https:\/\/experienciadevida.com.ar\/portalurbano\/este-jueves-se-movilizaran-en-nuestra-ciudad-por-los-reclamos-urgentes\/","og_locale":"es_ES","og_type":"article","og_title":"Este jueves se movilizar\u00e1n en nuestra ciudad \"por los reclamos urgentes\" -","og_description":"Este jueves se movilizar\u00e1n en nuestra ciudad &#8220;por los reclamos urgentes&#8221;, en el marco de...","og_url":"https:\/\/experienciadevida.com.ar\/portalurbano\/este-jueves-se-movilizaran-en-nuestra-ciudad-por-los-reclamos-urgentes\/","article_publisher":"https:\/\/www.facebook.com\/Portal-Urbano-171542830093757\/","article_published_time":"2022-08-25T00:05:39+00:00","article_modified_time":"2022-08-25T00:14:49+00:00","og_image":[{"width":765,"height":510,"url":"https:\/\/experienciadevida.com.ar\/portalurbano\/wp-content\/uploads\/2020\/08\/PLAZA-1.jpg","type":"image\/jpeg"}],"author":"admpu17wp","twitter_card":"summary_large_image","twitter_creator":"@portalurbanook","twitter_site":"@portalurbanook","twitter_misc":{"Escrito por":"admpu17wp","Tiempo de lectura":"2 minutos"},"schema":{"@context":"https:\/\/schema.org","@graph":[{"@type":"Article","@id":"https:\/\/experienciadevida.com.ar\/portalurbano\/este-jueves-se-movilizaran-en-nuestra-ciudad-por-los-reclamos-urgentes\/#article","isPartOf":{"@id":"https:\/\/experienciadevida.com.ar\/portalurbano\/este-jueves-se-movilizaran-en-nuestra-ciudad-por-los-reclamos-urgentes\/"},"author":{"name":"admpu17wp","@id":"https:\/\/experienciadevida.com.ar\/portalurbano\/#\/schema\/person\/02dd326b1c4b056e9cc972486934a3a7"},"headline":"Este jueves se movilizar\u00e1n en nuestra ciudad &#8220;por los reclamos urgentes&#8221;","datePublished":"2022-08-25T00:05:39+00:00","dateModified":"2022-08-25T00:14:49+00:00","mainEntityOfPage":{"@id":"https:\/\/experienciadevida.com.ar\/portalurbano\/este-jueves-se-movilizaran-en-nuestra-ciudad-por-los-reclamos-urgentes\/"},"wordCount":331,"publisher":{"@id":"https:\/\/experienciadevida.com.ar\/portalurbano\/#organization"},"articleSection":["Ciudad"],"inLanguage":"es"},{"@type":"WebPage","@id":"https:\/\/experienciadevida.com.ar\/portalurbano\/este-jueves-se-movilizaran-en-nuestra-ciudad-por-los-reclamos-urgentes\/","url":"https:\/\/experienciadevida.com.ar\/portalurbano\/este-jueves-se-movilizaran-en-nuestra-ciudad-por-los-reclamos-urgentes\/","name":"Este jueves se movilizar\u00e1n en nuestra ciudad \"por los reclamos urgentes\" -","isPartOf":{"@id":"https:\/\/experienciadevida.com.ar\/portalurbano\/#website"},"datePublished":"2022-08-25T00:05:39+00:00","dateModified":"2022-08-25T00:14:49+00:00","breadcrumb":{"@id":"https:\/\/experienciadevida.com.ar\/portalurbano\/este-jueves-se-movilizaran-en-nuestra-ciudad-por-los-reclamos-urgentes\/#breadcrumb"},"inLanguage":"es","potentialAction":[{"@type":"ReadAction","target":["https:\/\/experienciadevida.com.ar\/portalurbano\/este-jueves-se-movilizaran-en-nuestra-ciudad-por-los-reclamos-urgentes\/"]}]},{"@type":"BreadcrumbList","@id":"https:\/\/experienciadevida.com.ar\/portalurbano\/este-jueves-se-movilizaran-en-nuestra-ciudad-por-los-reclamos-urgentes\/#breadcrumb","itemListElement":[{"@type":"ListItem","position":1,"name":"Portada","item":"https:\/\/experienciadevida.com.ar\/portalurbano\/"},{"@type":"ListItem","position":2,"name":"Este jueves se movilizar\u00e1n en nuestra ciudad \u00abpor los reclamos urgentes\u00bb"}]},{"@type":"WebSite","@id":"https:\/\/experienciadevida.com.ar\/portalurbano\/#website","url":"https:\/\/experienciadevida.com.ar\/portalurbano\/","name":"","description":"","publisher":{"@id":"https:\/\/experienciadevida.com.ar\/portalurbano\/#organization"},"potentialAction":[{"@type":"SearchAction","target":{"@type":"EntryPoint","urlTemplate":"https:\/\/experienciadevida.com.ar\/portalurbano\/?s={search_term_string}"},"query-input":"required name=search_term_string"}],"inLanguage":"es"},{"@type":"Organization","@id":"https:\/\/experienciadevida.com.ar\/portalurbano\/#organization","name":"Portal Urbano","url":"https:\/\/experienciadevida.com.ar\/portalurbano\/","logo":{"@type":"ImageObject","inLanguage":"es","@id":"https:\/\/experienciadevida.com.ar\/portalurbano\/#\/schema\/logo\/image\/","url":"https:\/\/experienciadevida.com.ar\/portalurbano\/wp-content\/uploads\/2019\/09\/Logo-Original.png","contentUrl":"https:\/\/experienciadevida.com.ar\/portalurbano\/wp-content\/uploads\/2019\/09\/Logo-Original.png","width":2236,"height":1216,"caption":"Portal Urbano"},"image":{"@id":"https:\/\/experienciadevida.com.ar\/portalurbano\/#\/schema\/logo\/image\/"},"sameAs":["https:\/\/www.facebook.com\/Portal-Urbano-171542830093757\/","https:\/\/twitter.com\/portalurbanook","https:\/\/www.instagram.com\/_portalurbano\/","https:\/\/www.youtube.com\/channel\/UCXhagIfszH8KxFiOok79zbA?view_as=subscriber"]},{"@type":"Person","@id":"https:\/\/experienciadevida.com.ar\/portalurbano\/#\/schema\/person\/02dd326b1c4b056e9cc972486934a3a7","name":"admpu17wp","image":{"@type":"ImageObject","inLanguage":"es","@id":"https:\/\/experienciadevida.com.ar\/portalurbano\/#\/schema\/person\/image\/","url":"https:\/\/secure.gravatar.com\/avatar\/830d4c57adaae6630765e449a6908047?s=96&d=mm&r=g","contentUrl":"https:\/\/secure.gravatar.com\/avatar\/830d4c57adaae6630765e449a6908047?s=96&d=mm&r=g","caption":"admpu17wp"}}]}},"featured_image_urls":{"full":["https:\/\/experienciadevida.com.ar\/portalurbano\/wp-content\/uploads\/2020\/08\/PLAZA-1.jpg",765,510,false],"thumbnail":["https:\/\/experienciadevida.com.ar\/portalurbano\/wp-content\/uploads\/2020\/08\/PLAZA-1-150x150.jpg",150,150,true],"medium":["https:\/\/experienciadevida.com.ar\/portalurbano\/wp-content\/uploads\/2020\/08\/PLAZA-1-300x200.jpg",300,200,true],"medium_large":["https:\/\/experienciadevida.com.ar\/portalurbano\/wp-content\/uploads\/2020\/08\/PLAZA-1.jpg",640,427,false],"large":["https:\/\/experienciadevida.com.ar\/portalurbano\/wp-content\/uploads\/2020\/08\/PLAZA-1.jpg",640,427,false],"ug_big":["https:\/\/experienciadevida.com.ar\/portalurbano\/wp-content\/uploads\/2020\/08\/PLAZA-1.jpg",765,510,false],"1536x1536":["https:\/\/experienciadevida.com.ar\/portalurbano\/wp-content\/uploads\/2020\/08\/PLAZA-1.jpg",765,510,false],"2048x2048":["https:\/\/experienciadevida.com.ar\/portalurbano\/wp-content\/uploads\/2020\/08\/PLAZA-1.jpg",765,510,false],"newsever-slider-full":["https:\/\/experienciadevida.com.ar\/portalurbano\/wp-content\/uploads\/2020\/08\/PLAZA-1.jpg",765,510,false],"newsever-featured":["https:\/\/experienciadevida.com.ar\/portalurbano\/wp-content\/uploads\/2020\/08\/PLAZA-1.jpg",765,510,false],"newsever-medium":["https:\/\/experienciadevida.com.ar\/portalurbano\/wp-content\/uploads\/2020\/08\/PLAZA-1.jpg",713,475,false],"web-stories-poster-portrait":["https:\/\/experienciadevida.com.ar\/portalurbano\/wp-content\/uploads\/2020\/08\/PLAZA-1.jpg",640,427,false],"web-stories-publisher-logo":["https:\/\/experienciadevida.com.ar\/portalurbano\/wp-content\/uploads\/2020\/08\/PLAZA-1.jpg",96,64,false],"web-stories-thumbnail":["https:\/\/experienciadevida.com.ar\/portalurbano\/wp-content\/uploads\/2020\/08\/PLAZA-1.jpg",150,100,false]},"author_info":{"display_name":"admpu17wp","author_link":"https:\/\/experienciadevida.com.ar\/portalurbano\/author\/admpu17wp\/"},"category_info":"<a href=\"https:\/\/experienciadevida.com.ar\/portalurbano\/category\/ciudad\/\" rel=\"category tag\">Ciudad<\/a>","tag_info":"Ciudad","comment_count":"0","amp_enabled":true,"_links":{"self":[{"href":"https:\/\/experienciadevida.com.ar\/portalurbano\/wp-json\/wp\/v2\/posts\/174015"}],"collection":[{"href":"https:\/\/experienciadevida.com.ar\/portalurbano\/wp-json\/wp\/v2\/posts"}],"about":[{"href":"https:\/\/experienciadevida.com.ar\/portalurbano\/wp-json\/wp\/v2\/types\/post"}],"author":[{"embeddable":true,"href":"https:\/\/experienciadevida.com.ar\/portalurbano\/wp-json\/wp\/v2\/users\/1"}],"replies":[{"embeddable":true,"href":"https:\/\/experienciadevida.com.ar\/portalurbano\/wp-json\/wp\/v2\/comments?post=174015"}],"version-history":[{"count":1,"href":"https:\/\/experienciadevida.com.ar\/portalurbano\/wp-json\/wp\/v2\/posts\/174015\/revisions"}],"predecessor-version":[{"id":174016,"href":"https:\/\/experienciadevida.com.ar\/portalurbano\/wp-json\/wp\/v2\/posts\/174015\/revisions\/174016"}],"wp:featuredmedia":[{"embeddable":true,"href":"https:\/\/experienciadevida.com.ar\/portalurbano\/wp-json\/wp\/v2\/media\/118889"}],"wp:attachment":[{"href":"https:\/\/experienciadevida.com.ar\/portalurbano\/wp-json\/wp\/v2\/media?parent=174015"}],"wp:term":[{"taxonomy":"category","embeddable":true,"href":"https:\/\/experienciadevida.com.ar\/portalurbano\/wp-json\/wp\/v2\/categories?post=174015"},{"taxonomy":"post_tag","embeddable":true,"href":"https:\/\/experienciadevida.com.ar\/portalurbano\/wp-json\/wp\/v2\/tags?post=174015"}],"curies":[{"name":"wp","href":"https:\/\/api.w.org\/{rel}","templated":true}]}}