{"id":174001,"date":"2022-08-24T16:14:43","date_gmt":"2022-08-24T19:14:43","guid":{"rendered":"https:\/\/experienciadevida.com.ar\/portalurbano\/?p=174001"},"modified":"2022-08-24T18:06:05","modified_gmt":"2022-08-24T21:06:05","slug":"plan-de-infraestructura-educativa-se-proyecta-la-remodelacion-de-la-escuela-no-4","status":"publish","type":"post","link":"https:\/\/experienciadevida.com.ar\/portalurbano\/plan-de-infraestructura-educativa-se-proyecta-la-remodelacion-de-la-escuela-no-4\/","title":{"rendered":"Plan de Infraestructura Educativa: se proyecta la remodelaci\u00f3n de la Escuela N\u00ba 4"},"content":{"rendered":"<p>Plan de Infraestructura Educativa: se proyecta la remodelaci\u00f3n de la Escuela N\u00ba 4, en el marco del Plan de Infraestructura Educativa \u2013que impulsa la gesti\u00f3n del intendente Ezequiel Galli- en los pr\u00f3ximos meses se licitar\u00e1 una importante obra para refaccionar el edificio donde funciona la EP N\u00ba 4 \u201cDomingo Faustino Sarmiento\u201d.<\/p>\n<p>En este contexto, el Intendente visit\u00f3 la instituci\u00f3n educativa en la ma\u00f1ana de este mi\u00e9rcoles. All\u00ed fue recibido por la vice-directora de la Escuela, Valeria Hern\u00e1ndez y dem\u00e1s autoridades.<\/p>\n<p>Galli estuvo acompa\u00f1ado por los secretarios de Mantenimiento y Obras P\u00fablicas Julio Ferraro y de Desarrollo Humano y Calidad de Vida Diego Robbiani. Tambi\u00e9n se hizo presente el presidente del Consejo Escolar Bruno Di Carlo.<\/p>\n<p>En esta ocasi\u00f3n, Galli dialog\u00f3 con las autoridades de la entidad escolar acerca de la obra que, se estima, comenzar\u00e1 a principios de 2023. En t\u00e9rminos generales, los trabajos comprenden el traslado de aulas a la planta baja, la relocalizaci\u00f3n del laboratorio y la biblioteca, la construcci\u00f3n de una cocina, reestructuraci\u00f3n y refacciones generales de distintos espacios.<\/p>\n<p>La mejora de las condiciones edilicias de diferentes establecimientos del Partido de Olavarr\u00eda, constituye una de las pol\u00edticas centrales de la gesti\u00f3n municipal.<\/p>\n<p>Ezequiel Galli sostiene que \u201ceducar es la tarea m\u00e1s digna que conocemos, por eso yo me siento muy orgulloso de poder trabajar en obras de infraestructura para las escuelas del Partido. Vamos a seguir trabajando por este camino: resolviendo problemas y tratando de brindar las mejores condiciones edilicias para cada uno de los alumnos de todo el Partido de Olavarr\u00eda y que puedan aprender de la mejor manera\u201d.<\/p>\n<p>Emplazada en el coraz\u00f3n del barrio Pueblo Nuevo, la EP N\u00ba 4 es una instituci\u00f3n centenaria: cuenta en su haber con una matr\u00edcula de casi 500 estudiantes, para quienes la escuela \u201cDomingo Faustino Sarmiento\u201d constituye su segundo hogar.<\/p>\n<p>En los pr\u00f3ximos meses, la comunidad educativa contar\u00e1 con un edificio renovado, para transitar los procesos de ense\u00f1anza y aprendizaje con mayor confortabilidad.<\/p>\n<p>&nbsp;<\/p>\n","protected":false},"excerpt":{"rendered":"<p>Plan de Infraestructura Educativa: se proyecta la remodelaci\u00f3n de la Escuela N\u00ba 4, en el&#8230;<\/p>\n","protected":false},"author":1,"featured_media":174002,"comment_status":"closed","ping_status":"closed","sticky":false,"template":"","format":"standard","meta":{"content-type":""},"categories":[27,64],"tags":[],"nelio_content":{"isAutoShareEnabled":false,"autoShareEndMode":"default","automationSources":{"useContentSentences":true,"useSocialTemplates":true,"useCustomSentences":false,"customSentences":[]},"followers":[1],"suggestedReferences":[],"includedReferences":[],"efiUrl":"","efiAlt":"","highlights":[]},"yoast_head":"<!-- This site is optimized with the Yoast SEO plugin v20.7 - https:\/\/yoast.com\/wordpress\/plugins\/seo\/ -->\n<title>Plan de infraestructura Educativa: Se proyecta la remodelaci\u00f3n<\/title>\n<meta name=\"description\" content=\"Plan de Infraestructura Educativa: se proyecta la remodelaci\u00f3n de la Escuela N\u00ba 4, en el marco del Plan de Infraestructura Educativa\" \/>\n<meta name=\"robots\" content=\"index, follow, max-snippet:-1, max-image-preview:large, max-video-preview:-1\" \/>\n<link rel=\"canonical\" href=\"https:\/\/experienciadevida.com.ar\/portalurbano\/plan-de-infraestructura-educativa-se-proyecta-la-remodelacion-de-la-escuela-no-4\/\" \/>\n<meta property=\"og:locale\" content=\"es_ES\" \/>\n<meta property=\"og:type\" content=\"article\" \/>\n<meta property=\"og:title\" content=\"Plan de infraestructura Educativa: Se proyecta la remodelaci\u00f3n\" \/>\n<meta property=\"og:description\" content=\"Plan de Infraestructura Educativa: se proyecta la remodelaci\u00f3n de la Escuela N\u00ba 4, en el marco del Plan de Infraestructura Educativa\" \/>\n<meta property=\"og:url\" content=\"https:\/\/experienciadevida.com.ar\/portalurbano\/plan-de-infraestructura-educativa-se-proyecta-la-remodelacion-de-la-escuela-no-4\/\" \/>\n<meta property=\"article:publisher\" content=\"https:\/\/www.facebook.com\/Portal-Urbano-171542830093757\/\" \/>\n<meta property=\"article:published_time\" content=\"2022-08-24T19:14:43+00:00\" \/>\n<meta property=\"article:modified_time\" content=\"2022-08-24T21:06:05+00:00\" \/>\n<meta property=\"og:image\" content=\"https:\/\/experienciadevida.com.ar\/portalurbano\/wp-content\/uploads\/2022\/08\/Plan-de-Infraestructura-Educativa.jpg\" \/>\n\t<meta property=\"og:image:width\" content=\"2560\" \/>\n\t<meta property=\"og:image:height\" content=\"1711\" \/>\n\t<meta property=\"og:image:type\" content=\"image\/jpeg\" \/>\n<meta name=\"author\" content=\"admpu17wp\" \/>\n<meta name=\"twitter:card\" content=\"summary_large_image\" \/>\n<meta name=\"twitter:creator\" content=\"@portalurbanook\" \/>\n<meta name=\"twitter:site\" content=\"@portalurbanook\" \/>\n<meta name=\"twitter:label1\" content=\"Escrito por\" \/>\n\t<meta name=\"twitter:data1\" content=\"admpu17wp\" \/>\n\t<meta name=\"twitter:label2\" content=\"Tiempo de lectura\" \/>\n\t<meta name=\"twitter:data2\" content=\"2 minutos\" \/>\n<script type=\"application\/ld+json\" class=\"yoast-schema-graph\">{\"@context\":\"https:\/\/schema.org\",\"@graph\":[{\"@type\":\"Article\",\"@id\":\"https:\/\/experienciadevida.com.ar\/portalurbano\/plan-de-infraestructura-educativa-se-proyecta-la-remodelacion-de-la-escuela-no-4\/#article\",\"isPartOf\":{\"@id\":\"https:\/\/experienciadevida.com.ar\/portalurbano\/plan-de-infraestructura-educativa-se-proyecta-la-remodelacion-de-la-escuela-no-4\/\"},\"author\":{\"name\":\"admpu17wp\",\"@id\":\"https:\/\/experienciadevida.com.ar\/portalurbano\/#\/schema\/person\/02dd326b1c4b056e9cc972486934a3a7\"},\"headline\":\"Plan de Infraestructura Educativa: se proyecta la remodelaci\u00f3n de la Escuela N\u00ba 4\",\"datePublished\":\"2022-08-24T19:14:43+00:00\",\"dateModified\":\"2022-08-24T21:06:05+00:00\",\"mainEntityOfPage\":{\"@id\":\"https:\/\/experienciadevida.com.ar\/portalurbano\/plan-de-infraestructura-educativa-se-proyecta-la-remodelacion-de-la-escuela-no-4\/\"},\"wordCount\":359,\"publisher\":{\"@id\":\"https:\/\/experienciadevida.com.ar\/portalurbano\/#organization\"},\"articleSection\":[\"Ciudad\",\"Destacadas 2\"],\"inLanguage\":\"es\"},{\"@type\":\"WebPage\",\"@id\":\"https:\/\/experienciadevida.com.ar\/portalurbano\/plan-de-infraestructura-educativa-se-proyecta-la-remodelacion-de-la-escuela-no-4\/\",\"url\":\"https:\/\/experienciadevida.com.ar\/portalurbano\/plan-de-infraestructura-educativa-se-proyecta-la-remodelacion-de-la-escuela-no-4\/\",\"name\":\"Plan de infraestructura Educativa: Se proyecta la remodelaci\u00f3n\",\"isPartOf\":{\"@id\":\"https:\/\/experienciadevida.com.ar\/portalurbano\/#website\"},\"datePublished\":\"2022-08-24T19:14:43+00:00\",\"dateModified\":\"2022-08-24T21:06:05+00:00\",\"description\":\"Plan de Infraestructura Educativa: se proyecta la remodelaci\u00f3n de la Escuela N\u00ba 4, en el marco del Plan de Infraestructura Educativa\",\"breadcrumb\":{\"@id\":\"https:\/\/experienciadevida.com.ar\/portalurbano\/plan-de-infraestructura-educativa-se-proyecta-la-remodelacion-de-la-escuela-no-4\/#breadcrumb\"},\"inLanguage\":\"es\",\"potentialAction\":[{\"@type\":\"ReadAction\",\"target\":[\"https:\/\/experienciadevida.com.ar\/portalurbano\/plan-de-infraestructura-educativa-se-proyecta-la-remodelacion-de-la-escuela-no-4\/\"]}]},{\"@type\":\"BreadcrumbList\",\"@id\":\"https:\/\/experienciadevida.com.ar\/portalurbano\/plan-de-infraestructura-educativa-se-proyecta-la-remodelacion-de-la-escuela-no-4\/#breadcrumb\",\"itemListElement\":[{\"@type\":\"ListItem\",\"position\":1,\"name\":\"Portada\",\"item\":\"https:\/\/experienciadevida.com.ar\/portalurbano\/\"},{\"@type\":\"ListItem\",\"position\":2,\"name\":\"Plan de Infraestructura Educativa: se proyecta la remodelaci\u00f3n de la Escuela N\u00ba 4\"}]},{\"@type\":\"WebSite\",\"@id\":\"https:\/\/experienciadevida.com.ar\/portalurbano\/#website\",\"url\":\"https:\/\/experienciadevida.com.ar\/portalurbano\/\",\"name\":\"\",\"description\":\"\",\"publisher\":{\"@id\":\"https:\/\/experienciadevida.com.ar\/portalurbano\/#organization\"},\"potentialAction\":[{\"@type\":\"SearchAction\",\"target\":{\"@type\":\"EntryPoint\",\"urlTemplate\":\"https:\/\/experienciadevida.com.ar\/portalurbano\/?s={search_term_string}\"},\"query-input\":\"required name=search_term_string\"}],\"inLanguage\":\"es\"},{\"@type\":\"Organization\",\"@id\":\"https:\/\/experienciadevida.com.ar\/portalurbano\/#organization\",\"name\":\"Portal Urbano\",\"url\":\"https:\/\/experienciadevida.com.ar\/portalurbano\/\",\"logo\":{\"@type\":\"ImageObject\",\"inLanguage\":\"es\",\"@id\":\"https:\/\/experienciadevida.com.ar\/portalurbano\/#\/schema\/logo\/image\/\",\"url\":\"https:\/\/experienciadevida.com.ar\/portalurbano\/wp-content\/uploads\/2019\/09\/Logo-Original.png\",\"contentUrl\":\"https:\/\/experienciadevida.com.ar\/portalurbano\/wp-content\/uploads\/2019\/09\/Logo-Original.png\",\"width\":2236,\"height\":1216,\"caption\":\"Portal Urbano\"},\"image\":{\"@id\":\"https:\/\/experienciadevida.com.ar\/portalurbano\/#\/schema\/logo\/image\/\"},\"sameAs\":[\"https:\/\/www.facebook.com\/Portal-Urbano-171542830093757\/\",\"https:\/\/twitter.com\/portalurbanook\",\"https:\/\/www.instagram.com\/_portalurbano\/\",\"https:\/\/www.youtube.com\/channel\/UCXhagIfszH8KxFiOok79zbA?view_as=subscriber\"]},{\"@type\":\"Person\",\"@id\":\"https:\/\/experienciadevida.com.ar\/portalurbano\/#\/schema\/person\/02dd326b1c4b056e9cc972486934a3a7\",\"name\":\"admpu17wp\",\"image\":{\"@type\":\"ImageObject\",\"inLanguage\":\"es\",\"@id\":\"https:\/\/experienciadevida.com.ar\/portalurbano\/#\/schema\/person\/image\/\",\"url\":\"https:\/\/secure.gravatar.com\/avatar\/830d4c57adaae6630765e449a6908047?s=96&d=mm&r=g\",\"contentUrl\":\"https:\/\/secure.gravatar.com\/avatar\/830d4c57adaae6630765e449a6908047?s=96&d=mm&r=g\",\"caption\":\"admpu17wp\"}}]}<\/script>\n<!-- \/ Yoast SEO plugin. -->","yoast_head_json":{"title":"Plan de infraestructura Educativa: Se proyecta la remodelaci\u00f3n","description":"Plan de Infraestructura Educativa: se proyecta la remodelaci\u00f3n de la Escuela N\u00ba 4, en el marco del Plan de Infraestructura Educativa","robots":{"index":"index","follow":"follow","max-snippet":"max-snippet:-1","max-image-preview":"max-image-preview:large","max-video-preview":"max-video-preview:-1"},"canonical":"https:\/\/experienciadevida.com.ar\/portalurbano\/plan-de-infraestructura-educativa-se-proyecta-la-remodelacion-de-la-escuela-no-4\/","og_locale":"es_ES","og_type":"article","og_title":"Plan de infraestructura Educativa: Se proyecta la remodelaci\u00f3n","og_description":"Plan de Infraestructura Educativa: se proyecta la remodelaci\u00f3n de la Escuela N\u00ba 4, en el marco del Plan de Infraestructura Educativa","og_url":"https:\/\/experienciadevida.com.ar\/portalurbano\/plan-de-infraestructura-educativa-se-proyecta-la-remodelacion-de-la-escuela-no-4\/","article_publisher":"https:\/\/www.facebook.com\/Portal-Urbano-171542830093757\/","article_published_time":"2022-08-24T19:14:43+00:00","article_modified_time":"2022-08-24T21:06:05+00:00","og_image":[{"width":2560,"height":1711,"url":"https:\/\/experienciadevida.com.ar\/portalurbano\/wp-content\/uploads\/2022\/08\/Plan-de-Infraestructura-Educativa.jpg","type":"image\/jpeg"}],"author":"admpu17wp","twitter_card":"summary_large_image","twitter_creator":"@portalurbanook","twitter_site":"@portalurbanook","twitter_misc":{"Escrito por":"admpu17wp","Tiempo de lectura":"2 minutos"},"schema":{"@context":"https:\/\/schema.org","@graph":[{"@type":"Article","@id":"https:\/\/experienciadevida.com.ar\/portalurbano\/plan-de-infraestructura-educativa-se-proyecta-la-remodelacion-de-la-escuela-no-4\/#article","isPartOf":{"@id":"https:\/\/experienciadevida.com.ar\/portalurbano\/plan-de-infraestructura-educativa-se-proyecta-la-remodelacion-de-la-escuela-no-4\/"},"author":{"name":"admpu17wp","@id":"https:\/\/experienciadevida.com.ar\/portalurbano\/#\/schema\/person\/02dd326b1c4b056e9cc972486934a3a7"},"headline":"Plan de Infraestructura Educativa: se proyecta la remodelaci\u00f3n de la Escuela N\u00ba 4","datePublished":"2022-08-24T19:14:43+00:00","dateModified":"2022-08-24T21:06:05+00:00","mainEntityOfPage":{"@id":"https:\/\/experienciadevida.com.ar\/portalurbano\/plan-de-infraestructura-educativa-se-proyecta-la-remodelacion-de-la-escuela-no-4\/"},"wordCount":359,"publisher":{"@id":"https:\/\/experienciadevida.com.ar\/portalurbano\/#organization"},"articleSection":["Ciudad","Destacadas 2"],"inLanguage":"es"},{"@type":"WebPage","@id":"https:\/\/experienciadevida.com.ar\/portalurbano\/plan-de-infraestructura-educativa-se-proyecta-la-remodelacion-de-la-escuela-no-4\/","url":"https:\/\/experienciadevida.com.ar\/portalurbano\/plan-de-infraestructura-educativa-se-proyecta-la-remodelacion-de-la-escuela-no-4\/","name":"Plan de infraestructura Educativa: Se proyecta la remodelaci\u00f3n","isPartOf":{"@id":"https:\/\/experienciadevida.com.ar\/portalurbano\/#website"},"datePublished":"2022-08-24T19:14:43+00:00","dateModified":"2022-08-24T21:06:05+00:00","description":"Plan de Infraestructura Educativa: se proyecta la remodelaci\u00f3n de la Escuela N\u00ba 4, en el marco del Plan de Infraestructura Educativa","breadcrumb":{"@id":"https:\/\/experienciadevida.com.ar\/portalurbano\/plan-de-infraestructura-educativa-se-proyecta-la-remodelacion-de-la-escuela-no-4\/#breadcrumb"},"inLanguage":"es","potentialAction":[{"@type":"ReadAction","target":["https:\/\/experienciadevida.com.ar\/portalurbano\/plan-de-infraestructura-educativa-se-proyecta-la-remodelacion-de-la-escuela-no-4\/"]}]},{"@type":"BreadcrumbList","@id":"https:\/\/experienciadevida.com.ar\/portalurbano\/plan-de-infraestructura-educativa-se-proyecta-la-remodelacion-de-la-escuela-no-4\/#breadcrumb","itemListElement":[{"@type":"ListItem","position":1,"name":"Portada","item":"https:\/\/experienciadevida.com.ar\/portalurbano\/"},{"@type":"ListItem","position":2,"name":"Plan de Infraestructura Educativa: se proyecta la remodelaci\u00f3n de la Escuela N\u00ba 4"}]},{"@type":"WebSite","@id":"https:\/\/experienciadevida.com.ar\/portalurbano\/#website","url":"https:\/\/experienciadevida.com.ar\/portalurbano\/","name":"","description":"","publisher":{"@id":"https:\/\/experienciadevida.com.ar\/portalurbano\/#organization"},"potentialAction":[{"@type":"SearchAction","target":{"@type":"EntryPoint","urlTemplate":"https:\/\/experienciadevida.com.ar\/portalurbano\/?s={search_term_string}"},"query-input":"required name=search_term_string"}],"inLanguage":"es"},{"@type":"Organization","@id":"https:\/\/experienciadevida.com.ar\/portalurbano\/#organization","name":"Portal Urbano","url":"https:\/\/experienciadevida.com.ar\/portalurbano\/","logo":{"@type":"ImageObject","inLanguage":"es","@id":"https:\/\/experienciadevida.com.ar\/portalurbano\/#\/schema\/logo\/image\/","url":"https:\/\/experienciadevida.com.ar\/portalurbano\/wp-content\/uploads\/2019\/09\/Logo-Original.png","contentUrl":"https:\/\/experienciadevida.com.ar\/portalurbano\/wp-content\/uploads\/2019\/09\/Logo-Original.png","width":2236,"height":1216,"caption":"Portal Urbano"},"image":{"@id":"https:\/\/experienciadevida.com.ar\/portalurbano\/#\/schema\/logo\/image\/"},"sameAs":["https:\/\/www.facebook.com\/Portal-Urbano-171542830093757\/","https:\/\/twitter.com\/portalurbanook","https:\/\/www.instagram.com\/_portalurbano\/","https:\/\/www.youtube.com\/channel\/UCXhagIfszH8KxFiOok79zbA?view_as=subscriber"]},{"@type":"Person","@id":"https:\/\/experienciadevida.com.ar\/portalurbano\/#\/schema\/person\/02dd326b1c4b056e9cc972486934a3a7","name":"admpu17wp","image":{"@type":"ImageObject","inLanguage":"es","@id":"https:\/\/experienciadevida.com.ar\/portalurbano\/#\/schema\/person\/image\/","url":"https:\/\/secure.gravatar.com\/avatar\/830d4c57adaae6630765e449a6908047?s=96&d=mm&r=g","contentUrl":"https:\/\/secure.gravatar.com\/avatar\/830d4c57adaae6630765e449a6908047?s=96&d=mm&r=g","caption":"admpu17wp"}}]}},"featured_image_urls":{"full":["https:\/\/experienciadevida.com.ar\/portalurbano\/wp-content\/uploads\/2022\/08\/Plan-de-Infraestructura-Educativa.jpg",2560,1711,false],"thumbnail":["https:\/\/experienciadevida.com.ar\/portalurbano\/wp-content\/uploads\/2022\/08\/Plan-de-Infraestructura-Educativa-150x150.jpg",150,150,true],"medium":["https:\/\/experienciadevida.com.ar\/portalurbano\/wp-content\/uploads\/2022\/08\/Plan-de-Infraestructura-Educativa-300x201.jpg",300,201,true],"medium_large":["https:\/\/experienciadevida.com.ar\/portalurbano\/wp-content\/uploads\/2022\/08\/Plan-de-Infraestructura-Educativa-768x513.jpg",640,428,true],"large":["https:\/\/experienciadevida.com.ar\/portalurbano\/wp-content\/uploads\/2022\/08\/Plan-de-Infraestructura-Educativa-1024x684.jpg",640,428,true],"ug_big":["https:\/\/experienciadevida.com.ar\/portalurbano\/wp-content\/uploads\/2022\/08\/Plan-de-Infraestructura-Educativa-768x513.jpg",768,513,true],"1536x1536":["https:\/\/experienciadevida.com.ar\/portalurbano\/wp-content\/uploads\/2022\/08\/Plan-de-Infraestructura-Educativa-1536x1027.jpg",1536,1027,true],"2048x2048":["https:\/\/experienciadevida.com.ar\/portalurbano\/wp-content\/uploads\/2022\/08\/Plan-de-Infraestructura-Educativa-2048x1369.jpg",2048,1369,true],"newsever-slider-full":["https:\/\/experienciadevida.com.ar\/portalurbano\/wp-content\/uploads\/2022\/08\/Plan-de-Infraestructura-Educativa.jpg",1264,845,false],"newsever-featured":["https:\/\/experienciadevida.com.ar\/portalurbano\/wp-content\/uploads\/2022\/08\/Plan-de-Infraestructura-Educativa.jpg",1024,684,false],"newsever-medium":["https:\/\/experienciadevida.com.ar\/portalurbano\/wp-content\/uploads\/2022\/08\/Plan-de-Infraestructura-Educativa.jpg",711,475,false],"web-stories-poster-portrait":["https:\/\/experienciadevida.com.ar\/portalurbano\/wp-content\/uploads\/2022\/08\/Plan-de-Infraestructura-Educativa-640x853.jpg",640,853,true],"web-stories-publisher-logo":["https:\/\/experienciadevida.com.ar\/portalurbano\/wp-content\/uploads\/2022\/08\/Plan-de-Infraestructura-Educativa-96x96.jpg",96,96,true],"web-stories-thumbnail":["https:\/\/experienciadevida.com.ar\/portalurbano\/wp-content\/uploads\/2022\/08\/Plan-de-Infraestructura-Educativa-150x100.jpg",150,100,true]},"author_info":{"display_name":"admpu17wp","author_link":"https:\/\/experienciadevida.com.ar\/portalurbano\/author\/admpu17wp\/"},"category_info":"<a href=\"https:\/\/experienciadevida.com.ar\/portalurbano\/category\/ciudad\/\" rel=\"category tag\">Ciudad<\/a> <a href=\"https:\/\/experienciadevida.com.ar\/portalurbano\/category\/destacadas-2\/\" rel=\"category tag\">Destacadas 2<\/a>","tag_info":"Destacadas 2","comment_count":"0","amp_enabled":true,"_links":{"self":[{"href":"https:\/\/experienciadevida.com.ar\/portalurbano\/wp-json\/wp\/v2\/posts\/174001"}],"collection":[{"href":"https:\/\/experienciadevida.com.ar\/portalurbano\/wp-json\/wp\/v2\/posts"}],"about":[{"href":"https:\/\/experienciadevida.com.ar\/portalurbano\/wp-json\/wp\/v2\/types\/post"}],"author":[{"embeddable":true,"href":"https:\/\/experienciadevida.com.ar\/portalurbano\/wp-json\/wp\/v2\/users\/1"}],"replies":[{"embeddable":true,"href":"https:\/\/experienciadevida.com.ar\/portalurbano\/wp-json\/wp\/v2\/comments?post=174001"}],"version-history":[{"count":1,"href":"https:\/\/experienciadevida.com.ar\/portalurbano\/wp-json\/wp\/v2\/posts\/174001\/revisions"}],"predecessor-version":[{"id":174003,"href":"https:\/\/experienciadevida.com.ar\/portalurbano\/wp-json\/wp\/v2\/posts\/174001\/revisions\/174003"}],"wp:featuredmedia":[{"embeddable":true,"href":"https:\/\/experienciadevida.com.ar\/portalurbano\/wp-json\/wp\/v2\/media\/174002"}],"wp:attachment":[{"href":"https:\/\/experienciadevida.com.ar\/portalurbano\/wp-json\/wp\/v2\/media?parent=174001"}],"wp:term":[{"taxonomy":"category","embeddable":true,"href":"https:\/\/experienciadevida.com.ar\/portalurbano\/wp-json\/wp\/v2\/categories?post=174001"},{"taxonomy":"post_tag","embeddable":true,"href":"https:\/\/experienciadevida.com.ar\/portalurbano\/wp-json\/wp\/v2\/tags?post=174001"}],"curies":[{"name":"wp","href":"https:\/\/api.w.org\/{rel}","templated":true}]}}