{"id":173995,"date":"2022-08-24T16:04:06","date_gmt":"2022-08-24T19:04:06","guid":{"rendered":"https:\/\/experienciadevida.com.ar\/portalurbano\/?p=173995"},"modified":"2022-08-24T16:12:50","modified_gmt":"2022-08-24T19:12:50","slug":"olavarria-sera-sede-de-la-exposicion-nacional-angus-de-primavera","status":"publish","type":"post","link":"https:\/\/experienciadevida.com.ar\/portalurbano\/olavarria-sera-sede-de-la-exposicion-nacional-angus-de-primavera\/","title":{"rendered":"Olavarr\u00eda ser\u00e1 sede de la Exposici\u00f3n Nacional Angus de Primavera"},"content":{"rendered":"<p>Olavarr\u00eda ser\u00e1 sede de la Exposici\u00f3n Nacional Angus de Primavera, durante el pr\u00f3ximo mes de septiembre Olavarr\u00eda se convertir\u00e1 en el centro de la atenci\u00f3n en materia ganadera al ser sede de la Exposici\u00f3n Nacional Angus de Primavera, considerado como el evento ganadero m\u00e1s importante del segundo semestre del a\u00f1o.<\/p>\n<p>Es por ello que en la ma\u00f1ana de este mi\u00e9rcoles el intendente municipal Ezequiel Galli recibi\u00f3 en la sala de reuniones del Palacio Municipal al CEO de ExponenciAR (propietarios de la marca y del evento ExpoAgro) Mart\u00edn Schvartzman, quien arrib\u00f3 acompa\u00f1ado por el director de Exponenciar, Eugenio Schlossberg, y el gerente de comunicaciones de ExpoAgro Diego Abdo.<\/p>\n<p>\u201cEs una gran noticia, para nosotros es important\u00edsimo ser sede de un evento de estas caracter\u00edsticas, un orgullo que tiene que ver con el poder ganadero de Olavarr\u00eda\u201d, expres\u00f3 el <a href=\"https:\/\/www.instagram.com\/galliezequiel\/\">jefe<\/a> comunal olavarriense.<\/p>\n<p>La exposici\u00f3n es organizada por la Asociaci\u00f3n Argentina de Angus, con el apoyo de ExpoAgro, y participar\u00e1n, entre otros, productores agrarios y empresas de insumos de todo el pa\u00eds. En ese sentido, se aguarda adem\u00e1s por el arribo de referentes institucionales de diversos \u00e1mbitos tanto nacionales como provinciales.<\/p>\n<p>El evento se realizar\u00e1 desde el pr\u00f3ximo mi\u00e9rcoles 21 de septiembre, hasta el viernes 23 inclusive, en el predio de la Sociedad Rural de Olavarr\u00eda. En conjunto con la Exposici\u00f3n de Primavera, que forma parte del Circuito Nacional de Exposiciones Angus y suma puntos para el Premio Bander\u00edn 2022, se realizar\u00e1n paralelamente la 22\u00b0 Exposici\u00f3n del Ternero Angus y la 85\u00aa Expo de Olavarr\u00eda del Circuito Angus Bonaerense de Puros Controlados.<\/p>\n<p>Por \u00faltimo, se narr\u00f3 que las alternativas ser\u00e1n transmitidas en vivo y en directo v\u00eda streaming a trav\u00e9s de la p\u00e1gina digital.expoagro.com.ar<\/p>\n<p><a href=\"https:\/\/experienciadevida.com.ar\/portalurbano\/olavarria-sera-sede-de-la-exposicion-nacional-angus-de-primavera\/olavarria-8\/\" rel=\"attachment wp-att-173998\"><img decoding=\"async\" class=\"alignnone size-large wp-image-173998\" src=\"https:\/\/experienciadevida.com.ar\/portalurbano\/wp-content\/uploads\/2022\/08\/Olavarria-1-1024x684.jpg\" alt=\"Olavarr\u00eda \" width=\"900\" height=\"601\" srcset=\"https:\/\/experienciadevida.com.ar\/portalurbano\/wp-content\/uploads\/2022\/08\/Olavarria-1-1024x684.jpg 1024w, https:\/\/experienciadevida.com.ar\/portalurbano\/wp-content\/uploads\/2022\/08\/Olavarria-1-300x201.jpg 300w, https:\/\/experienciadevida.com.ar\/portalurbano\/wp-content\/uploads\/2022\/08\/Olavarria-1-768x513.jpg 768w, https:\/\/experienciadevida.com.ar\/portalurbano\/wp-content\/uploads\/2022\/08\/Olavarria-1-1536x1027.jpg 1536w, https:\/\/experienciadevida.com.ar\/portalurbano\/wp-content\/uploads\/2022\/08\/Olavarria-1-2048x1369.jpg 2048w, https:\/\/experienciadevida.com.ar\/portalurbano\/wp-content\/uploads\/2022\/08\/Olavarria-1-150x100.jpg 150w\" sizes=\"(max-width: 900px) 100vw, 900px\" \/><\/a><\/p>\n","protected":false},"excerpt":{"rendered":"<p>Olavarr\u00eda ser\u00e1 sede de la Exposici\u00f3n Nacional Angus de Primavera, durante el pr\u00f3ximo mes de&#8230;<\/p>\n","protected":false},"author":1,"featured_media":173996,"comment_status":"closed","ping_status":"closed","sticky":false,"template":"","format":"standard","meta":{"content-type":""},"categories":[27,51],"tags":[],"nelio_content":{"isAutoShareEnabled":false,"autoShareEndMode":"default","automationSources":{"useContentSentences":true,"useSocialTemplates":true,"useCustomSentences":false,"customSentences":[]},"followers":[1],"suggestedReferences":[],"includedReferences":[],"efiUrl":"","efiAlt":"","highlights":[]},"yoast_head":"<!-- This site is optimized with the Yoast SEO plugin v20.7 - https:\/\/yoast.com\/wordpress\/plugins\/seo\/ -->\n<title>Olavarr\u00eda ser\u00e1 sede de la exposici\u00f3n nacional angus de primavera<\/title>\n<meta name=\"description\" content=\"Olavarr\u00eda ser\u00e1 sede de la Exposici\u00f3n Nacional Angus de Primavera, durante el pr\u00f3ximo mes de septiembre Olavarr\u00eda se convertir\u00e1\" \/>\n<meta name=\"robots\" content=\"index, follow, max-snippet:-1, max-image-preview:large, max-video-preview:-1\" \/>\n<link rel=\"canonical\" href=\"https:\/\/experienciadevida.com.ar\/portalurbano\/olavarria-sera-sede-de-la-exposicion-nacional-angus-de-primavera\/\" \/>\n<meta property=\"og:locale\" content=\"es_ES\" \/>\n<meta property=\"og:type\" content=\"article\" \/>\n<meta property=\"og:title\" content=\"Olavarr\u00eda ser\u00e1 sede de la exposici\u00f3n nacional angus de primavera\" \/>\n<meta property=\"og:description\" content=\"Olavarr\u00eda ser\u00e1 sede de la Exposici\u00f3n Nacional Angus de Primavera, durante el pr\u00f3ximo mes de septiembre Olavarr\u00eda se convertir\u00e1\" \/>\n<meta property=\"og:url\" content=\"https:\/\/experienciadevida.com.ar\/portalurbano\/olavarria-sera-sede-de-la-exposicion-nacional-angus-de-primavera\/\" \/>\n<meta property=\"article:publisher\" content=\"https:\/\/www.facebook.com\/Portal-Urbano-171542830093757\/\" \/>\n<meta property=\"article:published_time\" content=\"2022-08-24T19:04:06+00:00\" \/>\n<meta property=\"article:modified_time\" content=\"2022-08-24T19:12:50+00:00\" \/>\n<meta property=\"og:image\" content=\"https:\/\/experienciadevida.com.ar\/portalurbano\/wp-content\/uploads\/2022\/08\/Olavarria-sera-sede-de.jpg\" \/>\n\t<meta property=\"og:image:width\" content=\"2560\" \/>\n\t<meta property=\"og:image:height\" content=\"1711\" \/>\n\t<meta property=\"og:image:type\" content=\"image\/jpeg\" \/>\n<meta name=\"author\" content=\"admpu17wp\" \/>\n<meta name=\"twitter:card\" content=\"summary_large_image\" \/>\n<meta name=\"twitter:creator\" content=\"@portalurbanook\" \/>\n<meta name=\"twitter:site\" content=\"@portalurbanook\" \/>\n<meta name=\"twitter:label1\" content=\"Escrito por\" \/>\n\t<meta name=\"twitter:data1\" content=\"admpu17wp\" \/>\n\t<meta name=\"twitter:label2\" content=\"Tiempo de lectura\" \/>\n\t<meta name=\"twitter:data2\" content=\"2 minutos\" \/>\n<script type=\"application\/ld+json\" class=\"yoast-schema-graph\">{\"@context\":\"https:\/\/schema.org\",\"@graph\":[{\"@type\":\"Article\",\"@id\":\"https:\/\/experienciadevida.com.ar\/portalurbano\/olavarria-sera-sede-de-la-exposicion-nacional-angus-de-primavera\/#article\",\"isPartOf\":{\"@id\":\"https:\/\/experienciadevida.com.ar\/portalurbano\/olavarria-sera-sede-de-la-exposicion-nacional-angus-de-primavera\/\"},\"author\":{\"name\":\"admpu17wp\",\"@id\":\"https:\/\/experienciadevida.com.ar\/portalurbano\/#\/schema\/person\/02dd326b1c4b056e9cc972486934a3a7\"},\"headline\":\"Olavarr\u00eda ser\u00e1 sede de la Exposici\u00f3n Nacional Angus de Primavera\",\"datePublished\":\"2022-08-24T19:04:06+00:00\",\"dateModified\":\"2022-08-24T19:12:50+00:00\",\"mainEntityOfPage\":{\"@id\":\"https:\/\/experienciadevida.com.ar\/portalurbano\/olavarria-sera-sede-de-la-exposicion-nacional-angus-de-primavera\/\"},\"wordCount\":323,\"publisher\":{\"@id\":\"https:\/\/experienciadevida.com.ar\/portalurbano\/#organization\"},\"articleSection\":[\"Ciudad\",\"Destacadas\"],\"inLanguage\":\"es\"},{\"@type\":\"WebPage\",\"@id\":\"https:\/\/experienciadevida.com.ar\/portalurbano\/olavarria-sera-sede-de-la-exposicion-nacional-angus-de-primavera\/\",\"url\":\"https:\/\/experienciadevida.com.ar\/portalurbano\/olavarria-sera-sede-de-la-exposicion-nacional-angus-de-primavera\/\",\"name\":\"Olavarr\u00eda ser\u00e1 sede de la exposici\u00f3n nacional angus de primavera\",\"isPartOf\":{\"@id\":\"https:\/\/experienciadevida.com.ar\/portalurbano\/#website\"},\"datePublished\":\"2022-08-24T19:04:06+00:00\",\"dateModified\":\"2022-08-24T19:12:50+00:00\",\"description\":\"Olavarr\u00eda ser\u00e1 sede de la Exposici\u00f3n Nacional Angus de Primavera, durante el pr\u00f3ximo mes de septiembre Olavarr\u00eda se convertir\u00e1\",\"breadcrumb\":{\"@id\":\"https:\/\/experienciadevida.com.ar\/portalurbano\/olavarria-sera-sede-de-la-exposicion-nacional-angus-de-primavera\/#breadcrumb\"},\"inLanguage\":\"es\",\"potentialAction\":[{\"@type\":\"ReadAction\",\"target\":[\"https:\/\/experienciadevida.com.ar\/portalurbano\/olavarria-sera-sede-de-la-exposicion-nacional-angus-de-primavera\/\"]}]},{\"@type\":\"BreadcrumbList\",\"@id\":\"https:\/\/experienciadevida.com.ar\/portalurbano\/olavarria-sera-sede-de-la-exposicion-nacional-angus-de-primavera\/#breadcrumb\",\"itemListElement\":[{\"@type\":\"ListItem\",\"position\":1,\"name\":\"Portada\",\"item\":\"https:\/\/experienciadevida.com.ar\/portalurbano\/\"},{\"@type\":\"ListItem\",\"position\":2,\"name\":\"Olavarr\u00eda ser\u00e1 sede de la Exposici\u00f3n Nacional Angus de Primavera\"}]},{\"@type\":\"WebSite\",\"@id\":\"https:\/\/experienciadevida.com.ar\/portalurbano\/#website\",\"url\":\"https:\/\/experienciadevida.com.ar\/portalurbano\/\",\"name\":\"\",\"description\":\"\",\"publisher\":{\"@id\":\"https:\/\/experienciadevida.com.ar\/portalurbano\/#organization\"},\"potentialAction\":[{\"@type\":\"SearchAction\",\"target\":{\"@type\":\"EntryPoint\",\"urlTemplate\":\"https:\/\/experienciadevida.com.ar\/portalurbano\/?s={search_term_string}\"},\"query-input\":\"required name=search_term_string\"}],\"inLanguage\":\"es\"},{\"@type\":\"Organization\",\"@id\":\"https:\/\/experienciadevida.com.ar\/portalurbano\/#organization\",\"name\":\"Portal Urbano\",\"url\":\"https:\/\/experienciadevida.com.ar\/portalurbano\/\",\"logo\":{\"@type\":\"ImageObject\",\"inLanguage\":\"es\",\"@id\":\"https:\/\/experienciadevida.com.ar\/portalurbano\/#\/schema\/logo\/image\/\",\"url\":\"https:\/\/experienciadevida.com.ar\/portalurbano\/wp-content\/uploads\/2019\/09\/Logo-Original.png\",\"contentUrl\":\"https:\/\/experienciadevida.com.ar\/portalurbano\/wp-content\/uploads\/2019\/09\/Logo-Original.png\",\"width\":2236,\"height\":1216,\"caption\":\"Portal Urbano\"},\"image\":{\"@id\":\"https:\/\/experienciadevida.com.ar\/portalurbano\/#\/schema\/logo\/image\/\"},\"sameAs\":[\"https:\/\/www.facebook.com\/Portal-Urbano-171542830093757\/\",\"https:\/\/twitter.com\/portalurbanook\",\"https:\/\/www.instagram.com\/_portalurbano\/\",\"https:\/\/www.youtube.com\/channel\/UCXhagIfszH8KxFiOok79zbA?view_as=subscriber\"]},{\"@type\":\"Person\",\"@id\":\"https:\/\/experienciadevida.com.ar\/portalurbano\/#\/schema\/person\/02dd326b1c4b056e9cc972486934a3a7\",\"name\":\"admpu17wp\",\"image\":{\"@type\":\"ImageObject\",\"inLanguage\":\"es\",\"@id\":\"https:\/\/experienciadevida.com.ar\/portalurbano\/#\/schema\/person\/image\/\",\"url\":\"https:\/\/secure.gravatar.com\/avatar\/830d4c57adaae6630765e449a6908047?s=96&d=mm&r=g\",\"contentUrl\":\"https:\/\/secure.gravatar.com\/avatar\/830d4c57adaae6630765e449a6908047?s=96&d=mm&r=g\",\"caption\":\"admpu17wp\"}}]}<\/script>\n<!-- \/ Yoast SEO plugin. -->","yoast_head_json":{"title":"Olavarr\u00eda ser\u00e1 sede de la exposici\u00f3n nacional angus de primavera","description":"Olavarr\u00eda ser\u00e1 sede de la Exposici\u00f3n Nacional Angus de Primavera, durante el pr\u00f3ximo mes de septiembre Olavarr\u00eda se convertir\u00e1","robots":{"index":"index","follow":"follow","max-snippet":"max-snippet:-1","max-image-preview":"max-image-preview:large","max-video-preview":"max-video-preview:-1"},"canonical":"https:\/\/experienciadevida.com.ar\/portalurbano\/olavarria-sera-sede-de-la-exposicion-nacional-angus-de-primavera\/","og_locale":"es_ES","og_type":"article","og_title":"Olavarr\u00eda ser\u00e1 sede de la exposici\u00f3n nacional angus de primavera","og_description":"Olavarr\u00eda ser\u00e1 sede de la Exposici\u00f3n Nacional Angus de Primavera, durante el pr\u00f3ximo mes de septiembre Olavarr\u00eda se convertir\u00e1","og_url":"https:\/\/experienciadevida.com.ar\/portalurbano\/olavarria-sera-sede-de-la-exposicion-nacional-angus-de-primavera\/","article_publisher":"https:\/\/www.facebook.com\/Portal-Urbano-171542830093757\/","article_published_time":"2022-08-24T19:04:06+00:00","article_modified_time":"2022-08-24T19:12:50+00:00","og_image":[{"width":2560,"height":1711,"url":"https:\/\/experienciadevida.com.ar\/portalurbano\/wp-content\/uploads\/2022\/08\/Olavarria-sera-sede-de.jpg","type":"image\/jpeg"}],"author":"admpu17wp","twitter_card":"summary_large_image","twitter_creator":"@portalurbanook","twitter_site":"@portalurbanook","twitter_misc":{"Escrito por":"admpu17wp","Tiempo de lectura":"2 minutos"},"schema":{"@context":"https:\/\/schema.org","@graph":[{"@type":"Article","@id":"https:\/\/experienciadevida.com.ar\/portalurbano\/olavarria-sera-sede-de-la-exposicion-nacional-angus-de-primavera\/#article","isPartOf":{"@id":"https:\/\/experienciadevida.com.ar\/portalurbano\/olavarria-sera-sede-de-la-exposicion-nacional-angus-de-primavera\/"},"author":{"name":"admpu17wp","@id":"https:\/\/experienciadevida.com.ar\/portalurbano\/#\/schema\/person\/02dd326b1c4b056e9cc972486934a3a7"},"headline":"Olavarr\u00eda ser\u00e1 sede de la Exposici\u00f3n Nacional Angus de Primavera","datePublished":"2022-08-24T19:04:06+00:00","dateModified":"2022-08-24T19:12:50+00:00","mainEntityOfPage":{"@id":"https:\/\/experienciadevida.com.ar\/portalurbano\/olavarria-sera-sede-de-la-exposicion-nacional-angus-de-primavera\/"},"wordCount":323,"publisher":{"@id":"https:\/\/experienciadevida.com.ar\/portalurbano\/#organization"},"articleSection":["Ciudad","Destacadas"],"inLanguage":"es"},{"@type":"WebPage","@id":"https:\/\/experienciadevida.com.ar\/portalurbano\/olavarria-sera-sede-de-la-exposicion-nacional-angus-de-primavera\/","url":"https:\/\/experienciadevida.com.ar\/portalurbano\/olavarria-sera-sede-de-la-exposicion-nacional-angus-de-primavera\/","name":"Olavarr\u00eda ser\u00e1 sede de la exposici\u00f3n nacional angus de primavera","isPartOf":{"@id":"https:\/\/experienciadevida.com.ar\/portalurbano\/#website"},"datePublished":"2022-08-24T19:04:06+00:00","dateModified":"2022-08-24T19:12:50+00:00","description":"Olavarr\u00eda ser\u00e1 sede de la Exposici\u00f3n Nacional Angus de Primavera, durante el pr\u00f3ximo mes de septiembre Olavarr\u00eda se convertir\u00e1","breadcrumb":{"@id":"https:\/\/experienciadevida.com.ar\/portalurbano\/olavarria-sera-sede-de-la-exposicion-nacional-angus-de-primavera\/#breadcrumb"},"inLanguage":"es","potentialAction":[{"@type":"ReadAction","target":["https:\/\/experienciadevida.com.ar\/portalurbano\/olavarria-sera-sede-de-la-exposicion-nacional-angus-de-primavera\/"]}]},{"@type":"BreadcrumbList","@id":"https:\/\/experienciadevida.com.ar\/portalurbano\/olavarria-sera-sede-de-la-exposicion-nacional-angus-de-primavera\/#breadcrumb","itemListElement":[{"@type":"ListItem","position":1,"name":"Portada","item":"https:\/\/experienciadevida.com.ar\/portalurbano\/"},{"@type":"ListItem","position":2,"name":"Olavarr\u00eda ser\u00e1 sede de la Exposici\u00f3n Nacional Angus de Primavera"}]},{"@type":"WebSite","@id":"https:\/\/experienciadevida.com.ar\/portalurbano\/#website","url":"https:\/\/experienciadevida.com.ar\/portalurbano\/","name":"","description":"","publisher":{"@id":"https:\/\/experienciadevida.com.ar\/portalurbano\/#organization"},"potentialAction":[{"@type":"SearchAction","target":{"@type":"EntryPoint","urlTemplate":"https:\/\/experienciadevida.com.ar\/portalurbano\/?s={search_term_string}"},"query-input":"required name=search_term_string"}],"inLanguage":"es"},{"@type":"Organization","@id":"https:\/\/experienciadevida.com.ar\/portalurbano\/#organization","name":"Portal Urbano","url":"https:\/\/experienciadevida.com.ar\/portalurbano\/","logo":{"@type":"ImageObject","inLanguage":"es","@id":"https:\/\/experienciadevida.com.ar\/portalurbano\/#\/schema\/logo\/image\/","url":"https:\/\/experienciadevida.com.ar\/portalurbano\/wp-content\/uploads\/2019\/09\/Logo-Original.png","contentUrl":"https:\/\/experienciadevida.com.ar\/portalurbano\/wp-content\/uploads\/2019\/09\/Logo-Original.png","width":2236,"height":1216,"caption":"Portal Urbano"},"image":{"@id":"https:\/\/experienciadevida.com.ar\/portalurbano\/#\/schema\/logo\/image\/"},"sameAs":["https:\/\/www.facebook.com\/Portal-Urbano-171542830093757\/","https:\/\/twitter.com\/portalurbanook","https:\/\/www.instagram.com\/_portalurbano\/","https:\/\/www.youtube.com\/channel\/UCXhagIfszH8KxFiOok79zbA?view_as=subscriber"]},{"@type":"Person","@id":"https:\/\/experienciadevida.com.ar\/portalurbano\/#\/schema\/person\/02dd326b1c4b056e9cc972486934a3a7","name":"admpu17wp","image":{"@type":"ImageObject","inLanguage":"es","@id":"https:\/\/experienciadevida.com.ar\/portalurbano\/#\/schema\/person\/image\/","url":"https:\/\/secure.gravatar.com\/avatar\/830d4c57adaae6630765e449a6908047?s=96&d=mm&r=g","contentUrl":"https:\/\/secure.gravatar.com\/avatar\/830d4c57adaae6630765e449a6908047?s=96&d=mm&r=g","caption":"admpu17wp"}}]}},"featured_image_urls":{"full":["https:\/\/experienciadevida.com.ar\/portalurbano\/wp-content\/uploads\/2022\/08\/Olavarria-sera-sede-de.jpg",2560,1711,false],"thumbnail":["https:\/\/experienciadevida.com.ar\/portalurbano\/wp-content\/uploads\/2022\/08\/Olavarria-sera-sede-de-150x150.jpg",150,150,true],"medium":["https:\/\/experienciadevida.com.ar\/portalurbano\/wp-content\/uploads\/2022\/08\/Olavarria-sera-sede-de-300x201.jpg",300,201,true],"medium_large":["https:\/\/experienciadevida.com.ar\/portalurbano\/wp-content\/uploads\/2022\/08\/Olavarria-sera-sede-de-768x513.jpg",640,428,true],"large":["https:\/\/experienciadevida.com.ar\/portalurbano\/wp-content\/uploads\/2022\/08\/Olavarria-sera-sede-de-1024x684.jpg",640,428,true],"ug_big":["https:\/\/experienciadevida.com.ar\/portalurbano\/wp-content\/uploads\/2022\/08\/Olavarria-sera-sede-de-768x513.jpg",768,513,true],"1536x1536":["https:\/\/experienciadevida.com.ar\/portalurbano\/wp-content\/uploads\/2022\/08\/Olavarria-sera-sede-de-1536x1027.jpg",1536,1027,true],"2048x2048":["https:\/\/experienciadevida.com.ar\/portalurbano\/wp-content\/uploads\/2022\/08\/Olavarria-sera-sede-de-2048x1369.jpg",2048,1369,true],"newsever-slider-full":["https:\/\/experienciadevida.com.ar\/portalurbano\/wp-content\/uploads\/2022\/08\/Olavarria-sera-sede-de.jpg",1264,845,false],"newsever-featured":["https:\/\/experienciadevida.com.ar\/portalurbano\/wp-content\/uploads\/2022\/08\/Olavarria-sera-sede-de.jpg",1024,684,false],"newsever-medium":["https:\/\/experienciadevida.com.ar\/portalurbano\/wp-content\/uploads\/2022\/08\/Olavarria-sera-sede-de.jpg",711,475,false],"web-stories-poster-portrait":["https:\/\/experienciadevida.com.ar\/portalurbano\/wp-content\/uploads\/2022\/08\/Olavarria-sera-sede-de-640x853.jpg",640,853,true],"web-stories-publisher-logo":["https:\/\/experienciadevida.com.ar\/portalurbano\/wp-content\/uploads\/2022\/08\/Olavarria-sera-sede-de-96x96.jpg",96,96,true],"web-stories-thumbnail":["https:\/\/experienciadevida.com.ar\/portalurbano\/wp-content\/uploads\/2022\/08\/Olavarria-sera-sede-de-150x100.jpg",150,100,true]},"author_info":{"display_name":"admpu17wp","author_link":"https:\/\/experienciadevida.com.ar\/portalurbano\/author\/admpu17wp\/"},"category_info":"<a href=\"https:\/\/experienciadevida.com.ar\/portalurbano\/category\/ciudad\/\" rel=\"category tag\">Ciudad<\/a> <a href=\"https:\/\/experienciadevida.com.ar\/portalurbano\/category\/destacadas\/\" rel=\"category tag\">Destacadas<\/a>","tag_info":"Destacadas","comment_count":"0","amp_enabled":true,"_links":{"self":[{"href":"https:\/\/experienciadevida.com.ar\/portalurbano\/wp-json\/wp\/v2\/posts\/173995"}],"collection":[{"href":"https:\/\/experienciadevida.com.ar\/portalurbano\/wp-json\/wp\/v2\/posts"}],"about":[{"href":"https:\/\/experienciadevida.com.ar\/portalurbano\/wp-json\/wp\/v2\/types\/post"}],"author":[{"embeddable":true,"href":"https:\/\/experienciadevida.com.ar\/portalurbano\/wp-json\/wp\/v2\/users\/1"}],"replies":[{"embeddable":true,"href":"https:\/\/experienciadevida.com.ar\/portalurbano\/wp-json\/wp\/v2\/comments?post=173995"}],"version-history":[{"count":3,"href":"https:\/\/experienciadevida.com.ar\/portalurbano\/wp-json\/wp\/v2\/posts\/173995\/revisions"}],"predecessor-version":[{"id":174000,"href":"https:\/\/experienciadevida.com.ar\/portalurbano\/wp-json\/wp\/v2\/posts\/173995\/revisions\/174000"}],"wp:featuredmedia":[{"embeddable":true,"href":"https:\/\/experienciadevida.com.ar\/portalurbano\/wp-json\/wp\/v2\/media\/173996"}],"wp:attachment":[{"href":"https:\/\/experienciadevida.com.ar\/portalurbano\/wp-json\/wp\/v2\/media?parent=173995"}],"wp:term":[{"taxonomy":"category","embeddable":true,"href":"https:\/\/experienciadevida.com.ar\/portalurbano\/wp-json\/wp\/v2\/categories?post=173995"},{"taxonomy":"post_tag","embeddable":true,"href":"https:\/\/experienciadevida.com.ar\/portalurbano\/wp-json\/wp\/v2\/tags?post=173995"}],"curies":[{"name":"wp","href":"https:\/\/api.w.org\/{rel}","templated":true}]}}