{"id":173988,"date":"2022-08-24T10:03:18","date_gmt":"2022-08-24T13:03:18","guid":{"rendered":"https:\/\/experienciadevida.com.ar\/portalurbano\/?p=173988"},"modified":"2022-08-24T10:04:21","modified_gmt":"2022-08-24T13:04:21","slug":"se-presentara-la-novela-ovejas-del-historiador-sebastian-avila","status":"publish","type":"post","link":"https:\/\/experienciadevida.com.ar\/portalurbano\/se-presentara-la-novela-ovejas-del-historiador-sebastian-avila\/","title":{"rendered":"Se presentar\u00e1 la novela \u201cOvejas\u201d del historiador Sebasti\u00e1n \u00c1vila"},"content":{"rendered":"<p>Se presentar\u00e1 la novela \u201cOvejas\u201d del historiador Sebasti\u00e1n \u00c1vila, el pr\u00f3ximo lunes 29 de agosto se llevar\u00e1 adelante la presentaci\u00f3n de la novela \u201cOvejas\u201d, en la que estar\u00e1 presente su autor, el historiador Sebasti\u00e1n \u00c1vila, actividad organizada por la Facultad de Ciencias Sociales. El Lic. \u00c1vila y el Dr. Carlos Landa ofrecer\u00e1n la charla &#8220;Hacia una arqueolog\u00eda de la Guerra de Malvinas&#8221;.<\/p>\n<p>\u201cOvejas\u201d, obra ganadora del Premio Futurock Novela 2021, se presentar\u00e1 el lunes 29 de agosto a las 18 horas en la sede de la Biblioteca Popular \u201cCrucero General Belgrano\u201d, avenida Pellegrini 2350 Casa 3. En la presentaci\u00f3n participar\u00e1 el escritor Mat\u00edas Verna.<\/p>\n<p>La actividad es organizada por la<a href=\"https:\/\/www.facebook.com\/facultadcienciassociales.unicen\"> Facultad de Ciencias Sociales,<\/a> en conjunto con la Biblioteca Popular \u201cCrucero General Belgrano\u201d; y cuenta con el auspicio de Coopelectric y el Centro Empleados de Comercio de Olavarr\u00eda (CECO).<\/p>\n<p>La novela est\u00e1 situada en un faro en las Islas Malvinas y narra el devenir de una patrulla perdida en circunstancias que no quedan del todo claras.<\/p>\n<p>El Lic. Sebasti\u00e1n \u00c1vila es historiador, docente y escritor. En el a\u00f1o 2000 public\u00f3 en coautor\u00eda el libro de poes\u00eda \u201cOmb\u00fa de ombligos\u201d, como resumen de una adolescencia cargada de lectura, escritura y amistad. Reci\u00e9n en 2016 retom\u00f3 su producci\u00f3n literaria, cuando ingres\u00f3 al taller literario de Juan Diego Incardona, donde retom\u00f3 y public\u00f3 cuentos en revistas digitales como Ragnarok y Marambio.<\/p>\n<p>\u00c1vila egres\u00f3 como licenciado en Historia de la Universidad de Buenos Aires en 2013 y desde entonces se especializa en Malvinas. En 2020 viaj\u00f3 a las islas y al a\u00f1o siguiente conoci\u00f3 a los arque\u00f3logos Carlos Landa y Juan Leoni, con quienes actualmente desarrolla el proyecto de investigaci\u00f3n \u201cMalvinas, objetos portadores de memoria\u201d. Se desempe\u00f1a como docente en la Universidad Nacional Arturo Jaurteche (UNAJ) y como investigador del equipo Malvinizar UNAJ.<\/p>\n<p>Sobre la obra<\/p>\n<p>El jurado del certamen del Premio Futurock Novela 2021 estuvo integrado por Claudia Pi\u00f1eiro, Sergio Bizzio y Fabi\u00e1n Casas, quienes la eligieron de manera un\u00e1nime entre 589 novelas presentadas.<\/p>\n<p>La palabra del prestigioso jurado:<\/p>\n<p>Claudia Pi\u00f1eiro: \u201cEs una de las novelas sobre Malvinas que m\u00e1s me ha emocionado porque hay mucha verdad en sus personajes. La inquietud es permanente y trabaja sobre situaciones extra\u00f1as que, sin embargo, pueden haber sucedido perfectamente, porque lo que pas\u00f3 durante la guerra es algo que desconocemos, que se nos neg\u00f3 y que, por lo tanto, gener\u00f3 fantas\u00edas\u201d.<\/p>\n<p>Sergio Bizzio: \u201cSebasti\u00e1n \u00c1vila hace que te pares de la silla y te metas en el libro. El lector pasa permanentemente de la diversi\u00f3n a la emoci\u00f3n y al llanto: todo lo que se le puede pedir a un texto. Las novelas que trabajan con el vac\u00edo para que pueda entrar el lector y poner su propia experiencia son las m\u00e1s interesantes, y Ovejas lo logra de un modo magistral\u201d.<\/p>\n<p>Fabi\u00e1n Casas: \u201cCon solo leer las primeras p\u00e1ginas uno ya sabe que no parar\u00e1 hasta el final. Es una gran novela: potente, atrapante, dram\u00e1tica y formalmente impecable. Un autor al que habr\u00e1 que seguir de cerca\u201d.<\/p>\n<p>Hacia una arqueolog\u00eda de la Guerra de Malvinas<\/p>\n<p>El Lic. \u00c1vila y el Dr. Landa estar\u00e1n en Olavarr\u00eda la semana pr\u00f3xima para llevar adelante una serie de entrevistas a veteranos de guerra de Malvinas, en el marco del proyecto \u201cMalvinas, objetos portadores de memoria\u201d del Equipo Arqueolog\u00eda Memorias Malvinas (EAMM).<\/p>\n<p>Los investigadores adem\u00e1s mantendr\u00e1n un encuentro con arque\u00f3logos\/as de la FACSO que ser\u00e1 abierta a la comunidad, denominado \u201cHacia una arqueolog\u00eda de la Guerra de Malvinas\u201d, en la que compartir\u00e1n experiencias sobre sus pesquisas y los proyectos de investigaci\u00f3n en las Islas Malvinas y sobre la Guerra de Malvinas, en el marco del proyecto de investigaci\u00f3n \u201cMalvinas, objetos portadores de memoria\u201d. A trav\u00e9s del mismo entrevistan a Veteranos de Guerra Malvinas utilizando como disparador diversos objetos personales.<\/p>\n<p>Dicha propuesta es organizada por el Departamento de Arqueolog\u00eda de FACSO, y se realizar\u00e1 desde las 14 del lunes 29 de agosto en el Aula 4 de la Facultad de Ciencias Sociales, Complejo Universitario Olavarr\u00eda, avenida Del Valle 5737.<\/p>\n","protected":false},"excerpt":{"rendered":"<p>Se presentar\u00e1 la novela \u201cOvejas\u201d del historiador Sebasti\u00e1n \u00c1vila, el pr\u00f3ximo lunes 29 de agosto&#8230;<\/p>\n","protected":false},"author":1,"featured_media":173989,"comment_status":"closed","ping_status":"closed","sticky":false,"template":"","format":"standard","meta":{"content-type":""},"categories":[31],"tags":[],"nelio_content":{"isAutoShareEnabled":false,"autoShareEndMode":"default","automationSources":{"useContentSentences":true,"useSocialTemplates":true,"useCustomSentences":false,"customSentences":[]},"followers":[1],"suggestedReferences":[],"includedReferences":[],"efiUrl":"","efiAlt":"","highlights":[]},"yoast_head":"<!-- This site is optimized with the Yoast SEO plugin v20.7 - https:\/\/yoast.com\/wordpress\/plugins\/seo\/ -->\n<title>Se presentar\u00e1 la novela &quot;Ovejas&quot; del historiador Sebasti\u00e1n \u00c1vila<\/title>\n<meta name=\"description\" content=\"Se presentar\u00e1 la novela \u201cOvejas\u201d del historiador Sebasti\u00e1n \u00c1vila, el pr\u00f3ximo lunes 29 de agosto se llevar\u00e1 adelante la misma\" \/>\n<meta name=\"robots\" content=\"index, follow, max-snippet:-1, max-image-preview:large, max-video-preview:-1\" \/>\n<link rel=\"canonical\" href=\"https:\/\/experienciadevida.com.ar\/portalurbano\/se-presentara-la-novela-ovejas-del-historiador-sebastian-avila\/\" \/>\n<meta property=\"og:locale\" content=\"es_ES\" \/>\n<meta property=\"og:type\" content=\"article\" \/>\n<meta property=\"og:title\" content=\"Se presentar\u00e1 la novela &quot;Ovejas&quot; del historiador Sebasti\u00e1n \u00c1vila\" \/>\n<meta property=\"og:description\" content=\"Se presentar\u00e1 la novela \u201cOvejas\u201d del historiador Sebasti\u00e1n \u00c1vila, el pr\u00f3ximo lunes 29 de agosto se llevar\u00e1 adelante la misma\" \/>\n<meta property=\"og:url\" content=\"https:\/\/experienciadevida.com.ar\/portalurbano\/se-presentara-la-novela-ovejas-del-historiador-sebastian-avila\/\" \/>\n<meta property=\"article:publisher\" content=\"https:\/\/www.facebook.com\/Portal-Urbano-171542830093757\/\" \/>\n<meta property=\"article:published_time\" content=\"2022-08-24T13:03:18+00:00\" \/>\n<meta property=\"article:modified_time\" content=\"2022-08-24T13:04:21+00:00\" \/>\n<meta property=\"og:image\" content=\"https:\/\/experienciadevida.com.ar\/portalurbano\/wp-content\/uploads\/2022\/08\/Se-presentara-la-novela.jpg\" \/>\n\t<meta property=\"og:image:width\" content=\"999\" \/>\n\t<meta property=\"og:image:height\" content=\"1000\" \/>\n\t<meta property=\"og:image:type\" content=\"image\/jpeg\" \/>\n<meta name=\"author\" content=\"admpu17wp\" \/>\n<meta name=\"twitter:card\" content=\"summary_large_image\" \/>\n<meta name=\"twitter:creator\" content=\"@portalurbanook\" \/>\n<meta name=\"twitter:site\" content=\"@portalurbanook\" \/>\n<meta name=\"twitter:label1\" content=\"Escrito por\" \/>\n\t<meta name=\"twitter:data1\" content=\"admpu17wp\" \/>\n\t<meta name=\"twitter:label2\" content=\"Tiempo de lectura\" \/>\n\t<meta name=\"twitter:data2\" content=\"4 minutos\" \/>\n<script type=\"application\/ld+json\" class=\"yoast-schema-graph\">{\"@context\":\"https:\/\/schema.org\",\"@graph\":[{\"@type\":\"Article\",\"@id\":\"https:\/\/experienciadevida.com.ar\/portalurbano\/se-presentara-la-novela-ovejas-del-historiador-sebastian-avila\/#article\",\"isPartOf\":{\"@id\":\"https:\/\/experienciadevida.com.ar\/portalurbano\/se-presentara-la-novela-ovejas-del-historiador-sebastian-avila\/\"},\"author\":{\"name\":\"admpu17wp\",\"@id\":\"https:\/\/experienciadevida.com.ar\/portalurbano\/#\/schema\/person\/02dd326b1c4b056e9cc972486934a3a7\"},\"headline\":\"Se presentar\u00e1 la novela \u201cOvejas\u201d del historiador Sebasti\u00e1n \u00c1vila\",\"datePublished\":\"2022-08-24T13:03:18+00:00\",\"dateModified\":\"2022-08-24T13:04:21+00:00\",\"mainEntityOfPage\":{\"@id\":\"https:\/\/experienciadevida.com.ar\/portalurbano\/se-presentara-la-novela-ovejas-del-historiador-sebastian-avila\/\"},\"wordCount\":711,\"publisher\":{\"@id\":\"https:\/\/experienciadevida.com.ar\/portalurbano\/#organization\"},\"articleSection\":[\"Educaci\u00f3n\"],\"inLanguage\":\"es\"},{\"@type\":\"WebPage\",\"@id\":\"https:\/\/experienciadevida.com.ar\/portalurbano\/se-presentara-la-novela-ovejas-del-historiador-sebastian-avila\/\",\"url\":\"https:\/\/experienciadevida.com.ar\/portalurbano\/se-presentara-la-novela-ovejas-del-historiador-sebastian-avila\/\",\"name\":\"Se presentar\u00e1 la novela \\\"Ovejas\\\" del historiador Sebasti\u00e1n \u00c1vila\",\"isPartOf\":{\"@id\":\"https:\/\/experienciadevida.com.ar\/portalurbano\/#website\"},\"datePublished\":\"2022-08-24T13:03:18+00:00\",\"dateModified\":\"2022-08-24T13:04:21+00:00\",\"description\":\"Se presentar\u00e1 la novela \u201cOvejas\u201d del historiador Sebasti\u00e1n \u00c1vila, el pr\u00f3ximo lunes 29 de agosto se llevar\u00e1 adelante la misma\",\"breadcrumb\":{\"@id\":\"https:\/\/experienciadevida.com.ar\/portalurbano\/se-presentara-la-novela-ovejas-del-historiador-sebastian-avila\/#breadcrumb\"},\"inLanguage\":\"es\",\"potentialAction\":[{\"@type\":\"ReadAction\",\"target\":[\"https:\/\/experienciadevida.com.ar\/portalurbano\/se-presentara-la-novela-ovejas-del-historiador-sebastian-avila\/\"]}]},{\"@type\":\"BreadcrumbList\",\"@id\":\"https:\/\/experienciadevida.com.ar\/portalurbano\/se-presentara-la-novela-ovejas-del-historiador-sebastian-avila\/#breadcrumb\",\"itemListElement\":[{\"@type\":\"ListItem\",\"position\":1,\"name\":\"Portada\",\"item\":\"https:\/\/experienciadevida.com.ar\/portalurbano\/\"},{\"@type\":\"ListItem\",\"position\":2,\"name\":\"Se presentar\u00e1 la novela \u201cOvejas\u201d del historiador Sebasti\u00e1n \u00c1vila\"}]},{\"@type\":\"WebSite\",\"@id\":\"https:\/\/experienciadevida.com.ar\/portalurbano\/#website\",\"url\":\"https:\/\/experienciadevida.com.ar\/portalurbano\/\",\"name\":\"\",\"description\":\"\",\"publisher\":{\"@id\":\"https:\/\/experienciadevida.com.ar\/portalurbano\/#organization\"},\"potentialAction\":[{\"@type\":\"SearchAction\",\"target\":{\"@type\":\"EntryPoint\",\"urlTemplate\":\"https:\/\/experienciadevida.com.ar\/portalurbano\/?s={search_term_string}\"},\"query-input\":\"required name=search_term_string\"}],\"inLanguage\":\"es\"},{\"@type\":\"Organization\",\"@id\":\"https:\/\/experienciadevida.com.ar\/portalurbano\/#organization\",\"name\":\"Portal Urbano\",\"url\":\"https:\/\/experienciadevida.com.ar\/portalurbano\/\",\"logo\":{\"@type\":\"ImageObject\",\"inLanguage\":\"es\",\"@id\":\"https:\/\/experienciadevida.com.ar\/portalurbano\/#\/schema\/logo\/image\/\",\"url\":\"https:\/\/experienciadevida.com.ar\/portalurbano\/wp-content\/uploads\/2019\/09\/Logo-Original.png\",\"contentUrl\":\"https:\/\/experienciadevida.com.ar\/portalurbano\/wp-content\/uploads\/2019\/09\/Logo-Original.png\",\"width\":2236,\"height\":1216,\"caption\":\"Portal Urbano\"},\"image\":{\"@id\":\"https:\/\/experienciadevida.com.ar\/portalurbano\/#\/schema\/logo\/image\/\"},\"sameAs\":[\"https:\/\/www.facebook.com\/Portal-Urbano-171542830093757\/\",\"https:\/\/twitter.com\/portalurbanook\",\"https:\/\/www.instagram.com\/_portalurbano\/\",\"https:\/\/www.youtube.com\/channel\/UCXhagIfszH8KxFiOok79zbA?view_as=subscriber\"]},{\"@type\":\"Person\",\"@id\":\"https:\/\/experienciadevida.com.ar\/portalurbano\/#\/schema\/person\/02dd326b1c4b056e9cc972486934a3a7\",\"name\":\"admpu17wp\",\"image\":{\"@type\":\"ImageObject\",\"inLanguage\":\"es\",\"@id\":\"https:\/\/experienciadevida.com.ar\/portalurbano\/#\/schema\/person\/image\/\",\"url\":\"https:\/\/secure.gravatar.com\/avatar\/830d4c57adaae6630765e449a6908047?s=96&d=mm&r=g\",\"contentUrl\":\"https:\/\/secure.gravatar.com\/avatar\/830d4c57adaae6630765e449a6908047?s=96&d=mm&r=g\",\"caption\":\"admpu17wp\"}}]}<\/script>\n<!-- \/ Yoast SEO plugin. -->","yoast_head_json":{"title":"Se presentar\u00e1 la novela \"Ovejas\" del historiador Sebasti\u00e1n \u00c1vila","description":"Se presentar\u00e1 la novela \u201cOvejas\u201d del historiador Sebasti\u00e1n \u00c1vila, el pr\u00f3ximo lunes 29 de agosto se llevar\u00e1 adelante la misma","robots":{"index":"index","follow":"follow","max-snippet":"max-snippet:-1","max-image-preview":"max-image-preview:large","max-video-preview":"max-video-preview:-1"},"canonical":"https:\/\/experienciadevida.com.ar\/portalurbano\/se-presentara-la-novela-ovejas-del-historiador-sebastian-avila\/","og_locale":"es_ES","og_type":"article","og_title":"Se presentar\u00e1 la novela \"Ovejas\" del historiador Sebasti\u00e1n \u00c1vila","og_description":"Se presentar\u00e1 la novela \u201cOvejas\u201d del historiador Sebasti\u00e1n \u00c1vila, el pr\u00f3ximo lunes 29 de agosto se llevar\u00e1 adelante la misma","og_url":"https:\/\/experienciadevida.com.ar\/portalurbano\/se-presentara-la-novela-ovejas-del-historiador-sebastian-avila\/","article_publisher":"https:\/\/www.facebook.com\/Portal-Urbano-171542830093757\/","article_published_time":"2022-08-24T13:03:18+00:00","article_modified_time":"2022-08-24T13:04:21+00:00","og_image":[{"width":999,"height":1000,"url":"https:\/\/experienciadevida.com.ar\/portalurbano\/wp-content\/uploads\/2022\/08\/Se-presentara-la-novela.jpg","type":"image\/jpeg"}],"author":"admpu17wp","twitter_card":"summary_large_image","twitter_creator":"@portalurbanook","twitter_site":"@portalurbanook","twitter_misc":{"Escrito por":"admpu17wp","Tiempo de lectura":"4 minutos"},"schema":{"@context":"https:\/\/schema.org","@graph":[{"@type":"Article","@id":"https:\/\/experienciadevida.com.ar\/portalurbano\/se-presentara-la-novela-ovejas-del-historiador-sebastian-avila\/#article","isPartOf":{"@id":"https:\/\/experienciadevida.com.ar\/portalurbano\/se-presentara-la-novela-ovejas-del-historiador-sebastian-avila\/"},"author":{"name":"admpu17wp","@id":"https:\/\/experienciadevida.com.ar\/portalurbano\/#\/schema\/person\/02dd326b1c4b056e9cc972486934a3a7"},"headline":"Se presentar\u00e1 la novela \u201cOvejas\u201d del historiador Sebasti\u00e1n \u00c1vila","datePublished":"2022-08-24T13:03:18+00:00","dateModified":"2022-08-24T13:04:21+00:00","mainEntityOfPage":{"@id":"https:\/\/experienciadevida.com.ar\/portalurbano\/se-presentara-la-novela-ovejas-del-historiador-sebastian-avila\/"},"wordCount":711,"publisher":{"@id":"https:\/\/experienciadevida.com.ar\/portalurbano\/#organization"},"articleSection":["Educaci\u00f3n"],"inLanguage":"es"},{"@type":"WebPage","@id":"https:\/\/experienciadevida.com.ar\/portalurbano\/se-presentara-la-novela-ovejas-del-historiador-sebastian-avila\/","url":"https:\/\/experienciadevida.com.ar\/portalurbano\/se-presentara-la-novela-ovejas-del-historiador-sebastian-avila\/","name":"Se presentar\u00e1 la novela \"Ovejas\" del historiador Sebasti\u00e1n \u00c1vila","isPartOf":{"@id":"https:\/\/experienciadevida.com.ar\/portalurbano\/#website"},"datePublished":"2022-08-24T13:03:18+00:00","dateModified":"2022-08-24T13:04:21+00:00","description":"Se presentar\u00e1 la novela \u201cOvejas\u201d del historiador Sebasti\u00e1n \u00c1vila, el pr\u00f3ximo lunes 29 de agosto se llevar\u00e1 adelante la misma","breadcrumb":{"@id":"https:\/\/experienciadevida.com.ar\/portalurbano\/se-presentara-la-novela-ovejas-del-historiador-sebastian-avila\/#breadcrumb"},"inLanguage":"es","potentialAction":[{"@type":"ReadAction","target":["https:\/\/experienciadevida.com.ar\/portalurbano\/se-presentara-la-novela-ovejas-del-historiador-sebastian-avila\/"]}]},{"@type":"BreadcrumbList","@id":"https:\/\/experienciadevida.com.ar\/portalurbano\/se-presentara-la-novela-ovejas-del-historiador-sebastian-avila\/#breadcrumb","itemListElement":[{"@type":"ListItem","position":1,"name":"Portada","item":"https:\/\/experienciadevida.com.ar\/portalurbano\/"},{"@type":"ListItem","position":2,"name":"Se presentar\u00e1 la novela \u201cOvejas\u201d del historiador Sebasti\u00e1n \u00c1vila"}]},{"@type":"WebSite","@id":"https:\/\/experienciadevida.com.ar\/portalurbano\/#website","url":"https:\/\/experienciadevida.com.ar\/portalurbano\/","name":"","description":"","publisher":{"@id":"https:\/\/experienciadevida.com.ar\/portalurbano\/#organization"},"potentialAction":[{"@type":"SearchAction","target":{"@type":"EntryPoint","urlTemplate":"https:\/\/experienciadevida.com.ar\/portalurbano\/?s={search_term_string}"},"query-input":"required name=search_term_string"}],"inLanguage":"es"},{"@type":"Organization","@id":"https:\/\/experienciadevida.com.ar\/portalurbano\/#organization","name":"Portal Urbano","url":"https:\/\/experienciadevida.com.ar\/portalurbano\/","logo":{"@type":"ImageObject","inLanguage":"es","@id":"https:\/\/experienciadevida.com.ar\/portalurbano\/#\/schema\/logo\/image\/","url":"https:\/\/experienciadevida.com.ar\/portalurbano\/wp-content\/uploads\/2019\/09\/Logo-Original.png","contentUrl":"https:\/\/experienciadevida.com.ar\/portalurbano\/wp-content\/uploads\/2019\/09\/Logo-Original.png","width":2236,"height":1216,"caption":"Portal Urbano"},"image":{"@id":"https:\/\/experienciadevida.com.ar\/portalurbano\/#\/schema\/logo\/image\/"},"sameAs":["https:\/\/www.facebook.com\/Portal-Urbano-171542830093757\/","https:\/\/twitter.com\/portalurbanook","https:\/\/www.instagram.com\/_portalurbano\/","https:\/\/www.youtube.com\/channel\/UCXhagIfszH8KxFiOok79zbA?view_as=subscriber"]},{"@type":"Person","@id":"https:\/\/experienciadevida.com.ar\/portalurbano\/#\/schema\/person\/02dd326b1c4b056e9cc972486934a3a7","name":"admpu17wp","image":{"@type":"ImageObject","inLanguage":"es","@id":"https:\/\/experienciadevida.com.ar\/portalurbano\/#\/schema\/person\/image\/","url":"https:\/\/secure.gravatar.com\/avatar\/830d4c57adaae6630765e449a6908047?s=96&d=mm&r=g","contentUrl":"https:\/\/secure.gravatar.com\/avatar\/830d4c57adaae6630765e449a6908047?s=96&d=mm&r=g","caption":"admpu17wp"}}]}},"featured_image_urls":{"full":["https:\/\/experienciadevida.com.ar\/portalurbano\/wp-content\/uploads\/2022\/08\/Se-presentara-la-novela.jpg",999,1000,false],"thumbnail":["https:\/\/experienciadevida.com.ar\/portalurbano\/wp-content\/uploads\/2022\/08\/Se-presentara-la-novela-150x150.jpg",150,150,true],"medium":["https:\/\/experienciadevida.com.ar\/portalurbano\/wp-content\/uploads\/2022\/08\/Se-presentara-la-novela-300x300.jpg",300,300,true],"medium_large":["https:\/\/experienciadevida.com.ar\/portalurbano\/wp-content\/uploads\/2022\/08\/Se-presentara-la-novela-768x769.jpg",640,641,true],"large":["https:\/\/experienciadevida.com.ar\/portalurbano\/wp-content\/uploads\/2022\/08\/Se-presentara-la-novela.jpg",640,641,false],"ug_big":["https:\/\/experienciadevida.com.ar\/portalurbano\/wp-content\/uploads\/2022\/08\/Se-presentara-la-novela-768x768.jpg",768,768,true],"1536x1536":["https:\/\/experienciadevida.com.ar\/portalurbano\/wp-content\/uploads\/2022\/08\/Se-presentara-la-novela.jpg",999,1000,false],"2048x2048":["https:\/\/experienciadevida.com.ar\/portalurbano\/wp-content\/uploads\/2022\/08\/Se-presentara-la-novela.jpg",999,1000,false],"newsever-slider-full":["https:\/\/experienciadevida.com.ar\/portalurbano\/wp-content\/uploads\/2022\/08\/Se-presentara-la-novela.jpg",844,845,false],"newsever-featured":["https:\/\/experienciadevida.com.ar\/portalurbano\/wp-content\/uploads\/2022\/08\/Se-presentara-la-novela.jpg",999,1000,false],"newsever-medium":["https:\/\/experienciadevida.com.ar\/portalurbano\/wp-content\/uploads\/2022\/08\/Se-presentara-la-novela.jpg",475,475,false],"web-stories-poster-portrait":["https:\/\/experienciadevida.com.ar\/portalurbano\/wp-content\/uploads\/2022\/08\/Se-presentara-la-novela-640x853.jpg",640,853,true],"web-stories-publisher-logo":["https:\/\/experienciadevida.com.ar\/portalurbano\/wp-content\/uploads\/2022\/08\/Se-presentara-la-novela-96x96.jpg",96,96,true],"web-stories-thumbnail":["https:\/\/experienciadevida.com.ar\/portalurbano\/wp-content\/uploads\/2022\/08\/Se-presentara-la-novela-150x150.jpg",150,150,true]},"author_info":{"display_name":"admpu17wp","author_link":"https:\/\/experienciadevida.com.ar\/portalurbano\/author\/admpu17wp\/"},"category_info":"<a href=\"https:\/\/experienciadevida.com.ar\/portalurbano\/category\/ciudad\/educacion\/\" rel=\"category tag\">Educaci\u00f3n<\/a>","tag_info":"Educaci\u00f3n","comment_count":"0","amp_enabled":true,"_links":{"self":[{"href":"https:\/\/experienciadevida.com.ar\/portalurbano\/wp-json\/wp\/v2\/posts\/173988"}],"collection":[{"href":"https:\/\/experienciadevida.com.ar\/portalurbano\/wp-json\/wp\/v2\/posts"}],"about":[{"href":"https:\/\/experienciadevida.com.ar\/portalurbano\/wp-json\/wp\/v2\/types\/post"}],"author":[{"embeddable":true,"href":"https:\/\/experienciadevida.com.ar\/portalurbano\/wp-json\/wp\/v2\/users\/1"}],"replies":[{"embeddable":true,"href":"https:\/\/experienciadevida.com.ar\/portalurbano\/wp-json\/wp\/v2\/comments?post=173988"}],"version-history":[{"count":2,"href":"https:\/\/experienciadevida.com.ar\/portalurbano\/wp-json\/wp\/v2\/posts\/173988\/revisions"}],"predecessor-version":[{"id":173991,"href":"https:\/\/experienciadevida.com.ar\/portalurbano\/wp-json\/wp\/v2\/posts\/173988\/revisions\/173991"}],"wp:featuredmedia":[{"embeddable":true,"href":"https:\/\/experienciadevida.com.ar\/portalurbano\/wp-json\/wp\/v2\/media\/173989"}],"wp:attachment":[{"href":"https:\/\/experienciadevida.com.ar\/portalurbano\/wp-json\/wp\/v2\/media?parent=173988"}],"wp:term":[{"taxonomy":"category","embeddable":true,"href":"https:\/\/experienciadevida.com.ar\/portalurbano\/wp-json\/wp\/v2\/categories?post=173988"},{"taxonomy":"post_tag","embeddable":true,"href":"https:\/\/experienciadevida.com.ar\/portalurbano\/wp-json\/wp\/v2\/tags?post=173988"}],"curies":[{"name":"wp","href":"https:\/\/api.w.org\/{rel}","templated":true}]}}