{"id":173973,"date":"2022-08-24T09:40:50","date_gmt":"2022-08-24T12:40:50","guid":{"rendered":"https:\/\/experienciadevida.com.ar\/portalurbano\/?p=173973"},"modified":"2022-08-24T09:43:47","modified_gmt":"2022-08-24T12:43:47","slug":"infancias-desobedientes-acompanar-de-forma-amorosa-los-derechos-de-nineces-y-adolescencias-travesti-trans","status":"publish","type":"post","link":"https:\/\/experienciadevida.com.ar\/portalurbano\/infancias-desobedientes-acompanar-de-forma-amorosa-los-derechos-de-nineces-y-adolescencias-travesti-trans\/","title":{"rendered":"\u201cInfancias Desobedientes\u201d: acompa\u00f1ar de forma amorosa los derechos de ni\u00f1eces y adolescencias travesti trans"},"content":{"rendered":"<p>\u201cInfancias Desobedientes\u201d: acompa\u00f1ar de forma amorosa los derechos de ni\u00f1eces y adolescencias travesti trans, con gran marco de p\u00fablico, tuvo lugar d\u00edas pasados el conversatorio \u201cInfancias Desobedientes\u201d a cargo de la activista por las ni\u00f1eces y adolescencias travesti trans, Gabriela Mansilla, en instalaciones del Centro Cultural Municipal \u201cSan Jos\u00e9\u201d.<\/p>\n<p><a href=\"https:\/\/experienciadevida.com.ar\/portalurbano\/infancias-desobedientes-acompanar-de-forma-amorosa-los-derechos-de-nineces-y-adolescencias-travesti-trans\/infancias-3\/\" rel=\"attachment wp-att-173977\"><img decoding=\"async\" class=\"alignnone size-large wp-image-173977\" src=\"https:\/\/experienciadevida.com.ar\/portalurbano\/wp-content\/uploads\/2022\/08\/Infancias-1024x485.jpeg\" alt=\"Infancias \" width=\"900\" height=\"426\" srcset=\"https:\/\/experienciadevida.com.ar\/portalurbano\/wp-content\/uploads\/2022\/08\/Infancias-1024x485.jpeg 1024w, https:\/\/experienciadevida.com.ar\/portalurbano\/wp-content\/uploads\/2022\/08\/Infancias-300x142.jpeg 300w, https:\/\/experienciadevida.com.ar\/portalurbano\/wp-content\/uploads\/2022\/08\/Infancias-768x364.jpeg 768w, https:\/\/experienciadevida.com.ar\/portalurbano\/wp-content\/uploads\/2022\/08\/Infancias-1536x727.jpeg 1536w, https:\/\/experienciadevida.com.ar\/portalurbano\/wp-content\/uploads\/2022\/08\/Infancias-150x71.jpeg 150w, https:\/\/experienciadevida.com.ar\/portalurbano\/wp-content\/uploads\/2022\/08\/Infancias.jpeg 1599w\" sizes=\"(max-width: 900px) 100vw, 900px\" \/><\/a><\/p>\n<p>La actividad se enmarc\u00f3 en el convenio firmado entre la el <a href=\"https:\/\/www.facebook.com\/municipiodeolavarria\">Municipio<\/a> de Olavarr\u00eda, a trav\u00e9s de las \u00e1reas de Cultura y Educaci\u00f3n y Pol\u00edticas de G\u00e9nero, y la <a href=\"https:\/\/www.facebook.com\/facultadcienciassociales.unicen\">Facultad de Ciencias Sociales<\/a> de UNICEN. Fue la primera actividad con perspectiva de g\u00e9nero que se realiz\u00f3 en corresponsabilidad a trav\u00e9s del dise\u00f1o de un calendario conjunto. La propuesta cont\u00f3 adem\u00e1s con la colaboraci\u00f3n del Observatorio de Ni\u00f1ez y Adolescencia de la FACSO.<\/p>\n<p>Durante el transcurso de la jornada, a trav\u00e9s de un amplio recorrido vivencial, Mansilla comparti\u00f3 su propia trayectoria de vida, narrando la historia de su hija Luana, la primera ni\u00f1a trans del mundo en recibir su DNI de acuerdo a su identidad de g\u00e9nero autopercibida, lo cual implic\u00f3 complejos desaf\u00edos personales que tuvieron que atravesar juntas en este recorrido.<\/p>\n<p>La directora de Pol\u00edticas de G\u00e9nero Florencia Caro manifest\u00f3 que la jornada fue sumamente positiva \u201cporque fue una propuesta pensada en el marco del mes de las infancias, una actividad vinculada a pensar las infancias desde otro lugar, y espec\u00edficamente la realidad de las infancias travesti trans\u201d.<\/p>\n<p>Adem\u00e1s agreg\u00f3 que \u201cla aceptaci\u00f3n de la comunidad a este conversatorio fue sumamente positiva: tuvimos una charla a sala llena donde se acercaron personas de toda la comunidad en general, pero fundamentalmente, muchas personas de \u00e1mbitos claves para las ni\u00f1eces y adolescencias, como equipos municipales, de educaci\u00f3n, docentes, psic\u00f3logas, referentes de organizaciones sociales. Y lo que esperamos, y creemos que efectivamente as\u00ed fue, es que pudieran llevarse de ese espacio herramientas para acompa\u00f1ar de forma amorosa y respetuosa de los derechos humanos de las ni\u00f1eces y adolescencias travesti trans\u201d, concluy\u00f3.<\/p>\n","protected":false},"excerpt":{"rendered":"<p>\u201cInfancias Desobedientes\u201d: acompa\u00f1ar de forma amorosa los derechos de ni\u00f1eces y adolescencias travesti trans, con&#8230;<\/p>\n","protected":false},"author":1,"featured_media":173974,"comment_status":"closed","ping_status":"closed","sticky":false,"template":"","format":"standard","meta":{"content-type":""},"categories":[27,64],"tags":[],"nelio_content":{"isAutoShareEnabled":false,"autoShareEndMode":"default","automationSources":{"useContentSentences":true,"useSocialTemplates":true,"useCustomSentences":false,"customSentences":[]},"followers":[1],"suggestedReferences":[],"includedReferences":[],"efiUrl":"","efiAlt":"","highlights":[]},"yoast_head":"<!-- This site is optimized with the Yoast SEO plugin v20.7 - https:\/\/yoast.com\/wordpress\/plugins\/seo\/ -->\n<title>&quot;Infancias desobedientes&quot;&quot;: acompa\u00f1ar de forma amorosa<\/title>\n<meta name=\"description\" content=\"\u201cInfancias Desobedientes\u201d: acompa\u00f1ar de forma amorosa los derechos de ni\u00f1eces y adolescencias travesti trans, con gran marco\" \/>\n<meta name=\"robots\" content=\"index, follow, max-snippet:-1, max-image-preview:large, max-video-preview:-1\" \/>\n<link rel=\"canonical\" href=\"https:\/\/experienciadevida.com.ar\/portalurbano\/infancias-desobedientes-acompanar-de-forma-amorosa-los-derechos-de-nineces-y-adolescencias-travesti-trans\/\" \/>\n<meta property=\"og:locale\" content=\"es_ES\" \/>\n<meta property=\"og:type\" content=\"article\" \/>\n<meta property=\"og:title\" content=\"&quot;Infancias desobedientes&quot;&quot;: acompa\u00f1ar de forma amorosa\" \/>\n<meta property=\"og:description\" content=\"\u201cInfancias Desobedientes\u201d: acompa\u00f1ar de forma amorosa los derechos de ni\u00f1eces y adolescencias travesti trans, con gran marco\" \/>\n<meta property=\"og:url\" content=\"https:\/\/experienciadevida.com.ar\/portalurbano\/infancias-desobedientes-acompanar-de-forma-amorosa-los-derechos-de-nineces-y-adolescencias-travesti-trans\/\" \/>\n<meta property=\"article:publisher\" content=\"https:\/\/www.facebook.com\/Portal-Urbano-171542830093757\/\" \/>\n<meta property=\"article:published_time\" content=\"2022-08-24T12:40:50+00:00\" \/>\n<meta property=\"article:modified_time\" content=\"2022-08-24T12:43:47+00:00\" \/>\n<meta property=\"og:image\" content=\"https:\/\/experienciadevida.com.ar\/portalurbano\/wp-content\/uploads\/2022\/08\/Infancias-desobedientes.jpeg\" \/>\n\t<meta property=\"og:image:width\" content=\"1600\" \/>\n\t<meta property=\"og:image:height\" content=\"757\" \/>\n\t<meta property=\"og:image:type\" content=\"image\/jpeg\" \/>\n<meta name=\"author\" content=\"admpu17wp\" \/>\n<meta name=\"twitter:card\" content=\"summary_large_image\" \/>\n<meta name=\"twitter:creator\" content=\"@portalurbanook\" \/>\n<meta name=\"twitter:site\" content=\"@portalurbanook\" \/>\n<meta name=\"twitter:label1\" content=\"Escrito por\" \/>\n\t<meta name=\"twitter:data1\" content=\"admpu17wp\" \/>\n\t<meta name=\"twitter:label2\" content=\"Tiempo de lectura\" \/>\n\t<meta name=\"twitter:data2\" content=\"2 minutos\" \/>\n<script type=\"application\/ld+json\" class=\"yoast-schema-graph\">{\"@context\":\"https:\/\/schema.org\",\"@graph\":[{\"@type\":\"Article\",\"@id\":\"https:\/\/experienciadevida.com.ar\/portalurbano\/infancias-desobedientes-acompanar-de-forma-amorosa-los-derechos-de-nineces-y-adolescencias-travesti-trans\/#article\",\"isPartOf\":{\"@id\":\"https:\/\/experienciadevida.com.ar\/portalurbano\/infancias-desobedientes-acompanar-de-forma-amorosa-los-derechos-de-nineces-y-adolescencias-travesti-trans\/\"},\"author\":{\"name\":\"admpu17wp\",\"@id\":\"https:\/\/experienciadevida.com.ar\/portalurbano\/#\/schema\/person\/02dd326b1c4b056e9cc972486934a3a7\"},\"headline\":\"\u201cInfancias Desobedientes\u201d: acompa\u00f1ar de forma amorosa los derechos de ni\u00f1eces y adolescencias travesti trans\",\"datePublished\":\"2022-08-24T12:40:50+00:00\",\"dateModified\":\"2022-08-24T12:43:47+00:00\",\"mainEntityOfPage\":{\"@id\":\"https:\/\/experienciadevida.com.ar\/portalurbano\/infancias-desobedientes-acompanar-de-forma-amorosa-los-derechos-de-nineces-y-adolescencias-travesti-trans\/\"},\"wordCount\":363,\"publisher\":{\"@id\":\"https:\/\/experienciadevida.com.ar\/portalurbano\/#organization\"},\"articleSection\":[\"Ciudad\",\"Destacadas 2\"],\"inLanguage\":\"es\"},{\"@type\":\"WebPage\",\"@id\":\"https:\/\/experienciadevida.com.ar\/portalurbano\/infancias-desobedientes-acompanar-de-forma-amorosa-los-derechos-de-nineces-y-adolescencias-travesti-trans\/\",\"url\":\"https:\/\/experienciadevida.com.ar\/portalurbano\/infancias-desobedientes-acompanar-de-forma-amorosa-los-derechos-de-nineces-y-adolescencias-travesti-trans\/\",\"name\":\"\\\"Infancias desobedientes\\\"\\\": acompa\u00f1ar de forma amorosa\",\"isPartOf\":{\"@id\":\"https:\/\/experienciadevida.com.ar\/portalurbano\/#website\"},\"datePublished\":\"2022-08-24T12:40:50+00:00\",\"dateModified\":\"2022-08-24T12:43:47+00:00\",\"description\":\"\u201cInfancias Desobedientes\u201d: acompa\u00f1ar de forma amorosa los derechos de ni\u00f1eces y adolescencias travesti trans, con gran marco\",\"breadcrumb\":{\"@id\":\"https:\/\/experienciadevida.com.ar\/portalurbano\/infancias-desobedientes-acompanar-de-forma-amorosa-los-derechos-de-nineces-y-adolescencias-travesti-trans\/#breadcrumb\"},\"inLanguage\":\"es\",\"potentialAction\":[{\"@type\":\"ReadAction\",\"target\":[\"https:\/\/experienciadevida.com.ar\/portalurbano\/infancias-desobedientes-acompanar-de-forma-amorosa-los-derechos-de-nineces-y-adolescencias-travesti-trans\/\"]}]},{\"@type\":\"BreadcrumbList\",\"@id\":\"https:\/\/experienciadevida.com.ar\/portalurbano\/infancias-desobedientes-acompanar-de-forma-amorosa-los-derechos-de-nineces-y-adolescencias-travesti-trans\/#breadcrumb\",\"itemListElement\":[{\"@type\":\"ListItem\",\"position\":1,\"name\":\"Portada\",\"item\":\"https:\/\/experienciadevida.com.ar\/portalurbano\/\"},{\"@type\":\"ListItem\",\"position\":2,\"name\":\"\u201cInfancias Desobedientes\u201d: acompa\u00f1ar de forma amorosa los derechos de ni\u00f1eces y adolescencias travesti trans\"}]},{\"@type\":\"WebSite\",\"@id\":\"https:\/\/experienciadevida.com.ar\/portalurbano\/#website\",\"url\":\"https:\/\/experienciadevida.com.ar\/portalurbano\/\",\"name\":\"\",\"description\":\"\",\"publisher\":{\"@id\":\"https:\/\/experienciadevida.com.ar\/portalurbano\/#organization\"},\"potentialAction\":[{\"@type\":\"SearchAction\",\"target\":{\"@type\":\"EntryPoint\",\"urlTemplate\":\"https:\/\/experienciadevida.com.ar\/portalurbano\/?s={search_term_string}\"},\"query-input\":\"required name=search_term_string\"}],\"inLanguage\":\"es\"},{\"@type\":\"Organization\",\"@id\":\"https:\/\/experienciadevida.com.ar\/portalurbano\/#organization\",\"name\":\"Portal Urbano\",\"url\":\"https:\/\/experienciadevida.com.ar\/portalurbano\/\",\"logo\":{\"@type\":\"ImageObject\",\"inLanguage\":\"es\",\"@id\":\"https:\/\/experienciadevida.com.ar\/portalurbano\/#\/schema\/logo\/image\/\",\"url\":\"https:\/\/experienciadevida.com.ar\/portalurbano\/wp-content\/uploads\/2019\/09\/Logo-Original.png\",\"contentUrl\":\"https:\/\/experienciadevida.com.ar\/portalurbano\/wp-content\/uploads\/2019\/09\/Logo-Original.png\",\"width\":2236,\"height\":1216,\"caption\":\"Portal Urbano\"},\"image\":{\"@id\":\"https:\/\/experienciadevida.com.ar\/portalurbano\/#\/schema\/logo\/image\/\"},\"sameAs\":[\"https:\/\/www.facebook.com\/Portal-Urbano-171542830093757\/\",\"https:\/\/twitter.com\/portalurbanook\",\"https:\/\/www.instagram.com\/_portalurbano\/\",\"https:\/\/www.youtube.com\/channel\/UCXhagIfszH8KxFiOok79zbA?view_as=subscriber\"]},{\"@type\":\"Person\",\"@id\":\"https:\/\/experienciadevida.com.ar\/portalurbano\/#\/schema\/person\/02dd326b1c4b056e9cc972486934a3a7\",\"name\":\"admpu17wp\",\"image\":{\"@type\":\"ImageObject\",\"inLanguage\":\"es\",\"@id\":\"https:\/\/experienciadevida.com.ar\/portalurbano\/#\/schema\/person\/image\/\",\"url\":\"https:\/\/secure.gravatar.com\/avatar\/830d4c57adaae6630765e449a6908047?s=96&d=mm&r=g\",\"contentUrl\":\"https:\/\/secure.gravatar.com\/avatar\/830d4c57adaae6630765e449a6908047?s=96&d=mm&r=g\",\"caption\":\"admpu17wp\"}}]}<\/script>\n<!-- \/ Yoast SEO plugin. -->","yoast_head_json":{"title":"\"Infancias desobedientes\"\": acompa\u00f1ar de forma amorosa","description":"\u201cInfancias Desobedientes\u201d: acompa\u00f1ar de forma amorosa los derechos de ni\u00f1eces y adolescencias travesti trans, con gran marco","robots":{"index":"index","follow":"follow","max-snippet":"max-snippet:-1","max-image-preview":"max-image-preview:large","max-video-preview":"max-video-preview:-1"},"canonical":"https:\/\/experienciadevida.com.ar\/portalurbano\/infancias-desobedientes-acompanar-de-forma-amorosa-los-derechos-de-nineces-y-adolescencias-travesti-trans\/","og_locale":"es_ES","og_type":"article","og_title":"\"Infancias desobedientes\"\": acompa\u00f1ar de forma amorosa","og_description":"\u201cInfancias Desobedientes\u201d: acompa\u00f1ar de forma amorosa los derechos de ni\u00f1eces y adolescencias travesti trans, con gran marco","og_url":"https:\/\/experienciadevida.com.ar\/portalurbano\/infancias-desobedientes-acompanar-de-forma-amorosa-los-derechos-de-nineces-y-adolescencias-travesti-trans\/","article_publisher":"https:\/\/www.facebook.com\/Portal-Urbano-171542830093757\/","article_published_time":"2022-08-24T12:40:50+00:00","article_modified_time":"2022-08-24T12:43:47+00:00","og_image":[{"width":1600,"height":757,"url":"https:\/\/experienciadevida.com.ar\/portalurbano\/wp-content\/uploads\/2022\/08\/Infancias-desobedientes.jpeg","type":"image\/jpeg"}],"author":"admpu17wp","twitter_card":"summary_large_image","twitter_creator":"@portalurbanook","twitter_site":"@portalurbanook","twitter_misc":{"Escrito por":"admpu17wp","Tiempo de lectura":"2 minutos"},"schema":{"@context":"https:\/\/schema.org","@graph":[{"@type":"Article","@id":"https:\/\/experienciadevida.com.ar\/portalurbano\/infancias-desobedientes-acompanar-de-forma-amorosa-los-derechos-de-nineces-y-adolescencias-travesti-trans\/#article","isPartOf":{"@id":"https:\/\/experienciadevida.com.ar\/portalurbano\/infancias-desobedientes-acompanar-de-forma-amorosa-los-derechos-de-nineces-y-adolescencias-travesti-trans\/"},"author":{"name":"admpu17wp","@id":"https:\/\/experienciadevida.com.ar\/portalurbano\/#\/schema\/person\/02dd326b1c4b056e9cc972486934a3a7"},"headline":"\u201cInfancias Desobedientes\u201d: acompa\u00f1ar de forma amorosa los derechos de ni\u00f1eces y adolescencias travesti trans","datePublished":"2022-08-24T12:40:50+00:00","dateModified":"2022-08-24T12:43:47+00:00","mainEntityOfPage":{"@id":"https:\/\/experienciadevida.com.ar\/portalurbano\/infancias-desobedientes-acompanar-de-forma-amorosa-los-derechos-de-nineces-y-adolescencias-travesti-trans\/"},"wordCount":363,"publisher":{"@id":"https:\/\/experienciadevida.com.ar\/portalurbano\/#organization"},"articleSection":["Ciudad","Destacadas 2"],"inLanguage":"es"},{"@type":"WebPage","@id":"https:\/\/experienciadevida.com.ar\/portalurbano\/infancias-desobedientes-acompanar-de-forma-amorosa-los-derechos-de-nineces-y-adolescencias-travesti-trans\/","url":"https:\/\/experienciadevida.com.ar\/portalurbano\/infancias-desobedientes-acompanar-de-forma-amorosa-los-derechos-de-nineces-y-adolescencias-travesti-trans\/","name":"\"Infancias desobedientes\"\": acompa\u00f1ar de forma amorosa","isPartOf":{"@id":"https:\/\/experienciadevida.com.ar\/portalurbano\/#website"},"datePublished":"2022-08-24T12:40:50+00:00","dateModified":"2022-08-24T12:43:47+00:00","description":"\u201cInfancias Desobedientes\u201d: acompa\u00f1ar de forma amorosa los derechos de ni\u00f1eces y adolescencias travesti trans, con gran marco","breadcrumb":{"@id":"https:\/\/experienciadevida.com.ar\/portalurbano\/infancias-desobedientes-acompanar-de-forma-amorosa-los-derechos-de-nineces-y-adolescencias-travesti-trans\/#breadcrumb"},"inLanguage":"es","potentialAction":[{"@type":"ReadAction","target":["https:\/\/experienciadevida.com.ar\/portalurbano\/infancias-desobedientes-acompanar-de-forma-amorosa-los-derechos-de-nineces-y-adolescencias-travesti-trans\/"]}]},{"@type":"BreadcrumbList","@id":"https:\/\/experienciadevida.com.ar\/portalurbano\/infancias-desobedientes-acompanar-de-forma-amorosa-los-derechos-de-nineces-y-adolescencias-travesti-trans\/#breadcrumb","itemListElement":[{"@type":"ListItem","position":1,"name":"Portada","item":"https:\/\/experienciadevida.com.ar\/portalurbano\/"},{"@type":"ListItem","position":2,"name":"\u201cInfancias Desobedientes\u201d: acompa\u00f1ar de forma amorosa los derechos de ni\u00f1eces y adolescencias travesti trans"}]},{"@type":"WebSite","@id":"https:\/\/experienciadevida.com.ar\/portalurbano\/#website","url":"https:\/\/experienciadevida.com.ar\/portalurbano\/","name":"","description":"","publisher":{"@id":"https:\/\/experienciadevida.com.ar\/portalurbano\/#organization"},"potentialAction":[{"@type":"SearchAction","target":{"@type":"EntryPoint","urlTemplate":"https:\/\/experienciadevida.com.ar\/portalurbano\/?s={search_term_string}"},"query-input":"required name=search_term_string"}],"inLanguage":"es"},{"@type":"Organization","@id":"https:\/\/experienciadevida.com.ar\/portalurbano\/#organization","name":"Portal Urbano","url":"https:\/\/experienciadevida.com.ar\/portalurbano\/","logo":{"@type":"ImageObject","inLanguage":"es","@id":"https:\/\/experienciadevida.com.ar\/portalurbano\/#\/schema\/logo\/image\/","url":"https:\/\/experienciadevida.com.ar\/portalurbano\/wp-content\/uploads\/2019\/09\/Logo-Original.png","contentUrl":"https:\/\/experienciadevida.com.ar\/portalurbano\/wp-content\/uploads\/2019\/09\/Logo-Original.png","width":2236,"height":1216,"caption":"Portal Urbano"},"image":{"@id":"https:\/\/experienciadevida.com.ar\/portalurbano\/#\/schema\/logo\/image\/"},"sameAs":["https:\/\/www.facebook.com\/Portal-Urbano-171542830093757\/","https:\/\/twitter.com\/portalurbanook","https:\/\/www.instagram.com\/_portalurbano\/","https:\/\/www.youtube.com\/channel\/UCXhagIfszH8KxFiOok79zbA?view_as=subscriber"]},{"@type":"Person","@id":"https:\/\/experienciadevida.com.ar\/portalurbano\/#\/schema\/person\/02dd326b1c4b056e9cc972486934a3a7","name":"admpu17wp","image":{"@type":"ImageObject","inLanguage":"es","@id":"https:\/\/experienciadevida.com.ar\/portalurbano\/#\/schema\/person\/image\/","url":"https:\/\/secure.gravatar.com\/avatar\/830d4c57adaae6630765e449a6908047?s=96&d=mm&r=g","contentUrl":"https:\/\/secure.gravatar.com\/avatar\/830d4c57adaae6630765e449a6908047?s=96&d=mm&r=g","caption":"admpu17wp"}}]}},"featured_image_urls":{"full":["https:\/\/experienciadevida.com.ar\/portalurbano\/wp-content\/uploads\/2022\/08\/Infancias-desobedientes.jpeg",1600,757,false],"thumbnail":["https:\/\/experienciadevida.com.ar\/portalurbano\/wp-content\/uploads\/2022\/08\/Infancias-desobedientes-150x150.jpeg",150,150,true],"medium":["https:\/\/experienciadevida.com.ar\/portalurbano\/wp-content\/uploads\/2022\/08\/Infancias-desobedientes-300x142.jpeg",300,142,true],"medium_large":["https:\/\/experienciadevida.com.ar\/portalurbano\/wp-content\/uploads\/2022\/08\/Infancias-desobedientes-768x363.jpeg",640,303,true],"large":["https:\/\/experienciadevida.com.ar\/portalurbano\/wp-content\/uploads\/2022\/08\/Infancias-desobedientes-1024x484.jpeg",640,303,true],"ug_big":["https:\/\/experienciadevida.com.ar\/portalurbano\/wp-content\/uploads\/2022\/08\/Infancias-desobedientes-768x363.jpeg",768,363,true],"1536x1536":["https:\/\/experienciadevida.com.ar\/portalurbano\/wp-content\/uploads\/2022\/08\/Infancias-desobedientes-1536x727.jpeg",1536,727,true],"2048x2048":["https:\/\/experienciadevida.com.ar\/portalurbano\/wp-content\/uploads\/2022\/08\/Infancias-desobedientes.jpeg",1600,757,false],"newsever-slider-full":["https:\/\/experienciadevida.com.ar\/portalurbano\/wp-content\/uploads\/2022\/08\/Infancias-desobedientes.jpeg",1280,606,false],"newsever-featured":["https:\/\/experienciadevida.com.ar\/portalurbano\/wp-content\/uploads\/2022\/08\/Infancias-desobedientes.jpeg",1024,484,false],"newsever-medium":["https:\/\/experienciadevida.com.ar\/portalurbano\/wp-content\/uploads\/2022\/08\/Infancias-desobedientes.jpeg",720,341,false],"web-stories-poster-portrait":["https:\/\/experienciadevida.com.ar\/portalurbano\/wp-content\/uploads\/2022\/08\/Infancias-desobedientes-640x757.jpeg",640,757,true],"web-stories-publisher-logo":["https:\/\/experienciadevida.com.ar\/portalurbano\/wp-content\/uploads\/2022\/08\/Infancias-desobedientes-96x96.jpeg",96,96,true],"web-stories-thumbnail":["https:\/\/experienciadevida.com.ar\/portalurbano\/wp-content\/uploads\/2022\/08\/Infancias-desobedientes-150x71.jpeg",150,71,true]},"author_info":{"display_name":"admpu17wp","author_link":"https:\/\/experienciadevida.com.ar\/portalurbano\/author\/admpu17wp\/"},"category_info":"<a href=\"https:\/\/experienciadevida.com.ar\/portalurbano\/category\/ciudad\/\" rel=\"category tag\">Ciudad<\/a> <a href=\"https:\/\/experienciadevida.com.ar\/portalurbano\/category\/destacadas-2\/\" rel=\"category tag\">Destacadas 2<\/a>","tag_info":"Destacadas 2","comment_count":"0","amp_enabled":true,"_links":{"self":[{"href":"https:\/\/experienciadevida.com.ar\/portalurbano\/wp-json\/wp\/v2\/posts\/173973"}],"collection":[{"href":"https:\/\/experienciadevida.com.ar\/portalurbano\/wp-json\/wp\/v2\/posts"}],"about":[{"href":"https:\/\/experienciadevida.com.ar\/portalurbano\/wp-json\/wp\/v2\/types\/post"}],"author":[{"embeddable":true,"href":"https:\/\/experienciadevida.com.ar\/portalurbano\/wp-json\/wp\/v2\/users\/1"}],"replies":[{"embeddable":true,"href":"https:\/\/experienciadevida.com.ar\/portalurbano\/wp-json\/wp\/v2\/comments?post=173973"}],"version-history":[{"count":3,"href":"https:\/\/experienciadevida.com.ar\/portalurbano\/wp-json\/wp\/v2\/posts\/173973\/revisions"}],"predecessor-version":[{"id":173978,"href":"https:\/\/experienciadevida.com.ar\/portalurbano\/wp-json\/wp\/v2\/posts\/173973\/revisions\/173978"}],"wp:featuredmedia":[{"embeddable":true,"href":"https:\/\/experienciadevida.com.ar\/portalurbano\/wp-json\/wp\/v2\/media\/173974"}],"wp:attachment":[{"href":"https:\/\/experienciadevida.com.ar\/portalurbano\/wp-json\/wp\/v2\/media?parent=173973"}],"wp:term":[{"taxonomy":"category","embeddable":true,"href":"https:\/\/experienciadevida.com.ar\/portalurbano\/wp-json\/wp\/v2\/categories?post=173973"},{"taxonomy":"post_tag","embeddable":true,"href":"https:\/\/experienciadevida.com.ar\/portalurbano\/wp-json\/wp\/v2\/tags?post=173973"}],"curies":[{"name":"wp","href":"https:\/\/api.w.org\/{rel}","templated":true}]}}