{"id":173959,"date":"2022-08-23T18:14:17","date_gmt":"2022-08-23T21:14:17","guid":{"rendered":"https:\/\/experienciadevida.com.ar\/portalurbano\/?p=173959"},"modified":"2022-08-23T18:25:24","modified_gmt":"2022-08-23T21:25:24","slug":"el-municipio-invertira-mas-de-25-millones-de-pesos-en-la-terminacion-de-la-sede-para-el-jardin-maternal-principito","status":"publish","type":"post","link":"https:\/\/experienciadevida.com.ar\/portalurbano\/el-municipio-invertira-mas-de-25-millones-de-pesos-en-la-terminacion-de-la-sede-para-el-jardin-maternal-principito\/","title":{"rendered":"El Municipio invertir\u00e1 m\u00e1s de 25 millones de pesos en la terminaci\u00f3n de la sede para el Jard\u00edn Maternal \u201cPrincipito\u201d"},"content":{"rendered":"<p>El <a href=\"https:\/\/www.facebook.com\/municipiodeolavarria\">Municipio<\/a> invertir\u00e1 m\u00e1s de 25 millones de pesos en la terminaci\u00f3n de la sede para el Jard\u00edn Maternal \u201cPrincipito\u201d, el 14 de septiembre se abrir\u00e1 la licitaci\u00f3n para la reforma y terminaci\u00f3n de la nueva sede para el Jard\u00edn Maternal Municipal \u201cPrincipito\u201d, en el barrio San Carlos, con una inversi\u00f3n calculada en $25.524.168,32.<\/p>\n<p>El proyecto \u2013elaborado por la Secretar\u00eda de Mantenimiento y Obras P\u00fablicas de la Municipalidad- consiste en la recuperaci\u00f3n del edificio, ubicado en la sede del ex Jard\u00edn AMI, en Chiclana al 4500.<\/p>\n<p>La obra se desarrollar\u00e1 en una superficie cubierta de 190 metros cuadrados, donde se construir\u00e1n nuevas aulas, adecuadas para la edad de ni\u00f1os y ni\u00f1as, que concurren a los maternales.<\/p>\n<p>Consiste en la demolici\u00f3n de los tabiques interiores para levantarlos nuevamente para generar una mejor distribuci\u00f3n, m\u00e1s adecuada, logrando un mejor uso del espacio, con ventilaciones acordes, un lugar com\u00fan de buenas dimensiones para actos o patio cubierto, un \u00e1rea de secretar\u00eda y direcci\u00f3n.<\/p>\n<p>La recuperaci\u00f3n ser\u00e1 completa e integral, con ba\u00f1os totalmente nuevos para ni\u00f1os, ni\u00f1as y docentes, una cocina para abastecer a toda la matr\u00edcula, cambio de pisos, cielorrasos e impermeabilizaciones y todas las instalaciones.<\/p>\n<p>Olavarr\u00eda cuenta con 12 Jardines Maternales Municipales (Rayito de Sol, Mi Casita, Papa Francisco, Arco Iris, El Hornerito, Los Ni\u00f1os Primero, Piruetas, Lucerito, Principito, Rinc\u00f3n Feliz, Gotitas de Roc\u00edo y Colores), que tienen como misi\u00f3n fortalecer el v\u00ednculo integral de los ni\u00f1os y las ni\u00f1as con su familia, desde el amor, cuidado y acompa\u00f1amiento, a partir de los 45 d\u00edas hasta los 3 a\u00f1os de edad.<\/p>\n<p>Los Jardines Maternales Municipales se encuentran bajo la \u00f3rbita de la Subsecretar\u00eda de Desarrollo Social, dependiente de la Secretar\u00eda de Desarrollo Humano y Calidad de Vida de la Municipalidad del Partido de Olavarr\u00eda. Constituyen para los ni\u00f1os la primera experiencia de socializaci\u00f3n fuera del n\u00facleo familiar.<\/p>\n<p>(Foto Ilustrativa)<\/p>\n<p>&nbsp;<\/p>\n","protected":false},"excerpt":{"rendered":"<p>El Municipio invertir\u00e1 m\u00e1s de 25 millones de pesos en la terminaci\u00f3n de la sede&#8230;<\/p>\n","protected":false},"author":1,"featured_media":173960,"comment_status":"closed","ping_status":"closed","sticky":false,"template":"","format":"standard","meta":{"content-type":""},"categories":[27,51],"tags":[],"nelio_content":{"isAutoShareEnabled":false,"autoShareEndMode":"default","automationSources":{"useContentSentences":true,"useSocialTemplates":true,"useCustomSentences":false,"customSentences":[]},"followers":[1],"suggestedReferences":[],"includedReferences":[],"efiUrl":"","efiAlt":"","highlights":[]},"yoast_head":"<!-- This site is optimized with the Yoast SEO plugin v20.7 - https:\/\/yoast.com\/wordpress\/plugins\/seo\/ -->\n<title>El Municipio invertir\u00e1 m\u00e1s de 25 millones de pesos<\/title>\n<meta name=\"description\" content=\"El Municipio invertir\u00e1 m\u00e1s de 25 millones de pesos en la terminaci\u00f3n de la sede para el Jard\u00edn Maternal \u201cPrincipito\u201d, el 14 de septiembre\" \/>\n<meta name=\"robots\" content=\"index, follow, max-snippet:-1, max-image-preview:large, max-video-preview:-1\" \/>\n<link rel=\"canonical\" href=\"https:\/\/experienciadevida.com.ar\/portalurbano\/el-municipio-invertira-mas-de-25-millones-de-pesos-en-la-terminacion-de-la-sede-para-el-jardin-maternal-principito\/\" \/>\n<meta property=\"og:locale\" content=\"es_ES\" \/>\n<meta property=\"og:type\" content=\"article\" \/>\n<meta property=\"og:title\" content=\"El Municipio invertir\u00e1 m\u00e1s de 25 millones de pesos\" \/>\n<meta property=\"og:description\" content=\"El Municipio invertir\u00e1 m\u00e1s de 25 millones de pesos en la terminaci\u00f3n de la sede para el Jard\u00edn Maternal \u201cPrincipito\u201d, el 14 de septiembre\" \/>\n<meta property=\"og:url\" content=\"https:\/\/experienciadevida.com.ar\/portalurbano\/el-municipio-invertira-mas-de-25-millones-de-pesos-en-la-terminacion-de-la-sede-para-el-jardin-maternal-principito\/\" \/>\n<meta property=\"article:publisher\" content=\"https:\/\/www.facebook.com\/Portal-Urbano-171542830093757\/\" \/>\n<meta property=\"article:published_time\" content=\"2022-08-23T21:14:17+00:00\" \/>\n<meta property=\"article:modified_time\" content=\"2022-08-23T21:25:24+00:00\" \/>\n<meta property=\"og:image\" content=\"https:\/\/experienciadevida.com.ar\/portalurbano\/wp-content\/uploads\/2022\/08\/El-Municipio-invertira-mas.jpg\" \/>\n\t<meta property=\"og:image:width\" content=\"1024\" \/>\n\t<meta property=\"og:image:height\" content=\"683\" \/>\n\t<meta property=\"og:image:type\" content=\"image\/jpeg\" \/>\n<meta name=\"author\" content=\"admpu17wp\" \/>\n<meta name=\"twitter:card\" content=\"summary_large_image\" \/>\n<meta name=\"twitter:creator\" content=\"@portalurbanook\" \/>\n<meta name=\"twitter:site\" content=\"@portalurbanook\" \/>\n<meta name=\"twitter:label1\" content=\"Escrito por\" \/>\n\t<meta name=\"twitter:data1\" content=\"admpu17wp\" \/>\n\t<meta name=\"twitter:label2\" content=\"Tiempo de lectura\" \/>\n\t<meta name=\"twitter:data2\" content=\"2 minutos\" \/>\n<script type=\"application\/ld+json\" class=\"yoast-schema-graph\">{\"@context\":\"https:\/\/schema.org\",\"@graph\":[{\"@type\":\"Article\",\"@id\":\"https:\/\/experienciadevida.com.ar\/portalurbano\/el-municipio-invertira-mas-de-25-millones-de-pesos-en-la-terminacion-de-la-sede-para-el-jardin-maternal-principito\/#article\",\"isPartOf\":{\"@id\":\"https:\/\/experienciadevida.com.ar\/portalurbano\/el-municipio-invertira-mas-de-25-millones-de-pesos-en-la-terminacion-de-la-sede-para-el-jardin-maternal-principito\/\"},\"author\":{\"name\":\"admpu17wp\",\"@id\":\"https:\/\/experienciadevida.com.ar\/portalurbano\/#\/schema\/person\/02dd326b1c4b056e9cc972486934a3a7\"},\"headline\":\"El Municipio invertir\u00e1 m\u00e1s de 25 millones de pesos en la terminaci\u00f3n de la sede para el Jard\u00edn Maternal \u201cPrincipito\u201d\",\"datePublished\":\"2022-08-23T21:14:17+00:00\",\"dateModified\":\"2022-08-23T21:25:24+00:00\",\"mainEntityOfPage\":{\"@id\":\"https:\/\/experienciadevida.com.ar\/portalurbano\/el-municipio-invertira-mas-de-25-millones-de-pesos-en-la-terminacion-de-la-sede-para-el-jardin-maternal-principito\/\"},\"wordCount\":364,\"publisher\":{\"@id\":\"https:\/\/experienciadevida.com.ar\/portalurbano\/#organization\"},\"articleSection\":[\"Ciudad\",\"Destacadas\"],\"inLanguage\":\"es\"},{\"@type\":\"WebPage\",\"@id\":\"https:\/\/experienciadevida.com.ar\/portalurbano\/el-municipio-invertira-mas-de-25-millones-de-pesos-en-la-terminacion-de-la-sede-para-el-jardin-maternal-principito\/\",\"url\":\"https:\/\/experienciadevida.com.ar\/portalurbano\/el-municipio-invertira-mas-de-25-millones-de-pesos-en-la-terminacion-de-la-sede-para-el-jardin-maternal-principito\/\",\"name\":\"El Municipio invertir\u00e1 m\u00e1s de 25 millones de pesos\",\"isPartOf\":{\"@id\":\"https:\/\/experienciadevida.com.ar\/portalurbano\/#website\"},\"datePublished\":\"2022-08-23T21:14:17+00:00\",\"dateModified\":\"2022-08-23T21:25:24+00:00\",\"description\":\"El Municipio invertir\u00e1 m\u00e1s de 25 millones de pesos en la terminaci\u00f3n de la sede para el Jard\u00edn Maternal \u201cPrincipito\u201d, el 14 de septiembre\",\"breadcrumb\":{\"@id\":\"https:\/\/experienciadevida.com.ar\/portalurbano\/el-municipio-invertira-mas-de-25-millones-de-pesos-en-la-terminacion-de-la-sede-para-el-jardin-maternal-principito\/#breadcrumb\"},\"inLanguage\":\"es\",\"potentialAction\":[{\"@type\":\"ReadAction\",\"target\":[\"https:\/\/experienciadevida.com.ar\/portalurbano\/el-municipio-invertira-mas-de-25-millones-de-pesos-en-la-terminacion-de-la-sede-para-el-jardin-maternal-principito\/\"]}]},{\"@type\":\"BreadcrumbList\",\"@id\":\"https:\/\/experienciadevida.com.ar\/portalurbano\/el-municipio-invertira-mas-de-25-millones-de-pesos-en-la-terminacion-de-la-sede-para-el-jardin-maternal-principito\/#breadcrumb\",\"itemListElement\":[{\"@type\":\"ListItem\",\"position\":1,\"name\":\"Portada\",\"item\":\"https:\/\/experienciadevida.com.ar\/portalurbano\/\"},{\"@type\":\"ListItem\",\"position\":2,\"name\":\"El Municipio invertir\u00e1 m\u00e1s de 25 millones de pesos en la terminaci\u00f3n de la sede para el Jard\u00edn Maternal \u201cPrincipito\u201d\"}]},{\"@type\":\"WebSite\",\"@id\":\"https:\/\/experienciadevida.com.ar\/portalurbano\/#website\",\"url\":\"https:\/\/experienciadevida.com.ar\/portalurbano\/\",\"name\":\"\",\"description\":\"\",\"publisher\":{\"@id\":\"https:\/\/experienciadevida.com.ar\/portalurbano\/#organization\"},\"potentialAction\":[{\"@type\":\"SearchAction\",\"target\":{\"@type\":\"EntryPoint\",\"urlTemplate\":\"https:\/\/experienciadevida.com.ar\/portalurbano\/?s={search_term_string}\"},\"query-input\":\"required name=search_term_string\"}],\"inLanguage\":\"es\"},{\"@type\":\"Organization\",\"@id\":\"https:\/\/experienciadevida.com.ar\/portalurbano\/#organization\",\"name\":\"Portal Urbano\",\"url\":\"https:\/\/experienciadevida.com.ar\/portalurbano\/\",\"logo\":{\"@type\":\"ImageObject\",\"inLanguage\":\"es\",\"@id\":\"https:\/\/experienciadevida.com.ar\/portalurbano\/#\/schema\/logo\/image\/\",\"url\":\"https:\/\/experienciadevida.com.ar\/portalurbano\/wp-content\/uploads\/2019\/09\/Logo-Original.png\",\"contentUrl\":\"https:\/\/experienciadevida.com.ar\/portalurbano\/wp-content\/uploads\/2019\/09\/Logo-Original.png\",\"width\":2236,\"height\":1216,\"caption\":\"Portal Urbano\"},\"image\":{\"@id\":\"https:\/\/experienciadevida.com.ar\/portalurbano\/#\/schema\/logo\/image\/\"},\"sameAs\":[\"https:\/\/www.facebook.com\/Portal-Urbano-171542830093757\/\",\"https:\/\/twitter.com\/portalurbanook\",\"https:\/\/www.instagram.com\/_portalurbano\/\",\"https:\/\/www.youtube.com\/channel\/UCXhagIfszH8KxFiOok79zbA?view_as=subscriber\"]},{\"@type\":\"Person\",\"@id\":\"https:\/\/experienciadevida.com.ar\/portalurbano\/#\/schema\/person\/02dd326b1c4b056e9cc972486934a3a7\",\"name\":\"admpu17wp\",\"image\":{\"@type\":\"ImageObject\",\"inLanguage\":\"es\",\"@id\":\"https:\/\/experienciadevida.com.ar\/portalurbano\/#\/schema\/person\/image\/\",\"url\":\"https:\/\/secure.gravatar.com\/avatar\/830d4c57adaae6630765e449a6908047?s=96&d=mm&r=g\",\"contentUrl\":\"https:\/\/secure.gravatar.com\/avatar\/830d4c57adaae6630765e449a6908047?s=96&d=mm&r=g\",\"caption\":\"admpu17wp\"}}]}<\/script>\n<!-- \/ Yoast SEO plugin. -->","yoast_head_json":{"title":"El Municipio invertir\u00e1 m\u00e1s de 25 millones de pesos","description":"El Municipio invertir\u00e1 m\u00e1s de 25 millones de pesos en la terminaci\u00f3n de la sede para el Jard\u00edn Maternal \u201cPrincipito\u201d, el 14 de septiembre","robots":{"index":"index","follow":"follow","max-snippet":"max-snippet:-1","max-image-preview":"max-image-preview:large","max-video-preview":"max-video-preview:-1"},"canonical":"https:\/\/experienciadevida.com.ar\/portalurbano\/el-municipio-invertira-mas-de-25-millones-de-pesos-en-la-terminacion-de-la-sede-para-el-jardin-maternal-principito\/","og_locale":"es_ES","og_type":"article","og_title":"El Municipio invertir\u00e1 m\u00e1s de 25 millones de pesos","og_description":"El Municipio invertir\u00e1 m\u00e1s de 25 millones de pesos en la terminaci\u00f3n de la sede para el Jard\u00edn Maternal \u201cPrincipito\u201d, el 14 de septiembre","og_url":"https:\/\/experienciadevida.com.ar\/portalurbano\/el-municipio-invertira-mas-de-25-millones-de-pesos-en-la-terminacion-de-la-sede-para-el-jardin-maternal-principito\/","article_publisher":"https:\/\/www.facebook.com\/Portal-Urbano-171542830093757\/","article_published_time":"2022-08-23T21:14:17+00:00","article_modified_time":"2022-08-23T21:25:24+00:00","og_image":[{"width":1024,"height":683,"url":"https:\/\/experienciadevida.com.ar\/portalurbano\/wp-content\/uploads\/2022\/08\/El-Municipio-invertira-mas.jpg","type":"image\/jpeg"}],"author":"admpu17wp","twitter_card":"summary_large_image","twitter_creator":"@portalurbanook","twitter_site":"@portalurbanook","twitter_misc":{"Escrito por":"admpu17wp","Tiempo de lectura":"2 minutos"},"schema":{"@context":"https:\/\/schema.org","@graph":[{"@type":"Article","@id":"https:\/\/experienciadevida.com.ar\/portalurbano\/el-municipio-invertira-mas-de-25-millones-de-pesos-en-la-terminacion-de-la-sede-para-el-jardin-maternal-principito\/#article","isPartOf":{"@id":"https:\/\/experienciadevida.com.ar\/portalurbano\/el-municipio-invertira-mas-de-25-millones-de-pesos-en-la-terminacion-de-la-sede-para-el-jardin-maternal-principito\/"},"author":{"name":"admpu17wp","@id":"https:\/\/experienciadevida.com.ar\/portalurbano\/#\/schema\/person\/02dd326b1c4b056e9cc972486934a3a7"},"headline":"El Municipio invertir\u00e1 m\u00e1s de 25 millones de pesos en la terminaci\u00f3n de la sede para el Jard\u00edn Maternal \u201cPrincipito\u201d","datePublished":"2022-08-23T21:14:17+00:00","dateModified":"2022-08-23T21:25:24+00:00","mainEntityOfPage":{"@id":"https:\/\/experienciadevida.com.ar\/portalurbano\/el-municipio-invertira-mas-de-25-millones-de-pesos-en-la-terminacion-de-la-sede-para-el-jardin-maternal-principito\/"},"wordCount":364,"publisher":{"@id":"https:\/\/experienciadevida.com.ar\/portalurbano\/#organization"},"articleSection":["Ciudad","Destacadas"],"inLanguage":"es"},{"@type":"WebPage","@id":"https:\/\/experienciadevida.com.ar\/portalurbano\/el-municipio-invertira-mas-de-25-millones-de-pesos-en-la-terminacion-de-la-sede-para-el-jardin-maternal-principito\/","url":"https:\/\/experienciadevida.com.ar\/portalurbano\/el-municipio-invertira-mas-de-25-millones-de-pesos-en-la-terminacion-de-la-sede-para-el-jardin-maternal-principito\/","name":"El Municipio invertir\u00e1 m\u00e1s de 25 millones de pesos","isPartOf":{"@id":"https:\/\/experienciadevida.com.ar\/portalurbano\/#website"},"datePublished":"2022-08-23T21:14:17+00:00","dateModified":"2022-08-23T21:25:24+00:00","description":"El Municipio invertir\u00e1 m\u00e1s de 25 millones de pesos en la terminaci\u00f3n de la sede para el Jard\u00edn Maternal \u201cPrincipito\u201d, el 14 de septiembre","breadcrumb":{"@id":"https:\/\/experienciadevida.com.ar\/portalurbano\/el-municipio-invertira-mas-de-25-millones-de-pesos-en-la-terminacion-de-la-sede-para-el-jardin-maternal-principito\/#breadcrumb"},"inLanguage":"es","potentialAction":[{"@type":"ReadAction","target":["https:\/\/experienciadevida.com.ar\/portalurbano\/el-municipio-invertira-mas-de-25-millones-de-pesos-en-la-terminacion-de-la-sede-para-el-jardin-maternal-principito\/"]}]},{"@type":"BreadcrumbList","@id":"https:\/\/experienciadevida.com.ar\/portalurbano\/el-municipio-invertira-mas-de-25-millones-de-pesos-en-la-terminacion-de-la-sede-para-el-jardin-maternal-principito\/#breadcrumb","itemListElement":[{"@type":"ListItem","position":1,"name":"Portada","item":"https:\/\/experienciadevida.com.ar\/portalurbano\/"},{"@type":"ListItem","position":2,"name":"El Municipio invertir\u00e1 m\u00e1s de 25 millones de pesos en la terminaci\u00f3n de la sede para el Jard\u00edn Maternal \u201cPrincipito\u201d"}]},{"@type":"WebSite","@id":"https:\/\/experienciadevida.com.ar\/portalurbano\/#website","url":"https:\/\/experienciadevida.com.ar\/portalurbano\/","name":"","description":"","publisher":{"@id":"https:\/\/experienciadevida.com.ar\/portalurbano\/#organization"},"potentialAction":[{"@type":"SearchAction","target":{"@type":"EntryPoint","urlTemplate":"https:\/\/experienciadevida.com.ar\/portalurbano\/?s={search_term_string}"},"query-input":"required name=search_term_string"}],"inLanguage":"es"},{"@type":"Organization","@id":"https:\/\/experienciadevida.com.ar\/portalurbano\/#organization","name":"Portal Urbano","url":"https:\/\/experienciadevida.com.ar\/portalurbano\/","logo":{"@type":"ImageObject","inLanguage":"es","@id":"https:\/\/experienciadevida.com.ar\/portalurbano\/#\/schema\/logo\/image\/","url":"https:\/\/experienciadevida.com.ar\/portalurbano\/wp-content\/uploads\/2019\/09\/Logo-Original.png","contentUrl":"https:\/\/experienciadevida.com.ar\/portalurbano\/wp-content\/uploads\/2019\/09\/Logo-Original.png","width":2236,"height":1216,"caption":"Portal Urbano"},"image":{"@id":"https:\/\/experienciadevida.com.ar\/portalurbano\/#\/schema\/logo\/image\/"},"sameAs":["https:\/\/www.facebook.com\/Portal-Urbano-171542830093757\/","https:\/\/twitter.com\/portalurbanook","https:\/\/www.instagram.com\/_portalurbano\/","https:\/\/www.youtube.com\/channel\/UCXhagIfszH8KxFiOok79zbA?view_as=subscriber"]},{"@type":"Person","@id":"https:\/\/experienciadevida.com.ar\/portalurbano\/#\/schema\/person\/02dd326b1c4b056e9cc972486934a3a7","name":"admpu17wp","image":{"@type":"ImageObject","inLanguage":"es","@id":"https:\/\/experienciadevida.com.ar\/portalurbano\/#\/schema\/person\/image\/","url":"https:\/\/secure.gravatar.com\/avatar\/830d4c57adaae6630765e449a6908047?s=96&d=mm&r=g","contentUrl":"https:\/\/secure.gravatar.com\/avatar\/830d4c57adaae6630765e449a6908047?s=96&d=mm&r=g","caption":"admpu17wp"}}]}},"featured_image_urls":{"full":["https:\/\/experienciadevida.com.ar\/portalurbano\/wp-content\/uploads\/2022\/08\/El-Municipio-invertira-mas.jpg",1024,683,false],"thumbnail":["https:\/\/experienciadevida.com.ar\/portalurbano\/wp-content\/uploads\/2022\/08\/El-Municipio-invertira-mas-150x150.jpg",150,150,true],"medium":["https:\/\/experienciadevida.com.ar\/portalurbano\/wp-content\/uploads\/2022\/08\/El-Municipio-invertira-mas-300x200.jpg",300,200,true],"medium_large":["https:\/\/experienciadevida.com.ar\/portalurbano\/wp-content\/uploads\/2022\/08\/El-Municipio-invertira-mas-768x512.jpg",640,427,true],"large":["https:\/\/experienciadevida.com.ar\/portalurbano\/wp-content\/uploads\/2022\/08\/El-Municipio-invertira-mas.jpg",640,427,false],"ug_big":["https:\/\/experienciadevida.com.ar\/portalurbano\/wp-content\/uploads\/2022\/08\/El-Municipio-invertira-mas-768x512.jpg",768,512,true],"1536x1536":["https:\/\/experienciadevida.com.ar\/portalurbano\/wp-content\/uploads\/2022\/08\/El-Municipio-invertira-mas.jpg",1024,683,false],"2048x2048":["https:\/\/experienciadevida.com.ar\/portalurbano\/wp-content\/uploads\/2022\/08\/El-Municipio-invertira-mas.jpg",1024,683,false],"newsever-slider-full":["https:\/\/experienciadevida.com.ar\/portalurbano\/wp-content\/uploads\/2022\/08\/El-Municipio-invertira-mas.jpg",1024,683,false],"newsever-featured":["https:\/\/experienciadevida.com.ar\/portalurbano\/wp-content\/uploads\/2022\/08\/El-Municipio-invertira-mas.jpg",1024,683,false],"newsever-medium":["https:\/\/experienciadevida.com.ar\/portalurbano\/wp-content\/uploads\/2022\/08\/El-Municipio-invertira-mas.jpg",712,475,false],"web-stories-poster-portrait":["https:\/\/experienciadevida.com.ar\/portalurbano\/wp-content\/uploads\/2022\/08\/El-Municipio-invertira-mas-640x683.jpg",640,683,true],"web-stories-publisher-logo":["https:\/\/experienciadevida.com.ar\/portalurbano\/wp-content\/uploads\/2022\/08\/El-Municipio-invertira-mas-96x96.jpg",96,96,true],"web-stories-thumbnail":["https:\/\/experienciadevida.com.ar\/portalurbano\/wp-content\/uploads\/2022\/08\/El-Municipio-invertira-mas-150x100.jpg",150,100,true]},"author_info":{"display_name":"admpu17wp","author_link":"https:\/\/experienciadevida.com.ar\/portalurbano\/author\/admpu17wp\/"},"category_info":"<a href=\"https:\/\/experienciadevida.com.ar\/portalurbano\/category\/ciudad\/\" rel=\"category tag\">Ciudad<\/a> <a href=\"https:\/\/experienciadevida.com.ar\/portalurbano\/category\/destacadas\/\" rel=\"category tag\">Destacadas<\/a>","tag_info":"Destacadas","comment_count":"0","amp_enabled":true,"_links":{"self":[{"href":"https:\/\/experienciadevida.com.ar\/portalurbano\/wp-json\/wp\/v2\/posts\/173959"}],"collection":[{"href":"https:\/\/experienciadevida.com.ar\/portalurbano\/wp-json\/wp\/v2\/posts"}],"about":[{"href":"https:\/\/experienciadevida.com.ar\/portalurbano\/wp-json\/wp\/v2\/types\/post"}],"author":[{"embeddable":true,"href":"https:\/\/experienciadevida.com.ar\/portalurbano\/wp-json\/wp\/v2\/users\/1"}],"replies":[{"embeddable":true,"href":"https:\/\/experienciadevida.com.ar\/portalurbano\/wp-json\/wp\/v2\/comments?post=173959"}],"version-history":[{"count":2,"href":"https:\/\/experienciadevida.com.ar\/portalurbano\/wp-json\/wp\/v2\/posts\/173959\/revisions"}],"predecessor-version":[{"id":173962,"href":"https:\/\/experienciadevida.com.ar\/portalurbano\/wp-json\/wp\/v2\/posts\/173959\/revisions\/173962"}],"wp:featuredmedia":[{"embeddable":true,"href":"https:\/\/experienciadevida.com.ar\/portalurbano\/wp-json\/wp\/v2\/media\/173960"}],"wp:attachment":[{"href":"https:\/\/experienciadevida.com.ar\/portalurbano\/wp-json\/wp\/v2\/media?parent=173959"}],"wp:term":[{"taxonomy":"category","embeddable":true,"href":"https:\/\/experienciadevida.com.ar\/portalurbano\/wp-json\/wp\/v2\/categories?post=173959"},{"taxonomy":"post_tag","embeddable":true,"href":"https:\/\/experienciadevida.com.ar\/portalurbano\/wp-json\/wp\/v2\/tags?post=173959"}],"curies":[{"name":"wp","href":"https:\/\/api.w.org\/{rel}","templated":true}]}}