{"id":173951,"date":"2022-08-23T15:18:29","date_gmt":"2022-08-23T18:18:29","guid":{"rendered":"https:\/\/experienciadevida.com.ar\/portalurbano\/?p=173951"},"modified":"2022-08-23T15:18:53","modified_gmt":"2022-08-23T18:18:53","slug":"internos-de-la-unidad-38-participaron-de-proyecto-solidario","status":"publish","type":"post","link":"https:\/\/experienciadevida.com.ar\/portalurbano\/internos-de-la-unidad-38-participaron-de-proyecto-solidario\/","title":{"rendered":"Internos de la Unidad 38 participaron de Proyecto Solidario"},"content":{"rendered":"<p>Internos de la Unidad 38 participaron de Proyecto Solidario, a partir de un proyecto llevado adelante por el Centro de Formaci\u00f3n Profesional N\u00b0 402 en la Unidad Penitenciaria N\u00ba 38 de Sierra Chica, los alumnos de los Talleres de Cester\u00eda y Electr\u00f3nica confeccionaron material did\u00e1ctico para el Centro Educativo Complementario N\u00b0 801 \u201cEl Provincial\u201d.<\/p>\n<p><a href=\"https:\/\/experienciadevida.com.ar\/portalurbano\/internos-de-la-unidad-38-participaron-de-proyecto-solidario\/internos\/\" rel=\"attachment wp-att-173953\"><img decoding=\"async\" class=\"alignnone size-large wp-image-173953\" src=\"https:\/\/experienciadevida.com.ar\/portalurbano\/wp-content\/uploads\/2022\/08\/Internos-1024x485.jpg\" alt=\"Internos \" width=\"900\" height=\"426\" srcset=\"https:\/\/experienciadevida.com.ar\/portalurbano\/wp-content\/uploads\/2022\/08\/Internos-1024x485.jpg 1024w, https:\/\/experienciadevida.com.ar\/portalurbano\/wp-content\/uploads\/2022\/08\/Internos-300x142.jpg 300w, https:\/\/experienciadevida.com.ar\/portalurbano\/wp-content\/uploads\/2022\/08\/Internos-768x364.jpg 768w, https:\/\/experienciadevida.com.ar\/portalurbano\/wp-content\/uploads\/2022\/08\/Internos-150x71.jpg 150w, https:\/\/experienciadevida.com.ar\/portalurbano\/wp-content\/uploads\/2022\/08\/Internos.jpg 1032w\" sizes=\"(max-width: 900px) 100vw, 900px\" \/><\/a><\/p>\n<p>Realizaron canastos para juguetes en el taller a cargo de la instructora Alicia Fr\u00edas y juegos tipo \u201cconector\u201d dise\u00f1ados y confeccionados en el taller de \u201cReparador Electr\u00f3nico de audio y Receptor de radio\u201d a cargo de Pablo Cunnioli.<\/p>\n<p>Mar\u00eda Eugenia P\u00e9rez, directora interina del Centro de Formaci\u00f3n Profesional N\u00b0 402 destac\u00f3 que \u201cel prop\u00f3sito del proyecto es promover y estimular el trabajo en equipo con fines solidarios que impulsen a los alumnos a realizar tareas tendientes a la valoraci\u00f3n y la visualizaci\u00f3n de su trabajo en la sociedad\u201d.<\/p>\n<p>Emanuel Tosoratti, oficial de la Unidad 38 y Coordinador de los talleres de Formaci\u00f3n Formales y No Formales destac\u00f3 que \u201cdesde nuestro espacio acompa\u00f1amos las diferentes propuestas que busquen involucrar a los<br \/>\ndiferentes actores con un compromiso social\u201d.<\/p>\n<p>Desde ambos talleres buscaron generar propuestas que se relacionaran unas con otras, encontrando un objetivo com\u00fan que fue trabajar con material reciclado, fibras naturales y elementos respetuosos del medio ambiente.<\/p>\n<p>Fuente y Fotos: Servicio Penitenciario Bonaerense<\/p>\n","protected":false},"excerpt":{"rendered":"<p>Internos de la Unidad 38 participaron de Proyecto Solidario, a partir de un proyecto llevado&#8230;<\/p>\n","protected":false},"author":1,"featured_media":173952,"comment_status":"closed","ping_status":"closed","sticky":false,"template":"","format":"standard","meta":{"content-type":""},"categories":[27],"tags":[],"nelio_content":{"isAutoShareEnabled":false,"autoShareEndMode":"default","automationSources":{"useContentSentences":true,"useSocialTemplates":true,"useCustomSentences":false,"customSentences":[]},"followers":[1],"suggestedReferences":[],"includedReferences":[],"efiUrl":"","efiAlt":"","highlights":[]},"yoast_head":"<!-- This site is optimized with the Yoast SEO plugin v20.7 - https:\/\/yoast.com\/wordpress\/plugins\/seo\/ -->\n<title>Internos de la Unidad 38 participaron de proyecto solidario<\/title>\n<meta name=\"description\" content=\"Internos de la Unidad 38 participaron de Proyecto Solidario, a partir de un proyecto llevado adelante por el Centro de Formaci\u00f3n\" \/>\n<meta name=\"robots\" content=\"index, follow, max-snippet:-1, max-image-preview:large, max-video-preview:-1\" \/>\n<link rel=\"canonical\" href=\"https:\/\/experienciadevida.com.ar\/portalurbano\/internos-de-la-unidad-38-participaron-de-proyecto-solidario\/\" \/>\n<meta property=\"og:locale\" content=\"es_ES\" \/>\n<meta property=\"og:type\" content=\"article\" \/>\n<meta property=\"og:title\" content=\"Internos de la Unidad 38 participaron de proyecto solidario\" \/>\n<meta property=\"og:description\" content=\"Internos de la Unidad 38 participaron de Proyecto Solidario, a partir de un proyecto llevado adelante por el Centro de Formaci\u00f3n\" \/>\n<meta property=\"og:url\" content=\"https:\/\/experienciadevida.com.ar\/portalurbano\/internos-de-la-unidad-38-participaron-de-proyecto-solidario\/\" \/>\n<meta property=\"article:publisher\" content=\"https:\/\/www.facebook.com\/Portal-Urbano-171542830093757\/\" \/>\n<meta property=\"article:published_time\" content=\"2022-08-23T18:18:29+00:00\" \/>\n<meta property=\"article:modified_time\" content=\"2022-08-23T18:18:53+00:00\" \/>\n<meta property=\"og:image\" content=\"https:\/\/experienciadevida.com.ar\/portalurbano\/wp-content\/uploads\/2022\/08\/Internos-de-la-Unidad.jpg\" \/>\n\t<meta property=\"og:image:width\" content=\"1032\" \/>\n\t<meta property=\"og:image:height\" content=\"489\" \/>\n\t<meta property=\"og:image:type\" content=\"image\/jpeg\" \/>\n<meta name=\"author\" content=\"admpu17wp\" \/>\n<meta name=\"twitter:card\" content=\"summary_large_image\" \/>\n<meta name=\"twitter:creator\" content=\"@portalurbanook\" \/>\n<meta name=\"twitter:site\" content=\"@portalurbanook\" \/>\n<meta name=\"twitter:label1\" content=\"Escrito por\" \/>\n\t<meta name=\"twitter:data1\" content=\"admpu17wp\" \/>\n\t<meta name=\"twitter:label2\" content=\"Tiempo de lectura\" \/>\n\t<meta name=\"twitter:data2\" content=\"2 minutos\" \/>\n<script type=\"application\/ld+json\" class=\"yoast-schema-graph\">{\"@context\":\"https:\/\/schema.org\",\"@graph\":[{\"@type\":\"Article\",\"@id\":\"https:\/\/experienciadevida.com.ar\/portalurbano\/internos-de-la-unidad-38-participaron-de-proyecto-solidario\/#article\",\"isPartOf\":{\"@id\":\"https:\/\/experienciadevida.com.ar\/portalurbano\/internos-de-la-unidad-38-participaron-de-proyecto-solidario\/\"},\"author\":{\"name\":\"admpu17wp\",\"@id\":\"https:\/\/experienciadevida.com.ar\/portalurbano\/#\/schema\/person\/02dd326b1c4b056e9cc972486934a3a7\"},\"headline\":\"Internos de la Unidad 38 participaron de Proyecto Solidario\",\"datePublished\":\"2022-08-23T18:18:29+00:00\",\"dateModified\":\"2022-08-23T18:18:53+00:00\",\"mainEntityOfPage\":{\"@id\":\"https:\/\/experienciadevida.com.ar\/portalurbano\/internos-de-la-unidad-38-participaron-de-proyecto-solidario\/\"},\"wordCount\":234,\"publisher\":{\"@id\":\"https:\/\/experienciadevida.com.ar\/portalurbano\/#organization\"},\"articleSection\":[\"Ciudad\"],\"inLanguage\":\"es\"},{\"@type\":\"WebPage\",\"@id\":\"https:\/\/experienciadevida.com.ar\/portalurbano\/internos-de-la-unidad-38-participaron-de-proyecto-solidario\/\",\"url\":\"https:\/\/experienciadevida.com.ar\/portalurbano\/internos-de-la-unidad-38-participaron-de-proyecto-solidario\/\",\"name\":\"Internos de la Unidad 38 participaron de proyecto solidario\",\"isPartOf\":{\"@id\":\"https:\/\/experienciadevida.com.ar\/portalurbano\/#website\"},\"datePublished\":\"2022-08-23T18:18:29+00:00\",\"dateModified\":\"2022-08-23T18:18:53+00:00\",\"description\":\"Internos de la Unidad 38 participaron de Proyecto Solidario, a partir de un proyecto llevado adelante por el Centro de Formaci\u00f3n\",\"breadcrumb\":{\"@id\":\"https:\/\/experienciadevida.com.ar\/portalurbano\/internos-de-la-unidad-38-participaron-de-proyecto-solidario\/#breadcrumb\"},\"inLanguage\":\"es\",\"potentialAction\":[{\"@type\":\"ReadAction\",\"target\":[\"https:\/\/experienciadevida.com.ar\/portalurbano\/internos-de-la-unidad-38-participaron-de-proyecto-solidario\/\"]}]},{\"@type\":\"BreadcrumbList\",\"@id\":\"https:\/\/experienciadevida.com.ar\/portalurbano\/internos-de-la-unidad-38-participaron-de-proyecto-solidario\/#breadcrumb\",\"itemListElement\":[{\"@type\":\"ListItem\",\"position\":1,\"name\":\"Portada\",\"item\":\"https:\/\/experienciadevida.com.ar\/portalurbano\/\"},{\"@type\":\"ListItem\",\"position\":2,\"name\":\"Internos de la Unidad 38 participaron de Proyecto Solidario\"}]},{\"@type\":\"WebSite\",\"@id\":\"https:\/\/experienciadevida.com.ar\/portalurbano\/#website\",\"url\":\"https:\/\/experienciadevida.com.ar\/portalurbano\/\",\"name\":\"\",\"description\":\"\",\"publisher\":{\"@id\":\"https:\/\/experienciadevida.com.ar\/portalurbano\/#organization\"},\"potentialAction\":[{\"@type\":\"SearchAction\",\"target\":{\"@type\":\"EntryPoint\",\"urlTemplate\":\"https:\/\/experienciadevida.com.ar\/portalurbano\/?s={search_term_string}\"},\"query-input\":\"required name=search_term_string\"}],\"inLanguage\":\"es\"},{\"@type\":\"Organization\",\"@id\":\"https:\/\/experienciadevida.com.ar\/portalurbano\/#organization\",\"name\":\"Portal Urbano\",\"url\":\"https:\/\/experienciadevida.com.ar\/portalurbano\/\",\"logo\":{\"@type\":\"ImageObject\",\"inLanguage\":\"es\",\"@id\":\"https:\/\/experienciadevida.com.ar\/portalurbano\/#\/schema\/logo\/image\/\",\"url\":\"https:\/\/experienciadevida.com.ar\/portalurbano\/wp-content\/uploads\/2019\/09\/Logo-Original.png\",\"contentUrl\":\"https:\/\/experienciadevida.com.ar\/portalurbano\/wp-content\/uploads\/2019\/09\/Logo-Original.png\",\"width\":2236,\"height\":1216,\"caption\":\"Portal Urbano\"},\"image\":{\"@id\":\"https:\/\/experienciadevida.com.ar\/portalurbano\/#\/schema\/logo\/image\/\"},\"sameAs\":[\"https:\/\/www.facebook.com\/Portal-Urbano-171542830093757\/\",\"https:\/\/twitter.com\/portalurbanook\",\"https:\/\/www.instagram.com\/_portalurbano\/\",\"https:\/\/www.youtube.com\/channel\/UCXhagIfszH8KxFiOok79zbA?view_as=subscriber\"]},{\"@type\":\"Person\",\"@id\":\"https:\/\/experienciadevida.com.ar\/portalurbano\/#\/schema\/person\/02dd326b1c4b056e9cc972486934a3a7\",\"name\":\"admpu17wp\",\"image\":{\"@type\":\"ImageObject\",\"inLanguage\":\"es\",\"@id\":\"https:\/\/experienciadevida.com.ar\/portalurbano\/#\/schema\/person\/image\/\",\"url\":\"https:\/\/secure.gravatar.com\/avatar\/830d4c57adaae6630765e449a6908047?s=96&d=mm&r=g\",\"contentUrl\":\"https:\/\/secure.gravatar.com\/avatar\/830d4c57adaae6630765e449a6908047?s=96&d=mm&r=g\",\"caption\":\"admpu17wp\"}}]}<\/script>\n<!-- \/ Yoast SEO plugin. -->","yoast_head_json":{"title":"Internos de la Unidad 38 participaron de proyecto solidario","description":"Internos de la Unidad 38 participaron de Proyecto Solidario, a partir de un proyecto llevado adelante por el Centro de Formaci\u00f3n","robots":{"index":"index","follow":"follow","max-snippet":"max-snippet:-1","max-image-preview":"max-image-preview:large","max-video-preview":"max-video-preview:-1"},"canonical":"https:\/\/experienciadevida.com.ar\/portalurbano\/internos-de-la-unidad-38-participaron-de-proyecto-solidario\/","og_locale":"es_ES","og_type":"article","og_title":"Internos de la Unidad 38 participaron de proyecto solidario","og_description":"Internos de la Unidad 38 participaron de Proyecto Solidario, a partir de un proyecto llevado adelante por el Centro de Formaci\u00f3n","og_url":"https:\/\/experienciadevida.com.ar\/portalurbano\/internos-de-la-unidad-38-participaron-de-proyecto-solidario\/","article_publisher":"https:\/\/www.facebook.com\/Portal-Urbano-171542830093757\/","article_published_time":"2022-08-23T18:18:29+00:00","article_modified_time":"2022-08-23T18:18:53+00:00","og_image":[{"width":1032,"height":489,"url":"https:\/\/experienciadevida.com.ar\/portalurbano\/wp-content\/uploads\/2022\/08\/Internos-de-la-Unidad.jpg","type":"image\/jpeg"}],"author":"admpu17wp","twitter_card":"summary_large_image","twitter_creator":"@portalurbanook","twitter_site":"@portalurbanook","twitter_misc":{"Escrito por":"admpu17wp","Tiempo de lectura":"2 minutos"},"schema":{"@context":"https:\/\/schema.org","@graph":[{"@type":"Article","@id":"https:\/\/experienciadevida.com.ar\/portalurbano\/internos-de-la-unidad-38-participaron-de-proyecto-solidario\/#article","isPartOf":{"@id":"https:\/\/experienciadevida.com.ar\/portalurbano\/internos-de-la-unidad-38-participaron-de-proyecto-solidario\/"},"author":{"name":"admpu17wp","@id":"https:\/\/experienciadevida.com.ar\/portalurbano\/#\/schema\/person\/02dd326b1c4b056e9cc972486934a3a7"},"headline":"Internos de la Unidad 38 participaron de Proyecto Solidario","datePublished":"2022-08-23T18:18:29+00:00","dateModified":"2022-08-23T18:18:53+00:00","mainEntityOfPage":{"@id":"https:\/\/experienciadevida.com.ar\/portalurbano\/internos-de-la-unidad-38-participaron-de-proyecto-solidario\/"},"wordCount":234,"publisher":{"@id":"https:\/\/experienciadevida.com.ar\/portalurbano\/#organization"},"articleSection":["Ciudad"],"inLanguage":"es"},{"@type":"WebPage","@id":"https:\/\/experienciadevida.com.ar\/portalurbano\/internos-de-la-unidad-38-participaron-de-proyecto-solidario\/","url":"https:\/\/experienciadevida.com.ar\/portalurbano\/internos-de-la-unidad-38-participaron-de-proyecto-solidario\/","name":"Internos de la Unidad 38 participaron de proyecto solidario","isPartOf":{"@id":"https:\/\/experienciadevida.com.ar\/portalurbano\/#website"},"datePublished":"2022-08-23T18:18:29+00:00","dateModified":"2022-08-23T18:18:53+00:00","description":"Internos de la Unidad 38 participaron de Proyecto Solidario, a partir de un proyecto llevado adelante por el Centro de Formaci\u00f3n","breadcrumb":{"@id":"https:\/\/experienciadevida.com.ar\/portalurbano\/internos-de-la-unidad-38-participaron-de-proyecto-solidario\/#breadcrumb"},"inLanguage":"es","potentialAction":[{"@type":"ReadAction","target":["https:\/\/experienciadevida.com.ar\/portalurbano\/internos-de-la-unidad-38-participaron-de-proyecto-solidario\/"]}]},{"@type":"BreadcrumbList","@id":"https:\/\/experienciadevida.com.ar\/portalurbano\/internos-de-la-unidad-38-participaron-de-proyecto-solidario\/#breadcrumb","itemListElement":[{"@type":"ListItem","position":1,"name":"Portada","item":"https:\/\/experienciadevida.com.ar\/portalurbano\/"},{"@type":"ListItem","position":2,"name":"Internos de la Unidad 38 participaron de Proyecto Solidario"}]},{"@type":"WebSite","@id":"https:\/\/experienciadevida.com.ar\/portalurbano\/#website","url":"https:\/\/experienciadevida.com.ar\/portalurbano\/","name":"","description":"","publisher":{"@id":"https:\/\/experienciadevida.com.ar\/portalurbano\/#organization"},"potentialAction":[{"@type":"SearchAction","target":{"@type":"EntryPoint","urlTemplate":"https:\/\/experienciadevida.com.ar\/portalurbano\/?s={search_term_string}"},"query-input":"required name=search_term_string"}],"inLanguage":"es"},{"@type":"Organization","@id":"https:\/\/experienciadevida.com.ar\/portalurbano\/#organization","name":"Portal Urbano","url":"https:\/\/experienciadevida.com.ar\/portalurbano\/","logo":{"@type":"ImageObject","inLanguage":"es","@id":"https:\/\/experienciadevida.com.ar\/portalurbano\/#\/schema\/logo\/image\/","url":"https:\/\/experienciadevida.com.ar\/portalurbano\/wp-content\/uploads\/2019\/09\/Logo-Original.png","contentUrl":"https:\/\/experienciadevida.com.ar\/portalurbano\/wp-content\/uploads\/2019\/09\/Logo-Original.png","width":2236,"height":1216,"caption":"Portal Urbano"},"image":{"@id":"https:\/\/experienciadevida.com.ar\/portalurbano\/#\/schema\/logo\/image\/"},"sameAs":["https:\/\/www.facebook.com\/Portal-Urbano-171542830093757\/","https:\/\/twitter.com\/portalurbanook","https:\/\/www.instagram.com\/_portalurbano\/","https:\/\/www.youtube.com\/channel\/UCXhagIfszH8KxFiOok79zbA?view_as=subscriber"]},{"@type":"Person","@id":"https:\/\/experienciadevida.com.ar\/portalurbano\/#\/schema\/person\/02dd326b1c4b056e9cc972486934a3a7","name":"admpu17wp","image":{"@type":"ImageObject","inLanguage":"es","@id":"https:\/\/experienciadevida.com.ar\/portalurbano\/#\/schema\/person\/image\/","url":"https:\/\/secure.gravatar.com\/avatar\/830d4c57adaae6630765e449a6908047?s=96&d=mm&r=g","contentUrl":"https:\/\/secure.gravatar.com\/avatar\/830d4c57adaae6630765e449a6908047?s=96&d=mm&r=g","caption":"admpu17wp"}}]}},"featured_image_urls":{"full":["https:\/\/experienciadevida.com.ar\/portalurbano\/wp-content\/uploads\/2022\/08\/Internos-de-la-Unidad.jpg",1032,489,false],"thumbnail":["https:\/\/experienciadevida.com.ar\/portalurbano\/wp-content\/uploads\/2022\/08\/Internos-de-la-Unidad-150x150.jpg",150,150,true],"medium":["https:\/\/experienciadevida.com.ar\/portalurbano\/wp-content\/uploads\/2022\/08\/Internos-de-la-Unidad-300x142.jpg",300,142,true],"medium_large":["https:\/\/experienciadevida.com.ar\/portalurbano\/wp-content\/uploads\/2022\/08\/Internos-de-la-Unidad-768x364.jpg",640,303,true],"large":["https:\/\/experienciadevida.com.ar\/portalurbano\/wp-content\/uploads\/2022\/08\/Internos-de-la-Unidad-1024x485.jpg",640,303,true],"ug_big":["https:\/\/experienciadevida.com.ar\/portalurbano\/wp-content\/uploads\/2022\/08\/Internos-de-la-Unidad-768x364.jpg",768,364,true],"1536x1536":["https:\/\/experienciadevida.com.ar\/portalurbano\/wp-content\/uploads\/2022\/08\/Internos-de-la-Unidad.jpg",1032,489,false],"2048x2048":["https:\/\/experienciadevida.com.ar\/portalurbano\/wp-content\/uploads\/2022\/08\/Internos-de-la-Unidad.jpg",1032,489,false],"newsever-slider-full":["https:\/\/experienciadevida.com.ar\/portalurbano\/wp-content\/uploads\/2022\/08\/Internos-de-la-Unidad.jpg",1032,489,false],"newsever-featured":["https:\/\/experienciadevida.com.ar\/portalurbano\/wp-content\/uploads\/2022\/08\/Internos-de-la-Unidad.jpg",1024,485,false],"newsever-medium":["https:\/\/experienciadevida.com.ar\/portalurbano\/wp-content\/uploads\/2022\/08\/Internos-de-la-Unidad.jpg",720,341,false],"web-stories-poster-portrait":["https:\/\/experienciadevida.com.ar\/portalurbano\/wp-content\/uploads\/2022\/08\/Internos-de-la-Unidad-640x489.jpg",640,489,true],"web-stories-publisher-logo":["https:\/\/experienciadevida.com.ar\/portalurbano\/wp-content\/uploads\/2022\/08\/Internos-de-la-Unidad-96x96.jpg",96,96,true],"web-stories-thumbnail":["https:\/\/experienciadevida.com.ar\/portalurbano\/wp-content\/uploads\/2022\/08\/Internos-de-la-Unidad-150x71.jpg",150,71,true]},"author_info":{"display_name":"admpu17wp","author_link":"https:\/\/experienciadevida.com.ar\/portalurbano\/author\/admpu17wp\/"},"category_info":"<a href=\"https:\/\/experienciadevida.com.ar\/portalurbano\/category\/ciudad\/\" rel=\"category tag\">Ciudad<\/a>","tag_info":"Ciudad","comment_count":"0","amp_enabled":true,"_links":{"self":[{"href":"https:\/\/experienciadevida.com.ar\/portalurbano\/wp-json\/wp\/v2\/posts\/173951"}],"collection":[{"href":"https:\/\/experienciadevida.com.ar\/portalurbano\/wp-json\/wp\/v2\/posts"}],"about":[{"href":"https:\/\/experienciadevida.com.ar\/portalurbano\/wp-json\/wp\/v2\/types\/post"}],"author":[{"embeddable":true,"href":"https:\/\/experienciadevida.com.ar\/portalurbano\/wp-json\/wp\/v2\/users\/1"}],"replies":[{"embeddable":true,"href":"https:\/\/experienciadevida.com.ar\/portalurbano\/wp-json\/wp\/v2\/comments?post=173951"}],"version-history":[{"count":2,"href":"https:\/\/experienciadevida.com.ar\/portalurbano\/wp-json\/wp\/v2\/posts\/173951\/revisions"}],"predecessor-version":[{"id":173955,"href":"https:\/\/experienciadevida.com.ar\/portalurbano\/wp-json\/wp\/v2\/posts\/173951\/revisions\/173955"}],"wp:featuredmedia":[{"embeddable":true,"href":"https:\/\/experienciadevida.com.ar\/portalurbano\/wp-json\/wp\/v2\/media\/173952"}],"wp:attachment":[{"href":"https:\/\/experienciadevida.com.ar\/portalurbano\/wp-json\/wp\/v2\/media?parent=173951"}],"wp:term":[{"taxonomy":"category","embeddable":true,"href":"https:\/\/experienciadevida.com.ar\/portalurbano\/wp-json\/wp\/v2\/categories?post=173951"},{"taxonomy":"post_tag","embeddable":true,"href":"https:\/\/experienciadevida.com.ar\/portalurbano\/wp-json\/wp\/v2\/tags?post=173951"}],"curies":[{"name":"wp","href":"https:\/\/api.w.org\/{rel}","templated":true}]}}