{"id":173924,"date":"2022-08-23T09:31:52","date_gmt":"2022-08-23T12:31:52","guid":{"rendered":"https:\/\/experienciadevida.com.ar\/portalurbano\/?p=173924"},"modified":"2022-08-23T09:58:15","modified_gmt":"2022-08-23T12:58:15","slug":"la-familia-risueno-y-sus-42-anos-de-trayectoria-en-el-comercio","status":"publish","type":"post","link":"https:\/\/experienciadevida.com.ar\/portalurbano\/la-familia-risueno-y-sus-42-anos-de-trayectoria-en-el-comercio\/","title":{"rendered":"La familia Risue\u00f1o y sus 42 a\u00f1os de trayectoria en el comercio"},"content":{"rendered":"<div class=\"page-title\">\n<p>La familia Risue\u00f1o y sus 42 a\u00f1os de trayectoria en el comercio, el secretario de Desarrollo Econ\u00f3mico Julio Cesar Valetutto, junto a la subsecretaria de Empresas e Inversiones Emilia D\u00edaz, visit\u00f3 a los propietarios del Kiosco Savoy.<\/p>\n<p>Carlos Risue\u00f1o y su esposa Graciela llevan 51 a\u00f1os de casados. Ambos nacidos en Laprida, llegaron a Olavarr\u00eda en b\u00fasqueda de trabajo.\u00a0<em>\u201cIrse de una ciudad chica antes era dif\u00edcil, es como cuando ahora se te va un hijo a Europa, no sab\u00edamos cuando \u00edbamos a volver a encontrarnos con nuestra familia.\u201d<\/em><\/p>\n<p>Luego de algunos a\u00f1os como empleado en distintos sectores, a Carlos (76) se le present\u00f3 la oportunidad de abrir su propio kiosco en el emblem\u00e1tico Hotel Savoy.\u00a0<em>\u201cMe enter\u00e9 por mi cu\u00f1ada que estaban construyendo locales en el lugar, as\u00ed empez\u00f3 todo y ya llevamos 42 a\u00f1os ac\u00e1\u201d,\u00a0<\/em>relat\u00f3 Carlos.<\/p>\n<p>Es as\u00ed como Olavarr\u00eda se convirti\u00f3 en el hogar definitivo para la familia que fue creciendo con el correr de los a\u00f1os, \u201c<em>a\u00f1oro Laprida, no es f\u00e1cil tener amigos de verdad y yo all\u00e1 a\u00fan los tengo, pero soy m\u00e1s olavarriense por los a\u00f1os.\u201d<\/em><\/p>\n<p>A los c\u00f3nyuges les toc\u00f3 pasar por varias situaciones complejas, inflaci\u00f3n, inundaciones, pandemia\u00a0<em>\u201ceste mostrador pas\u00f3 dos inundaciones y est\u00e1 intacto\u201d.<\/em><\/p>\n<p><em>\u201cSalimos de cada situaci\u00f3n con esfuerzo, hubo momentos desgastantes en los que varias veces al d\u00eda nos tocaba cambiar precios, pero siempre nos mantuvimos firmes\u201d,\u00a0<\/em>expresaron Carlos y Graciela.<\/p>\n<p>La pandemia tampoco fue un obst\u00e1culo para la familia que se mantiene en el rubro hace m\u00e1s de cuatro d\u00e9cadas y relata sus inicios.<\/p>\n<p><em>\u201cEl Hotel Savoy recib\u00eda mucha gente, ven\u00edan de todos lados y en ese entonces no hab\u00eda tantos kioscos como ahora, nuestro horario era muy estricto debido a eso\u201d,\u00a0<\/em>contaron.<\/p>\n<p>Hoy en d\u00eda y con la posibilidad de tener horarios m\u00e1s flexibles, Calos cuenta que le apasiona leer el diario en papel y que en gran parte el motivo por el cual todav\u00eda elige abrir el kiosco los domingos es por aquellos clientes de toda la vida con los que comparte dicha pasi\u00f3n y pasan por su diario o revista.<\/p>\n<p>En cuanto a su esposa, Graciela, cuenta entre risas\u00a0<em>\u201cElla es la que vende, ven\u00eds por una cosa y te llev\u00e1s dos, siempre.\u201d<\/em><\/p>\n<p>Desde la Secretar\u00eda de Desarrollo Econ\u00f3mico felicitan a la familia Risue\u00f1o por su esfuerzo, dedicaci\u00f3n y compromiso.<\/p>\n<\/div>\n","protected":false},"excerpt":{"rendered":"<p>La familia Risue\u00f1o y sus 42 a\u00f1os de trayectoria en el comercio, el secretario de&#8230;<\/p>\n","protected":false},"author":1,"featured_media":173925,"comment_status":"closed","ping_status":"closed","sticky":false,"template":"","format":"standard","meta":{"content-type":""},"categories":[27,51],"tags":[],"nelio_content":{"isAutoShareEnabled":false,"autoShareEndMode":"default","automationSources":{"useContentSentences":true,"useSocialTemplates":true,"useCustomSentences":false,"customSentences":[]},"followers":[1],"suggestedReferences":[],"includedReferences":[],"efiUrl":"","efiAlt":"","highlights":[]},"yoast_head":"<!-- This site is optimized with the Yoast SEO plugin v20.7 - https:\/\/yoast.com\/wordpress\/plugins\/seo\/ -->\n<title>La familia Risue\u00f1o y sus 42 a\u00f1os de trayectoria en el comercio<\/title>\n<meta name=\"description\" content=\"La familia Risue\u00f1o y sus 42 a\u00f1os de trayectoria en el comercio, el secretario de Desarrollo Econ\u00f3mico Julio Cesar Valetutto,\" \/>\n<meta name=\"robots\" content=\"index, follow, max-snippet:-1, max-image-preview:large, max-video-preview:-1\" \/>\n<link rel=\"canonical\" href=\"https:\/\/experienciadevida.com.ar\/portalurbano\/la-familia-risueno-y-sus-42-anos-de-trayectoria-en-el-comercio\/\" \/>\n<meta property=\"og:locale\" content=\"es_ES\" \/>\n<meta property=\"og:type\" content=\"article\" \/>\n<meta property=\"og:title\" content=\"La familia Risue\u00f1o y sus 42 a\u00f1os de trayectoria en el comercio\" \/>\n<meta property=\"og:description\" content=\"La familia Risue\u00f1o y sus 42 a\u00f1os de trayectoria en el comercio, el secretario de Desarrollo Econ\u00f3mico Julio Cesar Valetutto,\" \/>\n<meta property=\"og:url\" content=\"https:\/\/experienciadevida.com.ar\/portalurbano\/la-familia-risueno-y-sus-42-anos-de-trayectoria-en-el-comercio\/\" \/>\n<meta property=\"article:publisher\" content=\"https:\/\/www.facebook.com\/Portal-Urbano-171542830093757\/\" \/>\n<meta property=\"article:published_time\" content=\"2022-08-23T12:31:52+00:00\" \/>\n<meta property=\"article:modified_time\" content=\"2022-08-23T12:58:15+00:00\" \/>\n<meta property=\"og:image\" content=\"https:\/\/experienciadevida.com.ar\/portalurbano\/wp-content\/uploads\/2022\/08\/La-familia-Risueno-y.jpeg\" \/>\n\t<meta property=\"og:image:width\" content=\"1024\" \/>\n\t<meta property=\"og:image:height\" content=\"472\" \/>\n\t<meta property=\"og:image:type\" content=\"image\/jpeg\" \/>\n<meta name=\"author\" content=\"admpu17wp\" \/>\n<meta name=\"twitter:card\" content=\"summary_large_image\" \/>\n<meta name=\"twitter:creator\" content=\"@portalurbanook\" \/>\n<meta name=\"twitter:site\" content=\"@portalurbanook\" \/>\n<meta name=\"twitter:label1\" content=\"Escrito por\" \/>\n\t<meta name=\"twitter:data1\" content=\"admpu17wp\" \/>\n\t<meta name=\"twitter:label2\" content=\"Tiempo de lectura\" \/>\n\t<meta name=\"twitter:data2\" content=\"2 minutos\" \/>\n<script type=\"application\/ld+json\" class=\"yoast-schema-graph\">{\"@context\":\"https:\/\/schema.org\",\"@graph\":[{\"@type\":\"Article\",\"@id\":\"https:\/\/experienciadevida.com.ar\/portalurbano\/la-familia-risueno-y-sus-42-anos-de-trayectoria-en-el-comercio\/#article\",\"isPartOf\":{\"@id\":\"https:\/\/experienciadevida.com.ar\/portalurbano\/la-familia-risueno-y-sus-42-anos-de-trayectoria-en-el-comercio\/\"},\"author\":{\"name\":\"admpu17wp\",\"@id\":\"https:\/\/experienciadevida.com.ar\/portalurbano\/#\/schema\/person\/02dd326b1c4b056e9cc972486934a3a7\"},\"headline\":\"La familia Risue\u00f1o y sus 42 a\u00f1os de trayectoria en el comercio\",\"datePublished\":\"2022-08-23T12:31:52+00:00\",\"dateModified\":\"2022-08-23T12:58:15+00:00\",\"mainEntityOfPage\":{\"@id\":\"https:\/\/experienciadevida.com.ar\/portalurbano\/la-familia-risueno-y-sus-42-anos-de-trayectoria-en-el-comercio\/\"},\"wordCount\":436,\"publisher\":{\"@id\":\"https:\/\/experienciadevida.com.ar\/portalurbano\/#organization\"},\"articleSection\":[\"Ciudad\",\"Destacadas\"],\"inLanguage\":\"es\"},{\"@type\":\"WebPage\",\"@id\":\"https:\/\/experienciadevida.com.ar\/portalurbano\/la-familia-risueno-y-sus-42-anos-de-trayectoria-en-el-comercio\/\",\"url\":\"https:\/\/experienciadevida.com.ar\/portalurbano\/la-familia-risueno-y-sus-42-anos-de-trayectoria-en-el-comercio\/\",\"name\":\"La familia Risue\u00f1o y sus 42 a\u00f1os de trayectoria en el comercio\",\"isPartOf\":{\"@id\":\"https:\/\/experienciadevida.com.ar\/portalurbano\/#website\"},\"datePublished\":\"2022-08-23T12:31:52+00:00\",\"dateModified\":\"2022-08-23T12:58:15+00:00\",\"description\":\"La familia Risue\u00f1o y sus 42 a\u00f1os de trayectoria en el comercio, el secretario de Desarrollo Econ\u00f3mico Julio Cesar Valetutto,\",\"breadcrumb\":{\"@id\":\"https:\/\/experienciadevida.com.ar\/portalurbano\/la-familia-risueno-y-sus-42-anos-de-trayectoria-en-el-comercio\/#breadcrumb\"},\"inLanguage\":\"es\",\"potentialAction\":[{\"@type\":\"ReadAction\",\"target\":[\"https:\/\/experienciadevida.com.ar\/portalurbano\/la-familia-risueno-y-sus-42-anos-de-trayectoria-en-el-comercio\/\"]}]},{\"@type\":\"BreadcrumbList\",\"@id\":\"https:\/\/experienciadevida.com.ar\/portalurbano\/la-familia-risueno-y-sus-42-anos-de-trayectoria-en-el-comercio\/#breadcrumb\",\"itemListElement\":[{\"@type\":\"ListItem\",\"position\":1,\"name\":\"Portada\",\"item\":\"https:\/\/experienciadevida.com.ar\/portalurbano\/\"},{\"@type\":\"ListItem\",\"position\":2,\"name\":\"La familia Risue\u00f1o y sus 42 a\u00f1os de trayectoria en el comercio\"}]},{\"@type\":\"WebSite\",\"@id\":\"https:\/\/experienciadevida.com.ar\/portalurbano\/#website\",\"url\":\"https:\/\/experienciadevida.com.ar\/portalurbano\/\",\"name\":\"\",\"description\":\"\",\"publisher\":{\"@id\":\"https:\/\/experienciadevida.com.ar\/portalurbano\/#organization\"},\"potentialAction\":[{\"@type\":\"SearchAction\",\"target\":{\"@type\":\"EntryPoint\",\"urlTemplate\":\"https:\/\/experienciadevida.com.ar\/portalurbano\/?s={search_term_string}\"},\"query-input\":\"required name=search_term_string\"}],\"inLanguage\":\"es\"},{\"@type\":\"Organization\",\"@id\":\"https:\/\/experienciadevida.com.ar\/portalurbano\/#organization\",\"name\":\"Portal Urbano\",\"url\":\"https:\/\/experienciadevida.com.ar\/portalurbano\/\",\"logo\":{\"@type\":\"ImageObject\",\"inLanguage\":\"es\",\"@id\":\"https:\/\/experienciadevida.com.ar\/portalurbano\/#\/schema\/logo\/image\/\",\"url\":\"https:\/\/experienciadevida.com.ar\/portalurbano\/wp-content\/uploads\/2019\/09\/Logo-Original.png\",\"contentUrl\":\"https:\/\/experienciadevida.com.ar\/portalurbano\/wp-content\/uploads\/2019\/09\/Logo-Original.png\",\"width\":2236,\"height\":1216,\"caption\":\"Portal Urbano\"},\"image\":{\"@id\":\"https:\/\/experienciadevida.com.ar\/portalurbano\/#\/schema\/logo\/image\/\"},\"sameAs\":[\"https:\/\/www.facebook.com\/Portal-Urbano-171542830093757\/\",\"https:\/\/twitter.com\/portalurbanook\",\"https:\/\/www.instagram.com\/_portalurbano\/\",\"https:\/\/www.youtube.com\/channel\/UCXhagIfszH8KxFiOok79zbA?view_as=subscriber\"]},{\"@type\":\"Person\",\"@id\":\"https:\/\/experienciadevida.com.ar\/portalurbano\/#\/schema\/person\/02dd326b1c4b056e9cc972486934a3a7\",\"name\":\"admpu17wp\",\"image\":{\"@type\":\"ImageObject\",\"inLanguage\":\"es\",\"@id\":\"https:\/\/experienciadevida.com.ar\/portalurbano\/#\/schema\/person\/image\/\",\"url\":\"https:\/\/secure.gravatar.com\/avatar\/830d4c57adaae6630765e449a6908047?s=96&d=mm&r=g\",\"contentUrl\":\"https:\/\/secure.gravatar.com\/avatar\/830d4c57adaae6630765e449a6908047?s=96&d=mm&r=g\",\"caption\":\"admpu17wp\"}}]}<\/script>\n<!-- \/ Yoast SEO plugin. -->","yoast_head_json":{"title":"La familia Risue\u00f1o y sus 42 a\u00f1os de trayectoria en el comercio","description":"La familia Risue\u00f1o y sus 42 a\u00f1os de trayectoria en el comercio, el secretario de Desarrollo Econ\u00f3mico Julio Cesar Valetutto,","robots":{"index":"index","follow":"follow","max-snippet":"max-snippet:-1","max-image-preview":"max-image-preview:large","max-video-preview":"max-video-preview:-1"},"canonical":"https:\/\/experienciadevida.com.ar\/portalurbano\/la-familia-risueno-y-sus-42-anos-de-trayectoria-en-el-comercio\/","og_locale":"es_ES","og_type":"article","og_title":"La familia Risue\u00f1o y sus 42 a\u00f1os de trayectoria en el comercio","og_description":"La familia Risue\u00f1o y sus 42 a\u00f1os de trayectoria en el comercio, el secretario de Desarrollo Econ\u00f3mico Julio Cesar Valetutto,","og_url":"https:\/\/experienciadevida.com.ar\/portalurbano\/la-familia-risueno-y-sus-42-anos-de-trayectoria-en-el-comercio\/","article_publisher":"https:\/\/www.facebook.com\/Portal-Urbano-171542830093757\/","article_published_time":"2022-08-23T12:31:52+00:00","article_modified_time":"2022-08-23T12:58:15+00:00","og_image":[{"width":1024,"height":472,"url":"https:\/\/experienciadevida.com.ar\/portalurbano\/wp-content\/uploads\/2022\/08\/La-familia-Risueno-y.jpeg","type":"image\/jpeg"}],"author":"admpu17wp","twitter_card":"summary_large_image","twitter_creator":"@portalurbanook","twitter_site":"@portalurbanook","twitter_misc":{"Escrito por":"admpu17wp","Tiempo de lectura":"2 minutos"},"schema":{"@context":"https:\/\/schema.org","@graph":[{"@type":"Article","@id":"https:\/\/experienciadevida.com.ar\/portalurbano\/la-familia-risueno-y-sus-42-anos-de-trayectoria-en-el-comercio\/#article","isPartOf":{"@id":"https:\/\/experienciadevida.com.ar\/portalurbano\/la-familia-risueno-y-sus-42-anos-de-trayectoria-en-el-comercio\/"},"author":{"name":"admpu17wp","@id":"https:\/\/experienciadevida.com.ar\/portalurbano\/#\/schema\/person\/02dd326b1c4b056e9cc972486934a3a7"},"headline":"La familia Risue\u00f1o y sus 42 a\u00f1os de trayectoria en el comercio","datePublished":"2022-08-23T12:31:52+00:00","dateModified":"2022-08-23T12:58:15+00:00","mainEntityOfPage":{"@id":"https:\/\/experienciadevida.com.ar\/portalurbano\/la-familia-risueno-y-sus-42-anos-de-trayectoria-en-el-comercio\/"},"wordCount":436,"publisher":{"@id":"https:\/\/experienciadevida.com.ar\/portalurbano\/#organization"},"articleSection":["Ciudad","Destacadas"],"inLanguage":"es"},{"@type":"WebPage","@id":"https:\/\/experienciadevida.com.ar\/portalurbano\/la-familia-risueno-y-sus-42-anos-de-trayectoria-en-el-comercio\/","url":"https:\/\/experienciadevida.com.ar\/portalurbano\/la-familia-risueno-y-sus-42-anos-de-trayectoria-en-el-comercio\/","name":"La familia Risue\u00f1o y sus 42 a\u00f1os de trayectoria en el comercio","isPartOf":{"@id":"https:\/\/experienciadevida.com.ar\/portalurbano\/#website"},"datePublished":"2022-08-23T12:31:52+00:00","dateModified":"2022-08-23T12:58:15+00:00","description":"La familia Risue\u00f1o y sus 42 a\u00f1os de trayectoria en el comercio, el secretario de Desarrollo Econ\u00f3mico Julio Cesar Valetutto,","breadcrumb":{"@id":"https:\/\/experienciadevida.com.ar\/portalurbano\/la-familia-risueno-y-sus-42-anos-de-trayectoria-en-el-comercio\/#breadcrumb"},"inLanguage":"es","potentialAction":[{"@type":"ReadAction","target":["https:\/\/experienciadevida.com.ar\/portalurbano\/la-familia-risueno-y-sus-42-anos-de-trayectoria-en-el-comercio\/"]}]},{"@type":"BreadcrumbList","@id":"https:\/\/experienciadevida.com.ar\/portalurbano\/la-familia-risueno-y-sus-42-anos-de-trayectoria-en-el-comercio\/#breadcrumb","itemListElement":[{"@type":"ListItem","position":1,"name":"Portada","item":"https:\/\/experienciadevida.com.ar\/portalurbano\/"},{"@type":"ListItem","position":2,"name":"La familia Risue\u00f1o y sus 42 a\u00f1os de trayectoria en el comercio"}]},{"@type":"WebSite","@id":"https:\/\/experienciadevida.com.ar\/portalurbano\/#website","url":"https:\/\/experienciadevida.com.ar\/portalurbano\/","name":"","description":"","publisher":{"@id":"https:\/\/experienciadevida.com.ar\/portalurbano\/#organization"},"potentialAction":[{"@type":"SearchAction","target":{"@type":"EntryPoint","urlTemplate":"https:\/\/experienciadevida.com.ar\/portalurbano\/?s={search_term_string}"},"query-input":"required name=search_term_string"}],"inLanguage":"es"},{"@type":"Organization","@id":"https:\/\/experienciadevida.com.ar\/portalurbano\/#organization","name":"Portal Urbano","url":"https:\/\/experienciadevida.com.ar\/portalurbano\/","logo":{"@type":"ImageObject","inLanguage":"es","@id":"https:\/\/experienciadevida.com.ar\/portalurbano\/#\/schema\/logo\/image\/","url":"https:\/\/experienciadevida.com.ar\/portalurbano\/wp-content\/uploads\/2019\/09\/Logo-Original.png","contentUrl":"https:\/\/experienciadevida.com.ar\/portalurbano\/wp-content\/uploads\/2019\/09\/Logo-Original.png","width":2236,"height":1216,"caption":"Portal Urbano"},"image":{"@id":"https:\/\/experienciadevida.com.ar\/portalurbano\/#\/schema\/logo\/image\/"},"sameAs":["https:\/\/www.facebook.com\/Portal-Urbano-171542830093757\/","https:\/\/twitter.com\/portalurbanook","https:\/\/www.instagram.com\/_portalurbano\/","https:\/\/www.youtube.com\/channel\/UCXhagIfszH8KxFiOok79zbA?view_as=subscriber"]},{"@type":"Person","@id":"https:\/\/experienciadevida.com.ar\/portalurbano\/#\/schema\/person\/02dd326b1c4b056e9cc972486934a3a7","name":"admpu17wp","image":{"@type":"ImageObject","inLanguage":"es","@id":"https:\/\/experienciadevida.com.ar\/portalurbano\/#\/schema\/person\/image\/","url":"https:\/\/secure.gravatar.com\/avatar\/830d4c57adaae6630765e449a6908047?s=96&d=mm&r=g","contentUrl":"https:\/\/secure.gravatar.com\/avatar\/830d4c57adaae6630765e449a6908047?s=96&d=mm&r=g","caption":"admpu17wp"}}]}},"featured_image_urls":{"full":["https:\/\/experienciadevida.com.ar\/portalurbano\/wp-content\/uploads\/2022\/08\/La-familia-Risueno-y.jpeg",1024,472,false],"thumbnail":["https:\/\/experienciadevida.com.ar\/portalurbano\/wp-content\/uploads\/2022\/08\/La-familia-Risueno-y-150x150.jpeg",150,150,true],"medium":["https:\/\/experienciadevida.com.ar\/portalurbano\/wp-content\/uploads\/2022\/08\/La-familia-Risueno-y-300x138.jpeg",300,138,true],"medium_large":["https:\/\/experienciadevida.com.ar\/portalurbano\/wp-content\/uploads\/2022\/08\/La-familia-Risueno-y-768x354.jpeg",640,295,true],"large":["https:\/\/experienciadevida.com.ar\/portalurbano\/wp-content\/uploads\/2022\/08\/La-familia-Risueno-y.jpeg",640,295,false],"ug_big":["https:\/\/experienciadevida.com.ar\/portalurbano\/wp-content\/uploads\/2022\/08\/La-familia-Risueno-y-768x354.jpeg",768,354,true],"1536x1536":["https:\/\/experienciadevida.com.ar\/portalurbano\/wp-content\/uploads\/2022\/08\/La-familia-Risueno-y.jpeg",1024,472,false],"2048x2048":["https:\/\/experienciadevida.com.ar\/portalurbano\/wp-content\/uploads\/2022\/08\/La-familia-Risueno-y.jpeg",1024,472,false],"newsever-slider-full":["https:\/\/experienciadevida.com.ar\/portalurbano\/wp-content\/uploads\/2022\/08\/La-familia-Risueno-y.jpeg",1024,472,false],"newsever-featured":["https:\/\/experienciadevida.com.ar\/portalurbano\/wp-content\/uploads\/2022\/08\/La-familia-Risueno-y.jpeg",1024,472,false],"newsever-medium":["https:\/\/experienciadevida.com.ar\/portalurbano\/wp-content\/uploads\/2022\/08\/La-familia-Risueno-y.jpeg",720,332,false],"web-stories-poster-portrait":["https:\/\/experienciadevida.com.ar\/portalurbano\/wp-content\/uploads\/2022\/08\/La-familia-Risueno-y-640x472.jpeg",640,472,true],"web-stories-publisher-logo":["https:\/\/experienciadevida.com.ar\/portalurbano\/wp-content\/uploads\/2022\/08\/La-familia-Risueno-y-96x96.jpeg",96,96,true],"web-stories-thumbnail":["https:\/\/experienciadevida.com.ar\/portalurbano\/wp-content\/uploads\/2022\/08\/La-familia-Risueno-y-150x69.jpeg",150,69,true]},"author_info":{"display_name":"admpu17wp","author_link":"https:\/\/experienciadevida.com.ar\/portalurbano\/author\/admpu17wp\/"},"category_info":"<a href=\"https:\/\/experienciadevida.com.ar\/portalurbano\/category\/ciudad\/\" rel=\"category tag\">Ciudad<\/a> <a href=\"https:\/\/experienciadevida.com.ar\/portalurbano\/category\/destacadas\/\" rel=\"category tag\">Destacadas<\/a>","tag_info":"Destacadas","comment_count":"0","amp_enabled":true,"_links":{"self":[{"href":"https:\/\/experienciadevida.com.ar\/portalurbano\/wp-json\/wp\/v2\/posts\/173924"}],"collection":[{"href":"https:\/\/experienciadevida.com.ar\/portalurbano\/wp-json\/wp\/v2\/posts"}],"about":[{"href":"https:\/\/experienciadevida.com.ar\/portalurbano\/wp-json\/wp\/v2\/types\/post"}],"author":[{"embeddable":true,"href":"https:\/\/experienciadevida.com.ar\/portalurbano\/wp-json\/wp\/v2\/users\/1"}],"replies":[{"embeddable":true,"href":"https:\/\/experienciadevida.com.ar\/portalurbano\/wp-json\/wp\/v2\/comments?post=173924"}],"version-history":[{"count":2,"href":"https:\/\/experienciadevida.com.ar\/portalurbano\/wp-json\/wp\/v2\/posts\/173924\/revisions"}],"predecessor-version":[{"id":173927,"href":"https:\/\/experienciadevida.com.ar\/portalurbano\/wp-json\/wp\/v2\/posts\/173924\/revisions\/173927"}],"wp:featuredmedia":[{"embeddable":true,"href":"https:\/\/experienciadevida.com.ar\/portalurbano\/wp-json\/wp\/v2\/media\/173925"}],"wp:attachment":[{"href":"https:\/\/experienciadevida.com.ar\/portalurbano\/wp-json\/wp\/v2\/media?parent=173924"}],"wp:term":[{"taxonomy":"category","embeddable":true,"href":"https:\/\/experienciadevida.com.ar\/portalurbano\/wp-json\/wp\/v2\/categories?post=173924"},{"taxonomy":"post_tag","embeddable":true,"href":"https:\/\/experienciadevida.com.ar\/portalurbano\/wp-json\/wp\/v2\/tags?post=173924"}],"curies":[{"name":"wp","href":"https:\/\/api.w.org\/{rel}","templated":true}]}}