{"id":173914,"date":"2022-08-23T09:25:51","date_gmt":"2022-08-23T12:25:51","guid":{"rendered":"https:\/\/experienciadevida.com.ar\/portalurbano\/?p=173914"},"modified":"2022-08-23T09:29:56","modified_gmt":"2022-08-23T12:29:56","slug":"municipio-participo-de-capacitacion-de-la-senaf","status":"publish","type":"post","link":"https:\/\/experienciadevida.com.ar\/portalurbano\/municipio-participo-de-capacitacion-de-la-senaf\/","title":{"rendered":"Municipio particip\u00f3 de capacitaci\u00f3n de la SENAF"},"content":{"rendered":"<p>Municipio particip\u00f3 de capacitaci\u00f3n de la SENAF, el <a href=\"https:\/\/www.facebook.com\/municipiodeolavarria\">Municipio<\/a> de Olavarr\u00eda particip\u00f3 d\u00edas pasados de una capacitaci\u00f3n con la Secretar\u00eda Nacional de Ni\u00f1ez, Adolescencia y Familia -SENAF- destinada a instituciones que trabajan en materia de consumos problem\u00e1ticos.<\/p>\n<p>Se trata de la \u201cJornada de reflexi\u00f3n sobre abordajes de los consumos problem\u00e1ticos\u201d, a cargo de la l\u00ednea Activar Adolescencias de la mencionada Secretar\u00eda, coordinada por profesionales de la SENAF para todas las organizaciones e instituciones que forman parte de la mesa de consumos problem\u00e1ticos de nuestra ciudad.<\/p>\n<p>Participaron en representaci\u00f3n del Municipio, referentes de la Subsecretar\u00eda de Derechos, Igualdad y Oportunidades, a trav\u00e9s del \u00e1rea de Ni\u00f1eces y Adolescencias, y Consumos Problem\u00e1ticos.<\/p>\n<p>La referente del \u00e1rea de Consumos Problem\u00e1ticos a nivel local, Florencia Ju\u00e1rez, destac\u00f3 la \u201cposibilidad de formaci\u00f3n y el intercambio que se hace de manera colectiva en este espacio de la mesa en el que estamos todas las organizaciones e instituciones que trabajamos en materia de abordaje de los consumos\u201d.<br \/>\nAdem\u00e1s, realiz\u00f3 un balance sobre estas instancias de formaci\u00f3n \u201cen este caso, el Gobierno Nacional, a trav\u00e9s de la Secretar\u00eda, puede aportarnos much\u00edsimo con sus profesionales que tienen un amplio recorrido en la materia de ni\u00f1eces y juventudes\u201d.<\/p>\n<p>\u201cAdem\u00e1s, nos ayuda a revisar el encuadre por las mismas din\u00e1micas de las juventudes, y pensar l\u00edneas de acci\u00f3n o intervenci\u00f3n con el abordaje fundamentalmente de estos grupos poblacionales, a trav\u00e9s de acciones concretas, lo cual implica trabajar territorialmente con el abordaje de los consumos\u201d, concluy\u00f3.<\/p>\n","protected":false},"excerpt":{"rendered":"<p>Municipio particip\u00f3 de capacitaci\u00f3n de la SENAF, el Municipio de Olavarr\u00eda particip\u00f3 d\u00edas pasados de&#8230;<\/p>\n","protected":false},"author":1,"featured_media":173921,"comment_status":"closed","ping_status":"closed","sticky":false,"template":"","format":"standard","meta":{"content-type":""},"categories":[27,64],"tags":[],"nelio_content":{"isAutoShareEnabled":false,"autoShareEndMode":"default","automationSources":{"useContentSentences":true,"useSocialTemplates":true,"useCustomSentences":false,"customSentences":[]},"followers":[1],"suggestedReferences":[],"includedReferences":[],"efiUrl":"","efiAlt":"","highlights":[]},"yoast_head":"<!-- This site is optimized with the Yoast SEO plugin v20.7 - https:\/\/yoast.com\/wordpress\/plugins\/seo\/ -->\n<title>Municipio particip\u00f3 de capacitaci\u00f3n de la SENAF<\/title>\n<meta name=\"description\" content=\"Municipio particip\u00f3 de capacitaci\u00f3n de la SENAF, el Municipio de Olavarr\u00eda particip\u00f3 d\u00edas pasados de una capacitaci\u00f3n con la Secretar\u00eda\" \/>\n<meta name=\"robots\" content=\"index, follow, max-snippet:-1, max-image-preview:large, max-video-preview:-1\" \/>\n<link rel=\"canonical\" href=\"https:\/\/experienciadevida.com.ar\/portalurbano\/municipio-participo-de-capacitacion-de-la-senaf\/\" \/>\n<meta property=\"og:locale\" content=\"es_ES\" \/>\n<meta property=\"og:type\" content=\"article\" \/>\n<meta property=\"og:title\" content=\"Municipio particip\u00f3 de capacitaci\u00f3n de la SENAF\" \/>\n<meta property=\"og:description\" content=\"Municipio particip\u00f3 de capacitaci\u00f3n de la SENAF, el Municipio de Olavarr\u00eda particip\u00f3 d\u00edas pasados de una capacitaci\u00f3n con la Secretar\u00eda\" \/>\n<meta property=\"og:url\" content=\"https:\/\/experienciadevida.com.ar\/portalurbano\/municipio-participo-de-capacitacion-de-la-senaf\/\" \/>\n<meta property=\"article:publisher\" content=\"https:\/\/www.facebook.com\/Portal-Urbano-171542830093757\/\" \/>\n<meta property=\"article:published_time\" content=\"2022-08-23T12:25:51+00:00\" \/>\n<meta property=\"article:modified_time\" content=\"2022-08-23T12:29:56+00:00\" \/>\n<meta property=\"og:image\" content=\"https:\/\/experienciadevida.com.ar\/portalurbano\/wp-content\/uploads\/2022\/08\/Municipio-participo-de-capacitacion.jpeg\" \/>\n\t<meta property=\"og:image:width\" content=\"765\" \/>\n\t<meta property=\"og:image:height\" content=\"595\" \/>\n\t<meta property=\"og:image:type\" content=\"image\/jpeg\" \/>\n<meta name=\"author\" content=\"admpu17wp\" \/>\n<meta name=\"twitter:card\" content=\"summary_large_image\" \/>\n<meta name=\"twitter:creator\" content=\"@portalurbanook\" \/>\n<meta name=\"twitter:site\" content=\"@portalurbanook\" \/>\n<meta name=\"twitter:label1\" content=\"Escrito por\" \/>\n\t<meta name=\"twitter:data1\" content=\"admpu17wp\" \/>\n\t<meta name=\"twitter:label2\" content=\"Tiempo de lectura\" \/>\n\t<meta name=\"twitter:data2\" content=\"2 minutos\" \/>\n<script type=\"application\/ld+json\" class=\"yoast-schema-graph\">{\"@context\":\"https:\/\/schema.org\",\"@graph\":[{\"@type\":\"Article\",\"@id\":\"https:\/\/experienciadevida.com.ar\/portalurbano\/municipio-participo-de-capacitacion-de-la-senaf\/#article\",\"isPartOf\":{\"@id\":\"https:\/\/experienciadevida.com.ar\/portalurbano\/municipio-participo-de-capacitacion-de-la-senaf\/\"},\"author\":{\"name\":\"admpu17wp\",\"@id\":\"https:\/\/experienciadevida.com.ar\/portalurbano\/#\/schema\/person\/02dd326b1c4b056e9cc972486934a3a7\"},\"headline\":\"Municipio particip\u00f3 de capacitaci\u00f3n de la SENAF\",\"datePublished\":\"2022-08-23T12:25:51+00:00\",\"dateModified\":\"2022-08-23T12:29:56+00:00\",\"mainEntityOfPage\":{\"@id\":\"https:\/\/experienciadevida.com.ar\/portalurbano\/municipio-participo-de-capacitacion-de-la-senaf\/\"},\"wordCount\":284,\"publisher\":{\"@id\":\"https:\/\/experienciadevida.com.ar\/portalurbano\/#organization\"},\"articleSection\":[\"Ciudad\",\"Destacadas 2\"],\"inLanguage\":\"es\"},{\"@type\":\"WebPage\",\"@id\":\"https:\/\/experienciadevida.com.ar\/portalurbano\/municipio-participo-de-capacitacion-de-la-senaf\/\",\"url\":\"https:\/\/experienciadevida.com.ar\/portalurbano\/municipio-participo-de-capacitacion-de-la-senaf\/\",\"name\":\"Municipio particip\u00f3 de capacitaci\u00f3n de la SENAF\",\"isPartOf\":{\"@id\":\"https:\/\/experienciadevida.com.ar\/portalurbano\/#website\"},\"datePublished\":\"2022-08-23T12:25:51+00:00\",\"dateModified\":\"2022-08-23T12:29:56+00:00\",\"description\":\"Municipio particip\u00f3 de capacitaci\u00f3n de la SENAF, el Municipio de Olavarr\u00eda particip\u00f3 d\u00edas pasados de una capacitaci\u00f3n con la Secretar\u00eda\",\"breadcrumb\":{\"@id\":\"https:\/\/experienciadevida.com.ar\/portalurbano\/municipio-participo-de-capacitacion-de-la-senaf\/#breadcrumb\"},\"inLanguage\":\"es\",\"potentialAction\":[{\"@type\":\"ReadAction\",\"target\":[\"https:\/\/experienciadevida.com.ar\/portalurbano\/municipio-participo-de-capacitacion-de-la-senaf\/\"]}]},{\"@type\":\"BreadcrumbList\",\"@id\":\"https:\/\/experienciadevida.com.ar\/portalurbano\/municipio-participo-de-capacitacion-de-la-senaf\/#breadcrumb\",\"itemListElement\":[{\"@type\":\"ListItem\",\"position\":1,\"name\":\"Portada\",\"item\":\"https:\/\/experienciadevida.com.ar\/portalurbano\/\"},{\"@type\":\"ListItem\",\"position\":2,\"name\":\"Municipio particip\u00f3 de capacitaci\u00f3n de la SENAF\"}]},{\"@type\":\"WebSite\",\"@id\":\"https:\/\/experienciadevida.com.ar\/portalurbano\/#website\",\"url\":\"https:\/\/experienciadevida.com.ar\/portalurbano\/\",\"name\":\"\",\"description\":\"\",\"publisher\":{\"@id\":\"https:\/\/experienciadevida.com.ar\/portalurbano\/#organization\"},\"potentialAction\":[{\"@type\":\"SearchAction\",\"target\":{\"@type\":\"EntryPoint\",\"urlTemplate\":\"https:\/\/experienciadevida.com.ar\/portalurbano\/?s={search_term_string}\"},\"query-input\":\"required name=search_term_string\"}],\"inLanguage\":\"es\"},{\"@type\":\"Organization\",\"@id\":\"https:\/\/experienciadevida.com.ar\/portalurbano\/#organization\",\"name\":\"Portal Urbano\",\"url\":\"https:\/\/experienciadevida.com.ar\/portalurbano\/\",\"logo\":{\"@type\":\"ImageObject\",\"inLanguage\":\"es\",\"@id\":\"https:\/\/experienciadevida.com.ar\/portalurbano\/#\/schema\/logo\/image\/\",\"url\":\"https:\/\/experienciadevida.com.ar\/portalurbano\/wp-content\/uploads\/2019\/09\/Logo-Original.png\",\"contentUrl\":\"https:\/\/experienciadevida.com.ar\/portalurbano\/wp-content\/uploads\/2019\/09\/Logo-Original.png\",\"width\":2236,\"height\":1216,\"caption\":\"Portal Urbano\"},\"image\":{\"@id\":\"https:\/\/experienciadevida.com.ar\/portalurbano\/#\/schema\/logo\/image\/\"},\"sameAs\":[\"https:\/\/www.facebook.com\/Portal-Urbano-171542830093757\/\",\"https:\/\/twitter.com\/portalurbanook\",\"https:\/\/www.instagram.com\/_portalurbano\/\",\"https:\/\/www.youtube.com\/channel\/UCXhagIfszH8KxFiOok79zbA?view_as=subscriber\"]},{\"@type\":\"Person\",\"@id\":\"https:\/\/experienciadevida.com.ar\/portalurbano\/#\/schema\/person\/02dd326b1c4b056e9cc972486934a3a7\",\"name\":\"admpu17wp\",\"image\":{\"@type\":\"ImageObject\",\"inLanguage\":\"es\",\"@id\":\"https:\/\/experienciadevida.com.ar\/portalurbano\/#\/schema\/person\/image\/\",\"url\":\"https:\/\/secure.gravatar.com\/avatar\/830d4c57adaae6630765e449a6908047?s=96&d=mm&r=g\",\"contentUrl\":\"https:\/\/secure.gravatar.com\/avatar\/830d4c57adaae6630765e449a6908047?s=96&d=mm&r=g\",\"caption\":\"admpu17wp\"}}]}<\/script>\n<!-- \/ Yoast SEO plugin. -->","yoast_head_json":{"title":"Municipio particip\u00f3 de capacitaci\u00f3n de la SENAF","description":"Municipio particip\u00f3 de capacitaci\u00f3n de la SENAF, el Municipio de Olavarr\u00eda particip\u00f3 d\u00edas pasados de una capacitaci\u00f3n con la Secretar\u00eda","robots":{"index":"index","follow":"follow","max-snippet":"max-snippet:-1","max-image-preview":"max-image-preview:large","max-video-preview":"max-video-preview:-1"},"canonical":"https:\/\/experienciadevida.com.ar\/portalurbano\/municipio-participo-de-capacitacion-de-la-senaf\/","og_locale":"es_ES","og_type":"article","og_title":"Municipio particip\u00f3 de capacitaci\u00f3n de la SENAF","og_description":"Municipio particip\u00f3 de capacitaci\u00f3n de la SENAF, el Municipio de Olavarr\u00eda particip\u00f3 d\u00edas pasados de una capacitaci\u00f3n con la Secretar\u00eda","og_url":"https:\/\/experienciadevida.com.ar\/portalurbano\/municipio-participo-de-capacitacion-de-la-senaf\/","article_publisher":"https:\/\/www.facebook.com\/Portal-Urbano-171542830093757\/","article_published_time":"2022-08-23T12:25:51+00:00","article_modified_time":"2022-08-23T12:29:56+00:00","og_image":[{"width":765,"height":595,"url":"https:\/\/experienciadevida.com.ar\/portalurbano\/wp-content\/uploads\/2022\/08\/Municipio-participo-de-capacitacion.jpeg","type":"image\/jpeg"}],"author":"admpu17wp","twitter_card":"summary_large_image","twitter_creator":"@portalurbanook","twitter_site":"@portalurbanook","twitter_misc":{"Escrito por":"admpu17wp","Tiempo de lectura":"2 minutos"},"schema":{"@context":"https:\/\/schema.org","@graph":[{"@type":"Article","@id":"https:\/\/experienciadevida.com.ar\/portalurbano\/municipio-participo-de-capacitacion-de-la-senaf\/#article","isPartOf":{"@id":"https:\/\/experienciadevida.com.ar\/portalurbano\/municipio-participo-de-capacitacion-de-la-senaf\/"},"author":{"name":"admpu17wp","@id":"https:\/\/experienciadevida.com.ar\/portalurbano\/#\/schema\/person\/02dd326b1c4b056e9cc972486934a3a7"},"headline":"Municipio particip\u00f3 de capacitaci\u00f3n de la SENAF","datePublished":"2022-08-23T12:25:51+00:00","dateModified":"2022-08-23T12:29:56+00:00","mainEntityOfPage":{"@id":"https:\/\/experienciadevida.com.ar\/portalurbano\/municipio-participo-de-capacitacion-de-la-senaf\/"},"wordCount":284,"publisher":{"@id":"https:\/\/experienciadevida.com.ar\/portalurbano\/#organization"},"articleSection":["Ciudad","Destacadas 2"],"inLanguage":"es"},{"@type":"WebPage","@id":"https:\/\/experienciadevida.com.ar\/portalurbano\/municipio-participo-de-capacitacion-de-la-senaf\/","url":"https:\/\/experienciadevida.com.ar\/portalurbano\/municipio-participo-de-capacitacion-de-la-senaf\/","name":"Municipio particip\u00f3 de capacitaci\u00f3n de la SENAF","isPartOf":{"@id":"https:\/\/experienciadevida.com.ar\/portalurbano\/#website"},"datePublished":"2022-08-23T12:25:51+00:00","dateModified":"2022-08-23T12:29:56+00:00","description":"Municipio particip\u00f3 de capacitaci\u00f3n de la SENAF, el Municipio de Olavarr\u00eda particip\u00f3 d\u00edas pasados de una capacitaci\u00f3n con la Secretar\u00eda","breadcrumb":{"@id":"https:\/\/experienciadevida.com.ar\/portalurbano\/municipio-participo-de-capacitacion-de-la-senaf\/#breadcrumb"},"inLanguage":"es","potentialAction":[{"@type":"ReadAction","target":["https:\/\/experienciadevida.com.ar\/portalurbano\/municipio-participo-de-capacitacion-de-la-senaf\/"]}]},{"@type":"BreadcrumbList","@id":"https:\/\/experienciadevida.com.ar\/portalurbano\/municipio-participo-de-capacitacion-de-la-senaf\/#breadcrumb","itemListElement":[{"@type":"ListItem","position":1,"name":"Portada","item":"https:\/\/experienciadevida.com.ar\/portalurbano\/"},{"@type":"ListItem","position":2,"name":"Municipio particip\u00f3 de capacitaci\u00f3n de la SENAF"}]},{"@type":"WebSite","@id":"https:\/\/experienciadevida.com.ar\/portalurbano\/#website","url":"https:\/\/experienciadevida.com.ar\/portalurbano\/","name":"","description":"","publisher":{"@id":"https:\/\/experienciadevida.com.ar\/portalurbano\/#organization"},"potentialAction":[{"@type":"SearchAction","target":{"@type":"EntryPoint","urlTemplate":"https:\/\/experienciadevida.com.ar\/portalurbano\/?s={search_term_string}"},"query-input":"required name=search_term_string"}],"inLanguage":"es"},{"@type":"Organization","@id":"https:\/\/experienciadevida.com.ar\/portalurbano\/#organization","name":"Portal Urbano","url":"https:\/\/experienciadevida.com.ar\/portalurbano\/","logo":{"@type":"ImageObject","inLanguage":"es","@id":"https:\/\/experienciadevida.com.ar\/portalurbano\/#\/schema\/logo\/image\/","url":"https:\/\/experienciadevida.com.ar\/portalurbano\/wp-content\/uploads\/2019\/09\/Logo-Original.png","contentUrl":"https:\/\/experienciadevida.com.ar\/portalurbano\/wp-content\/uploads\/2019\/09\/Logo-Original.png","width":2236,"height":1216,"caption":"Portal Urbano"},"image":{"@id":"https:\/\/experienciadevida.com.ar\/portalurbano\/#\/schema\/logo\/image\/"},"sameAs":["https:\/\/www.facebook.com\/Portal-Urbano-171542830093757\/","https:\/\/twitter.com\/portalurbanook","https:\/\/www.instagram.com\/_portalurbano\/","https:\/\/www.youtube.com\/channel\/UCXhagIfszH8KxFiOok79zbA?view_as=subscriber"]},{"@type":"Person","@id":"https:\/\/experienciadevida.com.ar\/portalurbano\/#\/schema\/person\/02dd326b1c4b056e9cc972486934a3a7","name":"admpu17wp","image":{"@type":"ImageObject","inLanguage":"es","@id":"https:\/\/experienciadevida.com.ar\/portalurbano\/#\/schema\/person\/image\/","url":"https:\/\/secure.gravatar.com\/avatar\/830d4c57adaae6630765e449a6908047?s=96&d=mm&r=g","contentUrl":"https:\/\/secure.gravatar.com\/avatar\/830d4c57adaae6630765e449a6908047?s=96&d=mm&r=g","caption":"admpu17wp"}}]}},"featured_image_urls":{"full":["https:\/\/experienciadevida.com.ar\/portalurbano\/wp-content\/uploads\/2022\/08\/Municipio-participo-de-capacitacion.jpeg",765,595,false],"thumbnail":["https:\/\/experienciadevida.com.ar\/portalurbano\/wp-content\/uploads\/2022\/08\/Municipio-participo-de-capacitacion-150x150.jpeg",150,150,true],"medium":["https:\/\/experienciadevida.com.ar\/portalurbano\/wp-content\/uploads\/2022\/08\/Municipio-participo-de-capacitacion-300x233.jpeg",300,233,true],"medium_large":["https:\/\/experienciadevida.com.ar\/portalurbano\/wp-content\/uploads\/2022\/08\/Municipio-participo-de-capacitacion.jpeg",640,498,false],"large":["https:\/\/experienciadevida.com.ar\/portalurbano\/wp-content\/uploads\/2022\/08\/Municipio-participo-de-capacitacion.jpeg",640,498,false],"ug_big":["https:\/\/experienciadevida.com.ar\/portalurbano\/wp-content\/uploads\/2022\/08\/Municipio-participo-de-capacitacion.jpeg",765,595,false],"1536x1536":["https:\/\/experienciadevida.com.ar\/portalurbano\/wp-content\/uploads\/2022\/08\/Municipio-participo-de-capacitacion.jpeg",765,595,false],"2048x2048":["https:\/\/experienciadevida.com.ar\/portalurbano\/wp-content\/uploads\/2022\/08\/Municipio-participo-de-capacitacion.jpeg",765,595,false],"newsever-slider-full":["https:\/\/experienciadevida.com.ar\/portalurbano\/wp-content\/uploads\/2022\/08\/Municipio-participo-de-capacitacion.jpeg",765,595,false],"newsever-featured":["https:\/\/experienciadevida.com.ar\/portalurbano\/wp-content\/uploads\/2022\/08\/Municipio-participo-de-capacitacion.jpeg",765,595,false],"newsever-medium":["https:\/\/experienciadevida.com.ar\/portalurbano\/wp-content\/uploads\/2022\/08\/Municipio-participo-de-capacitacion.jpeg",611,475,false],"web-stories-poster-portrait":["https:\/\/experienciadevida.com.ar\/portalurbano\/wp-content\/uploads\/2022\/08\/Municipio-participo-de-capacitacion-640x595.jpeg",640,595,true],"web-stories-publisher-logo":["https:\/\/experienciadevida.com.ar\/portalurbano\/wp-content\/uploads\/2022\/08\/Municipio-participo-de-capacitacion-96x96.jpeg",96,96,true],"web-stories-thumbnail":["https:\/\/experienciadevida.com.ar\/portalurbano\/wp-content\/uploads\/2022\/08\/Municipio-participo-de-capacitacion-150x117.jpeg",150,117,true]},"author_info":{"display_name":"admpu17wp","author_link":"https:\/\/experienciadevida.com.ar\/portalurbano\/author\/admpu17wp\/"},"category_info":"<a href=\"https:\/\/experienciadevida.com.ar\/portalurbano\/category\/ciudad\/\" rel=\"category tag\">Ciudad<\/a> <a href=\"https:\/\/experienciadevida.com.ar\/portalurbano\/category\/destacadas-2\/\" rel=\"category tag\">Destacadas 2<\/a>","tag_info":"Destacadas 2","comment_count":"0","amp_enabled":true,"_links":{"self":[{"href":"https:\/\/experienciadevida.com.ar\/portalurbano\/wp-json\/wp\/v2\/posts\/173914"}],"collection":[{"href":"https:\/\/experienciadevida.com.ar\/portalurbano\/wp-json\/wp\/v2\/posts"}],"about":[{"href":"https:\/\/experienciadevida.com.ar\/portalurbano\/wp-json\/wp\/v2\/types\/post"}],"author":[{"embeddable":true,"href":"https:\/\/experienciadevida.com.ar\/portalurbano\/wp-json\/wp\/v2\/users\/1"}],"replies":[{"embeddable":true,"href":"https:\/\/experienciadevida.com.ar\/portalurbano\/wp-json\/wp\/v2\/comments?post=173914"}],"version-history":[{"count":3,"href":"https:\/\/experienciadevida.com.ar\/portalurbano\/wp-json\/wp\/v2\/posts\/173914\/revisions"}],"predecessor-version":[{"id":173923,"href":"https:\/\/experienciadevida.com.ar\/portalurbano\/wp-json\/wp\/v2\/posts\/173914\/revisions\/173923"}],"wp:featuredmedia":[{"embeddable":true,"href":"https:\/\/experienciadevida.com.ar\/portalurbano\/wp-json\/wp\/v2\/media\/173921"}],"wp:attachment":[{"href":"https:\/\/experienciadevida.com.ar\/portalurbano\/wp-json\/wp\/v2\/media?parent=173914"}],"wp:term":[{"taxonomy":"category","embeddable":true,"href":"https:\/\/experienciadevida.com.ar\/portalurbano\/wp-json\/wp\/v2\/categories?post=173914"},{"taxonomy":"post_tag","embeddable":true,"href":"https:\/\/experienciadevida.com.ar\/portalurbano\/wp-json\/wp\/v2\/tags?post=173914"}],"curies":[{"name":"wp","href":"https:\/\/api.w.org\/{rel}","templated":true}]}}