{"id":173904,"date":"2022-08-22T17:13:06","date_gmt":"2022-08-22T20:13:06","guid":{"rendered":"https:\/\/experienciadevida.com.ar\/portalurbano\/?p=173904"},"modified":"2022-08-22T17:15:48","modified_gmt":"2022-08-22T20:15:48","slug":"gano-en-el-mundial-del-alfajor-hizo-cumbre-en-el-kilimanjaro-y-es-olavarriense","status":"publish","type":"post","link":"https:\/\/experienciadevida.com.ar\/portalurbano\/gano-en-el-mundial-del-alfajor-hizo-cumbre-en-el-kilimanjaro-y-es-olavarriense\/","title":{"rendered":"Gan\u00f3 en el Mundial del Alfajor, hizo cumbre en el Kilimanjaro y es Olavarriense"},"content":{"rendered":"<h2>Juan Pablo Puentes reside junto a su familia desde hace 10 a\u00f1os en La Cumbrecita, donde lanz\u00f3 una empresa de productos regionales.<\/h2>\n<hr \/>\n<article class=\"article-body first\">\n<div class=\"article-content selectionShareable\">\n<div class=\"cuerpo\" data-twitter-link=\"\">\n<p>Hace m\u00e1s de 10 a\u00f1os, Juan Pablo Puentes eleg\u00eda La Cumbrecita como el lugar para echar ra\u00edces junto a su familia y dejar atr\u00e1s la vor\u00e1gine de la ciudad, donde trabajaba para una firma multinacional en la provincia de Buenos Aires. A la localidad del Valle de Calamuchita la conoci\u00f3 por primera vez en el 2003, cuando lleg\u00f3 desde su Olavarr\u00eda natal para participar de una competencia de monta\u00f1a y se enamor\u00f3 tanto de sus encantos naturales como de la tranquilidad que all\u00ed encontr\u00f3.<\/p>\n<\/div>\n<\/div>\n<\/article>\n<div class=\"listado-horizontal banner-flex\">\n<div class=\"item\">\n<div id=\"beacon_bff53e0159\">Tras radicarse con su familia, puso en marcha un emprendimiento orientado a la elaboraci\u00f3n de productos regionales que identificaran al pueblo serrano, al que denomin\u00f3 \u201cLa Pampita\u201d, en honor a la pradera que hace las veces de ingreso a la localidad en donde en un primer momento tuvo su local productivo.<\/div>\n<p>Recientemente, su peque\u00f1a f\u00e1brica fue premiada en el Mundial del Alfajor con el premio mayor de la categor\u00eda Mejor Sabor Tradicional y a d\u00edas de alcanzar ese galard\u00f3n, Juan Pablo se sub\u00eda a un avi\u00f3n rumbo al \u00c1frica para afrontar un nuevo desaf\u00edo: escalar el pico m\u00e1s alto de ese continente.<\/p>\n<\/div>\n<\/div>\n<article class=\"article-body\">\n<div class=\"article-content selectionShareable\">\n<div class=\"cuerpo\" data-twitter-link=\"\">\n<p><a href=\"https:\/\/experienciadevida.com.ar\/portalurbano\/gano-en-el-mundial-del-alfajor-hizo-cumbre-en-el-kilimanjaro-y-es-olavarriense\/alfajor_ganador1\/\" rel=\"attachment wp-att-173905\"><img decoding=\"async\" class=\"alignnone size-full wp-image-173905\" src=\"https:\/\/experienciadevida.com.ar\/portalurbano\/wp-content\/uploads\/2022\/08\/alfajor_ganador1.jpg\" alt=\"\" width=\"725\" height=\"529\" srcset=\"https:\/\/experienciadevida.com.ar\/portalurbano\/wp-content\/uploads\/2022\/08\/alfajor_ganador1.jpg 725w, https:\/\/experienciadevida.com.ar\/portalurbano\/wp-content\/uploads\/2022\/08\/alfajor_ganador1-300x219.jpg 300w, https:\/\/experienciadevida.com.ar\/portalurbano\/wp-content\/uploads\/2022\/08\/alfajor_ganador1-150x109.jpg 150w\" sizes=\"(max-width: 725px) 100vw, 725px\" \/><\/a><\/p>\n<p>\u201cHace m\u00e1s de 20 a\u00f1os que empec\u00e9 a participar en carreras de aventura de monta\u00f1a que muchas veces son combinadas entre trekking, mountain bike, canotaje y el uso de cuerdas en monta\u00f1a. Yo vengo del canotaje y cuando me fui a estudiar a Buenos Aires comenc\u00e9 un poco en este boom de carreras de aventura, junto con amigos de Olavarr\u00eda y de Buenos Aires. Y empec\u00e9 a viajar mucho en el pa\u00eds y a pa\u00edses lim\u00edtrofes, hasta que en el 2003 estuve en La Cumbrecita participando en competencias de este tipo\u201d, cuenta Puentes a Puntal, mientras a\u00fan se encuentra en \u00c1frica a d\u00edas de lograr su cometido.<\/p>\n<p>La carrera universitaria y el trabajo lo apartaron un poco de la competencia de alto rendimiento pero nunca dej\u00f3 de practicar el deporte aventura, al menos como un hobbie. A sus 41 a\u00f1os, se propone desaf\u00edos m\u00e1s personales que competitivos y junto a los amigos del deporte que recogi\u00f3 a lo largo de los a\u00f1os diagramaron el objetivo de ascender el monte Kilimanjaro, en Tanzania.<\/p>\n<p><strong>Pr\u00f3ximo desaf\u00edo:<\/strong><\/p>\n<p><strong>el Aconcagua<\/strong><\/p>\n<p>\u201cAl Kilimanjaro lo elegimos porque uno de los amigos coment\u00f3 de la posibilidad de encarar este desaf\u00edo, pero el proyecto del Aconcagua fue el objetivo siempre previo a este. Asimismo, en su momento el Aconcagua debi\u00f3 reprogramarse por la pandemia y entonces dijimos qu\u00e9 hacemos y nos propusimos generar esta expedici\u00f3n junto a gu\u00edas de monta\u00f1a que se dedican a esto y arrancamos con el Kilimanjaro para tener luego el objetivo con vistas al Aconcagua en enero pr\u00f3ximo\u201d, comenta Puentes.<\/p>\n<div id=\"206623-Libre-306132030_wrap\" class=\"embed_cont type_imagen\" contenteditable=\"false\">\n<div id=\"206623-Libre-306132030_content\" class=\"embed_content\"><img decoding=\"async\" id=\"206623-Libre-306132030_embed\" src=\"https:\/\/media.puntal.com.ar\/p\/810f2706b95367fef8843860fdbb9a71\/adjuntos\/270\/imagenes\/001\/512\/0001512692\/1200x0\/smart\/la-cumbrecita-kilimanjaro-1jpg.jpg\" alt=\"\" width=\"1200\" height=\"\" longdesc=\"https:\/\/media.puntal.com.ar\/p\/810f2706b95367fef8843860fdbb9a71\/adjuntos\/270\/imagenes\/001\/512\/0001512692\/1200x0\/smart\/la-cumbrecita-kilimanjaro-1jpg.jpg\" \/><\/div>\n<\/div>\n<p>El monte africano constituye el pico m\u00e1s alto del continente y uno de los 7 summits (picos m\u00e1s altos del mundo) a nivel internacional.<\/p>\n<p>\u201cLa idea es siempre tener un nuevo objetivo, no s\u00e9 si llegaremos a los siete summits, pero la idea es tener siempre algo nuevo por desafiar\u201d, se\u00f1ala.<\/p>\n<p>El emprendedor resalta el potencial del Valle de Calamuchita al momento de prepararse para este tipo de desaf\u00edos. Cuenta que el entrenamiento en bicicleta en la regi\u00f3n serrana de C\u00f3rdoba le permite el fortalecimiento f\u00edsico general y que elige el Cerro Champaqu\u00ed cuando debe entrenar en ascensos y descensos.<\/p>\n<p>\u201cFue una decisi\u00f3n importante poder radicarme en La Cumbrecita porque es como el h\u00e1bitat natural para quien le gusta la monta\u00f1a. El lugar de entrenamiento es ideal\u201d, describe.<\/p>\n<p>Al mismo tiempo, cuenta que a nivel personal el entrenamiento le significa un cable a tierra que lo despeja de la vor\u00e1gine diaria que implica llevar adelante el emprendimiento. \u201cPara m\u00ed todo esto es una terapia muy sana y la disfruto mucho, bajo unas revoluciones y le pongo foco y energ\u00eda a todo lo que tengo por delante. Mi filosof\u00eda de vida siempre estuvo ligada al deporte, aunque hoy m\u00e1s como hobbie, pero como buen complemento para tener una vida sana y equilibrada\u201d, reflexiona.<\/p>\n<p>Sobre su reciente ascenso al monte africano, lo describe como \u201cuna experiencia impresionante, ex\u00f3tica y muy rica a nivel cultural\u201d, de la cual rescata que, pese a la pobreza extrema en la que viven en el norte del continente, los habitantes muestran un enorme respeto y se distinguen por su calidad humana. \u201cNo vimos delincuencia, ni violencia, sino que siempre se expresaron con respeto y calidez, y, en contrapartida, tratamos de ayudar en lo que pod\u00edamos. En lo deportivo, Kilimanjaro fue lo mejor que he vivido. Tiene muchas cosas que no voy a olvidar m\u00e1s y quedan guardadas en mi retina\u201d, expresa.<\/p>\n<\/div>\n<\/div>\n<\/article>\n","protected":false},"excerpt":{"rendered":"<p>Juan Pablo Puentes reside junto a su familia desde hace 10 a\u00f1os en La Cumbrecita,&#8230;<\/p>\n","protected":false},"author":1,"featured_media":173906,"comment_status":"closed","ping_status":"closed","sticky":false,"template":"","format":"standard","meta":{"content-type":""},"categories":[27,51],"tags":[],"nelio_content":{"isAutoShareEnabled":false,"autoShareEndMode":"default","automationSources":{"useContentSentences":true,"useSocialTemplates":true,"useCustomSentences":false,"customSentences":[]},"followers":[1],"suggestedReferences":[],"includedReferences":[],"efiUrl":"","efiAlt":"","highlights":[]},"yoast_head":"<!-- This site is optimized with the Yoast SEO plugin v20.7 - https:\/\/yoast.com\/wordpress\/plugins\/seo\/ -->\n<title>Gan\u00f3 en el Mundial del Alfajor, hizo cumbre en el Kilimanjaro y es<\/title>\n<meta name=\"description\" content=\"Juan Pablo Puentes reside junto a su familia desde hace 10 a\u00f1os en La Cumbrecita, donde lanz\u00f3 una empresa de productos regionales\" \/>\n<meta name=\"robots\" content=\"index, follow, max-snippet:-1, max-image-preview:large, max-video-preview:-1\" \/>\n<link rel=\"canonical\" href=\"https:\/\/experienciadevida.com.ar\/portalurbano\/gano-en-el-mundial-del-alfajor-hizo-cumbre-en-el-kilimanjaro-y-es-olavarriense\/\" \/>\n<meta property=\"og:locale\" content=\"es_ES\" \/>\n<meta property=\"og:type\" content=\"article\" \/>\n<meta property=\"og:title\" content=\"Gan\u00f3 en el Mundial del Alfajor, hizo cumbre en el Kilimanjaro y es\" \/>\n<meta property=\"og:description\" content=\"Juan Pablo Puentes reside junto a su familia desde hace 10 a\u00f1os en La Cumbrecita, donde lanz\u00f3 una empresa de productos regionales\" \/>\n<meta property=\"og:url\" content=\"https:\/\/experienciadevida.com.ar\/portalurbano\/gano-en-el-mundial-del-alfajor-hizo-cumbre-en-el-kilimanjaro-y-es-olavarriense\/\" \/>\n<meta property=\"article:publisher\" content=\"https:\/\/www.facebook.com\/Portal-Urbano-171542830093757\/\" \/>\n<meta property=\"article:published_time\" content=\"2022-08-22T20:13:06+00:00\" \/>\n<meta property=\"article:modified_time\" content=\"2022-08-22T20:15:48+00:00\" \/>\n<meta property=\"og:image\" content=\"https:\/\/experienciadevida.com.ar\/portalurbano\/wp-content\/uploads\/2022\/08\/alfajor_ganador.jpg\" \/>\n\t<meta property=\"og:image:width\" content=\"723\" \/>\n\t<meta property=\"og:image:height\" content=\"406\" \/>\n\t<meta property=\"og:image:type\" content=\"image\/jpeg\" \/>\n<meta name=\"author\" content=\"admpu17wp\" \/>\n<meta name=\"twitter:card\" content=\"summary_large_image\" \/>\n<meta name=\"twitter:creator\" content=\"@portalurbanook\" \/>\n<meta name=\"twitter:site\" content=\"@portalurbanook\" \/>\n<meta name=\"twitter:label1\" content=\"Escrito por\" \/>\n\t<meta name=\"twitter:data1\" content=\"admpu17wp\" \/>\n\t<meta name=\"twitter:label2\" content=\"Tiempo de lectura\" \/>\n\t<meta name=\"twitter:data2\" content=\"4 minutos\" \/>\n<script type=\"application\/ld+json\" class=\"yoast-schema-graph\">{\"@context\":\"https:\/\/schema.org\",\"@graph\":[{\"@type\":\"Article\",\"@id\":\"https:\/\/experienciadevida.com.ar\/portalurbano\/gano-en-el-mundial-del-alfajor-hizo-cumbre-en-el-kilimanjaro-y-es-olavarriense\/#article\",\"isPartOf\":{\"@id\":\"https:\/\/experienciadevida.com.ar\/portalurbano\/gano-en-el-mundial-del-alfajor-hizo-cumbre-en-el-kilimanjaro-y-es-olavarriense\/\"},\"author\":{\"name\":\"admpu17wp\",\"@id\":\"https:\/\/experienciadevida.com.ar\/portalurbano\/#\/schema\/person\/02dd326b1c4b056e9cc972486934a3a7\"},\"headline\":\"Gan\u00f3 en el Mundial del Alfajor, hizo cumbre en el Kilimanjaro y es Olavarriense\",\"datePublished\":\"2022-08-22T20:13:06+00:00\",\"dateModified\":\"2022-08-22T20:15:48+00:00\",\"mainEntityOfPage\":{\"@id\":\"https:\/\/experienciadevida.com.ar\/portalurbano\/gano-en-el-mundial-del-alfajor-hizo-cumbre-en-el-kilimanjaro-y-es-olavarriense\/\"},\"wordCount\":842,\"publisher\":{\"@id\":\"https:\/\/experienciadevida.com.ar\/portalurbano\/#organization\"},\"articleSection\":[\"Ciudad\",\"Destacadas\"],\"inLanguage\":\"es\"},{\"@type\":\"WebPage\",\"@id\":\"https:\/\/experienciadevida.com.ar\/portalurbano\/gano-en-el-mundial-del-alfajor-hizo-cumbre-en-el-kilimanjaro-y-es-olavarriense\/\",\"url\":\"https:\/\/experienciadevida.com.ar\/portalurbano\/gano-en-el-mundial-del-alfajor-hizo-cumbre-en-el-kilimanjaro-y-es-olavarriense\/\",\"name\":\"Gan\u00f3 en el Mundial del Alfajor, hizo cumbre en el Kilimanjaro y es\",\"isPartOf\":{\"@id\":\"https:\/\/experienciadevida.com.ar\/portalurbano\/#website\"},\"datePublished\":\"2022-08-22T20:13:06+00:00\",\"dateModified\":\"2022-08-22T20:15:48+00:00\",\"description\":\"Juan Pablo Puentes reside junto a su familia desde hace 10 a\u00f1os en La Cumbrecita, donde lanz\u00f3 una empresa de productos regionales\",\"breadcrumb\":{\"@id\":\"https:\/\/experienciadevida.com.ar\/portalurbano\/gano-en-el-mundial-del-alfajor-hizo-cumbre-en-el-kilimanjaro-y-es-olavarriense\/#breadcrumb\"},\"inLanguage\":\"es\",\"potentialAction\":[{\"@type\":\"ReadAction\",\"target\":[\"https:\/\/experienciadevida.com.ar\/portalurbano\/gano-en-el-mundial-del-alfajor-hizo-cumbre-en-el-kilimanjaro-y-es-olavarriense\/\"]}]},{\"@type\":\"BreadcrumbList\",\"@id\":\"https:\/\/experienciadevida.com.ar\/portalurbano\/gano-en-el-mundial-del-alfajor-hizo-cumbre-en-el-kilimanjaro-y-es-olavarriense\/#breadcrumb\",\"itemListElement\":[{\"@type\":\"ListItem\",\"position\":1,\"name\":\"Portada\",\"item\":\"https:\/\/experienciadevida.com.ar\/portalurbano\/\"},{\"@type\":\"ListItem\",\"position\":2,\"name\":\"Gan\u00f3 en el Mundial del Alfajor, hizo cumbre en el Kilimanjaro y es Olavarriense\"}]},{\"@type\":\"WebSite\",\"@id\":\"https:\/\/experienciadevida.com.ar\/portalurbano\/#website\",\"url\":\"https:\/\/experienciadevida.com.ar\/portalurbano\/\",\"name\":\"\",\"description\":\"\",\"publisher\":{\"@id\":\"https:\/\/experienciadevida.com.ar\/portalurbano\/#organization\"},\"potentialAction\":[{\"@type\":\"SearchAction\",\"target\":{\"@type\":\"EntryPoint\",\"urlTemplate\":\"https:\/\/experienciadevida.com.ar\/portalurbano\/?s={search_term_string}\"},\"query-input\":\"required name=search_term_string\"}],\"inLanguage\":\"es\"},{\"@type\":\"Organization\",\"@id\":\"https:\/\/experienciadevida.com.ar\/portalurbano\/#organization\",\"name\":\"Portal Urbano\",\"url\":\"https:\/\/experienciadevida.com.ar\/portalurbano\/\",\"logo\":{\"@type\":\"ImageObject\",\"inLanguage\":\"es\",\"@id\":\"https:\/\/experienciadevida.com.ar\/portalurbano\/#\/schema\/logo\/image\/\",\"url\":\"https:\/\/experienciadevida.com.ar\/portalurbano\/wp-content\/uploads\/2019\/09\/Logo-Original.png\",\"contentUrl\":\"https:\/\/experienciadevida.com.ar\/portalurbano\/wp-content\/uploads\/2019\/09\/Logo-Original.png\",\"width\":2236,\"height\":1216,\"caption\":\"Portal Urbano\"},\"image\":{\"@id\":\"https:\/\/experienciadevida.com.ar\/portalurbano\/#\/schema\/logo\/image\/\"},\"sameAs\":[\"https:\/\/www.facebook.com\/Portal-Urbano-171542830093757\/\",\"https:\/\/twitter.com\/portalurbanook\",\"https:\/\/www.instagram.com\/_portalurbano\/\",\"https:\/\/www.youtube.com\/channel\/UCXhagIfszH8KxFiOok79zbA?view_as=subscriber\"]},{\"@type\":\"Person\",\"@id\":\"https:\/\/experienciadevida.com.ar\/portalurbano\/#\/schema\/person\/02dd326b1c4b056e9cc972486934a3a7\",\"name\":\"admpu17wp\",\"image\":{\"@type\":\"ImageObject\",\"inLanguage\":\"es\",\"@id\":\"https:\/\/experienciadevida.com.ar\/portalurbano\/#\/schema\/person\/image\/\",\"url\":\"https:\/\/secure.gravatar.com\/avatar\/830d4c57adaae6630765e449a6908047?s=96&d=mm&r=g\",\"contentUrl\":\"https:\/\/secure.gravatar.com\/avatar\/830d4c57adaae6630765e449a6908047?s=96&d=mm&r=g\",\"caption\":\"admpu17wp\"}}]}<\/script>\n<!-- \/ Yoast SEO plugin. -->","yoast_head_json":{"title":"Gan\u00f3 en el Mundial del Alfajor, hizo cumbre en el Kilimanjaro y es","description":"Juan Pablo Puentes reside junto a su familia desde hace 10 a\u00f1os en La Cumbrecita, donde lanz\u00f3 una empresa de productos regionales","robots":{"index":"index","follow":"follow","max-snippet":"max-snippet:-1","max-image-preview":"max-image-preview:large","max-video-preview":"max-video-preview:-1"},"canonical":"https:\/\/experienciadevida.com.ar\/portalurbano\/gano-en-el-mundial-del-alfajor-hizo-cumbre-en-el-kilimanjaro-y-es-olavarriense\/","og_locale":"es_ES","og_type":"article","og_title":"Gan\u00f3 en el Mundial del Alfajor, hizo cumbre en el Kilimanjaro y es","og_description":"Juan Pablo Puentes reside junto a su familia desde hace 10 a\u00f1os en La Cumbrecita, donde lanz\u00f3 una empresa de productos regionales","og_url":"https:\/\/experienciadevida.com.ar\/portalurbano\/gano-en-el-mundial-del-alfajor-hizo-cumbre-en-el-kilimanjaro-y-es-olavarriense\/","article_publisher":"https:\/\/www.facebook.com\/Portal-Urbano-171542830093757\/","article_published_time":"2022-08-22T20:13:06+00:00","article_modified_time":"2022-08-22T20:15:48+00:00","og_image":[{"width":723,"height":406,"url":"https:\/\/experienciadevida.com.ar\/portalurbano\/wp-content\/uploads\/2022\/08\/alfajor_ganador.jpg","type":"image\/jpeg"}],"author":"admpu17wp","twitter_card":"summary_large_image","twitter_creator":"@portalurbanook","twitter_site":"@portalurbanook","twitter_misc":{"Escrito por":"admpu17wp","Tiempo de lectura":"4 minutos"},"schema":{"@context":"https:\/\/schema.org","@graph":[{"@type":"Article","@id":"https:\/\/experienciadevida.com.ar\/portalurbano\/gano-en-el-mundial-del-alfajor-hizo-cumbre-en-el-kilimanjaro-y-es-olavarriense\/#article","isPartOf":{"@id":"https:\/\/experienciadevida.com.ar\/portalurbano\/gano-en-el-mundial-del-alfajor-hizo-cumbre-en-el-kilimanjaro-y-es-olavarriense\/"},"author":{"name":"admpu17wp","@id":"https:\/\/experienciadevida.com.ar\/portalurbano\/#\/schema\/person\/02dd326b1c4b056e9cc972486934a3a7"},"headline":"Gan\u00f3 en el Mundial del Alfajor, hizo cumbre en el Kilimanjaro y es Olavarriense","datePublished":"2022-08-22T20:13:06+00:00","dateModified":"2022-08-22T20:15:48+00:00","mainEntityOfPage":{"@id":"https:\/\/experienciadevida.com.ar\/portalurbano\/gano-en-el-mundial-del-alfajor-hizo-cumbre-en-el-kilimanjaro-y-es-olavarriense\/"},"wordCount":842,"publisher":{"@id":"https:\/\/experienciadevida.com.ar\/portalurbano\/#organization"},"articleSection":["Ciudad","Destacadas"],"inLanguage":"es"},{"@type":"WebPage","@id":"https:\/\/experienciadevida.com.ar\/portalurbano\/gano-en-el-mundial-del-alfajor-hizo-cumbre-en-el-kilimanjaro-y-es-olavarriense\/","url":"https:\/\/experienciadevida.com.ar\/portalurbano\/gano-en-el-mundial-del-alfajor-hizo-cumbre-en-el-kilimanjaro-y-es-olavarriense\/","name":"Gan\u00f3 en el Mundial del Alfajor, hizo cumbre en el Kilimanjaro y es","isPartOf":{"@id":"https:\/\/experienciadevida.com.ar\/portalurbano\/#website"},"datePublished":"2022-08-22T20:13:06+00:00","dateModified":"2022-08-22T20:15:48+00:00","description":"Juan Pablo Puentes reside junto a su familia desde hace 10 a\u00f1os en La Cumbrecita, donde lanz\u00f3 una empresa de productos regionales","breadcrumb":{"@id":"https:\/\/experienciadevida.com.ar\/portalurbano\/gano-en-el-mundial-del-alfajor-hizo-cumbre-en-el-kilimanjaro-y-es-olavarriense\/#breadcrumb"},"inLanguage":"es","potentialAction":[{"@type":"ReadAction","target":["https:\/\/experienciadevida.com.ar\/portalurbano\/gano-en-el-mundial-del-alfajor-hizo-cumbre-en-el-kilimanjaro-y-es-olavarriense\/"]}]},{"@type":"BreadcrumbList","@id":"https:\/\/experienciadevida.com.ar\/portalurbano\/gano-en-el-mundial-del-alfajor-hizo-cumbre-en-el-kilimanjaro-y-es-olavarriense\/#breadcrumb","itemListElement":[{"@type":"ListItem","position":1,"name":"Portada","item":"https:\/\/experienciadevida.com.ar\/portalurbano\/"},{"@type":"ListItem","position":2,"name":"Gan\u00f3 en el Mundial del Alfajor, hizo cumbre en el Kilimanjaro y es Olavarriense"}]},{"@type":"WebSite","@id":"https:\/\/experienciadevida.com.ar\/portalurbano\/#website","url":"https:\/\/experienciadevida.com.ar\/portalurbano\/","name":"","description":"","publisher":{"@id":"https:\/\/experienciadevida.com.ar\/portalurbano\/#organization"},"potentialAction":[{"@type":"SearchAction","target":{"@type":"EntryPoint","urlTemplate":"https:\/\/experienciadevida.com.ar\/portalurbano\/?s={search_term_string}"},"query-input":"required name=search_term_string"}],"inLanguage":"es"},{"@type":"Organization","@id":"https:\/\/experienciadevida.com.ar\/portalurbano\/#organization","name":"Portal Urbano","url":"https:\/\/experienciadevida.com.ar\/portalurbano\/","logo":{"@type":"ImageObject","inLanguage":"es","@id":"https:\/\/experienciadevida.com.ar\/portalurbano\/#\/schema\/logo\/image\/","url":"https:\/\/experienciadevida.com.ar\/portalurbano\/wp-content\/uploads\/2019\/09\/Logo-Original.png","contentUrl":"https:\/\/experienciadevida.com.ar\/portalurbano\/wp-content\/uploads\/2019\/09\/Logo-Original.png","width":2236,"height":1216,"caption":"Portal Urbano"},"image":{"@id":"https:\/\/experienciadevida.com.ar\/portalurbano\/#\/schema\/logo\/image\/"},"sameAs":["https:\/\/www.facebook.com\/Portal-Urbano-171542830093757\/","https:\/\/twitter.com\/portalurbanook","https:\/\/www.instagram.com\/_portalurbano\/","https:\/\/www.youtube.com\/channel\/UCXhagIfszH8KxFiOok79zbA?view_as=subscriber"]},{"@type":"Person","@id":"https:\/\/experienciadevida.com.ar\/portalurbano\/#\/schema\/person\/02dd326b1c4b056e9cc972486934a3a7","name":"admpu17wp","image":{"@type":"ImageObject","inLanguage":"es","@id":"https:\/\/experienciadevida.com.ar\/portalurbano\/#\/schema\/person\/image\/","url":"https:\/\/secure.gravatar.com\/avatar\/830d4c57adaae6630765e449a6908047?s=96&d=mm&r=g","contentUrl":"https:\/\/secure.gravatar.com\/avatar\/830d4c57adaae6630765e449a6908047?s=96&d=mm&r=g","caption":"admpu17wp"}}]}},"featured_image_urls":{"full":["https:\/\/experienciadevida.com.ar\/portalurbano\/wp-content\/uploads\/2022\/08\/alfajor_ganador.jpg",723,406,false],"thumbnail":["https:\/\/experienciadevida.com.ar\/portalurbano\/wp-content\/uploads\/2022\/08\/alfajor_ganador-150x150.jpg",150,150,true],"medium":["https:\/\/experienciadevida.com.ar\/portalurbano\/wp-content\/uploads\/2022\/08\/alfajor_ganador-300x168.jpg",300,168,true],"medium_large":["https:\/\/experienciadevida.com.ar\/portalurbano\/wp-content\/uploads\/2022\/08\/alfajor_ganador.jpg",640,359,false],"large":["https:\/\/experienciadevida.com.ar\/portalurbano\/wp-content\/uploads\/2022\/08\/alfajor_ganador.jpg",640,359,false],"ug_big":["https:\/\/experienciadevida.com.ar\/portalurbano\/wp-content\/uploads\/2022\/08\/alfajor_ganador.jpg",723,406,false],"1536x1536":["https:\/\/experienciadevida.com.ar\/portalurbano\/wp-content\/uploads\/2022\/08\/alfajor_ganador.jpg",723,406,false],"2048x2048":["https:\/\/experienciadevida.com.ar\/portalurbano\/wp-content\/uploads\/2022\/08\/alfajor_ganador.jpg",723,406,false],"newsever-slider-full":["https:\/\/experienciadevida.com.ar\/portalurbano\/wp-content\/uploads\/2022\/08\/alfajor_ganador.jpg",723,406,false],"newsever-featured":["https:\/\/experienciadevida.com.ar\/portalurbano\/wp-content\/uploads\/2022\/08\/alfajor_ganador.jpg",723,406,false],"newsever-medium":["https:\/\/experienciadevida.com.ar\/portalurbano\/wp-content\/uploads\/2022\/08\/alfajor_ganador.jpg",720,404,false],"web-stories-poster-portrait":["https:\/\/experienciadevida.com.ar\/portalurbano\/wp-content\/uploads\/2022\/08\/alfajor_ganador-640x406.jpg",640,406,true],"web-stories-publisher-logo":["https:\/\/experienciadevida.com.ar\/portalurbano\/wp-content\/uploads\/2022\/08\/alfajor_ganador-96x96.jpg",96,96,true],"web-stories-thumbnail":["https:\/\/experienciadevida.com.ar\/portalurbano\/wp-content\/uploads\/2022\/08\/alfajor_ganador-150x84.jpg",150,84,true]},"author_info":{"display_name":"admpu17wp","author_link":"https:\/\/experienciadevida.com.ar\/portalurbano\/author\/admpu17wp\/"},"category_info":"<a href=\"https:\/\/experienciadevida.com.ar\/portalurbano\/category\/ciudad\/\" rel=\"category tag\">Ciudad<\/a> <a href=\"https:\/\/experienciadevida.com.ar\/portalurbano\/category\/destacadas\/\" rel=\"category tag\">Destacadas<\/a>","tag_info":"Destacadas","comment_count":"0","amp_enabled":true,"_links":{"self":[{"href":"https:\/\/experienciadevida.com.ar\/portalurbano\/wp-json\/wp\/v2\/posts\/173904"}],"collection":[{"href":"https:\/\/experienciadevida.com.ar\/portalurbano\/wp-json\/wp\/v2\/posts"}],"about":[{"href":"https:\/\/experienciadevida.com.ar\/portalurbano\/wp-json\/wp\/v2\/types\/post"}],"author":[{"embeddable":true,"href":"https:\/\/experienciadevida.com.ar\/portalurbano\/wp-json\/wp\/v2\/users\/1"}],"replies":[{"embeddable":true,"href":"https:\/\/experienciadevida.com.ar\/portalurbano\/wp-json\/wp\/v2\/comments?post=173904"}],"version-history":[{"count":3,"href":"https:\/\/experienciadevida.com.ar\/portalurbano\/wp-json\/wp\/v2\/posts\/173904\/revisions"}],"predecessor-version":[{"id":173909,"href":"https:\/\/experienciadevida.com.ar\/portalurbano\/wp-json\/wp\/v2\/posts\/173904\/revisions\/173909"}],"wp:featuredmedia":[{"embeddable":true,"href":"https:\/\/experienciadevida.com.ar\/portalurbano\/wp-json\/wp\/v2\/media\/173906"}],"wp:attachment":[{"href":"https:\/\/experienciadevida.com.ar\/portalurbano\/wp-json\/wp\/v2\/media?parent=173904"}],"wp:term":[{"taxonomy":"category","embeddable":true,"href":"https:\/\/experienciadevida.com.ar\/portalurbano\/wp-json\/wp\/v2\/categories?post=173904"},{"taxonomy":"post_tag","embeddable":true,"href":"https:\/\/experienciadevida.com.ar\/portalurbano\/wp-json\/wp\/v2\/tags?post=173904"}],"curies":[{"name":"wp","href":"https:\/\/api.w.org\/{rel}","templated":true}]}}