{"id":173879,"date":"2022-08-22T15:03:04","date_gmt":"2022-08-22T18:03:04","guid":{"rendered":"https:\/\/experienciadevida.com.ar\/portalurbano\/?p=173879"},"modified":"2022-08-22T15:03:47","modified_gmt":"2022-08-22T18:03:47","slug":"por-primera-vez-en-la-historia-una-mujer-conducira-la-escuela-de-cadetes-del-servicio-penitenciario-bonaerense","status":"publish","type":"post","link":"https:\/\/experienciadevida.com.ar\/portalurbano\/por-primera-vez-en-la-historia-una-mujer-conducira-la-escuela-de-cadetes-del-servicio-penitenciario-bonaerense\/","title":{"rendered":"Por primera vez en la historia una mujer conducir\u00e1 la Escuela de Cadetes del Servicio Penitenciario Bonaerense"},"content":{"rendered":"<p>Por primera vez en la historia una mujer conducir\u00e1 la Escuela de Cadetes del Servicio Penitenciario Bonaerense, la Prefecto del Escalaf\u00f3n General, Mar\u00eda Jos\u00e9 Anaya, se transform\u00f3 en la primera directora del Instituto de Formaci\u00f3n donde se forman los futuros oficiales penitenciarios de la provincia de Buenos Aires, que en la actualidad tiene una cifra r\u00e9cord de matr\u00edcula: 1.733.<\/p>\n<p><a href=\"https:\/\/experienciadevida.com.ar\/portalurbano\/por-primera-vez-en-la-historia-una-mujer-conducira-la-escuela-de-cadetes-del-servicio-penitenciario-bonaerense\/por-3\/\" rel=\"attachment wp-att-173881\"><img decoding=\"async\" class=\"alignnone size-large wp-image-173881\" src=\"https:\/\/experienciadevida.com.ar\/portalurbano\/wp-content\/uploads\/2022\/08\/Por-682x1024.jpeg\" alt=\"Por \" width=\"682\" height=\"1024\" srcset=\"https:\/\/experienciadevida.com.ar\/portalurbano\/wp-content\/uploads\/2022\/08\/Por-682x1024.jpeg 682w, https:\/\/experienciadevida.com.ar\/portalurbano\/wp-content\/uploads\/2022\/08\/Por-200x300.jpeg 200w, https:\/\/experienciadevida.com.ar\/portalurbano\/wp-content\/uploads\/2022\/08\/Por-768x1154.jpeg 768w, https:\/\/experienciadevida.com.ar\/portalurbano\/wp-content\/uploads\/2022\/08\/Por-511x768.jpeg 511w, https:\/\/experienciadevida.com.ar\/portalurbano\/wp-content\/uploads\/2022\/08\/Por-150x225.jpeg 150w, https:\/\/experienciadevida.com.ar\/portalurbano\/wp-content\/uploads\/2022\/08\/Por.jpeg 852w\" sizes=\"(max-width: 682px) 100vw, 682px\" \/><\/a><\/p>\n<p>Una mujer se convirti\u00f3 este viernes en la primera directora de la Escuela de Cadetes del Servicio Penitenciario Bonaerense (SPB) en un hecho hist\u00f3rico en la provincia de Buenos Aires. Se trata de la Prefecto del Escalaf\u00f3n General Mar\u00eda Jos\u00e9 Anaya, de 40 a\u00f1os,\u00a0 oriunda de Jun\u00edn y la que vive en La Plata desde que inici\u00f3 su carrera<br \/>\nprofesional.<\/p>\n<p>Con el aval del Ministerio de Justicia y Derechos Humanos de la provincia de Buenos Aires, Anaya se transform\u00f3 en la primera mujer en conducir la Escuela de Cadetes, la que tiene una matr\u00edcula r\u00e9cord de 1.733 alumnos que<br \/>\nse preparan como futuros oficiales para cubrir los cargos dentro del Plan de Infraestructura Penitenciaria 2022 \u2013 2023.<\/p>\n<p>Anaya est\u00e1 casada, tiene tres hijos y vive en la localidad de Lisandro Olmos. Su esposo es oficial penitenciario y cumple funciones en la Unidad 26 del SPB.<\/p>\n<p>Los padres de la flamante directora de la Escuela de Cadetes son oficiales retirados del SPB, y las dos hermanas tambi\u00e9n pertenecen a la fuerza.<\/p>\n<p><a href=\"https:\/\/experienciadevida.com.ar\/portalurbano\/por-primera-vez-en-la-historia-una-mujer-conducira-la-escuela-de-cadetes-del-servicio-penitenciario-bonaerense\/primera\/\" rel=\"attachment wp-att-173882\"><img decoding=\"async\" class=\"alignnone size-large wp-image-173882\" src=\"https:\/\/experienciadevida.com.ar\/portalurbano\/wp-content\/uploads\/2022\/08\/primera-1024x682.jpeg\" alt=\"primera \" width=\"900\" height=\"599\" srcset=\"https:\/\/experienciadevida.com.ar\/portalurbano\/wp-content\/uploads\/2022\/08\/primera-1024x682.jpeg 1024w, https:\/\/experienciadevida.com.ar\/portalurbano\/wp-content\/uploads\/2022\/08\/primera-300x200.jpeg 300w, https:\/\/experienciadevida.com.ar\/portalurbano\/wp-content\/uploads\/2022\/08\/primera-768x511.jpeg 768w, https:\/\/experienciadevida.com.ar\/portalurbano\/wp-content\/uploads\/2022\/08\/primera-150x100.jpeg 150w, https:\/\/experienciadevida.com.ar\/portalurbano\/wp-content\/uploads\/2022\/08\/primera.jpeg 1280w\" sizes=\"(max-width: 900px) 100vw, 900px\" \/><\/a><\/p>\n<p>Mar\u00eda Jos\u00e9 ingres\u00f3 como estudiante a la Escuela de Cadetes en el a\u00f1o 2003 y en 2005 obtuvo la tecnicatura superior en Seguridad y Tratamiento Penitenciario, y al egresar fue la primera mujer en obtener el mayor orden de m\u00e9rito, hasta ese momento siempre ese logro lo hab\u00edan obtenido varones.<\/p>\n<p>Anaya recuerda sus comienzos en la Escuela de Cadetes con cari\u00f1o y resalt\u00f3 que su madre, Liliana Uhalt, form\u00f3 parte de la primera promoci\u00f3n de oficiales femeninas del SPB.<\/p>\n<p>Con m\u00e1s de 19 a\u00f1os de servicio, Anaya detall\u00f3 que \u201cen los \u00faltimos once a\u00f1os cumpl\u00ed funciones en la Escuela de Cadetes y he pasado por casi todos los roles: instructora, jefa de la compa\u00f1\u00eda femenina, jefa de sumario,<br \/>\nsecretaria docente, regente de formaci\u00f3n y subdirectora de formaci\u00f3n\u201d.<\/p>\n<p>\u201cSiento una fuerte emoci\u00f3n ante esta designaci\u00f3n. Cuando me hicieron el desaf\u00edo pens\u00e9 en mi primer d\u00eda en la Escuela de Cadetes, de lo lejano que ve\u00eda tener un cargo de responsabilidad\u201d, cont\u00f3 Anaya.<\/p>\n<p>La prefecto a\u00f1adi\u00f3 que \u201csiempre me gust\u00f3 la formaci\u00f3n. La Escuela de Cadetes del SPB cumple una funci\u00f3n social muy importante. Recibimos a j\u00f3venes de entre 17 y 24 a\u00f1os que vienen a proyectar un futuro y les damos<br \/>\nlas herramientas necesarias con la ense\u00f1anza de valores y un ejemplo a seguir\u201d.<\/p>\n<p>\u201cLa Escuela de Cadetes -continu\u00f3 Anaya- transforma a los j\u00f3venes. Los padres nos suelen decir que sus hijos e hijas manifiestan con hechos su crecimiento como personas, y eso a las autoridades nos gratifica\u201d.<\/p>\n<p>La Escuela de Cadetes del SPB tiene en la actualidad una matr\u00edcula de 1733 alumnos, de los cuales 1017 son mujeres y 716, hombres, una cifra nunca alcanzada en la historia de la Provincia.<\/p>\n<p>Anaya fue designada como directora del Instituto Superior de Formaci\u00f3n y Capacitaci\u00f3n Penitenciaria N\u00b0 6001 \u201cInspector General Baltasar Armando Iramain\u201d, m\u00e1s conocida como Escuela de Cadetes del SPB, este viernes por<br \/>\nuna resoluci\u00f3n.<\/p>\n<p>Fuente y Fotos: Servicio Penitenciario Bonaerense<\/p>\n<p><a href=\"https:\/\/experienciadevida.com.ar\/portalurbano\/por-primera-vez-en-la-historia-una-mujer-conducira-la-escuela-de-cadetes-del-servicio-penitenciario-bonaerense\/vez\/\" rel=\"attachment wp-att-173883\"><img decoding=\"async\" class=\"alignnone size-large wp-image-173883\" src=\"https:\/\/experienciadevida.com.ar\/portalurbano\/wp-content\/uploads\/2022\/08\/vez-1024x682.jpeg\" alt=\"vez \" width=\"900\" height=\"599\" srcset=\"https:\/\/experienciadevida.com.ar\/portalurbano\/wp-content\/uploads\/2022\/08\/vez-1024x682.jpeg 1024w, https:\/\/experienciadevida.com.ar\/portalurbano\/wp-content\/uploads\/2022\/08\/vez-300x200.jpeg 300w, https:\/\/experienciadevida.com.ar\/portalurbano\/wp-content\/uploads\/2022\/08\/vez-768x511.jpeg 768w, https:\/\/experienciadevida.com.ar\/portalurbano\/wp-content\/uploads\/2022\/08\/vez-150x100.jpeg 150w, https:\/\/experienciadevida.com.ar\/portalurbano\/wp-content\/uploads\/2022\/08\/vez.jpeg 1280w\" sizes=\"(max-width: 900px) 100vw, 900px\" \/><\/a><\/p>\n","protected":false},"excerpt":{"rendered":"<p>Por primera vez en la historia una mujer conducir\u00e1 la Escuela de Cadetes del Servicio&#8230;<\/p>\n","protected":false},"author":1,"featured_media":173880,"comment_status":"closed","ping_status":"closed","sticky":false,"template":"","format":"standard","meta":{"content-type":""},"categories":[27],"tags":[],"nelio_content":{"isAutoShareEnabled":false,"autoShareEndMode":"default","automationSources":{"useContentSentences":true,"useSocialTemplates":true,"useCustomSentences":false,"customSentences":[]},"followers":[1],"suggestedReferences":[],"includedReferences":[],"efiUrl":"","efiAlt":"","highlights":[]},"yoast_head":"<!-- This site is optimized with the Yoast SEO plugin v20.7 - https:\/\/yoast.com\/wordpress\/plugins\/seo\/ -->\n<title>Por primera vez en la historia una mujer conducir\u00e1 la escuela<\/title>\n<meta name=\"description\" content=\"Por primera vez en la historia una mujer conducir\u00e1 la Escuela de Cadetes del Servicio Penitenciario Bonaerense, la Prefecto\" \/>\n<meta name=\"robots\" content=\"index, follow, max-snippet:-1, max-image-preview:large, max-video-preview:-1\" \/>\n<link rel=\"canonical\" href=\"https:\/\/experienciadevida.com.ar\/portalurbano\/por-primera-vez-en-la-historia-una-mujer-conducira-la-escuela-de-cadetes-del-servicio-penitenciario-bonaerense\/\" \/>\n<meta property=\"og:locale\" content=\"es_ES\" \/>\n<meta property=\"og:type\" content=\"article\" \/>\n<meta property=\"og:title\" content=\"Por primera vez en la historia una mujer conducir\u00e1 la escuela\" \/>\n<meta property=\"og:description\" content=\"Por primera vez en la historia una mujer conducir\u00e1 la Escuela de Cadetes del Servicio Penitenciario Bonaerense, la Prefecto\" \/>\n<meta property=\"og:url\" content=\"https:\/\/experienciadevida.com.ar\/portalurbano\/por-primera-vez-en-la-historia-una-mujer-conducira-la-escuela-de-cadetes-del-servicio-penitenciario-bonaerense\/\" \/>\n<meta property=\"article:publisher\" content=\"https:\/\/www.facebook.com\/Portal-Urbano-171542830093757\/\" \/>\n<meta property=\"article:published_time\" content=\"2022-08-22T18:03:04+00:00\" \/>\n<meta property=\"article:modified_time\" content=\"2022-08-22T18:03:47+00:00\" \/>\n<meta property=\"og:image\" content=\"https:\/\/experienciadevida.com.ar\/portalurbano\/wp-content\/uploads\/2022\/08\/Por-primera-vez-en.jpeg\" \/>\n\t<meta property=\"og:image:width\" content=\"765\" \/>\n\t<meta property=\"og:image:height\" content=\"510\" \/>\n\t<meta property=\"og:image:type\" content=\"image\/jpeg\" \/>\n<meta name=\"author\" content=\"admpu17wp\" \/>\n<meta name=\"twitter:card\" content=\"summary_large_image\" \/>\n<meta name=\"twitter:creator\" content=\"@portalurbanook\" \/>\n<meta name=\"twitter:site\" content=\"@portalurbanook\" \/>\n<meta name=\"twitter:label1\" content=\"Escrito por\" \/>\n\t<meta name=\"twitter:data1\" content=\"admpu17wp\" \/>\n\t<meta name=\"twitter:label2\" content=\"Tiempo de lectura\" \/>\n\t<meta name=\"twitter:data2\" content=\"4 minutos\" \/>\n<script type=\"application\/ld+json\" class=\"yoast-schema-graph\">{\"@context\":\"https:\/\/schema.org\",\"@graph\":[{\"@type\":\"Article\",\"@id\":\"https:\/\/experienciadevida.com.ar\/portalurbano\/por-primera-vez-en-la-historia-una-mujer-conducira-la-escuela-de-cadetes-del-servicio-penitenciario-bonaerense\/#article\",\"isPartOf\":{\"@id\":\"https:\/\/experienciadevida.com.ar\/portalurbano\/por-primera-vez-en-la-historia-una-mujer-conducira-la-escuela-de-cadetes-del-servicio-penitenciario-bonaerense\/\"},\"author\":{\"name\":\"admpu17wp\",\"@id\":\"https:\/\/experienciadevida.com.ar\/portalurbano\/#\/schema\/person\/02dd326b1c4b056e9cc972486934a3a7\"},\"headline\":\"Por primera vez en la historia una mujer conducir\u00e1 la Escuela de Cadetes del Servicio Penitenciario Bonaerense\",\"datePublished\":\"2022-08-22T18:03:04+00:00\",\"dateModified\":\"2022-08-22T18:03:47+00:00\",\"mainEntityOfPage\":{\"@id\":\"https:\/\/experienciadevida.com.ar\/portalurbano\/por-primera-vez-en-la-historia-una-mujer-conducira-la-escuela-de-cadetes-del-servicio-penitenciario-bonaerense\/\"},\"wordCount\":592,\"publisher\":{\"@id\":\"https:\/\/experienciadevida.com.ar\/portalurbano\/#organization\"},\"articleSection\":[\"Ciudad\"],\"inLanguage\":\"es\"},{\"@type\":\"WebPage\",\"@id\":\"https:\/\/experienciadevida.com.ar\/portalurbano\/por-primera-vez-en-la-historia-una-mujer-conducira-la-escuela-de-cadetes-del-servicio-penitenciario-bonaerense\/\",\"url\":\"https:\/\/experienciadevida.com.ar\/portalurbano\/por-primera-vez-en-la-historia-una-mujer-conducira-la-escuela-de-cadetes-del-servicio-penitenciario-bonaerense\/\",\"name\":\"Por primera vez en la historia una mujer conducir\u00e1 la escuela\",\"isPartOf\":{\"@id\":\"https:\/\/experienciadevida.com.ar\/portalurbano\/#website\"},\"datePublished\":\"2022-08-22T18:03:04+00:00\",\"dateModified\":\"2022-08-22T18:03:47+00:00\",\"description\":\"Por primera vez en la historia una mujer conducir\u00e1 la Escuela de Cadetes del Servicio Penitenciario Bonaerense, la Prefecto\",\"breadcrumb\":{\"@id\":\"https:\/\/experienciadevida.com.ar\/portalurbano\/por-primera-vez-en-la-historia-una-mujer-conducira-la-escuela-de-cadetes-del-servicio-penitenciario-bonaerense\/#breadcrumb\"},\"inLanguage\":\"es\",\"potentialAction\":[{\"@type\":\"ReadAction\",\"target\":[\"https:\/\/experienciadevida.com.ar\/portalurbano\/por-primera-vez-en-la-historia-una-mujer-conducira-la-escuela-de-cadetes-del-servicio-penitenciario-bonaerense\/\"]}]},{\"@type\":\"BreadcrumbList\",\"@id\":\"https:\/\/experienciadevida.com.ar\/portalurbano\/por-primera-vez-en-la-historia-una-mujer-conducira-la-escuela-de-cadetes-del-servicio-penitenciario-bonaerense\/#breadcrumb\",\"itemListElement\":[{\"@type\":\"ListItem\",\"position\":1,\"name\":\"Portada\",\"item\":\"https:\/\/experienciadevida.com.ar\/portalurbano\/\"},{\"@type\":\"ListItem\",\"position\":2,\"name\":\"Por primera vez en la historia una mujer conducir\u00e1 la Escuela de Cadetes del Servicio Penitenciario Bonaerense\"}]},{\"@type\":\"WebSite\",\"@id\":\"https:\/\/experienciadevida.com.ar\/portalurbano\/#website\",\"url\":\"https:\/\/experienciadevida.com.ar\/portalurbano\/\",\"name\":\"\",\"description\":\"\",\"publisher\":{\"@id\":\"https:\/\/experienciadevida.com.ar\/portalurbano\/#organization\"},\"potentialAction\":[{\"@type\":\"SearchAction\",\"target\":{\"@type\":\"EntryPoint\",\"urlTemplate\":\"https:\/\/experienciadevida.com.ar\/portalurbano\/?s={search_term_string}\"},\"query-input\":\"required name=search_term_string\"}],\"inLanguage\":\"es\"},{\"@type\":\"Organization\",\"@id\":\"https:\/\/experienciadevida.com.ar\/portalurbano\/#organization\",\"name\":\"Portal Urbano\",\"url\":\"https:\/\/experienciadevida.com.ar\/portalurbano\/\",\"logo\":{\"@type\":\"ImageObject\",\"inLanguage\":\"es\",\"@id\":\"https:\/\/experienciadevida.com.ar\/portalurbano\/#\/schema\/logo\/image\/\",\"url\":\"https:\/\/experienciadevida.com.ar\/portalurbano\/wp-content\/uploads\/2019\/09\/Logo-Original.png\",\"contentUrl\":\"https:\/\/experienciadevida.com.ar\/portalurbano\/wp-content\/uploads\/2019\/09\/Logo-Original.png\",\"width\":2236,\"height\":1216,\"caption\":\"Portal Urbano\"},\"image\":{\"@id\":\"https:\/\/experienciadevida.com.ar\/portalurbano\/#\/schema\/logo\/image\/\"},\"sameAs\":[\"https:\/\/www.facebook.com\/Portal-Urbano-171542830093757\/\",\"https:\/\/twitter.com\/portalurbanook\",\"https:\/\/www.instagram.com\/_portalurbano\/\",\"https:\/\/www.youtube.com\/channel\/UCXhagIfszH8KxFiOok79zbA?view_as=subscriber\"]},{\"@type\":\"Person\",\"@id\":\"https:\/\/experienciadevida.com.ar\/portalurbano\/#\/schema\/person\/02dd326b1c4b056e9cc972486934a3a7\",\"name\":\"admpu17wp\",\"image\":{\"@type\":\"ImageObject\",\"inLanguage\":\"es\",\"@id\":\"https:\/\/experienciadevida.com.ar\/portalurbano\/#\/schema\/person\/image\/\",\"url\":\"https:\/\/secure.gravatar.com\/avatar\/830d4c57adaae6630765e449a6908047?s=96&d=mm&r=g\",\"contentUrl\":\"https:\/\/secure.gravatar.com\/avatar\/830d4c57adaae6630765e449a6908047?s=96&d=mm&r=g\",\"caption\":\"admpu17wp\"}}]}<\/script>\n<!-- \/ Yoast SEO plugin. -->","yoast_head_json":{"title":"Por primera vez en la historia una mujer conducir\u00e1 la escuela","description":"Por primera vez en la historia una mujer conducir\u00e1 la Escuela de Cadetes del Servicio Penitenciario Bonaerense, la Prefecto","robots":{"index":"index","follow":"follow","max-snippet":"max-snippet:-1","max-image-preview":"max-image-preview:large","max-video-preview":"max-video-preview:-1"},"canonical":"https:\/\/experienciadevida.com.ar\/portalurbano\/por-primera-vez-en-la-historia-una-mujer-conducira-la-escuela-de-cadetes-del-servicio-penitenciario-bonaerense\/","og_locale":"es_ES","og_type":"article","og_title":"Por primera vez en la historia una mujer conducir\u00e1 la escuela","og_description":"Por primera vez en la historia una mujer conducir\u00e1 la Escuela de Cadetes del Servicio Penitenciario Bonaerense, la Prefecto","og_url":"https:\/\/experienciadevida.com.ar\/portalurbano\/por-primera-vez-en-la-historia-una-mujer-conducira-la-escuela-de-cadetes-del-servicio-penitenciario-bonaerense\/","article_publisher":"https:\/\/www.facebook.com\/Portal-Urbano-171542830093757\/","article_published_time":"2022-08-22T18:03:04+00:00","article_modified_time":"2022-08-22T18:03:47+00:00","og_image":[{"width":765,"height":510,"url":"https:\/\/experienciadevida.com.ar\/portalurbano\/wp-content\/uploads\/2022\/08\/Por-primera-vez-en.jpeg","type":"image\/jpeg"}],"author":"admpu17wp","twitter_card":"summary_large_image","twitter_creator":"@portalurbanook","twitter_site":"@portalurbanook","twitter_misc":{"Escrito por":"admpu17wp","Tiempo de lectura":"4 minutos"},"schema":{"@context":"https:\/\/schema.org","@graph":[{"@type":"Article","@id":"https:\/\/experienciadevida.com.ar\/portalurbano\/por-primera-vez-en-la-historia-una-mujer-conducira-la-escuela-de-cadetes-del-servicio-penitenciario-bonaerense\/#article","isPartOf":{"@id":"https:\/\/experienciadevida.com.ar\/portalurbano\/por-primera-vez-en-la-historia-una-mujer-conducira-la-escuela-de-cadetes-del-servicio-penitenciario-bonaerense\/"},"author":{"name":"admpu17wp","@id":"https:\/\/experienciadevida.com.ar\/portalurbano\/#\/schema\/person\/02dd326b1c4b056e9cc972486934a3a7"},"headline":"Por primera vez en la historia una mujer conducir\u00e1 la Escuela de Cadetes del Servicio Penitenciario Bonaerense","datePublished":"2022-08-22T18:03:04+00:00","dateModified":"2022-08-22T18:03:47+00:00","mainEntityOfPage":{"@id":"https:\/\/experienciadevida.com.ar\/portalurbano\/por-primera-vez-en-la-historia-una-mujer-conducira-la-escuela-de-cadetes-del-servicio-penitenciario-bonaerense\/"},"wordCount":592,"publisher":{"@id":"https:\/\/experienciadevida.com.ar\/portalurbano\/#organization"},"articleSection":["Ciudad"],"inLanguage":"es"},{"@type":"WebPage","@id":"https:\/\/experienciadevida.com.ar\/portalurbano\/por-primera-vez-en-la-historia-una-mujer-conducira-la-escuela-de-cadetes-del-servicio-penitenciario-bonaerense\/","url":"https:\/\/experienciadevida.com.ar\/portalurbano\/por-primera-vez-en-la-historia-una-mujer-conducira-la-escuela-de-cadetes-del-servicio-penitenciario-bonaerense\/","name":"Por primera vez en la historia una mujer conducir\u00e1 la escuela","isPartOf":{"@id":"https:\/\/experienciadevida.com.ar\/portalurbano\/#website"},"datePublished":"2022-08-22T18:03:04+00:00","dateModified":"2022-08-22T18:03:47+00:00","description":"Por primera vez en la historia una mujer conducir\u00e1 la Escuela de Cadetes del Servicio Penitenciario Bonaerense, la Prefecto","breadcrumb":{"@id":"https:\/\/experienciadevida.com.ar\/portalurbano\/por-primera-vez-en-la-historia-una-mujer-conducira-la-escuela-de-cadetes-del-servicio-penitenciario-bonaerense\/#breadcrumb"},"inLanguage":"es","potentialAction":[{"@type":"ReadAction","target":["https:\/\/experienciadevida.com.ar\/portalurbano\/por-primera-vez-en-la-historia-una-mujer-conducira-la-escuela-de-cadetes-del-servicio-penitenciario-bonaerense\/"]}]},{"@type":"BreadcrumbList","@id":"https:\/\/experienciadevida.com.ar\/portalurbano\/por-primera-vez-en-la-historia-una-mujer-conducira-la-escuela-de-cadetes-del-servicio-penitenciario-bonaerense\/#breadcrumb","itemListElement":[{"@type":"ListItem","position":1,"name":"Portada","item":"https:\/\/experienciadevida.com.ar\/portalurbano\/"},{"@type":"ListItem","position":2,"name":"Por primera vez en la historia una mujer conducir\u00e1 la Escuela de Cadetes del Servicio Penitenciario Bonaerense"}]},{"@type":"WebSite","@id":"https:\/\/experienciadevida.com.ar\/portalurbano\/#website","url":"https:\/\/experienciadevida.com.ar\/portalurbano\/","name":"","description":"","publisher":{"@id":"https:\/\/experienciadevida.com.ar\/portalurbano\/#organization"},"potentialAction":[{"@type":"SearchAction","target":{"@type":"EntryPoint","urlTemplate":"https:\/\/experienciadevida.com.ar\/portalurbano\/?s={search_term_string}"},"query-input":"required name=search_term_string"}],"inLanguage":"es"},{"@type":"Organization","@id":"https:\/\/experienciadevida.com.ar\/portalurbano\/#organization","name":"Portal Urbano","url":"https:\/\/experienciadevida.com.ar\/portalurbano\/","logo":{"@type":"ImageObject","inLanguage":"es","@id":"https:\/\/experienciadevida.com.ar\/portalurbano\/#\/schema\/logo\/image\/","url":"https:\/\/experienciadevida.com.ar\/portalurbano\/wp-content\/uploads\/2019\/09\/Logo-Original.png","contentUrl":"https:\/\/experienciadevida.com.ar\/portalurbano\/wp-content\/uploads\/2019\/09\/Logo-Original.png","width":2236,"height":1216,"caption":"Portal Urbano"},"image":{"@id":"https:\/\/experienciadevida.com.ar\/portalurbano\/#\/schema\/logo\/image\/"},"sameAs":["https:\/\/www.facebook.com\/Portal-Urbano-171542830093757\/","https:\/\/twitter.com\/portalurbanook","https:\/\/www.instagram.com\/_portalurbano\/","https:\/\/www.youtube.com\/channel\/UCXhagIfszH8KxFiOok79zbA?view_as=subscriber"]},{"@type":"Person","@id":"https:\/\/experienciadevida.com.ar\/portalurbano\/#\/schema\/person\/02dd326b1c4b056e9cc972486934a3a7","name":"admpu17wp","image":{"@type":"ImageObject","inLanguage":"es","@id":"https:\/\/experienciadevida.com.ar\/portalurbano\/#\/schema\/person\/image\/","url":"https:\/\/secure.gravatar.com\/avatar\/830d4c57adaae6630765e449a6908047?s=96&d=mm&r=g","contentUrl":"https:\/\/secure.gravatar.com\/avatar\/830d4c57adaae6630765e449a6908047?s=96&d=mm&r=g","caption":"admpu17wp"}}]}},"featured_image_urls":{"full":["https:\/\/experienciadevida.com.ar\/portalurbano\/wp-content\/uploads\/2022\/08\/Por-primera-vez-en.jpeg",765,510,false],"thumbnail":["https:\/\/experienciadevida.com.ar\/portalurbano\/wp-content\/uploads\/2022\/08\/Por-primera-vez-en-150x150.jpeg",150,150,true],"medium":["https:\/\/experienciadevida.com.ar\/portalurbano\/wp-content\/uploads\/2022\/08\/Por-primera-vez-en-300x200.jpeg",300,200,true],"medium_large":["https:\/\/experienciadevida.com.ar\/portalurbano\/wp-content\/uploads\/2022\/08\/Por-primera-vez-en.jpeg",640,427,false],"large":["https:\/\/experienciadevida.com.ar\/portalurbano\/wp-content\/uploads\/2022\/08\/Por-primera-vez-en.jpeg",640,427,false],"ug_big":["https:\/\/experienciadevida.com.ar\/portalurbano\/wp-content\/uploads\/2022\/08\/Por-primera-vez-en.jpeg",765,510,false],"1536x1536":["https:\/\/experienciadevida.com.ar\/portalurbano\/wp-content\/uploads\/2022\/08\/Por-primera-vez-en.jpeg",765,510,false],"2048x2048":["https:\/\/experienciadevida.com.ar\/portalurbano\/wp-content\/uploads\/2022\/08\/Por-primera-vez-en.jpeg",765,510,false],"newsever-slider-full":["https:\/\/experienciadevida.com.ar\/portalurbano\/wp-content\/uploads\/2022\/08\/Por-primera-vez-en.jpeg",765,510,false],"newsever-featured":["https:\/\/experienciadevida.com.ar\/portalurbano\/wp-content\/uploads\/2022\/08\/Por-primera-vez-en.jpeg",765,510,false],"newsever-medium":["https:\/\/experienciadevida.com.ar\/portalurbano\/wp-content\/uploads\/2022\/08\/Por-primera-vez-en.jpeg",713,475,false],"web-stories-poster-portrait":["https:\/\/experienciadevida.com.ar\/portalurbano\/wp-content\/uploads\/2022\/08\/Por-primera-vez-en-640x510.jpeg",640,510,true],"web-stories-publisher-logo":["https:\/\/experienciadevida.com.ar\/portalurbano\/wp-content\/uploads\/2022\/08\/Por-primera-vez-en-96x96.jpeg",96,96,true],"web-stories-thumbnail":["https:\/\/experienciadevida.com.ar\/portalurbano\/wp-content\/uploads\/2022\/08\/Por-primera-vez-en-150x100.jpeg",150,100,true]},"author_info":{"display_name":"admpu17wp","author_link":"https:\/\/experienciadevida.com.ar\/portalurbano\/author\/admpu17wp\/"},"category_info":"<a href=\"https:\/\/experienciadevida.com.ar\/portalurbano\/category\/ciudad\/\" rel=\"category tag\">Ciudad<\/a>","tag_info":"Ciudad","comment_count":"0","amp_enabled":true,"_links":{"self":[{"href":"https:\/\/experienciadevida.com.ar\/portalurbano\/wp-json\/wp\/v2\/posts\/173879"}],"collection":[{"href":"https:\/\/experienciadevida.com.ar\/portalurbano\/wp-json\/wp\/v2\/posts"}],"about":[{"href":"https:\/\/experienciadevida.com.ar\/portalurbano\/wp-json\/wp\/v2\/types\/post"}],"author":[{"embeddable":true,"href":"https:\/\/experienciadevida.com.ar\/portalurbano\/wp-json\/wp\/v2\/users\/1"}],"replies":[{"embeddable":true,"href":"https:\/\/experienciadevida.com.ar\/portalurbano\/wp-json\/wp\/v2\/comments?post=173879"}],"version-history":[{"count":3,"href":"https:\/\/experienciadevida.com.ar\/portalurbano\/wp-json\/wp\/v2\/posts\/173879\/revisions"}],"predecessor-version":[{"id":173886,"href":"https:\/\/experienciadevida.com.ar\/portalurbano\/wp-json\/wp\/v2\/posts\/173879\/revisions\/173886"}],"wp:featuredmedia":[{"embeddable":true,"href":"https:\/\/experienciadevida.com.ar\/portalurbano\/wp-json\/wp\/v2\/media\/173880"}],"wp:attachment":[{"href":"https:\/\/experienciadevida.com.ar\/portalurbano\/wp-json\/wp\/v2\/media?parent=173879"}],"wp:term":[{"taxonomy":"category","embeddable":true,"href":"https:\/\/experienciadevida.com.ar\/portalurbano\/wp-json\/wp\/v2\/categories?post=173879"},{"taxonomy":"post_tag","embeddable":true,"href":"https:\/\/experienciadevida.com.ar\/portalurbano\/wp-json\/wp\/v2\/tags?post=173879"}],"curies":[{"name":"wp","href":"https:\/\/api.w.org\/{rel}","templated":true}]}}