{"id":173872,"date":"2022-08-22T09:59:25","date_gmt":"2022-08-22T12:59:25","guid":{"rendered":"https:\/\/experienciadevida.com.ar\/portalurbano\/?p=173872"},"modified":"2022-08-22T10:08:10","modified_gmt":"2022-08-22T13:08:10","slug":"expo-formacion-empleo-continua-la-inscripcion-para-escuelas","status":"publish","type":"post","link":"https:\/\/experienciadevida.com.ar\/portalurbano\/expo-formacion-empleo-continua-la-inscripcion-para-escuelas\/","title":{"rendered":"Expo Formaci\u00f3n + Empleo: contin\u00faa la inscripci\u00f3n para escuelas"},"content":{"rendered":"<p>Expo Formaci\u00f3n + Empleo: contin\u00faa la inscripci\u00f3n para escuelas, as\u00ed lo informaron desde la Secretar\u00eda de Desarrollo Econ\u00f3mico se informa que hasta este martes 23 de agosto contin\u00faa abierta la inscripci\u00f3n, para estudiantes de sexto y s\u00e9ptimo a\u00f1o de escuelas secundarias de Olavarr\u00eda, para participar de una nueva edici\u00f3n de \u201cExpo Formaci\u00f3n + Empleo\u201d.<\/p>\n<p>El evento tendr\u00e1 como objetivo ofrecer un espacio de visibilizaci\u00f3n de los perfiles laborales de los diferentes sectores econ\u00f3micos y contribuir a la difusi\u00f3n de la oferta de formaci\u00f3n que brindan las diferentes instituciones educativas de la ciudad.<\/p>\n<p>Dicho encuentro se llevar\u00e1 a cabo en el Centro de Convenciones Olavarr\u00eda el viernes 2 de septiembre, desde las 9 a las 18 horas. El mismo contar\u00e1 con 30 stands de empresas representantes de los sectores econ\u00f3micos de la ciudad y de instituciones educativas, talleres de empleabilidad y charlas.<\/p>\n<p>Tambi\u00e9n se invita a participar al p\u00fablico en general, estudiantes de carreras terciarias y universitarias que est\u00e9n interesados en acercarse.<\/p>\n<p>Las escuelas interesadas en participar podr\u00e1n inscribirse hasta el 23 de agosto haciendo clic aqu\u00ed.<\/p>\n<p>Por m\u00e1s informaci\u00f3n, podr\u00e1n contactarse a trav\u00e9s del mail expoformacionempleo@olavarria.gov.ar o a los tel\u00e9fonos de la Secretar\u00eda de Desarrollo Econ\u00f3mico (02284) 422195\/422135.<\/p>\n<p>&nbsp;<\/p>\n","protected":false},"excerpt":{"rendered":"<p>Expo Formaci\u00f3n + Empleo: contin\u00faa la inscripci\u00f3n para escuelas, as\u00ed lo informaron desde la Secretar\u00eda&#8230;<\/p>\n","protected":false},"author":1,"featured_media":173873,"comment_status":"closed","ping_status":"closed","sticky":false,"template":"","format":"standard","meta":{"content-type":""},"categories":[27,51],"tags":[],"nelio_content":{"isAutoShareEnabled":false,"autoShareEndMode":"default","automationSources":{"useContentSentences":true,"useSocialTemplates":true,"useCustomSentences":false,"customSentences":[]},"followers":[1],"suggestedReferences":[],"includedReferences":[],"efiUrl":"","efiAlt":"","highlights":[]},"yoast_head":"<!-- This site is optimized with the Yoast SEO plugin v20.7 - https:\/\/yoast.com\/wordpress\/plugins\/seo\/ -->\n<title>Expo Formaci\u00f3n + Empleo: contin\u00faa la inscripci\u00f3n para escuelas<\/title>\n<meta name=\"description\" content=\"Expo Formaci\u00f3n + Empleo: contin\u00faa la inscripci\u00f3n para escuelas, as\u00ed lo informaron desde la Secretar\u00eda de Desarrollo Econ\u00f3mico\" \/>\n<meta name=\"robots\" content=\"index, follow, max-snippet:-1, max-image-preview:large, max-video-preview:-1\" \/>\n<link rel=\"canonical\" href=\"https:\/\/experienciadevida.com.ar\/portalurbano\/expo-formacion-empleo-continua-la-inscripcion-para-escuelas\/\" \/>\n<meta property=\"og:locale\" content=\"es_ES\" \/>\n<meta property=\"og:type\" content=\"article\" \/>\n<meta property=\"og:title\" content=\"Expo Formaci\u00f3n + Empleo: contin\u00faa la inscripci\u00f3n para escuelas\" \/>\n<meta property=\"og:description\" content=\"Expo Formaci\u00f3n + Empleo: contin\u00faa la inscripci\u00f3n para escuelas, as\u00ed lo informaron desde la Secretar\u00eda de Desarrollo Econ\u00f3mico\" \/>\n<meta property=\"og:url\" content=\"https:\/\/experienciadevida.com.ar\/portalurbano\/expo-formacion-empleo-continua-la-inscripcion-para-escuelas\/\" \/>\n<meta property=\"article:publisher\" content=\"https:\/\/www.facebook.com\/Portal-Urbano-171542830093757\/\" \/>\n<meta property=\"article:published_time\" content=\"2022-08-22T12:59:25+00:00\" \/>\n<meta property=\"article:modified_time\" content=\"2022-08-22T13:08:10+00:00\" \/>\n<meta property=\"og:image\" content=\"https:\/\/experienciadevida.com.ar\/portalurbano\/wp-content\/uploads\/2022\/08\/Expo-1.jpg\" \/>\n\t<meta property=\"og:image:width\" content=\"1024\" \/>\n\t<meta property=\"og:image:height\" content=\"640\" \/>\n\t<meta property=\"og:image:type\" content=\"image\/jpeg\" \/>\n<meta name=\"author\" content=\"admpu17wp\" \/>\n<meta name=\"twitter:card\" content=\"summary_large_image\" \/>\n<meta name=\"twitter:creator\" content=\"@portalurbanook\" \/>\n<meta name=\"twitter:site\" content=\"@portalurbanook\" \/>\n<meta name=\"twitter:label1\" content=\"Escrito por\" \/>\n\t<meta name=\"twitter:data1\" content=\"admpu17wp\" \/>\n\t<meta name=\"twitter:label2\" content=\"Tiempo de lectura\" \/>\n\t<meta name=\"twitter:data2\" content=\"1 minuto\" \/>\n<script type=\"application\/ld+json\" class=\"yoast-schema-graph\">{\"@context\":\"https:\/\/schema.org\",\"@graph\":[{\"@type\":\"Article\",\"@id\":\"https:\/\/experienciadevida.com.ar\/portalurbano\/expo-formacion-empleo-continua-la-inscripcion-para-escuelas\/#article\",\"isPartOf\":{\"@id\":\"https:\/\/experienciadevida.com.ar\/portalurbano\/expo-formacion-empleo-continua-la-inscripcion-para-escuelas\/\"},\"author\":{\"name\":\"admpu17wp\",\"@id\":\"https:\/\/experienciadevida.com.ar\/portalurbano\/#\/schema\/person\/02dd326b1c4b056e9cc972486934a3a7\"},\"headline\":\"Expo Formaci\u00f3n + Empleo: contin\u00faa la inscripci\u00f3n para escuelas\",\"datePublished\":\"2022-08-22T12:59:25+00:00\",\"dateModified\":\"2022-08-22T13:08:10+00:00\",\"mainEntityOfPage\":{\"@id\":\"https:\/\/experienciadevida.com.ar\/portalurbano\/expo-formacion-empleo-continua-la-inscripcion-para-escuelas\/\"},\"wordCount\":232,\"publisher\":{\"@id\":\"https:\/\/experienciadevida.com.ar\/portalurbano\/#organization\"},\"articleSection\":[\"Ciudad\",\"Destacadas\"],\"inLanguage\":\"es\"},{\"@type\":\"WebPage\",\"@id\":\"https:\/\/experienciadevida.com.ar\/portalurbano\/expo-formacion-empleo-continua-la-inscripcion-para-escuelas\/\",\"url\":\"https:\/\/experienciadevida.com.ar\/portalurbano\/expo-formacion-empleo-continua-la-inscripcion-para-escuelas\/\",\"name\":\"Expo Formaci\u00f3n + Empleo: contin\u00faa la inscripci\u00f3n para escuelas\",\"isPartOf\":{\"@id\":\"https:\/\/experienciadevida.com.ar\/portalurbano\/#website\"},\"datePublished\":\"2022-08-22T12:59:25+00:00\",\"dateModified\":\"2022-08-22T13:08:10+00:00\",\"description\":\"Expo Formaci\u00f3n + Empleo: contin\u00faa la inscripci\u00f3n para escuelas, as\u00ed lo informaron desde la Secretar\u00eda de Desarrollo Econ\u00f3mico\",\"breadcrumb\":{\"@id\":\"https:\/\/experienciadevida.com.ar\/portalurbano\/expo-formacion-empleo-continua-la-inscripcion-para-escuelas\/#breadcrumb\"},\"inLanguage\":\"es\",\"potentialAction\":[{\"@type\":\"ReadAction\",\"target\":[\"https:\/\/experienciadevida.com.ar\/portalurbano\/expo-formacion-empleo-continua-la-inscripcion-para-escuelas\/\"]}]},{\"@type\":\"BreadcrumbList\",\"@id\":\"https:\/\/experienciadevida.com.ar\/portalurbano\/expo-formacion-empleo-continua-la-inscripcion-para-escuelas\/#breadcrumb\",\"itemListElement\":[{\"@type\":\"ListItem\",\"position\":1,\"name\":\"Portada\",\"item\":\"https:\/\/experienciadevida.com.ar\/portalurbano\/\"},{\"@type\":\"ListItem\",\"position\":2,\"name\":\"Expo Formaci\u00f3n + Empleo: contin\u00faa la inscripci\u00f3n para escuelas\"}]},{\"@type\":\"WebSite\",\"@id\":\"https:\/\/experienciadevida.com.ar\/portalurbano\/#website\",\"url\":\"https:\/\/experienciadevida.com.ar\/portalurbano\/\",\"name\":\"\",\"description\":\"\",\"publisher\":{\"@id\":\"https:\/\/experienciadevida.com.ar\/portalurbano\/#organization\"},\"potentialAction\":[{\"@type\":\"SearchAction\",\"target\":{\"@type\":\"EntryPoint\",\"urlTemplate\":\"https:\/\/experienciadevida.com.ar\/portalurbano\/?s={search_term_string}\"},\"query-input\":\"required name=search_term_string\"}],\"inLanguage\":\"es\"},{\"@type\":\"Organization\",\"@id\":\"https:\/\/experienciadevida.com.ar\/portalurbano\/#organization\",\"name\":\"Portal Urbano\",\"url\":\"https:\/\/experienciadevida.com.ar\/portalurbano\/\",\"logo\":{\"@type\":\"ImageObject\",\"inLanguage\":\"es\",\"@id\":\"https:\/\/experienciadevida.com.ar\/portalurbano\/#\/schema\/logo\/image\/\",\"url\":\"https:\/\/experienciadevida.com.ar\/portalurbano\/wp-content\/uploads\/2019\/09\/Logo-Original.png\",\"contentUrl\":\"https:\/\/experienciadevida.com.ar\/portalurbano\/wp-content\/uploads\/2019\/09\/Logo-Original.png\",\"width\":2236,\"height\":1216,\"caption\":\"Portal Urbano\"},\"image\":{\"@id\":\"https:\/\/experienciadevida.com.ar\/portalurbano\/#\/schema\/logo\/image\/\"},\"sameAs\":[\"https:\/\/www.facebook.com\/Portal-Urbano-171542830093757\/\",\"https:\/\/twitter.com\/portalurbanook\",\"https:\/\/www.instagram.com\/_portalurbano\/\",\"https:\/\/www.youtube.com\/channel\/UCXhagIfszH8KxFiOok79zbA?view_as=subscriber\"]},{\"@type\":\"Person\",\"@id\":\"https:\/\/experienciadevida.com.ar\/portalurbano\/#\/schema\/person\/02dd326b1c4b056e9cc972486934a3a7\",\"name\":\"admpu17wp\",\"image\":{\"@type\":\"ImageObject\",\"inLanguage\":\"es\",\"@id\":\"https:\/\/experienciadevida.com.ar\/portalurbano\/#\/schema\/person\/image\/\",\"url\":\"https:\/\/secure.gravatar.com\/avatar\/830d4c57adaae6630765e449a6908047?s=96&d=mm&r=g\",\"contentUrl\":\"https:\/\/secure.gravatar.com\/avatar\/830d4c57adaae6630765e449a6908047?s=96&d=mm&r=g\",\"caption\":\"admpu17wp\"}}]}<\/script>\n<!-- \/ Yoast SEO plugin. -->","yoast_head_json":{"title":"Expo Formaci\u00f3n + Empleo: contin\u00faa la inscripci\u00f3n para escuelas","description":"Expo Formaci\u00f3n + Empleo: contin\u00faa la inscripci\u00f3n para escuelas, as\u00ed lo informaron desde la Secretar\u00eda de Desarrollo Econ\u00f3mico","robots":{"index":"index","follow":"follow","max-snippet":"max-snippet:-1","max-image-preview":"max-image-preview:large","max-video-preview":"max-video-preview:-1"},"canonical":"https:\/\/experienciadevida.com.ar\/portalurbano\/expo-formacion-empleo-continua-la-inscripcion-para-escuelas\/","og_locale":"es_ES","og_type":"article","og_title":"Expo Formaci\u00f3n + Empleo: contin\u00faa la inscripci\u00f3n para escuelas","og_description":"Expo Formaci\u00f3n + Empleo: contin\u00faa la inscripci\u00f3n para escuelas, as\u00ed lo informaron desde la Secretar\u00eda de Desarrollo Econ\u00f3mico","og_url":"https:\/\/experienciadevida.com.ar\/portalurbano\/expo-formacion-empleo-continua-la-inscripcion-para-escuelas\/","article_publisher":"https:\/\/www.facebook.com\/Portal-Urbano-171542830093757\/","article_published_time":"2022-08-22T12:59:25+00:00","article_modified_time":"2022-08-22T13:08:10+00:00","og_image":[{"width":1024,"height":640,"url":"https:\/\/experienciadevida.com.ar\/portalurbano\/wp-content\/uploads\/2022\/08\/Expo-1.jpg","type":"image\/jpeg"}],"author":"admpu17wp","twitter_card":"summary_large_image","twitter_creator":"@portalurbanook","twitter_site":"@portalurbanook","twitter_misc":{"Escrito por":"admpu17wp","Tiempo de lectura":"1 minuto"},"schema":{"@context":"https:\/\/schema.org","@graph":[{"@type":"Article","@id":"https:\/\/experienciadevida.com.ar\/portalurbano\/expo-formacion-empleo-continua-la-inscripcion-para-escuelas\/#article","isPartOf":{"@id":"https:\/\/experienciadevida.com.ar\/portalurbano\/expo-formacion-empleo-continua-la-inscripcion-para-escuelas\/"},"author":{"name":"admpu17wp","@id":"https:\/\/experienciadevida.com.ar\/portalurbano\/#\/schema\/person\/02dd326b1c4b056e9cc972486934a3a7"},"headline":"Expo Formaci\u00f3n + Empleo: contin\u00faa la inscripci\u00f3n para escuelas","datePublished":"2022-08-22T12:59:25+00:00","dateModified":"2022-08-22T13:08:10+00:00","mainEntityOfPage":{"@id":"https:\/\/experienciadevida.com.ar\/portalurbano\/expo-formacion-empleo-continua-la-inscripcion-para-escuelas\/"},"wordCount":232,"publisher":{"@id":"https:\/\/experienciadevida.com.ar\/portalurbano\/#organization"},"articleSection":["Ciudad","Destacadas"],"inLanguage":"es"},{"@type":"WebPage","@id":"https:\/\/experienciadevida.com.ar\/portalurbano\/expo-formacion-empleo-continua-la-inscripcion-para-escuelas\/","url":"https:\/\/experienciadevida.com.ar\/portalurbano\/expo-formacion-empleo-continua-la-inscripcion-para-escuelas\/","name":"Expo Formaci\u00f3n + Empleo: contin\u00faa la inscripci\u00f3n para escuelas","isPartOf":{"@id":"https:\/\/experienciadevida.com.ar\/portalurbano\/#website"},"datePublished":"2022-08-22T12:59:25+00:00","dateModified":"2022-08-22T13:08:10+00:00","description":"Expo Formaci\u00f3n + Empleo: contin\u00faa la inscripci\u00f3n para escuelas, as\u00ed lo informaron desde la Secretar\u00eda de Desarrollo Econ\u00f3mico","breadcrumb":{"@id":"https:\/\/experienciadevida.com.ar\/portalurbano\/expo-formacion-empleo-continua-la-inscripcion-para-escuelas\/#breadcrumb"},"inLanguage":"es","potentialAction":[{"@type":"ReadAction","target":["https:\/\/experienciadevida.com.ar\/portalurbano\/expo-formacion-empleo-continua-la-inscripcion-para-escuelas\/"]}]},{"@type":"BreadcrumbList","@id":"https:\/\/experienciadevida.com.ar\/portalurbano\/expo-formacion-empleo-continua-la-inscripcion-para-escuelas\/#breadcrumb","itemListElement":[{"@type":"ListItem","position":1,"name":"Portada","item":"https:\/\/experienciadevida.com.ar\/portalurbano\/"},{"@type":"ListItem","position":2,"name":"Expo Formaci\u00f3n + Empleo: contin\u00faa la inscripci\u00f3n para escuelas"}]},{"@type":"WebSite","@id":"https:\/\/experienciadevida.com.ar\/portalurbano\/#website","url":"https:\/\/experienciadevida.com.ar\/portalurbano\/","name":"","description":"","publisher":{"@id":"https:\/\/experienciadevida.com.ar\/portalurbano\/#organization"},"potentialAction":[{"@type":"SearchAction","target":{"@type":"EntryPoint","urlTemplate":"https:\/\/experienciadevida.com.ar\/portalurbano\/?s={search_term_string}"},"query-input":"required name=search_term_string"}],"inLanguage":"es"},{"@type":"Organization","@id":"https:\/\/experienciadevida.com.ar\/portalurbano\/#organization","name":"Portal Urbano","url":"https:\/\/experienciadevida.com.ar\/portalurbano\/","logo":{"@type":"ImageObject","inLanguage":"es","@id":"https:\/\/experienciadevida.com.ar\/portalurbano\/#\/schema\/logo\/image\/","url":"https:\/\/experienciadevida.com.ar\/portalurbano\/wp-content\/uploads\/2019\/09\/Logo-Original.png","contentUrl":"https:\/\/experienciadevida.com.ar\/portalurbano\/wp-content\/uploads\/2019\/09\/Logo-Original.png","width":2236,"height":1216,"caption":"Portal Urbano"},"image":{"@id":"https:\/\/experienciadevida.com.ar\/portalurbano\/#\/schema\/logo\/image\/"},"sameAs":["https:\/\/www.facebook.com\/Portal-Urbano-171542830093757\/","https:\/\/twitter.com\/portalurbanook","https:\/\/www.instagram.com\/_portalurbano\/","https:\/\/www.youtube.com\/channel\/UCXhagIfszH8KxFiOok79zbA?view_as=subscriber"]},{"@type":"Person","@id":"https:\/\/experienciadevida.com.ar\/portalurbano\/#\/schema\/person\/02dd326b1c4b056e9cc972486934a3a7","name":"admpu17wp","image":{"@type":"ImageObject","inLanguage":"es","@id":"https:\/\/experienciadevida.com.ar\/portalurbano\/#\/schema\/person\/image\/","url":"https:\/\/secure.gravatar.com\/avatar\/830d4c57adaae6630765e449a6908047?s=96&d=mm&r=g","contentUrl":"https:\/\/secure.gravatar.com\/avatar\/830d4c57adaae6630765e449a6908047?s=96&d=mm&r=g","caption":"admpu17wp"}}]}},"featured_image_urls":{"full":["https:\/\/experienciadevida.com.ar\/portalurbano\/wp-content\/uploads\/2022\/08\/Expo-1.jpg",1024,640,false],"thumbnail":["https:\/\/experienciadevida.com.ar\/portalurbano\/wp-content\/uploads\/2022\/08\/Expo-1-150x150.jpg",150,150,true],"medium":["https:\/\/experienciadevida.com.ar\/portalurbano\/wp-content\/uploads\/2022\/08\/Expo-1-300x188.jpg",300,188,true],"medium_large":["https:\/\/experienciadevida.com.ar\/portalurbano\/wp-content\/uploads\/2022\/08\/Expo-1-768x480.jpg",640,400,true],"large":["https:\/\/experienciadevida.com.ar\/portalurbano\/wp-content\/uploads\/2022\/08\/Expo-1.jpg",640,400,false],"ug_big":["https:\/\/experienciadevida.com.ar\/portalurbano\/wp-content\/uploads\/2022\/08\/Expo-1-768x480.jpg",768,480,true],"1536x1536":["https:\/\/experienciadevida.com.ar\/portalurbano\/wp-content\/uploads\/2022\/08\/Expo-1.jpg",1024,640,false],"2048x2048":["https:\/\/experienciadevida.com.ar\/portalurbano\/wp-content\/uploads\/2022\/08\/Expo-1.jpg",1024,640,false],"newsever-slider-full":["https:\/\/experienciadevida.com.ar\/portalurbano\/wp-content\/uploads\/2022\/08\/Expo-1.jpg",1024,640,false],"newsever-featured":["https:\/\/experienciadevida.com.ar\/portalurbano\/wp-content\/uploads\/2022\/08\/Expo-1.jpg",1024,640,false],"newsever-medium":["https:\/\/experienciadevida.com.ar\/portalurbano\/wp-content\/uploads\/2022\/08\/Expo-1.jpg",720,450,false],"web-stories-poster-portrait":["https:\/\/experienciadevida.com.ar\/portalurbano\/wp-content\/uploads\/2022\/08\/Expo-1-640x640.jpg",640,640,true],"web-stories-publisher-logo":["https:\/\/experienciadevida.com.ar\/portalurbano\/wp-content\/uploads\/2022\/08\/Expo-1-96x96.jpg",96,96,true],"web-stories-thumbnail":["https:\/\/experienciadevida.com.ar\/portalurbano\/wp-content\/uploads\/2022\/08\/Expo-1-150x94.jpg",150,94,true]},"author_info":{"display_name":"admpu17wp","author_link":"https:\/\/experienciadevida.com.ar\/portalurbano\/author\/admpu17wp\/"},"category_info":"<a href=\"https:\/\/experienciadevida.com.ar\/portalurbano\/category\/ciudad\/\" rel=\"category tag\">Ciudad<\/a> <a href=\"https:\/\/experienciadevida.com.ar\/portalurbano\/category\/destacadas\/\" rel=\"category tag\">Destacadas<\/a>","tag_info":"Destacadas","comment_count":"0","amp_enabled":true,"_links":{"self":[{"href":"https:\/\/experienciadevida.com.ar\/portalurbano\/wp-json\/wp\/v2\/posts\/173872"}],"collection":[{"href":"https:\/\/experienciadevida.com.ar\/portalurbano\/wp-json\/wp\/v2\/posts"}],"about":[{"href":"https:\/\/experienciadevida.com.ar\/portalurbano\/wp-json\/wp\/v2\/types\/post"}],"author":[{"embeddable":true,"href":"https:\/\/experienciadevida.com.ar\/portalurbano\/wp-json\/wp\/v2\/users\/1"}],"replies":[{"embeddable":true,"href":"https:\/\/experienciadevida.com.ar\/portalurbano\/wp-json\/wp\/v2\/comments?post=173872"}],"version-history":[{"count":1,"href":"https:\/\/experienciadevida.com.ar\/portalurbano\/wp-json\/wp\/v2\/posts\/173872\/revisions"}],"predecessor-version":[{"id":173874,"href":"https:\/\/experienciadevida.com.ar\/portalurbano\/wp-json\/wp\/v2\/posts\/173872\/revisions\/173874"}],"wp:featuredmedia":[{"embeddable":true,"href":"https:\/\/experienciadevida.com.ar\/portalurbano\/wp-json\/wp\/v2\/media\/173873"}],"wp:attachment":[{"href":"https:\/\/experienciadevida.com.ar\/portalurbano\/wp-json\/wp\/v2\/media?parent=173872"}],"wp:term":[{"taxonomy":"category","embeddable":true,"href":"https:\/\/experienciadevida.com.ar\/portalurbano\/wp-json\/wp\/v2\/categories?post=173872"},{"taxonomy":"post_tag","embeddable":true,"href":"https:\/\/experienciadevida.com.ar\/portalurbano\/wp-json\/wp\/v2\/tags?post=173872"}],"curies":[{"name":"wp","href":"https:\/\/api.w.org\/{rel}","templated":true}]}}