{"id":173800,"date":"2022-08-21T11:22:44","date_gmt":"2022-08-21T14:22:44","guid":{"rendered":"https:\/\/experienciadevida.com.ar\/portalurbano\/?p=173800"},"modified":"2022-08-21T11:25:03","modified_gmt":"2022-08-21T14:25:03","slug":"sol-macaluso-se-emociona-al-recordar-a-las-dos-personas-que-le-marcaron-en-ucrania-no-los-puedo-nombrar-sin-llorar","status":"publish","type":"post","link":"https:\/\/experienciadevida.com.ar\/portalurbano\/sol-macaluso-se-emociona-al-recordar-a-las-dos-personas-que-le-marcaron-en-ucrania-no-los-puedo-nombrar-sin-llorar\/","title":{"rendered":"Sol Macaluso se emociona al recordar a las dos personas que le marcaron en Ucrania: &#8220;No los puedo nombrar sin llorar&#8221;"},"content":{"rendered":"<div class=\"site_font summaryElement__content_opening-1bMe\">\n<p class=\"summaryElement__summary-2uMb\"><strong>Sol Macaluso volvi\u00f3 de Ucrania hace cuatro meses tras m\u00e1s de 60 d\u00edas cubriendo el conflicto y ahora quiere volver.\u00a0<\/strong><strong>La periodista no olvida a los amigos que dej\u00f3 all\u00ed: &#8220;Hablo con Estefan todas las semanas, y todas las semanas lloro&#8221;<\/strong><\/p>\n<p class=\"summaryElement__summary-2uMb\">La periodista Olavarriense salt\u00f3 a la fama por la historia que protagoniz\u00f3 junto a la hija de su compa\u00f1ero ucraniano: <em><strong>la ayud\u00f3 a cruzar la frontera para refugiarse en Espa\u00f1a.<\/strong><\/em><\/p>\n<hr \/>\n<\/div>\n<div>\n<p>Tras su excelente y duro trabajo en Ucrania, todos recordamos a la perfecci\u00f3n las conexiones de Sol Macaluso, <strong>oriunda de nuestra ciudad<\/strong> que ahora cautiva en las pantallas de Tele Cinco en Espa\u00f1a. Ic\u00f3nico fue aquel momento en el que un estruendo la hizo temblar de susto y ese miedo casi traspas\u00f3 la pantalla: todos pudimos sentirlo en ese momento cuando posterior a lo acontecido se viralizo en redes el video.<\/p>\n<p>Sin embargo, y pese a los horrores que le tocaba vivir de cerca, no claudic\u00f3. Su testimonio de esos d\u00edas es tan valioso como la cobertura que realiz\u00f3 d\u00eda a d\u00eda a lo largo de dos meses.<\/p>\n<p>Volvi\u00f3 en marzo y muchas cosas pasaron desde que abandon\u00f3 la zona de conflicto. La periodista sigue trabajando en la televisi\u00f3n, desde Madrid, y la hemos visto en diferentes formatos de Telecinco. Primero, en \u2018Ya son las ocho\u2019 y ahora en \u2018Ya es verano\u2019.<\/p>\n<p>\u201cLo estoy disfrutando mucho, me gusta tambi\u00e9n demostrar que puedo hacer cualquier tipo de periodismo y que, si ma\u00f1ana tengo que volver a cubrir una guerra, lo puedo hacer\u201d, ha confesado Sol.<\/p>\n<p>Su estancia en Ucrania le abri\u00f3 una puerta inmensa en el mundo de la comunicaci\u00f3n en Espa\u00f1a, pero tambi\u00e9n le dej\u00f3 mucho dolor. Adem\u00e1s, mantiene muchos lazos en aquel pa\u00eds que a\u00fan siguen muy vivos: la historia de c\u00f3mo ayud\u00f3 a su compa\u00f1ero a sacar a su hija de Ucrania y llevarla a Espa\u00f1a fue otra de las m\u00e1s comentadas de la guerra. Stefan y Max, sus compa\u00f1eros de trabajo se hicieron famosos junto con ella, apareciendo en cada uno de los v\u00eddeos de su blog personal.<\/p>\n<p>Sin dudas, el afecto que la une a ellos hace que quiera regresar cuanto antes: \u201cMis amigos me necesitan\u201d, ha dicho y se ha emocionado hasta las l\u00e1grimas al mencionar sus nombres. &#8220;Hablo todas las semanas y todas las semanas lloro&#8221;, ha apuntado. Adem\u00e1s, ha contado c\u00f3mo pidi\u00f3 a sus productores que la env\u00eden de vuelta a la zona de conflicto.<\/p>\n<p>Eso s\u00ed, la Periodista Olavarriense ha hecho un balance sobre esta experiencia tan dura, la cual ha valorado como positiva y enriquecedora, adem\u00e1s de destacar el trabajo que el resto de sus compa\u00f1eros contin\u00faan haciendo hoy en d\u00eda en el pa\u00eds ucraniano.<\/p>\n<\/div>\n","protected":false},"excerpt":{"rendered":"<p>Sol Macaluso volvi\u00f3 de Ucrania hace cuatro meses tras m\u00e1s de 60 d\u00edas cubriendo el&#8230;<\/p>\n","protected":false},"author":1,"featured_media":173801,"comment_status":"closed","ping_status":"closed","sticky":false,"template":"","format":"standard","meta":{"content-type":""},"categories":[27,64],"tags":[692],"nelio_content":{"isAutoShareEnabled":false,"autoShareEndMode":"default","automationSources":{"useContentSentences":true,"useSocialTemplates":true,"useCustomSentences":false,"customSentences":[]},"followers":[1],"suggestedReferences":[],"includedReferences":[],"efiUrl":"","efiAlt":"","highlights":[]},"yoast_head":"<!-- This site is optimized with the Yoast SEO plugin v20.7 - https:\/\/yoast.com\/wordpress\/plugins\/seo\/ -->\n<title>Sol Macaluso se emociona al recordar a las dos personas que<\/title>\n<meta name=\"description\" content=\"Sol Macaluso volvi\u00f3 de Ucrania hace cuatro meses tras m\u00e1s de 60 d\u00edas cubriendo el conflicto y ahora quiere volver.\u00a0La periodista no olvida a\" \/>\n<meta name=\"robots\" content=\"index, follow, max-snippet:-1, max-image-preview:large, max-video-preview:-1\" \/>\n<link rel=\"canonical\" href=\"https:\/\/experienciadevida.com.ar\/portalurbano\/sol-macaluso-se-emociona-al-recordar-a-las-dos-personas-que-le-marcaron-en-ucrania-no-los-puedo-nombrar-sin-llorar\/\" \/>\n<meta property=\"og:locale\" content=\"es_ES\" \/>\n<meta property=\"og:type\" content=\"article\" \/>\n<meta property=\"og:title\" content=\"Sol Macaluso se emociona al recordar a las dos personas que\" \/>\n<meta property=\"og:description\" content=\"Sol Macaluso volvi\u00f3 de Ucrania hace cuatro meses tras m\u00e1s de 60 d\u00edas cubriendo el conflicto y ahora quiere volver.\u00a0La periodista no olvida a\" \/>\n<meta property=\"og:url\" content=\"https:\/\/experienciadevida.com.ar\/portalurbano\/sol-macaluso-se-emociona-al-recordar-a-las-dos-personas-que-le-marcaron-en-ucrania-no-los-puedo-nombrar-sin-llorar\/\" \/>\n<meta property=\"article:publisher\" content=\"https:\/\/www.facebook.com\/Portal-Urbano-171542830093757\/\" \/>\n<meta property=\"article:published_time\" content=\"2022-08-21T14:22:44+00:00\" \/>\n<meta property=\"article:modified_time\" content=\"2022-08-21T14:25:03+00:00\" \/>\n<meta property=\"og:image\" content=\"https:\/\/experienciadevida.com.ar\/portalurbano\/wp-content\/uploads\/2022\/08\/sola_macaluso.jpg\" \/>\n\t<meta property=\"og:image:width\" content=\"857\" \/>\n\t<meta property=\"og:image:height\" content=\"518\" \/>\n\t<meta property=\"og:image:type\" content=\"image\/jpeg\" \/>\n<meta name=\"author\" content=\"admpu17wp\" \/>\n<meta name=\"twitter:card\" content=\"summary_large_image\" \/>\n<meta name=\"twitter:creator\" content=\"@portalurbanook\" \/>\n<meta name=\"twitter:site\" content=\"@portalurbanook\" \/>\n<meta name=\"twitter:label1\" content=\"Escrito por\" \/>\n\t<meta name=\"twitter:data1\" content=\"admpu17wp\" \/>\n\t<meta name=\"twitter:label2\" content=\"Tiempo de lectura\" \/>\n\t<meta name=\"twitter:data2\" content=\"3 minutos\" \/>\n<script type=\"application\/ld+json\" class=\"yoast-schema-graph\">{\"@context\":\"https:\/\/schema.org\",\"@graph\":[{\"@type\":\"Article\",\"@id\":\"https:\/\/experienciadevida.com.ar\/portalurbano\/sol-macaluso-se-emociona-al-recordar-a-las-dos-personas-que-le-marcaron-en-ucrania-no-los-puedo-nombrar-sin-llorar\/#article\",\"isPartOf\":{\"@id\":\"https:\/\/experienciadevida.com.ar\/portalurbano\/sol-macaluso-se-emociona-al-recordar-a-las-dos-personas-que-le-marcaron-en-ucrania-no-los-puedo-nombrar-sin-llorar\/\"},\"author\":{\"name\":\"admpu17wp\",\"@id\":\"https:\/\/experienciadevida.com.ar\/portalurbano\/#\/schema\/person\/02dd326b1c4b056e9cc972486934a3a7\"},\"headline\":\"Sol Macaluso se emociona al recordar a las dos personas que le marcaron en Ucrania: &#8220;No los puedo nombrar sin llorar&#8221;\",\"datePublished\":\"2022-08-21T14:22:44+00:00\",\"dateModified\":\"2022-08-21T14:25:03+00:00\",\"mainEntityOfPage\":{\"@id\":\"https:\/\/experienciadevida.com.ar\/portalurbano\/sol-macaluso-se-emociona-al-recordar-a-las-dos-personas-que-le-marcaron-en-ucrania-no-los-puedo-nombrar-sin-llorar\/\"},\"wordCount\":499,\"publisher\":{\"@id\":\"https:\/\/experienciadevida.com.ar\/portalurbano\/#organization\"},\"keywords\":[\"Sol Macaluso\"],\"articleSection\":[\"Ciudad\",\"Destacadas 2\"],\"inLanguage\":\"es\"},{\"@type\":\"WebPage\",\"@id\":\"https:\/\/experienciadevida.com.ar\/portalurbano\/sol-macaluso-se-emociona-al-recordar-a-las-dos-personas-que-le-marcaron-en-ucrania-no-los-puedo-nombrar-sin-llorar\/\",\"url\":\"https:\/\/experienciadevida.com.ar\/portalurbano\/sol-macaluso-se-emociona-al-recordar-a-las-dos-personas-que-le-marcaron-en-ucrania-no-los-puedo-nombrar-sin-llorar\/\",\"name\":\"Sol Macaluso se emociona al recordar a las dos personas que\",\"isPartOf\":{\"@id\":\"https:\/\/experienciadevida.com.ar\/portalurbano\/#website\"},\"datePublished\":\"2022-08-21T14:22:44+00:00\",\"dateModified\":\"2022-08-21T14:25:03+00:00\",\"description\":\"Sol Macaluso volvi\u00f3 de Ucrania hace cuatro meses tras m\u00e1s de 60 d\u00edas cubriendo el conflicto y ahora quiere volver.\u00a0La periodista no olvida a\",\"breadcrumb\":{\"@id\":\"https:\/\/experienciadevida.com.ar\/portalurbano\/sol-macaluso-se-emociona-al-recordar-a-las-dos-personas-que-le-marcaron-en-ucrania-no-los-puedo-nombrar-sin-llorar\/#breadcrumb\"},\"inLanguage\":\"es\",\"potentialAction\":[{\"@type\":\"ReadAction\",\"target\":[\"https:\/\/experienciadevida.com.ar\/portalurbano\/sol-macaluso-se-emociona-al-recordar-a-las-dos-personas-que-le-marcaron-en-ucrania-no-los-puedo-nombrar-sin-llorar\/\"]}]},{\"@type\":\"BreadcrumbList\",\"@id\":\"https:\/\/experienciadevida.com.ar\/portalurbano\/sol-macaluso-se-emociona-al-recordar-a-las-dos-personas-que-le-marcaron-en-ucrania-no-los-puedo-nombrar-sin-llorar\/#breadcrumb\",\"itemListElement\":[{\"@type\":\"ListItem\",\"position\":1,\"name\":\"Portada\",\"item\":\"https:\/\/experienciadevida.com.ar\/portalurbano\/\"},{\"@type\":\"ListItem\",\"position\":2,\"name\":\"Sol Macaluso se emociona al recordar a las dos personas que le marcaron en Ucrania: \u00abNo los puedo nombrar sin llorar\u00bb\"}]},{\"@type\":\"WebSite\",\"@id\":\"https:\/\/experienciadevida.com.ar\/portalurbano\/#website\",\"url\":\"https:\/\/experienciadevida.com.ar\/portalurbano\/\",\"name\":\"\",\"description\":\"\",\"publisher\":{\"@id\":\"https:\/\/experienciadevida.com.ar\/portalurbano\/#organization\"},\"potentialAction\":[{\"@type\":\"SearchAction\",\"target\":{\"@type\":\"EntryPoint\",\"urlTemplate\":\"https:\/\/experienciadevida.com.ar\/portalurbano\/?s={search_term_string}\"},\"query-input\":\"required name=search_term_string\"}],\"inLanguage\":\"es\"},{\"@type\":\"Organization\",\"@id\":\"https:\/\/experienciadevida.com.ar\/portalurbano\/#organization\",\"name\":\"Portal Urbano\",\"url\":\"https:\/\/experienciadevida.com.ar\/portalurbano\/\",\"logo\":{\"@type\":\"ImageObject\",\"inLanguage\":\"es\",\"@id\":\"https:\/\/experienciadevida.com.ar\/portalurbano\/#\/schema\/logo\/image\/\",\"url\":\"https:\/\/experienciadevida.com.ar\/portalurbano\/wp-content\/uploads\/2019\/09\/Logo-Original.png\",\"contentUrl\":\"https:\/\/experienciadevida.com.ar\/portalurbano\/wp-content\/uploads\/2019\/09\/Logo-Original.png\",\"width\":2236,\"height\":1216,\"caption\":\"Portal Urbano\"},\"image\":{\"@id\":\"https:\/\/experienciadevida.com.ar\/portalurbano\/#\/schema\/logo\/image\/\"},\"sameAs\":[\"https:\/\/www.facebook.com\/Portal-Urbano-171542830093757\/\",\"https:\/\/twitter.com\/portalurbanook\",\"https:\/\/www.instagram.com\/_portalurbano\/\",\"https:\/\/www.youtube.com\/channel\/UCXhagIfszH8KxFiOok79zbA?view_as=subscriber\"]},{\"@type\":\"Person\",\"@id\":\"https:\/\/experienciadevida.com.ar\/portalurbano\/#\/schema\/person\/02dd326b1c4b056e9cc972486934a3a7\",\"name\":\"admpu17wp\",\"image\":{\"@type\":\"ImageObject\",\"inLanguage\":\"es\",\"@id\":\"https:\/\/experienciadevida.com.ar\/portalurbano\/#\/schema\/person\/image\/\",\"url\":\"https:\/\/secure.gravatar.com\/avatar\/830d4c57adaae6630765e449a6908047?s=96&d=mm&r=g\",\"contentUrl\":\"https:\/\/secure.gravatar.com\/avatar\/830d4c57adaae6630765e449a6908047?s=96&d=mm&r=g\",\"caption\":\"admpu17wp\"}}]}<\/script>\n<!-- \/ Yoast SEO plugin. -->","yoast_head_json":{"title":"Sol Macaluso se emociona al recordar a las dos personas que","description":"Sol Macaluso volvi\u00f3 de Ucrania hace cuatro meses tras m\u00e1s de 60 d\u00edas cubriendo el conflicto y ahora quiere volver.\u00a0La periodista no olvida a","robots":{"index":"index","follow":"follow","max-snippet":"max-snippet:-1","max-image-preview":"max-image-preview:large","max-video-preview":"max-video-preview:-1"},"canonical":"https:\/\/experienciadevida.com.ar\/portalurbano\/sol-macaluso-se-emociona-al-recordar-a-las-dos-personas-que-le-marcaron-en-ucrania-no-los-puedo-nombrar-sin-llorar\/","og_locale":"es_ES","og_type":"article","og_title":"Sol Macaluso se emociona al recordar a las dos personas que","og_description":"Sol Macaluso volvi\u00f3 de Ucrania hace cuatro meses tras m\u00e1s de 60 d\u00edas cubriendo el conflicto y ahora quiere volver.\u00a0La periodista no olvida a","og_url":"https:\/\/experienciadevida.com.ar\/portalurbano\/sol-macaluso-se-emociona-al-recordar-a-las-dos-personas-que-le-marcaron-en-ucrania-no-los-puedo-nombrar-sin-llorar\/","article_publisher":"https:\/\/www.facebook.com\/Portal-Urbano-171542830093757\/","article_published_time":"2022-08-21T14:22:44+00:00","article_modified_time":"2022-08-21T14:25:03+00:00","og_image":[{"width":857,"height":518,"url":"https:\/\/experienciadevida.com.ar\/portalurbano\/wp-content\/uploads\/2022\/08\/sola_macaluso.jpg","type":"image\/jpeg"}],"author":"admpu17wp","twitter_card":"summary_large_image","twitter_creator":"@portalurbanook","twitter_site":"@portalurbanook","twitter_misc":{"Escrito por":"admpu17wp","Tiempo de lectura":"3 minutos"},"schema":{"@context":"https:\/\/schema.org","@graph":[{"@type":"Article","@id":"https:\/\/experienciadevida.com.ar\/portalurbano\/sol-macaluso-se-emociona-al-recordar-a-las-dos-personas-que-le-marcaron-en-ucrania-no-los-puedo-nombrar-sin-llorar\/#article","isPartOf":{"@id":"https:\/\/experienciadevida.com.ar\/portalurbano\/sol-macaluso-se-emociona-al-recordar-a-las-dos-personas-que-le-marcaron-en-ucrania-no-los-puedo-nombrar-sin-llorar\/"},"author":{"name":"admpu17wp","@id":"https:\/\/experienciadevida.com.ar\/portalurbano\/#\/schema\/person\/02dd326b1c4b056e9cc972486934a3a7"},"headline":"Sol Macaluso se emociona al recordar a las dos personas que le marcaron en Ucrania: &#8220;No los puedo nombrar sin llorar&#8221;","datePublished":"2022-08-21T14:22:44+00:00","dateModified":"2022-08-21T14:25:03+00:00","mainEntityOfPage":{"@id":"https:\/\/experienciadevida.com.ar\/portalurbano\/sol-macaluso-se-emociona-al-recordar-a-las-dos-personas-que-le-marcaron-en-ucrania-no-los-puedo-nombrar-sin-llorar\/"},"wordCount":499,"publisher":{"@id":"https:\/\/experienciadevida.com.ar\/portalurbano\/#organization"},"keywords":["Sol Macaluso"],"articleSection":["Ciudad","Destacadas 2"],"inLanguage":"es"},{"@type":"WebPage","@id":"https:\/\/experienciadevida.com.ar\/portalurbano\/sol-macaluso-se-emociona-al-recordar-a-las-dos-personas-que-le-marcaron-en-ucrania-no-los-puedo-nombrar-sin-llorar\/","url":"https:\/\/experienciadevida.com.ar\/portalurbano\/sol-macaluso-se-emociona-al-recordar-a-las-dos-personas-que-le-marcaron-en-ucrania-no-los-puedo-nombrar-sin-llorar\/","name":"Sol Macaluso se emociona al recordar a las dos personas que","isPartOf":{"@id":"https:\/\/experienciadevida.com.ar\/portalurbano\/#website"},"datePublished":"2022-08-21T14:22:44+00:00","dateModified":"2022-08-21T14:25:03+00:00","description":"Sol Macaluso volvi\u00f3 de Ucrania hace cuatro meses tras m\u00e1s de 60 d\u00edas cubriendo el conflicto y ahora quiere volver.\u00a0La periodista no olvida a","breadcrumb":{"@id":"https:\/\/experienciadevida.com.ar\/portalurbano\/sol-macaluso-se-emociona-al-recordar-a-las-dos-personas-que-le-marcaron-en-ucrania-no-los-puedo-nombrar-sin-llorar\/#breadcrumb"},"inLanguage":"es","potentialAction":[{"@type":"ReadAction","target":["https:\/\/experienciadevida.com.ar\/portalurbano\/sol-macaluso-se-emociona-al-recordar-a-las-dos-personas-que-le-marcaron-en-ucrania-no-los-puedo-nombrar-sin-llorar\/"]}]},{"@type":"BreadcrumbList","@id":"https:\/\/experienciadevida.com.ar\/portalurbano\/sol-macaluso-se-emociona-al-recordar-a-las-dos-personas-que-le-marcaron-en-ucrania-no-los-puedo-nombrar-sin-llorar\/#breadcrumb","itemListElement":[{"@type":"ListItem","position":1,"name":"Portada","item":"https:\/\/experienciadevida.com.ar\/portalurbano\/"},{"@type":"ListItem","position":2,"name":"Sol Macaluso se emociona al recordar a las dos personas que le marcaron en Ucrania: \u00abNo los puedo nombrar sin llorar\u00bb"}]},{"@type":"WebSite","@id":"https:\/\/experienciadevida.com.ar\/portalurbano\/#website","url":"https:\/\/experienciadevida.com.ar\/portalurbano\/","name":"","description":"","publisher":{"@id":"https:\/\/experienciadevida.com.ar\/portalurbano\/#organization"},"potentialAction":[{"@type":"SearchAction","target":{"@type":"EntryPoint","urlTemplate":"https:\/\/experienciadevida.com.ar\/portalurbano\/?s={search_term_string}"},"query-input":"required name=search_term_string"}],"inLanguage":"es"},{"@type":"Organization","@id":"https:\/\/experienciadevida.com.ar\/portalurbano\/#organization","name":"Portal Urbano","url":"https:\/\/experienciadevida.com.ar\/portalurbano\/","logo":{"@type":"ImageObject","inLanguage":"es","@id":"https:\/\/experienciadevida.com.ar\/portalurbano\/#\/schema\/logo\/image\/","url":"https:\/\/experienciadevida.com.ar\/portalurbano\/wp-content\/uploads\/2019\/09\/Logo-Original.png","contentUrl":"https:\/\/experienciadevida.com.ar\/portalurbano\/wp-content\/uploads\/2019\/09\/Logo-Original.png","width":2236,"height":1216,"caption":"Portal Urbano"},"image":{"@id":"https:\/\/experienciadevida.com.ar\/portalurbano\/#\/schema\/logo\/image\/"},"sameAs":["https:\/\/www.facebook.com\/Portal-Urbano-171542830093757\/","https:\/\/twitter.com\/portalurbanook","https:\/\/www.instagram.com\/_portalurbano\/","https:\/\/www.youtube.com\/channel\/UCXhagIfszH8KxFiOok79zbA?view_as=subscriber"]},{"@type":"Person","@id":"https:\/\/experienciadevida.com.ar\/portalurbano\/#\/schema\/person\/02dd326b1c4b056e9cc972486934a3a7","name":"admpu17wp","image":{"@type":"ImageObject","inLanguage":"es","@id":"https:\/\/experienciadevida.com.ar\/portalurbano\/#\/schema\/person\/image\/","url":"https:\/\/secure.gravatar.com\/avatar\/830d4c57adaae6630765e449a6908047?s=96&d=mm&r=g","contentUrl":"https:\/\/secure.gravatar.com\/avatar\/830d4c57adaae6630765e449a6908047?s=96&d=mm&r=g","caption":"admpu17wp"}}]}},"featured_image_urls":{"full":["https:\/\/experienciadevida.com.ar\/portalurbano\/wp-content\/uploads\/2022\/08\/sola_macaluso.jpg",857,518,false],"thumbnail":["https:\/\/experienciadevida.com.ar\/portalurbano\/wp-content\/uploads\/2022\/08\/sola_macaluso-150x150.jpg",150,150,true],"medium":["https:\/\/experienciadevida.com.ar\/portalurbano\/wp-content\/uploads\/2022\/08\/sola_macaluso-300x181.jpg",300,181,true],"medium_large":["https:\/\/experienciadevida.com.ar\/portalurbano\/wp-content\/uploads\/2022\/08\/sola_macaluso-768x464.jpg",640,387,true],"large":["https:\/\/experienciadevida.com.ar\/portalurbano\/wp-content\/uploads\/2022\/08\/sola_macaluso.jpg",640,387,false],"ug_big":["https:\/\/experienciadevida.com.ar\/portalurbano\/wp-content\/uploads\/2022\/08\/sola_macaluso-768x464.jpg",768,464,true],"1536x1536":["https:\/\/experienciadevida.com.ar\/portalurbano\/wp-content\/uploads\/2022\/08\/sola_macaluso.jpg",857,518,false],"2048x2048":["https:\/\/experienciadevida.com.ar\/portalurbano\/wp-content\/uploads\/2022\/08\/sola_macaluso.jpg",857,518,false],"newsever-slider-full":["https:\/\/experienciadevida.com.ar\/portalurbano\/wp-content\/uploads\/2022\/08\/sola_macaluso.jpg",857,518,false],"newsever-featured":["https:\/\/experienciadevida.com.ar\/portalurbano\/wp-content\/uploads\/2022\/08\/sola_macaluso.jpg",857,518,false],"newsever-medium":["https:\/\/experienciadevida.com.ar\/portalurbano\/wp-content\/uploads\/2022\/08\/sola_macaluso.jpg",720,435,false],"web-stories-poster-portrait":["https:\/\/experienciadevida.com.ar\/portalurbano\/wp-content\/uploads\/2022\/08\/sola_macaluso-640x518.jpg",640,518,true],"web-stories-publisher-logo":["https:\/\/experienciadevida.com.ar\/portalurbano\/wp-content\/uploads\/2022\/08\/sola_macaluso-96x96.jpg",96,96,true],"web-stories-thumbnail":["https:\/\/experienciadevida.com.ar\/portalurbano\/wp-content\/uploads\/2022\/08\/sola_macaluso-150x91.jpg",150,91,true]},"author_info":{"display_name":"admpu17wp","author_link":"https:\/\/experienciadevida.com.ar\/portalurbano\/author\/admpu17wp\/"},"category_info":"<a href=\"https:\/\/experienciadevida.com.ar\/portalurbano\/category\/ciudad\/\" rel=\"category tag\">Ciudad<\/a> <a href=\"https:\/\/experienciadevida.com.ar\/portalurbano\/category\/destacadas-2\/\" rel=\"category tag\">Destacadas 2<\/a>","tag_info":"Destacadas 2","comment_count":"0","amp_enabled":true,"_links":{"self":[{"href":"https:\/\/experienciadevida.com.ar\/portalurbano\/wp-json\/wp\/v2\/posts\/173800"}],"collection":[{"href":"https:\/\/experienciadevida.com.ar\/portalurbano\/wp-json\/wp\/v2\/posts"}],"about":[{"href":"https:\/\/experienciadevida.com.ar\/portalurbano\/wp-json\/wp\/v2\/types\/post"}],"author":[{"embeddable":true,"href":"https:\/\/experienciadevida.com.ar\/portalurbano\/wp-json\/wp\/v2\/users\/1"}],"replies":[{"embeddable":true,"href":"https:\/\/experienciadevida.com.ar\/portalurbano\/wp-json\/wp\/v2\/comments?post=173800"}],"version-history":[{"count":2,"href":"https:\/\/experienciadevida.com.ar\/portalurbano\/wp-json\/wp\/v2\/posts\/173800\/revisions"}],"predecessor-version":[{"id":173803,"href":"https:\/\/experienciadevida.com.ar\/portalurbano\/wp-json\/wp\/v2\/posts\/173800\/revisions\/173803"}],"wp:featuredmedia":[{"embeddable":true,"href":"https:\/\/experienciadevida.com.ar\/portalurbano\/wp-json\/wp\/v2\/media\/173801"}],"wp:attachment":[{"href":"https:\/\/experienciadevida.com.ar\/portalurbano\/wp-json\/wp\/v2\/media?parent=173800"}],"wp:term":[{"taxonomy":"category","embeddable":true,"href":"https:\/\/experienciadevida.com.ar\/portalurbano\/wp-json\/wp\/v2\/categories?post=173800"},{"taxonomy":"post_tag","embeddable":true,"href":"https:\/\/experienciadevida.com.ar\/portalurbano\/wp-json\/wp\/v2\/tags?post=173800"}],"curies":[{"name":"wp","href":"https:\/\/api.w.org\/{rel}","templated":true}]}}