{"id":173777,"date":"2022-08-20T19:39:27","date_gmt":"2022-08-20T22:39:27","guid":{"rendered":"https:\/\/experienciadevida.com.ar\/portalurbano\/?p=173777"},"modified":"2022-08-20T19:39:53","modified_gmt":"2022-08-20T22:39:53","slug":"ciclo-de-charlas-de-coopelectric-por-infancias-libres-de-grooming-y-ciberbullying","status":"publish","type":"post","link":"https:\/\/experienciadevida.com.ar\/portalurbano\/ciclo-de-charlas-de-coopelectric-por-infancias-libres-de-grooming-y-ciberbullying\/","title":{"rendered":"Ciclo de charlas de Coopelectric: &#8220;Por infancias libres de Grooming y Ciberbullying&#8221;"},"content":{"rendered":"<p>Ciclo de charlas de Coopelectric: &#8220;Por infancias libres de Grooming y Ciberbullying&#8221;, en el marco del \u201cCiclo de charlas y conferencias 2022\u201d organizado por Coopelectric con la finalidad de brindar un espacio de informaci\u00f3n,<br \/>\nreflexi\u00f3n y enriquecimiento cultural, invitamos a la comunidad a participar de la charla\/taller \u201cPor infancias libres de grooming y ciberbullying\u201d.<\/p>\n<p>La misma ser\u00e1 dictada por el fiscal Lucas Moyano a cargo de la UFI 22 especializada en ciberdelitos y tendr\u00e1 lugar el pr\u00f3ximo jueves 25 de agosto a las 19:00 hs. en el Sal\u00f3n Audit\u00f3rium de Coopelectric (Belgrano N\u00ba 2850) con entrada libre y gratuita.<\/p>\n<p>El grooming es la acci\u00f3n que ejerce un adulto al contactarse con un ni\u00f1o, ni\u00f1a o adolescente a trav\u00e9s de un medio digital (redes sociales, correo electr\u00f3nico, mensajer\u00eda instant\u00e1nea, sitios de chat, juegos online, etc.) con la intenci\u00f3n de acosarlo sexualmente.<\/p>\n<p>En Argentina el grooming es un delito penado por la ley, que puede ser la antesala a otros delitos, como por ejemplo obtener material de abuso o explotaci\u00f3n sexual contra las infancias; generar encuentros personales con las ni\u00f1as, ni\u00f1os o adolescentes con intenciones de cometer un abuso sexual f\u00edsico, comercializaci\u00f3n en redes de explotaci\u00f3n sexual contra las infancias y adolescencias. Adem\u00e1s, puede llegar a generar consecuencias psicol\u00f3gicas y f\u00edsicas, derivadas de la manipulaci\u00f3n del adulto.<\/p>\n<p>En tanto, el ciberbullying tiene lugar cuando un menor sufre amenazas, hostigamiento, humillaci\u00f3n u otro tipo de molestias realizadas por otro menor mediante la publicaci\u00f3n de textos, im\u00e1genes, videos y audios a trav\u00e9s<br \/>\nde medios electr\u00f3nicos que en muchas ocasiones se viralizan. Como consecuencia, las v\u00edctimas de ciberbullying pueden manifestar trastornos en su rendimiento escolar, cambios en su conducta como tristeza o depresi\u00f3n,<br \/>\nentre otros.<\/p>\n<p>El fiscal Lucas Moyano se explayar\u00e1 sobre ambos conceptos, brindar\u00e1 informaci\u00f3n respecto del modus operandi de los acosadores ejemplific\u00e1ndolo con casos reales, explicar\u00e1 c\u00f3mo se debe actuar ante un caso de grooming o<br \/>\nciberbullying y finalmente brindar\u00e1 recomendaciones sobre las medidas de prevenci\u00f3n que se pueden implementar.<\/p>\n","protected":false},"excerpt":{"rendered":"<p>Ciclo de charlas de Coopelectric: &#8220;Por infancias libres de Grooming y Ciberbullying&#8221;, en el marco&#8230;<\/p>\n","protected":false},"author":1,"featured_media":173778,"comment_status":"closed","ping_status":"closed","sticky":false,"template":"","format":"standard","meta":{"content-type":""},"categories":[27],"tags":[],"nelio_content":{"isAutoShareEnabled":false,"autoShareEndMode":"default","automationSources":{"useContentSentences":true,"useSocialTemplates":true,"useCustomSentences":false,"customSentences":[]},"followers":[1],"suggestedReferences":[],"includedReferences":[],"efiUrl":"","efiAlt":"","highlights":[]},"yoast_head":"<!-- This site is optimized with the Yoast SEO plugin v20.7 - https:\/\/yoast.com\/wordpress\/plugins\/seo\/ -->\n<title>Ciclo de charlas de Coopelectric: &quot;Por infancias libres de Grooming<\/title>\n<meta name=\"description\" content=\"Ciclo de charlas de Coopelectric: &quot;Por infancias libres de Grooming y Ciberbullying&quot;, en el marco del \u201cCiclo de charlas y conferencias\" \/>\n<meta name=\"robots\" content=\"index, follow, max-snippet:-1, max-image-preview:large, max-video-preview:-1\" \/>\n<link rel=\"canonical\" href=\"https:\/\/experienciadevida.com.ar\/portalurbano\/ciclo-de-charlas-de-coopelectric-por-infancias-libres-de-grooming-y-ciberbullying\/\" \/>\n<meta property=\"og:locale\" content=\"es_ES\" \/>\n<meta property=\"og:type\" content=\"article\" \/>\n<meta property=\"og:title\" content=\"Ciclo de charlas de Coopelectric: &quot;Por infancias libres de Grooming\" \/>\n<meta property=\"og:description\" content=\"Ciclo de charlas de Coopelectric: &quot;Por infancias libres de Grooming y Ciberbullying&quot;, en el marco del \u201cCiclo de charlas y conferencias\" \/>\n<meta property=\"og:url\" content=\"https:\/\/experienciadevida.com.ar\/portalurbano\/ciclo-de-charlas-de-coopelectric-por-infancias-libres-de-grooming-y-ciberbullying\/\" \/>\n<meta property=\"article:publisher\" content=\"https:\/\/www.facebook.com\/Portal-Urbano-171542830093757\/\" \/>\n<meta property=\"article:published_time\" content=\"2022-08-20T22:39:27+00:00\" \/>\n<meta property=\"article:modified_time\" content=\"2022-08-20T22:39:53+00:00\" \/>\n<meta property=\"og:image\" content=\"https:\/\/experienciadevida.com.ar\/portalurbano\/wp-content\/uploads\/2022\/08\/Ciclo-de-charlas-de.jpeg\" \/>\n\t<meta property=\"og:image:width\" content=\"832\" \/>\n\t<meta property=\"og:image:height\" content=\"1188\" \/>\n\t<meta property=\"og:image:type\" content=\"image\/jpeg\" \/>\n<meta name=\"author\" content=\"admpu17wp\" \/>\n<meta name=\"twitter:card\" content=\"summary_large_image\" \/>\n<meta name=\"twitter:creator\" content=\"@portalurbanook\" \/>\n<meta name=\"twitter:site\" content=\"@portalurbanook\" \/>\n<meta name=\"twitter:label1\" content=\"Escrito por\" \/>\n\t<meta name=\"twitter:data1\" content=\"admpu17wp\" \/>\n\t<meta name=\"twitter:label2\" content=\"Tiempo de lectura\" \/>\n\t<meta name=\"twitter:data2\" content=\"2 minutos\" \/>\n<script type=\"application\/ld+json\" class=\"yoast-schema-graph\">{\"@context\":\"https:\/\/schema.org\",\"@graph\":[{\"@type\":\"Article\",\"@id\":\"https:\/\/experienciadevida.com.ar\/portalurbano\/ciclo-de-charlas-de-coopelectric-por-infancias-libres-de-grooming-y-ciberbullying\/#article\",\"isPartOf\":{\"@id\":\"https:\/\/experienciadevida.com.ar\/portalurbano\/ciclo-de-charlas-de-coopelectric-por-infancias-libres-de-grooming-y-ciberbullying\/\"},\"author\":{\"name\":\"admpu17wp\",\"@id\":\"https:\/\/experienciadevida.com.ar\/portalurbano\/#\/schema\/person\/02dd326b1c4b056e9cc972486934a3a7\"},\"headline\":\"Ciclo de charlas de Coopelectric: &#8220;Por infancias libres de Grooming y Ciberbullying&#8221;\",\"datePublished\":\"2022-08-20T22:39:27+00:00\",\"dateModified\":\"2022-08-20T22:39:53+00:00\",\"mainEntityOfPage\":{\"@id\":\"https:\/\/experienciadevida.com.ar\/portalurbano\/ciclo-de-charlas-de-coopelectric-por-infancias-libres-de-grooming-y-ciberbullying\/\"},\"wordCount\":369,\"publisher\":{\"@id\":\"https:\/\/experienciadevida.com.ar\/portalurbano\/#organization\"},\"articleSection\":[\"Ciudad\"],\"inLanguage\":\"es\"},{\"@type\":\"WebPage\",\"@id\":\"https:\/\/experienciadevida.com.ar\/portalurbano\/ciclo-de-charlas-de-coopelectric-por-infancias-libres-de-grooming-y-ciberbullying\/\",\"url\":\"https:\/\/experienciadevida.com.ar\/portalurbano\/ciclo-de-charlas-de-coopelectric-por-infancias-libres-de-grooming-y-ciberbullying\/\",\"name\":\"Ciclo de charlas de Coopelectric: \\\"Por infancias libres de Grooming\",\"isPartOf\":{\"@id\":\"https:\/\/experienciadevida.com.ar\/portalurbano\/#website\"},\"datePublished\":\"2022-08-20T22:39:27+00:00\",\"dateModified\":\"2022-08-20T22:39:53+00:00\",\"description\":\"Ciclo de charlas de Coopelectric: \\\"Por infancias libres de Grooming y Ciberbullying\\\", en el marco del \u201cCiclo de charlas y conferencias\",\"breadcrumb\":{\"@id\":\"https:\/\/experienciadevida.com.ar\/portalurbano\/ciclo-de-charlas-de-coopelectric-por-infancias-libres-de-grooming-y-ciberbullying\/#breadcrumb\"},\"inLanguage\":\"es\",\"potentialAction\":[{\"@type\":\"ReadAction\",\"target\":[\"https:\/\/experienciadevida.com.ar\/portalurbano\/ciclo-de-charlas-de-coopelectric-por-infancias-libres-de-grooming-y-ciberbullying\/\"]}]},{\"@type\":\"BreadcrumbList\",\"@id\":\"https:\/\/experienciadevida.com.ar\/portalurbano\/ciclo-de-charlas-de-coopelectric-por-infancias-libres-de-grooming-y-ciberbullying\/#breadcrumb\",\"itemListElement\":[{\"@type\":\"ListItem\",\"position\":1,\"name\":\"Portada\",\"item\":\"https:\/\/experienciadevida.com.ar\/portalurbano\/\"},{\"@type\":\"ListItem\",\"position\":2,\"name\":\"Ciclo de charlas de Coopelectric: \u00abPor infancias libres de Grooming y Ciberbullying\u00bb\"}]},{\"@type\":\"WebSite\",\"@id\":\"https:\/\/experienciadevida.com.ar\/portalurbano\/#website\",\"url\":\"https:\/\/experienciadevida.com.ar\/portalurbano\/\",\"name\":\"\",\"description\":\"\",\"publisher\":{\"@id\":\"https:\/\/experienciadevida.com.ar\/portalurbano\/#organization\"},\"potentialAction\":[{\"@type\":\"SearchAction\",\"target\":{\"@type\":\"EntryPoint\",\"urlTemplate\":\"https:\/\/experienciadevida.com.ar\/portalurbano\/?s={search_term_string}\"},\"query-input\":\"required name=search_term_string\"}],\"inLanguage\":\"es\"},{\"@type\":\"Organization\",\"@id\":\"https:\/\/experienciadevida.com.ar\/portalurbano\/#organization\",\"name\":\"Portal Urbano\",\"url\":\"https:\/\/experienciadevida.com.ar\/portalurbano\/\",\"logo\":{\"@type\":\"ImageObject\",\"inLanguage\":\"es\",\"@id\":\"https:\/\/experienciadevida.com.ar\/portalurbano\/#\/schema\/logo\/image\/\",\"url\":\"https:\/\/experienciadevida.com.ar\/portalurbano\/wp-content\/uploads\/2019\/09\/Logo-Original.png\",\"contentUrl\":\"https:\/\/experienciadevida.com.ar\/portalurbano\/wp-content\/uploads\/2019\/09\/Logo-Original.png\",\"width\":2236,\"height\":1216,\"caption\":\"Portal Urbano\"},\"image\":{\"@id\":\"https:\/\/experienciadevida.com.ar\/portalurbano\/#\/schema\/logo\/image\/\"},\"sameAs\":[\"https:\/\/www.facebook.com\/Portal-Urbano-171542830093757\/\",\"https:\/\/twitter.com\/portalurbanook\",\"https:\/\/www.instagram.com\/_portalurbano\/\",\"https:\/\/www.youtube.com\/channel\/UCXhagIfszH8KxFiOok79zbA?view_as=subscriber\"]},{\"@type\":\"Person\",\"@id\":\"https:\/\/experienciadevida.com.ar\/portalurbano\/#\/schema\/person\/02dd326b1c4b056e9cc972486934a3a7\",\"name\":\"admpu17wp\",\"image\":{\"@type\":\"ImageObject\",\"inLanguage\":\"es\",\"@id\":\"https:\/\/experienciadevida.com.ar\/portalurbano\/#\/schema\/person\/image\/\",\"url\":\"https:\/\/secure.gravatar.com\/avatar\/830d4c57adaae6630765e449a6908047?s=96&d=mm&r=g\",\"contentUrl\":\"https:\/\/secure.gravatar.com\/avatar\/830d4c57adaae6630765e449a6908047?s=96&d=mm&r=g\",\"caption\":\"admpu17wp\"}}]}<\/script>\n<!-- \/ Yoast SEO plugin. -->","yoast_head_json":{"title":"Ciclo de charlas de Coopelectric: \"Por infancias libres de Grooming","description":"Ciclo de charlas de Coopelectric: \"Por infancias libres de Grooming y Ciberbullying\", en el marco del \u201cCiclo de charlas y conferencias","robots":{"index":"index","follow":"follow","max-snippet":"max-snippet:-1","max-image-preview":"max-image-preview:large","max-video-preview":"max-video-preview:-1"},"canonical":"https:\/\/experienciadevida.com.ar\/portalurbano\/ciclo-de-charlas-de-coopelectric-por-infancias-libres-de-grooming-y-ciberbullying\/","og_locale":"es_ES","og_type":"article","og_title":"Ciclo de charlas de Coopelectric: \"Por infancias libres de Grooming","og_description":"Ciclo de charlas de Coopelectric: \"Por infancias libres de Grooming y Ciberbullying\", en el marco del \u201cCiclo de charlas y conferencias","og_url":"https:\/\/experienciadevida.com.ar\/portalurbano\/ciclo-de-charlas-de-coopelectric-por-infancias-libres-de-grooming-y-ciberbullying\/","article_publisher":"https:\/\/www.facebook.com\/Portal-Urbano-171542830093757\/","article_published_time":"2022-08-20T22:39:27+00:00","article_modified_time":"2022-08-20T22:39:53+00:00","og_image":[{"width":832,"height":1188,"url":"https:\/\/experienciadevida.com.ar\/portalurbano\/wp-content\/uploads\/2022\/08\/Ciclo-de-charlas-de.jpeg","type":"image\/jpeg"}],"author":"admpu17wp","twitter_card":"summary_large_image","twitter_creator":"@portalurbanook","twitter_site":"@portalurbanook","twitter_misc":{"Escrito por":"admpu17wp","Tiempo de lectura":"2 minutos"},"schema":{"@context":"https:\/\/schema.org","@graph":[{"@type":"Article","@id":"https:\/\/experienciadevida.com.ar\/portalurbano\/ciclo-de-charlas-de-coopelectric-por-infancias-libres-de-grooming-y-ciberbullying\/#article","isPartOf":{"@id":"https:\/\/experienciadevida.com.ar\/portalurbano\/ciclo-de-charlas-de-coopelectric-por-infancias-libres-de-grooming-y-ciberbullying\/"},"author":{"name":"admpu17wp","@id":"https:\/\/experienciadevida.com.ar\/portalurbano\/#\/schema\/person\/02dd326b1c4b056e9cc972486934a3a7"},"headline":"Ciclo de charlas de Coopelectric: &#8220;Por infancias libres de Grooming y Ciberbullying&#8221;","datePublished":"2022-08-20T22:39:27+00:00","dateModified":"2022-08-20T22:39:53+00:00","mainEntityOfPage":{"@id":"https:\/\/experienciadevida.com.ar\/portalurbano\/ciclo-de-charlas-de-coopelectric-por-infancias-libres-de-grooming-y-ciberbullying\/"},"wordCount":369,"publisher":{"@id":"https:\/\/experienciadevida.com.ar\/portalurbano\/#organization"},"articleSection":["Ciudad"],"inLanguage":"es"},{"@type":"WebPage","@id":"https:\/\/experienciadevida.com.ar\/portalurbano\/ciclo-de-charlas-de-coopelectric-por-infancias-libres-de-grooming-y-ciberbullying\/","url":"https:\/\/experienciadevida.com.ar\/portalurbano\/ciclo-de-charlas-de-coopelectric-por-infancias-libres-de-grooming-y-ciberbullying\/","name":"Ciclo de charlas de Coopelectric: \"Por infancias libres de Grooming","isPartOf":{"@id":"https:\/\/experienciadevida.com.ar\/portalurbano\/#website"},"datePublished":"2022-08-20T22:39:27+00:00","dateModified":"2022-08-20T22:39:53+00:00","description":"Ciclo de charlas de Coopelectric: \"Por infancias libres de Grooming y Ciberbullying\", en el marco del \u201cCiclo de charlas y conferencias","breadcrumb":{"@id":"https:\/\/experienciadevida.com.ar\/portalurbano\/ciclo-de-charlas-de-coopelectric-por-infancias-libres-de-grooming-y-ciberbullying\/#breadcrumb"},"inLanguage":"es","potentialAction":[{"@type":"ReadAction","target":["https:\/\/experienciadevida.com.ar\/portalurbano\/ciclo-de-charlas-de-coopelectric-por-infancias-libres-de-grooming-y-ciberbullying\/"]}]},{"@type":"BreadcrumbList","@id":"https:\/\/experienciadevida.com.ar\/portalurbano\/ciclo-de-charlas-de-coopelectric-por-infancias-libres-de-grooming-y-ciberbullying\/#breadcrumb","itemListElement":[{"@type":"ListItem","position":1,"name":"Portada","item":"https:\/\/experienciadevida.com.ar\/portalurbano\/"},{"@type":"ListItem","position":2,"name":"Ciclo de charlas de Coopelectric: \u00abPor infancias libres de Grooming y Ciberbullying\u00bb"}]},{"@type":"WebSite","@id":"https:\/\/experienciadevida.com.ar\/portalurbano\/#website","url":"https:\/\/experienciadevida.com.ar\/portalurbano\/","name":"","description":"","publisher":{"@id":"https:\/\/experienciadevida.com.ar\/portalurbano\/#organization"},"potentialAction":[{"@type":"SearchAction","target":{"@type":"EntryPoint","urlTemplate":"https:\/\/experienciadevida.com.ar\/portalurbano\/?s={search_term_string}"},"query-input":"required name=search_term_string"}],"inLanguage":"es"},{"@type":"Organization","@id":"https:\/\/experienciadevida.com.ar\/portalurbano\/#organization","name":"Portal Urbano","url":"https:\/\/experienciadevida.com.ar\/portalurbano\/","logo":{"@type":"ImageObject","inLanguage":"es","@id":"https:\/\/experienciadevida.com.ar\/portalurbano\/#\/schema\/logo\/image\/","url":"https:\/\/experienciadevida.com.ar\/portalurbano\/wp-content\/uploads\/2019\/09\/Logo-Original.png","contentUrl":"https:\/\/experienciadevida.com.ar\/portalurbano\/wp-content\/uploads\/2019\/09\/Logo-Original.png","width":2236,"height":1216,"caption":"Portal Urbano"},"image":{"@id":"https:\/\/experienciadevida.com.ar\/portalurbano\/#\/schema\/logo\/image\/"},"sameAs":["https:\/\/www.facebook.com\/Portal-Urbano-171542830093757\/","https:\/\/twitter.com\/portalurbanook","https:\/\/www.instagram.com\/_portalurbano\/","https:\/\/www.youtube.com\/channel\/UCXhagIfszH8KxFiOok79zbA?view_as=subscriber"]},{"@type":"Person","@id":"https:\/\/experienciadevida.com.ar\/portalurbano\/#\/schema\/person\/02dd326b1c4b056e9cc972486934a3a7","name":"admpu17wp","image":{"@type":"ImageObject","inLanguage":"es","@id":"https:\/\/experienciadevida.com.ar\/portalurbano\/#\/schema\/person\/image\/","url":"https:\/\/secure.gravatar.com\/avatar\/830d4c57adaae6630765e449a6908047?s=96&d=mm&r=g","contentUrl":"https:\/\/secure.gravatar.com\/avatar\/830d4c57adaae6630765e449a6908047?s=96&d=mm&r=g","caption":"admpu17wp"}}]}},"featured_image_urls":{"full":["https:\/\/experienciadevida.com.ar\/portalurbano\/wp-content\/uploads\/2022\/08\/Ciclo-de-charlas-de.jpeg",832,1188,false],"thumbnail":["https:\/\/experienciadevida.com.ar\/portalurbano\/wp-content\/uploads\/2022\/08\/Ciclo-de-charlas-de-150x150.jpeg",150,150,true],"medium":["https:\/\/experienciadevida.com.ar\/portalurbano\/wp-content\/uploads\/2022\/08\/Ciclo-de-charlas-de-210x300.jpeg",210,300,true],"medium_large":["https:\/\/experienciadevida.com.ar\/portalurbano\/wp-content\/uploads\/2022\/08\/Ciclo-de-charlas-de-768x1097.jpeg",640,914,true],"large":["https:\/\/experienciadevida.com.ar\/portalurbano\/wp-content\/uploads\/2022\/08\/Ciclo-de-charlas-de-717x1024.jpeg",640,914,true],"ug_big":["https:\/\/experienciadevida.com.ar\/portalurbano\/wp-content\/uploads\/2022\/08\/Ciclo-de-charlas-de-538x768.jpeg",538,768,true],"1536x1536":["https:\/\/experienciadevida.com.ar\/portalurbano\/wp-content\/uploads\/2022\/08\/Ciclo-de-charlas-de.jpeg",832,1188,false],"2048x2048":["https:\/\/experienciadevida.com.ar\/portalurbano\/wp-content\/uploads\/2022\/08\/Ciclo-de-charlas-de.jpeg",832,1188,false],"newsever-slider-full":["https:\/\/experienciadevida.com.ar\/portalurbano\/wp-content\/uploads\/2022\/08\/Ciclo-de-charlas-de.jpeg",592,845,false],"newsever-featured":["https:\/\/experienciadevida.com.ar\/portalurbano\/wp-content\/uploads\/2022\/08\/Ciclo-de-charlas-de.jpeg",832,1188,false],"newsever-medium":["https:\/\/experienciadevida.com.ar\/portalurbano\/wp-content\/uploads\/2022\/08\/Ciclo-de-charlas-de.jpeg",333,475,false],"web-stories-poster-portrait":["https:\/\/experienciadevida.com.ar\/portalurbano\/wp-content\/uploads\/2022\/08\/Ciclo-de-charlas-de-640x853.jpeg",640,853,true],"web-stories-publisher-logo":["https:\/\/experienciadevida.com.ar\/portalurbano\/wp-content\/uploads\/2022\/08\/Ciclo-de-charlas-de-96x96.jpeg",96,96,true],"web-stories-thumbnail":["https:\/\/experienciadevida.com.ar\/portalurbano\/wp-content\/uploads\/2022\/08\/Ciclo-de-charlas-de-150x214.jpeg",150,214,true]},"author_info":{"display_name":"admpu17wp","author_link":"https:\/\/experienciadevida.com.ar\/portalurbano\/author\/admpu17wp\/"},"category_info":"<a href=\"https:\/\/experienciadevida.com.ar\/portalurbano\/category\/ciudad\/\" rel=\"category tag\">Ciudad<\/a>","tag_info":"Ciudad","comment_count":"0","amp_enabled":true,"_links":{"self":[{"href":"https:\/\/experienciadevida.com.ar\/portalurbano\/wp-json\/wp\/v2\/posts\/173777"}],"collection":[{"href":"https:\/\/experienciadevida.com.ar\/portalurbano\/wp-json\/wp\/v2\/posts"}],"about":[{"href":"https:\/\/experienciadevida.com.ar\/portalurbano\/wp-json\/wp\/v2\/types\/post"}],"author":[{"embeddable":true,"href":"https:\/\/experienciadevida.com.ar\/portalurbano\/wp-json\/wp\/v2\/users\/1"}],"replies":[{"embeddable":true,"href":"https:\/\/experienciadevida.com.ar\/portalurbano\/wp-json\/wp\/v2\/comments?post=173777"}],"version-history":[{"count":1,"href":"https:\/\/experienciadevida.com.ar\/portalurbano\/wp-json\/wp\/v2\/posts\/173777\/revisions"}],"predecessor-version":[{"id":173779,"href":"https:\/\/experienciadevida.com.ar\/portalurbano\/wp-json\/wp\/v2\/posts\/173777\/revisions\/173779"}],"wp:featuredmedia":[{"embeddable":true,"href":"https:\/\/experienciadevida.com.ar\/portalurbano\/wp-json\/wp\/v2\/media\/173778"}],"wp:attachment":[{"href":"https:\/\/experienciadevida.com.ar\/portalurbano\/wp-json\/wp\/v2\/media?parent=173777"}],"wp:term":[{"taxonomy":"category","embeddable":true,"href":"https:\/\/experienciadevida.com.ar\/portalurbano\/wp-json\/wp\/v2\/categories?post=173777"},{"taxonomy":"post_tag","embeddable":true,"href":"https:\/\/experienciadevida.com.ar\/portalurbano\/wp-json\/wp\/v2\/tags?post=173777"}],"curies":[{"name":"wp","href":"https:\/\/api.w.org\/{rel}","templated":true}]}}